{"id":9454,"date":"2019-07-30T07:51:13","date_gmt":"2019-07-30T07:51:13","guid":{"rendered":"https:\/\/www.welovecycling.com\/pl\/?p=9454"},"modified":"2019-07-30T07:51:13","modified_gmt":"2019-07-30T07:51:13","slug":"najwiekszy-talent-od-110-lat-egan-bernal-niesamowita-historia-na-tour-de-france","status":"publish","type":"post","link":"https:\/\/www.welovecycling.com\/pl\/2019\/07\/30\/najwiekszy-talent-od-110-lat-egan-bernal-niesamowita-historia-na-tour-de-france\/","title":{"rendered":"Najwi\u0119kszy talent od 110 lat! Egan Bernal: Niesamowita historia na Tour de France"},"content":{"rendered":"<p><strong>Urodzi\u0142 si\u0119 tak blisko nieba, i\u017c by\u0142o pewne, \u017ce wcze\u015bniej czy p\u00f3\u017aniej si\u0119gnie gwiazd. Kto jednak spodziewa\u0142 si\u0119, \u017ce stanie si\u0119 to w tempie, jakiego nie widziano od 110 lat?! Poznajcie Egana Bernala, zwyci\u0119zc\u0119 Tour de France.<\/strong><\/p>\n<p>Wielka P\u0119tla widzia\u0142a ju\u017c wiele, ale takiego talentu w peletonie nie by\u0142o od bardzo dawna. Jak dawna? By si\u0119 tego dowiedzie\u0107, trzeba wsi\u0105\u015b\u0107 w wehiku\u0142 czasu, kt\u00f3ry zabierze nas jeszcze przed I wojn\u0119 \u015bwiatow\u0105. M\u0142odsi od Bernala zawodnicy Tour de France wygrywali bowiem tylko w 1909 roku (22-letni Francois Faber) oraz 1904 (19-letni Henri Cornet) i wydawa\u0142o si\u0119, \u017ce dzi\u015b tacy kolarze ju\u017c si\u0119 nie rodz\u0105. A jednak!<\/p>\n<p>W Team Ineos nazywaj\u0105 go \u201eMessim kolarstwa\u201d. Tyle \u017ce argenty\u0144ski pi\u0142karz najwa\u017cniejszego trofeum w swojej dyscyplinie (mistrzostwa \u015bwiata) do dzi\u015b zdoby\u0107 nie mo\u017ce, a Bernal po najszlachetniejszy kolarski laur si\u0119gn\u0105\u0142 w niedziel\u0119, maj\u0105c dok\u0142adnie 22 lata i 196 dni, co da\u0142o mu r\u00f3wnie\u017c zwyci\u0119stwo w klasyfikacji m\u0142odzie\u017cowej Tour de France.<\/p>\n<p>Wygra\u0142 niespodziewanie, ale nie sensacyjnie. Cho\u0107 w przypadku takiego m\u0142odziana na usta cisn\u0105 si\u0119 wszystkie okre\u015blenia szoku i niedowierzania, to jednak Bernal ju\u017c wcze\u015bniej oznajmi\u0142 ca\u0142emu peletonowi: \u201ePanowie, ze mn\u0105 b\u0119dziecie musieli si\u0119 liczy\u0107!\u201d.<\/p>\n<p><span style=\"font-size: 18pt;\"><strong>Diament specjalnej troski<\/strong><\/span><\/p>\n<p>Takie talenty musz\u0105 rodzi\u0107 si\u0119 blisko nieba i tak te\u017c by\u0142o w przypadku Bernala. Przyszed\u0142 na \u015bwiat w okolicach Bogoty, czyli blisko 3000 m n.p.m. M.in. dlatego w wysokich g\u00f3rach czuje si\u0119 jak ryba w wodzie, czego pr\u00f3bk\u0119 da\u0142 podczas wspinaczek po Alpach.<\/p>\n<p>Jego droga do zawodowego kolarstwa a\u017c tak stroma jednak nie by\u0142a, cho\u0107 kto wie, jakby to wszystko si\u0119 u\u0142o\u017cy\u0142o, gdy nie zbieg okoliczno\u015bci\u2026<\/p>\n<p>Egan od ma\u0142ego interesowa\u0142 si\u0119 rowerami, a zaszczepi\u0142 to w nim ojciec, kt\u00f3ry r\u00f3wnie\u017c pr\u00f3bowa\u0142 si\u0142 w kolarstwie. Podczas jednego z wy\u015bcig\u00f3w dla dzieci, Bernal senior nie chcia\u0142 jednak zapisa\u0107 8-letniego syna na list\u0119 startow\u0105. Zrobi\u0142 to za niego jeden z koleg\u00f3w, do tego po\u017cyczy\u0142 m\u0142odzianowi kask i tak Egan zaliczy\u0142 pierwszy wy\u015bcig z \u017cyciu.<\/p>\n<p>Przed osi\u0105gni\u0119ciem pe\u0142noletno\u015bci ch\u0119tniej jednak je\u017adzi\u0142 na rowerze g\u00f3rskim, ale szybko po\u0142apa\u0142 si\u0119, \u017ce to w peletonie nie ma sobie r\u00f3wnych, kolekcjonuj\u0105c seryjnie pierwsze miejsca w klasyfikacjach m\u0142odzie\u017cowych.<\/p>\n<p>Gdyby jednak wtedy kto\u015b wyrysowa\u0142 mu tak b\u0142yskawiczn\u0105 karier\u0119, to nawet najwi\u0119ksi optymi\u015bci postukaliby si\u0119 w czo\u0142owo. Przecie\u017c dopiero w ubieg\u0142ym roku przeszed\u0142 do Team Sky (obecny Team Ineos) i sta\u0142 si\u0119 zawodowcem pe\u0142n\u0105 g\u0119b\u0105. W brytyjskiej ekipie szybko jednak po\u0142apali si\u0119, \u017ce ten diament nale\u017cy szlifowa\u0107 w szczeg\u00f3lny spos\u00f3b.<\/p>\n<p>Ju\u017c podczas ubieg\u0142orocznej Wielkiej P\u0119tli Kolumbijczyk zaj\u0105\u0142 \u015bwietne 15. miejsce,\u00a0 w g\u00f3rach daj\u0105c si\u0119 we znaki najlepszym specjalistom od podjazdowych m\u0119czarni. Gdy w tym roku stan\u0105\u0142 na starcie w Brukseli, nie by\u0142o ju\u017c nieopierzonym ch\u0142opcem z okolic Bogoty, ale zawodnikiem, kt\u00f3ry niedawno wygra\u0142 Pary\u017c-Nicea oraz Tour de Suiss.<\/p>\n<figure id=\"attachment_9455\" aria-describedby=\"caption-attachment-9455\" style=\"width: 1000px\" class=\"wp-caption aligncenter\"><img loading=\"lazy\" decoding=\"async\" class=\"size-full wp-image-9455\" src=\"https:\/\/d2p6e6u75xmxt8.cloudfront.net\/5\/2019\/07\/9f238.jpg\" alt=\"\" width=\"1000\" height=\"667\" srcset=\"https:\/\/d2p6e6u75xmxt8.cloudfront.net\/5\/2019\/07\/9f238.jpg 1000w, https:\/\/d2p6e6u75xmxt8.cloudfront.net\/5\/2019\/07\/9f238-300x200.jpg 300w, https:\/\/d2p6e6u75xmxt8.cloudfront.net\/5\/2019\/07\/9f238-768x512.jpg 768w, https:\/\/d2p6e6u75xmxt8.cloudfront.net\/5\/2019\/07\/9f238-272x182.jpg 272w\" sizes=\"auto, (max-width: 1000px) 100vw, 1000px\" \/><figcaption id=\"caption-attachment-9455\" class=\"wp-caption-text\">Tour de France 2019 &#8211; 15\/07\/2019 &#8211; Etape 10 : Saint-Flour \/ Albi (217,5 km) \u00a9 A.S.O.\/Thomas MAHEUX<\/figcaption><\/figure>\n<p><span style=\"font-size: 18pt;\"><strong>Sukces ca\u0142ej Kolumbii<\/strong><\/span><\/p>\n<p>W trakcie Tour de France ca\u0142y czas trzyma\u0142 si\u0119 blisko czo\u0142\u00f3wki, a gdy wi\u0119kszo\u015b\u0107 zawodnik\u00f3w mia\u0142a ju\u017c serdecznie do\u015b\u0107 \u015bcigania, w Alpach wrzuci\u0142 drugi bieg. \u2013 Ten ch\u0142opak jest niesamowity \u2013 komplementowa\u0142 m\u0142odego Kolumbijczyka Dariusz Baranowski.<\/p>\n<p>Bernal: &#8211; <em>Gdy ogl\u0105da\u0142em Tour de France w telewizji, to wydawa\u0142 mi si\u0119 wy\u015bcigiem poza moim zasi\u0119giem. Dlatego ten sukces nie nale\u017cy tylko do mnie, ale do ca\u0142ej Kolumbii. Moi rodacy wygrywali ju\u017c Giro d\u2019Italia oraz Vuelta a Espana, a ja mam wielki zaszczyt dopisa\u0107 do tego wygran\u0105 w Tour de France. Jestem ogromnie szcz\u0119\u015bliwy.<\/em><\/p>\n<style type=\"text\/css\"><!--td {border: 1px solid #ccc;}br {mso-data-placement:same-cell;}--><\/style>\n<p><span data-sheets-value=\"{&quot;1&quot;:2,&quot;2&quot;:&quot;Artyku\u0142 powsta\u0142 we wsp\u00f3\u0142pracy ze skoda-auto.pl&quot;}\" data-sheets-userformat=\"{&quot;2&quot;:1,&quot;3&quot;:{&quot;1&quot;:0}}\"><a class=\"in-cell-link\" href=\"http:\/\/www.skoda-auto.pl\/\" target=\"_blank\" rel=\"noopener\">Artyku\u0142 powsta\u0142 we wsp\u00f3\u0142pracy ze skoda-auto.pl<\/a><\/span><\/p>\n","protected":false},"excerpt":{"rendered":"<p>Urodzi\u0142 si\u0119 tak blisko nieba, i\u017c by\u0142o pewne, \u017ce wcze\u015bniej czy p\u00f3\u017aniej si\u0119gnie gwiazd. Kto jednak spodziewa\u0142 si\u0119, \u017ce stanie [&hellip;]<\/p>\n","protected":false},"author":76,"featured_media":9455,"comment_status":"open","ping_status":"open","sticky":false,"template":"","format":"standard","meta":{"footnotes":""},"categories":[300],"tags":[],"global-categories":[],"class_list":["post-9454","post","type-post","status-publish","format-standard","has-post-thumbnail","hentry","category-tour-de-france-2019"],"yoast_head":"<!-- This site is optimized with the Yoast SEO Premium plugin v25.3 (Yoast SEO v25.9) - https:\/\/yoast.com\/wordpress\/plugins\/seo\/ -->\n<title>Najwi\u0119kszy talent od 110 lat! Egan Bernal: Niesamowita historia na Tour de France - \u0160koda We Love Cycling - Poland<\/title>\n<meta name=\"robots\" content=\"index, follow, max-snippet:-1, max-image-preview:large, max-video-preview:-1\" \/>\n<link rel=\"canonical\" href=\"https:\/\/www.welovecycling.com\/pl\/2019\/07\/30\/najwiekszy-talent-od-110-lat-egan-bernal-niesamowita-historia-na-tour-de-france\/\" \/>\n<meta property=\"og:locale\" content=\"pl_PL\" \/>\n<meta property=\"og:type\" content=\"article\" \/>\n<meta property=\"og:title\" content=\"Najwi\u0119kszy talent od 110 lat! Egan Bernal: Niesamowita historia na Tour de France\" \/>\n<meta property=\"og:description\" content=\"Urodzi\u0142 si\u0119 tak blisko nieba, i\u017c by\u0142o pewne, \u017ce wcze\u015bniej czy p\u00f3\u017aniej si\u0119gnie gwiazd. Kto jednak spodziewa\u0142 si\u0119, \u017ce stanie [&hellip;]\" \/>\n<meta property=\"og:url\" content=\"https:\/\/www.welovecycling.com\/pl\/2019\/07\/30\/najwiekszy-talent-od-110-lat-egan-bernal-niesamowita-historia-na-tour-de-france\/\" \/>\n<meta property=\"og:site_name\" content=\"\u0160koda We Love Cycling - Poland\" \/>\n<meta property=\"article:published_time\" content=\"2019-07-30T07:51:13+00:00\" \/>\n<meta property=\"og:image\" content=\"https:\/\/d2p6e6u75xmxt8.cloudfront.net\/5\/2019\/07\/9f238.jpg\" \/>\n\t<meta property=\"og:image:width\" content=\"1000\" \/>\n\t<meta property=\"og:image:height\" content=\"667\" \/>\n\t<meta property=\"og:image:type\" content=\"image\/jpeg\" \/>\n<meta name=\"author\" content=\"piotrboczkowski\" \/>\n<meta name=\"twitter:card\" content=\"summary_large_image\" \/>\n<meta name=\"twitter:label1\" content=\"Written by\" \/>\n\t<meta name=\"twitter:data1\" content=\"Piotr Nowik\" \/>\n\t<meta name=\"twitter:label2\" content=\"Est. reading time\" \/>\n\t<meta name=\"twitter:data2\" content=\"3 minutes\" \/>\n<script type=\"application\/ld+json\" class=\"yoast-schema-graph\">{\"@context\":\"https:\/\/schema.org\",\"@graph\":[{\"@type\":\"WebPage\",\"@id\":\"https:\/\/www.welovecycling.com\/pl\/2019\/07\/30\/najwiekszy-talent-od-110-lat-egan-bernal-niesamowita-historia-na-tour-de-france\/\",\"url\":\"https:\/\/www.welovecycling.com\/pl\/2019\/07\/30\/najwiekszy-talent-od-110-lat-egan-bernal-niesamowita-historia-na-tour-de-france\/\",\"name\":\"Najwi\u0119kszy talent od 110 lat! Egan Bernal: Niesamowita historia na Tour de France - \u0160koda We Love Cycling - Poland\",\"isPartOf\":{\"@id\":\"https:\/\/www.welovecycling.com\/pl\/#website\"},\"primaryImageOfPage\":{\"@id\":\"https:\/\/www.welovecycling.com\/pl\/2019\/07\/30\/najwiekszy-talent-od-110-lat-egan-bernal-niesamowita-historia-na-tour-de-france\/#primaryimage\"},\"image\":{\"@id\":\"https:\/\/www.welovecycling.com\/pl\/2019\/07\/30\/najwiekszy-talent-od-110-lat-egan-bernal-niesamowita-historia-na-tour-de-france\/#primaryimage\"},\"thumbnailUrl\":\"https:\/\/d2p6e6u75xmxt8.cloudfront.net\/5\/2019\/07\/9f238.jpg\",\"datePublished\":\"2019-07-30T07:51:13+00:00\",\"author\":{\"@id\":\"https:\/\/www.welovecycling.com\/pl\/#\/schema\/person\/0dba2d39da943db9df3fd8f4687e7f23\"},\"breadcrumb\":{\"@id\":\"https:\/\/www.welovecycling.com\/pl\/2019\/07\/30\/najwiekszy-talent-od-110-lat-egan-bernal-niesamowita-historia-na-tour-de-france\/#breadcrumb\"},\"inLanguage\":\"pl-PL\",\"potentialAction\":[{\"@type\":\"ReadAction\",\"target\":[\"https:\/\/www.welovecycling.com\/pl\/2019\/07\/30\/najwiekszy-talent-od-110-lat-egan-bernal-niesamowita-historia-na-tour-de-france\/\"]}]},{\"@type\":\"ImageObject\",\"inLanguage\":\"pl-PL\",\"@id\":\"https:\/\/www.welovecycling.com\/pl\/2019\/07\/30\/najwiekszy-talent-od-110-lat-egan-bernal-niesamowita-historia-na-tour-de-france\/#primaryimage\",\"url\":\"https:\/\/d2p6e6u75xmxt8.cloudfront.net\/5\/2019\/07\/9f238.jpg\",\"contentUrl\":\"https:\/\/d2p6e6u75xmxt8.cloudfront.net\/5\/2019\/07\/9f238.jpg\",\"width\":1000,\"height\":667,\"caption\":\"Tour de France 2019 - 15\/07\/2019 - Etape 10 : Saint-Flour \/ Albi (217,5 km) \u00a9 A.S.O.\/Thomas MAHEUX\"},{\"@type\":\"BreadcrumbList\",\"@id\":\"https:\/\/www.welovecycling.com\/pl\/2019\/07\/30\/najwiekszy-talent-od-110-lat-egan-bernal-niesamowita-historia-na-tour-de-france\/#breadcrumb\",\"itemListElement\":[{\"@type\":\"ListItem\",\"position\":1,\"name\":\"Home\",\"item\":\"https:\/\/www.welovecycling.com\/pl\/\"},{\"@type\":\"ListItem\",\"position\":2,\"name\":\"Najwi\u0119kszy talent od 110 lat! Egan Bernal: Niesamowita historia na Tour de France\"}]},{\"@type\":\"WebSite\",\"@id\":\"https:\/\/www.welovecycling.com\/pl\/#website\",\"url\":\"https:\/\/www.welovecycling.com\/pl\/\",\"name\":\"\u0160koda We Love Cycling - Poland\",\"description\":\"\",\"potentialAction\":[{\"@type\":\"SearchAction\",\"target\":{\"@type\":\"EntryPoint\",\"urlTemplate\":\"https:\/\/www.welovecycling.com\/pl\/?s={search_term_string}\"},\"query-input\":{\"@type\":\"PropertyValueSpecification\",\"valueRequired\":true,\"valueName\":\"search_term_string\"}}],\"inLanguage\":\"pl-PL\"},{\"@type\":\"Person\",\"@id\":\"https:\/\/www.welovecycling.com\/pl\/#\/schema\/person\/0dba2d39da943db9df3fd8f4687e7f23\",\"name\":\"piotrboczkowski\",\"image\":{\"@type\":\"ImageObject\",\"inLanguage\":\"pl-PL\",\"@id\":\"https:\/\/www.welovecycling.com\/pl\/#\/schema\/person\/image\/\",\"url\":\"https:\/\/secure.gravatar.com\/avatar\/533caccae14752e03a2ce2d3fd62d1b98b93e1393c3195c27819e53344ca1ace?s=96&d=mm&r=g\",\"contentUrl\":\"https:\/\/secure.gravatar.com\/avatar\/533caccae14752e03a2ce2d3fd62d1b98b93e1393c3195c27819e53344ca1ace?s=96&d=mm&r=g\",\"caption\":\"piotrboczkowski\"},\"url\":\"https:\/\/www.welovecycling.com\/pl\/author\/piotrboczkowski\/\"}]}<\/script>\n<!-- \/ Yoast SEO Premium plugin. -->","yoast_head_json":{"title":"Najwi\u0119kszy talent od 110 lat! Egan Bernal: Niesamowita historia na Tour de France - \u0160koda We Love Cycling - Poland","robots":{"index":"index","follow":"follow","max-snippet":"max-snippet:-1","max-image-preview":"max-image-preview:large","max-video-preview":"max-video-preview:-1"},"canonical":"https:\/\/www.welovecycling.com\/pl\/2019\/07\/30\/najwiekszy-talent-od-110-lat-egan-bernal-niesamowita-historia-na-tour-de-france\/","og_locale":"pl_PL","og_type":"article","og_title":"Najwi\u0119kszy talent od 110 lat! Egan Bernal: Niesamowita historia na Tour de France","og_description":"Urodzi\u0142 si\u0119 tak blisko nieba, i\u017c by\u0142o pewne, \u017ce wcze\u015bniej czy p\u00f3\u017aniej si\u0119gnie gwiazd. Kto jednak spodziewa\u0142 si\u0119, \u017ce stanie [&hellip;]","og_url":"https:\/\/www.welovecycling.com\/pl\/2019\/07\/30\/najwiekszy-talent-od-110-lat-egan-bernal-niesamowita-historia-na-tour-de-france\/","og_site_name":"\u0160koda We Love Cycling - Poland","article_published_time":"2019-07-30T07:51:13+00:00","og_image":[{"width":1000,"height":667,"url":"https:\/\/d2p6e6u75xmxt8.cloudfront.net\/5\/2019\/07\/9f238.jpg","type":"image\/jpeg"}],"author":"piotrboczkowski","twitter_card":"summary_large_image","twitter_misc":{"Written by":"Piotr Nowik","Est. reading time":"3 minutes"},"schema":{"@context":"https:\/\/schema.org","@graph":[{"@type":"WebPage","@id":"https:\/\/www.welovecycling.com\/pl\/2019\/07\/30\/najwiekszy-talent-od-110-lat-egan-bernal-niesamowita-historia-na-tour-de-france\/","url":"https:\/\/www.welovecycling.com\/pl\/2019\/07\/30\/najwiekszy-talent-od-110-lat-egan-bernal-niesamowita-historia-na-tour-de-france\/","name":"Najwi\u0119kszy talent od 110 lat! Egan Bernal: Niesamowita historia na Tour de France - \u0160koda We Love Cycling - Poland","isPartOf":{"@id":"https:\/\/www.welovecycling.com\/pl\/#website"},"primaryImageOfPage":{"@id":"https:\/\/www.welovecycling.com\/pl\/2019\/07\/30\/najwiekszy-talent-od-110-lat-egan-bernal-niesamowita-historia-na-tour-de-france\/#primaryimage"},"image":{"@id":"https:\/\/www.welovecycling.com\/pl\/2019\/07\/30\/najwiekszy-talent-od-110-lat-egan-bernal-niesamowita-historia-na-tour-de-france\/#primaryimage"},"thumbnailUrl":"https:\/\/d2p6e6u75xmxt8.cloudfront.net\/5\/2019\/07\/9f238.jpg","datePublished":"2019-07-30T07:51:13+00:00","author":{"@id":"https:\/\/www.welovecycling.com\/pl\/#\/schema\/person\/0dba2d39da943db9df3fd8f4687e7f23"},"breadcrumb":{"@id":"https:\/\/www.welovecycling.com\/pl\/2019\/07\/30\/najwiekszy-talent-od-110-lat-egan-bernal-niesamowita-historia-na-tour-de-france\/#breadcrumb"},"inLanguage":"pl-PL","potentialAction":[{"@type":"ReadAction","target":["https:\/\/www.welovecycling.com\/pl\/2019\/07\/30\/najwiekszy-talent-od-110-lat-egan-bernal-niesamowita-historia-na-tour-de-france\/"]}]},{"@type":"ImageObject","inLanguage":"pl-PL","@id":"https:\/\/www.welovecycling.com\/pl\/2019\/07\/30\/najwiekszy-talent-od-110-lat-egan-bernal-niesamowita-historia-na-tour-de-france\/#primaryimage","url":"https:\/\/d2p6e6u75xmxt8.cloudfront.net\/5\/2019\/07\/9f238.jpg","contentUrl":"https:\/\/d2p6e6u75xmxt8.cloudfront.net\/5\/2019\/07\/9f238.jpg","width":1000,"height":667,"caption":"Tour de France 2019 - 15\/07\/2019 - Etape 10 : Saint-Flour \/ Albi (217,5 km) \u00a9 A.S.O.\/Thomas MAHEUX"},{"@type":"BreadcrumbList","@id":"https:\/\/www.welovecycling.com\/pl\/2019\/07\/30\/najwiekszy-talent-od-110-lat-egan-bernal-niesamowita-historia-na-tour-de-france\/#breadcrumb","itemListElement":[{"@type":"ListItem","position":1,"name":"Home","item":"https:\/\/www.welovecycling.com\/pl\/"},{"@type":"ListItem","position":2,"name":"Najwi\u0119kszy talent od 110 lat! Egan Bernal: Niesamowita historia na Tour de France"}]},{"@type":"WebSite","@id":"https:\/\/www.welovecycling.com\/pl\/#website","url":"https:\/\/www.welovecycling.com\/pl\/","name":"\u0160koda We Love Cycling - Poland","description":"","potentialAction":[{"@type":"SearchAction","target":{"@type":"EntryPoint","urlTemplate":"https:\/\/www.welovecycling.com\/pl\/?s={search_term_string}"},"query-input":{"@type":"PropertyValueSpecification","valueRequired":true,"valueName":"search_term_string"}}],"inLanguage":"pl-PL"},{"@type":"Person","@id":"https:\/\/www.welovecycling.com\/pl\/#\/schema\/person\/0dba2d39da943db9df3fd8f4687e7f23","name":"piotrboczkowski","image":{"@type":"ImageObject","inLanguage":"pl-PL","@id":"https:\/\/www.welovecycling.com\/pl\/#\/schema\/person\/image\/","url":"https:\/\/secure.gravatar.com\/avatar\/533caccae14752e03a2ce2d3fd62d1b98b93e1393c3195c27819e53344ca1ace?s=96&d=mm&r=g","contentUrl":"https:\/\/secure.gravatar.com\/avatar\/533caccae14752e03a2ce2d3fd62d1b98b93e1393c3195c27819e53344ca1ace?s=96&d=mm&r=g","caption":"piotrboczkowski"},"url":"https:\/\/www.welovecycling.com\/pl\/author\/piotrboczkowski\/"}]}},"_links":{"self":[{"href":"https:\/\/www.welovecycling.com\/pl\/wp-json\/wp\/v2\/posts\/9454","targetHints":{"allow":["GET"]}}],"collection":[{"href":"https:\/\/www.welovecycling.com\/pl\/wp-json\/wp\/v2\/posts"}],"about":[{"href":"https:\/\/www.welovecycling.com\/pl\/wp-json\/wp\/v2\/types\/post"}],"author":[{"embeddable":true,"href":"https:\/\/www.welovecycling.com\/pl\/wp-json\/wp\/v2\/users\/76"}],"replies":[{"embeddable":true,"href":"https:\/\/www.welovecycling.com\/pl\/wp-json\/wp\/v2\/comments?post=9454"}],"version-history":[{"count":1,"href":"https:\/\/www.welovecycling.com\/pl\/wp-json\/wp\/v2\/posts\/9454\/revisions"}],"predecessor-version":[{"id":9456,"href":"https:\/\/www.welovecycling.com\/pl\/wp-json\/wp\/v2\/posts\/9454\/revisions\/9456"}],"wp:featuredmedia":[{"embeddable":true,"href":"https:\/\/www.welovecycling.com\/pl\/wp-json\/wp\/v2\/media\/9455"}],"wp:attachment":[{"href":"https:\/\/www.welovecycling.com\/pl\/wp-json\/wp\/v2\/media?parent=9454"}],"wp:term":[{"taxonomy":"category","embeddable":true,"href":"https:\/\/www.welovecycling.com\/pl\/wp-json\/wp\/v2\/categories?post=9454"},{"taxonomy":"post_tag","embeddable":true,"href":"https:\/\/www.welovecycling.com\/pl\/wp-json\/wp\/v2\/tags?post=9454"},{"taxonomy":"global-categories","embeddable":true,"href":"https:\/\/www.welovecycling.com\/pl\/wp-json\/wp\/v2\/global-categories?post=9454"}],"curies":[{"name":"wp","href":"https:\/\/api.w.org\/{rel}","templated":true}]}}