{"id":9440,"date":"2019-07-29T07:15:10","date_gmt":"2019-07-29T07:15:10","guid":{"rendered":"https:\/\/www.welovecycling.com\/pl\/?p=9440"},"modified":"2019-07-29T19:28:49","modified_gmt":"2019-07-29T19:28:49","slug":"piekny-koniec-pieknego-wyscigu-egan-bernal-zwyciezca-tour-de-france","status":"publish","type":"post","link":"https:\/\/www.welovecycling.com\/pl\/2019\/07\/29\/piekny-koniec-pieknego-wyscigu-egan-bernal-zwyciezca-tour-de-france\/","title":{"rendered":"Pi\u0119kny koniec pi\u0119knego wy\u015bcigu! Egan Bernal zwyci\u0119zc\u0105 Tour de France!"},"content":{"rendered":"<p><strong>W niedzielnym wiecz\u00f3r po Polach Elizejskich rozni\u00f3s\u0142 si\u0119 kolumbijski hymn, a tysi\u0105ce kolumbijskich dom\u00f3w wype\u0142ni\u0142o si\u0119 dum\u0105. 22-letni Egan Bernal (Team Ineos) przeszed\u0142 do historii, wygrywaj\u0105c 106. Tour de France!<\/strong><\/p>\n<p>To by\u0142y pi\u0119kne trzy tygodnie. Pe\u0142ne zwrot\u00f3w akcji, dramat\u00f3w i morderczej walki. Po sp\u0119dzeniu blisko 83 godzin na rowerze i przejechaniu 3500 kilometr\u00f3w, Egan Bernal wygra\u0142 Wielk\u0105 P\u0119tl\u0119 jako pierwszy Kolumbijczyk w historii!<br \/>\n<span style=\"font-size:18pt;\"><strong>Najszcz\u0119\u015bliwszy facet na \u015bwiecie<\/strong><\/span><\/p>\n<p>&#8211; Dzi\u0119kuj\u0119 ca\u0142emu zespo\u0142owi. Geraintowi Thomasowi za pomoc, a ca\u0142ej ekipie za wsparcie. Dzi\u015b jestem najszcz\u0119\u015bliwszym facetem na \u015bwiecie, cho\u0107 wci\u0105\u017c nie mog\u0119 uwierzy\u0107 w to, \u017ce wygra\u0142em. Vive la France, Vive Columbia \u2013 wykrzycza\u0142 Bernal z podium, a po odebraniu pucharu nie wytrzyma\u0142 i z jego oczu pop\u0142yn\u0119\u0142y \u0142zy.<\/p>\n<p>&#8211; Egan od pocz\u0105tku sezonu jest we wspania\u0142ej formie. To wielki talent, a tak\u017ce wspania\u0142y i skromny cz\u0142owiek, kt\u00f3ry jeszcze wiele osi\u0105gnie \u2013 podkre\u015bla\u0142 przed kamerami Eurosportu Micha\u0142 Kwiatkowski, kolega Bernala z Team Ineos.<\/p>\n<p>Cz\u0142onkowie brytyjskiej ekipy zwyci\u0119stwo \u015bwi\u0119towali ju\u017c na pocz\u0105tku niedzielnego etapu. Dumnie ustawili si\u0119 w szyku i z kieliszkami szampana asystowali swojemu liderowi, kt\u00f3ry kilka godzin p\u00f3\u017aniej pod Wie\u017c\u0105 Eiffla odbiera\u0142 najwy\u017csze honory (zdoby\u0142 r\u00f3wnie\u017c bia\u0142\u0105 koszulk\u0119 dla najlepszego m\u0142odzie\u017cowca)<\/p>\n<div class=\"embed-controller-wrapper\">\n<blockquote class=\"twitter-tweet\" data-width=\"500\" data-dnt=\"true\">\n<p lang=\"fr\" dir=\"ltr\">\ud83e\udd42 Champagne for @TeamINEOS ! &#8230; And <a href=\"https:\/\/twitter.com\/petosagan?ref_src=twsrc%5Etfw\">@petosagan<\/a>! \ud83d\ude04<\/p>\n<p>\ud83e\udd42 Champagne pour l&#39;\u00e9quipe Ineos ! &#8230; Et Peter Sagan ! \ud83d\ude04 <a href=\"https:\/\/t.co\/itkJ2j3iJ5\">pic.twitter.com\/itkJ2j3iJ5<\/a><\/p>\n<p>&mdash; Tour de France\u2122 (@LeTour) <a href=\"https:\/\/twitter.com\/LeTour\/status\/1155515020379402240?ref_src=twsrc%5Etfw\">July 28, 2019<\/a><\/p><\/blockquote>\n<p><script async data-src=\"https:\/\/platform.twitter.com\/widgets.js\" charset=\"utf-8\"><\/script><\/div>\n<p>Szcz\u0119\u015bliwy na Polach Elizejskich by\u0142 tak\u017ce Caleb Ewan. Zawodnik Lotto Soudal w niedziel\u0119 mocno walczy\u0142 i po \u015bwietnym sprincie wygra\u0142 21. etap. Na ostatniej rundzie zaatakowa\u0142 te\u017c Greg Van Avermaet z CCC Team, ale jego ofensywa z g\u00f3ry skazana by\u0142a na pora\u017ck\u0119.<\/p>\n<p>Z kolei dla Ewana to \u015bwietny wynik, bo podczas debiutu na Tour de France zgarn\u0105\u0142 a\u017c trzy etapy!<\/p>\n<div class=\"embed-controller-wrapper\">\n<blockquote class=\"twitter-tweet\" data-width=\"500\" data-dnt=\"true\">\n<p lang=\"fr\" dir=\"ltr\">\u23ee\ufe0f Relive the final kilometre of the 21st stage and the last stage of the <a href=\"https:\/\/twitter.com\/hashtag\/TDF2019?src=hash&amp;ref_src=twsrc%5Etfw\">#TDF2019<\/a>, with <a href=\"https:\/\/twitter.com\/CalebEwan?ref_src=twsrc%5Etfw\">@CalebEwan<\/a>&#39;s stage victory. \ud83d\udc51<br \/>\u23ee\ufe0f Revivez le dernier kilom\u00e8tre de cette 21\u00e8me et derni\u00e8re \u00e9tape du <a href=\"https:\/\/twitter.com\/hashtag\/TDF2019?src=hash&amp;ref_src=twsrc%5Etfw\">#TDF2019<\/a>, avec la victoire au sprint de Caleb Ewan. \ud83d\udc51 <a href=\"https:\/\/t.co\/qAk1jBePaZ\">pic.twitter.com\/qAk1jBePaZ<\/a><\/p>\n<p>&mdash; Tour de France\u2122 (@LeTour) <a href=\"https:\/\/twitter.com\/LeTour\/status\/1155565821437067272?ref_src=twsrc%5Etfw\">July 28, 2019<\/a><\/p><\/blockquote>\n<p><script async data-src=\"https:\/\/platform.twitter.com\/widgets.js\" charset=\"utf-8\"><\/script><\/div>\n<p>Chwile chwa\u0142y na Polach Elizejskich mieli r\u00f3wnie\u017c Peter Sagan (zwyci\u0119zca klasyfikacji punktowej sponsorowanej przez \u0160KOD\u0118), Romain Bardet (zwyci\u0119zca klasyfikacji g\u00f3rskiej) oraz Julian Alaphilippe, kt\u00f3ry zosta\u0142 wybrany najaktywniejszym zawodnikiem wy\u015bcigu.<br \/>\n<span style=\"font-size:18pt;\"><strong>G\u0119sia sk\u00f3rka<\/strong><\/span><\/p>\n<p>Dalsze miejsca w klasyfikacji generalnej zaj\u0119li Polacy. Micha\u0142 Kwiatkowski Tour de France zako\u0144czy\u0142 na 83. pozycji, cho\u0107 cz\u0119\u015b\u0107 kibic\u00f3w spodziewa\u0142a si\u0119 po nim wi\u0119kszej aktywno\u015bci.<\/p>\n<p>&#8211; Micha\u0142 Jest bardzo ambitny i zawsze wsz\u0119dzie jest go pe\u0142no: wozi bidony, bawi si\u0119 w mechanika, rozprowadza koleg\u00f3w\u2026 To wszystko kosztuje du\u017co si\u0142 i mo\u017ce w\u0142a\u015bnie dlatego nie by\u0142 a\u017c tak widoczny w ostatnim tygodniu. Najwa\u017cniejsze jest to, \u017ce pom\u00f3g\u0142 dru\u017cynie wygra\u0107 wy\u015bcig \u2013 ocenia\u0142 w Eurosporcie by\u0142y kolarz Bartosz Huzarski.<\/p>\n<p>Kwiatkowski: &#8211; Ka\u017cdy Tour de France jest inny. To wspania\u0142e uczucie zn\u00f3w wje\u017cd\u017ca\u0107 na Pola Elizejskie i czu\u0107 t\u0105 g\u0119si\u0105 sk\u00f3rk\u0119. Ka\u017cdy z nas do upad\u0142ego walczy\u0142 o cenne sekundy, ale w sumie dobrze, \u017ce jest ju\u017c po wszystkim.<br \/>\n<span style=\"font-size:18pt;\"><strong>Delikaty niedosyt CCC<\/strong><\/span><\/p>\n<p>Debiut na Wielkiej P\u0119tli zaliczy\u0142a r\u00f3wnie\u017c polska dru\u017cyna CCC. Jej zawodnicy starali si\u0119 i szarpali, a lider Greg Van Avermaet przez chwil\u0119 by\u0142 r\u00f3wnie\u017c liderem klasyfikacji g\u00f3rskiej oraz zaj\u0105\u0142 trzecie miejsce na 17. etapie. Spe\u0142nieniem marze\u0144 by\u0142oby jednak zwyci\u0119stwo etapowe.<\/p>\n<p>&#8211; Dla naszego zespo\u0142u wy\u015bcig by\u0142 bardzo udany. Mamy delikatny niedosyt, ale cieszymy si\u0119 z tego, co osi\u0105gn\u0119li\u015bmy. Czuj\u0119 lekkie wzruszenie i rado\u015b\u0107, \u017ce znalaz\u0142em si\u0119 tutaj po trzech tygodniach morderczej walki \u2013 m\u00f3wi\u0142 na Polach Elizejskich \u0141ukasz Wi\u015bniowski, drugi i ostatni Polak na tegorocznym Tour de France.<br \/>\n<span style=\"font-size:18pt;\"><strong>\u015awietny wy\u015bcig<\/strong><\/span><\/p>\n<ol start=\"106\">\n<li>Wielka P\u0119tla przechodzi do historii jako jedna z najlepszych i najbardziej emocjonuj\u0105cych w ostatnich latach. Kibice zapami\u0119taj\u0105 pi\u0119kn\u0105 walk\u0119 Juliana Alaphillipe\u2019a, dramat Thibauta Pinot, niezawodno\u015b\u0107 i si\u00f3dm\u0105 (!) zielon\u0105 koszulk\u0119 Petera Sagana, a tak\u017ce niesamowite wyrachowanie i skuteczno\u015b\u0107 Team Ineos ze zwyci\u0119zc\u0105 Bernalem na czele.<\/li>\n<\/ol>\n<p>&#8211; To wielkie prze\u017cycie widzie\u0107 rado\u015b\u0107 wszystkich cz\u0142onk\u00f3w ekip na Polach Elizejskich, kt\u00f3rzy ciesz\u0105 i wzajemnie sobie gratuluj\u0105 To by\u0142 \u015bwietny wy\u015bcig \u2013 podsumowa\u0142 Huzarski 106. Wielk\u0105 P\u0119tl\u0119 i nie pozostaje nic innego, jak tylko si\u0119 z nim zgodzi\u0107. Szkoda tylko, \u017ce na kolejne Tour de France b\u0119dziemy musieli czeka\u0107 blisko rok.<\/p>\n<div class=\"embed-controller-wrapper\">\n<blockquote class=\"twitter-tweet\" data-width=\"500\" data-dnt=\"true\">\n<p lang=\"fr\" dir=\"ltr\"><a href=\"https:\/\/twitter.com\/hashtag\/TDF2019?src=hash&amp;ref_src=twsrc%5Etfw\">#TDF2019<\/a> Podiums<\/p>\n<p>\ud83c\udfc6 The winner of the 2019 Tour de France: Egan Bernal! \ud83c\udde8\ud83c\uddf4<br \/>\ud83c\udfc6 Le vainqueur du Tour de France 2019 : <a href=\"https:\/\/twitter.com\/Eganbernal?ref_src=twsrc%5Etfw\">@Eganbernal<\/a> \ud83c\udde8\ud83c\uddf4 <a href=\"https:\/\/t.co\/LLtDrsBGGR\">pic.twitter.com\/LLtDrsBGGR<\/a><\/p>\n<p>&mdash; Tour de France\u2122 (@LeTour) <a href=\"https:\/\/twitter.com\/LeTour\/status\/1155571339668971520?ref_src=twsrc%5Etfw\">July 28, 2019<\/a><\/p><\/blockquote>\n<p><script async data-src=\"https:\/\/platform.twitter.com\/widgets.js\" charset=\"utf-8\"><\/script><\/div>\n<p><strong>Klasyfikacja generalna po 21. etapie Tour de France:<\/strong><\/p>\n<ol>\n<li>Eegan Bernal (Team Ineos) 82.57:00<\/li>\n<li>Geraint Thomas (Team Ineos) +01:11<\/li>\n<li>Steven Kruijswijk (Team Jumbo &#8211; Visma) +01:31<\/li>\n<li>Emanuel Buchmann (Bora \u2013 hansgrohe) +1:56<\/li>\n<li>Julian Alaphilippe (Deceuninck &#8211; Quick \u2013 Step) +4:05<\/li>\n<li>Mikel Landa (Movistar Team) +4:23<\/li>\n<li>Rigoberto Uran (Ef Education First) +5:15<\/li>\n<li>Nairo Quintana (Movistar Team) +5:30<\/li>\n<li>Alejandro Valverde (Movistar Team) +06:12<\/li>\n<li>Warren Barguil (Team Arkea \u2013 Samsic) +7:32<\/li>\n<\/ol>\n<p>_________________________<\/p>\n<p>83. Micha\u0142 Kwiatkowski (Team Sky) +2.46:14<br \/>\n127. \u0141ukasz Wi\u015bniowski (CCC Team) +3.46:34<\/p>\n<hr>\n<figure id=\"attachment_9444\" aria-describedby=\"caption-attachment-9444\" style=\"width: 1536px\" class=\"wp-caption aligncenter\"><img loading=\"lazy\" decoding=\"async\" class=\"size-full wp-image-9444\" src=\"https:\/\/d2p6e6u75xmxt8.cloudfront.net\/5\/2019\/07\/59b66.jpg\" alt=\"\" width=\"1536\" height=\"530\" srcset=\"https:\/\/d2p6e6u75xmxt8.cloudfront.net\/5\/2019\/07\/59b66.jpg 1536w, https:\/\/d2p6e6u75xmxt8.cloudfront.net\/5\/2019\/07\/59b66-300x104.jpg 300w, https:\/\/d2p6e6u75xmxt8.cloudfront.net\/5\/2019\/07\/59b66-768x265.jpg 768w, https:\/\/d2p6e6u75xmxt8.cloudfront.net\/5\/2019\/07\/59b66-1024x353.jpg 1024w\" sizes=\"auto, (max-width: 1536px) 100vw, 1536px\" \/><figcaption id=\"caption-attachment-9444\" class=\"wp-caption-text\">Tour de France 2019 &#8211; 28\/07\/2019 &#8211; Etape 21 &#8211; Rambouillet \/ Paris Champs-Elys\u00e9es (128 km) &#8211; Peter SAGAN (BORA &#8211; HANSGROHE), Egan BERNAL (TEAM INEOS) et Romain BARDET (AG2R LA MONDIALE) \u00a9 A.S.O.\/Thomas MAHEUX<\/figcaption><\/figure>\n<style type=\"text\/css\">\n<p><!--td {border: 1px solid #ccc;}br {mso-data-placement:same-cell;}--><\/p>\n<\/style>\n<p><span data-sheets-value=\"{\" 1\":2,\"2\":\"artyku\u0142 powsta\u0142 we wsp\u00f3\u0142pracy ze skoda-auto.pl\"}\" data-sheets-userformat=\"{\" 2\":1,\"3\":{\"1\":0}}\"><a class=\"in-cell-link\" href=\"http:\/\/www.skoda-auto.pl\/\" target=\"_blank\" rel=\"noopener\">Artyku\u0142 powsta\u0142 we wsp\u00f3\u0142pracy ze skoda-auto.pl<\/a><\/span><\/p>\n","protected":false},"excerpt":{"rendered":"<p>W niedzielnym wiecz\u00f3r po Polach Elizejskich rozni\u00f3s\u0142 si\u0119 kolumbijski hymn, a tysi\u0105ce kolumbijskich dom\u00f3w wype\u0142ni\u0142o si\u0119 dum\u0105. 22-letni Egan Bernal [&hellip;]<\/p>\n","protected":false},"author":76,"featured_media":9444,"comment_status":"open","ping_status":"open","sticky":false,"template":"","format":"standard","meta":{"footnotes":""},"categories":[300],"tags":[],"global-categories":[],"class_list":["post-9440","post","type-post","status-publish","format-standard","has-post-thumbnail","hentry","category-tour-de-france-2019"],"yoast_head":"<!-- This site is optimized with the Yoast SEO Premium plugin v25.3 (Yoast SEO v25.9) - https:\/\/yoast.com\/wordpress\/plugins\/seo\/ -->\n<title>Pi\u0119kny koniec pi\u0119knego wy\u015bcigu! Egan Bernal zwyci\u0119zc\u0105 Tour de France! - \u0160koda We Love Cycling - Poland<\/title>\n<meta name=\"robots\" content=\"index, follow, max-snippet:-1, max-image-preview:large, max-video-preview:-1\" \/>\n<link rel=\"canonical\" href=\"https:\/\/www.welovecycling.com\/pl\/2019\/07\/29\/piekny-koniec-pieknego-wyscigu-egan-bernal-zwyciezca-tour-de-france\/\" \/>\n<meta property=\"og:locale\" content=\"pl_PL\" \/>\n<meta property=\"og:type\" content=\"article\" \/>\n<meta property=\"og:title\" content=\"Pi\u0119kny koniec pi\u0119knego wy\u015bcigu! Egan Bernal zwyci\u0119zc\u0105 Tour de France!\" \/>\n<meta property=\"og:description\" content=\"W niedzielnym wiecz\u00f3r po Polach Elizejskich rozni\u00f3s\u0142 si\u0119 kolumbijski hymn, a tysi\u0105ce kolumbijskich dom\u00f3w wype\u0142ni\u0142o si\u0119 dum\u0105. 22-letni Egan Bernal [&hellip;]\" \/>\n<meta property=\"og:url\" content=\"https:\/\/www.welovecycling.com\/pl\/2019\/07\/29\/piekny-koniec-pieknego-wyscigu-egan-bernal-zwyciezca-tour-de-france\/\" \/>\n<meta property=\"og:site_name\" content=\"\u0160koda We Love Cycling - Poland\" \/>\n<meta property=\"article:published_time\" content=\"2019-07-29T07:15:10+00:00\" \/>\n<meta property=\"article:modified_time\" content=\"2019-07-29T19:28:49+00:00\" \/>\n<meta property=\"og:image\" content=\"https:\/\/d2p6e6u75xmxt8.cloudfront.net\/5\/2019\/07\/59b66.jpg\" \/>\n\t<meta property=\"og:image:width\" content=\"1536\" \/>\n\t<meta property=\"og:image:height\" content=\"530\" \/>\n\t<meta property=\"og:image:type\" content=\"image\/jpeg\" \/>\n<meta name=\"author\" content=\"piotrboczkowski\" \/>\n<meta name=\"twitter:card\" content=\"summary_large_image\" \/>\n<meta name=\"twitter:label1\" content=\"Written by\" \/>\n\t<meta name=\"twitter:data1\" content=\"Piotr Nowik\" \/>\n\t<meta name=\"twitter:label2\" content=\"Est. reading time\" \/>\n\t<meta name=\"twitter:data2\" content=\"5\" \/>\n<script type=\"application\/ld+json\" class=\"yoast-schema-graph\">{\"@context\":\"https:\/\/schema.org\",\"@graph\":[{\"@type\":\"WebPage\",\"@id\":\"https:\/\/www.welovecycling.com\/pl\/2019\/07\/29\/piekny-koniec-pieknego-wyscigu-egan-bernal-zwyciezca-tour-de-france\/\",\"url\":\"https:\/\/www.welovecycling.com\/pl\/2019\/07\/29\/piekny-koniec-pieknego-wyscigu-egan-bernal-zwyciezca-tour-de-france\/\",\"name\":\"Pi\u0119kny koniec pi\u0119knego wy\u015bcigu! Egan Bernal zwyci\u0119zc\u0105 Tour de France! - \u0160koda We Love Cycling - Poland\",\"isPartOf\":{\"@id\":\"https:\/\/www.welovecycling.com\/pl\/#website\"},\"primaryImageOfPage\":{\"@id\":\"https:\/\/www.welovecycling.com\/pl\/2019\/07\/29\/piekny-koniec-pieknego-wyscigu-egan-bernal-zwyciezca-tour-de-france\/#primaryimage\"},\"image\":{\"@id\":\"https:\/\/www.welovecycling.com\/pl\/2019\/07\/29\/piekny-koniec-pieknego-wyscigu-egan-bernal-zwyciezca-tour-de-france\/#primaryimage\"},\"thumbnailUrl\":\"https:\/\/d2p6e6u75xmxt8.cloudfront.net\/5\/2019\/07\/59b66.jpg\",\"datePublished\":\"2019-07-29T07:15:10+00:00\",\"dateModified\":\"2019-07-29T19:28:49+00:00\",\"author\":{\"@id\":\"https:\/\/www.welovecycling.com\/pl\/#\/schema\/person\/0dba2d39da943db9df3fd8f4687e7f23\"},\"breadcrumb\":{\"@id\":\"https:\/\/www.welovecycling.com\/pl\/2019\/07\/29\/piekny-koniec-pieknego-wyscigu-egan-bernal-zwyciezca-tour-de-france\/#breadcrumb\"},\"inLanguage\":\"pl-PL\",\"potentialAction\":[{\"@type\":\"ReadAction\",\"target\":[\"https:\/\/www.welovecycling.com\/pl\/2019\/07\/29\/piekny-koniec-pieknego-wyscigu-egan-bernal-zwyciezca-tour-de-france\/\"]}]},{\"@type\":\"ImageObject\",\"inLanguage\":\"pl-PL\",\"@id\":\"https:\/\/www.welovecycling.com\/pl\/2019\/07\/29\/piekny-koniec-pieknego-wyscigu-egan-bernal-zwyciezca-tour-de-france\/#primaryimage\",\"url\":\"https:\/\/d2p6e6u75xmxt8.cloudfront.net\/5\/2019\/07\/59b66.jpg\",\"contentUrl\":\"https:\/\/d2p6e6u75xmxt8.cloudfront.net\/5\/2019\/07\/59b66.jpg\",\"width\":1536,\"height\":530,\"caption\":\"Tour de France 2019 - 28\/07\/2019 - Etape 21 - Rambouillet \/ Paris Champs-Elys\u00e9es (128 km) - Peter SAGAN (BORA - HANSGROHE), Egan BERNAL (TEAM INEOS) et Romain BARDET (AG2R LA MONDIALE) \u00a9 A.S.O.\/Thomas MAHEUX\"},{\"@type\":\"BreadcrumbList\",\"@id\":\"https:\/\/www.welovecycling.com\/pl\/2019\/07\/29\/piekny-koniec-pieknego-wyscigu-egan-bernal-zwyciezca-tour-de-france\/#breadcrumb\",\"itemListElement\":[{\"@type\":\"ListItem\",\"position\":1,\"name\":\"Home\",\"item\":\"https:\/\/www.welovecycling.com\/pl\/\"},{\"@type\":\"ListItem\",\"position\":2,\"name\":\"Pi\u0119kny koniec pi\u0119knego wy\u015bcigu! Egan Bernal zwyci\u0119zc\u0105 Tour de France!\"}]},{\"@type\":\"WebSite\",\"@id\":\"https:\/\/www.welovecycling.com\/pl\/#website\",\"url\":\"https:\/\/www.welovecycling.com\/pl\/\",\"name\":\"\u0160koda We Love Cycling - Poland\",\"description\":\"\",\"potentialAction\":[{\"@type\":\"SearchAction\",\"target\":{\"@type\":\"EntryPoint\",\"urlTemplate\":\"https:\/\/www.welovecycling.com\/pl\/?s={search_term_string}\"},\"query-input\":{\"@type\":\"PropertyValueSpecification\",\"valueRequired\":true,\"valueName\":\"search_term_string\"}}],\"inLanguage\":\"pl-PL\"},{\"@type\":\"Person\",\"@id\":\"https:\/\/www.welovecycling.com\/pl\/#\/schema\/person\/0dba2d39da943db9df3fd8f4687e7f23\",\"name\":\"piotrboczkowski\",\"image\":{\"@type\":\"ImageObject\",\"inLanguage\":\"pl-PL\",\"@id\":\"https:\/\/www.welovecycling.com\/pl\/#\/schema\/person\/image\/\",\"url\":\"https:\/\/secure.gravatar.com\/avatar\/533caccae14752e03a2ce2d3fd62d1b98b93e1393c3195c27819e53344ca1ace?s=96&d=mm&r=g\",\"contentUrl\":\"https:\/\/secure.gravatar.com\/avatar\/533caccae14752e03a2ce2d3fd62d1b98b93e1393c3195c27819e53344ca1ace?s=96&d=mm&r=g\",\"caption\":\"piotrboczkowski\"},\"url\":\"https:\/\/www.welovecycling.com\/pl\/author\/piotrboczkowski\/\"}]}<\/script>\n<!-- \/ Yoast SEO Premium plugin. -->","yoast_head_json":{"title":"Pi\u0119kny koniec pi\u0119knego wy\u015bcigu! Egan Bernal zwyci\u0119zc\u0105 Tour de France! - \u0160koda We Love Cycling - Poland","robots":{"index":"index","follow":"follow","max-snippet":"max-snippet:-1","max-image-preview":"max-image-preview:large","max-video-preview":"max-video-preview:-1"},"canonical":"https:\/\/www.welovecycling.com\/pl\/2019\/07\/29\/piekny-koniec-pieknego-wyscigu-egan-bernal-zwyciezca-tour-de-france\/","og_locale":"pl_PL","og_type":"article","og_title":"Pi\u0119kny koniec pi\u0119knego wy\u015bcigu! Egan Bernal zwyci\u0119zc\u0105 Tour de France!","og_description":"W niedzielnym wiecz\u00f3r po Polach Elizejskich rozni\u00f3s\u0142 si\u0119 kolumbijski hymn, a tysi\u0105ce kolumbijskich dom\u00f3w wype\u0142ni\u0142o si\u0119 dum\u0105. 22-letni Egan Bernal [&hellip;]","og_url":"https:\/\/www.welovecycling.com\/pl\/2019\/07\/29\/piekny-koniec-pieknego-wyscigu-egan-bernal-zwyciezca-tour-de-france\/","og_site_name":"\u0160koda We Love Cycling - Poland","article_published_time":"2019-07-29T07:15:10+00:00","article_modified_time":"2019-07-29T19:28:49+00:00","og_image":[{"width":1536,"height":530,"url":"https:\/\/d2p6e6u75xmxt8.cloudfront.net\/5\/2019\/07\/59b66.jpg","type":"image\/jpeg"}],"author":"piotrboczkowski","twitter_card":"summary_large_image","twitter_misc":{"Written by":"Piotr Nowik","Est. reading time":"5"},"schema":{"@context":"https:\/\/schema.org","@graph":[{"@type":"WebPage","@id":"https:\/\/www.welovecycling.com\/pl\/2019\/07\/29\/piekny-koniec-pieknego-wyscigu-egan-bernal-zwyciezca-tour-de-france\/","url":"https:\/\/www.welovecycling.com\/pl\/2019\/07\/29\/piekny-koniec-pieknego-wyscigu-egan-bernal-zwyciezca-tour-de-france\/","name":"Pi\u0119kny koniec pi\u0119knego wy\u015bcigu! Egan Bernal zwyci\u0119zc\u0105 Tour de France! - \u0160koda We Love Cycling - Poland","isPartOf":{"@id":"https:\/\/www.welovecycling.com\/pl\/#website"},"primaryImageOfPage":{"@id":"https:\/\/www.welovecycling.com\/pl\/2019\/07\/29\/piekny-koniec-pieknego-wyscigu-egan-bernal-zwyciezca-tour-de-france\/#primaryimage"},"image":{"@id":"https:\/\/www.welovecycling.com\/pl\/2019\/07\/29\/piekny-koniec-pieknego-wyscigu-egan-bernal-zwyciezca-tour-de-france\/#primaryimage"},"thumbnailUrl":"https:\/\/d2p6e6u75xmxt8.cloudfront.net\/5\/2019\/07\/59b66.jpg","datePublished":"2019-07-29T07:15:10+00:00","dateModified":"2019-07-29T19:28:49+00:00","author":{"@id":"https:\/\/www.welovecycling.com\/pl\/#\/schema\/person\/0dba2d39da943db9df3fd8f4687e7f23"},"breadcrumb":{"@id":"https:\/\/www.welovecycling.com\/pl\/2019\/07\/29\/piekny-koniec-pieknego-wyscigu-egan-bernal-zwyciezca-tour-de-france\/#breadcrumb"},"inLanguage":"pl-PL","potentialAction":[{"@type":"ReadAction","target":["https:\/\/www.welovecycling.com\/pl\/2019\/07\/29\/piekny-koniec-pieknego-wyscigu-egan-bernal-zwyciezca-tour-de-france\/"]}]},{"@type":"ImageObject","inLanguage":"pl-PL","@id":"https:\/\/www.welovecycling.com\/pl\/2019\/07\/29\/piekny-koniec-pieknego-wyscigu-egan-bernal-zwyciezca-tour-de-france\/#primaryimage","url":"https:\/\/d2p6e6u75xmxt8.cloudfront.net\/5\/2019\/07\/59b66.jpg","contentUrl":"https:\/\/d2p6e6u75xmxt8.cloudfront.net\/5\/2019\/07\/59b66.jpg","width":1536,"height":530,"caption":"Tour de France 2019 - 28\/07\/2019 - Etape 21 - Rambouillet \/ Paris Champs-Elys\u00e9es (128 km) - Peter SAGAN (BORA - HANSGROHE), Egan BERNAL (TEAM INEOS) et Romain BARDET (AG2R LA MONDIALE) \u00a9 A.S.O.\/Thomas MAHEUX"},{"@type":"BreadcrumbList","@id":"https:\/\/www.welovecycling.com\/pl\/2019\/07\/29\/piekny-koniec-pieknego-wyscigu-egan-bernal-zwyciezca-tour-de-france\/#breadcrumb","itemListElement":[{"@type":"ListItem","position":1,"name":"Home","item":"https:\/\/www.welovecycling.com\/pl\/"},{"@type":"ListItem","position":2,"name":"Pi\u0119kny koniec pi\u0119knego wy\u015bcigu! Egan Bernal zwyci\u0119zc\u0105 Tour de France!"}]},{"@type":"WebSite","@id":"https:\/\/www.welovecycling.com\/pl\/#website","url":"https:\/\/www.welovecycling.com\/pl\/","name":"\u0160koda We Love Cycling - Poland","description":"","potentialAction":[{"@type":"SearchAction","target":{"@type":"EntryPoint","urlTemplate":"https:\/\/www.welovecycling.com\/pl\/?s={search_term_string}"},"query-input":{"@type":"PropertyValueSpecification","valueRequired":true,"valueName":"search_term_string"}}],"inLanguage":"pl-PL"},{"@type":"Person","@id":"https:\/\/www.welovecycling.com\/pl\/#\/schema\/person\/0dba2d39da943db9df3fd8f4687e7f23","name":"piotrboczkowski","image":{"@type":"ImageObject","inLanguage":"pl-PL","@id":"https:\/\/www.welovecycling.com\/pl\/#\/schema\/person\/image\/","url":"https:\/\/secure.gravatar.com\/avatar\/533caccae14752e03a2ce2d3fd62d1b98b93e1393c3195c27819e53344ca1ace?s=96&d=mm&r=g","contentUrl":"https:\/\/secure.gravatar.com\/avatar\/533caccae14752e03a2ce2d3fd62d1b98b93e1393c3195c27819e53344ca1ace?s=96&d=mm&r=g","caption":"piotrboczkowski"},"url":"https:\/\/www.welovecycling.com\/pl\/author\/piotrboczkowski\/"}]}},"_links":{"self":[{"href":"https:\/\/www.welovecycling.com\/pl\/wp-json\/wp\/v2\/posts\/9440","targetHints":{"allow":["GET"]}}],"collection":[{"href":"https:\/\/www.welovecycling.com\/pl\/wp-json\/wp\/v2\/posts"}],"about":[{"href":"https:\/\/www.welovecycling.com\/pl\/wp-json\/wp\/v2\/types\/post"}],"author":[{"embeddable":true,"href":"https:\/\/www.welovecycling.com\/pl\/wp-json\/wp\/v2\/users\/76"}],"replies":[{"embeddable":true,"href":"https:\/\/www.welovecycling.com\/pl\/wp-json\/wp\/v2\/comments?post=9440"}],"version-history":[{"count":2,"href":"https:\/\/www.welovecycling.com\/pl\/wp-json\/wp\/v2\/posts\/9440\/revisions"}],"predecessor-version":[{"id":9453,"href":"https:\/\/www.welovecycling.com\/pl\/wp-json\/wp\/v2\/posts\/9440\/revisions\/9453"}],"wp:featuredmedia":[{"embeddable":true,"href":"https:\/\/www.welovecycling.com\/pl\/wp-json\/wp\/v2\/media\/9444"}],"wp:attachment":[{"href":"https:\/\/www.welovecycling.com\/pl\/wp-json\/wp\/v2\/media?parent=9440"}],"wp:term":[{"taxonomy":"category","embeddable":true,"href":"https:\/\/www.welovecycling.com\/pl\/wp-json\/wp\/v2\/categories?post=9440"},{"taxonomy":"post_tag","embeddable":true,"href":"https:\/\/www.welovecycling.com\/pl\/wp-json\/wp\/v2\/tags?post=9440"},{"taxonomy":"global-categories","embeddable":true,"href":"https:\/\/www.welovecycling.com\/pl\/wp-json\/wp\/v2\/global-categories?post=9440"}],"curies":[{"name":"wp","href":"https:\/\/api.w.org\/{rel}","templated":true}]}}