{"id":9432,"date":"2019-07-28T07:45:39","date_gmt":"2019-07-28T07:45:39","guid":{"rendered":"https:\/\/www.welovecycling.com\/pl\/?p=9432"},"modified":"2019-07-28T07:46:56","modified_gmt":"2019-07-28T07:46:56","slug":"rzeka-szampana-z-paryza-az-do-kolumbii-egan-bernal-krok-od-wygrania-tour-de-france","status":"publish","type":"post","link":"https:\/\/www.welovecycling.com\/pl\/2019\/07\/28\/rzeka-szampana-z-paryza-az-do-kolumbii-egan-bernal-krok-od-wygrania-tour-de-france\/","title":{"rendered":"Rzeka szampana z Pary\u017ca a\u017c do Kolumbii! Egan Bernal krok od wygrania Tour de France"},"content":{"rendered":"<p><strong>Bernal! Bernal! Bernal!!! 22-letni kolarz Team Ineos rozpracowa\u0142 rywali jak stary wyjadacz i dzi\u015b sprawi, \u017ce ca\u0142a Kolumbia oszaleje. W niedziel\u0119 ostatnie tegoroczne emocje na Tour de France \u2013 etap przyja\u017ani w Pary\u017cu.<\/strong><\/p>\n<p>&#8211; To wszystko jeszcze do mnie nie dociera. Musz\u0119 ju\u017c tylko dojecha\u0107 do mety na Polach Elizejskich i wygram sw\u00f3j pierwszy Tour de France \u2013 m\u00f3wi\u0142 na mecie szcz\u0119\u015bliwy Bernal, kt\u00f3ry b\u0119dzie te\u017c pierwszym kolumbijskim triumfatorem w historii Wielkiej P\u0119tli.<\/p>\n<p><span style=\"font-size: 18pt;\"><strong>Pokaz si\u0142y Team Ineos<\/strong><\/span><\/p>\n<p>Na sobotnim, piekielnie trudnym etapie, Bernal zn\u00f3w nie szar\u017cowa\u0142, tylko z czujno\u015bci\u0105 wa\u017cki pilnowa\u0142 zawodnik\u00f3w, kt\u00f3rzy mogliby mu pokrzy\u017cowa\u0107 szyki w klasyfikacji generalnej. Ca\u0142y sztab obserwowa\u0142 dla niego poczynania rywali, a Geriant Thomas wiernie towarzyszy\u0142 przez niemal ca\u0142y wy\u015bcig. W Team Ineos role bowiem odwr\u00f3ci\u0142y si\u0119 niemal tak jak przed rokiem.<\/p>\n<p>Wtedy liderem mia\u0142 by\u0107 Christopher Froome, ale w trakcie wy\u015bcigu palm\u0119 pierwsze\u0144stwa musia\u0142 odda\u0107 silniejszemu Thomasowi. Teraz to na Thomasa mia\u0142 pracowa\u0107 ca\u0142y zesp\u00f3\u0142, jednak w Alpach okaza\u0142o si\u0119, \u017ce Bernal jest mocniejszy i Walijczyk musia\u0142 pogodzi\u0107 si\u0119 z rol\u0105 kolarza numer 2.<\/p>\n<p>W \u015brodku Thomasa buzowa\u0142a pewnie sportowa z\u0142o\u015b\u0107, ale na mecie obaj kolarze zaprezentowali obrazek, kt\u00f3ry przejdzie do historii Tour de France<\/p>\n<div class=\"embed-controller-wrapper\">\n<blockquote class=\"twitter-tweet\" data-width=\"500\" data-dnt=\"true\">\n<p lang=\"en\" dir=\"ltr\">A big pat on the back for <a href=\"https:\/\/twitter.com\/Eganbernal?ref_src=twsrc%5Etfw\">@Eganbernal<\/a>, you&#39;ve earned it! \ud83d\udc9b<\/p>\n<p>Un grand bravo \u00e0 Egan Bernal, le sacre d&#39;un champion ! \ud83d\udc9b<a href=\"https:\/\/twitter.com\/hashtag\/TDF2019?src=hash&amp;ref_src=twsrc%5Etfw\">#TDF2019<\/a> <a href=\"https:\/\/t.co\/ujinAbG3TM\">pic.twitter.com\/ujinAbG3TM<\/a><\/p>\n<p>&mdash; Tour de France\u2122 (@LeTour) <a href=\"https:\/\/twitter.com\/LeTour\/status\/1155130480464977925?ref_src=twsrc%5Etfw\">July 27, 2019<\/a><\/p><\/blockquote>\n<p><script async data-src=\"https:\/\/platform.twitter.com\/widgets.js\" charset=\"utf-8\"><\/script><\/div>\n<p>&#8211; To by\u0142o niesamowite uczucie, gdy r\u00f3wno z Eganem przeci\u0119li\u015bmy lini\u0119 mety. Dali\u015bmy pokaz si\u0142y naszego zespo\u0142u \u2013 przyzna\u0142 na mecie Thomas, kt\u00f3ry serdecznie pogratulowa\u0142 swojemu koledze pierwszego miejsca, a sam awansowa\u0142 na drugie.<\/p>\n<p><span style=\"font-size: 18pt;\"><strong>Kr\u0119ci\u0142 ostatkami si\u0142<\/strong><\/span><\/p>\n<p>&#8211; Bernal pokaza\u0142, \u017ce jest w \u015bwietnej formie, nie mia\u0142 s\u0142abych stron. W pierwszym tygodniu nie\u00a0 zanotowa\u0142 wielkich strat, a w g\u00f3rach by\u0142 zdecydowanie najlepszy \u2013 chwali\u0142 Kolumbijczyka Vincenzo Nibali.<\/p>\n<p>To w\u0142a\u015bnie \u201eRekin z Mesyny\u201d wygra\u0142 sobotni etap z podjazdem na Val Thorens i zrobi\u0142 to w wielkim stylu. Niemal od pocz\u0105tku trzyma\u0142 si\u0119 w czo\u0142\u00f3wce, a zaatakowa\u0142 13 km przed met\u0105, gdy przed kolarzami by\u0142a ju\u017c tylko wspinaczka.<\/p>\n<p>W\u0142och jecha\u0142 bardzo dzielnie, cho\u0107 grymas b\u00f3lu na jego twarzy m\u00f3g\u0142 wskazywa\u0107, \u017ce zaraz odpu\u015bci i nie wytrzyma tempa do samego szczytu.<\/p>\n<p>&#8211; Ale\u017c on teraz musi czu\u0107 palenie w nogach. Wida\u0107, \u017ce kr\u0119ci ostatkiem si\u0142. Pr\u00f3bowa\u0142 wygra\u0107 ju\u017c na kilku innych etapach i w ko\u0144cu da\u0142 rad\u0119. Tak zm\u0119czonego go jeszcze nie widzia\u0142em\u2026 Pi\u0119kne zwyci\u0119stwo! \u2013 zachwyca\u0142 si\u0119 Dariusz Baranowski, komentator Eurosportu.<\/p>\n<div class=\"embed-controller-wrapper\">\n<blockquote class=\"twitter-tweet\" data-width=\"500\" data-dnt=\"true\">\n<p lang=\"en\" dir=\"ltr\">The victory of the \u201cSqualo di Messina\u201c\ud83e\udd88<br \/>Le triomphe du Requin de Messine \ud83e\udd88<a href=\"https:\/\/twitter.com\/vincenzonibali?ref_src=twsrc%5Etfw\">@vincenzonibali<\/a> \ud83e\udd47<a href=\"https:\/\/twitter.com\/hashtag\/TDF2019?src=hash&amp;ref_src=twsrc%5Etfw\">#TDF2019<\/a> <a href=\"https:\/\/t.co\/eL1MLoxLOP\">pic.twitter.com\/eL1MLoxLOP<\/a><\/p>\n<p>&mdash; Tour de France\u2122 (@LeTour) <a href=\"https:\/\/twitter.com\/LeTour\/status\/1155126006845464576?ref_src=twsrc%5Etfw\">July 27, 2019<\/a><\/p><\/blockquote>\n<p><script async data-src=\"https:\/\/platform.twitter.com\/widgets.js\" charset=\"utf-8\"><\/script><\/div>\n<p><span style=\"font-size: 18pt;\"><strong>Wojownik nie da\u0142 rady<\/strong><\/span><\/p>\n<p>Drog\u0119 z nieba do kolarskiego piek\u0142a przeby\u0142 Julian Alaphilippe. Jeszcze dwa dni temu dumnie nosi\u0142 \u017c\u00f3\u0142t\u0105 koszulk\u0119 lidera i dawa\u0142 Francuzom nadziej\u0119 na pierwsze zwyci\u0119stwo w Wielkiej P\u0119tli od 34 lat, ale w Alpach m\u0119czy\u0142 si\u0119 potwornie.<\/p>\n<p>Tysi\u0105ce kibic\u00f3w na trasie dodawa\u0142o mu otuchy i dzi\u0119kowa\u0142o za trzy tygodnie pi\u0119knych emocji, ale kolarz Deceuninck &#8211; Quick \u2013 Step ju\u017c tylko si\u0142\u0105 woli kr\u0119ci\u0142 w stron\u0119 mety.<\/p>\n<p>&#8211; Brawa dla niego, to prawdziwy wojownik \u2013 podkre\u015bla\u0142 Baranowski, ale dla Alaphilippe\u2019a to niewielkie pocieszenie, bo w klasyfikacji generalnej spad\u0142 na pi\u0105te miejsce.<\/p>\n<div class=\"embed-controller-wrapper\">\n<blockquote class=\"twitter-tweet\" data-width=\"500\" data-dnt=\"true\">\n<p lang=\"en\" dir=\"ltr\">\u270c <a href=\"https:\/\/twitter.com\/vincenzonibali?ref_src=twsrc%5Etfw\">@vincenzonibali<\/a>, a champion&#39;s pride, \ud83c\uddee\ud83c\uddf9 <br \/>\ud83d\udc9b <a href=\"https:\/\/twitter.com\/Eganbernal?ref_src=twsrc%5Etfw\">@Eganbernal<\/a>, the triumphant youth. \ud83c\udde8\ud83c\uddf4<\/p>\n<p>\ud83c\udfac Tune in for Stage 20 of the <a href=\"https:\/\/twitter.com\/hashtag\/TDF2019?src=hash&amp;ref_src=twsrc%5Etfw\">#TDF2019<\/a> summarized in 1&#39;. Enjoy! <a href=\"https:\/\/t.co\/7SmSDXSBcD\">pic.twitter.com\/7SmSDXSBcD<\/a><\/p>\n<p>&mdash; Tour de France\u2122 (@LeTour) <a href=\"https:\/\/twitter.com\/LeTour\/status\/1155148325865295877?ref_src=twsrc%5Etfw\">July 27, 2019<\/a><\/p><\/blockquote>\n<p><script async data-src=\"https:\/\/platform.twitter.com\/widgets.js\" charset=\"utf-8\"><\/script><\/div>\n<p><span style=\"font-size: 18pt;\"><strong>Niech poleje si\u0119 szampan!<\/strong><\/span><\/p>\n<p>Dzi\u015b przed zawodnikami kolarski karnawa\u0142, czyli etap przyja\u017ani. 128-kilometrowa trasa z Rambouillet na Pola Elizejskiej b\u0119dzie uczt\u0105 dla sprinter\u00f3w, ale \u2013 zgodnie z tradycj\u0105 \u2013 w czo\u0142\u00f3wce ju\u017c nic nie powinno si\u0119 zmieni\u0107.<\/p>\n<p>\u017b\u00f3\u0142t\u0105 koszulk\u0119 do Kolumbii zawiezie Bernal, zwyci\u0119zc\u0105 klasyfikacji g\u00f3rskiej zostanie Romain Bardet z AG2R La Mondiale, a punktowej (sponsorowanej przez \u0160KOD\u0118) Peter Sagan z Bora-hansgrohe.<\/p>\n<figure id=\"attachment_9437\" aria-describedby=\"caption-attachment-9437\" style=\"width: 1000px\" class=\"wp-caption aligncenter\"><img loading=\"lazy\" decoding=\"async\" class=\"size-full wp-image-9437\" src=\"https:\/\/d2p6e6u75xmxt8.cloudfront.net\/5\/2019\/07\/a6b0f.jpg\" alt=\"\" width=\"1000\" height=\"666\" srcset=\"https:\/\/d2p6e6u75xmxt8.cloudfront.net\/5\/2019\/07\/a6b0f.jpg 1000w, https:\/\/d2p6e6u75xmxt8.cloudfront.net\/5\/2019\/07\/a6b0f-300x200.jpg 300w, https:\/\/d2p6e6u75xmxt8.cloudfront.net\/5\/2019\/07\/a6b0f-768x511.jpg 768w, https:\/\/d2p6e6u75xmxt8.cloudfront.net\/5\/2019\/07\/a6b0f-272x182.jpg 272w\" sizes=\"auto, (max-width: 1000px) 100vw, 1000px\" \/><figcaption id=\"caption-attachment-9437\" class=\"wp-caption-text\">Tour de France 2019 &#8211; 27\/07\/2019 &#8211; Etape 20 &#8211; Albertville \/ Val Thorens (59,5 km) &#8211; Egan BERNAL (TEAM INEOS) \u00a9 A.S.O.\/Alex BROADWAY<\/figcaption><\/figure>\n<p>Zapraszamy na kolarski deser pi\u0119knej kolarskiej uczty. Start etapu przyja\u017ani dzi\u015b o godzinie 17:55, relacja w Eurosporcie.<\/p>\n<p>Niech poleje si\u0119 szampan!<\/p>\n<p>&nbsp;<\/p>\n<p><strong>Klasyfikacja generalna po 20. etapie Tour de France:<\/strong><\/p>\n<ol>\n<li>Eegan Bernal (Team Ineos) 79.52:52<\/li>\n<li>Geraint Thomas (Team Ineos) +01:11<\/li>\n<li>Steven Kruijswijk (Team Jumbo &#8211; Visma) +01:31<\/li>\n<li>Emanuel Buchmann (Bora \u2013 hansgrohe) +1:56<\/li>\n<li>Julian Alaphilippe (Deceuninck &#8211; Quick \u2013 Step) +3:45<\/li>\n<li>Mikel Landa (Movistar Team) +4:23<\/li>\n<li>Rigoberto Uran (Ef Education First) +5:15<\/li>\n<li>Nairo Quintana (Movistar Team) +5:30<\/li>\n<li>Alejandro Valverde (Movistar Team) +06:12<\/li>\n<li>Warren Barguil (Team Arkea \u2013 Samsic) +7:32<\/li>\n<\/ol>\n<hr \/>\n<p>82. Micha\u0142 Kwiatkowski (Team Sky) +2.43:44<br \/>\n127. \u0141ukasz Wi\u015bniowski (CCC Team) +3.46:05<\/p>\n<style type=\"text\/css\"><!--td {border: 1px solid #ccc;}br {mso-data-placement:same-cell;}--><\/style>\n<p><span data-sheets-value=\"{&quot;1&quot;:2,&quot;2&quot;:&quot;Artyku\u0142 powsta\u0142 we wsp\u00f3\u0142pracy ze skoda-auto.pl&quot;}\" data-sheets-userformat=\"{&quot;2&quot;:1,&quot;3&quot;:{&quot;1&quot;:0}}\"><a class=\"in-cell-link\" href=\"http:\/\/www.skoda-auto.pl\/\" target=\"_blank\" rel=\"noopener\">Artyku\u0142 powsta\u0142 we wsp\u00f3\u0142pracy ze skoda-auto.pl<\/a><\/span><\/p>\n","protected":false},"excerpt":{"rendered":"<p>Bernal! Bernal! Bernal!!! 22-letni kolarz Team Ineos rozpracowa\u0142 rywali jak stary wyjadacz i dzi\u015b sprawi, \u017ce ca\u0142a Kolumbia oszaleje. W [&hellip;]<\/p>\n","protected":false},"author":76,"featured_media":9437,"comment_status":"open","ping_status":"open","sticky":false,"template":"","format":"standard","meta":{"footnotes":""},"categories":[300],"tags":[],"global-categories":[],"class_list":["post-9432","post","type-post","status-publish","format-standard","has-post-thumbnail","hentry","category-tour-de-france-2019"],"yoast_head":"<!-- This site is optimized with the Yoast SEO Premium plugin v25.3 (Yoast SEO v25.9) - https:\/\/yoast.com\/wordpress\/plugins\/seo\/ -->\n<title>Rzeka szampana z Pary\u017ca a\u017c do Kolumbii! Egan Bernal krok od wygrania Tour de France - \u0160koda We Love Cycling - Poland<\/title>\n<meta name=\"robots\" content=\"index, follow, max-snippet:-1, max-image-preview:large, max-video-preview:-1\" \/>\n<link rel=\"canonical\" href=\"https:\/\/www.welovecycling.com\/pl\/2019\/07\/28\/rzeka-szampana-z-paryza-az-do-kolumbii-egan-bernal-krok-od-wygrania-tour-de-france\/\" \/>\n<meta property=\"og:locale\" content=\"pl_PL\" \/>\n<meta property=\"og:type\" content=\"article\" \/>\n<meta property=\"og:title\" content=\"Rzeka szampana z Pary\u017ca a\u017c do Kolumbii! Egan Bernal krok od wygrania Tour de France\" \/>\n<meta property=\"og:description\" content=\"Bernal! Bernal! Bernal!!! 22-letni kolarz Team Ineos rozpracowa\u0142 rywali jak stary wyjadacz i dzi\u015b sprawi, \u017ce ca\u0142a Kolumbia oszaleje. W [&hellip;]\" \/>\n<meta property=\"og:url\" content=\"https:\/\/www.welovecycling.com\/pl\/2019\/07\/28\/rzeka-szampana-z-paryza-az-do-kolumbii-egan-bernal-krok-od-wygrania-tour-de-france\/\" \/>\n<meta property=\"og:site_name\" content=\"\u0160koda We Love Cycling - Poland\" \/>\n<meta property=\"article:published_time\" content=\"2019-07-28T07:45:39+00:00\" \/>\n<meta property=\"article:modified_time\" content=\"2019-07-28T07:46:56+00:00\" \/>\n<meta property=\"og:image\" content=\"https:\/\/d2p6e6u75xmxt8.cloudfront.net\/5\/2019\/07\/a6b0f.jpg\" \/>\n\t<meta property=\"og:image:width\" content=\"1000\" \/>\n\t<meta property=\"og:image:height\" content=\"666\" \/>\n\t<meta property=\"og:image:type\" content=\"image\/jpeg\" \/>\n<meta name=\"author\" content=\"piotrboczkowski\" \/>\n<meta name=\"twitter:card\" content=\"summary_large_image\" \/>\n<meta name=\"twitter:label1\" content=\"Written by\" \/>\n\t<meta name=\"twitter:data1\" content=\"Piotr Nowik\" \/>\n\t<meta name=\"twitter:label2\" content=\"Est. reading time\" \/>\n\t<meta name=\"twitter:data2\" content=\"4 minutes\" \/>\n<script type=\"application\/ld+json\" class=\"yoast-schema-graph\">{\"@context\":\"https:\/\/schema.org\",\"@graph\":[{\"@type\":\"WebPage\",\"@id\":\"https:\/\/www.welovecycling.com\/pl\/2019\/07\/28\/rzeka-szampana-z-paryza-az-do-kolumbii-egan-bernal-krok-od-wygrania-tour-de-france\/\",\"url\":\"https:\/\/www.welovecycling.com\/pl\/2019\/07\/28\/rzeka-szampana-z-paryza-az-do-kolumbii-egan-bernal-krok-od-wygrania-tour-de-france\/\",\"name\":\"Rzeka szampana z Pary\u017ca a\u017c do Kolumbii! Egan Bernal krok od wygrania Tour de France - \u0160koda We Love Cycling - Poland\",\"isPartOf\":{\"@id\":\"https:\/\/www.welovecycling.com\/pl\/#website\"},\"primaryImageOfPage\":{\"@id\":\"https:\/\/www.welovecycling.com\/pl\/2019\/07\/28\/rzeka-szampana-z-paryza-az-do-kolumbii-egan-bernal-krok-od-wygrania-tour-de-france\/#primaryimage\"},\"image\":{\"@id\":\"https:\/\/www.welovecycling.com\/pl\/2019\/07\/28\/rzeka-szampana-z-paryza-az-do-kolumbii-egan-bernal-krok-od-wygrania-tour-de-france\/#primaryimage\"},\"thumbnailUrl\":\"https:\/\/d2p6e6u75xmxt8.cloudfront.net\/5\/2019\/07\/a6b0f.jpg\",\"datePublished\":\"2019-07-28T07:45:39+00:00\",\"dateModified\":\"2019-07-28T07:46:56+00:00\",\"author\":{\"@id\":\"https:\/\/www.welovecycling.com\/pl\/#\/schema\/person\/0dba2d39da943db9df3fd8f4687e7f23\"},\"breadcrumb\":{\"@id\":\"https:\/\/www.welovecycling.com\/pl\/2019\/07\/28\/rzeka-szampana-z-paryza-az-do-kolumbii-egan-bernal-krok-od-wygrania-tour-de-france\/#breadcrumb\"},\"inLanguage\":\"pl-PL\",\"potentialAction\":[{\"@type\":\"ReadAction\",\"target\":[\"https:\/\/www.welovecycling.com\/pl\/2019\/07\/28\/rzeka-szampana-z-paryza-az-do-kolumbii-egan-bernal-krok-od-wygrania-tour-de-france\/\"]}]},{\"@type\":\"ImageObject\",\"inLanguage\":\"pl-PL\",\"@id\":\"https:\/\/www.welovecycling.com\/pl\/2019\/07\/28\/rzeka-szampana-z-paryza-az-do-kolumbii-egan-bernal-krok-od-wygrania-tour-de-france\/#primaryimage\",\"url\":\"https:\/\/d2p6e6u75xmxt8.cloudfront.net\/5\/2019\/07\/a6b0f.jpg\",\"contentUrl\":\"https:\/\/d2p6e6u75xmxt8.cloudfront.net\/5\/2019\/07\/a6b0f.jpg\",\"width\":1000,\"height\":666,\"caption\":\"Tour de France 2019 - 27\/07\/2019 - Etape 20 - Albertville \/ Val Thorens (59,5 km) - Egan BERNAL (TEAM INEOS) \u00a9 A.S.O.\/Alex BROADWAY\"},{\"@type\":\"BreadcrumbList\",\"@id\":\"https:\/\/www.welovecycling.com\/pl\/2019\/07\/28\/rzeka-szampana-z-paryza-az-do-kolumbii-egan-bernal-krok-od-wygrania-tour-de-france\/#breadcrumb\",\"itemListElement\":[{\"@type\":\"ListItem\",\"position\":1,\"name\":\"Home\",\"item\":\"https:\/\/www.welovecycling.com\/pl\/\"},{\"@type\":\"ListItem\",\"position\":2,\"name\":\"Rzeka szampana z Pary\u017ca a\u017c do Kolumbii! Egan Bernal krok od wygrania Tour de France\"}]},{\"@type\":\"WebSite\",\"@id\":\"https:\/\/www.welovecycling.com\/pl\/#website\",\"url\":\"https:\/\/www.welovecycling.com\/pl\/\",\"name\":\"\u0160koda We Love Cycling - Poland\",\"description\":\"\",\"potentialAction\":[{\"@type\":\"SearchAction\",\"target\":{\"@type\":\"EntryPoint\",\"urlTemplate\":\"https:\/\/www.welovecycling.com\/pl\/?s={search_term_string}\"},\"query-input\":{\"@type\":\"PropertyValueSpecification\",\"valueRequired\":true,\"valueName\":\"search_term_string\"}}],\"inLanguage\":\"pl-PL\"},{\"@type\":\"Person\",\"@id\":\"https:\/\/www.welovecycling.com\/pl\/#\/schema\/person\/0dba2d39da943db9df3fd8f4687e7f23\",\"name\":\"piotrboczkowski\",\"image\":{\"@type\":\"ImageObject\",\"inLanguage\":\"pl-PL\",\"@id\":\"https:\/\/www.welovecycling.com\/pl\/#\/schema\/person\/image\/\",\"url\":\"https:\/\/secure.gravatar.com\/avatar\/533caccae14752e03a2ce2d3fd62d1b98b93e1393c3195c27819e53344ca1ace?s=96&d=mm&r=g\",\"contentUrl\":\"https:\/\/secure.gravatar.com\/avatar\/533caccae14752e03a2ce2d3fd62d1b98b93e1393c3195c27819e53344ca1ace?s=96&d=mm&r=g\",\"caption\":\"piotrboczkowski\"},\"url\":\"https:\/\/www.welovecycling.com\/pl\/author\/piotrboczkowski\/\"}]}<\/script>\n<!-- \/ Yoast SEO Premium plugin. -->","yoast_head_json":{"title":"Rzeka szampana z Pary\u017ca a\u017c do Kolumbii! Egan Bernal krok od wygrania Tour de France - \u0160koda We Love Cycling - Poland","robots":{"index":"index","follow":"follow","max-snippet":"max-snippet:-1","max-image-preview":"max-image-preview:large","max-video-preview":"max-video-preview:-1"},"canonical":"https:\/\/www.welovecycling.com\/pl\/2019\/07\/28\/rzeka-szampana-z-paryza-az-do-kolumbii-egan-bernal-krok-od-wygrania-tour-de-france\/","og_locale":"pl_PL","og_type":"article","og_title":"Rzeka szampana z Pary\u017ca a\u017c do Kolumbii! Egan Bernal krok od wygrania Tour de France","og_description":"Bernal! Bernal! Bernal!!! 22-letni kolarz Team Ineos rozpracowa\u0142 rywali jak stary wyjadacz i dzi\u015b sprawi, \u017ce ca\u0142a Kolumbia oszaleje. W [&hellip;]","og_url":"https:\/\/www.welovecycling.com\/pl\/2019\/07\/28\/rzeka-szampana-z-paryza-az-do-kolumbii-egan-bernal-krok-od-wygrania-tour-de-france\/","og_site_name":"\u0160koda We Love Cycling - Poland","article_published_time":"2019-07-28T07:45:39+00:00","article_modified_time":"2019-07-28T07:46:56+00:00","og_image":[{"width":1000,"height":666,"url":"https:\/\/d2p6e6u75xmxt8.cloudfront.net\/5\/2019\/07\/a6b0f.jpg","type":"image\/jpeg"}],"author":"piotrboczkowski","twitter_card":"summary_large_image","twitter_misc":{"Written by":"Piotr Nowik","Est. reading time":"4 minutes"},"schema":{"@context":"https:\/\/schema.org","@graph":[{"@type":"WebPage","@id":"https:\/\/www.welovecycling.com\/pl\/2019\/07\/28\/rzeka-szampana-z-paryza-az-do-kolumbii-egan-bernal-krok-od-wygrania-tour-de-france\/","url":"https:\/\/www.welovecycling.com\/pl\/2019\/07\/28\/rzeka-szampana-z-paryza-az-do-kolumbii-egan-bernal-krok-od-wygrania-tour-de-france\/","name":"Rzeka szampana z Pary\u017ca a\u017c do Kolumbii! Egan Bernal krok od wygrania Tour de France - \u0160koda We Love Cycling - Poland","isPartOf":{"@id":"https:\/\/www.welovecycling.com\/pl\/#website"},"primaryImageOfPage":{"@id":"https:\/\/www.welovecycling.com\/pl\/2019\/07\/28\/rzeka-szampana-z-paryza-az-do-kolumbii-egan-bernal-krok-od-wygrania-tour-de-france\/#primaryimage"},"image":{"@id":"https:\/\/www.welovecycling.com\/pl\/2019\/07\/28\/rzeka-szampana-z-paryza-az-do-kolumbii-egan-bernal-krok-od-wygrania-tour-de-france\/#primaryimage"},"thumbnailUrl":"https:\/\/d2p6e6u75xmxt8.cloudfront.net\/5\/2019\/07\/a6b0f.jpg","datePublished":"2019-07-28T07:45:39+00:00","dateModified":"2019-07-28T07:46:56+00:00","author":{"@id":"https:\/\/www.welovecycling.com\/pl\/#\/schema\/person\/0dba2d39da943db9df3fd8f4687e7f23"},"breadcrumb":{"@id":"https:\/\/www.welovecycling.com\/pl\/2019\/07\/28\/rzeka-szampana-z-paryza-az-do-kolumbii-egan-bernal-krok-od-wygrania-tour-de-france\/#breadcrumb"},"inLanguage":"pl-PL","potentialAction":[{"@type":"ReadAction","target":["https:\/\/www.welovecycling.com\/pl\/2019\/07\/28\/rzeka-szampana-z-paryza-az-do-kolumbii-egan-bernal-krok-od-wygrania-tour-de-france\/"]}]},{"@type":"ImageObject","inLanguage":"pl-PL","@id":"https:\/\/www.welovecycling.com\/pl\/2019\/07\/28\/rzeka-szampana-z-paryza-az-do-kolumbii-egan-bernal-krok-od-wygrania-tour-de-france\/#primaryimage","url":"https:\/\/d2p6e6u75xmxt8.cloudfront.net\/5\/2019\/07\/a6b0f.jpg","contentUrl":"https:\/\/d2p6e6u75xmxt8.cloudfront.net\/5\/2019\/07\/a6b0f.jpg","width":1000,"height":666,"caption":"Tour de France 2019 - 27\/07\/2019 - Etape 20 - Albertville \/ Val Thorens (59,5 km) - Egan BERNAL (TEAM INEOS) \u00a9 A.S.O.\/Alex BROADWAY"},{"@type":"BreadcrumbList","@id":"https:\/\/www.welovecycling.com\/pl\/2019\/07\/28\/rzeka-szampana-z-paryza-az-do-kolumbii-egan-bernal-krok-od-wygrania-tour-de-france\/#breadcrumb","itemListElement":[{"@type":"ListItem","position":1,"name":"Home","item":"https:\/\/www.welovecycling.com\/pl\/"},{"@type":"ListItem","position":2,"name":"Rzeka szampana z Pary\u017ca a\u017c do Kolumbii! Egan Bernal krok od wygrania Tour de France"}]},{"@type":"WebSite","@id":"https:\/\/www.welovecycling.com\/pl\/#website","url":"https:\/\/www.welovecycling.com\/pl\/","name":"\u0160koda We Love Cycling - Poland","description":"","potentialAction":[{"@type":"SearchAction","target":{"@type":"EntryPoint","urlTemplate":"https:\/\/www.welovecycling.com\/pl\/?s={search_term_string}"},"query-input":{"@type":"PropertyValueSpecification","valueRequired":true,"valueName":"search_term_string"}}],"inLanguage":"pl-PL"},{"@type":"Person","@id":"https:\/\/www.welovecycling.com\/pl\/#\/schema\/person\/0dba2d39da943db9df3fd8f4687e7f23","name":"piotrboczkowski","image":{"@type":"ImageObject","inLanguage":"pl-PL","@id":"https:\/\/www.welovecycling.com\/pl\/#\/schema\/person\/image\/","url":"https:\/\/secure.gravatar.com\/avatar\/533caccae14752e03a2ce2d3fd62d1b98b93e1393c3195c27819e53344ca1ace?s=96&d=mm&r=g","contentUrl":"https:\/\/secure.gravatar.com\/avatar\/533caccae14752e03a2ce2d3fd62d1b98b93e1393c3195c27819e53344ca1ace?s=96&d=mm&r=g","caption":"piotrboczkowski"},"url":"https:\/\/www.welovecycling.com\/pl\/author\/piotrboczkowski\/"}]}},"_links":{"self":[{"href":"https:\/\/www.welovecycling.com\/pl\/wp-json\/wp\/v2\/posts\/9432","targetHints":{"allow":["GET"]}}],"collection":[{"href":"https:\/\/www.welovecycling.com\/pl\/wp-json\/wp\/v2\/posts"}],"about":[{"href":"https:\/\/www.welovecycling.com\/pl\/wp-json\/wp\/v2\/types\/post"}],"author":[{"embeddable":true,"href":"https:\/\/www.welovecycling.com\/pl\/wp-json\/wp\/v2\/users\/76"}],"replies":[{"embeddable":true,"href":"https:\/\/www.welovecycling.com\/pl\/wp-json\/wp\/v2\/comments?post=9432"}],"version-history":[{"count":2,"href":"https:\/\/www.welovecycling.com\/pl\/wp-json\/wp\/v2\/posts\/9432\/revisions"}],"predecessor-version":[{"id":9439,"href":"https:\/\/www.welovecycling.com\/pl\/wp-json\/wp\/v2\/posts\/9432\/revisions\/9439"}],"wp:featuredmedia":[{"embeddable":true,"href":"https:\/\/www.welovecycling.com\/pl\/wp-json\/wp\/v2\/media\/9437"}],"wp:attachment":[{"href":"https:\/\/www.welovecycling.com\/pl\/wp-json\/wp\/v2\/media?parent=9432"}],"wp:term":[{"taxonomy":"category","embeddable":true,"href":"https:\/\/www.welovecycling.com\/pl\/wp-json\/wp\/v2\/categories?post=9432"},{"taxonomy":"post_tag","embeddable":true,"href":"https:\/\/www.welovecycling.com\/pl\/wp-json\/wp\/v2\/tags?post=9432"},{"taxonomy":"global-categories","embeddable":true,"href":"https:\/\/www.welovecycling.com\/pl\/wp-json\/wp\/v2\/global-categories?post=9432"}],"curies":[{"name":"wp","href":"https:\/\/api.w.org\/{rel}","templated":true}]}}