{"id":9422,"date":"2019-07-27T08:32:14","date_gmt":"2019-07-27T08:32:14","guid":{"rendered":"https:\/\/www.welovecycling.com\/pl\/?p=9422"},"modified":"2019-07-27T08:35:39","modified_gmt":"2019-07-27T08:35:39","slug":"armagedon-podczas-tour-de-france-klasyfikacja-przewrocona-do-gory-nogami","status":"publish","type":"post","link":"https:\/\/www.welovecycling.com\/pl\/2019\/07\/27\/armagedon-podczas-tour-de-france-klasyfikacja-przewrocona-do-gory-nogami\/","title":{"rendered":"Armagedon podczas Tour de France! Klasyfikacja przewr\u00f3cona do g\u00f3ry nogami"},"content":{"rendered":"<p><strong>Lawina b\u0142otna, \u015bnieg i ci\u0119\u017cki sprz\u0119t na drogach \u2013 to nie obrazki z filmu katastroficznego, ale okoliczno\u015bci, w jakich przerwany zosta\u0142 19. etap Tour de France. Klasyfikacja generalna zosta\u0142a wywr\u00f3cona do g\u00f3ry nogami, a Egan Bernal przej\u0105\u0142 \u017c\u00f3\u0142t\u0105 koszulk\u0119 od Juliana Alaphilippe\u2019a. Dzi\u015b decyduj\u0105ce \u015bciganie.<\/strong><\/p>\n<p>Gdyby kto\u015b mia\u0142 wyre\u017cyserowa\u0107 ten etap, to i tak nie wpad\u0142by na takie zako\u0144czenie. Po wydrapaniu si\u0119 na Col d&#8217;Iseran, najwy\u017cszy szczyt tegorocznego Tour de France, kolarze przygotowywali si\u0119 do fina\u0142owego podjazdu na\u00a0 Monte de Tignes. Wtedy zostali poinformowani, \u017ce etap zostaje przerwany.<\/p>\n<p><strong>Zdrowie najwa\u017cniejsze<\/strong><\/p>\n<p>Zawodnicy nie mogli w to uwierzy\u0107, przecie\u017c takie rzeczy niemal\u017ce si\u0119 nie zdarzaj\u0105. Poza tym, gdy startowali, nic nie zapowiada\u0142o pogodowego armagedonu, a termometry wskazywa\u0142y\u2026 35 stopni. P\u00f3\u017aniej temperatura spad\u0142a do 12, ale to by\u0142o nic w por\u00f3wnaniu z tym, co czai\u0142o si\u0119 na ostatnim fragmencie przed met\u0105.<\/p>\n<div class=\"embed-controller-wrapper\">\n<blockquote class=\"twitter-tweet\" data-width=\"500\" data-dnt=\"true\">\n<p lang=\"en\" dir=\"ltr\">\ud83d\udea8 LANDSLIDE \ud83d\udea8<\/p>\n<p>This massive landslide shows why Stage 19 of the <a href=\"https:\/\/twitter.com\/hashtag\/TDF2019?src=hash&amp;ref_src=twsrc%5Etfw\">#TDF2019<\/a> had to be cancelled \ud83d\ude32 <a href=\"https:\/\/t.co\/emv88dE3RB\">pic.twitter.com\/emv88dE3RB<\/a><\/p>\n<p>&mdash; Eurosport (@eurosport) <a href=\"https:\/\/twitter.com\/eurosport\/status\/1154777872583864325?ref_src=twsrc%5Etfw\">July 26, 2019<\/a><\/p><\/blockquote>\n<p><script async data-src=\"https:\/\/platform.twitter.com\/widgets.js\" charset=\"utf-8\"><\/script><\/div>\n<div class=\"embed-controller-wrapper\">\n<blockquote class=\"twitter-tweet\" data-width=\"500\" data-dnt=\"true\">\n<p lang=\"en\" dir=\"ltr\">This must be the craziest Tour ever. The race has been neutralized, because of the ice on the road to Val d&#39;Isere. C&#39;est le bordel!!! <a href=\"https:\/\/twitter.com\/hashtag\/TDF2019?src=hash&amp;ref_src=twsrc%5Etfw\">#TDF2019<\/a> <a href=\"https:\/\/t.co\/kfJ2JsBdTV\">pic.twitter.com\/kfJ2JsBdTV<\/a><\/p>\n<p>&mdash; Mihai Simion (@faustocoppi60) <a href=\"https:\/\/twitter.com\/faustocoppi60\/status\/1154765535470637056?ref_src=twsrc%5Etfw\">July 26, 2019<\/a><\/p><\/blockquote>\n<p><script async data-src=\"https:\/\/platform.twitter.com\/widgets.js\" charset=\"utf-8\"><\/script><\/div>\n<p>Lawina b\u0142otna, \u015bnieg oraz p\u0142ug, pr\u00f3buj\u0105cy ratowa\u0107 sytuacj\u0119 \u2013 gdyby nie powy\u017csze obrazki, to trudno by\u0142oby uwierzy\u0107, \u017ce lipcu pogoda mo\u017ce si\u0119 a\u017c tak zmieni\u0107. W tej sytuacji s\u0119dziowie zdecydowali o neutralizacji etapu bez wskazywania zwyci\u0119zcy.<\/p>\n<p>&#8211; To by\u0142a dziwna sytuacja, ale widzieli\u015bmy obrazki z do\u0142u zjazdu, gdzie przesz\u0142a nawa\u0142nica\u2026 Nie by\u0142o mo\u017cliwo\u015bci przejechania. Zdrowie zawodnik\u00f3w jest najwa\u017cniejsze, wi\u0119c decyzja s\u0119dzi\u00f3w jest jak najbardziej profesjonalna. Innego wyj\u015bcia nie by\u0142o\u2026 Ten etap tak naprawd\u0119 jakby si\u0119 nie odby\u0142. Ludzie oczekuj\u0105cy na mecie i ostatnim podje\u017adzie obeszli si\u0119 smakiem \u2013 przyzna\u0142 przed kamerami Eurosportu Bartosz Huzarski.<\/p>\n<p><strong>Francja zalana \u0142zami<\/strong><\/p>\n<p>W tej sytuacji zaliczone zosta\u0142y czasy z premii g\u00f3rskiej na Col d&#8217;Iseran. Tam najszybszy by\u0142 Bernal, dzi\u0119ki czemu wyprzedzi\u0142 w klasyfikacji generalnej Alaphilippe\u2019a.<\/p>\n<p>&#8211; Szczerze? Nie za bardzo wiem, co si\u0119 wydarzy\u0142o. W pewnym momencie us\u0142ysza\u0142em tylko, \u017ce mam si\u0119 zatrzyma\u0107. Chcia\u0142em atakowa\u0107 dalej, ale w radiu powiedzieli, \u017ce to ju\u017c koniec. Gdy dowiedzia\u0142em si\u0119, \u017ce mam \u017c\u00f3\u0142t\u0105 koszulk\u0119, nie mog\u0142em w to uwierzy\u0107. A kiedy ju\u017c dosta\u0142em ten trykot i pluszowego lwa, mia\u0142em ochot\u0119 si\u0119 rozp\u0142aka\u0107 \u2013 m\u00f3wi\u0142 na mecie 22-letni Kolumbijczyk.<\/p>\n<p>\u0141zy do oczu, ale z zupe\u0142nie innego powodu, cisn\u0119\u0142y si\u0119 Alaphilippe\u2019owi. Francuz przez kilkana\u015bcie dni rozdawa\u0142 karty, ale teraz wydaje si\u0119 ju\u017c pogodzony z losem.<\/p>\n<p>&#8211; Zosta\u0142em pokonany przez silniejszego zawodnika. Odzyskanie \u017c\u00f3\u0142tej koszulki jest niemal niemo\u017cliwe \u2013 powiedzia\u0142 Francuz, kt\u00f3ry w taki spos\u00f3b po\u017cegna\u0142 si\u0119 z najcenniejszym kolarskim trofeum na \u015bwiecie<\/p>\n<div class=\"embed-controller-wrapper\">\n<blockquote class=\"twitter-tweet\" data-width=\"500\" data-dnt=\"true\">\n<p lang=\"fr\" dir=\"ltr\">Julian Alaphilippe a re\u00e7u la visite de proches en zone mixte au moment o\u00f9 l\u2019orage s\u2019est abattu sur Valloire. Parmi eux, un petit gar\u00e7on frigorifi\u00e9. Personne n\u2019avait de veste \u00e0 lui pr\u00eater, alors&#8230; \ud83d\udc4f\ud83c\udffc <a href=\"https:\/\/twitter.com\/hashtag\/TDF2019?src=hash&amp;ref_src=twsrc%5Etfw\">#TDF2019<\/a> <a href=\"https:\/\/t.co\/O02v9knWc6\">pic.twitter.com\/O02v9knWc6<\/a><\/p>\n<p>&mdash; Louis-Pierre Frileux (@LPFrileux) <a href=\"https:\/\/twitter.com\/LPFrileux\/status\/1154422090952531968?ref_src=twsrc%5Etfw\">July 25, 2019<\/a><\/p><\/blockquote>\n<p><script async data-src=\"https:\/\/platform.twitter.com\/widgets.js\" charset=\"utf-8\"><\/script><\/div>\n<p>W pi\u0105tek jednak ca\u0142a kolarska Francja zala\u0142a si\u0119 \u0142zami. Alaphilippe nie utrzyma\u0142 \u017c\u00f3\u0142tej koszulki, a z wy\u015bcigu musia\u0142 wycofa\u0107 si\u0119 jego rodak Thibaut Pinot. Zawodnik Groupama-FDJ by\u0142 kandydatem do wygrania ca\u0142ej Wielkiej P\u0119tli, a moc mia\u0142 pokaza\u0107 w\u0142a\u015bnie w g\u00f3rach. Nie zd\u0105\u017cy\u0142, bo ju\u017c w pocz\u0105tkowej cz\u0119\u015bci 19. etapu musia\u0142 si\u0119 wycofa\u0107.<\/p>\n<p>&#8211; Tak go boli, \u017ce nie mo\u017ce kr\u0119ci\u0107. A\u017c trudno wyrazi\u0107 s\u0142owami, co teraz czuje. Tragedia, dramat, straszna szkoda \u2013 m\u00f3wi\u0142 na antenie Eurosportu Dariusz Baranowski.<\/p>\n<div class=\"embed-controller-wrapper\">\n<blockquote class=\"twitter-tweet\" data-width=\"500\" data-dnt=\"true\">\n<p lang=\"fr\" dir=\"ltr\">\ud83d\ude22 It\u2019s over for Thibaut Pinot who suffers too much. Extremely sad.<\/p>\n<p>\ud83d\ude22 C\u2019est fini pour <a href=\"https:\/\/twitter.com\/ThibautPinot?ref_src=twsrc%5Etfw\">@ThibautPinot<\/a> qui souffre trop pour continuer. Un moment tr\u00e8s difficile pour lui et son \u00e9quipe.<a href=\"https:\/\/twitter.com\/hashtag\/TDF2019?src=hash&amp;ref_src=twsrc%5Etfw\">#TDF2019<\/a> <a href=\"https:\/\/t.co\/qr7Bab0iPk\">pic.twitter.com\/qr7Bab0iPk<\/a><\/p>\n<p>&mdash; Tour de France\u2122 (@LeTour) <a href=\"https:\/\/twitter.com\/LeTour\/status\/1154739227713818625?ref_src=twsrc%5Etfw\">July 26, 2019<\/a><\/p><\/blockquote>\n<p><script async data-src=\"https:\/\/platform.twitter.com\/widgets.js\" charset=\"utf-8\"><\/script><\/div>\n<p>Najpierw pojawi\u0142y si\u0119 nieoficjalne informacje, \u017ce powodem wycofania Francuza by\u0142o u\u017c\u0105dlenie przez pszczo\u0142\u0119 lub os\u0119. P\u00f3\u017aniej okaza\u0142o si\u0119 jednak, \u017ce za dramatem Pinot stoj\u0105 problemy mi\u0119\u015bniowe.<\/p>\n<p><strong>\u201eWszystkiego mo\u017cna si\u0119 spodziewa\u0107\u201d<\/strong><\/p>\n<p>Po wariackim etapie, czas na kluczowe \u015bciganie z Albertville do Val Thorens. W sobot\u0119 kolarze maj\u0105 do przejechania tylko 60 km, ale to mo\u017ce by\u0107 najtrudniejsze 60 km w ich karierze.<\/p>\n<p>Geraint Thomas ju\u017c zapowiedzia\u0142, \u017ce b\u0119dzie wspiera\u0142 koleg\u0119 z zespo\u0142u &#8211; Bernala. Zreszt\u0105 ubieg\u0142oroczny zwyci\u0119zca Wielkiej P\u0119tli b\u0119dzie chcia\u0142 dogoni\u0107 drugiego w klasyfikacji Alaphilippe&#8217;a, ale musi pami\u0119ta\u0107 te\u017c o nacieraj\u0105cym z czwartej pozycji Stevenie Kruijswijku.<\/p>\n<p>Dla kibic\u00f3w zapowiada si\u0119 \u015bwietny wy\u015bcig, bo tam gdzie kolarze czuj\u0105 pieczenie w mi\u0119\u015bniach, tam fani prze\u017cywaj\u0105 najwi\u0119cej emocji. Do tego lider klasyfikacji generalnej po dzisiejszym etapie, b\u0119dzie m\u00f3g\u0142 by\u0107 niemal pewny wygrania ca\u0142ego Tour de France, bo niedzielne \u015bciganie w Pary\u017cu dla zwyci\u0119zc\u00f3w jest ju\u017c formalno\u015bci\u0105.<\/p>\n<p>&#8211; Po takich perypetiach jak w pi\u0105tek, wszystkiego jednak mo\u017cna si\u0119 spodziewa\u0107 \u2013 przyznaje Huzarski.<\/p>\n<div class=\"embed-controller-wrapper\">\n<blockquote class=\"twitter-tweet\" data-width=\"500\" data-dnt=\"true\">\n<p lang=\"fr\" dir=\"ltr\">\ud83c\udfac Relive this incredible Stage 19 inside the Tour de France. <\/p>\n<p>\ud83c\udfac Revivez cette incroyable Etape 19 du Tour de France au coeur du peloton. <a href=\"https:\/\/twitter.com\/hashtag\/TDF2019?src=hash&amp;ref_src=twsrc%5Etfw\">#TDF2019<\/a> <a href=\"https:\/\/t.co\/z9PmKzqf75\">pic.twitter.com\/z9PmKzqf75<\/a><\/p>\n<p>&mdash; Tour de France\u2122 (@LeTour) <a href=\"https:\/\/twitter.com\/LeTour\/status\/1154821185059749888?ref_src=twsrc%5Etfw\">July 26, 2019<\/a><\/p><\/blockquote>\n<p><script async data-src=\"https:\/\/platform.twitter.com\/widgets.js\" charset=\"utf-8\"><\/script><\/div>\n<p><strong>Oficjalna klasyfikacja generalna po 19. etapie Tour de France:<\/strong><\/p>\n<ol>\n<li>Egan Bernal (Team Ineos)<\/li>\n<li>Julian Alaphilippe (Deceuninck \u2013 Quick Step) +0:48<\/li>\n<li>Geraint Thomas (Tam Ineos) 1:16<\/li>\n<\/ol>\n<hr \/>\n<p>79. Micha\u0142 Kwiatkowski (Team Ineos) 2.23:11<br \/>\n123. \u0141ukasz Wi\u015bniowski (CCC Team) 3.25:32<\/p>\n<figure id=\"attachment_9428\" aria-describedby=\"caption-attachment-9428\" style=\"width: 1000px\" class=\"wp-caption aligncenter\"><img loading=\"lazy\" decoding=\"async\" class=\"size-full wp-image-9428\" src=\"https:\/\/d2p6e6u75xmxt8.cloudfront.net\/5\/2019\/07\/ac6ee.jpg\" alt=\"\" width=\"1000\" height=\"667\" srcset=\"https:\/\/d2p6e6u75xmxt8.cloudfront.net\/5\/2019\/07\/ac6ee.jpg 1000w, https:\/\/d2p6e6u75xmxt8.cloudfront.net\/5\/2019\/07\/ac6ee-300x200.jpg 300w, https:\/\/d2p6e6u75xmxt8.cloudfront.net\/5\/2019\/07\/ac6ee-768x512.jpg 768w, https:\/\/d2p6e6u75xmxt8.cloudfront.net\/5\/2019\/07\/ac6ee-272x182.jpg 272w\" sizes=\"auto, (max-width: 1000px) 100vw, 1000px\" \/><figcaption id=\"caption-attachment-9428\" class=\"wp-caption-text\">Tour de France 2019 &#8211; 26\/07\/2019 &#8211; Etape 19 &#8211; Saint-Jean-de-Maurienne \/ Tignes (126,5 km) &#8211; \u00a9 A.S.O.\/Pauline BALLET<\/figcaption><\/figure>\n<style type=\"text\/css\"><!--td {border: 1px solid #ccc;}br {mso-data-placement:same-cell;}--><\/style>\n<p><span data-sheets-value=\"{&quot;1&quot;:2,&quot;2&quot;:&quot;Artyku\u0142 powsta\u0142 we wsp\u00f3\u0142pracy ze skoda-auto.pl&quot;}\" data-sheets-userformat=\"{&quot;2&quot;:1,&quot;3&quot;:{&quot;1&quot;:0}}\"><a class=\"in-cell-link\" href=\"http:\/\/www.skoda-auto.pl\/\" target=\"_blank\" rel=\"noopener\">Artyku\u0142 powsta\u0142 we wsp\u00f3\u0142pracy ze skoda-auto.pl<\/a><\/span><\/p>\n","protected":false},"excerpt":{"rendered":"<p>Lawina b\u0142otna, \u015bnieg i ci\u0119\u017cki sprz\u0119t na drogach \u2013 to nie obrazki z filmu katastroficznego, ale okoliczno\u015bci, w jakich przerwany [&hellip;]<\/p>\n","protected":false},"author":76,"featured_media":9428,"comment_status":"open","ping_status":"open","sticky":false,"template":"","format":"standard","meta":{"footnotes":""},"categories":[300],"tags":[],"global-categories":[],"class_list":["post-9422","post","type-post","status-publish","format-standard","has-post-thumbnail","hentry","category-tour-de-france-2019"],"yoast_head":"<!-- This site is optimized with the Yoast SEO Premium plugin v25.3 (Yoast SEO v25.9) - https:\/\/yoast.com\/wordpress\/plugins\/seo\/ -->\n<title>Armagedon podczas Tour de France! Klasyfikacja przewr\u00f3cona do g\u00f3ry nogami - \u0160koda We Love Cycling - Poland<\/title>\n<meta name=\"robots\" content=\"index, follow, max-snippet:-1, max-image-preview:large, max-video-preview:-1\" \/>\n<link rel=\"canonical\" href=\"https:\/\/www.welovecycling.com\/pl\/2019\/07\/27\/armagedon-podczas-tour-de-france-klasyfikacja-przewrocona-do-gory-nogami\/\" \/>\n<meta property=\"og:locale\" content=\"pl_PL\" \/>\n<meta property=\"og:type\" content=\"article\" \/>\n<meta property=\"og:title\" content=\"Armagedon podczas Tour de France! Klasyfikacja przewr\u00f3cona do g\u00f3ry nogami\" \/>\n<meta property=\"og:description\" content=\"Lawina b\u0142otna, \u015bnieg i ci\u0119\u017cki sprz\u0119t na drogach \u2013 to nie obrazki z filmu katastroficznego, ale okoliczno\u015bci, w jakich przerwany [&hellip;]\" \/>\n<meta property=\"og:url\" content=\"https:\/\/www.welovecycling.com\/pl\/2019\/07\/27\/armagedon-podczas-tour-de-france-klasyfikacja-przewrocona-do-gory-nogami\/\" \/>\n<meta property=\"og:site_name\" content=\"\u0160koda We Love Cycling - Poland\" \/>\n<meta property=\"article:published_time\" content=\"2019-07-27T08:32:14+00:00\" \/>\n<meta property=\"article:modified_time\" content=\"2019-07-27T08:35:39+00:00\" \/>\n<meta property=\"og:image\" content=\"https:\/\/d2p6e6u75xmxt8.cloudfront.net\/5\/2019\/07\/ac6ee.jpg\" \/>\n\t<meta property=\"og:image:width\" content=\"1000\" \/>\n\t<meta property=\"og:image:height\" content=\"667\" \/>\n\t<meta property=\"og:image:type\" content=\"image\/jpeg\" \/>\n<meta name=\"author\" content=\"piotrboczkowski\" \/>\n<meta name=\"twitter:card\" content=\"summary_large_image\" \/>\n<meta name=\"twitter:label1\" content=\"Written by\" \/>\n\t<meta name=\"twitter:data1\" content=\"Piotr Nowik\" \/>\n\t<meta name=\"twitter:label2\" content=\"Est. reading time\" \/>\n\t<meta name=\"twitter:data2\" content=\"4 minutes\" \/>\n<script type=\"application\/ld+json\" class=\"yoast-schema-graph\">{\"@context\":\"https:\/\/schema.org\",\"@graph\":[{\"@type\":\"WebPage\",\"@id\":\"https:\/\/www.welovecycling.com\/pl\/2019\/07\/27\/armagedon-podczas-tour-de-france-klasyfikacja-przewrocona-do-gory-nogami\/\",\"url\":\"https:\/\/www.welovecycling.com\/pl\/2019\/07\/27\/armagedon-podczas-tour-de-france-klasyfikacja-przewrocona-do-gory-nogami\/\",\"name\":\"Armagedon podczas Tour de France! Klasyfikacja przewr\u00f3cona do g\u00f3ry nogami - \u0160koda We Love Cycling - Poland\",\"isPartOf\":{\"@id\":\"https:\/\/www.welovecycling.com\/pl\/#website\"},\"primaryImageOfPage\":{\"@id\":\"https:\/\/www.welovecycling.com\/pl\/2019\/07\/27\/armagedon-podczas-tour-de-france-klasyfikacja-przewrocona-do-gory-nogami\/#primaryimage\"},\"image\":{\"@id\":\"https:\/\/www.welovecycling.com\/pl\/2019\/07\/27\/armagedon-podczas-tour-de-france-klasyfikacja-przewrocona-do-gory-nogami\/#primaryimage\"},\"thumbnailUrl\":\"https:\/\/d2p6e6u75xmxt8.cloudfront.net\/5\/2019\/07\/ac6ee.jpg\",\"datePublished\":\"2019-07-27T08:32:14+00:00\",\"dateModified\":\"2019-07-27T08:35:39+00:00\",\"author\":{\"@id\":\"https:\/\/www.welovecycling.com\/pl\/#\/schema\/person\/0dba2d39da943db9df3fd8f4687e7f23\"},\"breadcrumb\":{\"@id\":\"https:\/\/www.welovecycling.com\/pl\/2019\/07\/27\/armagedon-podczas-tour-de-france-klasyfikacja-przewrocona-do-gory-nogami\/#breadcrumb\"},\"inLanguage\":\"pl-PL\",\"potentialAction\":[{\"@type\":\"ReadAction\",\"target\":[\"https:\/\/www.welovecycling.com\/pl\/2019\/07\/27\/armagedon-podczas-tour-de-france-klasyfikacja-przewrocona-do-gory-nogami\/\"]}]},{\"@type\":\"ImageObject\",\"inLanguage\":\"pl-PL\",\"@id\":\"https:\/\/www.welovecycling.com\/pl\/2019\/07\/27\/armagedon-podczas-tour-de-france-klasyfikacja-przewrocona-do-gory-nogami\/#primaryimage\",\"url\":\"https:\/\/d2p6e6u75xmxt8.cloudfront.net\/5\/2019\/07\/ac6ee.jpg\",\"contentUrl\":\"https:\/\/d2p6e6u75xmxt8.cloudfront.net\/5\/2019\/07\/ac6ee.jpg\",\"width\":1000,\"height\":667,\"caption\":\"Tour de France 2019 - 26\/07\/2019 - Etape 19 - Saint-Jean-de-Maurienne \/ Tignes (126,5 km) - \u00a9 A.S.O.\/Pauline BALLET\"},{\"@type\":\"BreadcrumbList\",\"@id\":\"https:\/\/www.welovecycling.com\/pl\/2019\/07\/27\/armagedon-podczas-tour-de-france-klasyfikacja-przewrocona-do-gory-nogami\/#breadcrumb\",\"itemListElement\":[{\"@type\":\"ListItem\",\"position\":1,\"name\":\"Home\",\"item\":\"https:\/\/www.welovecycling.com\/pl\/\"},{\"@type\":\"ListItem\",\"position\":2,\"name\":\"Armagedon podczas Tour de France! Klasyfikacja przewr\u00f3cona do g\u00f3ry nogami\"}]},{\"@type\":\"WebSite\",\"@id\":\"https:\/\/www.welovecycling.com\/pl\/#website\",\"url\":\"https:\/\/www.welovecycling.com\/pl\/\",\"name\":\"\u0160koda We Love Cycling - Poland\",\"description\":\"\",\"potentialAction\":[{\"@type\":\"SearchAction\",\"target\":{\"@type\":\"EntryPoint\",\"urlTemplate\":\"https:\/\/www.welovecycling.com\/pl\/?s={search_term_string}\"},\"query-input\":{\"@type\":\"PropertyValueSpecification\",\"valueRequired\":true,\"valueName\":\"search_term_string\"}}],\"inLanguage\":\"pl-PL\"},{\"@type\":\"Person\",\"@id\":\"https:\/\/www.welovecycling.com\/pl\/#\/schema\/person\/0dba2d39da943db9df3fd8f4687e7f23\",\"name\":\"piotrboczkowski\",\"image\":{\"@type\":\"ImageObject\",\"inLanguage\":\"pl-PL\",\"@id\":\"https:\/\/www.welovecycling.com\/pl\/#\/schema\/person\/image\/\",\"url\":\"https:\/\/secure.gravatar.com\/avatar\/533caccae14752e03a2ce2d3fd62d1b98b93e1393c3195c27819e53344ca1ace?s=96&d=mm&r=g\",\"contentUrl\":\"https:\/\/secure.gravatar.com\/avatar\/533caccae14752e03a2ce2d3fd62d1b98b93e1393c3195c27819e53344ca1ace?s=96&d=mm&r=g\",\"caption\":\"piotrboczkowski\"},\"url\":\"https:\/\/www.welovecycling.com\/pl\/author\/piotrboczkowski\/\"}]}<\/script>\n<!-- \/ Yoast SEO Premium plugin. -->","yoast_head_json":{"title":"Armagedon podczas Tour de France! Klasyfikacja przewr\u00f3cona do g\u00f3ry nogami - \u0160koda We Love Cycling - Poland","robots":{"index":"index","follow":"follow","max-snippet":"max-snippet:-1","max-image-preview":"max-image-preview:large","max-video-preview":"max-video-preview:-1"},"canonical":"https:\/\/www.welovecycling.com\/pl\/2019\/07\/27\/armagedon-podczas-tour-de-france-klasyfikacja-przewrocona-do-gory-nogami\/","og_locale":"pl_PL","og_type":"article","og_title":"Armagedon podczas Tour de France! Klasyfikacja przewr\u00f3cona do g\u00f3ry nogami","og_description":"Lawina b\u0142otna, \u015bnieg i ci\u0119\u017cki sprz\u0119t na drogach \u2013 to nie obrazki z filmu katastroficznego, ale okoliczno\u015bci, w jakich przerwany [&hellip;]","og_url":"https:\/\/www.welovecycling.com\/pl\/2019\/07\/27\/armagedon-podczas-tour-de-france-klasyfikacja-przewrocona-do-gory-nogami\/","og_site_name":"\u0160koda We Love Cycling - Poland","article_published_time":"2019-07-27T08:32:14+00:00","article_modified_time":"2019-07-27T08:35:39+00:00","og_image":[{"width":1000,"height":667,"url":"https:\/\/d2p6e6u75xmxt8.cloudfront.net\/5\/2019\/07\/ac6ee.jpg","type":"image\/jpeg"}],"author":"piotrboczkowski","twitter_card":"summary_large_image","twitter_misc":{"Written by":"Piotr Nowik","Est. reading time":"4 minutes"},"schema":{"@context":"https:\/\/schema.org","@graph":[{"@type":"WebPage","@id":"https:\/\/www.welovecycling.com\/pl\/2019\/07\/27\/armagedon-podczas-tour-de-france-klasyfikacja-przewrocona-do-gory-nogami\/","url":"https:\/\/www.welovecycling.com\/pl\/2019\/07\/27\/armagedon-podczas-tour-de-france-klasyfikacja-przewrocona-do-gory-nogami\/","name":"Armagedon podczas Tour de France! Klasyfikacja przewr\u00f3cona do g\u00f3ry nogami - \u0160koda We Love Cycling - Poland","isPartOf":{"@id":"https:\/\/www.welovecycling.com\/pl\/#website"},"primaryImageOfPage":{"@id":"https:\/\/www.welovecycling.com\/pl\/2019\/07\/27\/armagedon-podczas-tour-de-france-klasyfikacja-przewrocona-do-gory-nogami\/#primaryimage"},"image":{"@id":"https:\/\/www.welovecycling.com\/pl\/2019\/07\/27\/armagedon-podczas-tour-de-france-klasyfikacja-przewrocona-do-gory-nogami\/#primaryimage"},"thumbnailUrl":"https:\/\/d2p6e6u75xmxt8.cloudfront.net\/5\/2019\/07\/ac6ee.jpg","datePublished":"2019-07-27T08:32:14+00:00","dateModified":"2019-07-27T08:35:39+00:00","author":{"@id":"https:\/\/www.welovecycling.com\/pl\/#\/schema\/person\/0dba2d39da943db9df3fd8f4687e7f23"},"breadcrumb":{"@id":"https:\/\/www.welovecycling.com\/pl\/2019\/07\/27\/armagedon-podczas-tour-de-france-klasyfikacja-przewrocona-do-gory-nogami\/#breadcrumb"},"inLanguage":"pl-PL","potentialAction":[{"@type":"ReadAction","target":["https:\/\/www.welovecycling.com\/pl\/2019\/07\/27\/armagedon-podczas-tour-de-france-klasyfikacja-przewrocona-do-gory-nogami\/"]}]},{"@type":"ImageObject","inLanguage":"pl-PL","@id":"https:\/\/www.welovecycling.com\/pl\/2019\/07\/27\/armagedon-podczas-tour-de-france-klasyfikacja-przewrocona-do-gory-nogami\/#primaryimage","url":"https:\/\/d2p6e6u75xmxt8.cloudfront.net\/5\/2019\/07\/ac6ee.jpg","contentUrl":"https:\/\/d2p6e6u75xmxt8.cloudfront.net\/5\/2019\/07\/ac6ee.jpg","width":1000,"height":667,"caption":"Tour de France 2019 - 26\/07\/2019 - Etape 19 - Saint-Jean-de-Maurienne \/ Tignes (126,5 km) - \u00a9 A.S.O.\/Pauline BALLET"},{"@type":"BreadcrumbList","@id":"https:\/\/www.welovecycling.com\/pl\/2019\/07\/27\/armagedon-podczas-tour-de-france-klasyfikacja-przewrocona-do-gory-nogami\/#breadcrumb","itemListElement":[{"@type":"ListItem","position":1,"name":"Home","item":"https:\/\/www.welovecycling.com\/pl\/"},{"@type":"ListItem","position":2,"name":"Armagedon podczas Tour de France! Klasyfikacja przewr\u00f3cona do g\u00f3ry nogami"}]},{"@type":"WebSite","@id":"https:\/\/www.welovecycling.com\/pl\/#website","url":"https:\/\/www.welovecycling.com\/pl\/","name":"\u0160koda We Love Cycling - Poland","description":"","potentialAction":[{"@type":"SearchAction","target":{"@type":"EntryPoint","urlTemplate":"https:\/\/www.welovecycling.com\/pl\/?s={search_term_string}"},"query-input":{"@type":"PropertyValueSpecification","valueRequired":true,"valueName":"search_term_string"}}],"inLanguage":"pl-PL"},{"@type":"Person","@id":"https:\/\/www.welovecycling.com\/pl\/#\/schema\/person\/0dba2d39da943db9df3fd8f4687e7f23","name":"piotrboczkowski","image":{"@type":"ImageObject","inLanguage":"pl-PL","@id":"https:\/\/www.welovecycling.com\/pl\/#\/schema\/person\/image\/","url":"https:\/\/secure.gravatar.com\/avatar\/533caccae14752e03a2ce2d3fd62d1b98b93e1393c3195c27819e53344ca1ace?s=96&d=mm&r=g","contentUrl":"https:\/\/secure.gravatar.com\/avatar\/533caccae14752e03a2ce2d3fd62d1b98b93e1393c3195c27819e53344ca1ace?s=96&d=mm&r=g","caption":"piotrboczkowski"},"url":"https:\/\/www.welovecycling.com\/pl\/author\/piotrboczkowski\/"}]}},"_links":{"self":[{"href":"https:\/\/www.welovecycling.com\/pl\/wp-json\/wp\/v2\/posts\/9422","targetHints":{"allow":["GET"]}}],"collection":[{"href":"https:\/\/www.welovecycling.com\/pl\/wp-json\/wp\/v2\/posts"}],"about":[{"href":"https:\/\/www.welovecycling.com\/pl\/wp-json\/wp\/v2\/types\/post"}],"author":[{"embeddable":true,"href":"https:\/\/www.welovecycling.com\/pl\/wp-json\/wp\/v2\/users\/76"}],"replies":[{"embeddable":true,"href":"https:\/\/www.welovecycling.com\/pl\/wp-json\/wp\/v2\/comments?post=9422"}],"version-history":[{"count":2,"href":"https:\/\/www.welovecycling.com\/pl\/wp-json\/wp\/v2\/posts\/9422\/revisions"}],"predecessor-version":[{"id":9431,"href":"https:\/\/www.welovecycling.com\/pl\/wp-json\/wp\/v2\/posts\/9422\/revisions\/9431"}],"wp:featuredmedia":[{"embeddable":true,"href":"https:\/\/www.welovecycling.com\/pl\/wp-json\/wp\/v2\/media\/9428"}],"wp:attachment":[{"href":"https:\/\/www.welovecycling.com\/pl\/wp-json\/wp\/v2\/media?parent=9422"}],"wp:term":[{"taxonomy":"category","embeddable":true,"href":"https:\/\/www.welovecycling.com\/pl\/wp-json\/wp\/v2\/categories?post=9422"},{"taxonomy":"post_tag","embeddable":true,"href":"https:\/\/www.welovecycling.com\/pl\/wp-json\/wp\/v2\/tags?post=9422"},{"taxonomy":"global-categories","embeddable":true,"href":"https:\/\/www.welovecycling.com\/pl\/wp-json\/wp\/v2\/global-categories?post=9422"}],"curies":[{"name":"wp","href":"https:\/\/api.w.org\/{rel}","templated":true}]}}