{"id":942,"date":"2016-04-26T09:44:23","date_gmt":"2016-04-26T09:44:23","guid":{"rendered":"http:\/\/skoda-rowery.pl\/?p=942"},"modified":"2016-12-05T09:50:15","modified_gmt":"2016-12-05T09:50:15","slug":"powrot-na-tor-historia-martyna-ashtona","status":"publish","type":"post","link":"https:\/\/www.welovecycling.com\/pl\/2016\/04\/26\/powrot-na-tor-historia-martyna-ashtona\/","title":{"rendered":"Powr\u00f3t na tor: Historia Martyna Ashtona"},"content":{"rendered":"<p style=\"text-align: justify\">W 2013 roku kariera cyklisty-kaskadera Martyna Ashtona stan\u0119\u0142a pod znakiem zapytania, gdy po dramatycznym upadku podczas Moto GP na torze Silverstone zosta\u0142 sparali\u017cowany od pasa w d\u00f3\u0142.\u00a0\u00a0<!--more--><\/p>\n<p style=\"text-align: justify\">Przecz\u0105ce prawom grawitacji sztuczki, kt\u00f3re stanowi\u0142y cz\u0119\u015b\u0107 jego repertuaru podczas dwudziestoletniej kariery w dziedzinie trialu rowerowego i sprawi\u0142y, \u017ce sta\u0142 si\u0119 gwiazd\u0105 YouTube, nagle znalaz\u0142y si\u0119 poza jego zasi\u0119giem. Albo przynajmniej znalaz\u0142yby si\u0119 dla kogo\u015b innego w podobnej sytuacji.<\/p>\n<p style=\"text-align: justify\">Ashton twierdzi, \u017ce ju\u017c w chwili, gdy dosz\u0142o do wypadku, wiedzia\u0142, \u017ce skutki wydarzenia b\u0119d\u0105 zar\u00f3wno powa\u017cne, jak i trwa\u0142e.\u00a0 Jednak jego pozytywne nastawienie i ambicja nie os\u0142ab\u0142y nawet na moment. Jak powiedzia\u0142 BBC: \u201eSp\u0119dzi\u0142em oko\u0142o godziny, powtarzaj\u0105c sobie, \u017ce wszystko b\u0119dzie ok&#8230; potem nast\u0105pi\u0142 moment, kiedy trafi\u0142em do rezonansu magnetycznego i wtedy znowu uwierzy\u0142em w siebie\u201d.<\/p>\n<p style=\"text-align: justify\">41-letni Ashton rozpocz\u0105\u0142 karier\u0119 w trialu motocyklowym, a p\u00f3\u017aniej zaj\u0105\u0142 si\u0119 r\u00f3wnie\u017c trialem na rowerach g\u00f3rskich. Do 2002 r. zyska\u0142 tytu\u0142y frontmana Bike Tour, czterokrotnego mistrza British Biketrail, mistrza World Expert Biketrial oraz rekordzisty \u015bwiata w skokach na rowerze.\u00a0 Sta\u0142 si\u0119 legend\u0105 jako kaskader rowerowy, mistrz \u015bwiata i menad\u017cer zespo\u0142u, a tak\u017ce osoba aktywnie wspieraj\u0105ca m\u0142odych rowerzyst\u00f3w.<\/p>\n<p style=\"text-align: justify\"><img loading=\"lazy\" decoding=\"async\" class=\"alignnone size-large wp-image-944\" src=\"http:\/\/skoda-rowery.pl\/wp-content\/uploads\/2016\/04\/rpwery2-1024x683.jpg\" alt=\"rpwery2\" width=\"1024\" height=\"683\" srcset=\"https:\/\/d2p6e6u75xmxt8.cloudfront.net\/5\/2016\/04\/rpwery2-1024x683.jpg 1024w, https:\/\/d2p6e6u75xmxt8.cloudfront.net\/5\/2016\/04\/rpwery2-300x200.jpg 300w, https:\/\/d2p6e6u75xmxt8.cloudfront.net\/5\/2016\/04\/rpwery2-768x512.jpg 768w, https:\/\/d2p6e6u75xmxt8.cloudfront.net\/5\/2016\/04\/rpwery2-272x182.jpg 272w, https:\/\/d2p6e6u75xmxt8.cloudfront.net\/5\/2016\/04\/rpwery2.jpg 2048w\" sizes=\"auto, (max-width: 1024px) 100vw, 1024px\" \/><\/p>\n<p style=\"text-align: justify\">Wypadek we wrze\u015bniu 2013 r. nie by\u0142 pierwszym w jego karierze; wcze\u015bniej w 2003 r. dozna\u0142 urazu plec\u00f3w podczas innego upadku po\u0142\u0105czonego z nieudanym l\u0105dowaniem, ale wtedy mia\u0142 wi\u0119cej szcz\u0119\u015bcia. Ostatni wypadek zmieni\u0142 jego karier\u0119 i \u017cycie, chocia\u017c nic nie by\u0142o w stanie zmieni\u0107 jego energii, determinacji i pozytywnego nastawienia.<\/p>\n<p style=\"text-align: justify\">Jeszcze le\u017c\u0105c w szpitalnym \u0142\u00f3\u017cku, przy pomocy przyjaci\u00f3\u0142 i koleg\u00f3w, Ashton wyprodukowa\u0142 i opublikowa\u0142 sw\u00f3j nowy film, zawieraj\u0105cy materia\u0142y z jego kaskaderskich wyst\u0119p\u00f3w sprzed wypadku, zawieraj\u0105cy nagrania os\u00f3b, kt\u00f3re mu pomog\u0142y.\u00a0 Pi\u0119\u0107 miesi\u0119cy po wypadku wr\u00f3ci\u0142 do domu i musia\u0142 stawi\u0107 czo\u0142a wyzwaniom zwi\u0105zanym z dostosowaniem si\u0119 do nowego otoczenia bez pomocy piel\u0119gniarek i asystent\u00f3w oraz z przystosowaniem domu do swoich nowych potrzeb.<\/p>\n<p style=\"text-align: justify\">Radzenie sobie z fizycznymi i psychologicznymi barierami podczas czynno\u015bci takich jak siadanie i zginanie cia\u0142a sprawia\u0142o, \u017ce \u017ale si\u0119 czu\u0142, co udokumentowa\u0142 na Animal.co.uk. Jednak dzi\u0119ki rozci\u0105ganiu, fizykoterapii i niesamowitej zdolno\u015bci organizmu do odbudowywania si\u0119, md\u0142o\u015bci stopniowo ust\u0105pi\u0142y i Ashton powoli nauczy\u0142 si\u0119 rozumie\u0107 swoje \u201enowe\u201d cia\u0142o.<\/p>\n<p style=\"text-align: justify\">Zainspirowany przez \u201esuperludzi\u201d, kt\u00f3rych zobaczy\u0142 na paraolimpiadzie w 2012 r., zacz\u0105\u0142 interesowa\u0107 si\u0119 \u0107wiczeniami i dyscyplinami sport\u00f3w, kt\u00f3re m\u00f3g\u0142 uprawia\u0107 w swojej sytuacji.\u00a0 Opracowa\u0142 plan (i za\u0142o\u017cy\u0142 blog) #TryBeforeJuly \u2013 chcia\u0142 do czerwca wypr\u00f3bowa\u0107 jak najwi\u0119cej sport\u00f3w uprawianych przez osoby niepe\u0142nosprawne. Okaza\u0142o si\u0119, \u017ce mo\u017ce ponownie wsi\u0105\u015b\u0107 na motor, a p\u00f3\u017aniej r\u00f3wnie\u017c na rower.<\/p>\n<p style=\"text-align: justify\">W\u00f3wczas obdzwoni\u0142 wszystkie znane mu osoby zwi\u0105zane ze sportem niepe\u0142nosprawnych i odkry\u0142 w sobie pasj\u0119 do rower\u00f3w\u00a0 z nap\u0119dem r\u0119cznym. Zacz\u0105\u0142 trenowa\u0107 na torze rowerowym w Newport &#8211; to najlepszy dow\u00f3d, \u017ce do\u015bwiadczenia zwi\u0105zane z wypadkiem nie zmniejszy\u0142y jego zami\u0142owania do pr\u0119dko\u015bci i adrenaliny.<\/p>\n<p style=\"text-align: justify\"><img loading=\"lazy\" decoding=\"async\" class=\"alignnone wp-image-945\" src=\"http:\/\/skoda-rowery.pl\/wp-content\/uploads\/2016\/04\/rowery3.jpg\" alt=\"rowery3\" width=\"667\" height=\"667\" srcset=\"https:\/\/d2p6e6u75xmxt8.cloudfront.net\/5\/2016\/04\/rowery3.jpg 640w, https:\/\/d2p6e6u75xmxt8.cloudfront.net\/5\/2016\/04\/rowery3-150x150.jpg 150w, https:\/\/d2p6e6u75xmxt8.cloudfront.net\/5\/2016\/04\/rowery3-300x300.jpg 300w\" sizes=\"auto, (max-width: 667px) 100vw, 667px\" \/><\/p>\n<p style=\"text-align: justify\">Dwa lata po wypadku, kt\u00f3ry odmieni\u0142 jego \u017cycie, w lipcu 2015 r., Ashton opublikowa\u0142 trzeci film po\u015bwi\u0119cony je\u017adzie na rowerze. Okaza\u0142 si\u0119 on jeszcze bardziej imponuj\u0105cy ni\u017c zbi\u00f3r sztuczek kaskaderskich, kt\u00f3re przynios\u0142y mu s\u0142aw\u0119. W filmie <em>Back on Track<\/em>\u00a0Ashton zje\u017cd\u017ca na specjalnie zmodyfikowanym rowerze po trasie na zboczu g\u00f3ry Antur Stiniog w P\u00f3\u0142nocnej Walii, a zwi\u0105zana z tym rado\u015b\u0107 i emocje s\u0105 wr\u0119cz namacalne.<\/p>\n<p style=\"text-align: justify\">Rower ma siedzenie typu sit-ski &#8211; zaprojektowane na potrzeby paraolimpijczyk\u00f3w uprawiaj\u0105cych sporty zimowe. Ashton rusza w tras\u0119 ze wsparciem jad\u0105cych za nim profesjonalnych cyklist\u00f3w Danny\u2019ego MacAskilla, Chrisa Akrigga i Blake\u2019a Samsona.<\/p>\n<p style=\"text-align: justify\">Ashton zacz\u0105\u0142 r\u00f3wnie\u017c wspiera\u0107 fundacj\u0119 Wings for Life zajmuj\u0105c\u0105 si\u0119 badaniem uraz\u00f3w kr\u0119gos\u0142upa i chce pomaga\u0107 innym niepe\u0142nosprawnym odnale\u017a\u0107 rado\u015b\u0107 z jazdy na rowerze &#8211; wygl\u0105da na to, \u017ce jego ambicja i entuzjazm nie znaj\u0105 granic. Czy zostanie kolejnym reprezentantem Wielkiej Brytanii na paraolimpiadzie?\u00a0 Kto wie?\u00a0 Na razie stanowi inspiracj\u0119 dla cyklist\u00f3w na ca\u0142ym \u015bwiecie. Jak powiedzia\u0142 brytyjskiemu Telegraph, \u201eW je\u017adzie na rowerze g\u00f3rskim chodzi o to, \u017ceby wyj\u015b\u0107 z domu i bawi\u0107 si\u0119 z przyjaci\u00f3\u0142mi\u201d.<\/p>\n<p style=\"text-align: justify\">\n","protected":false},"excerpt":{"rendered":"<p>W 2013 roku kariera cyklisty-kaskadera Martyna Ashtona stan\u0119\u0142a pod znakiem zapytania, gdy po dramatycznym upadku podczas Moto GP na torze [&hellip;]<\/p>\n","protected":false},"author":1,"featured_media":943,"comment_status":"open","ping_status":"closed","sticky":false,"template":"","format":"standard","meta":{"footnotes":""},"categories":[6],"tags":[41,51],"global-categories":[],"class_list":["post-942","post","type-post","status-publish","format-standard","has-post-thumbnail","hentry","category-kolarstwo-szosowe","tag-cycling","tag-history"],"yoast_head":"<!-- This site is optimized with the Yoast SEO Premium plugin v25.3 (Yoast SEO v25.9) - https:\/\/yoast.com\/wordpress\/plugins\/seo\/ -->\n<title>Powr\u00f3t na tor: Historia Martyna Ashtona - \u0160koda We Love Cycling - Poland<\/title>\n<meta name=\"robots\" content=\"index, follow, max-snippet:-1, max-image-preview:large, max-video-preview:-1\" \/>\n<link rel=\"canonical\" href=\"https:\/\/www.welovecycling.com\/pl\/2016\/04\/26\/powrot-na-tor-historia-martyna-ashtona\/\" \/>\n<meta property=\"og:locale\" content=\"pl_PL\" \/>\n<meta property=\"og:type\" content=\"article\" \/>\n<meta property=\"og:title\" content=\"Powr\u00f3t na tor: Historia Martyna Ashtona\" \/>\n<meta property=\"og:description\" content=\"W 2013 roku kariera cyklisty-kaskadera Martyna Ashtona stan\u0119\u0142a pod znakiem zapytania, gdy po dramatycznym upadku podczas Moto GP na torze [&hellip;]\" \/>\n<meta property=\"og:url\" content=\"https:\/\/www.welovecycling.com\/pl\/2016\/04\/26\/powrot-na-tor-historia-martyna-ashtona\/\" \/>\n<meta property=\"og:site_name\" content=\"\u0160koda We Love Cycling - Poland\" \/>\n<meta property=\"article:published_time\" content=\"2016-04-26T09:44:23+00:00\" \/>\n<meta property=\"article:modified_time\" content=\"2016-12-05T09:50:15+00:00\" \/>\n<meta property=\"og:image\" content=\"https:\/\/d2p6e6u75xmxt8.cloudfront.net\/5\/2016\/04\/rowery.jpg\" \/>\n\t<meta property=\"og:image:width\" content=\"1200\" \/>\n\t<meta property=\"og:image:height\" content=\"1200\" \/>\n\t<meta property=\"og:image:type\" content=\"image\/jpeg\" \/>\n<meta name=\"author\" content=\"WeLoveCycling\" \/>\n<meta name=\"twitter:card\" content=\"summary_large_image\" \/>\n<meta name=\"twitter:label1\" content=\"Written by\" \/>\n\t<meta name=\"twitter:data1\" content=\"WeLoveCycling\" \/>\n\t<meta name=\"twitter:label2\" content=\"Est. reading time\" \/>\n\t<meta name=\"twitter:data2\" content=\"4 minutes\" \/>\n<script type=\"application\/ld+json\" class=\"yoast-schema-graph\">{\"@context\":\"https:\/\/schema.org\",\"@graph\":[{\"@type\":\"WebPage\",\"@id\":\"https:\/\/www.welovecycling.com\/pl\/2016\/04\/26\/powrot-na-tor-historia-martyna-ashtona\/\",\"url\":\"https:\/\/www.welovecycling.com\/pl\/2016\/04\/26\/powrot-na-tor-historia-martyna-ashtona\/\",\"name\":\"Powr\u00f3t na tor: Historia Martyna Ashtona - \u0160koda We Love Cycling - Poland\",\"isPartOf\":{\"@id\":\"https:\/\/www.welovecycling.com\/pl\/#website\"},\"primaryImageOfPage\":{\"@id\":\"https:\/\/www.welovecycling.com\/pl\/2016\/04\/26\/powrot-na-tor-historia-martyna-ashtona\/#primaryimage\"},\"image\":{\"@id\":\"https:\/\/www.welovecycling.com\/pl\/2016\/04\/26\/powrot-na-tor-historia-martyna-ashtona\/#primaryimage\"},\"thumbnailUrl\":\"https:\/\/d2p6e6u75xmxt8.cloudfront.net\/5\/2016\/04\/rowery.jpg\",\"datePublished\":\"2016-04-26T09:44:23+00:00\",\"dateModified\":\"2016-12-05T09:50:15+00:00\",\"author\":{\"@id\":\"https:\/\/www.welovecycling.com\/pl\/#\/schema\/person\/e5187c9cac8dd619ebc7b41bd73c2fd9\"},\"breadcrumb\":{\"@id\":\"https:\/\/www.welovecycling.com\/pl\/2016\/04\/26\/powrot-na-tor-historia-martyna-ashtona\/#breadcrumb\"},\"inLanguage\":\"pl-PL\",\"potentialAction\":[{\"@type\":\"ReadAction\",\"target\":[\"https:\/\/www.welovecycling.com\/pl\/2016\/04\/26\/powrot-na-tor-historia-martyna-ashtona\/\"]}]},{\"@type\":\"ImageObject\",\"inLanguage\":\"pl-PL\",\"@id\":\"https:\/\/www.welovecycling.com\/pl\/2016\/04\/26\/powrot-na-tor-historia-martyna-ashtona\/#primaryimage\",\"url\":\"https:\/\/d2p6e6u75xmxt8.cloudfront.net\/5\/2016\/04\/rowery.jpg\",\"contentUrl\":\"https:\/\/d2p6e6u75xmxt8.cloudfront.net\/5\/2016\/04\/rowery.jpg\",\"width\":1200,\"height\":1200},{\"@type\":\"BreadcrumbList\",\"@id\":\"https:\/\/www.welovecycling.com\/pl\/2016\/04\/26\/powrot-na-tor-historia-martyna-ashtona\/#breadcrumb\",\"itemListElement\":[{\"@type\":\"ListItem\",\"position\":1,\"name\":\"Home\",\"item\":\"https:\/\/www.welovecycling.com\/pl\/\"},{\"@type\":\"ListItem\",\"position\":2,\"name\":\"Powr\u00f3t na tor: Historia Martyna Ashtona\"}]},{\"@type\":\"WebSite\",\"@id\":\"https:\/\/www.welovecycling.com\/pl\/#website\",\"url\":\"https:\/\/www.welovecycling.com\/pl\/\",\"name\":\"\u0160koda We Love Cycling - Poland\",\"description\":\"\",\"potentialAction\":[{\"@type\":\"SearchAction\",\"target\":{\"@type\":\"EntryPoint\",\"urlTemplate\":\"https:\/\/www.welovecycling.com\/pl\/?s={search_term_string}\"},\"query-input\":{\"@type\":\"PropertyValueSpecification\",\"valueRequired\":true,\"valueName\":\"search_term_string\"}}],\"inLanguage\":\"pl-PL\"},{\"@type\":\"Person\",\"@id\":\"https:\/\/www.welovecycling.com\/pl\/#\/schema\/person\/e5187c9cac8dd619ebc7b41bd73c2fd9\",\"name\":\"WeLoveCycling\",\"image\":{\"@type\":\"ImageObject\",\"inLanguage\":\"pl-PL\",\"@id\":\"https:\/\/www.welovecycling.com\/pl\/#\/schema\/person\/image\/\",\"url\":\"https:\/\/secure.gravatar.com\/avatar\/7e1ee0ecc5e294b19ef32b9f6086e0afbb9da00c3cb0d465ba4695331f4a9187?s=96&d=mm&r=g\",\"contentUrl\":\"https:\/\/secure.gravatar.com\/avatar\/7e1ee0ecc5e294b19ef32b9f6086e0afbb9da00c3cb0d465ba4695331f4a9187?s=96&d=mm&r=g\",\"caption\":\"WeLoveCycling\"},\"url\":\"https:\/\/www.welovecycling.com\/pl\/author\/lukascech\/\"}]}<\/script>\n<!-- \/ Yoast SEO Premium plugin. -->","yoast_head_json":{"title":"Powr\u00f3t na tor: Historia Martyna Ashtona - \u0160koda We Love Cycling - Poland","robots":{"index":"index","follow":"follow","max-snippet":"max-snippet:-1","max-image-preview":"max-image-preview:large","max-video-preview":"max-video-preview:-1"},"canonical":"https:\/\/www.welovecycling.com\/pl\/2016\/04\/26\/powrot-na-tor-historia-martyna-ashtona\/","og_locale":"pl_PL","og_type":"article","og_title":"Powr\u00f3t na tor: Historia Martyna Ashtona","og_description":"W 2013 roku kariera cyklisty-kaskadera Martyna Ashtona stan\u0119\u0142a pod znakiem zapytania, gdy po dramatycznym upadku podczas Moto GP na torze [&hellip;]","og_url":"https:\/\/www.welovecycling.com\/pl\/2016\/04\/26\/powrot-na-tor-historia-martyna-ashtona\/","og_site_name":"\u0160koda We Love Cycling - Poland","article_published_time":"2016-04-26T09:44:23+00:00","article_modified_time":"2016-12-05T09:50:15+00:00","og_image":[{"width":1200,"height":1200,"url":"https:\/\/d2p6e6u75xmxt8.cloudfront.net\/5\/2016\/04\/rowery.jpg","type":"image\/jpeg"}],"author":"WeLoveCycling","twitter_card":"summary_large_image","twitter_misc":{"Written by":"WeLoveCycling","Est. reading time":"4 minutes"},"schema":{"@context":"https:\/\/schema.org","@graph":[{"@type":"WebPage","@id":"https:\/\/www.welovecycling.com\/pl\/2016\/04\/26\/powrot-na-tor-historia-martyna-ashtona\/","url":"https:\/\/www.welovecycling.com\/pl\/2016\/04\/26\/powrot-na-tor-historia-martyna-ashtona\/","name":"Powr\u00f3t na tor: Historia Martyna Ashtona - \u0160koda We Love Cycling - Poland","isPartOf":{"@id":"https:\/\/www.welovecycling.com\/pl\/#website"},"primaryImageOfPage":{"@id":"https:\/\/www.welovecycling.com\/pl\/2016\/04\/26\/powrot-na-tor-historia-martyna-ashtona\/#primaryimage"},"image":{"@id":"https:\/\/www.welovecycling.com\/pl\/2016\/04\/26\/powrot-na-tor-historia-martyna-ashtona\/#primaryimage"},"thumbnailUrl":"https:\/\/d2p6e6u75xmxt8.cloudfront.net\/5\/2016\/04\/rowery.jpg","datePublished":"2016-04-26T09:44:23+00:00","dateModified":"2016-12-05T09:50:15+00:00","author":{"@id":"https:\/\/www.welovecycling.com\/pl\/#\/schema\/person\/e5187c9cac8dd619ebc7b41bd73c2fd9"},"breadcrumb":{"@id":"https:\/\/www.welovecycling.com\/pl\/2016\/04\/26\/powrot-na-tor-historia-martyna-ashtona\/#breadcrumb"},"inLanguage":"pl-PL","potentialAction":[{"@type":"ReadAction","target":["https:\/\/www.welovecycling.com\/pl\/2016\/04\/26\/powrot-na-tor-historia-martyna-ashtona\/"]}]},{"@type":"ImageObject","inLanguage":"pl-PL","@id":"https:\/\/www.welovecycling.com\/pl\/2016\/04\/26\/powrot-na-tor-historia-martyna-ashtona\/#primaryimage","url":"https:\/\/d2p6e6u75xmxt8.cloudfront.net\/5\/2016\/04\/rowery.jpg","contentUrl":"https:\/\/d2p6e6u75xmxt8.cloudfront.net\/5\/2016\/04\/rowery.jpg","width":1200,"height":1200},{"@type":"BreadcrumbList","@id":"https:\/\/www.welovecycling.com\/pl\/2016\/04\/26\/powrot-na-tor-historia-martyna-ashtona\/#breadcrumb","itemListElement":[{"@type":"ListItem","position":1,"name":"Home","item":"https:\/\/www.welovecycling.com\/pl\/"},{"@type":"ListItem","position":2,"name":"Powr\u00f3t na tor: Historia Martyna Ashtona"}]},{"@type":"WebSite","@id":"https:\/\/www.welovecycling.com\/pl\/#website","url":"https:\/\/www.welovecycling.com\/pl\/","name":"\u0160koda We Love Cycling - Poland","description":"","potentialAction":[{"@type":"SearchAction","target":{"@type":"EntryPoint","urlTemplate":"https:\/\/www.welovecycling.com\/pl\/?s={search_term_string}"},"query-input":{"@type":"PropertyValueSpecification","valueRequired":true,"valueName":"search_term_string"}}],"inLanguage":"pl-PL"},{"@type":"Person","@id":"https:\/\/www.welovecycling.com\/pl\/#\/schema\/person\/e5187c9cac8dd619ebc7b41bd73c2fd9","name":"WeLoveCycling","image":{"@type":"ImageObject","inLanguage":"pl-PL","@id":"https:\/\/www.welovecycling.com\/pl\/#\/schema\/person\/image\/","url":"https:\/\/secure.gravatar.com\/avatar\/7e1ee0ecc5e294b19ef32b9f6086e0afbb9da00c3cb0d465ba4695331f4a9187?s=96&d=mm&r=g","contentUrl":"https:\/\/secure.gravatar.com\/avatar\/7e1ee0ecc5e294b19ef32b9f6086e0afbb9da00c3cb0d465ba4695331f4a9187?s=96&d=mm&r=g","caption":"WeLoveCycling"},"url":"https:\/\/www.welovecycling.com\/pl\/author\/lukascech\/"}]}},"_links":{"self":[{"href":"https:\/\/www.welovecycling.com\/pl\/wp-json\/wp\/v2\/posts\/942","targetHints":{"allow":["GET"]}}],"collection":[{"href":"https:\/\/www.welovecycling.com\/pl\/wp-json\/wp\/v2\/posts"}],"about":[{"href":"https:\/\/www.welovecycling.com\/pl\/wp-json\/wp\/v2\/types\/post"}],"author":[{"embeddable":true,"href":"https:\/\/www.welovecycling.com\/pl\/wp-json\/wp\/v2\/users\/1"}],"replies":[{"embeddable":true,"href":"https:\/\/www.welovecycling.com\/pl\/wp-json\/wp\/v2\/comments?post=942"}],"version-history":[{"count":1,"href":"https:\/\/www.welovecycling.com\/pl\/wp-json\/wp\/v2\/posts\/942\/revisions"}],"predecessor-version":[{"id":2470,"href":"https:\/\/www.welovecycling.com\/pl\/wp-json\/wp\/v2\/posts\/942\/revisions\/2470"}],"wp:featuredmedia":[{"embeddable":true,"href":"https:\/\/www.welovecycling.com\/pl\/wp-json\/wp\/v2\/media\/943"}],"wp:attachment":[{"href":"https:\/\/www.welovecycling.com\/pl\/wp-json\/wp\/v2\/media?parent=942"}],"wp:term":[{"taxonomy":"category","embeddable":true,"href":"https:\/\/www.welovecycling.com\/pl\/wp-json\/wp\/v2\/categories?post=942"},{"taxonomy":"post_tag","embeddable":true,"href":"https:\/\/www.welovecycling.com\/pl\/wp-json\/wp\/v2\/tags?post=942"},{"taxonomy":"global-categories","embeddable":true,"href":"https:\/\/www.welovecycling.com\/pl\/wp-json\/wp\/v2\/global-categories?post=942"}],"curies":[{"name":"wp","href":"https:\/\/api.w.org\/{rel}","templated":true}]}}