{"id":9414,"date":"2019-07-26T08:22:17","date_gmt":"2019-07-26T08:22:17","guid":{"rendered":"https:\/\/www.welovecycling.com\/pl\/?p=9414"},"modified":"2019-07-26T08:57:59","modified_gmt":"2019-07-26T08:57:59","slug":"tour-de-france-czas-oddzielic-chlopcow-od-mezczyzn","status":"publish","type":"post","link":"https:\/\/www.welovecycling.com\/pl\/2019\/07\/26\/tour-de-france-czas-oddzielic-chlopcow-od-mezczyzn\/","title":{"rendered":"Tour de France. Czas oddzieli\u0107 ch\u0142opc\u00f3w od m\u0119\u017cczyzn!"},"content":{"rendered":"<p><strong>Wielka P\u0119tla wje\u017cd\u017ca na ostatni\u0105 prost\u0105! Ca\u0142a Francja trzyma kciuki za Julianem Alaphilippem, ale Team Ineos si\u0142y na najbli\u017cszy weekend zbiera\u0142 przez ca\u0142y rok i teraz nie zamierza odpuszcza\u0107. A koszulka lidera jest tylko jedna\u2026<\/strong><\/p>\n<p>Pi\u0119knie uk\u0142ada si\u0119 tegoroczny Tour de France! Alaphilippe \u017c\u00f3\u0142ty trykot naci\u0105gn\u0105\u0142 na siebie po si\u00f3dmym etapie i od razu pojawi\u0142o si\u0119 pytanie: \u201eNa jak d\u0142ugo?\u201d. Mia\u0142 pa\u015b\u0107 na terenach pag\u00f3rkowatych, podczas jazdy na czas, a p\u00f3\u017aniej w Pirenejach. Rywale czekaj\u0105 na kryzys Francuza, a on z pomoc\u0105 swoich kibic\u00f3w odgania si\u0119 przed nimi jak przed muchami.<\/p>\n<p>Nap\u0119dza go doping fan\u00f3w, a tak\u017ce fakt, \u017ce mo\u017ce przej\u015b\u0107 do historii. Francja na swojego rodaka w \u017c\u00f3\u0142tej koszulce na Polach Elizejskich czeka od 34 lat, gdy na najwy\u017cszym stopniu podium najwa\u017cniejszego wy\u015bcigu \u015bwiata stan\u0105\u0142 legendarny Bernard Hinault. A czy dla Francuz\u00f3w by\u0142oby co\u015b pi\u0119kniejszego ni\u017c triumf ich rodaka na 100-lecie ustanowienia \u017c\u00f3\u0142tej koszulki?<\/p>\n<p>Przed Alaphillippem ostatni weekend, kt\u00f3re mo\u017ce wywr\u00f3ci\u0107 jego kolarskie \u017cycie do g\u00f3ry nogami \u2013 albo stanie si\u0119 wielkim zwyci\u0119zc\u0105 Tour de France, albo ju\u017c na zawsze pogrzebie swoje szanse w strzelistych Alpach.<\/p>\n<figure id=\"attachment_9416\" aria-describedby=\"caption-attachment-9416\" style=\"width: 1000px\" class=\"wp-caption aligncenter\"><img loading=\"lazy\" decoding=\"async\" class=\"size-full wp-image-9416\" src=\"https:\/\/d2p6e6u75xmxt8.cloudfront.net\/5\/2019\/07\/08fa2.jpg\" alt=\"\" width=\"1000\" height=\"667\" srcset=\"https:\/\/d2p6e6u75xmxt8.cloudfront.net\/5\/2019\/07\/08fa2.jpg 1000w, https:\/\/d2p6e6u75xmxt8.cloudfront.net\/5\/2019\/07\/08fa2-300x200.jpg 300w, https:\/\/d2p6e6u75xmxt8.cloudfront.net\/5\/2019\/07\/08fa2-768x512.jpg 768w, https:\/\/d2p6e6u75xmxt8.cloudfront.net\/5\/2019\/07\/08fa2-272x182.jpg 272w\" sizes=\"auto, (max-width: 1000px) 100vw, 1000px\" \/><figcaption id=\"caption-attachment-9416\" class=\"wp-caption-text\">Tour de France 2019 &#8211; 25\/07\/2019 &#8211; Etape 18 &#8211; Embrun \/ Valloire (208 km) &#8211; Julian ALAPHILIPPE (DECEUNINCK &#8211; QUICK &#8211; STEP) \u00a9 A.S.O.\/Alex BROADWAY<\/figcaption><\/figure>\n<p><strong>Uwaga! Ryzykant na zjazdach<\/strong><\/p>\n<p>W najwa\u017cniejsze kolarskie g\u00f3ry \u015bwiata zawodnicy wjechali w czwartek. Alaphillippe\u2019a dopad\u0142o ma\u0142e zm\u0119czenie, ale Francuz jakby przeszed\u0142\u00a0 przyspieszony kurs zarz\u0105dzania kryzysem.<\/p>\n<p>&#8211; Mocno zaryzykowa\u0142em na zje\u017adzie. Zacz\u0105\u0142em p\u0119dzi\u0107 w d\u00f3\u0142 i skupi\u0142em na tym, by unikn\u0105\u0107 upadku \u2013 przyzna\u0142 na mecie.<\/p>\n<p>Etap wygra\u0142 Nairo Quintana, kt\u00f3ry w klasyfikacji\u00a0 generalnej by\u0142 jednak 10 minut za Francuzem i musia\u0142by na ostatnich dw\u00f3ch etapach wyczynia\u0107 cuda, by liczy\u0107 si\u0119 w walce o wygranie Tour de France. Za to Alaphilippe pilnowa\u0142 Gerainta Thomasa, kt\u00f3remu od pocz\u0105tku wy\u015bcigu ci\u0105\u017cy przyklejona naklejka z napisem \u201efaworyt\u201d.<\/p>\n<p>Obaj niemal r\u00f3wnocze\u015bnie wpadli na met\u0119, trac\u0105c do Quintany ponad pi\u0119\u0107 minut. \u2013 Brawo Nairo! Poradzi\u0142 sobie w bardzo trudnych warunkach \u2013 chwali\u0142 kolarza Movistar Dariusz Baranowski, ekspert Eurosportu.<\/p>\n<lite-youtube videoid=kDJLZERjifY params=\"enablejsapi=1\" style=\"background-image: url('https:\/\/i.ytimg.com\/vi_webp\/kDJLZERjifY\/maxresdefault.webp');\"><\/lite-youtube>\n<p>Z kolei Francuzi mogli mie\u0107 podw\u00f3jne powody do rado\u015bci, bo nie do\u015b\u0107, \u017ce Alaphillippe obroni\u0142 koszulk\u0119 lidera, to jeszcze drugi z ich rodak\u00f3w &#8211; Romain Bardet \u2013 pr\u00f3bowa\u0142 mocno naciska\u0107 Quintan\u0119. Kolumbijczyk w czwartek by\u0142 jednak nie do pokonania i zawodnik AG2R La Mondiale musia\u0142 zadowoli\u0107 si\u0119 drugim miejscem.<\/p>\n<p>&#8211; Bardet nie jest do ko\u0144ca szcz\u0119\u015bliwy, bo liczy\u0142 na wygran\u0105. Dla niego to nawet nie jest drugie miejsce, ale pierwsze przegrane \u2013 m\u00f3wi\u0142 Baranowski.<\/p>\n<p><strong>\u017barty si\u0119 sko\u0144czy\u0142y<\/strong><\/p>\n<p>Dzi\u015b przed zawodnikami jeden z dw\u00f3ch etap\u00f3w, kt\u00f3re \u2013 jak mawiaj\u0105 kolarze \u2013 oddziel\u0105 ch\u0142opc\u00f3w od m\u0119\u017cczyzn. Zawodnicy b\u0119d\u0105 wspinali si\u0119 na kolejne szczyty, a najwy\u017cszy z nich \u2013 Col d\u2019Iseran \u2013 znajduje si\u0119 na ponad 2700 m.n.p.m. Scenariusz? Jedna z ekip spr\u00f3buje pewnie narzuci\u0107 mordercze tempo na podjazdach i niewykluczone, \u017ce b\u0119dzie to Team Ineos z wiceliderem klasyfikacji generalnej Eganem Bernalem oraz znajduj\u0105cym si\u0119 tu\u017c za nim Geraintem Thomasem.<\/p>\n<p>Alaphillipe na podjazdach pewne nie b\u0119dzie potrafi\u0142 si\u0119 obroni\u0107, ale za to straty planuje nadrabia\u0107 podczas zjazd\u00f3w.<\/p>\n<p>&#8211; Obieca\u0142em, \u017ce dam z siebie wszystko i s\u0142owa dotrzymuj\u0119. Tak te\u017c b\u0119dzie na kolejnych etapach. Oczekiwania Francuz\u00f3w s\u0105 ogromne i zrobi\u0119 wszystko co w mojej mocy, aby wygra\u0107 wy\u015bcig. Nie poddam si\u0119 \u2013 zapewnia Alaphilippe.<\/p>\n<p>Po 18. etapach w klasyfikacji punktowej (sponsorowanej przed \u0160KOD\u0118) prowadzi Peter Sagan, w g\u00f3rskiej Romain Bardet, a w m\u0142odzie\u017cowej Egan Bernal.<\/p>\n<p><strong>Klasyfikacja generalna po 18. etapach Tour de France:<\/strong><\/p>\n<ol>\n<li>Julian Alaphilippe (Deceuninck &#8211; Quick &#8211; Step) 75:18.49<\/li>\n<li>Egan Bernal (Team Ineos) +1.30<\/li>\n<li>Geraint Thomas (Team Ineos) +1.35<\/li>\n<\/ol>\n<hr \/>\n<p>________________________<\/p>\n<p>74. Micha\u0142 Kwiatkowski (Team Ineos) 1:59.10<br \/>\n130. \u0141ukasz Wi\u015bniowski (CCC Team) 3:09.54<\/p>\n<p><span data-sheets-value=\"{&quot;1&quot;:2,&quot;2&quot;:&quot;Artyku\u0142 powsta\u0142 we wsp\u00f3\u0142pracy ze skoda-auto.pl&quot;}\" data-sheets-userformat=\"{&quot;2&quot;:1,&quot;3&quot;:{&quot;1&quot;:0}}\"><a class=\"in-cell-link\" href=\"http:\/\/www.skoda-auto.pl\/\" target=\"_blank\" rel=\"noopener\">Artyku\u0142 powsta\u0142 we wsp\u00f3\u0142pracy ze skoda-auto.pl<\/a><\/span><\/p>\n","protected":false},"excerpt":{"rendered":"<p>Wielka P\u0119tla wje\u017cd\u017ca na ostatni\u0105 prost\u0105! Ca\u0142a Francja trzyma kciuki za Julianem Alaphilippem, ale Team Ineos si\u0142y na najbli\u017cszy weekend [&hellip;]<\/p>\n","protected":false},"author":76,"featured_media":9416,"comment_status":"open","ping_status":"open","sticky":false,"template":"","format":"standard","meta":{"footnotes":""},"categories":[300],"tags":[],"global-categories":[],"class_list":["post-9414","post","type-post","status-publish","format-standard","has-post-thumbnail","hentry","category-tour-de-france-2019"],"yoast_head":"<!-- This site is optimized with the Yoast SEO Premium plugin v25.3 (Yoast SEO v25.9) - https:\/\/yoast.com\/wordpress\/plugins\/seo\/ -->\n<title>Tour de France. Czas oddzieli\u0107 ch\u0142opc\u00f3w od m\u0119\u017cczyzn! - \u0160koda We Love Cycling - Poland<\/title>\n<meta name=\"robots\" content=\"index, follow, max-snippet:-1, max-image-preview:large, max-video-preview:-1\" \/>\n<link rel=\"canonical\" href=\"https:\/\/www.welovecycling.com\/pl\/2019\/07\/26\/tour-de-france-czas-oddzielic-chlopcow-od-mezczyzn\/\" \/>\n<meta property=\"og:locale\" content=\"pl_PL\" \/>\n<meta property=\"og:type\" content=\"article\" \/>\n<meta property=\"og:title\" content=\"Tour de France. Czas oddzieli\u0107 ch\u0142opc\u00f3w od m\u0119\u017cczyzn!\" \/>\n<meta property=\"og:description\" content=\"Wielka P\u0119tla wje\u017cd\u017ca na ostatni\u0105 prost\u0105! Ca\u0142a Francja trzyma kciuki za Julianem Alaphilippem, ale Team Ineos si\u0142y na najbli\u017cszy weekend [&hellip;]\" \/>\n<meta property=\"og:url\" content=\"https:\/\/www.welovecycling.com\/pl\/2019\/07\/26\/tour-de-france-czas-oddzielic-chlopcow-od-mezczyzn\/\" \/>\n<meta property=\"og:site_name\" content=\"\u0160koda We Love Cycling - Poland\" \/>\n<meta property=\"article:published_time\" content=\"2019-07-26T08:22:17+00:00\" \/>\n<meta property=\"article:modified_time\" content=\"2019-07-26T08:57:59+00:00\" \/>\n<meta property=\"og:image\" content=\"https:\/\/d2p6e6u75xmxt8.cloudfront.net\/5\/2019\/07\/08fa2.jpg\" \/>\n\t<meta property=\"og:image:width\" content=\"1000\" \/>\n\t<meta property=\"og:image:height\" content=\"667\" \/>\n\t<meta property=\"og:image:type\" content=\"image\/jpeg\" \/>\n<meta name=\"author\" content=\"piotrboczkowski\" \/>\n<meta name=\"twitter:card\" content=\"summary_large_image\" \/>\n<meta name=\"twitter:label1\" content=\"Written by\" \/>\n\t<meta name=\"twitter:data1\" content=\"Piotr Nowik\" \/>\n\t<meta name=\"twitter:label2\" content=\"Est. reading time\" \/>\n\t<meta name=\"twitter:data2\" content=\"4\" \/>\n<script type=\"application\/ld+json\" class=\"yoast-schema-graph\">{\"@context\":\"https:\/\/schema.org\",\"@graph\":[{\"@type\":\"WebPage\",\"@id\":\"https:\/\/www.welovecycling.com\/pl\/2019\/07\/26\/tour-de-france-czas-oddzielic-chlopcow-od-mezczyzn\/\",\"url\":\"https:\/\/www.welovecycling.com\/pl\/2019\/07\/26\/tour-de-france-czas-oddzielic-chlopcow-od-mezczyzn\/\",\"name\":\"Tour de France. Czas oddzieli\u0107 ch\u0142opc\u00f3w od m\u0119\u017cczyzn! - \u0160koda We Love Cycling - Poland\",\"isPartOf\":{\"@id\":\"https:\/\/www.welovecycling.com\/pl\/#website\"},\"primaryImageOfPage\":{\"@id\":\"https:\/\/www.welovecycling.com\/pl\/2019\/07\/26\/tour-de-france-czas-oddzielic-chlopcow-od-mezczyzn\/#primaryimage\"},\"image\":{\"@id\":\"https:\/\/www.welovecycling.com\/pl\/2019\/07\/26\/tour-de-france-czas-oddzielic-chlopcow-od-mezczyzn\/#primaryimage\"},\"thumbnailUrl\":\"https:\/\/d2p6e6u75xmxt8.cloudfront.net\/5\/2019\/07\/08fa2.jpg\",\"datePublished\":\"2019-07-26T08:22:17+00:00\",\"dateModified\":\"2019-07-26T08:57:59+00:00\",\"author\":{\"@id\":\"https:\/\/www.welovecycling.com\/pl\/#\/schema\/person\/0dba2d39da943db9df3fd8f4687e7f23\"},\"breadcrumb\":{\"@id\":\"https:\/\/www.welovecycling.com\/pl\/2019\/07\/26\/tour-de-france-czas-oddzielic-chlopcow-od-mezczyzn\/#breadcrumb\"},\"inLanguage\":\"pl-PL\",\"potentialAction\":[{\"@type\":\"ReadAction\",\"target\":[\"https:\/\/www.welovecycling.com\/pl\/2019\/07\/26\/tour-de-france-czas-oddzielic-chlopcow-od-mezczyzn\/\"]}]},{\"@type\":\"ImageObject\",\"inLanguage\":\"pl-PL\",\"@id\":\"https:\/\/www.welovecycling.com\/pl\/2019\/07\/26\/tour-de-france-czas-oddzielic-chlopcow-od-mezczyzn\/#primaryimage\",\"url\":\"https:\/\/d2p6e6u75xmxt8.cloudfront.net\/5\/2019\/07\/08fa2.jpg\",\"contentUrl\":\"https:\/\/d2p6e6u75xmxt8.cloudfront.net\/5\/2019\/07\/08fa2.jpg\",\"width\":1000,\"height\":667,\"caption\":\"Tour de France 2019 - 25\/07\/2019 - Etape 18 - Embrun \/ Valloire (208 km) - Julian ALAPHILIPPE (DECEUNINCK - QUICK - STEP) \u00a9 A.S.O.\/Alex BROADWAY\"},{\"@type\":\"BreadcrumbList\",\"@id\":\"https:\/\/www.welovecycling.com\/pl\/2019\/07\/26\/tour-de-france-czas-oddzielic-chlopcow-od-mezczyzn\/#breadcrumb\",\"itemListElement\":[{\"@type\":\"ListItem\",\"position\":1,\"name\":\"Home\",\"item\":\"https:\/\/www.welovecycling.com\/pl\/\"},{\"@type\":\"ListItem\",\"position\":2,\"name\":\"Tour de France. Czas oddzieli\u0107 ch\u0142opc\u00f3w od m\u0119\u017cczyzn!\"}]},{\"@type\":\"WebSite\",\"@id\":\"https:\/\/www.welovecycling.com\/pl\/#website\",\"url\":\"https:\/\/www.welovecycling.com\/pl\/\",\"name\":\"\u0160koda We Love Cycling - Poland\",\"description\":\"\",\"potentialAction\":[{\"@type\":\"SearchAction\",\"target\":{\"@type\":\"EntryPoint\",\"urlTemplate\":\"https:\/\/www.welovecycling.com\/pl\/?s={search_term_string}\"},\"query-input\":{\"@type\":\"PropertyValueSpecification\",\"valueRequired\":true,\"valueName\":\"search_term_string\"}}],\"inLanguage\":\"pl-PL\"},{\"@type\":\"Person\",\"@id\":\"https:\/\/www.welovecycling.com\/pl\/#\/schema\/person\/0dba2d39da943db9df3fd8f4687e7f23\",\"name\":\"piotrboczkowski\",\"image\":{\"@type\":\"ImageObject\",\"inLanguage\":\"pl-PL\",\"@id\":\"https:\/\/www.welovecycling.com\/pl\/#\/schema\/person\/image\/\",\"url\":\"https:\/\/secure.gravatar.com\/avatar\/533caccae14752e03a2ce2d3fd62d1b98b93e1393c3195c27819e53344ca1ace?s=96&d=mm&r=g\",\"contentUrl\":\"https:\/\/secure.gravatar.com\/avatar\/533caccae14752e03a2ce2d3fd62d1b98b93e1393c3195c27819e53344ca1ace?s=96&d=mm&r=g\",\"caption\":\"piotrboczkowski\"},\"url\":\"https:\/\/www.welovecycling.com\/pl\/author\/piotrboczkowski\/\"}]}<\/script>\n<!-- \/ Yoast SEO Premium plugin. -->","yoast_head_json":{"title":"Tour de France. Czas oddzieli\u0107 ch\u0142opc\u00f3w od m\u0119\u017cczyzn! - \u0160koda We Love Cycling - Poland","robots":{"index":"index","follow":"follow","max-snippet":"max-snippet:-1","max-image-preview":"max-image-preview:large","max-video-preview":"max-video-preview:-1"},"canonical":"https:\/\/www.welovecycling.com\/pl\/2019\/07\/26\/tour-de-france-czas-oddzielic-chlopcow-od-mezczyzn\/","og_locale":"pl_PL","og_type":"article","og_title":"Tour de France. Czas oddzieli\u0107 ch\u0142opc\u00f3w od m\u0119\u017cczyzn!","og_description":"Wielka P\u0119tla wje\u017cd\u017ca na ostatni\u0105 prost\u0105! Ca\u0142a Francja trzyma kciuki za Julianem Alaphilippem, ale Team Ineos si\u0142y na najbli\u017cszy weekend [&hellip;]","og_url":"https:\/\/www.welovecycling.com\/pl\/2019\/07\/26\/tour-de-france-czas-oddzielic-chlopcow-od-mezczyzn\/","og_site_name":"\u0160koda We Love Cycling - Poland","article_published_time":"2019-07-26T08:22:17+00:00","article_modified_time":"2019-07-26T08:57:59+00:00","og_image":[{"width":1000,"height":667,"url":"https:\/\/d2p6e6u75xmxt8.cloudfront.net\/5\/2019\/07\/08fa2.jpg","type":"image\/jpeg"}],"author":"piotrboczkowski","twitter_card":"summary_large_image","twitter_misc":{"Written by":"Piotr Nowik","Est. reading time":"4"},"schema":{"@context":"https:\/\/schema.org","@graph":[{"@type":"WebPage","@id":"https:\/\/www.welovecycling.com\/pl\/2019\/07\/26\/tour-de-france-czas-oddzielic-chlopcow-od-mezczyzn\/","url":"https:\/\/www.welovecycling.com\/pl\/2019\/07\/26\/tour-de-france-czas-oddzielic-chlopcow-od-mezczyzn\/","name":"Tour de France. Czas oddzieli\u0107 ch\u0142opc\u00f3w od m\u0119\u017cczyzn! - \u0160koda We Love Cycling - Poland","isPartOf":{"@id":"https:\/\/www.welovecycling.com\/pl\/#website"},"primaryImageOfPage":{"@id":"https:\/\/www.welovecycling.com\/pl\/2019\/07\/26\/tour-de-france-czas-oddzielic-chlopcow-od-mezczyzn\/#primaryimage"},"image":{"@id":"https:\/\/www.welovecycling.com\/pl\/2019\/07\/26\/tour-de-france-czas-oddzielic-chlopcow-od-mezczyzn\/#primaryimage"},"thumbnailUrl":"https:\/\/d2p6e6u75xmxt8.cloudfront.net\/5\/2019\/07\/08fa2.jpg","datePublished":"2019-07-26T08:22:17+00:00","dateModified":"2019-07-26T08:57:59+00:00","author":{"@id":"https:\/\/www.welovecycling.com\/pl\/#\/schema\/person\/0dba2d39da943db9df3fd8f4687e7f23"},"breadcrumb":{"@id":"https:\/\/www.welovecycling.com\/pl\/2019\/07\/26\/tour-de-france-czas-oddzielic-chlopcow-od-mezczyzn\/#breadcrumb"},"inLanguage":"pl-PL","potentialAction":[{"@type":"ReadAction","target":["https:\/\/www.welovecycling.com\/pl\/2019\/07\/26\/tour-de-france-czas-oddzielic-chlopcow-od-mezczyzn\/"]}]},{"@type":"ImageObject","inLanguage":"pl-PL","@id":"https:\/\/www.welovecycling.com\/pl\/2019\/07\/26\/tour-de-france-czas-oddzielic-chlopcow-od-mezczyzn\/#primaryimage","url":"https:\/\/d2p6e6u75xmxt8.cloudfront.net\/5\/2019\/07\/08fa2.jpg","contentUrl":"https:\/\/d2p6e6u75xmxt8.cloudfront.net\/5\/2019\/07\/08fa2.jpg","width":1000,"height":667,"caption":"Tour de France 2019 - 25\/07\/2019 - Etape 18 - Embrun \/ Valloire (208 km) - Julian ALAPHILIPPE (DECEUNINCK - QUICK - STEP) \u00a9 A.S.O.\/Alex BROADWAY"},{"@type":"BreadcrumbList","@id":"https:\/\/www.welovecycling.com\/pl\/2019\/07\/26\/tour-de-france-czas-oddzielic-chlopcow-od-mezczyzn\/#breadcrumb","itemListElement":[{"@type":"ListItem","position":1,"name":"Home","item":"https:\/\/www.welovecycling.com\/pl\/"},{"@type":"ListItem","position":2,"name":"Tour de France. Czas oddzieli\u0107 ch\u0142opc\u00f3w od m\u0119\u017cczyzn!"}]},{"@type":"WebSite","@id":"https:\/\/www.welovecycling.com\/pl\/#website","url":"https:\/\/www.welovecycling.com\/pl\/","name":"\u0160koda We Love Cycling - Poland","description":"","potentialAction":[{"@type":"SearchAction","target":{"@type":"EntryPoint","urlTemplate":"https:\/\/www.welovecycling.com\/pl\/?s={search_term_string}"},"query-input":{"@type":"PropertyValueSpecification","valueRequired":true,"valueName":"search_term_string"}}],"inLanguage":"pl-PL"},{"@type":"Person","@id":"https:\/\/www.welovecycling.com\/pl\/#\/schema\/person\/0dba2d39da943db9df3fd8f4687e7f23","name":"piotrboczkowski","image":{"@type":"ImageObject","inLanguage":"pl-PL","@id":"https:\/\/www.welovecycling.com\/pl\/#\/schema\/person\/image\/","url":"https:\/\/secure.gravatar.com\/avatar\/533caccae14752e03a2ce2d3fd62d1b98b93e1393c3195c27819e53344ca1ace?s=96&d=mm&r=g","contentUrl":"https:\/\/secure.gravatar.com\/avatar\/533caccae14752e03a2ce2d3fd62d1b98b93e1393c3195c27819e53344ca1ace?s=96&d=mm&r=g","caption":"piotrboczkowski"},"url":"https:\/\/www.welovecycling.com\/pl\/author\/piotrboczkowski\/"}]}},"_links":{"self":[{"href":"https:\/\/www.welovecycling.com\/pl\/wp-json\/wp\/v2\/posts\/9414","targetHints":{"allow":["GET"]}}],"collection":[{"href":"https:\/\/www.welovecycling.com\/pl\/wp-json\/wp\/v2\/posts"}],"about":[{"href":"https:\/\/www.welovecycling.com\/pl\/wp-json\/wp\/v2\/types\/post"}],"author":[{"embeddable":true,"href":"https:\/\/www.welovecycling.com\/pl\/wp-json\/wp\/v2\/users\/76"}],"replies":[{"embeddable":true,"href":"https:\/\/www.welovecycling.com\/pl\/wp-json\/wp\/v2\/comments?post=9414"}],"version-history":[{"count":2,"href":"https:\/\/www.welovecycling.com\/pl\/wp-json\/wp\/v2\/posts\/9414\/revisions"}],"predecessor-version":[{"id":9418,"href":"https:\/\/www.welovecycling.com\/pl\/wp-json\/wp\/v2\/posts\/9414\/revisions\/9418"}],"wp:featuredmedia":[{"embeddable":true,"href":"https:\/\/www.welovecycling.com\/pl\/wp-json\/wp\/v2\/media\/9416"}],"wp:attachment":[{"href":"https:\/\/www.welovecycling.com\/pl\/wp-json\/wp\/v2\/media?parent=9414"}],"wp:term":[{"taxonomy":"category","embeddable":true,"href":"https:\/\/www.welovecycling.com\/pl\/wp-json\/wp\/v2\/categories?post=9414"},{"taxonomy":"post_tag","embeddable":true,"href":"https:\/\/www.welovecycling.com\/pl\/wp-json\/wp\/v2\/tags?post=9414"},{"taxonomy":"global-categories","embeddable":true,"href":"https:\/\/www.welovecycling.com\/pl\/wp-json\/wp\/v2\/global-categories?post=9414"}],"curies":[{"name":"wp","href":"https:\/\/api.w.org\/{rel}","templated":true}]}}