{"id":9405,"date":"2019-07-24T07:56:02","date_gmt":"2019-07-24T07:56:02","guid":{"rendered":"https:\/\/www.welovecycling.com\/pl\/?p=9405"},"modified":"2019-07-24T08:40:30","modified_gmt":"2019-07-24T08:40:30","slug":"oto-nietypowy-przepis-na-zwyciestwo-w-tour-de-france","status":"publish","type":"post","link":"https:\/\/www.welovecycling.com\/pl\/2019\/07\/24\/oto-nietypowy-przepis-na-zwyciestwo-w-tour-de-france\/","title":{"rendered":"Oto nietypowy przepis na zwyci\u0119stwo w Tour de France"},"content":{"rendered":"<p><strong>\u201eNajpierw czu\u0142em si\u0119 \u017ale, bo chyba zjad\u0142em za du\u017co \u017ceberek, a p\u00f3\u017aniej strasznie cierpia\u0142em w tym upale. Og\u00f3lnie moje samopoczucie by\u0142o fatalne\u201d \u2013 czy to s\u0142owa zawodnika, kt\u00f3ry w\u0142a\u015bnie wycofa\u0142 si\u0119 z Tour de France? Albo zanotowa\u0142 katastrofalny  wyst\u0119p? Nie, wypowiedzia\u0142 je\u2026  Caleb Ewan, zwyci\u0119zca 16. etapu  Wielkiej P\u0119tli, kt\u00f3rego na finiszu nap\u0119dza\u0142y \u017cona i miesi\u0119czna c\u00f3reczka.<\/strong><\/p>\n<p>Gdyby to zawodnik Lotto Soudal mia\u0142 przygotowa\u0107 przepis na wygranie etapu najwi\u0119kszego wy\u015bcigu \u015bwiata, to fachowcy i dietetycy pewnie z\u0142apaliby si\u0119 za g\u0142owy. Ten z wtorku brzmia\u0142by mniej wi\u0119cej tak: \u201eprzesadzi\u0107 z ci\u0119\u017ckim jedzeniem, fatalnie czu\u0107 si\u0119 ju\u017c przed po\u0142o\u017ceniem spa\u0107, a wszystko przypiecz\u0119towa\u0107 nietolerancj\u0105 na upalne s\u0142o\u0144ce\u201d.<\/p>\n<p>&#8211; Podczas tego etapu naprawd\u0119 cierpia\u0142em, ale mia\u0142em wra\u017cenie, \u017ce nie tylko ja. Jednak ja jako jeden z niewielu mia\u0142em fantastyczn\u0105 motywacj\u0119, czyli \u017con\u0119 i c\u00f3rk\u0119, kt\u00f3re czeka\u0142y na mnie na mecie. Chcia\u0142em, \u017ceby by\u0142y ze mnie dumne i marzy\u0142em, by zrobi\u0107 show dla nowonarodzonej c\u00f3rki \u2013 przyzna\u0142 na mecie Ewan.<\/p>\n<figure id=\"attachment_9408\" aria-describedby=\"caption-attachment-9408\" style=\"width: 1000px\" class=\"wp-caption aligncenter\"><img loading=\"lazy\" decoding=\"async\" class=\"size-full wp-image-9408\" src=\"https:\/\/d2p6e6u75xmxt8.cloudfront.net\/5\/2019\/07\/e5be5.jpg\" alt=\"\" width=\"1000\" height=\"667\" srcset=\"https:\/\/d2p6e6u75xmxt8.cloudfront.net\/5\/2019\/07\/e5be5.jpg 1000w, https:\/\/d2p6e6u75xmxt8.cloudfront.net\/5\/2019\/07\/e5be5-300x200.jpg 300w, https:\/\/d2p6e6u75xmxt8.cloudfront.net\/5\/2019\/07\/e5be5-768x512.jpg 768w, https:\/\/d2p6e6u75xmxt8.cloudfront.net\/5\/2019\/07\/e5be5-272x182.jpg 272w\" sizes=\"auto, (max-width: 1000px) 100vw, 1000px\" \/><figcaption id=\"caption-attachment-9408\" class=\"wp-caption-text\">Tour de France 2019 &#8211; 23\/07\/2019 &#8211; Etape 16 &#8211; N\u00eemes \/ N\u00eemes (177 km) &#8211; Victoire de Caleb EWAN (LOTTO SOUDAL) \u00a9 A.SO.\/Pauline BALLET<\/figcaption><\/figure>\n<p><span style=\"font-size:18pt;\"><strong>Nadprzyrodzone si\u0142y<\/strong><\/span><\/p>\n<p>Motywacj\u0119 Australijczyka mo\u017cna by\u0142o zmierzy\u0107 np. w kilometrach na godzin\u0119. 250 metr\u00f3w przed met\u0105 znajdowa\u0142 si\u0119 od dopiero na si\u00f3dmej pozycji, ale wtedy jakby wst\u0105pi\u0142y w niego nadprzyrodzone si\u0142y. Rozp\u0119dzi\u0142 si\u0119 a\u017c do 67 km\/h, mija\u0142 kolejnych rywali i na met\u0119 wpad\u0142 jako pierwszy.<\/p>\n<p>&#8211; Umiera\u0142 na podjazdach, ale na finiszu dysponowa\u0142 pot\u0119\u017cn\u0105 moc\u0105 i szybko\u015bci\u0105. To by\u0142o pi\u0119kne wyko\u0144czenie \u2013 zachwyca\u0142 si\u0119 Dariusz Barankowski, kt\u00f3ry komentowa\u0142 wy\u015bcig w Eurosporcie.<\/p>\n<p>Zanim jednak Ewan pobieg\u0142 cieszy\u0107 si\u0119 ze zwyci\u0119stwa z rodzin\u0105, to wcze\u015bniej zebra\u0142 gratulacje od koleg\u00f3w z zespo\u0142u<\/p>\n<div class=\"embed-controller-wrapper\">\n<blockquote class=\"twitter-tweet\" data-width=\"500\" data-dnt=\"true\">\n<p lang=\"en\" dir=\"ltr\">\u2600 A very hot day with an amazing scenery<br \/>\ud83d\udca5 <a href=\"https:\/\/twitter.com\/jakob_fuglsang?ref_src=twsrc%5Etfw\">@jakob_fuglsang<\/a> crashes and his forced to abandon. \ud83c\udde9\ud83c\uddf0<br \/>\u270c <a href=\"https:\/\/twitter.com\/CalebEwan?ref_src=twsrc%5Etfw\">@CalebEwan<\/a> claims his second stage win. \ud83c\udde6\ud83c\uddfa<\/p>\n<p>\ud83c\udfac Tune in for Stage 16 of the <a href=\"https:\/\/twitter.com\/hashtag\/TDF2019?src=hash&amp;ref_src=twsrc%5Etfw\">#TDF2019<\/a> summarized in 1&#39; <a href=\"https:\/\/t.co\/UZ4RulD18F\">pic.twitter.com\/UZ4RulD18F<\/a><\/p>\n<p>&mdash; Tour de France\u2122 (@LeTour) <a href=\"https:\/\/twitter.com\/LeTour\/status\/1153705079070814209?ref_src=twsrc%5Etfw\">July 23, 2019<\/a><\/p><\/blockquote>\n<p><script async data-src=\"https:\/\/platform.twitter.com\/widgets.js\" charset=\"utf-8\"><\/script><\/div>\n<p>Podczas wtorkowego \u015bcigania g\u0142o\u015bniej zrobi\u0142o si\u0119 o \u0141ukaszu Wi\u015bniowskim. 27-letni Polak znalaz\u0142 si\u0119 w ucieczce dnia, kt\u00f3ra jecha\u0142a przez prawie ca\u0142y etap, ale zosta\u0142a dopadni\u0119ta dwa kilometry przed met\u0105.<\/p>\n<p>&#8211; B\u0119d\u0105c na Tour de France trzeba w jaki\u015b spos\u00f3b zaakcentowa\u0107 swoj\u0105 obecno\u015b\u0107 i \u0141ukaszowi to si\u0119 uda\u0142o. Kolarstwo to ci\u0119\u017cki sport i najwa\u017cniejsze jest realizowanie ma\u0142ych cel\u00f3w, bo one nakr\u0119caj\u0105 do dalszej walki \u2013 oceni\u0142 wyst\u0119p zawodnika CCC Bartosz Huzarski, komentator Eurosportu.<\/p>\n<p>Ostatecznie Wi\u015bniowski sko\u0144czy\u0142 etap na 108. pozycji, a w klasyfikacji generalnej jest 132.<br \/>\n<span style=\"font-size:18pt;\"><strong>Bez przewrotu w klasyfikacji generalnej<\/strong><\/span><\/p>\n<p>Teraz kolarze patrz\u0105 ju\u017c nie tylko na zwyci\u0119zc\u00f3w etap\u00f3w, ale coraz cz\u0119\u015bciej zerkaj\u0105 na klasyfikacj\u0119 generaln\u0105. Do ko\u0144ca Wielkiej P\u0119tli zosta\u0142y ju\u017c tylko cztery dni \u015bcigania (nie licz\u0105c niedzielnego etapu pokoju). Na razie liderem jest Julian Alaphilippe, ale wygl\u0105da na to, \u017ce wszystko rozstrzygnie si\u0119 w Alpach.<\/p>\n<p>&#8211; Po wtorkowym etapie nie by\u0142o przewrotu w klasyfikacji generalnej. Co prawda upad\u0142 wicelider Geraint Thomas, ale na szcz\u0119\u015bcie tylko delikatnie si\u0119 poobija\u0142 \u2013 wspomina\u0142 poni\u017cszy upadek Huzarski.<\/p>\n<div class=\"embed-controller-wrapper\">\n<blockquote class=\"twitter-tweet\" data-width=\"500\" data-dnt=\"true\">\n<p lang=\"fr\" dir=\"ltr\">\ud83d\udca5 Crash for <a href=\"https:\/\/twitter.com\/GeraintThomas86?ref_src=twsrc%5Etfw\">@GeraintThomas86<\/a>! But it doesn&#39;t appear too serious for the defending champ, who is soon back on his way. \ud83d\udcaa<\/p>\n<p>\ud83d\udca5 Plus de peur que de mal pour Geraint Thomas. Apr\u00e8s une chute, le tenant du titre repart sans trop de difficult\u00e9s. \ud83d\udcaa<a href=\"https:\/\/twitter.com\/hashtag\/TDF2019?src=hash&amp;ref_src=twsrc%5Etfw\">#TDF2019<\/a> <a href=\"https:\/\/t.co\/EjCivc9aBC\">pic.twitter.com\/EjCivc9aBC<\/a><\/p>\n<p>&mdash; Tour de France\u2122 (@LeTour) <a href=\"https:\/\/twitter.com\/LeTour\/status\/1153647029723246592?ref_src=twsrc%5Etfw\">July 23, 2019<\/a><\/p><\/blockquote>\n<p><script async data-src=\"https:\/\/platform.twitter.com\/widgets.js\" charset=\"utf-8\"><\/script><\/div>\n<p>&#8211; To by\u0142 taki typowy etap mi\u0119dzy dniem wolnym a coraz bardziej wymagaj\u0105cym \u015bciganiem. Nie \u017c\u0105dajmy jednak igrzysk codziennie, cho\u0107 na pewno b\u0119dziemy mieli je za kilka dni \u2013 doda\u0142 Huzarski.<br \/>\n<span style=\"font-size:18pt;\"><strong>Czas na kolejny polski akcent?<\/strong><\/span><\/p>\n<p>Dzi\u015b ostatni etap przed wjazdem w Alpy. Kolarze b\u0119d\u0105 mieli do pokonania 200 km z Pont du Gard do Gap. Trasa b\u0119dzie pag\u00f3rkowata i to w\u0142a\u015bnie tutaj swojej szansy na wygranie etapu ma poszuka\u0107 Greg van Avermaet z polskiej grupy CCC Team. \u2013 Zapowiada si\u0119 ciekawe \u015bciganie \u2013 przyznaje Huzarski.<\/p>\n<p><strong>Klasyfikacja generalna po 16. etapie Tour de France:<\/strong><\/p>\n<ol>\n<li>Julian Alaphilippe (Deceuninck-Quick Step) 64:37.52<\/li>\n<li>Geraint Thomas (Team INEOS) +1.35<\/li>\n<li>Steven Kruijswijk (Jumbo-Visma) +1.47<br \/>\n_________________________________<br \/>\n66. Micha\u0142 Kwiatkowski (Team INEOS) +1:34.29<br \/>\n132. \u0141ukasz Wi\u015bniowski (CCC Team) +2:37.15<\/li>\n<\/ol>\n","protected":false},"excerpt":{"rendered":"<p>\u201eNajpierw czu\u0142em si\u0119 \u017ale, bo chyba zjad\u0142em za du\u017co \u017ceberek, a p\u00f3\u017aniej strasznie cierpia\u0142em w tym upale. Og\u00f3lnie moje samopoczucie [&hellip;]<\/p>\n","protected":false},"author":76,"featured_media":9408,"comment_status":"open","ping_status":"open","sticky":false,"template":"","format":"standard","meta":{"footnotes":""},"categories":[300],"tags":[],"global-categories":[],"class_list":["post-9405","post","type-post","status-publish","format-standard","has-post-thumbnail","hentry","category-tour-de-france-2019"],"yoast_head":"<!-- This site is optimized with the Yoast SEO Premium plugin v25.3 (Yoast SEO v25.9) - https:\/\/yoast.com\/wordpress\/plugins\/seo\/ -->\n<title>Oto nietypowy przepis na zwyci\u0119stwo w Tour de France - \u0160koda We Love Cycling - Poland<\/title>\n<meta name=\"robots\" content=\"index, follow, max-snippet:-1, max-image-preview:large, max-video-preview:-1\" \/>\n<link rel=\"canonical\" href=\"https:\/\/www.welovecycling.com\/pl\/2019\/07\/24\/oto-nietypowy-przepis-na-zwyciestwo-w-tour-de-france\/\" \/>\n<meta property=\"og:locale\" content=\"pl_PL\" \/>\n<meta property=\"og:type\" content=\"article\" \/>\n<meta property=\"og:title\" content=\"Oto nietypowy przepis na zwyci\u0119stwo w Tour de France\" \/>\n<meta property=\"og:description\" content=\"\u201eNajpierw czu\u0142em si\u0119 \u017ale, bo chyba zjad\u0142em za du\u017co \u017ceberek, a p\u00f3\u017aniej strasznie cierpia\u0142em w tym upale. Og\u00f3lnie moje samopoczucie [&hellip;]\" \/>\n<meta property=\"og:url\" content=\"https:\/\/www.welovecycling.com\/pl\/2019\/07\/24\/oto-nietypowy-przepis-na-zwyciestwo-w-tour-de-france\/\" \/>\n<meta property=\"og:site_name\" content=\"\u0160koda We Love Cycling - Poland\" \/>\n<meta property=\"article:published_time\" content=\"2019-07-24T07:56:02+00:00\" \/>\n<meta property=\"article:modified_time\" content=\"2019-07-24T08:40:30+00:00\" \/>\n<meta property=\"og:image\" content=\"https:\/\/d2p6e6u75xmxt8.cloudfront.net\/5\/2019\/07\/e5be5.jpg\" \/>\n\t<meta property=\"og:image:width\" content=\"1000\" \/>\n\t<meta property=\"og:image:height\" content=\"667\" \/>\n\t<meta property=\"og:image:type\" content=\"image\/jpeg\" \/>\n<meta name=\"author\" content=\"piotrboczkowski\" \/>\n<meta name=\"twitter:card\" content=\"summary_large_image\" \/>\n<meta name=\"twitter:label1\" content=\"Written by\" \/>\n\t<meta name=\"twitter:data1\" content=\"Piotr Nowik\" \/>\n\t<meta name=\"twitter:label2\" content=\"Est. reading time\" \/>\n\t<meta name=\"twitter:data2\" content=\"3 minutes\" \/>\n<script type=\"application\/ld+json\" class=\"yoast-schema-graph\">{\"@context\":\"https:\/\/schema.org\",\"@graph\":[{\"@type\":\"WebPage\",\"@id\":\"https:\/\/www.welovecycling.com\/pl\/2019\/07\/24\/oto-nietypowy-przepis-na-zwyciestwo-w-tour-de-france\/\",\"url\":\"https:\/\/www.welovecycling.com\/pl\/2019\/07\/24\/oto-nietypowy-przepis-na-zwyciestwo-w-tour-de-france\/\",\"name\":\"Oto nietypowy przepis na zwyci\u0119stwo w Tour de France - \u0160koda We Love Cycling - Poland\",\"isPartOf\":{\"@id\":\"https:\/\/www.welovecycling.com\/pl\/#website\"},\"primaryImageOfPage\":{\"@id\":\"https:\/\/www.welovecycling.com\/pl\/2019\/07\/24\/oto-nietypowy-przepis-na-zwyciestwo-w-tour-de-france\/#primaryimage\"},\"image\":{\"@id\":\"https:\/\/www.welovecycling.com\/pl\/2019\/07\/24\/oto-nietypowy-przepis-na-zwyciestwo-w-tour-de-france\/#primaryimage\"},\"thumbnailUrl\":\"https:\/\/d2p6e6u75xmxt8.cloudfront.net\/5\/2019\/07\/e5be5.jpg\",\"datePublished\":\"2019-07-24T07:56:02+00:00\",\"dateModified\":\"2019-07-24T08:40:30+00:00\",\"author\":{\"@id\":\"https:\/\/www.welovecycling.com\/pl\/#\/schema\/person\/0dba2d39da943db9df3fd8f4687e7f23\"},\"breadcrumb\":{\"@id\":\"https:\/\/www.welovecycling.com\/pl\/2019\/07\/24\/oto-nietypowy-przepis-na-zwyciestwo-w-tour-de-france\/#breadcrumb\"},\"inLanguage\":\"pl-PL\",\"potentialAction\":[{\"@type\":\"ReadAction\",\"target\":[\"https:\/\/www.welovecycling.com\/pl\/2019\/07\/24\/oto-nietypowy-przepis-na-zwyciestwo-w-tour-de-france\/\"]}]},{\"@type\":\"ImageObject\",\"inLanguage\":\"pl-PL\",\"@id\":\"https:\/\/www.welovecycling.com\/pl\/2019\/07\/24\/oto-nietypowy-przepis-na-zwyciestwo-w-tour-de-france\/#primaryimage\",\"url\":\"https:\/\/d2p6e6u75xmxt8.cloudfront.net\/5\/2019\/07\/e5be5.jpg\",\"contentUrl\":\"https:\/\/d2p6e6u75xmxt8.cloudfront.net\/5\/2019\/07\/e5be5.jpg\",\"width\":1000,\"height\":667,\"caption\":\"Tour de France 2019 - 23\/07\/2019 - Etape 16 - N\u00eemes \/ N\u00eemes (177 km) - Victoire de Caleb EWAN (LOTTO SOUDAL) \u00a9 A.SO.\/Pauline BALLET\"},{\"@type\":\"BreadcrumbList\",\"@id\":\"https:\/\/www.welovecycling.com\/pl\/2019\/07\/24\/oto-nietypowy-przepis-na-zwyciestwo-w-tour-de-france\/#breadcrumb\",\"itemListElement\":[{\"@type\":\"ListItem\",\"position\":1,\"name\":\"Home\",\"item\":\"https:\/\/www.welovecycling.com\/pl\/\"},{\"@type\":\"ListItem\",\"position\":2,\"name\":\"Oto nietypowy przepis na zwyci\u0119stwo w Tour de France\"}]},{\"@type\":\"WebSite\",\"@id\":\"https:\/\/www.welovecycling.com\/pl\/#website\",\"url\":\"https:\/\/www.welovecycling.com\/pl\/\",\"name\":\"\u0160koda We Love Cycling - Poland\",\"description\":\"\",\"potentialAction\":[{\"@type\":\"SearchAction\",\"target\":{\"@type\":\"EntryPoint\",\"urlTemplate\":\"https:\/\/www.welovecycling.com\/pl\/?s={search_term_string}\"},\"query-input\":{\"@type\":\"PropertyValueSpecification\",\"valueRequired\":true,\"valueName\":\"search_term_string\"}}],\"inLanguage\":\"pl-PL\"},{\"@type\":\"Person\",\"@id\":\"https:\/\/www.welovecycling.com\/pl\/#\/schema\/person\/0dba2d39da943db9df3fd8f4687e7f23\",\"name\":\"piotrboczkowski\",\"image\":{\"@type\":\"ImageObject\",\"inLanguage\":\"pl-PL\",\"@id\":\"https:\/\/www.welovecycling.com\/pl\/#\/schema\/person\/image\/\",\"url\":\"https:\/\/secure.gravatar.com\/avatar\/533caccae14752e03a2ce2d3fd62d1b98b93e1393c3195c27819e53344ca1ace?s=96&d=mm&r=g\",\"contentUrl\":\"https:\/\/secure.gravatar.com\/avatar\/533caccae14752e03a2ce2d3fd62d1b98b93e1393c3195c27819e53344ca1ace?s=96&d=mm&r=g\",\"caption\":\"piotrboczkowski\"},\"url\":\"https:\/\/www.welovecycling.com\/pl\/author\/piotrboczkowski\/\"}]}<\/script>\n<!-- \/ Yoast SEO Premium plugin. -->","yoast_head_json":{"title":"Oto nietypowy przepis na zwyci\u0119stwo w Tour de France - \u0160koda We Love Cycling - Poland","robots":{"index":"index","follow":"follow","max-snippet":"max-snippet:-1","max-image-preview":"max-image-preview:large","max-video-preview":"max-video-preview:-1"},"canonical":"https:\/\/www.welovecycling.com\/pl\/2019\/07\/24\/oto-nietypowy-przepis-na-zwyciestwo-w-tour-de-france\/","og_locale":"pl_PL","og_type":"article","og_title":"Oto nietypowy przepis na zwyci\u0119stwo w Tour de France","og_description":"\u201eNajpierw czu\u0142em si\u0119 \u017ale, bo chyba zjad\u0142em za du\u017co \u017ceberek, a p\u00f3\u017aniej strasznie cierpia\u0142em w tym upale. Og\u00f3lnie moje samopoczucie [&hellip;]","og_url":"https:\/\/www.welovecycling.com\/pl\/2019\/07\/24\/oto-nietypowy-przepis-na-zwyciestwo-w-tour-de-france\/","og_site_name":"\u0160koda We Love Cycling - Poland","article_published_time":"2019-07-24T07:56:02+00:00","article_modified_time":"2019-07-24T08:40:30+00:00","og_image":[{"width":1000,"height":667,"url":"https:\/\/d2p6e6u75xmxt8.cloudfront.net\/5\/2019\/07\/e5be5.jpg","type":"image\/jpeg"}],"author":"piotrboczkowski","twitter_card":"summary_large_image","twitter_misc":{"Written by":"Piotr Nowik","Est. reading time":"3 minutes"},"schema":{"@context":"https:\/\/schema.org","@graph":[{"@type":"WebPage","@id":"https:\/\/www.welovecycling.com\/pl\/2019\/07\/24\/oto-nietypowy-przepis-na-zwyciestwo-w-tour-de-france\/","url":"https:\/\/www.welovecycling.com\/pl\/2019\/07\/24\/oto-nietypowy-przepis-na-zwyciestwo-w-tour-de-france\/","name":"Oto nietypowy przepis na zwyci\u0119stwo w Tour de France - \u0160koda We Love Cycling - Poland","isPartOf":{"@id":"https:\/\/www.welovecycling.com\/pl\/#website"},"primaryImageOfPage":{"@id":"https:\/\/www.welovecycling.com\/pl\/2019\/07\/24\/oto-nietypowy-przepis-na-zwyciestwo-w-tour-de-france\/#primaryimage"},"image":{"@id":"https:\/\/www.welovecycling.com\/pl\/2019\/07\/24\/oto-nietypowy-przepis-na-zwyciestwo-w-tour-de-france\/#primaryimage"},"thumbnailUrl":"https:\/\/d2p6e6u75xmxt8.cloudfront.net\/5\/2019\/07\/e5be5.jpg","datePublished":"2019-07-24T07:56:02+00:00","dateModified":"2019-07-24T08:40:30+00:00","author":{"@id":"https:\/\/www.welovecycling.com\/pl\/#\/schema\/person\/0dba2d39da943db9df3fd8f4687e7f23"},"breadcrumb":{"@id":"https:\/\/www.welovecycling.com\/pl\/2019\/07\/24\/oto-nietypowy-przepis-na-zwyciestwo-w-tour-de-france\/#breadcrumb"},"inLanguage":"pl-PL","potentialAction":[{"@type":"ReadAction","target":["https:\/\/www.welovecycling.com\/pl\/2019\/07\/24\/oto-nietypowy-przepis-na-zwyciestwo-w-tour-de-france\/"]}]},{"@type":"ImageObject","inLanguage":"pl-PL","@id":"https:\/\/www.welovecycling.com\/pl\/2019\/07\/24\/oto-nietypowy-przepis-na-zwyciestwo-w-tour-de-france\/#primaryimage","url":"https:\/\/d2p6e6u75xmxt8.cloudfront.net\/5\/2019\/07\/e5be5.jpg","contentUrl":"https:\/\/d2p6e6u75xmxt8.cloudfront.net\/5\/2019\/07\/e5be5.jpg","width":1000,"height":667,"caption":"Tour de France 2019 - 23\/07\/2019 - Etape 16 - N\u00eemes \/ N\u00eemes (177 km) - Victoire de Caleb EWAN (LOTTO SOUDAL) \u00a9 A.SO.\/Pauline BALLET"},{"@type":"BreadcrumbList","@id":"https:\/\/www.welovecycling.com\/pl\/2019\/07\/24\/oto-nietypowy-przepis-na-zwyciestwo-w-tour-de-france\/#breadcrumb","itemListElement":[{"@type":"ListItem","position":1,"name":"Home","item":"https:\/\/www.welovecycling.com\/pl\/"},{"@type":"ListItem","position":2,"name":"Oto nietypowy przepis na zwyci\u0119stwo w Tour de France"}]},{"@type":"WebSite","@id":"https:\/\/www.welovecycling.com\/pl\/#website","url":"https:\/\/www.welovecycling.com\/pl\/","name":"\u0160koda We Love Cycling - Poland","description":"","potentialAction":[{"@type":"SearchAction","target":{"@type":"EntryPoint","urlTemplate":"https:\/\/www.welovecycling.com\/pl\/?s={search_term_string}"},"query-input":{"@type":"PropertyValueSpecification","valueRequired":true,"valueName":"search_term_string"}}],"inLanguage":"pl-PL"},{"@type":"Person","@id":"https:\/\/www.welovecycling.com\/pl\/#\/schema\/person\/0dba2d39da943db9df3fd8f4687e7f23","name":"piotrboczkowski","image":{"@type":"ImageObject","inLanguage":"pl-PL","@id":"https:\/\/www.welovecycling.com\/pl\/#\/schema\/person\/image\/","url":"https:\/\/secure.gravatar.com\/avatar\/533caccae14752e03a2ce2d3fd62d1b98b93e1393c3195c27819e53344ca1ace?s=96&d=mm&r=g","contentUrl":"https:\/\/secure.gravatar.com\/avatar\/533caccae14752e03a2ce2d3fd62d1b98b93e1393c3195c27819e53344ca1ace?s=96&d=mm&r=g","caption":"piotrboczkowski"},"url":"https:\/\/www.welovecycling.com\/pl\/author\/piotrboczkowski\/"}]}},"_links":{"self":[{"href":"https:\/\/www.welovecycling.com\/pl\/wp-json\/wp\/v2\/posts\/9405","targetHints":{"allow":["GET"]}}],"collection":[{"href":"https:\/\/www.welovecycling.com\/pl\/wp-json\/wp\/v2\/posts"}],"about":[{"href":"https:\/\/www.welovecycling.com\/pl\/wp-json\/wp\/v2\/types\/post"}],"author":[{"embeddable":true,"href":"https:\/\/www.welovecycling.com\/pl\/wp-json\/wp\/v2\/users\/76"}],"replies":[{"embeddable":true,"href":"https:\/\/www.welovecycling.com\/pl\/wp-json\/wp\/v2\/comments?post=9405"}],"version-history":[{"count":2,"href":"https:\/\/www.welovecycling.com\/pl\/wp-json\/wp\/v2\/posts\/9405\/revisions"}],"predecessor-version":[{"id":9410,"href":"https:\/\/www.welovecycling.com\/pl\/wp-json\/wp\/v2\/posts\/9405\/revisions\/9410"}],"wp:featuredmedia":[{"embeddable":true,"href":"https:\/\/www.welovecycling.com\/pl\/wp-json\/wp\/v2\/media\/9408"}],"wp:attachment":[{"href":"https:\/\/www.welovecycling.com\/pl\/wp-json\/wp\/v2\/media?parent=9405"}],"wp:term":[{"taxonomy":"category","embeddable":true,"href":"https:\/\/www.welovecycling.com\/pl\/wp-json\/wp\/v2\/categories?post=9405"},{"taxonomy":"post_tag","embeddable":true,"href":"https:\/\/www.welovecycling.com\/pl\/wp-json\/wp\/v2\/tags?post=9405"},{"taxonomy":"global-categories","embeddable":true,"href":"https:\/\/www.welovecycling.com\/pl\/wp-json\/wp\/v2\/global-categories?post=9405"}],"curies":[{"name":"wp","href":"https:\/\/api.w.org\/{rel}","templated":true}]}}