{"id":9400,"date":"2019-07-23T07:17:25","date_gmt":"2019-07-23T07:17:25","guid":{"rendered":"https:\/\/www.welovecycling.com\/pl\/?p=9400"},"modified":"2019-07-23T07:18:32","modified_gmt":"2019-07-23T07:18:32","slug":"bartosz-huzarski-po-dwoch-tygodniach-le-tour-wiemy-ze-niewiele-wiemy","status":"publish","type":"post","link":"https:\/\/www.welovecycling.com\/pl\/2019\/07\/23\/bartosz-huzarski-po-dwoch-tygodniach-le-tour-wiemy-ze-niewiele-wiemy\/","title":{"rendered":"Bartosz Huzarski: Po dw\u00f3ch tygodniach Le Tour wiemy, \u017ce niewiele wiemy."},"content":{"rendered":"<p><strong>Ta edycja zapowiada si\u0119 wyj\u0105tkowo. Je\u015bli ta dynamika zmiany sytuacji oraz poziom emocji, kt\u00f3rych dostarczaj\u0105 nam zawodnicy, utrzyma si\u0119, b\u0119dzie to najciekawszy Tour de France od lat.<\/strong><\/p>\n<p>Ju\u017c dawno nie mieli\u015bmy tyle pozytywnych emocji zwi\u0105zanych z wy\u015bcigiem dooko\u0142a Francji, g\u0142\u00f3wnych aktor\u00f3w jest wielu, a lokalni kibice wreszcie doczekali si\u0119 swoich heros\u00f3w. Jest ich dw\u00f3ch, jad\u0105cy w \u017c\u00f3\u0142tej koszulce Julian Alaphilippe oraz Thibaut Pinot. Ten pierwszy rozkocha w sobie ka\u017cdego obywatela Francji je\u015bli pojedzie jeszcze kilka dni w takim stylu jaki reprezentuje do dnia dzisiejszego. Kr\u00f3l Julian, jak m\u00f3wi si\u0119 o Alaphilippie, walczy wy\u015bmienicie, wszyscy zastanawiali\u015bmy si\u0119 czy obroni swoj\u0105 przewag\u0119 podczas jazdy indywidualnej na czas, on tymczasem przewag\u0119 jeszcze powi\u0119kszy\u0142,\u00a0 wygrywaj\u0105c sw\u00f3j drugi etap w tym wy\u015bcigu. Francja tego dnia oszala\u0142a. Wiar\u0119 w dobre nogi da\u0142 drugi z wymienionych bohater\u00f3w Francji, Pinot pojecha\u0142 na czas rewelacyjnie, zaj\u0105\u0142 7 miejsce w pokonanym polu zostawiaj\u0105c takie nazwiska jak Asgreen, Kruijswijk, Fuglsang czy Tratnik. Pyta\u0144 po etapie jazdy indywidualnej na czas by\u0142o sporo, ale wi\u0119kszo\u015b\u0107 kr\u0119ci\u0142o si\u0119 wok\u00f3\u0142 rywalizacji Alaphilippe-Thomas. Zawodnik Team Ineos etap ITT pojecha\u0142 r\u00f3wnie\u017c \u015bwietnie, zajmuj\u0105c drugie miejsce i uciekaj\u0105c po raz kolejny najgro\u017aniejszym rywalom, ale &#8230; pojawi\u0142o si\u0119 kolejne pytanie, kiedy Julian zap\u0142aci za wysi\u0142ek, kt\u00f3ry w\u0142o\u017cy\u0142 w etap indywidualnej walki z czasem i jak du\u017ce b\u0119d\u0105 to straty?<\/p>\n<figure id=\"attachment_9401\" aria-describedby=\"caption-attachment-9401\" style=\"width: 1000px\" class=\"wp-caption aligncenter\"><img loading=\"lazy\" decoding=\"async\" class=\"size-full wp-image-9401\" src=\"https:\/\/d2p6e6u75xmxt8.cloudfront.net\/5\/2019\/07\/fe5d4.jpg\" alt=\"\" width=\"1000\" height=\"667\" srcset=\"https:\/\/d2p6e6u75xmxt8.cloudfront.net\/5\/2019\/07\/fe5d4.jpg 1000w, https:\/\/d2p6e6u75xmxt8.cloudfront.net\/5\/2019\/07\/fe5d4-300x200.jpg 300w, https:\/\/d2p6e6u75xmxt8.cloudfront.net\/5\/2019\/07\/fe5d4-768x512.jpg 768w, https:\/\/d2p6e6u75xmxt8.cloudfront.net\/5\/2019\/07\/fe5d4-272x182.jpg 272w\" sizes=\"auto, (max-width: 1000px) 100vw, 1000px\" \/><figcaption id=\"caption-attachment-9401\" class=\"wp-caption-text\">Tour de France 2019 &#8211; 21\/07\/2019 &#8211; Etape 15 &#8211; Limoux \/ Foix Prat d&#8217;Albis (185 Km) &#8211; Simon YATES (MITCHETLTON &#8211; SCOTT) \u00a9 A.SO.\/Pauline BALLET<\/figcaption><\/figure>\n<p>I tutaj przysz\u0142o kolejne mi\u0142e zaskoczenie drugiego tygodnia rywalizacji, czyli weekend w Pirenejach, dwa wymagaj\u0105ce, bardzo ci\u0119\u017ckie etapy z met\u0105 na podje\u017adzie. Kultowy na trasie TDF, nazywany \u015bwi\u0105tyni\u0105 kolarstwa Colu tu Tourmalet oraz niedzielny etap do Foix ko\u0144cz\u0105cy si\u0119 podjazdem Prat d&#8217;Albis. Na obu etapach faworyci nie oszcz\u0119dzili nam emocji, kibice szaleli gdy atakowa\u0142 Pinot, p\u0142akali gdy traci\u0142 lider wy\u015bcigu, ale jad\u0105cy w \u017c\u00f3\u0142tej koszulce zawodnik sobotni etap przejecha\u0142 idealnie, jego dynamika znana jest wszystkim, ale na sam fakt wspinania si\u0119 na ponad 2000 m.n.p.m z grup\u0105 faworyt\u00f3w r\u0119ce same sk\u0142adaj\u0105 si\u0119 do oklask\u00f3w. Ku wielkiej uciesze publiczno\u015bci Alaphilippe \u00a0nadrabia kolejne cenne sekundy nad obro\u0144c\u0105 tytu\u0142u, a Pinot podnosi r\u0119ce w ge\u015bcie triumfu jako 3 kolarz w historii wygrywaj\u0105cy na Tourmalet.<\/p>\n<p>Drugi tydzie\u0144 rywalizacji i jednocze\u015bnie po\u017cegnanie z pi\u0119knymi Pirenejami to kolejny g\u00f3rski, naszpikowany podjazdami etap. Bohater\u00f3w mamy dw\u00f3ch, wracaj\u0105cy po zdrowotnych perypetiach do swojego poziomu, zawodnik polskiej dru\u017cyny CCC Team Simon Geschke oraz jak si\u0119 okaza\u0142o zwyci\u0119zca tego etapu Simon Yates z dru\u017cyny Mitchelton-Scott. Jednak oczy kibic\u00f3w, dziennikarzy, a nawet samego wydawcy sygna\u0142u TV skierowane by\u0142y na 3 osoby: Alaphilippe, Pinot i Thomas. Emocje si\u0119ga\u0142y zenitu, a faworyci jeden za drugim to prze\u017cywali kryzys, to zn\u00f3w podkr\u0119cali tempo. Pireneje wycisn\u0119\u0142y z zawodnik\u00f3w\u00a0 ostatnie si\u0142y,\u00a0 ten dzie\u0144 wielu z nich zapami\u0119ta na d\u0142ugo. R\u00f3wnie\u017c my, gdy\u017c widzieli\u015bmy pi\u0119kne obrazki naturalnej walki kolarskich twardzieli, walcz\u0105cych z zaci\u015bni\u0119tymi z\u0119bami ze stromizn\u0105 podjazdu oraz rywalami. Atakuj\u0105cy Pinot wprawi\u0142 w niema\u0142e zak\u0142opotanie ekip\u0119 faworyt\u00f3w dominuj\u0105cych ten wy\u015bcig od lat, Team Ineos (wcze\u015bniej Team Sky) poczu\u0142 dzisiaj, \u017ce to b\u0119dzie ci\u0119\u017cki TDF. Alaphilippe broni\u0142 si\u0119 do samego ko\u0144ca, skapitulowa\u0142 mog\u0142o by si\u0119 wydawa\u0107 na oko\u0142o 2 km do mety, tymczasem on zn\u00f3w przyspieszy\u0142 i niwelowa\u0142 straty. Kibice szaleli, a takiego wsparcia nie mia\u0142 chyba nawet Thomas Voeckler. Pinot urwa\u0142 zn\u00f3w 49 bardzo cennych sekund do Thomasa, etap sko\u0144czy\u0142 na drugim miejscu, awansuj\u0105c w klasyfikacji generalnej na miejsce czwarte. Trzecie p\u00f3ki co okupuje Steven Kruijswijk z Jumbo-Visma ze strat\u0105 \u00a0do lidera 1:47 oraz do Thomasa tylko 12 sek!<\/p>\n<lite-youtube videoid=t0rvzr8d1pE params=\"enablejsapi=1\" style=\"background-image: url('https:\/\/i.ytimg.com\/vi_webp\/t0rvzr8d1pE\/maxresdefault.webp');\"><\/lite-youtube>\n<p>U progu trzeciego tygodnia \u015bcigania w najwi\u0119kszym etapowym wy\u015bcigu \u015bwiata sytuacja jest nadal otwarta, wydaje si\u0119, \u017ce pomimo wsparcie ca\u0142ej Francji, Julian Alaphilippe nie obroni \u017c\u00f3\u0142tej koszulki, ale Francuzi nie trac\u0105 nadziei na ko\u0144cowy triumf dzi\u0119ki niesamowitej postawie Thibaut Pino. Mamy pi\u0119ciu \u00a0zawodnik\u00f3w \u017ce strat\u0105 mniejsz\u0105 jak 2 minuty 30 sekund do lidera, za\u0142o\u017cy\u0107 wi\u0119c mo\u017cemy \u015bmia\u0142o \u017ce z grupy Thomas \u2013 Kruijswijk \u2013 Pinot \u2013 Bernal \u2013 Buchmann wy\u0142onimy zwyci\u0119zc\u0119 tegorocznej edycji TDF, gdy\u017c pierwszego od ostatniego dzieli tylko 39 sekund! Zapowiada si\u0119 wi\u0119c bardzo interesuj\u0105cy ostatni tydzie\u0144 wielkiej p\u0119tli,\u00a0 jedziemy w Alpy, kt\u00f3re nie raz pokaza\u0142y, \u017ce klasyfikacj\u0119 Touru potrafi\u0105 przewr\u00f3ci\u0107 do g\u00f3ry nogami. Trzy mordercze etapy z prze\u0142\u0119czami na wysoko\u015bci ponad 2500 m.n.p.m my kibice oraz zawodnicy zapami\u0119taj\u0105 na d\u0142ugo.<\/p>\n<style type=\"text\/css\"><!--td {border: 1px solid #ccc;}br {mso-data-placement:same-cell;}--><\/style>\n<p><span data-sheets-value=\"{&quot;1&quot;:2,&quot;2&quot;:&quot;Artyku\u0142 powsta\u0142 we wsp\u00f3\u0142pracy ze skoda-auto.pl&quot;}\" data-sheets-userformat=\"{&quot;2&quot;:1,&quot;3&quot;:{&quot;1&quot;:0}}\"><a class=\"in-cell-link\" href=\"http:\/\/www.skoda-auto.pl\/\" target=\"_blank\" rel=\"noopener\">Artyku\u0142 powsta\u0142 we wsp\u00f3\u0142pracy ze skoda-auto.pl<\/a><\/span><\/p>\n","protected":false},"excerpt":{"rendered":"<p>Ta edycja zapowiada si\u0119 wyj\u0105tkowo. Je\u015bli ta dynamika zmiany sytuacji oraz poziom emocji, kt\u00f3rych dostarczaj\u0105 nam zawodnicy, utrzyma si\u0119, b\u0119dzie [&hellip;]<\/p>\n","protected":false},"author":76,"featured_media":9401,"comment_status":"open","ping_status":"open","sticky":false,"template":"","format":"standard","meta":{"footnotes":""},"categories":[203,300],"tags":[],"global-categories":[],"class_list":["post-9400","post","type-post","status-publish","format-standard","has-post-thumbnail","hentry","category-bartosz-huzarski","category-tour-de-france-2019"],"yoast_head":"<!-- This site is optimized with the Yoast SEO Premium plugin v25.3 (Yoast SEO v25.9) - https:\/\/yoast.com\/wordpress\/plugins\/seo\/ -->\n<title>Bartosz Huzarski: Po dw\u00f3ch tygodniach Le Tour wiemy, \u017ce niewiele wiemy. - \u0160koda We Love Cycling - Poland<\/title>\n<meta name=\"robots\" content=\"index, follow, max-snippet:-1, max-image-preview:large, max-video-preview:-1\" \/>\n<link rel=\"canonical\" href=\"https:\/\/www.welovecycling.com\/pl\/2019\/07\/23\/bartosz-huzarski-po-dwoch-tygodniach-le-tour-wiemy-ze-niewiele-wiemy\/\" \/>\n<meta property=\"og:locale\" content=\"pl_PL\" \/>\n<meta property=\"og:type\" content=\"article\" \/>\n<meta property=\"og:title\" content=\"Bartosz Huzarski: Po dw\u00f3ch tygodniach Le Tour wiemy, \u017ce niewiele wiemy.\" \/>\n<meta property=\"og:description\" content=\"Ta edycja zapowiada si\u0119 wyj\u0105tkowo. Je\u015bli ta dynamika zmiany sytuacji oraz poziom emocji, kt\u00f3rych dostarczaj\u0105 nam zawodnicy, utrzyma si\u0119, b\u0119dzie [&hellip;]\" \/>\n<meta property=\"og:url\" content=\"https:\/\/www.welovecycling.com\/pl\/2019\/07\/23\/bartosz-huzarski-po-dwoch-tygodniach-le-tour-wiemy-ze-niewiele-wiemy\/\" \/>\n<meta property=\"og:site_name\" content=\"\u0160koda We Love Cycling - Poland\" \/>\n<meta property=\"article:published_time\" content=\"2019-07-23T07:17:25+00:00\" \/>\n<meta property=\"article:modified_time\" content=\"2019-07-23T07:18:32+00:00\" \/>\n<meta property=\"og:image\" content=\"https:\/\/d2p6e6u75xmxt8.cloudfront.net\/5\/2019\/07\/fe5d4.jpg\" \/>\n\t<meta property=\"og:image:width\" content=\"1000\" \/>\n\t<meta property=\"og:image:height\" content=\"667\" \/>\n\t<meta property=\"og:image:type\" content=\"image\/jpeg\" \/>\n<meta name=\"author\" content=\"piotrboczkowski\" \/>\n<meta name=\"twitter:card\" content=\"summary_large_image\" \/>\n<meta name=\"twitter:label1\" content=\"Written by\" \/>\n\t<meta name=\"twitter:data1\" content=\"Bartosz Huzarski\" \/>\n\t<meta name=\"twitter:label2\" content=\"Est. reading time\" \/>\n\t<meta name=\"twitter:data2\" content=\"5\" \/>\n<script type=\"application\/ld+json\" class=\"yoast-schema-graph\">{\"@context\":\"https:\/\/schema.org\",\"@graph\":[{\"@type\":\"WebPage\",\"@id\":\"https:\/\/www.welovecycling.com\/pl\/2019\/07\/23\/bartosz-huzarski-po-dwoch-tygodniach-le-tour-wiemy-ze-niewiele-wiemy\/\",\"url\":\"https:\/\/www.welovecycling.com\/pl\/2019\/07\/23\/bartosz-huzarski-po-dwoch-tygodniach-le-tour-wiemy-ze-niewiele-wiemy\/\",\"name\":\"Bartosz Huzarski: Po dw\u00f3ch tygodniach Le Tour wiemy, \u017ce niewiele wiemy. - \u0160koda We Love Cycling - Poland\",\"isPartOf\":{\"@id\":\"https:\/\/www.welovecycling.com\/pl\/#website\"},\"primaryImageOfPage\":{\"@id\":\"https:\/\/www.welovecycling.com\/pl\/2019\/07\/23\/bartosz-huzarski-po-dwoch-tygodniach-le-tour-wiemy-ze-niewiele-wiemy\/#primaryimage\"},\"image\":{\"@id\":\"https:\/\/www.welovecycling.com\/pl\/2019\/07\/23\/bartosz-huzarski-po-dwoch-tygodniach-le-tour-wiemy-ze-niewiele-wiemy\/#primaryimage\"},\"thumbnailUrl\":\"https:\/\/d2p6e6u75xmxt8.cloudfront.net\/5\/2019\/07\/fe5d4.jpg\",\"datePublished\":\"2019-07-23T07:17:25+00:00\",\"dateModified\":\"2019-07-23T07:18:32+00:00\",\"author\":{\"@id\":\"https:\/\/www.welovecycling.com\/pl\/#\/schema\/person\/0dba2d39da943db9df3fd8f4687e7f23\"},\"breadcrumb\":{\"@id\":\"https:\/\/www.welovecycling.com\/pl\/2019\/07\/23\/bartosz-huzarski-po-dwoch-tygodniach-le-tour-wiemy-ze-niewiele-wiemy\/#breadcrumb\"},\"inLanguage\":\"pl-PL\",\"potentialAction\":[{\"@type\":\"ReadAction\",\"target\":[\"https:\/\/www.welovecycling.com\/pl\/2019\/07\/23\/bartosz-huzarski-po-dwoch-tygodniach-le-tour-wiemy-ze-niewiele-wiemy\/\"]}]},{\"@type\":\"ImageObject\",\"inLanguage\":\"pl-PL\",\"@id\":\"https:\/\/www.welovecycling.com\/pl\/2019\/07\/23\/bartosz-huzarski-po-dwoch-tygodniach-le-tour-wiemy-ze-niewiele-wiemy\/#primaryimage\",\"url\":\"https:\/\/d2p6e6u75xmxt8.cloudfront.net\/5\/2019\/07\/fe5d4.jpg\",\"contentUrl\":\"https:\/\/d2p6e6u75xmxt8.cloudfront.net\/5\/2019\/07\/fe5d4.jpg\",\"width\":1000,\"height\":667,\"caption\":\"Tour de France 2019 - 21\/07\/2019 - Etape 15 - Limoux \/ Foix Prat d'Albis (185 Km) - Simon YATES (MITCHETLTON - SCOTT) \u00a9 A.SO.\/Pauline BALLET\"},{\"@type\":\"BreadcrumbList\",\"@id\":\"https:\/\/www.welovecycling.com\/pl\/2019\/07\/23\/bartosz-huzarski-po-dwoch-tygodniach-le-tour-wiemy-ze-niewiele-wiemy\/#breadcrumb\",\"itemListElement\":[{\"@type\":\"ListItem\",\"position\":1,\"name\":\"Home\",\"item\":\"https:\/\/www.welovecycling.com\/pl\/\"},{\"@type\":\"ListItem\",\"position\":2,\"name\":\"Bartosz Huzarski: Po dw\u00f3ch tygodniach Le Tour wiemy, \u017ce niewiele wiemy.\"}]},{\"@type\":\"WebSite\",\"@id\":\"https:\/\/www.welovecycling.com\/pl\/#website\",\"url\":\"https:\/\/www.welovecycling.com\/pl\/\",\"name\":\"\u0160koda We Love Cycling - Poland\",\"description\":\"\",\"potentialAction\":[{\"@type\":\"SearchAction\",\"target\":{\"@type\":\"EntryPoint\",\"urlTemplate\":\"https:\/\/www.welovecycling.com\/pl\/?s={search_term_string}\"},\"query-input\":{\"@type\":\"PropertyValueSpecification\",\"valueRequired\":true,\"valueName\":\"search_term_string\"}}],\"inLanguage\":\"pl-PL\"},{\"@type\":\"Person\",\"@id\":\"https:\/\/www.welovecycling.com\/pl\/#\/schema\/person\/0dba2d39da943db9df3fd8f4687e7f23\",\"name\":\"piotrboczkowski\",\"image\":{\"@type\":\"ImageObject\",\"inLanguage\":\"pl-PL\",\"@id\":\"https:\/\/www.welovecycling.com\/pl\/#\/schema\/person\/image\/\",\"url\":\"https:\/\/secure.gravatar.com\/avatar\/533caccae14752e03a2ce2d3fd62d1b98b93e1393c3195c27819e53344ca1ace?s=96&d=mm&r=g\",\"contentUrl\":\"https:\/\/secure.gravatar.com\/avatar\/533caccae14752e03a2ce2d3fd62d1b98b93e1393c3195c27819e53344ca1ace?s=96&d=mm&r=g\",\"caption\":\"piotrboczkowski\"},\"url\":\"https:\/\/www.welovecycling.com\/pl\/author\/piotrboczkowski\/\"}]}<\/script>\n<!-- \/ Yoast SEO Premium plugin. -->","yoast_head_json":{"title":"Bartosz Huzarski: Po dw\u00f3ch tygodniach Le Tour wiemy, \u017ce niewiele wiemy. - \u0160koda We Love Cycling - Poland","robots":{"index":"index","follow":"follow","max-snippet":"max-snippet:-1","max-image-preview":"max-image-preview:large","max-video-preview":"max-video-preview:-1"},"canonical":"https:\/\/www.welovecycling.com\/pl\/2019\/07\/23\/bartosz-huzarski-po-dwoch-tygodniach-le-tour-wiemy-ze-niewiele-wiemy\/","og_locale":"pl_PL","og_type":"article","og_title":"Bartosz Huzarski: Po dw\u00f3ch tygodniach Le Tour wiemy, \u017ce niewiele wiemy.","og_description":"Ta edycja zapowiada si\u0119 wyj\u0105tkowo. Je\u015bli ta dynamika zmiany sytuacji oraz poziom emocji, kt\u00f3rych dostarczaj\u0105 nam zawodnicy, utrzyma si\u0119, b\u0119dzie [&hellip;]","og_url":"https:\/\/www.welovecycling.com\/pl\/2019\/07\/23\/bartosz-huzarski-po-dwoch-tygodniach-le-tour-wiemy-ze-niewiele-wiemy\/","og_site_name":"\u0160koda We Love Cycling - Poland","article_published_time":"2019-07-23T07:17:25+00:00","article_modified_time":"2019-07-23T07:18:32+00:00","og_image":[{"width":1000,"height":667,"url":"https:\/\/d2p6e6u75xmxt8.cloudfront.net\/5\/2019\/07\/fe5d4.jpg","type":"image\/jpeg"}],"author":"piotrboczkowski","twitter_card":"summary_large_image","twitter_misc":{"Written by":"Bartosz Huzarski","Est. reading time":"5"},"schema":{"@context":"https:\/\/schema.org","@graph":[{"@type":"WebPage","@id":"https:\/\/www.welovecycling.com\/pl\/2019\/07\/23\/bartosz-huzarski-po-dwoch-tygodniach-le-tour-wiemy-ze-niewiele-wiemy\/","url":"https:\/\/www.welovecycling.com\/pl\/2019\/07\/23\/bartosz-huzarski-po-dwoch-tygodniach-le-tour-wiemy-ze-niewiele-wiemy\/","name":"Bartosz Huzarski: Po dw\u00f3ch tygodniach Le Tour wiemy, \u017ce niewiele wiemy. - \u0160koda We Love Cycling - Poland","isPartOf":{"@id":"https:\/\/www.welovecycling.com\/pl\/#website"},"primaryImageOfPage":{"@id":"https:\/\/www.welovecycling.com\/pl\/2019\/07\/23\/bartosz-huzarski-po-dwoch-tygodniach-le-tour-wiemy-ze-niewiele-wiemy\/#primaryimage"},"image":{"@id":"https:\/\/www.welovecycling.com\/pl\/2019\/07\/23\/bartosz-huzarski-po-dwoch-tygodniach-le-tour-wiemy-ze-niewiele-wiemy\/#primaryimage"},"thumbnailUrl":"https:\/\/d2p6e6u75xmxt8.cloudfront.net\/5\/2019\/07\/fe5d4.jpg","datePublished":"2019-07-23T07:17:25+00:00","dateModified":"2019-07-23T07:18:32+00:00","author":{"@id":"https:\/\/www.welovecycling.com\/pl\/#\/schema\/person\/0dba2d39da943db9df3fd8f4687e7f23"},"breadcrumb":{"@id":"https:\/\/www.welovecycling.com\/pl\/2019\/07\/23\/bartosz-huzarski-po-dwoch-tygodniach-le-tour-wiemy-ze-niewiele-wiemy\/#breadcrumb"},"inLanguage":"pl-PL","potentialAction":[{"@type":"ReadAction","target":["https:\/\/www.welovecycling.com\/pl\/2019\/07\/23\/bartosz-huzarski-po-dwoch-tygodniach-le-tour-wiemy-ze-niewiele-wiemy\/"]}]},{"@type":"ImageObject","inLanguage":"pl-PL","@id":"https:\/\/www.welovecycling.com\/pl\/2019\/07\/23\/bartosz-huzarski-po-dwoch-tygodniach-le-tour-wiemy-ze-niewiele-wiemy\/#primaryimage","url":"https:\/\/d2p6e6u75xmxt8.cloudfront.net\/5\/2019\/07\/fe5d4.jpg","contentUrl":"https:\/\/d2p6e6u75xmxt8.cloudfront.net\/5\/2019\/07\/fe5d4.jpg","width":1000,"height":667,"caption":"Tour de France 2019 - 21\/07\/2019 - Etape 15 - Limoux \/ Foix Prat d'Albis (185 Km) - Simon YATES (MITCHETLTON - SCOTT) \u00a9 A.SO.\/Pauline BALLET"},{"@type":"BreadcrumbList","@id":"https:\/\/www.welovecycling.com\/pl\/2019\/07\/23\/bartosz-huzarski-po-dwoch-tygodniach-le-tour-wiemy-ze-niewiele-wiemy\/#breadcrumb","itemListElement":[{"@type":"ListItem","position":1,"name":"Home","item":"https:\/\/www.welovecycling.com\/pl\/"},{"@type":"ListItem","position":2,"name":"Bartosz Huzarski: Po dw\u00f3ch tygodniach Le Tour wiemy, \u017ce niewiele wiemy."}]},{"@type":"WebSite","@id":"https:\/\/www.welovecycling.com\/pl\/#website","url":"https:\/\/www.welovecycling.com\/pl\/","name":"\u0160koda We Love Cycling - Poland","description":"","potentialAction":[{"@type":"SearchAction","target":{"@type":"EntryPoint","urlTemplate":"https:\/\/www.welovecycling.com\/pl\/?s={search_term_string}"},"query-input":{"@type":"PropertyValueSpecification","valueRequired":true,"valueName":"search_term_string"}}],"inLanguage":"pl-PL"},{"@type":"Person","@id":"https:\/\/www.welovecycling.com\/pl\/#\/schema\/person\/0dba2d39da943db9df3fd8f4687e7f23","name":"piotrboczkowski","image":{"@type":"ImageObject","inLanguage":"pl-PL","@id":"https:\/\/www.welovecycling.com\/pl\/#\/schema\/person\/image\/","url":"https:\/\/secure.gravatar.com\/avatar\/533caccae14752e03a2ce2d3fd62d1b98b93e1393c3195c27819e53344ca1ace?s=96&d=mm&r=g","contentUrl":"https:\/\/secure.gravatar.com\/avatar\/533caccae14752e03a2ce2d3fd62d1b98b93e1393c3195c27819e53344ca1ace?s=96&d=mm&r=g","caption":"piotrboczkowski"},"url":"https:\/\/www.welovecycling.com\/pl\/author\/piotrboczkowski\/"}]}},"_links":{"self":[{"href":"https:\/\/www.welovecycling.com\/pl\/wp-json\/wp\/v2\/posts\/9400","targetHints":{"allow":["GET"]}}],"collection":[{"href":"https:\/\/www.welovecycling.com\/pl\/wp-json\/wp\/v2\/posts"}],"about":[{"href":"https:\/\/www.welovecycling.com\/pl\/wp-json\/wp\/v2\/types\/post"}],"author":[{"embeddable":true,"href":"https:\/\/www.welovecycling.com\/pl\/wp-json\/wp\/v2\/users\/76"}],"replies":[{"embeddable":true,"href":"https:\/\/www.welovecycling.com\/pl\/wp-json\/wp\/v2\/comments?post=9400"}],"version-history":[{"count":2,"href":"https:\/\/www.welovecycling.com\/pl\/wp-json\/wp\/v2\/posts\/9400\/revisions"}],"predecessor-version":[{"id":9404,"href":"https:\/\/www.welovecycling.com\/pl\/wp-json\/wp\/v2\/posts\/9400\/revisions\/9404"}],"wp:featuredmedia":[{"embeddable":true,"href":"https:\/\/www.welovecycling.com\/pl\/wp-json\/wp\/v2\/media\/9401"}],"wp:attachment":[{"href":"https:\/\/www.welovecycling.com\/pl\/wp-json\/wp\/v2\/media?parent=9400"}],"wp:term":[{"taxonomy":"category","embeddable":true,"href":"https:\/\/www.welovecycling.com\/pl\/wp-json\/wp\/v2\/categories?post=9400"},{"taxonomy":"post_tag","embeddable":true,"href":"https:\/\/www.welovecycling.com\/pl\/wp-json\/wp\/v2\/tags?post=9400"},{"taxonomy":"global-categories","embeddable":true,"href":"https:\/\/www.welovecycling.com\/pl\/wp-json\/wp\/v2\/global-categories?post=9400"}],"curies":[{"name":"wp","href":"https:\/\/api.w.org\/{rel}","templated":true}]}}