{"id":9393,"date":"2019-07-22T06:54:58","date_gmt":"2019-07-22T06:54:58","guid":{"rendered":"https:\/\/www.welovecycling.com\/pl\/?p=9393"},"modified":"2019-07-22T06:54:58","modified_gmt":"2019-07-22T06:54:58","slug":"zapnijcie-pasy-przed-nami-najbardziej-pasjonujacy-tydzien-w-roku","status":"publish","type":"post","link":"https:\/\/www.welovecycling.com\/pl\/2019\/07\/22\/zapnijcie-pasy-przed-nami-najbardziej-pasjonujacy-tydzien-w-roku\/","title":{"rendered":"Zapnijcie pasy! Przed nami najbardziej pasjonuj\u0105cy tydzie\u0144 w roku"},"content":{"rendered":"<p><strong>Tych dni \u017caden fan kolarstwa nie mo\u017ce przeoczy\u0107! Ca\u0142a Francja trzyma kciuki za Julienem Alaphilippem, kt\u00f3rego jak stado rozp\u0119dzonych byk\u00f3w zamierza goni\u0107 superteam Ineos z Geraintem Thomasem na czele. Panie i Panowie &#8211; Tour de France wje\u017cd\u017ca w decyduj\u0105c\u0105 faz\u0119!<\/strong><\/p>\n<p>\u201eTrwaj wiecznie\u201d, \u201eNie ko\u0144cz si\u0119\u201d, \u201eJed\u017a w niesko\u0144czono\u015b\u0107\u201d \u2013 to tylko niekt\u00f3re wpisy kibic\u00f3w, kt\u00f3rzy emocjonuj\u0105 si\u0119 kolejnymi etapami Wielkiej P\u0119tli. Tegoroczny Tour de France poziomem emocji i zaskocze\u0144 przer\u00f3s\u0142 ju\u017c Wie\u017c\u0119 Eiffla, a dopiero teraz zawodnicy rozpoczn\u0105 decyduj\u0105ce \u015bciganie.<\/p>\n<p><span style=\"font-size: 18pt;\"><strong>\u0141zy b\u00f3lu<\/strong><\/span><\/p>\n<p>To by\u0142y niesamowite obrazki, kt\u00f3re pokazuj\u0105 jak pi\u0119kne i przewrotne jest Tour de France. Podczas pierwszej i ostatniej jazdy indywidualnej na czas Alaphilippe p\u0119dzi\u0142 popychany dopingiem dziesi\u0105tek tysi\u0119cy garde\u0142. Ubrani w \u017c\u00f3\u0142te barwy lidera i wymachuj\u0105cy tr\u00f3jkolorowymi flagami Francuzi nap\u0119dzili swojego rodaka lepiej ni\u017c paliwo rakietowe. I cho\u0107 Alaphilippe nie jest specjalist\u0105 od czas\u00f3wek, to zn\u00f3w wykr\u0119ci\u0142 najlepszy czas!<\/p>\n<p>Nazajutrz mia\u0142 to odpokutowa\u0107. Przecie\u017c jest tylko cz\u0142owiekiem, a po takiej je\u017adzie kryzys musi przyj\u015b\u0107. \u201eMusi? No to patrzcie\u201d \u2013 jakby chcia\u0142 powiedzie\u0107 Alaphilippe, bo w sobot\u0119 zn\u00f3w \u015bwietnie si\u0119 spisa\u0142. Zaj\u0105\u0142 drugie miejsce, ale co wa\u017cniejsze \u2013 zn\u00f3w za plecami zostawi\u0142 faworyta wy\u015bcigu Gerainta Thomasa. I wtedy pojawi\u0142o si\u0119 pytanie, czy ubieg\u0142oroczny zwyci\u0119zca i lider seryjnie zgarniaj\u0105cej zwyci\u0119stwa ekipy Ineos (wcze\u015bniej Sky) jest w stanie podj\u0105\u0107 r\u0119kawic\u0119?<\/p>\n<figure id=\"attachment_9397\" aria-describedby=\"caption-attachment-9397\" style=\"width: 1000px\" class=\"wp-caption aligncenter\"><img loading=\"lazy\" decoding=\"async\" class=\"size-full wp-image-9397\" src=\"https:\/\/d2p6e6u75xmxt8.cloudfront.net\/5\/2019\/07\/8c700.jpg\" alt=\"\" width=\"1000\" height=\"667\" srcset=\"https:\/\/d2p6e6u75xmxt8.cloudfront.net\/5\/2019\/07\/8c700.jpg 1000w, https:\/\/d2p6e6u75xmxt8.cloudfront.net\/5\/2019\/07\/8c700-300x200.jpg 300w, https:\/\/d2p6e6u75xmxt8.cloudfront.net\/5\/2019\/07\/8c700-768x512.jpg 768w, https:\/\/d2p6e6u75xmxt8.cloudfront.net\/5\/2019\/07\/8c700-272x182.jpg 272w\" sizes=\"auto, (max-width: 1000px) 100vw, 1000px\" \/><figcaption id=\"caption-attachment-9397\" class=\"wp-caption-text\">Tour de France 2019 &#8211; 21\/07\/2019 &#8211; Etape 15 &#8211; Limoux \/ Foix Prat d&#8217;Albis (185 Km) &#8211; Julian ALAPHILIPPE (DECEUNINCK &#8211; QUICK &#8211; STEP) \u00a9 A.SO.\/Pauline BALLET<\/figcaption><\/figure>\n<p>Okaza\u0142o si\u0119, \u017ce jest, a to dlatego, \u017ce Alaphilippe nie jest robotem, ale zwyk\u0142ym \u015bmiertelnikiem. Gdy w niedziel\u0119 peleton \u017cegna\u0142 si\u0119 z Pirenejami, Francuz jakby \u017cegna\u0142 si\u0119 z si\u0142ami. Tu\u017c przed met\u0105 jecha\u0142 jeszcze w jednej grupie z Thomasem, ale gdy Walijczyk mocniej nadepn\u0105\u0142 na peda\u0142y, Francuz musia\u0142 powiedzie\u0107: \u201epas!\u201d. Walczy\u0142, przerzuca\u0142 rowerem, momentami wydawa\u0142o si\u0119 nawet, \u017ce z b\u00f3lu ciekn\u0105 mu \u0142zy, ale nie by\u0142 w stanie wytrzyma\u0107 tempa, cho\u0107 jeszcze kilkadziesi\u0105t godzin wcze\u015bniej sam je narzuca\u0142.<\/p>\n<p>&#8211; Strasznie cierpia\u0142, ale te\u017c walczy\u0142 do samego ko\u0144ca. Kilka razy zbiera\u0142 si\u0119 w sobie, kasuj\u0105c przerwy, ale przed fina\u0142owym podjazdem zosta\u0142 sam. Wielki szacunek \u2013 m\u00f3wi\u0142 o Francuzie Bartosz Huzarski na antenie Eurosportu.<\/p>\n<p>&#8211; Zap\u0142aci\u0142em cen\u0119 za wcze\u015bniejsze dni. Spodziewa\u0142em si\u0119 tego, ale wci\u0105\u017c mog\u0119 si\u0119 cieszy\u0107 \u017c\u00f3\u0142t\u0105 koszulk\u0105 lidera \u2013 m\u00f3wi\u0142 na mecie Alaphilippe.<\/p>\n<div class=\"embed-controller-wrapper\">\n<blockquote class=\"twitter-tweet\" data-width=\"500\" data-dnt=\"true\">\n<p lang=\"en\" dir=\"ltr\">\u26f0 Last day in the Pyr\u00e9n\u00e9es,<br \/>\ud83e\udd29 Big names in the break,<br \/>\ud83c\udfc6 Simon Yates doubles up ! <br \/>\ud83d\udcaa Top performance for Pinot and Landa !<\/p>\n<p>\ud83c\udfac Tune in for Stage 15 summarized in 1&#39;. Enjoy ! <a href=\"https:\/\/twitter.com\/hashtag\/TDF2019?src=hash&amp;ref_src=twsrc%5Etfw\">#TDF2019<\/a> <a href=\"https:\/\/t.co\/A27Eg8jriE\">pic.twitter.com\/A27Eg8jriE<\/a><\/p>\n<p>&mdash; Tour de France\u2122 (@LeTour) <a href=\"https:\/\/twitter.com\/LeTour\/status\/1152971497469698051?ref_src=twsrc%5Etfw\">July 21, 2019<\/a><\/p><\/blockquote>\n<p><script async data-src=\"https:\/\/platform.twitter.com\/widgets.js\" charset=\"utf-8\"><\/script><\/div>\n<p><span style=\"font-size: 18pt;\"><strong>Sen trwa, czas na Alpy<\/strong><\/span><\/p>\n<p>Niedzielny etap wygra\u0142 Simon Yates, kt\u00f3ry we Francji mia\u0142 wspiera\u0107 brata Adama, tymczasem wygra\u0142 po raz drugi w tegorocznej Wielkiej P\u0119tli i wyr\u00f3s\u0142 na gwiazd\u0105 zespo\u0142u Mitchelton-Scott.<\/p>\n<p>&#8211; Czuj\u0119 dum\u0119, ale jestem te\u017c bardzo zm\u0119czony. Tymczasem przed nami jeszcze trzy bardzo trudne \u015bcigania \u2013 podkre\u015bla S. Yates.<\/p>\n<p>Kolarze po\u017cegnali si\u0119 z Pirenejami. Dzi\u015b maj\u0105 dzie\u0144 wolny, p\u00f3\u017aniej dwa spokojniejsze etapy, a od czwartku rozpoczyna si\u0119 \u015bciganie w Alpach, gdzie wszystko si\u0119 rozstrzygnie!<\/p>\n<p>&#8211; M\u00f3j sen trwa, ale najci\u0119\u017csze etapy jeszcze przed nami \u2013 nie ma w\u0105tpliwo\u015bci Alaphilippe, za kt\u00f3rym kciuki trzyma ca\u0142a Francja i podobno p\u00f3\u0142 Europy. Cho\u0107 pewnie nie ta po\u0142\u00f3wka, z kt\u00f3rej pochodz\u0105 kolarze Ineos. Dla nich zadanie na najbli\u017cszy tydzie\u0144 jest proste \u2013 wypchn\u0105\u0107 na szczyt Gerainta Thomasa.<\/p>\n<p><span style=\"font-size: 18pt;\"><strong>Najlepsza akcja weekendu<\/strong><\/span><\/p>\n<p>Alaphilippe wypluwa\u0142 p\u0142uca na podjazdach, Thomas go goni\u0142, a jak ryba w wodzie w Pirenejach czu\u0142 si\u0119 Thibaut Pinot (pierwsze miejsce w sobot\u0119 i drugie w niedziel\u0119). Mimo to najlepsz\u0105 akcj\u0119, cho\u0107 ma\u0142o kolarsk\u0105, przeprowadzi\u0142 Peter Sagan.<\/p>\n<p>Lider klasyfikacji punkowej (sponsorowanej przez \u0160KOD\u0118), cho\u0107 w g\u00f3rach nie jest specjalist\u0105, to i tak w Pirenejach postanowi\u0142 zaznaczy\u0107 swoj\u0105 obecno\u015b\u0107. I to w taki spos\u00f3b, \u017ce jego zachowanie obieg\u0142o ca\u0142y \u015bwiat:<\/p>\n<div class=\"embed-controller-wrapper\">\n<blockquote class=\"twitter-tweet\" data-width=\"500\" data-dnt=\"true\">\n<p lang=\"en\" dir=\"ltr\">While everybody else is suffering in the Pyrenees, <a href=\"https:\/\/twitter.com\/petosagan?ref_src=twsrc%5Etfw\">@PetoSagan<\/a> still has energy to sign a copy of his book to an eager spectator running alongside him. Basically, just Sagan being Sagan. <a href=\"https:\/\/twitter.com\/hashtag\/TDF2019?src=hash&amp;ref_src=twsrc%5Etfw\">#TDF2019<\/a>  <a href=\"https:\/\/t.co\/1ye7ZT6Zvv\">pic.twitter.com\/1ye7ZT6Zvv<\/a><\/p>\n<p>&mdash; Mikkel Cond\u00e9 v2.0 (@mrconde) <a href=\"https:\/\/twitter.com\/mrconde\/status\/1152943214783078400?ref_src=twsrc%5Etfw\">July 21, 2019<\/a><\/p><\/blockquote>\n<p><script async data-src=\"https:\/\/platform.twitter.com\/widgets.js\" charset=\"utf-8\"><\/script><\/div>\n<p>6-krotny zwyci\u0119zca klasyfikacji punktowej najwyra\u017aniej uzna\u0142, \u017ce wspinaczki to nie tylko krew, pot i \u0142zy, wi\u0119c znalaz\u0142 nawet chwil\u0119, by jednemu z kibic\u00f3w podczas \u015bcigania\u2026 podpisa\u0107 autobiografi\u0119 \u201ePeter Sagan. M\u00f3j \u015bwiat\u201d. \u2013 To by\u0142a najlepsza akcja weekendu \u2013 \u017cartowali kibice na Twitterze.<\/p>\n<p><strong>Klasyfikacja generalna po 15.etapie Tour de France:<\/strong><\/p>\n<ol>\n<li>Julian Alaphilippe (Deceuninck-Quick Step) 61:00.22<\/li>\n<li>Geraint Thomas (Team INEOS) +1.35<\/li>\n<li>Steven Kruijswijk (Jumbo-Visma) +1.47<br \/>\n______________________<br \/>\n66. Micha\u0142 Kwiatkowski (Team INEOS) +1:30.40<br \/>\n133. \u0141ukasz Wi\u015bniewski (CCC Team) +2:35.15<\/li>\n<\/ol>\n<p>&nbsp;<\/p>\n<style type=\"text\/css\"><!--td {border: 1px solid #ccc;}br {mso-data-placement:same-cell;}--><\/style>\n<p><span data-sheets-value=\"{&quot;1&quot;:2,&quot;2&quot;:&quot;Artyku\u0142 powsta\u0142 we wsp\u00f3\u0142pracy ze skoda-auto.pl&quot;}\" data-sheets-userformat=\"{&quot;2&quot;:1,&quot;3&quot;:{&quot;1&quot;:0}}\"><a class=\"in-cell-link\" href=\"http:\/\/www.skoda-auto.pl\/\" target=\"_blank\" rel=\"noopener\">Artyku\u0142 powsta\u0142 we wsp\u00f3\u0142pracy ze skoda-auto.pl<\/a><\/span><\/p>\n","protected":false},"excerpt":{"rendered":"<p>Tych dni \u017caden fan kolarstwa nie mo\u017ce przeoczy\u0107! Ca\u0142a Francja trzyma kciuki za Julienem Alaphilippem, kt\u00f3rego jak stado rozp\u0119dzonych byk\u00f3w [&hellip;]<\/p>\n","protected":false},"author":76,"featured_media":9397,"comment_status":"open","ping_status":"open","sticky":false,"template":"","format":"standard","meta":{"footnotes":""},"categories":[300],"tags":[],"global-categories":[],"class_list":["post-9393","post","type-post","status-publish","format-standard","has-post-thumbnail","hentry","category-tour-de-france-2019"],"yoast_head":"<!-- This site is optimized with the Yoast SEO Premium plugin v25.3 (Yoast SEO v25.9) - https:\/\/yoast.com\/wordpress\/plugins\/seo\/ -->\n<title>Zapnijcie pasy! Przed nami najbardziej pasjonuj\u0105cy tydzie\u0144 w roku - \u0160koda We Love Cycling - Poland<\/title>\n<meta name=\"robots\" content=\"index, follow, max-snippet:-1, max-image-preview:large, max-video-preview:-1\" \/>\n<link rel=\"canonical\" href=\"https:\/\/www.welovecycling.com\/pl\/2019\/07\/22\/zapnijcie-pasy-przed-nami-najbardziej-pasjonujacy-tydzien-w-roku\/\" \/>\n<meta property=\"og:locale\" content=\"pl_PL\" \/>\n<meta property=\"og:type\" content=\"article\" \/>\n<meta property=\"og:title\" content=\"Zapnijcie pasy! Przed nami najbardziej pasjonuj\u0105cy tydzie\u0144 w roku\" \/>\n<meta property=\"og:description\" content=\"Tych dni \u017caden fan kolarstwa nie mo\u017ce przeoczy\u0107! Ca\u0142a Francja trzyma kciuki za Julienem Alaphilippem, kt\u00f3rego jak stado rozp\u0119dzonych byk\u00f3w [&hellip;]\" \/>\n<meta property=\"og:url\" content=\"https:\/\/www.welovecycling.com\/pl\/2019\/07\/22\/zapnijcie-pasy-przed-nami-najbardziej-pasjonujacy-tydzien-w-roku\/\" \/>\n<meta property=\"og:site_name\" content=\"\u0160koda We Love Cycling - Poland\" \/>\n<meta property=\"article:published_time\" content=\"2019-07-22T06:54:58+00:00\" \/>\n<meta property=\"og:image\" content=\"https:\/\/d2p6e6u75xmxt8.cloudfront.net\/5\/2019\/07\/8c700.jpg\" \/>\n\t<meta property=\"og:image:width\" content=\"1000\" \/>\n\t<meta property=\"og:image:height\" content=\"667\" \/>\n\t<meta property=\"og:image:type\" content=\"image\/jpeg\" \/>\n<meta name=\"author\" content=\"piotrboczkowski\" \/>\n<meta name=\"twitter:card\" content=\"summary_large_image\" \/>\n<meta name=\"twitter:label1\" content=\"Written by\" \/>\n\t<meta name=\"twitter:data1\" content=\"Piotr Nowik\" \/>\n\t<meta name=\"twitter:label2\" content=\"Est. reading time\" \/>\n\t<meta name=\"twitter:data2\" content=\"5\" \/>\n<script type=\"application\/ld+json\" class=\"yoast-schema-graph\">{\"@context\":\"https:\/\/schema.org\",\"@graph\":[{\"@type\":\"WebPage\",\"@id\":\"https:\/\/www.welovecycling.com\/pl\/2019\/07\/22\/zapnijcie-pasy-przed-nami-najbardziej-pasjonujacy-tydzien-w-roku\/\",\"url\":\"https:\/\/www.welovecycling.com\/pl\/2019\/07\/22\/zapnijcie-pasy-przed-nami-najbardziej-pasjonujacy-tydzien-w-roku\/\",\"name\":\"Zapnijcie pasy! Przed nami najbardziej pasjonuj\u0105cy tydzie\u0144 w roku - \u0160koda We Love Cycling - Poland\",\"isPartOf\":{\"@id\":\"https:\/\/www.welovecycling.com\/pl\/#website\"},\"primaryImageOfPage\":{\"@id\":\"https:\/\/www.welovecycling.com\/pl\/2019\/07\/22\/zapnijcie-pasy-przed-nami-najbardziej-pasjonujacy-tydzien-w-roku\/#primaryimage\"},\"image\":{\"@id\":\"https:\/\/www.welovecycling.com\/pl\/2019\/07\/22\/zapnijcie-pasy-przed-nami-najbardziej-pasjonujacy-tydzien-w-roku\/#primaryimage\"},\"thumbnailUrl\":\"https:\/\/d2p6e6u75xmxt8.cloudfront.net\/5\/2019\/07\/8c700.jpg\",\"datePublished\":\"2019-07-22T06:54:58+00:00\",\"author\":{\"@id\":\"https:\/\/www.welovecycling.com\/pl\/#\/schema\/person\/0dba2d39da943db9df3fd8f4687e7f23\"},\"breadcrumb\":{\"@id\":\"https:\/\/www.welovecycling.com\/pl\/2019\/07\/22\/zapnijcie-pasy-przed-nami-najbardziej-pasjonujacy-tydzien-w-roku\/#breadcrumb\"},\"inLanguage\":\"pl-PL\",\"potentialAction\":[{\"@type\":\"ReadAction\",\"target\":[\"https:\/\/www.welovecycling.com\/pl\/2019\/07\/22\/zapnijcie-pasy-przed-nami-najbardziej-pasjonujacy-tydzien-w-roku\/\"]}]},{\"@type\":\"ImageObject\",\"inLanguage\":\"pl-PL\",\"@id\":\"https:\/\/www.welovecycling.com\/pl\/2019\/07\/22\/zapnijcie-pasy-przed-nami-najbardziej-pasjonujacy-tydzien-w-roku\/#primaryimage\",\"url\":\"https:\/\/d2p6e6u75xmxt8.cloudfront.net\/5\/2019\/07\/8c700.jpg\",\"contentUrl\":\"https:\/\/d2p6e6u75xmxt8.cloudfront.net\/5\/2019\/07\/8c700.jpg\",\"width\":1000,\"height\":667,\"caption\":\"Tour de France 2019 - 21\/07\/2019 - Etape 15 - Limoux \/ Foix Prat d'Albis (185 Km) - Julian ALAPHILIPPE (DECEUNINCK - QUICK - STEP) \u00a9 A.SO.\/Pauline BALLET\"},{\"@type\":\"BreadcrumbList\",\"@id\":\"https:\/\/www.welovecycling.com\/pl\/2019\/07\/22\/zapnijcie-pasy-przed-nami-najbardziej-pasjonujacy-tydzien-w-roku\/#breadcrumb\",\"itemListElement\":[{\"@type\":\"ListItem\",\"position\":1,\"name\":\"Home\",\"item\":\"https:\/\/www.welovecycling.com\/pl\/\"},{\"@type\":\"ListItem\",\"position\":2,\"name\":\"Zapnijcie pasy! Przed nami najbardziej pasjonuj\u0105cy tydzie\u0144 w roku\"}]},{\"@type\":\"WebSite\",\"@id\":\"https:\/\/www.welovecycling.com\/pl\/#website\",\"url\":\"https:\/\/www.welovecycling.com\/pl\/\",\"name\":\"\u0160koda We Love Cycling - Poland\",\"description\":\"\",\"potentialAction\":[{\"@type\":\"SearchAction\",\"target\":{\"@type\":\"EntryPoint\",\"urlTemplate\":\"https:\/\/www.welovecycling.com\/pl\/?s={search_term_string}\"},\"query-input\":{\"@type\":\"PropertyValueSpecification\",\"valueRequired\":true,\"valueName\":\"search_term_string\"}}],\"inLanguage\":\"pl-PL\"},{\"@type\":\"Person\",\"@id\":\"https:\/\/www.welovecycling.com\/pl\/#\/schema\/person\/0dba2d39da943db9df3fd8f4687e7f23\",\"name\":\"piotrboczkowski\",\"image\":{\"@type\":\"ImageObject\",\"inLanguage\":\"pl-PL\",\"@id\":\"https:\/\/www.welovecycling.com\/pl\/#\/schema\/person\/image\/\",\"url\":\"https:\/\/secure.gravatar.com\/avatar\/533caccae14752e03a2ce2d3fd62d1b98b93e1393c3195c27819e53344ca1ace?s=96&d=mm&r=g\",\"contentUrl\":\"https:\/\/secure.gravatar.com\/avatar\/533caccae14752e03a2ce2d3fd62d1b98b93e1393c3195c27819e53344ca1ace?s=96&d=mm&r=g\",\"caption\":\"piotrboczkowski\"},\"url\":\"https:\/\/www.welovecycling.com\/pl\/author\/piotrboczkowski\/\"}]}<\/script>\n<!-- \/ Yoast SEO Premium plugin. -->","yoast_head_json":{"title":"Zapnijcie pasy! Przed nami najbardziej pasjonuj\u0105cy tydzie\u0144 w roku - \u0160koda We Love Cycling - Poland","robots":{"index":"index","follow":"follow","max-snippet":"max-snippet:-1","max-image-preview":"max-image-preview:large","max-video-preview":"max-video-preview:-1"},"canonical":"https:\/\/www.welovecycling.com\/pl\/2019\/07\/22\/zapnijcie-pasy-przed-nami-najbardziej-pasjonujacy-tydzien-w-roku\/","og_locale":"pl_PL","og_type":"article","og_title":"Zapnijcie pasy! Przed nami najbardziej pasjonuj\u0105cy tydzie\u0144 w roku","og_description":"Tych dni \u017caden fan kolarstwa nie mo\u017ce przeoczy\u0107! Ca\u0142a Francja trzyma kciuki za Julienem Alaphilippem, kt\u00f3rego jak stado rozp\u0119dzonych byk\u00f3w [&hellip;]","og_url":"https:\/\/www.welovecycling.com\/pl\/2019\/07\/22\/zapnijcie-pasy-przed-nami-najbardziej-pasjonujacy-tydzien-w-roku\/","og_site_name":"\u0160koda We Love Cycling - Poland","article_published_time":"2019-07-22T06:54:58+00:00","og_image":[{"width":1000,"height":667,"url":"https:\/\/d2p6e6u75xmxt8.cloudfront.net\/5\/2019\/07\/8c700.jpg","type":"image\/jpeg"}],"author":"piotrboczkowski","twitter_card":"summary_large_image","twitter_misc":{"Written by":"Piotr Nowik","Est. reading time":"5"},"schema":{"@context":"https:\/\/schema.org","@graph":[{"@type":"WebPage","@id":"https:\/\/www.welovecycling.com\/pl\/2019\/07\/22\/zapnijcie-pasy-przed-nami-najbardziej-pasjonujacy-tydzien-w-roku\/","url":"https:\/\/www.welovecycling.com\/pl\/2019\/07\/22\/zapnijcie-pasy-przed-nami-najbardziej-pasjonujacy-tydzien-w-roku\/","name":"Zapnijcie pasy! Przed nami najbardziej pasjonuj\u0105cy tydzie\u0144 w roku - \u0160koda We Love Cycling - Poland","isPartOf":{"@id":"https:\/\/www.welovecycling.com\/pl\/#website"},"primaryImageOfPage":{"@id":"https:\/\/www.welovecycling.com\/pl\/2019\/07\/22\/zapnijcie-pasy-przed-nami-najbardziej-pasjonujacy-tydzien-w-roku\/#primaryimage"},"image":{"@id":"https:\/\/www.welovecycling.com\/pl\/2019\/07\/22\/zapnijcie-pasy-przed-nami-najbardziej-pasjonujacy-tydzien-w-roku\/#primaryimage"},"thumbnailUrl":"https:\/\/d2p6e6u75xmxt8.cloudfront.net\/5\/2019\/07\/8c700.jpg","datePublished":"2019-07-22T06:54:58+00:00","author":{"@id":"https:\/\/www.welovecycling.com\/pl\/#\/schema\/person\/0dba2d39da943db9df3fd8f4687e7f23"},"breadcrumb":{"@id":"https:\/\/www.welovecycling.com\/pl\/2019\/07\/22\/zapnijcie-pasy-przed-nami-najbardziej-pasjonujacy-tydzien-w-roku\/#breadcrumb"},"inLanguage":"pl-PL","potentialAction":[{"@type":"ReadAction","target":["https:\/\/www.welovecycling.com\/pl\/2019\/07\/22\/zapnijcie-pasy-przed-nami-najbardziej-pasjonujacy-tydzien-w-roku\/"]}]},{"@type":"ImageObject","inLanguage":"pl-PL","@id":"https:\/\/www.welovecycling.com\/pl\/2019\/07\/22\/zapnijcie-pasy-przed-nami-najbardziej-pasjonujacy-tydzien-w-roku\/#primaryimage","url":"https:\/\/d2p6e6u75xmxt8.cloudfront.net\/5\/2019\/07\/8c700.jpg","contentUrl":"https:\/\/d2p6e6u75xmxt8.cloudfront.net\/5\/2019\/07\/8c700.jpg","width":1000,"height":667,"caption":"Tour de France 2019 - 21\/07\/2019 - Etape 15 - Limoux \/ Foix Prat d'Albis (185 Km) - Julian ALAPHILIPPE (DECEUNINCK - QUICK - STEP) \u00a9 A.SO.\/Pauline BALLET"},{"@type":"BreadcrumbList","@id":"https:\/\/www.welovecycling.com\/pl\/2019\/07\/22\/zapnijcie-pasy-przed-nami-najbardziej-pasjonujacy-tydzien-w-roku\/#breadcrumb","itemListElement":[{"@type":"ListItem","position":1,"name":"Home","item":"https:\/\/www.welovecycling.com\/pl\/"},{"@type":"ListItem","position":2,"name":"Zapnijcie pasy! Przed nami najbardziej pasjonuj\u0105cy tydzie\u0144 w roku"}]},{"@type":"WebSite","@id":"https:\/\/www.welovecycling.com\/pl\/#website","url":"https:\/\/www.welovecycling.com\/pl\/","name":"\u0160koda We Love Cycling - Poland","description":"","potentialAction":[{"@type":"SearchAction","target":{"@type":"EntryPoint","urlTemplate":"https:\/\/www.welovecycling.com\/pl\/?s={search_term_string}"},"query-input":{"@type":"PropertyValueSpecification","valueRequired":true,"valueName":"search_term_string"}}],"inLanguage":"pl-PL"},{"@type":"Person","@id":"https:\/\/www.welovecycling.com\/pl\/#\/schema\/person\/0dba2d39da943db9df3fd8f4687e7f23","name":"piotrboczkowski","image":{"@type":"ImageObject","inLanguage":"pl-PL","@id":"https:\/\/www.welovecycling.com\/pl\/#\/schema\/person\/image\/","url":"https:\/\/secure.gravatar.com\/avatar\/533caccae14752e03a2ce2d3fd62d1b98b93e1393c3195c27819e53344ca1ace?s=96&d=mm&r=g","contentUrl":"https:\/\/secure.gravatar.com\/avatar\/533caccae14752e03a2ce2d3fd62d1b98b93e1393c3195c27819e53344ca1ace?s=96&d=mm&r=g","caption":"piotrboczkowski"},"url":"https:\/\/www.welovecycling.com\/pl\/author\/piotrboczkowski\/"}]}},"_links":{"self":[{"href":"https:\/\/www.welovecycling.com\/pl\/wp-json\/wp\/v2\/posts\/9393","targetHints":{"allow":["GET"]}}],"collection":[{"href":"https:\/\/www.welovecycling.com\/pl\/wp-json\/wp\/v2\/posts"}],"about":[{"href":"https:\/\/www.welovecycling.com\/pl\/wp-json\/wp\/v2\/types\/post"}],"author":[{"embeddable":true,"href":"https:\/\/www.welovecycling.com\/pl\/wp-json\/wp\/v2\/users\/76"}],"replies":[{"embeddable":true,"href":"https:\/\/www.welovecycling.com\/pl\/wp-json\/wp\/v2\/comments?post=9393"}],"version-history":[{"count":2,"href":"https:\/\/www.welovecycling.com\/pl\/wp-json\/wp\/v2\/posts\/9393\/revisions"}],"predecessor-version":[{"id":9398,"href":"https:\/\/www.welovecycling.com\/pl\/wp-json\/wp\/v2\/posts\/9393\/revisions\/9398"}],"wp:featuredmedia":[{"embeddable":true,"href":"https:\/\/www.welovecycling.com\/pl\/wp-json\/wp\/v2\/media\/9397"}],"wp:attachment":[{"href":"https:\/\/www.welovecycling.com\/pl\/wp-json\/wp\/v2\/media?parent=9393"}],"wp:term":[{"taxonomy":"category","embeddable":true,"href":"https:\/\/www.welovecycling.com\/pl\/wp-json\/wp\/v2\/categories?post=9393"},{"taxonomy":"post_tag","embeddable":true,"href":"https:\/\/www.welovecycling.com\/pl\/wp-json\/wp\/v2\/tags?post=9393"},{"taxonomy":"global-categories","embeddable":true,"href":"https:\/\/www.welovecycling.com\/pl\/wp-json\/wp\/v2\/global-categories?post=9393"}],"curies":[{"name":"wp","href":"https:\/\/api.w.org\/{rel}","templated":true}]}}