{"id":9390,"date":"2019-07-21T10:02:06","date_gmt":"2019-07-21T10:02:06","guid":{"rendered":"https:\/\/www.welovecycling.com\/pl\/?p=9390"},"modified":"2019-07-22T07:02:42","modified_gmt":"2019-07-22T07:02:42","slug":"dlaczego-holandia-jest-rajem-dla-rowerzystow","status":"publish","type":"post","link":"https:\/\/www.welovecycling.com\/pl\/2019\/07\/21\/dlaczego-holandia-jest-rajem-dla-rowerzystow\/","title":{"rendered":"Dlaczego Holandia jest rajem dla rowerzyst\u00f3w?"},"content":{"rendered":"<p><strong>\u015arednio ka\u017cdy doros\u0142y Holender pokonuje 1000 kilometr\u00f3w rocznie. Nastolatkowie dzi\u0119ki dojazdom do i ze szko\u0142y je\u017cd\u017c\u0105 dwa razy tyle i wykr\u0119caj\u0105 oko\u0142o 2000 kilometr\u00f3w. Zastanawiasz si\u0119, co sprawia, \u017ce \u200b\u200bjazda na rowerze w Holandii jest powszechnie dost\u0119pna? My to odkryli\u015bmy!<\/strong><\/p>\n<p>&nbsp;<\/p>\n<ol>\n<li>Wed\u0142ug Europejskiej Federacji Cyklist\u00f3w Holandia jest uwa\u017cana za jeden z najbezpieczniejszych kraj\u00f3w na \u015bwiecie dla rowerzyst\u00f3w.<\/li>\n<li>Dzieci ju\u017c od najm\u0142odszych lat s\u0105 wo\u017cone w specjalnych rowerach cargo zwanych bakfiets.<\/li>\n<\/ol>\n<figure id=\"attachment_174205\" aria-describedby=\"caption-attachment-174205\" style=\"width: 1250px\" class=\"wp-caption alignnone\"><img loading=\"lazy\" decoding=\"async\" class=\"initial loaded wp-image-174205 size-full\" src=\"https:\/\/d2p6e6u75xmxt8.cloudfront.net\/2\/2019\/06\/bakfiets-profimedia-0108285671.jpg\" sizes=\"auto, (max-width: 1250px) 100vw, 1250px\" srcset=\"https:\/\/d2p6e6u75xmxt8.cloudfront.net\/2\/2019\/06\/bakfiets-profimedia-0108285671.jpg 1250w, https:\/\/d2p6e6u75xmxt8.cloudfront.net\/2\/2019\/06\/bakfiets-profimedia-0108285671-300x200.jpg 300w, https:\/\/d2p6e6u75xmxt8.cloudfront.net\/2\/2019\/06\/bakfiets-profimedia-0108285671-768x511.jpg 768w, https:\/\/d2p6e6u75xmxt8.cloudfront.net\/2\/2019\/06\/bakfiets-profimedia-0108285671-1024x682.jpg 1024w, https:\/\/d2p6e6u75xmxt8.cloudfront.net\/2\/2019\/06\/bakfiets-profimedia-0108285671-272x182.jpg 272w\" alt=\"\" width=\"1250\" height=\"832\" data-was-processed=\"true\" \/><figcaption id=\"caption-attachment-174205\" class=\"wp-caption-text\">Rodzinna przeja\u017cd\u017cka po parku Vondelpark z dzie\u0107mi umieszczonymi na rowerze transportowym, tzw. bakfiets, Amsterdam Holandia. \u00a9Profimedia, Alamy<\/figcaption><\/figure>\n<p>&nbsp;<\/p>\n<ol start=\"3\">\n<li>Jazda rowerem jest tania, wi\u0119c pasuje do stereotypowej holenderskiej oszcz\u0119dno\u015bci.<\/li>\n<\/ol>\n<p>&nbsp;<\/p>\n<ol start=\"4\">\n<li>W Holandii istniej\u0105 ponad 32 000 km \u015bcie\u017cek rowerowych, dzi\u0119ki czemu mo\u017cna tam je\u017adzi\u0107 niemal wsz\u0119dzie, nie przejmuj\u0105c si\u0119 ruchem samochodowym.<\/li>\n<\/ol>\n<p>&nbsp;<\/p>\n<ol start=\"5\">\n<li>Po\u0142owa doros\u0142ej populacji Holendr\u00f3w ma mniej ni\u017c 7,5 km do pracy, wi\u0119c dystans ten mo\u017cna \u0142atwo pokona\u0107 na rowerze.<\/li>\n<\/ol>\n<p>&nbsp;<\/p>\n<ol start=\"6\">\n<li>Rz\u0105d p\u0142aci ludziom za jazd\u0119 na rowerze \u2013 i to dos\u0142ownie. Je\u015bli je\u017adzisz na dw\u00f3ch k\u00f3\u0142kach do pracy, otrzymujesz 0,19 euro za ka\u017cdy kilometr. Jedynym warunkiem jest to, \u017ce dystans musi by\u0107 uzgodniony przez pracodawc\u0119 i pracownika.<\/li>\n<\/ol>\n<figure id=\"attachment_143502\" aria-describedby=\"caption-attachment-143502\" style=\"width: 800px\" class=\"wp-caption alignnone\"><img loading=\"lazy\" decoding=\"async\" class=\"initial loaded wp-image-143502 size-full\" src=\"https:\/\/d2p6e6u75xmxt8.cloudfront.net\/2\/2016\/11\/worlds-first-suspended-bicycle-roundabout-hovenring-by-ipv-delft-netherlands-1.jpg\" sizes=\"auto, (max-width: 800px) 100vw, 800px\" srcset=\"https:\/\/d2p6e6u75xmxt8.cloudfront.net\/2\/2016\/11\/worlds-first-suspended-bicycle-roundabout-hovenring-by-ipv-delft-netherlands-1.jpg 800w, https:\/\/d2p6e6u75xmxt8.cloudfront.net\/2\/2016\/11\/worlds-first-suspended-bicycle-roundabout-hovenring-by-ipv-delft-netherlands-1-300x200.jpg 300w, https:\/\/d2p6e6u75xmxt8.cloudfront.net\/2\/2016\/11\/worlds-first-suspended-bicycle-roundabout-hovenring-by-ipv-delft-netherlands-1-768x512.jpg 768w, https:\/\/d2p6e6u75xmxt8.cloudfront.net\/2\/2016\/11\/worlds-first-suspended-bicycle-roundabout-hovenring-by-ipv-delft-netherlands-1-272x182.jpg 272w\" alt=\"\" width=\"800\" height=\"533\" data-was-processed=\"true\" \/><figcaption id=\"caption-attachment-143502\" class=\"wp-caption-text\">Hovenring w Holandii<\/figcaption><\/figure>\n<ol start=\"7\">\n<li>Holandia postanowi\u0142a zainwestowa\u0107 345 mln euro w infrastruktur\u0119 rowerow\u0105, aby w ci\u0105gu nast\u0119pnych trzech lat dodatkowe 200 000 os\u00f3b zacz\u0119\u0142o korzysta\u0107 z rower\u00f3w.<\/li>\n<\/ol>\n<p>&nbsp;<\/p>\n<ol start=\"8\">\n<li>Zdobycie roweru na przeja\u017cd\u017ck\u0119 jest niezwykle proste, poniewa\u017c w kraju o populacji 17 mln s\u0105 a\u017c 23 mln rower\u00f3w. Po prostu wskakuje si\u0119 na rower i jedzie, bo kaski rowerowe nie s\u0105 obowi\u0105zkowe.<\/li>\n<\/ol>\n<p>&nbsp;<\/p>\n<ol start=\"9\">\n<li>Osoby na rowerze s\u0105 uwa\u017cane za niewinne, je\u015bli dojdzie do wypadku z innym \u015brodkiem transportu.<\/li>\n<\/ol>\n<p>&nbsp;<\/p>\n<ol start=\"10\">\n<li>W szko\u0142ach jest obowi\u0105zkowa edukacja rowerowa, a dzieci musz\u0105 zda\u0107 egzamin z ruchu rowerowego.<\/li>\n<\/ol>\n<figure id=\"attachment_174204\" aria-describedby=\"caption-attachment-174204\" style=\"width: 1250px\" class=\"wp-caption alignnone\"><img loading=\"lazy\" decoding=\"async\" class=\"initial loaded wp-image-174204 size-full\" src=\"https:\/\/d2p6e6u75xmxt8.cloudfront.net\/2\/2019\/06\/profimedia-0143449086.jpg\" sizes=\"auto, (max-width: 1250px) 100vw, 1250px\" srcset=\"https:\/\/d2p6e6u75xmxt8.cloudfront.net\/2\/2019\/06\/profimedia-0143449086.jpg 1250w, https:\/\/d2p6e6u75xmxt8.cloudfront.net\/2\/2019\/06\/profimedia-0143449086-300x200.jpg 300w, https:\/\/d2p6e6u75xmxt8.cloudfront.net\/2\/2019\/06\/profimedia-0143449086-768x512.jpg 768w, https:\/\/d2p6e6u75xmxt8.cloudfront.net\/2\/2019\/06\/profimedia-0143449086-1024x682.jpg 1024w, https:\/\/d2p6e6u75xmxt8.cloudfront.net\/2\/2019\/06\/profimedia-0143449086-272x182.jpg 272w\" alt=\"\" width=\"1250\" height=\"833\" data-was-processed=\"true\" \/><figcaption id=\"caption-attachment-174204\" class=\"wp-caption-text\">Wczesny poranek w Bussum. \u00a9Profimedia, Alamy<\/figcaption><\/figure>\n<p>&nbsp;<\/p>\n<ol start=\"11\">\n<li>Jazda na rowerze jest \u0142atwa, poniewa\u017c ten kraj jest wyj\u0105tkowo p\u0142aski.<\/li>\n<\/ol>\n<p>&nbsp;<\/p>\n<ol start=\"12\">\n<li>15 istniej\u0105cych \u015bcie\u017cek rowerowych jest przekszta\u0142canych w autostrady rowerowe. Dodatkowo w najbli\u017cszej przysz\u0142o\u015bci powstanie 25 000 miejsc parkingowych dla tych pojazd\u00f3w.<\/li>\n<\/ol>\n<p>&nbsp;<\/p>\n","protected":false},"excerpt":{"rendered":"<p>\u015arednio ka\u017cdy doros\u0142y Holender pokonuje 1000 kilometr\u00f3w rocznie. Nastolatkowie dzi\u0119ki dojazdom do i ze szko\u0142y je\u017cd\u017c\u0105 dwa razy tyle i [&hellip;]<\/p>\n","protected":false},"author":76,"featured_media":9399,"comment_status":"open","ping_status":"open","sticky":false,"template":"","format":"standard","meta":{"footnotes":""},"categories":[226],"tags":[],"global-categories":[],"class_list":["post-9390","post","type-post","status-publish","format-standard","has-post-thumbnail","hentry","category-ciekawostki"],"yoast_head":"<!-- This site is optimized with the Yoast SEO Premium plugin v25.3 (Yoast SEO v25.9) - https:\/\/yoast.com\/wordpress\/plugins\/seo\/ -->\n<title>Dlaczego Holandia jest rajem dla rowerzyst\u00f3w? - \u0160koda We Love Cycling - Poland<\/title>\n<meta name=\"robots\" content=\"index, follow, max-snippet:-1, max-image-preview:large, max-video-preview:-1\" \/>\n<link rel=\"canonical\" href=\"https:\/\/www.welovecycling.com\/pl\/2019\/07\/21\/dlaczego-holandia-jest-rajem-dla-rowerzystow\/\" \/>\n<meta property=\"og:locale\" content=\"pl_PL\" \/>\n<meta property=\"og:type\" content=\"article\" \/>\n<meta property=\"og:title\" content=\"Dlaczego Holandia jest rajem dla rowerzyst\u00f3w?\" \/>\n<meta property=\"og:description\" content=\"\u015arednio ka\u017cdy doros\u0142y Holender pokonuje 1000 kilometr\u00f3w rocznie. Nastolatkowie dzi\u0119ki dojazdom do i ze szko\u0142y je\u017cd\u017c\u0105 dwa razy tyle i [&hellip;]\" \/>\n<meta property=\"og:url\" content=\"https:\/\/www.welovecycling.com\/pl\/2019\/07\/21\/dlaczego-holandia-jest-rajem-dla-rowerzystow\/\" \/>\n<meta property=\"og:site_name\" content=\"\u0160koda We Love Cycling - Poland\" \/>\n<meta property=\"article:published_time\" content=\"2019-07-21T10:02:06+00:00\" \/>\n<meta property=\"article:modified_time\" content=\"2019-07-22T07:02:42+00:00\" \/>\n<meta property=\"og:image\" content=\"https:\/\/d2p6e6u75xmxt8.cloudfront.net\/5\/2019\/07\/1280x720-3087343-amsterdam_bikes_biking_bycicle_dutch_dutch-tradition_evening_gracht_hire_holland_night_river_sunset_tradition_transport_travel.jpg\" \/>\n\t<meta property=\"og:image:width\" content=\"1280\" \/>\n\t<meta property=\"og:image:height\" content=\"720\" \/>\n\t<meta property=\"og:image:type\" content=\"image\/jpeg\" \/>\n<meta name=\"author\" content=\"piotrboczkowski\" \/>\n<meta name=\"twitter:card\" content=\"summary_large_image\" \/>\n<meta name=\"twitter:label1\" content=\"Written by\" \/>\n\t<meta name=\"twitter:data1\" content=\"Adam Marsal\" \/>\n\t<meta name=\"twitter:label2\" content=\"Est. reading time\" \/>\n\t<meta name=\"twitter:data2\" content=\"5\" \/>\n<script type=\"application\/ld+json\" class=\"yoast-schema-graph\">{\"@context\":\"https:\/\/schema.org\",\"@graph\":[{\"@type\":\"WebPage\",\"@id\":\"https:\/\/www.welovecycling.com\/pl\/2019\/07\/21\/dlaczego-holandia-jest-rajem-dla-rowerzystow\/\",\"url\":\"https:\/\/www.welovecycling.com\/pl\/2019\/07\/21\/dlaczego-holandia-jest-rajem-dla-rowerzystow\/\",\"name\":\"Dlaczego Holandia jest rajem dla rowerzyst\u00f3w? - \u0160koda We Love Cycling - Poland\",\"isPartOf\":{\"@id\":\"https:\/\/www.welovecycling.com\/pl\/#website\"},\"primaryImageOfPage\":{\"@id\":\"https:\/\/www.welovecycling.com\/pl\/2019\/07\/21\/dlaczego-holandia-jest-rajem-dla-rowerzystow\/#primaryimage\"},\"image\":{\"@id\":\"https:\/\/www.welovecycling.com\/pl\/2019\/07\/21\/dlaczego-holandia-jest-rajem-dla-rowerzystow\/#primaryimage\"},\"thumbnailUrl\":\"https:\/\/d2p6e6u75xmxt8.cloudfront.net\/5\/2019\/07\/1280x720-3087343-amsterdam_bikes_biking_bycicle_dutch_dutch-tradition_evening_gracht_hire_holland_night_river_sunset_tradition_transport_travel.jpg\",\"datePublished\":\"2019-07-21T10:02:06+00:00\",\"dateModified\":\"2019-07-22T07:02:42+00:00\",\"author\":{\"@id\":\"https:\/\/www.welovecycling.com\/pl\/#\/schema\/person\/0dba2d39da943db9df3fd8f4687e7f23\"},\"breadcrumb\":{\"@id\":\"https:\/\/www.welovecycling.com\/pl\/2019\/07\/21\/dlaczego-holandia-jest-rajem-dla-rowerzystow\/#breadcrumb\"},\"inLanguage\":\"pl-PL\",\"potentialAction\":[{\"@type\":\"ReadAction\",\"target\":[\"https:\/\/www.welovecycling.com\/pl\/2019\/07\/21\/dlaczego-holandia-jest-rajem-dla-rowerzystow\/\"]}]},{\"@type\":\"ImageObject\",\"inLanguage\":\"pl-PL\",\"@id\":\"https:\/\/www.welovecycling.com\/pl\/2019\/07\/21\/dlaczego-holandia-jest-rajem-dla-rowerzystow\/#primaryimage\",\"url\":\"https:\/\/d2p6e6u75xmxt8.cloudfront.net\/5\/2019\/07\/1280x720-3087343-amsterdam_bikes_biking_bycicle_dutch_dutch-tradition_evening_gracht_hire_holland_night_river_sunset_tradition_transport_travel.jpg\",\"contentUrl\":\"https:\/\/d2p6e6u75xmxt8.cloudfront.net\/5\/2019\/07\/1280x720-3087343-amsterdam_bikes_biking_bycicle_dutch_dutch-tradition_evening_gracht_hire_holland_night_river_sunset_tradition_transport_travel.jpg\",\"width\":1280,\"height\":720},{\"@type\":\"BreadcrumbList\",\"@id\":\"https:\/\/www.welovecycling.com\/pl\/2019\/07\/21\/dlaczego-holandia-jest-rajem-dla-rowerzystow\/#breadcrumb\",\"itemListElement\":[{\"@type\":\"ListItem\",\"position\":1,\"name\":\"Home\",\"item\":\"https:\/\/www.welovecycling.com\/pl\/\"},{\"@type\":\"ListItem\",\"position\":2,\"name\":\"Dlaczego Holandia jest rajem dla rowerzyst\u00f3w?\"}]},{\"@type\":\"WebSite\",\"@id\":\"https:\/\/www.welovecycling.com\/pl\/#website\",\"url\":\"https:\/\/www.welovecycling.com\/pl\/\",\"name\":\"\u0160koda We Love Cycling - Poland\",\"description\":\"\",\"potentialAction\":[{\"@type\":\"SearchAction\",\"target\":{\"@type\":\"EntryPoint\",\"urlTemplate\":\"https:\/\/www.welovecycling.com\/pl\/?s={search_term_string}\"},\"query-input\":{\"@type\":\"PropertyValueSpecification\",\"valueRequired\":true,\"valueName\":\"search_term_string\"}}],\"inLanguage\":\"pl-PL\"},{\"@type\":\"Person\",\"@id\":\"https:\/\/www.welovecycling.com\/pl\/#\/schema\/person\/0dba2d39da943db9df3fd8f4687e7f23\",\"name\":\"piotrboczkowski\",\"image\":{\"@type\":\"ImageObject\",\"inLanguage\":\"pl-PL\",\"@id\":\"https:\/\/www.welovecycling.com\/pl\/#\/schema\/person\/image\/\",\"url\":\"https:\/\/secure.gravatar.com\/avatar\/533caccae14752e03a2ce2d3fd62d1b98b93e1393c3195c27819e53344ca1ace?s=96&d=mm&r=g\",\"contentUrl\":\"https:\/\/secure.gravatar.com\/avatar\/533caccae14752e03a2ce2d3fd62d1b98b93e1393c3195c27819e53344ca1ace?s=96&d=mm&r=g\",\"caption\":\"piotrboczkowski\"},\"url\":\"https:\/\/www.welovecycling.com\/pl\/author\/piotrboczkowski\/\"}]}<\/script>\n<!-- \/ Yoast SEO Premium plugin. -->","yoast_head_json":{"title":"Dlaczego Holandia jest rajem dla rowerzyst\u00f3w? - \u0160koda We Love Cycling - Poland","robots":{"index":"index","follow":"follow","max-snippet":"max-snippet:-1","max-image-preview":"max-image-preview:large","max-video-preview":"max-video-preview:-1"},"canonical":"https:\/\/www.welovecycling.com\/pl\/2019\/07\/21\/dlaczego-holandia-jest-rajem-dla-rowerzystow\/","og_locale":"pl_PL","og_type":"article","og_title":"Dlaczego Holandia jest rajem dla rowerzyst\u00f3w?","og_description":"\u015arednio ka\u017cdy doros\u0142y Holender pokonuje 1000 kilometr\u00f3w rocznie. Nastolatkowie dzi\u0119ki dojazdom do i ze szko\u0142y je\u017cd\u017c\u0105 dwa razy tyle i [&hellip;]","og_url":"https:\/\/www.welovecycling.com\/pl\/2019\/07\/21\/dlaczego-holandia-jest-rajem-dla-rowerzystow\/","og_site_name":"\u0160koda We Love Cycling - Poland","article_published_time":"2019-07-21T10:02:06+00:00","article_modified_time":"2019-07-22T07:02:42+00:00","og_image":[{"width":1280,"height":720,"url":"https:\/\/d2p6e6u75xmxt8.cloudfront.net\/5\/2019\/07\/1280x720-3087343-amsterdam_bikes_biking_bycicle_dutch_dutch-tradition_evening_gracht_hire_holland_night_river_sunset_tradition_transport_travel.jpg","type":"image\/jpeg"}],"author":"piotrboczkowski","twitter_card":"summary_large_image","twitter_misc":{"Written by":"Adam Marsal","Est. reading time":"5"},"schema":{"@context":"https:\/\/schema.org","@graph":[{"@type":"WebPage","@id":"https:\/\/www.welovecycling.com\/pl\/2019\/07\/21\/dlaczego-holandia-jest-rajem-dla-rowerzystow\/","url":"https:\/\/www.welovecycling.com\/pl\/2019\/07\/21\/dlaczego-holandia-jest-rajem-dla-rowerzystow\/","name":"Dlaczego Holandia jest rajem dla rowerzyst\u00f3w? - \u0160koda We Love Cycling - Poland","isPartOf":{"@id":"https:\/\/www.welovecycling.com\/pl\/#website"},"primaryImageOfPage":{"@id":"https:\/\/www.welovecycling.com\/pl\/2019\/07\/21\/dlaczego-holandia-jest-rajem-dla-rowerzystow\/#primaryimage"},"image":{"@id":"https:\/\/www.welovecycling.com\/pl\/2019\/07\/21\/dlaczego-holandia-jest-rajem-dla-rowerzystow\/#primaryimage"},"thumbnailUrl":"https:\/\/d2p6e6u75xmxt8.cloudfront.net\/5\/2019\/07\/1280x720-3087343-amsterdam_bikes_biking_bycicle_dutch_dutch-tradition_evening_gracht_hire_holland_night_river_sunset_tradition_transport_travel.jpg","datePublished":"2019-07-21T10:02:06+00:00","dateModified":"2019-07-22T07:02:42+00:00","author":{"@id":"https:\/\/www.welovecycling.com\/pl\/#\/schema\/person\/0dba2d39da943db9df3fd8f4687e7f23"},"breadcrumb":{"@id":"https:\/\/www.welovecycling.com\/pl\/2019\/07\/21\/dlaczego-holandia-jest-rajem-dla-rowerzystow\/#breadcrumb"},"inLanguage":"pl-PL","potentialAction":[{"@type":"ReadAction","target":["https:\/\/www.welovecycling.com\/pl\/2019\/07\/21\/dlaczego-holandia-jest-rajem-dla-rowerzystow\/"]}]},{"@type":"ImageObject","inLanguage":"pl-PL","@id":"https:\/\/www.welovecycling.com\/pl\/2019\/07\/21\/dlaczego-holandia-jest-rajem-dla-rowerzystow\/#primaryimage","url":"https:\/\/d2p6e6u75xmxt8.cloudfront.net\/5\/2019\/07\/1280x720-3087343-amsterdam_bikes_biking_bycicle_dutch_dutch-tradition_evening_gracht_hire_holland_night_river_sunset_tradition_transport_travel.jpg","contentUrl":"https:\/\/d2p6e6u75xmxt8.cloudfront.net\/5\/2019\/07\/1280x720-3087343-amsterdam_bikes_biking_bycicle_dutch_dutch-tradition_evening_gracht_hire_holland_night_river_sunset_tradition_transport_travel.jpg","width":1280,"height":720},{"@type":"BreadcrumbList","@id":"https:\/\/www.welovecycling.com\/pl\/2019\/07\/21\/dlaczego-holandia-jest-rajem-dla-rowerzystow\/#breadcrumb","itemListElement":[{"@type":"ListItem","position":1,"name":"Home","item":"https:\/\/www.welovecycling.com\/pl\/"},{"@type":"ListItem","position":2,"name":"Dlaczego Holandia jest rajem dla rowerzyst\u00f3w?"}]},{"@type":"WebSite","@id":"https:\/\/www.welovecycling.com\/pl\/#website","url":"https:\/\/www.welovecycling.com\/pl\/","name":"\u0160koda We Love Cycling - Poland","description":"","potentialAction":[{"@type":"SearchAction","target":{"@type":"EntryPoint","urlTemplate":"https:\/\/www.welovecycling.com\/pl\/?s={search_term_string}"},"query-input":{"@type":"PropertyValueSpecification","valueRequired":true,"valueName":"search_term_string"}}],"inLanguage":"pl-PL"},{"@type":"Person","@id":"https:\/\/www.welovecycling.com\/pl\/#\/schema\/person\/0dba2d39da943db9df3fd8f4687e7f23","name":"piotrboczkowski","image":{"@type":"ImageObject","inLanguage":"pl-PL","@id":"https:\/\/www.welovecycling.com\/pl\/#\/schema\/person\/image\/","url":"https:\/\/secure.gravatar.com\/avatar\/533caccae14752e03a2ce2d3fd62d1b98b93e1393c3195c27819e53344ca1ace?s=96&d=mm&r=g","contentUrl":"https:\/\/secure.gravatar.com\/avatar\/533caccae14752e03a2ce2d3fd62d1b98b93e1393c3195c27819e53344ca1ace?s=96&d=mm&r=g","caption":"piotrboczkowski"},"url":"https:\/\/www.welovecycling.com\/pl\/author\/piotrboczkowski\/"}]}},"_links":{"self":[{"href":"https:\/\/www.welovecycling.com\/pl\/wp-json\/wp\/v2\/posts\/9390","targetHints":{"allow":["GET"]}}],"collection":[{"href":"https:\/\/www.welovecycling.com\/pl\/wp-json\/wp\/v2\/posts"}],"about":[{"href":"https:\/\/www.welovecycling.com\/pl\/wp-json\/wp\/v2\/types\/post"}],"author":[{"embeddable":true,"href":"https:\/\/www.welovecycling.com\/pl\/wp-json\/wp\/v2\/users\/76"}],"replies":[{"embeddable":true,"href":"https:\/\/www.welovecycling.com\/pl\/wp-json\/wp\/v2\/comments?post=9390"}],"version-history":[{"count":1,"href":"https:\/\/www.welovecycling.com\/pl\/wp-json\/wp\/v2\/posts\/9390\/revisions"}],"predecessor-version":[{"id":9391,"href":"https:\/\/www.welovecycling.com\/pl\/wp-json\/wp\/v2\/posts\/9390\/revisions\/9391"}],"wp:featuredmedia":[{"embeddable":true,"href":"https:\/\/www.welovecycling.com\/pl\/wp-json\/wp\/v2\/media\/9399"}],"wp:attachment":[{"href":"https:\/\/www.welovecycling.com\/pl\/wp-json\/wp\/v2\/media?parent=9390"}],"wp:term":[{"taxonomy":"category","embeddable":true,"href":"https:\/\/www.welovecycling.com\/pl\/wp-json\/wp\/v2\/categories?post=9390"},{"taxonomy":"post_tag","embeddable":true,"href":"https:\/\/www.welovecycling.com\/pl\/wp-json\/wp\/v2\/tags?post=9390"},{"taxonomy":"global-categories","embeddable":true,"href":"https:\/\/www.welovecycling.com\/pl\/wp-json\/wp\/v2\/global-categories?post=9390"}],"curies":[{"name":"wp","href":"https:\/\/api.w.org\/{rel}","templated":true}]}}