{"id":9386,"date":"2019-07-20T14:41:53","date_gmt":"2019-07-20T14:41:53","guid":{"rendered":"https:\/\/www.welovecycling.com\/pl\/?p=9386"},"modified":"2019-07-22T06:45:52","modified_gmt":"2019-07-22T06:45:52","slug":"4-powody-do-schudniecia-niezwiazane-z-wygladem","status":"publish","type":"post","link":"https:\/\/www.welovecycling.com\/pl\/2019\/07\/20\/4-powody-do-schudniecia-niezwiazane-z-wygladem\/","title":{"rendered":"4 powody do schudni\u0119cia niezwi\u0105zane z wygl\u0105dem"},"content":{"rendered":"<p><strong>Nie czarujmy si\u0119, wi\u0119kszo\u015b\u0107 ludzi chce schudn\u0105\u0107, \u017ceby atrakcyjnie wygl\u0105da\u0107 nago. I nic w tym z\u0142ego, o ile motywuje to nie tylko do utraty wagi, ale r\u00f3wnie\u017c do jej utrzymania. Dla tych, kt\u00f3rzy szukaj\u0105 motywacji niezwi\u0105zanej z wygl\u0105dem, mamy cztery inne wa\u017cne powody do schudni\u0119cia.<\/strong><\/p>\n<p>&nbsp;<\/p>\n<p><strong><span style=\"font-size: 18pt;\">Zr\u00f3b to dla swoich staw\u00f3w<\/span><\/strong><\/p>\n<p>Wed\u0142ug bada\u0144 prawdopodobie\u0144stwo zdiagnozowania choroby zwyrodnieniowej staw\u00f3w w jednym kolanie jest sze\u015b\u0107 razy wi\u0119ksze, a w obydwu a\u017c 18 razy wi\u0119ksze u os\u00f3b z nadwag\u0105. Nadmiar tkanki t\u0142uszczowej nie tylko powoduje wi\u0119ksze obci\u0105\u017cenie, ale tak\u017ce nasila stany zapalne. Taka kombinacja jest wi\u0119c bardzo niebezpieczna dla staw\u00f3w. Dobra wiadomo\u015b\u0107 jest taka, \u017ce kiedy waga spada, popraw\u0119 odczuwa si\u0119 niemal natychmiast.<\/p>\n<figure id=\"attachment_174414\" aria-describedby=\"caption-attachment-174414\" style=\"width: 1280px\" class=\"wp-caption alignnone\"><img loading=\"lazy\" decoding=\"async\" class=\"loading wp-image-174414 size-full\" src=\"https:\/\/d2p6e6u75xmxt8.cloudfront.net\/2\/2019\/06\/bench-daylight-daytime-1288484.jpg\" sizes=\"auto, (max-width: 1280px) 100vw, 1280px\" srcset=\"https:\/\/d2p6e6u75xmxt8.cloudfront.net\/2\/2019\/06\/bench-daylight-daytime-1288484.jpg 1280w, https:\/\/d2p6e6u75xmxt8.cloudfront.net\/2\/2019\/06\/bench-daylight-daytime-1288484-300x200.jpg 300w, https:\/\/d2p6e6u75xmxt8.cloudfront.net\/2\/2019\/06\/bench-daylight-daytime-1288484-768x512.jpg 768w, https:\/\/d2p6e6u75xmxt8.cloudfront.net\/2\/2019\/06\/bench-daylight-daytime-1288484-1024x683.jpg 1024w, https:\/\/d2p6e6u75xmxt8.cloudfront.net\/2\/2019\/06\/bench-daylight-daytime-1288484-272x182.jpg 272w\" alt=\"\" width=\"1280\" height=\"854\" data-was-processed=\"true\" \/><figcaption id=\"caption-attachment-174414\" class=\"wp-caption-text\">Podstawy techniki peda\u0142owania: naci\u015bnij na peda\u0142 \u015brodkow\u0105 cz\u0119\u015bci\u0105 stopy, skieruj kolano do przodu, peda\u0142uj z pr\u0119dko\u015bci\u0105 80 obrot\u00f3w na minut\u0119.<\/figcaption><\/figure>\n<p>&nbsp;<\/p>\n<p><strong><span style=\"font-size: 18pt;\">Zr\u00f3b to dla swojego snu<\/span><\/strong><\/p>\n<p>Oko\u0142o 50% doros\u0142ych oty\u0142ych ludzi ma bezdech, podczas gdy w\u015br\u00f3d os\u00f3b o normalnej wadze \u2013 25%. To du\u017cy problem, poniewa\u017c bezdech nie jest nieszkodliwym chrapaniem, lecz oznacza, \u017ce cz\u0142owiek wielokrotnie w ci\u0105gu nocy nie oddycha przez nawet kilka minut! Dzieje si\u0119 tak dlatego, \u017ce nadwy\u017cka t\u0142uszczu zgromadzonego w g\u00f3rnej cz\u0119\u015bci cia\u0142a obci\u0105\u017ca p\u0142uca i zmniejsza dost\u0119pn\u0105 dla nich przestrze\u0144. Wi\u0119ksza ilo\u015b\u0107 t\u0142uszczu w drogach oddechowych sprawia, \u017ce \u200b\u200bjest si\u0119 bardziej podatnym na zawa\u0142.<\/p>\n<p>Bezdech ma negatywny wp\u0142yw na jako\u015b\u0107 snu i w rezultacie powoduje r\u00f3wnie\u017c zaburzenia hormonalne, szybsze starzenie si\u0119 kom\u00f3rek i stany zapalne. Utrata wagi poprawia funkcjonowanie organizmu we wszystkich wymienionych obszarach. Lepszy sen pozytywnie wp\u0142ywa na metabolizm i uk\u0142ad hormonalny, co znacznie u\u0142atwia utrzymanie wagi, a to z kolei sprawia, \u017ce \u200b\u200bcz\u0142owiek czuje si\u0119 o wiele lepiej ze swoim cia\u0142em.<\/p>\n<figure id=\"attachment_171459\" aria-describedby=\"caption-attachment-171459\" style=\"width: 1366px\" class=\"wp-caption alignnone\"><img loading=\"lazy\" decoding=\"async\" class=\"loading wp-image-171459 size-full\" src=\"https:\/\/d2p6e6u75xmxt8.cloudfront.net\/2\/2018\/11\/Sleep-pexels-photo-935777.jpg\" sizes=\"auto, (max-width: 1366px) 100vw, 1366px\" srcset=\"https:\/\/d2p6e6u75xmxt8.cloudfront.net\/2\/2018\/11\/Sleep-pexels-photo-935777.jpg 1366w, https:\/\/d2p6e6u75xmxt8.cloudfront.net\/2\/2018\/11\/Sleep-pexels-photo-935777-300x132.jpg 300w, https:\/\/d2p6e6u75xmxt8.cloudfront.net\/2\/2018\/11\/Sleep-pexels-photo-935777-768x337.jpg 768w, https:\/\/d2p6e6u75xmxt8.cloudfront.net\/2\/2018\/11\/Sleep-pexels-photo-935777-1024x450.jpg 1024w\" alt=\"\" width=\"1366\" height=\"600\" data-was-processed=\"true\" \/><figcaption id=\"caption-attachment-171459\" class=\"wp-caption-text\">Przesta\u0144 korzysta\u0107 z urz\u0105dze\u0144 elektronicznych \u2013 wy\u0142\u0105cz telewizor, komputer, laptop, tablet, smartfon co najmniej dwie godziny przed snem. Dzi\u0119ki temu Twoje cia\u0142o b\u0119dzie mia\u0142o czas przystosowa\u0107 si\u0119 do ciemno\u015bci i zacz\u0105\u0107 produkcj\u0119 melatoniny.<\/figcaption><\/figure>\n<p>&nbsp;<\/p>\n<p><strong><span style=\"font-size: 18pt;\">Zr\u00f3b to dla swojego uk\u0142adu odporno\u015bciowego<\/span><\/strong><\/p>\n<p>T\u0142uszcz nie odpowiada jedynie za magazynowanie energii, jest to aktywna tkanka, kt\u00f3ra wydziela hormony i cytokiny. Szczeg\u00f3lnie te ostatnie odgrywaj\u0105 du\u017c\u0105 rol\u0119 w modulowaniu odpowiedzi immunologicznej organizmu. Przy nadmiarze t\u0142uszczu chronicznie wysoka ekspozycja cytokin zak\u0142\u00f3ca zdolno\u015b\u0107 do reagowania i powstrzymywania infekcji z zewn\u0105trz. Istnieje wiele dowod\u00f3w na to, \u017ce osoby z nadwag\u0105 cz\u0119\u015bciej zapadaj\u0105 na choroby dzi\u0105se\u0142, nosa, zatok i \u017co\u0142\u0105dka. Utrata wagi oznacza mniej czasu na borykanie si\u0119 z problemami zdrowotnymi, a wi\u0119cej na cieszenie si\u0119 \u017cyciem.<\/p>\n<p>&nbsp;<\/p>\n<p><strong><span style=\"font-size: 18pt;\">Zr\u00f3b to na wypadek operacji i w ci\u0105\u017cy<\/span><\/strong><\/p>\n<p>Poddawanie si\u0119 zabiegom chirurgicznym jest du\u017co bardziej ryzykowne w przypadku os\u00f3b z nadwag\u0105. Badania pokazuj\u0105, \u017ce ludzie otyli s\u0105 d\u0142u\u017cej operowani, nara\u017ceni na wi\u0119cej infekcji i wyst\u0119puje u nich wy\u017cszy odsetek powa\u017cnych powik\u0142a\u0144 pooperacyjnych. Wreszcie nadwaga sprawia, \u017ce takie osoby maj\u0105 wi\u0119cej problem\u00f3w ze zdrowiem, kt\u00f3re wymagaj\u0105 operacji. I tak ko\u0142o si\u0119 zamyka.<\/p>\n<figure id=\"attachment_174415\" aria-describedby=\"caption-attachment-174415\" style=\"width: 1280px\" class=\"wp-caption alignnone\"><img loading=\"lazy\" decoding=\"async\" class=\"loading wp-image-174415 size-full\" src=\"https:\/\/d2p6e6u75xmxt8.cloudfront.net\/2\/2019\/06\/beautiful-woman-brunette-expectant-2100341.jpg\" sizes=\"auto, (max-width: 1280px) 100vw, 1280px\" srcset=\"https:\/\/d2p6e6u75xmxt8.cloudfront.net\/2\/2019\/06\/beautiful-woman-brunette-expectant-2100341.jpg 1280w, https:\/\/d2p6e6u75xmxt8.cloudfront.net\/2\/2019\/06\/beautiful-woman-brunette-expectant-2100341-300x200.jpg 300w, https:\/\/d2p6e6u75xmxt8.cloudfront.net\/2\/2019\/06\/beautiful-woman-brunette-expectant-2100341-768x512.jpg 768w, https:\/\/d2p6e6u75xmxt8.cloudfront.net\/2\/2019\/06\/beautiful-woman-brunette-expectant-2100341-1024x682.jpg 1024w, https:\/\/d2p6e6u75xmxt8.cloudfront.net\/2\/2019\/06\/beautiful-woman-brunette-expectant-2100341-272x182.jpg 272w\" alt=\"\" width=\"1280\" height=\"853\" data-was-processed=\"true\" \/><figcaption id=\"caption-attachment-174415\" class=\"wp-caption-text\">Wiele marek produkuje odzie\u017c rowerow\u0105 dla kobiet w ci\u0105\u017cy, wi\u0119c mo\u017cesz j\u0105 doda\u0107 do swojej garderoby!<\/figcaption><\/figure>\n<p>Problemy wynikaj\u0105ce z nadwagi wyst\u0119puj\u0105 te\u017c u kobiet w ci\u0105\u017cy. Oty\u0142e panie maj\u0105 cesarskie ci\u0119cia w 50% przypadk\u00f3w, za\u015b te o prawid\u0142owej wadze \u2013 w zaledwie 20%. Podczas porodu naturalnego u kobiet oty\u0142ych stosuje si\u0119 wi\u0119ksz\u0105 ilo\u015b\u0107 instrument\u00f3w i procedur medycznych, s\u0105 te\u017c bardziej nara\u017cone na powik\u0142ania w trakcie ci\u0105\u017cy.<\/p>\n<p>Atrakcyjny wygl\u0105d to \u015bwietny pow\u00f3d, \u017ceby zacz\u0105\u0107 proces odchudzania, ale kiedy cz\u0142owiek zda sobie spraw\u0119, \u017ce dzi\u0119ki temu znacz\u0105co poprawi si\u0119 te\u017c stan jego zdrowia, powinno to by\u0107 dla niego jeszcze wi\u0119ksz\u0105 motywacj\u0105 nie tylko do schudni\u0119cia, ale i do utrzymania prawid\u0142owej wagi.<\/p>\n<style type=\"text\/css\"><!--td {border: 1px solid #ccc;}br {mso-data-placement:same-cell;}--><\/style>\n<p><span data-sheets-value=\"{&quot;1&quot;:2,&quot;2&quot;:&quot;Artyku\u0142 powsta\u0142 we wsp\u00f3\u0142pracy ze skoda-auto.pl&quot;}\" data-sheets-userformat=\"{&quot;2&quot;:1,&quot;3&quot;:{&quot;1&quot;:0}}\"><a class=\"in-cell-link\" href=\"http:\/\/www.skoda-auto.pl\/\" target=\"_blank\" rel=\"noopener\">Artyku\u0142 powsta\u0142 we wsp\u00f3\u0142pracy ze skoda-auto.pl<\/a><\/span><\/p>\n","protected":false},"excerpt":{"rendered":"<p>Nie czarujmy si\u0119, wi\u0119kszo\u015b\u0107 ludzi chce schudn\u0105\u0107, \u017ceby atrakcyjnie wygl\u0105da\u0107 nago. I nic w tym z\u0142ego, o ile motywuje to [&hellip;]<\/p>\n","protected":false},"author":76,"featured_media":8156,"comment_status":"open","ping_status":"open","sticky":false,"template":"","format":"standard","meta":{"footnotes":""},"categories":[4],"tags":[],"global-categories":[],"class_list":["post-9386","post","type-post","status-publish","format-standard","has-post-thumbnail","hentry","category-zdrowie-i-trening"],"yoast_head":"<!-- This site is optimized with the Yoast SEO Premium plugin v25.3 (Yoast SEO v25.9) - https:\/\/yoast.com\/wordpress\/plugins\/seo\/ -->\n<title>4 powody do schudni\u0119cia niezwi\u0105zane z wygl\u0105dem - \u0160koda We Love Cycling - Poland<\/title>\n<meta name=\"robots\" content=\"index, follow, max-snippet:-1, max-image-preview:large, max-video-preview:-1\" \/>\n<link rel=\"canonical\" href=\"https:\/\/www.welovecycling.com\/pl\/2019\/07\/20\/4-powody-do-schudniecia-niezwiazane-z-wygladem\/\" \/>\n<meta property=\"og:locale\" content=\"pl_PL\" \/>\n<meta property=\"og:type\" content=\"article\" \/>\n<meta property=\"og:title\" content=\"4 powody do schudni\u0119cia niezwi\u0105zane z wygl\u0105dem\" \/>\n<meta property=\"og:description\" content=\"Nie czarujmy si\u0119, wi\u0119kszo\u015b\u0107 ludzi chce schudn\u0105\u0107, \u017ceby atrakcyjnie wygl\u0105da\u0107 nago. I nic w tym z\u0142ego, o ile motywuje to [&hellip;]\" \/>\n<meta property=\"og:url\" content=\"https:\/\/www.welovecycling.com\/pl\/2019\/07\/20\/4-powody-do-schudniecia-niezwiazane-z-wygladem\/\" \/>\n<meta property=\"og:site_name\" content=\"\u0160koda We Love Cycling - Poland\" \/>\n<meta property=\"article:published_time\" content=\"2019-07-20T14:41:53+00:00\" \/>\n<meta property=\"article:modified_time\" content=\"2019-07-22T06:45:52+00:00\" \/>\n<meta property=\"og:image\" content=\"https:\/\/d2p6e6u75xmxt8.cloudfront.net\/5\/2018\/11\/rapha-merin-cycling-cap.jpg\" \/>\n\t<meta property=\"og:image:width\" content=\"620\" \/>\n\t<meta property=\"og:image:height\" content=\"350\" \/>\n\t<meta property=\"og:image:type\" content=\"image\/jpeg\" \/>\n<meta name=\"author\" content=\"piotrboczkowski\" \/>\n<meta name=\"twitter:card\" content=\"summary_large_image\" \/>\n<meta name=\"twitter:label1\" content=\"Written by\" \/>\n\t<meta name=\"twitter:data1\" content=\"Jiri Kaloc\" \/>\n\t<meta name=\"twitter:label2\" content=\"Est. reading time\" \/>\n\t<meta name=\"twitter:data2\" content=\"5\" \/>\n<script type=\"application\/ld+json\" class=\"yoast-schema-graph\">{\"@context\":\"https:\/\/schema.org\",\"@graph\":[{\"@type\":\"WebPage\",\"@id\":\"https:\/\/www.welovecycling.com\/pl\/2019\/07\/20\/4-powody-do-schudniecia-niezwiazane-z-wygladem\/\",\"url\":\"https:\/\/www.welovecycling.com\/pl\/2019\/07\/20\/4-powody-do-schudniecia-niezwiazane-z-wygladem\/\",\"name\":\"4 powody do schudni\u0119cia niezwi\u0105zane z wygl\u0105dem - \u0160koda We Love Cycling - Poland\",\"isPartOf\":{\"@id\":\"https:\/\/www.welovecycling.com\/pl\/#website\"},\"primaryImageOfPage\":{\"@id\":\"https:\/\/www.welovecycling.com\/pl\/2019\/07\/20\/4-powody-do-schudniecia-niezwiazane-z-wygladem\/#primaryimage\"},\"image\":{\"@id\":\"https:\/\/www.welovecycling.com\/pl\/2019\/07\/20\/4-powody-do-schudniecia-niezwiazane-z-wygladem\/#primaryimage\"},\"thumbnailUrl\":\"https:\/\/d2p6e6u75xmxt8.cloudfront.net\/5\/2018\/11\/rapha-merin-cycling-cap.jpg\",\"datePublished\":\"2019-07-20T14:41:53+00:00\",\"dateModified\":\"2019-07-22T06:45:52+00:00\",\"author\":{\"@id\":\"https:\/\/www.welovecycling.com\/pl\/#\/schema\/person\/0dba2d39da943db9df3fd8f4687e7f23\"},\"breadcrumb\":{\"@id\":\"https:\/\/www.welovecycling.com\/pl\/2019\/07\/20\/4-powody-do-schudniecia-niezwiazane-z-wygladem\/#breadcrumb\"},\"inLanguage\":\"pl-PL\",\"potentialAction\":[{\"@type\":\"ReadAction\",\"target\":[\"https:\/\/www.welovecycling.com\/pl\/2019\/07\/20\/4-powody-do-schudniecia-niezwiazane-z-wygladem\/\"]}]},{\"@type\":\"ImageObject\",\"inLanguage\":\"pl-PL\",\"@id\":\"https:\/\/www.welovecycling.com\/pl\/2019\/07\/20\/4-powody-do-schudniecia-niezwiazane-z-wygladem\/#primaryimage\",\"url\":\"https:\/\/d2p6e6u75xmxt8.cloudfront.net\/5\/2018\/11\/rapha-merin-cycling-cap.jpg\",\"contentUrl\":\"https:\/\/d2p6e6u75xmxt8.cloudfront.net\/5\/2018\/11\/rapha-merin-cycling-cap.jpg\",\"width\":620,\"height\":350},{\"@type\":\"BreadcrumbList\",\"@id\":\"https:\/\/www.welovecycling.com\/pl\/2019\/07\/20\/4-powody-do-schudniecia-niezwiazane-z-wygladem\/#breadcrumb\",\"itemListElement\":[{\"@type\":\"ListItem\",\"position\":1,\"name\":\"Home\",\"item\":\"https:\/\/www.welovecycling.com\/pl\/\"},{\"@type\":\"ListItem\",\"position\":2,\"name\":\"4 powody do schudni\u0119cia niezwi\u0105zane z wygl\u0105dem\"}]},{\"@type\":\"WebSite\",\"@id\":\"https:\/\/www.welovecycling.com\/pl\/#website\",\"url\":\"https:\/\/www.welovecycling.com\/pl\/\",\"name\":\"\u0160koda We Love Cycling - Poland\",\"description\":\"\",\"potentialAction\":[{\"@type\":\"SearchAction\",\"target\":{\"@type\":\"EntryPoint\",\"urlTemplate\":\"https:\/\/www.welovecycling.com\/pl\/?s={search_term_string}\"},\"query-input\":{\"@type\":\"PropertyValueSpecification\",\"valueRequired\":true,\"valueName\":\"search_term_string\"}}],\"inLanguage\":\"pl-PL\"},{\"@type\":\"Person\",\"@id\":\"https:\/\/www.welovecycling.com\/pl\/#\/schema\/person\/0dba2d39da943db9df3fd8f4687e7f23\",\"name\":\"piotrboczkowski\",\"image\":{\"@type\":\"ImageObject\",\"inLanguage\":\"pl-PL\",\"@id\":\"https:\/\/www.welovecycling.com\/pl\/#\/schema\/person\/image\/\",\"url\":\"https:\/\/secure.gravatar.com\/avatar\/533caccae14752e03a2ce2d3fd62d1b98b93e1393c3195c27819e53344ca1ace?s=96&d=mm&r=g\",\"contentUrl\":\"https:\/\/secure.gravatar.com\/avatar\/533caccae14752e03a2ce2d3fd62d1b98b93e1393c3195c27819e53344ca1ace?s=96&d=mm&r=g\",\"caption\":\"piotrboczkowski\"},\"url\":\"https:\/\/www.welovecycling.com\/pl\/author\/piotrboczkowski\/\"}]}<\/script>\n<!-- \/ Yoast SEO Premium plugin. -->","yoast_head_json":{"title":"4 powody do schudni\u0119cia niezwi\u0105zane z wygl\u0105dem - \u0160koda We Love Cycling - Poland","robots":{"index":"index","follow":"follow","max-snippet":"max-snippet:-1","max-image-preview":"max-image-preview:large","max-video-preview":"max-video-preview:-1"},"canonical":"https:\/\/www.welovecycling.com\/pl\/2019\/07\/20\/4-powody-do-schudniecia-niezwiazane-z-wygladem\/","og_locale":"pl_PL","og_type":"article","og_title":"4 powody do schudni\u0119cia niezwi\u0105zane z wygl\u0105dem","og_description":"Nie czarujmy si\u0119, wi\u0119kszo\u015b\u0107 ludzi chce schudn\u0105\u0107, \u017ceby atrakcyjnie wygl\u0105da\u0107 nago. I nic w tym z\u0142ego, o ile motywuje to [&hellip;]","og_url":"https:\/\/www.welovecycling.com\/pl\/2019\/07\/20\/4-powody-do-schudniecia-niezwiazane-z-wygladem\/","og_site_name":"\u0160koda We Love Cycling - Poland","article_published_time":"2019-07-20T14:41:53+00:00","article_modified_time":"2019-07-22T06:45:52+00:00","og_image":[{"width":620,"height":350,"url":"https:\/\/d2p6e6u75xmxt8.cloudfront.net\/5\/2018\/11\/rapha-merin-cycling-cap.jpg","type":"image\/jpeg"}],"author":"piotrboczkowski","twitter_card":"summary_large_image","twitter_misc":{"Written by":"Jiri Kaloc","Est. reading time":"5"},"schema":{"@context":"https:\/\/schema.org","@graph":[{"@type":"WebPage","@id":"https:\/\/www.welovecycling.com\/pl\/2019\/07\/20\/4-powody-do-schudniecia-niezwiazane-z-wygladem\/","url":"https:\/\/www.welovecycling.com\/pl\/2019\/07\/20\/4-powody-do-schudniecia-niezwiazane-z-wygladem\/","name":"4 powody do schudni\u0119cia niezwi\u0105zane z wygl\u0105dem - \u0160koda We Love Cycling - Poland","isPartOf":{"@id":"https:\/\/www.welovecycling.com\/pl\/#website"},"primaryImageOfPage":{"@id":"https:\/\/www.welovecycling.com\/pl\/2019\/07\/20\/4-powody-do-schudniecia-niezwiazane-z-wygladem\/#primaryimage"},"image":{"@id":"https:\/\/www.welovecycling.com\/pl\/2019\/07\/20\/4-powody-do-schudniecia-niezwiazane-z-wygladem\/#primaryimage"},"thumbnailUrl":"https:\/\/d2p6e6u75xmxt8.cloudfront.net\/5\/2018\/11\/rapha-merin-cycling-cap.jpg","datePublished":"2019-07-20T14:41:53+00:00","dateModified":"2019-07-22T06:45:52+00:00","author":{"@id":"https:\/\/www.welovecycling.com\/pl\/#\/schema\/person\/0dba2d39da943db9df3fd8f4687e7f23"},"breadcrumb":{"@id":"https:\/\/www.welovecycling.com\/pl\/2019\/07\/20\/4-powody-do-schudniecia-niezwiazane-z-wygladem\/#breadcrumb"},"inLanguage":"pl-PL","potentialAction":[{"@type":"ReadAction","target":["https:\/\/www.welovecycling.com\/pl\/2019\/07\/20\/4-powody-do-schudniecia-niezwiazane-z-wygladem\/"]}]},{"@type":"ImageObject","inLanguage":"pl-PL","@id":"https:\/\/www.welovecycling.com\/pl\/2019\/07\/20\/4-powody-do-schudniecia-niezwiazane-z-wygladem\/#primaryimage","url":"https:\/\/d2p6e6u75xmxt8.cloudfront.net\/5\/2018\/11\/rapha-merin-cycling-cap.jpg","contentUrl":"https:\/\/d2p6e6u75xmxt8.cloudfront.net\/5\/2018\/11\/rapha-merin-cycling-cap.jpg","width":620,"height":350},{"@type":"BreadcrumbList","@id":"https:\/\/www.welovecycling.com\/pl\/2019\/07\/20\/4-powody-do-schudniecia-niezwiazane-z-wygladem\/#breadcrumb","itemListElement":[{"@type":"ListItem","position":1,"name":"Home","item":"https:\/\/www.welovecycling.com\/pl\/"},{"@type":"ListItem","position":2,"name":"4 powody do schudni\u0119cia niezwi\u0105zane z wygl\u0105dem"}]},{"@type":"WebSite","@id":"https:\/\/www.welovecycling.com\/pl\/#website","url":"https:\/\/www.welovecycling.com\/pl\/","name":"\u0160koda We Love Cycling - Poland","description":"","potentialAction":[{"@type":"SearchAction","target":{"@type":"EntryPoint","urlTemplate":"https:\/\/www.welovecycling.com\/pl\/?s={search_term_string}"},"query-input":{"@type":"PropertyValueSpecification","valueRequired":true,"valueName":"search_term_string"}}],"inLanguage":"pl-PL"},{"@type":"Person","@id":"https:\/\/www.welovecycling.com\/pl\/#\/schema\/person\/0dba2d39da943db9df3fd8f4687e7f23","name":"piotrboczkowski","image":{"@type":"ImageObject","inLanguage":"pl-PL","@id":"https:\/\/www.welovecycling.com\/pl\/#\/schema\/person\/image\/","url":"https:\/\/secure.gravatar.com\/avatar\/533caccae14752e03a2ce2d3fd62d1b98b93e1393c3195c27819e53344ca1ace?s=96&d=mm&r=g","contentUrl":"https:\/\/secure.gravatar.com\/avatar\/533caccae14752e03a2ce2d3fd62d1b98b93e1393c3195c27819e53344ca1ace?s=96&d=mm&r=g","caption":"piotrboczkowski"},"url":"https:\/\/www.welovecycling.com\/pl\/author\/piotrboczkowski\/"}]}},"_links":{"self":[{"href":"https:\/\/www.welovecycling.com\/pl\/wp-json\/wp\/v2\/posts\/9386","targetHints":{"allow":["GET"]}}],"collection":[{"href":"https:\/\/www.welovecycling.com\/pl\/wp-json\/wp\/v2\/posts"}],"about":[{"href":"https:\/\/www.welovecycling.com\/pl\/wp-json\/wp\/v2\/types\/post"}],"author":[{"embeddable":true,"href":"https:\/\/www.welovecycling.com\/pl\/wp-json\/wp\/v2\/users\/76"}],"replies":[{"embeddable":true,"href":"https:\/\/www.welovecycling.com\/pl\/wp-json\/wp\/v2\/comments?post=9386"}],"version-history":[{"count":1,"href":"https:\/\/www.welovecycling.com\/pl\/wp-json\/wp\/v2\/posts\/9386\/revisions"}],"predecessor-version":[{"id":9388,"href":"https:\/\/www.welovecycling.com\/pl\/wp-json\/wp\/v2\/posts\/9386\/revisions\/9388"}],"wp:featuredmedia":[{"embeddable":true,"href":"https:\/\/www.welovecycling.com\/pl\/wp-json\/wp\/v2\/media\/8156"}],"wp:attachment":[{"href":"https:\/\/www.welovecycling.com\/pl\/wp-json\/wp\/v2\/media?parent=9386"}],"wp:term":[{"taxonomy":"category","embeddable":true,"href":"https:\/\/www.welovecycling.com\/pl\/wp-json\/wp\/v2\/categories?post=9386"},{"taxonomy":"post_tag","embeddable":true,"href":"https:\/\/www.welovecycling.com\/pl\/wp-json\/wp\/v2\/tags?post=9386"},{"taxonomy":"global-categories","embeddable":true,"href":"https:\/\/www.welovecycling.com\/pl\/wp-json\/wp\/v2\/global-categories?post=9386"}],"curies":[{"name":"wp","href":"https:\/\/api.w.org\/{rel}","templated":true}]}}