{"id":9381,"date":"2019-07-19T08:12:48","date_gmt":"2019-07-19T08:12:48","guid":{"rendered":"https:\/\/www.welovecycling.com\/pl\/?p=9381"},"modified":"2019-07-19T08:12:48","modified_gmt":"2019-07-19T08:12:48","slug":"tajemnica-tour-de-france-zostala-w-pirenejach","status":"publish","type":"post","link":"https:\/\/www.welovecycling.com\/pl\/2019\/07\/19\/tajemnica-tour-de-france-zostala-w-pirenejach\/","title":{"rendered":"Tajemnica Tour de France zosta\u0142a w Pirenejach!"},"content":{"rendered":"<p><strong>Zabawa zaczyna si\u0119 na dobre! Tour de France wje\u017cd\u017ca w powa\u017cne g\u00f3ry, a najpi\u0119kniej ze szczytami przywita\u0142 si\u0119 Simon Yates. Pirenejom zosta\u0142a powierzona tak\u017ce tajemnica Rohana Dennisa, kt\u00f3ry z niewyja\u015bnionych przyczyn wycofa\u0142 si\u0119 z wy\u015bcigu&#8230;<\/strong><\/p>\n<p>To nie by\u0142a jeszcze pot\u0119\u017cna wspinaczka, ale z kolejnymi kilometrami czu\u0107 by\u0142o, \u017ce Wielka P\u0119tla powoli b\u0119dzie zbli\u017ca\u0142a si\u0119 do decyduj\u0105cych rozstrzygni\u0119\u0107. Na mecie nie ukrywa\u0142 tego tak\u017ce Simon Yates, zwyci\u0119zca 12. etapu.<\/p>\n<p>&#8211; Do tej pory oszcz\u0119dza\u0142em energi\u0119 na g\u00f3ry i w\u0142a\u015bnie dzi\u015b nadarzy\u0142a si\u0119 okazja, by spr\u00f3bowa\u0107 ataku. Gdy tylko pojawi\u0142a si\u0119 szansa, z\u0142apa\u0142em j\u0105 obiema r\u0119kami \u2013 m\u00f3wi\u0142 Brytyjczyk na mecie.<\/p>\n<p><span style=\"font-size: 18pt;\"><strong>Palenie w mi\u0119\u015bniach<\/strong><\/span><\/p>\n<p>Kolarz Mitchelton \u2013 Scott zostawi\u0142 wiadro potu podczas g\u00f3rskich wspinaczek, a w czasie jego finiszu nawet kibice mogli poczu\u0107 palenie w mi\u0119\u015bniach n\u00f3g. Po przejechaniu 209 km Yates stoczy\u0142 pasjonuj\u0105ca walk\u0119 z Pello Bilbao (Astana) i Gregorem Muhlbergerem (Bora \u2013 Hansgrohe). Wszyscy trzej wypadli zza zakr\u0119tu i do mety mieli jeszcze 150 metr\u00f3w. Na tym odcinku mia\u0142o rozstrzygn\u0105\u0107 si\u0119, kto wygra etap najwi\u0119kszego wy\u015bcigu \u015bwiata, a kto do ko\u0144ca \u017cycia b\u0119dzie \u017ca\u0142owa\u0142 przegranej szansy.<\/p>\n<p>Zwodnicy nap\u0119dzali rowery ruchami na prawo i lewo, schylali g\u0142owy dla uzyskania jak najlepszej pozycji, a gdy tylko rzucali okiem na tras\u0119, wida\u0107 by\u0142o, jak ze zm\u0119czenia zaciskaj\u0105 z\u0119by.<\/p>\n<lite-youtube videoid=ofX3a8cf4_A params=\"enablejsapi=1\" style=\"background-image: url('https:\/\/i.ytimg.com\/vi_webp\/ofX3a8cf4_A\/maxresdefault.webp');\"><\/lite-youtube>\n<p>&#8211; Nie by\u0142em pewny tego zwyci\u0119stwa. Z samochodu dosta\u0142em tylko informacj\u0119, \u017ce z ostatniego zakr\u0119tu musz\u0119 wyjecha\u0107 jako pierwszy. Uda\u0142o si\u0119 to zrobi\u0107 i wygra\u0142em \u2013 cieszy\u0142 si\u0119 Yates, dla kt\u00f3rego to pierwsze w karierze zwyci\u0119stwo etapowe w Tour de France.<\/p>\n<p>Matt White, dyrektor sportowy Mitchelton \u2013 Scott: &#8211; Simon mo\u017ce nie jest wysoki, ale ma inne zalety. Gdy na placu boju zostali mu tylko dwaj rywale, byli\u015bmy przekonani, \u017ce mo\u017ce ich pokona\u0107.<\/p>\n<p><span style=\"font-size: 18pt;\"><strong>Faworyt zszed\u0142 z trasy<\/strong><\/span><\/p>\n<p>Podczas gdy Yates i jego ekipa otwierali szampany, do dziwnych sytuacji dochodzi\u0142o w obozie zespo\u0142u Bahrain-Merida. Mniej wi\u0119cej w po\u0142owie etapu podano komunikat, \u017ce z trasy schodzi Rohan Dennis. By\u0142o to o tyle zaskakuj\u0105ce, \u017ce dzi\u015b Australijczyk \u2013 jako mistrz \u015bwiata w je\u017adzie indywidualnej na czas \u2013 mia\u0142 walczy\u0107 o wygranie czas\u00f3wki!<\/p>\n<p>Co wi\u0119c si\u0119 sta\u0142o? Raczej odpada teza, \u017ce Dennis nie wytrzyma\u0142 trud\u00f3w wy\u015bcigu, poniewa\u017c podczas 12. etapu nie wygl\u0105da\u0142 na zm\u0119czonego. Bardziej prawdopodobna wersja m\u00f3wi, \u017ce dosz\u0142o do zgrzytu mi\u0119dzy nim a jego ekip\u0105.<\/p>\n<p>Czego\u015b wi\u0119cej na miejscu pr\u00f3bowali dowiedzie\u0107 si\u0119 dziennikarze, ale pr\u00f3ba przeprowadzenia wywiadu wygl\u0105da\u0142a tak<\/p>\n<div class=\"embed-controller-wrapper\">\n<blockquote class=\"twitter-tweet\" data-width=\"500\" data-dnt=\"true\">\n<p lang=\"en\" dir=\"ltr\">No formal team statement yet. But Dennis stopped at the feed zone and came back in a team car, we\u2019re told. <\/p>\n<p>Dennis didn\u2019t talk to reporters. <a href=\"https:\/\/t.co\/EQ5ku4qgfJ\">pic.twitter.com\/EQ5ku4qgfJ<\/a><\/p>\n<p>&mdash; Caley Fretz (@CaleyFretz) <a href=\"https:\/\/twitter.com\/CaleyFretz\/status\/1151857231392100356?ref_src=twsrc%5Etfw\">July 18, 2019<\/a><\/p><\/blockquote>\n<p><script async data-src=\"https:\/\/platform.twitter.com\/widgets.js\" charset=\"utf-8\"><\/script><\/div>\n<p>W tej ca\u0142ej sytuacji jedno jest pewne \u2013 Dennisa, przynajmniej jako zawodnika, podczas tegorocznej Wielkiej P\u0119tli ju\u017c nie zobaczymy.<\/p>\n<p><span style=\"font-size: 18pt;\"><strong>Pierwsza i ostatnia czas\u00f3wka<\/strong><\/span><\/p>\n<p>Dzi\u015b zawodnicy wcisn\u0105 si\u0119 w aerodynamiczne stroje, bo przed nami pierwsza i ostatnia jazda indywidulana na czas podczas Tour de France 2019. Kolarze przez 28 km b\u0119d\u0105 musieli da\u0107 z siebie wszystko, a do tego czekaj\u0105 ich podjazdy.<\/p>\n<p>Francuzi oczywi\u015bcie licz\u0105, \u017ce \u017c\u00f3\u0142t\u0105 koszulk\u0119 lidera obroni ich rodak Julian Alaphilippe, kt\u00f3ry mo\u017ce nie jest wybitnym specjalist\u0105 od jazdy na czas, ale w tej konkurencji ju\u017c nie raz zdarza\u0142o mu si\u0119 namiesza\u0107.<\/p>\n<p>Liderami pozosta\u0142ych klasyfikacji s\u0105 Peter Sagan (klasyfikacja punktowa sponsorowan\u0105 przez \u0160KOD\u0118), Tim Wellens (klasyfikacja g\u00f3rska) oraz Egan Bernal (klasyfikacja m\u0142odzie\u017cowa).<\/p>\n<figure id=\"attachment_9384\" aria-describedby=\"caption-attachment-9384\" style=\"width: 1000px\" class=\"wp-caption aligncenter\"><img loading=\"lazy\" decoding=\"async\" class=\"size-full wp-image-9384\" src=\"https:\/\/d2p6e6u75xmxt8.cloudfront.net\/5\/2019\/07\/a678e.jpg\" alt=\"\" width=\"1000\" height=\"667\" srcset=\"https:\/\/d2p6e6u75xmxt8.cloudfront.net\/5\/2019\/07\/a678e.jpg 1000w, https:\/\/d2p6e6u75xmxt8.cloudfront.net\/5\/2019\/07\/a678e-300x200.jpg 300w, https:\/\/d2p6e6u75xmxt8.cloudfront.net\/5\/2019\/07\/a678e-768x512.jpg 768w, https:\/\/d2p6e6u75xmxt8.cloudfront.net\/5\/2019\/07\/a678e-272x182.jpg 272w\" sizes=\"auto, (max-width: 1000px) 100vw, 1000px\" \/><figcaption id=\"caption-attachment-9384\" class=\"wp-caption-text\">Tour de France 2019 &#8211; 18\/07\/2019 &#8211; Etape 12 &#8211; Toulouse \/ Bagn\u00e8res-de-Bigorre (209,5 Km) &#8211; \u00a9 ASO\/Pauline BALLET<\/figcaption><\/figure>\n<p><strong>Klasyfikacja generalna po 12. etapie Tour de France:<\/strong><\/p>\n<ol>\n<li>Julian Alaphilippe (Deceuninck-Quick Step) 47:18.41<\/li>\n<li>Geraint Thomas (Team Ineos) +1.12<\/li>\n<li>Egan Bernal (Team Ineos) +1.16<br \/>\n&#8212;&#8212;&#8212;&#8212;&#8212;&#8212;&#8212;&#8212;<br \/>\n52. Micha\u0142 Kwiatkowski (Team Ineos) +32.58<br \/>\n127. \u0141ukasz Wi\u015bniowski (CCC Team) +1:37.28<\/li>\n<\/ol>\n<p>&nbsp;<\/p>\n<style type=\"text\/css\"><!--td {border: 1px solid #ccc;}br {mso-data-placement:same-cell;}--><\/style>\n<p><span data-sheets-value=\"{&quot;1&quot;:2,&quot;2&quot;:&quot;Artyku\u0142 powsta\u0142 we wsp\u00f3\u0142pracy ze skoda-auto.pl&quot;}\" data-sheets-userformat=\"{&quot;2&quot;:1,&quot;3&quot;:{&quot;1&quot;:0}}\"><a class=\"in-cell-link\" href=\"http:\/\/www.skoda-auto.pl\/\" target=\"_blank\" rel=\"noopener\">Artyku\u0142 powsta\u0142 we wsp\u00f3\u0142pracy ze skoda-auto.pl<\/a><\/span><\/p>\n","protected":false},"excerpt":{"rendered":"<p>Zabawa zaczyna si\u0119 na dobre! Tour de France wje\u017cd\u017ca w powa\u017cne g\u00f3ry, a najpi\u0119kniej ze szczytami przywita\u0142 si\u0119 Simon Yates. [&hellip;]<\/p>\n","protected":false},"author":76,"featured_media":9384,"comment_status":"open","ping_status":"open","sticky":false,"template":"","format":"standard","meta":{"footnotes":""},"categories":[300],"tags":[],"global-categories":[],"class_list":["post-9381","post","type-post","status-publish","format-standard","has-post-thumbnail","hentry","category-tour-de-france-2019"],"yoast_head":"<!-- This site is optimized with the Yoast SEO Premium plugin v25.3 (Yoast SEO v25.9) - https:\/\/yoast.com\/wordpress\/plugins\/seo\/ -->\n<title>Tajemnica Tour de France zosta\u0142a w Pirenejach! - \u0160koda We Love Cycling - Poland<\/title>\n<meta name=\"robots\" content=\"index, follow, max-snippet:-1, max-image-preview:large, max-video-preview:-1\" \/>\n<link rel=\"canonical\" href=\"https:\/\/www.welovecycling.com\/pl\/2019\/07\/19\/tajemnica-tour-de-france-zostala-w-pirenejach\/\" \/>\n<meta property=\"og:locale\" content=\"pl_PL\" \/>\n<meta property=\"og:type\" content=\"article\" \/>\n<meta property=\"og:title\" content=\"Tajemnica Tour de France zosta\u0142a w Pirenejach!\" \/>\n<meta property=\"og:description\" content=\"Zabawa zaczyna si\u0119 na dobre! Tour de France wje\u017cd\u017ca w powa\u017cne g\u00f3ry, a najpi\u0119kniej ze szczytami przywita\u0142 si\u0119 Simon Yates. [&hellip;]\" \/>\n<meta property=\"og:url\" content=\"https:\/\/www.welovecycling.com\/pl\/2019\/07\/19\/tajemnica-tour-de-france-zostala-w-pirenejach\/\" \/>\n<meta property=\"og:site_name\" content=\"\u0160koda We Love Cycling - Poland\" \/>\n<meta property=\"article:published_time\" content=\"2019-07-19T08:12:48+00:00\" \/>\n<meta property=\"og:image\" content=\"https:\/\/d2p6e6u75xmxt8.cloudfront.net\/5\/2019\/07\/a678e.jpg\" \/>\n\t<meta property=\"og:image:width\" content=\"1000\" \/>\n\t<meta property=\"og:image:height\" content=\"667\" \/>\n\t<meta property=\"og:image:type\" content=\"image\/jpeg\" \/>\n<meta name=\"author\" content=\"piotrboczkowski\" \/>\n<meta name=\"twitter:card\" content=\"summary_large_image\" \/>\n<meta name=\"twitter:label1\" content=\"Written by\" \/>\n\t<meta name=\"twitter:data1\" content=\"Piotr Nowik\" \/>\n\t<meta name=\"twitter:label2\" content=\"Est. reading time\" \/>\n\t<meta name=\"twitter:data2\" content=\"5\" \/>\n<script type=\"application\/ld+json\" class=\"yoast-schema-graph\">{\"@context\":\"https:\/\/schema.org\",\"@graph\":[{\"@type\":\"WebPage\",\"@id\":\"https:\/\/www.welovecycling.com\/pl\/2019\/07\/19\/tajemnica-tour-de-france-zostala-w-pirenejach\/\",\"url\":\"https:\/\/www.welovecycling.com\/pl\/2019\/07\/19\/tajemnica-tour-de-france-zostala-w-pirenejach\/\",\"name\":\"Tajemnica Tour de France zosta\u0142a w Pirenejach! - \u0160koda We Love Cycling - Poland\",\"isPartOf\":{\"@id\":\"https:\/\/www.welovecycling.com\/pl\/#website\"},\"primaryImageOfPage\":{\"@id\":\"https:\/\/www.welovecycling.com\/pl\/2019\/07\/19\/tajemnica-tour-de-france-zostala-w-pirenejach\/#primaryimage\"},\"image\":{\"@id\":\"https:\/\/www.welovecycling.com\/pl\/2019\/07\/19\/tajemnica-tour-de-france-zostala-w-pirenejach\/#primaryimage\"},\"thumbnailUrl\":\"https:\/\/d2p6e6u75xmxt8.cloudfront.net\/5\/2019\/07\/a678e.jpg\",\"datePublished\":\"2019-07-19T08:12:48+00:00\",\"author\":{\"@id\":\"https:\/\/www.welovecycling.com\/pl\/#\/schema\/person\/0dba2d39da943db9df3fd8f4687e7f23\"},\"breadcrumb\":{\"@id\":\"https:\/\/www.welovecycling.com\/pl\/2019\/07\/19\/tajemnica-tour-de-france-zostala-w-pirenejach\/#breadcrumb\"},\"inLanguage\":\"pl-PL\",\"potentialAction\":[{\"@type\":\"ReadAction\",\"target\":[\"https:\/\/www.welovecycling.com\/pl\/2019\/07\/19\/tajemnica-tour-de-france-zostala-w-pirenejach\/\"]}]},{\"@type\":\"ImageObject\",\"inLanguage\":\"pl-PL\",\"@id\":\"https:\/\/www.welovecycling.com\/pl\/2019\/07\/19\/tajemnica-tour-de-france-zostala-w-pirenejach\/#primaryimage\",\"url\":\"https:\/\/d2p6e6u75xmxt8.cloudfront.net\/5\/2019\/07\/a678e.jpg\",\"contentUrl\":\"https:\/\/d2p6e6u75xmxt8.cloudfront.net\/5\/2019\/07\/a678e.jpg\",\"width\":1000,\"height\":667,\"caption\":\"Tour de France 2019 - 18\/07\/2019 - Etape 12 - Toulouse \/ Bagn\u00e8res-de-Bigorre (209,5 Km) - \u00a9 ASO\/Pauline BALLET\"},{\"@type\":\"BreadcrumbList\",\"@id\":\"https:\/\/www.welovecycling.com\/pl\/2019\/07\/19\/tajemnica-tour-de-france-zostala-w-pirenejach\/#breadcrumb\",\"itemListElement\":[{\"@type\":\"ListItem\",\"position\":1,\"name\":\"Home\",\"item\":\"https:\/\/www.welovecycling.com\/pl\/\"},{\"@type\":\"ListItem\",\"position\":2,\"name\":\"Tajemnica Tour de France zosta\u0142a w Pirenejach!\"}]},{\"@type\":\"WebSite\",\"@id\":\"https:\/\/www.welovecycling.com\/pl\/#website\",\"url\":\"https:\/\/www.welovecycling.com\/pl\/\",\"name\":\"\u0160koda We Love Cycling - Poland\",\"description\":\"\",\"potentialAction\":[{\"@type\":\"SearchAction\",\"target\":{\"@type\":\"EntryPoint\",\"urlTemplate\":\"https:\/\/www.welovecycling.com\/pl\/?s={search_term_string}\"},\"query-input\":{\"@type\":\"PropertyValueSpecification\",\"valueRequired\":true,\"valueName\":\"search_term_string\"}}],\"inLanguage\":\"pl-PL\"},{\"@type\":\"Person\",\"@id\":\"https:\/\/www.welovecycling.com\/pl\/#\/schema\/person\/0dba2d39da943db9df3fd8f4687e7f23\",\"name\":\"piotrboczkowski\",\"image\":{\"@type\":\"ImageObject\",\"inLanguage\":\"pl-PL\",\"@id\":\"https:\/\/www.welovecycling.com\/pl\/#\/schema\/person\/image\/\",\"url\":\"https:\/\/secure.gravatar.com\/avatar\/533caccae14752e03a2ce2d3fd62d1b98b93e1393c3195c27819e53344ca1ace?s=96&d=mm&r=g\",\"contentUrl\":\"https:\/\/secure.gravatar.com\/avatar\/533caccae14752e03a2ce2d3fd62d1b98b93e1393c3195c27819e53344ca1ace?s=96&d=mm&r=g\",\"caption\":\"piotrboczkowski\"},\"url\":\"https:\/\/www.welovecycling.com\/pl\/author\/piotrboczkowski\/\"}]}<\/script>\n<!-- \/ Yoast SEO Premium plugin. -->","yoast_head_json":{"title":"Tajemnica Tour de France zosta\u0142a w Pirenejach! - \u0160koda We Love Cycling - Poland","robots":{"index":"index","follow":"follow","max-snippet":"max-snippet:-1","max-image-preview":"max-image-preview:large","max-video-preview":"max-video-preview:-1"},"canonical":"https:\/\/www.welovecycling.com\/pl\/2019\/07\/19\/tajemnica-tour-de-france-zostala-w-pirenejach\/","og_locale":"pl_PL","og_type":"article","og_title":"Tajemnica Tour de France zosta\u0142a w Pirenejach!","og_description":"Zabawa zaczyna si\u0119 na dobre! Tour de France wje\u017cd\u017ca w powa\u017cne g\u00f3ry, a najpi\u0119kniej ze szczytami przywita\u0142 si\u0119 Simon Yates. [&hellip;]","og_url":"https:\/\/www.welovecycling.com\/pl\/2019\/07\/19\/tajemnica-tour-de-france-zostala-w-pirenejach\/","og_site_name":"\u0160koda We Love Cycling - Poland","article_published_time":"2019-07-19T08:12:48+00:00","og_image":[{"width":1000,"height":667,"url":"https:\/\/d2p6e6u75xmxt8.cloudfront.net\/5\/2019\/07\/a678e.jpg","type":"image\/jpeg"}],"author":"piotrboczkowski","twitter_card":"summary_large_image","twitter_misc":{"Written by":"Piotr Nowik","Est. reading time":"5"},"schema":{"@context":"https:\/\/schema.org","@graph":[{"@type":"WebPage","@id":"https:\/\/www.welovecycling.com\/pl\/2019\/07\/19\/tajemnica-tour-de-france-zostala-w-pirenejach\/","url":"https:\/\/www.welovecycling.com\/pl\/2019\/07\/19\/tajemnica-tour-de-france-zostala-w-pirenejach\/","name":"Tajemnica Tour de France zosta\u0142a w Pirenejach! - \u0160koda We Love Cycling - Poland","isPartOf":{"@id":"https:\/\/www.welovecycling.com\/pl\/#website"},"primaryImageOfPage":{"@id":"https:\/\/www.welovecycling.com\/pl\/2019\/07\/19\/tajemnica-tour-de-france-zostala-w-pirenejach\/#primaryimage"},"image":{"@id":"https:\/\/www.welovecycling.com\/pl\/2019\/07\/19\/tajemnica-tour-de-france-zostala-w-pirenejach\/#primaryimage"},"thumbnailUrl":"https:\/\/d2p6e6u75xmxt8.cloudfront.net\/5\/2019\/07\/a678e.jpg","datePublished":"2019-07-19T08:12:48+00:00","author":{"@id":"https:\/\/www.welovecycling.com\/pl\/#\/schema\/person\/0dba2d39da943db9df3fd8f4687e7f23"},"breadcrumb":{"@id":"https:\/\/www.welovecycling.com\/pl\/2019\/07\/19\/tajemnica-tour-de-france-zostala-w-pirenejach\/#breadcrumb"},"inLanguage":"pl-PL","potentialAction":[{"@type":"ReadAction","target":["https:\/\/www.welovecycling.com\/pl\/2019\/07\/19\/tajemnica-tour-de-france-zostala-w-pirenejach\/"]}]},{"@type":"ImageObject","inLanguage":"pl-PL","@id":"https:\/\/www.welovecycling.com\/pl\/2019\/07\/19\/tajemnica-tour-de-france-zostala-w-pirenejach\/#primaryimage","url":"https:\/\/d2p6e6u75xmxt8.cloudfront.net\/5\/2019\/07\/a678e.jpg","contentUrl":"https:\/\/d2p6e6u75xmxt8.cloudfront.net\/5\/2019\/07\/a678e.jpg","width":1000,"height":667,"caption":"Tour de France 2019 - 18\/07\/2019 - Etape 12 - Toulouse \/ Bagn\u00e8res-de-Bigorre (209,5 Km) - \u00a9 ASO\/Pauline BALLET"},{"@type":"BreadcrumbList","@id":"https:\/\/www.welovecycling.com\/pl\/2019\/07\/19\/tajemnica-tour-de-france-zostala-w-pirenejach\/#breadcrumb","itemListElement":[{"@type":"ListItem","position":1,"name":"Home","item":"https:\/\/www.welovecycling.com\/pl\/"},{"@type":"ListItem","position":2,"name":"Tajemnica Tour de France zosta\u0142a w Pirenejach!"}]},{"@type":"WebSite","@id":"https:\/\/www.welovecycling.com\/pl\/#website","url":"https:\/\/www.welovecycling.com\/pl\/","name":"\u0160koda We Love Cycling - Poland","description":"","potentialAction":[{"@type":"SearchAction","target":{"@type":"EntryPoint","urlTemplate":"https:\/\/www.welovecycling.com\/pl\/?s={search_term_string}"},"query-input":{"@type":"PropertyValueSpecification","valueRequired":true,"valueName":"search_term_string"}}],"inLanguage":"pl-PL"},{"@type":"Person","@id":"https:\/\/www.welovecycling.com\/pl\/#\/schema\/person\/0dba2d39da943db9df3fd8f4687e7f23","name":"piotrboczkowski","image":{"@type":"ImageObject","inLanguage":"pl-PL","@id":"https:\/\/www.welovecycling.com\/pl\/#\/schema\/person\/image\/","url":"https:\/\/secure.gravatar.com\/avatar\/533caccae14752e03a2ce2d3fd62d1b98b93e1393c3195c27819e53344ca1ace?s=96&d=mm&r=g","contentUrl":"https:\/\/secure.gravatar.com\/avatar\/533caccae14752e03a2ce2d3fd62d1b98b93e1393c3195c27819e53344ca1ace?s=96&d=mm&r=g","caption":"piotrboczkowski"},"url":"https:\/\/www.welovecycling.com\/pl\/author\/piotrboczkowski\/"}]}},"_links":{"self":[{"href":"https:\/\/www.welovecycling.com\/pl\/wp-json\/wp\/v2\/posts\/9381","targetHints":{"allow":["GET"]}}],"collection":[{"href":"https:\/\/www.welovecycling.com\/pl\/wp-json\/wp\/v2\/posts"}],"about":[{"href":"https:\/\/www.welovecycling.com\/pl\/wp-json\/wp\/v2\/types\/post"}],"author":[{"embeddable":true,"href":"https:\/\/www.welovecycling.com\/pl\/wp-json\/wp\/v2\/users\/76"}],"replies":[{"embeddable":true,"href":"https:\/\/www.welovecycling.com\/pl\/wp-json\/wp\/v2\/comments?post=9381"}],"version-history":[{"count":1,"href":"https:\/\/www.welovecycling.com\/pl\/wp-json\/wp\/v2\/posts\/9381\/revisions"}],"predecessor-version":[{"id":9385,"href":"https:\/\/www.welovecycling.com\/pl\/wp-json\/wp\/v2\/posts\/9381\/revisions\/9385"}],"wp:featuredmedia":[{"embeddable":true,"href":"https:\/\/www.welovecycling.com\/pl\/wp-json\/wp\/v2\/media\/9384"}],"wp:attachment":[{"href":"https:\/\/www.welovecycling.com\/pl\/wp-json\/wp\/v2\/media?parent=9381"}],"wp:term":[{"taxonomy":"category","embeddable":true,"href":"https:\/\/www.welovecycling.com\/pl\/wp-json\/wp\/v2\/categories?post=9381"},{"taxonomy":"post_tag","embeddable":true,"href":"https:\/\/www.welovecycling.com\/pl\/wp-json\/wp\/v2\/tags?post=9381"},{"taxonomy":"global-categories","embeddable":true,"href":"https:\/\/www.welovecycling.com\/pl\/wp-json\/wp\/v2\/global-categories?post=9381"}],"curies":[{"name":"wp","href":"https:\/\/api.w.org\/{rel}","templated":true}]}}