{"id":9378,"date":"2019-07-18T08:25:12","date_gmt":"2019-07-18T08:25:12","guid":{"rendered":"https:\/\/www.welovecycling.com\/pl\/?p=9378"},"modified":"2019-07-18T08:25:12","modified_gmt":"2019-07-18T08:25:12","slug":"okulary-fotochromowe-na-rowerze-2","status":"publish","type":"post","link":"https:\/\/www.welovecycling.com\/pl\/2019\/07\/18\/okulary-fotochromowe-na-rowerze-2\/","title":{"rendered":"Okulary fotochromowe na rowerze"},"content":{"rendered":"<p><strong>Okulary fotochromowe (niepoprawnie zwane r\u00f3wnie\u017c fotochromatycznymi) zawsze kojarzy\u0142y mi si\u0119 z niepotrzebnym gad\u017cetem i czym\u015b, co nigdy mi si\u0119 nie przyda. Zmieni\u0142em zdanie, gdy kilka lat temu mia\u0142em okazj\u0119 sprawdzi\u0107 jak dzia\u0142aj\u0105 i&#8230; kupi\u0142em sobie fotochromy \ud83d\ude42 <\/strong><\/p>\n<p>Na czym polega ich przydatno\u015b\u0107? Opr\u00f3cz tego, \u017ce jak ka\u017cde inne okulary, chroni\u0105 oczy przed szkodliwym promieniowaniem UV, a tak\u017ce przed owadami\/wiatrem\/piaskiem i wszystkim co mo\u017ce podra\u017cni\u0107 nasze oczy &#8211; dodatkowo pod wp\u0142ywem \u015bwiat\u0142a soczewki \u015bciemniaj\u0105 si\u0119. Dzi\u0119ki temu, je\u017cd\u017c\u0105c w zmiennych warunkach, nie musimy wozi\u0107 ze sob\u0105 dw\u00f3ch par okular\u00f3w\/szkie\u0142. Oczywi\u015bcie nie ka\u017cdemu rowerzy\u015bcie b\u0119dzie to potrzebne, ale wyobra\u017acie sobie chocia\u017cby tak\u0105 sytuacj\u0119 &#8211; wyje\u017cd\u017camy przed \u015bwitem, gdy dopiero robi si\u0119 jasno &#8211; szk\u0142a w okularach rozja\u015bniaj\u0105 si\u0119. W ci\u0105gu dnia, gdy wychodzi s\u0142o\u0144ce &#8211; szk\u0142a przyciemniaj\u0105 si\u0119, by zn\u00f3w rozja\u015bni\u0107 si\u0119, gdy wjedziemy do lasu, czy gdy zapadnie wieczorny zmrok. Inn\u0105 sytuacj\u0105 mo\u017ce by\u0107 jazda po g\u00f3rach, raz peda\u0142ujemy w g\u0119stym lesie, gdzie mo\u017ce by\u0107 do\u015b\u0107 ciemno, innym razem po odkrytym terenie, gdzie \u015bwieci s\u0142o\u0144ce. Szk\u0142a w okularach same przystosuj\u0105 si\u0119 do panuj\u0105cych warunk\u00f3w o\u015bwietleniowych.<\/p>\n<p><img loading=\"lazy\" decoding=\"async\" class=\"aligncenter size-full wp-image-9374\" src=\"https:\/\/d2p6e6u75xmxt8.cloudfront.net\/5\/2019\/07\/okulary-fotochromowe-rozjasnione.jpg\" alt=\"\" width=\"6720\" height=\"4047\" srcset=\"https:\/\/d2p6e6u75xmxt8.cloudfront.net\/5\/2019\/07\/okulary-fotochromowe-rozjasnione.jpg 6720w, https:\/\/d2p6e6u75xmxt8.cloudfront.net\/5\/2019\/07\/okulary-fotochromowe-rozjasnione-300x181.jpg 300w, https:\/\/d2p6e6u75xmxt8.cloudfront.net\/5\/2019\/07\/okulary-fotochromowe-rozjasnione-768x463.jpg 768w, https:\/\/d2p6e6u75xmxt8.cloudfront.net\/5\/2019\/07\/okulary-fotochromowe-rozjasnione-1024x617.jpg 1024w, https:\/\/d2p6e6u75xmxt8.cloudfront.net\/5\/2019\/07\/okulary-fotochromowe-rozjasnione-1920x1156.jpg 1920w, https:\/\/d2p6e6u75xmxt8.cloudfront.net\/5\/2019\/07\/okulary-fotochromowe-rozjasnione-1920x1156.jpg 1920w\" sizes=\"auto, (max-width: 6720px) 100vw, 6720px\" \/><br \/>\nZmiana przyciemnienia szkie\u0142 trwa zwykle kilkana\u015bcie, do kilkudziesi\u0119ciu sekund. Kr\u00f3cej trwa przyciemnianie szkie\u0142, troch\u0119 d\u0142u\u017cej zajmuje ich rozja\u015bnianie. Dzieje si\u0119 to bardzo p\u0142ynnie, nie powoduj\u0105c dyskomfortu u u\u017cytkownika. Co ciekawe \u2013 szk\u0142a szybciej reaguj\u0105 i bardziej zaciemniaj\u0105 si\u0119 w niskich temperaturach.<\/p>\n<p><img loading=\"lazy\" decoding=\"async\" class=\"aligncenter size-full wp-image-9375\" src=\"https:\/\/d2p6e6u75xmxt8.cloudfront.net\/5\/2019\/07\/okulary-fotochromowe-sciemnione.jpg\" alt=\"\" width=\"6720\" height=\"4480\" srcset=\"https:\/\/d2p6e6u75xmxt8.cloudfront.net\/5\/2019\/07\/okulary-fotochromowe-sciemnione.jpg 6720w, https:\/\/d2p6e6u75xmxt8.cloudfront.net\/5\/2019\/07\/okulary-fotochromowe-sciemnione-300x200.jpg 300w, https:\/\/d2p6e6u75xmxt8.cloudfront.net\/5\/2019\/07\/okulary-fotochromowe-sciemnione-768x512.jpg 768w, https:\/\/d2p6e6u75xmxt8.cloudfront.net\/5\/2019\/07\/okulary-fotochromowe-sciemnione-1024x683.jpg 1024w, https:\/\/d2p6e6u75xmxt8.cloudfront.net\/5\/2019\/07\/okulary-fotochromowe-sciemnione-1920x1280.jpg 1920w, https:\/\/d2p6e6u75xmxt8.cloudfront.net\/5\/2019\/07\/okulary-fotochromowe-sciemnione-272x182.jpg 272w, https:\/\/d2p6e6u75xmxt8.cloudfront.net\/5\/2019\/07\/okulary-fotochromowe-sciemnione-1920x1280.jpg 1920w\" sizes=\"auto, (max-width: 6720px) 100vw, 6720px\" \/><br \/>\nWarto pami\u0119ta\u0107 o tym, \u017ce szk\u0142a fotochromowe nie \u015bciemni\u0105 si\u0119 w takim stopniu, jak najciemniejsze szk\u0142a przeciws\u0142oneczne &#8211; je\u017celi chcecie sp\u0119dzi\u0107 ca\u0142y dzie\u0144 na s\u0142onecznej pla\u017cy, fotochromy niekoniecznie si\u0119 sprawdz\u0105. Tak samo w nocy &#8211; szk\u0142a nie rozja\u015bni\u0105 si\u0119 tak, jak okulary z przezroczystymi soczewkami. Na pewno przyda si\u0119 wtedy troch\u0119 mocniejsza lampka, ni\u017c gdyby\u015bmy jechali bez okular\u00f3w. Niemniej w fotochromach da si\u0119 komfortowo jecha\u0107 w nocy, praktykowa\u0142em to ju\u017c wiele razy. Szk\u0142a fotochromowe s\u0105 wi\u0119c pewnego rodzaju kompromisem, kt\u00f3ry je\u017celi tylko b\u0119dzie nam odpowiada\u0142 &#8211; odwdzi\u0119czy si\u0119 spor\u0105 uniwersalno\u015bci\u0105.<br \/>\nProducenci cz\u0119sto podaj\u0105, do kt\u00f3rych kategorii przyciemnienia, pasuj\u0105 szk\u0142a w ich okularach. Przedstawiaj\u0105 si\u0119 one nast\u0119puj\u0105co (im wi\u0119ksza liczba, tym ja\u015bniejsze szk\u0142a): S1: 80% \u2013 43%, S2: 43% \u2013 18%, S3: 18% \u2013 8%.<\/p>\n<p>Kupuj\u0105c okulary fotochromowe, warto sprawdzi\u0107, w jakim zakresie szk\u0142a \u015bciemniaj\u0105 si\u0119 i rozja\u015bniaj\u0105. Tanie okulary tego typu mo\u017cna kupi\u0107 ju\u017c za niewiele ponad 100 z\u0142otych. Niestety ich zdolno\u015b\u0107 rozja\u015bniania si\u0119 zwykle nie stoi na wysokim poziomie \u2013 40-50% raczej nie pozwoli na komfortow\u0105 jazd\u0119 w nocy. Warto szuka\u0107 modeli, kt\u00f3re potrafi\u0105 rozja\u015bni\u0107 szk\u0142a do ok. 70% (kategoria S1).<\/p>\n<p>Z drugiej strony, widuje si\u0119 okulary, gdzie sprzedaj\u0105cy obiecuje zakres przepuszczalno\u015bci szkie\u0142 od 8 do 80 procent. Jest to raczej zabieg marketingowy \u2013 je\u017celi producent podaje, \u017ce szk\u0142a daj\u0105 przyciemnienie z kategorii S1-S3, wtedy zakres 8-80% to maksimum (realnie jest to trudne do zrealizowania), ale r\u00f3wnie dobrze mo\u017ce on oznacza\u0107 18-43%. Dlatego okulary warto sprawdzi\u0107 w sklepie przed zakupem, zar\u00f3wno maksymalnie je \u015bciemniaj\u0105c, jak i rozja\u015bniaj\u0105c.<\/p>\n<p>W przypadku moich okular\u00f3w, producent uczciwie podaje zakres dzia\u0142ania szkie\u0142 (23%-69%) co pozwala na komfortow\u0105 jazd\u0119 w nocy (z dobr\u0105 lampk\u0105) i nienajgorsze przyciemnienie w ci\u0105gu dnia.<\/p>\n<style type=\"text\/css\"><!--td {border: 1px solid #ccc;}br {mso-data-placement:same-cell;}--><\/style>\n<p><span data-sheets-value=\"{&quot;1&quot;:2,&quot;2&quot;:&quot;Artyku\u0142 powsta\u0142 we wsp\u00f3\u0142pracy ze skoda-auto.pl&quot;}\" data-sheets-userformat=\"{&quot;2&quot;:1,&quot;3&quot;:{&quot;1&quot;:0}}\"><a class=\"in-cell-link\" href=\"http:\/\/www.skoda-auto.pl\/\" target=\"_blank\" rel=\"noopener\">Artyku\u0142 powsta\u0142 we wsp\u00f3\u0142pracy ze skoda-auto.pl<\/a><\/span><\/p>\n","protected":false},"excerpt":{"rendered":"<p>Okulary fotochromowe (niepoprawnie zwane r\u00f3wnie\u017c fotochromatycznymi) zawsze kojarzy\u0142y mi si\u0119 z niepotrzebnym gad\u017cetem i czym\u015b, co nigdy mi si\u0119 nie [&hellip;]<\/p>\n","protected":false},"author":76,"featured_media":9374,"comment_status":"open","ping_status":"open","sticky":false,"template":"","format":"standard","meta":{"footnotes":""},"categories":[235],"tags":[],"global-categories":[],"class_list":["post-9378","post","type-post","status-publish","format-standard","has-post-thumbnail","hentry","category-roweroweporady-pl"],"yoast_head":"<!-- This site is optimized with the Yoast SEO Premium plugin v25.3 (Yoast SEO v25.9) - https:\/\/yoast.com\/wordpress\/plugins\/seo\/ -->\n<title>Okulary fotochromowe na rowerze - \u0160koda We Love Cycling - Poland<\/title>\n<meta name=\"robots\" content=\"index, follow, max-snippet:-1, max-image-preview:large, max-video-preview:-1\" \/>\n<link rel=\"canonical\" href=\"https:\/\/www.welovecycling.com\/pl\/2019\/07\/18\/okulary-fotochromowe-na-rowerze-2\/\" \/>\n<meta property=\"og:locale\" content=\"pl_PL\" \/>\n<meta property=\"og:type\" content=\"article\" \/>\n<meta property=\"og:title\" content=\"Okulary fotochromowe na rowerze\" \/>\n<meta property=\"og:description\" content=\"Okulary fotochromowe (niepoprawnie zwane r\u00f3wnie\u017c fotochromatycznymi) zawsze kojarzy\u0142y mi si\u0119 z niepotrzebnym gad\u017cetem i czym\u015b, co nigdy mi si\u0119 nie [&hellip;]\" \/>\n<meta property=\"og:url\" content=\"https:\/\/www.welovecycling.com\/pl\/2019\/07\/18\/okulary-fotochromowe-na-rowerze-2\/\" \/>\n<meta property=\"og:site_name\" content=\"\u0160koda We Love Cycling - Poland\" \/>\n<meta property=\"article:published_time\" content=\"2019-07-18T08:25:12+00:00\" \/>\n<meta property=\"og:image\" content=\"https:\/\/d2p6e6u75xmxt8.cloudfront.net\/5\/2019\/07\/okulary-fotochromowe-rozjasnione-1024x617.jpg\" \/>\n\t<meta property=\"og:image:width\" content=\"1024\" \/>\n\t<meta property=\"og:image:height\" content=\"617\" \/>\n\t<meta property=\"og:image:type\" content=\"image\/jpeg\" \/>\n<meta name=\"author\" content=\"piotrboczkowski\" \/>\n<meta name=\"twitter:card\" content=\"summary_large_image\" \/>\n<meta name=\"twitter:label1\" content=\"Written by\" \/>\n\t<meta name=\"twitter:data1\" content=\"roweroweporady.pl\" \/>\n\t<meta name=\"twitter:label2\" content=\"Est. reading time\" \/>\n\t<meta name=\"twitter:data2\" content=\"3 minutes\" \/>\n<script type=\"application\/ld+json\" class=\"yoast-schema-graph\">{\"@context\":\"https:\/\/schema.org\",\"@graph\":[{\"@type\":\"WebPage\",\"@id\":\"https:\/\/www.welovecycling.com\/pl\/2019\/07\/18\/okulary-fotochromowe-na-rowerze-2\/\",\"url\":\"https:\/\/www.welovecycling.com\/pl\/2019\/07\/18\/okulary-fotochromowe-na-rowerze-2\/\",\"name\":\"Okulary fotochromowe na rowerze - \u0160koda We Love Cycling - Poland\",\"isPartOf\":{\"@id\":\"https:\/\/www.welovecycling.com\/pl\/#website\"},\"primaryImageOfPage\":{\"@id\":\"https:\/\/www.welovecycling.com\/pl\/2019\/07\/18\/okulary-fotochromowe-na-rowerze-2\/#primaryimage\"},\"image\":{\"@id\":\"https:\/\/www.welovecycling.com\/pl\/2019\/07\/18\/okulary-fotochromowe-na-rowerze-2\/#primaryimage\"},\"thumbnailUrl\":\"https:\/\/d2p6e6u75xmxt8.cloudfront.net\/5\/2019\/07\/okulary-fotochromowe-rozjasnione.jpg\",\"datePublished\":\"2019-07-18T08:25:12+00:00\",\"author\":{\"@id\":\"https:\/\/www.welovecycling.com\/pl\/#\/schema\/person\/0dba2d39da943db9df3fd8f4687e7f23\"},\"breadcrumb\":{\"@id\":\"https:\/\/www.welovecycling.com\/pl\/2019\/07\/18\/okulary-fotochromowe-na-rowerze-2\/#breadcrumb\"},\"inLanguage\":\"pl-PL\",\"potentialAction\":[{\"@type\":\"ReadAction\",\"target\":[\"https:\/\/www.welovecycling.com\/pl\/2019\/07\/18\/okulary-fotochromowe-na-rowerze-2\/\"]}]},{\"@type\":\"ImageObject\",\"inLanguage\":\"pl-PL\",\"@id\":\"https:\/\/www.welovecycling.com\/pl\/2019\/07\/18\/okulary-fotochromowe-na-rowerze-2\/#primaryimage\",\"url\":\"https:\/\/d2p6e6u75xmxt8.cloudfront.net\/5\/2019\/07\/okulary-fotochromowe-rozjasnione.jpg\",\"contentUrl\":\"https:\/\/d2p6e6u75xmxt8.cloudfront.net\/5\/2019\/07\/okulary-fotochromowe-rozjasnione.jpg\",\"width\":6720,\"height\":4047},{\"@type\":\"BreadcrumbList\",\"@id\":\"https:\/\/www.welovecycling.com\/pl\/2019\/07\/18\/okulary-fotochromowe-na-rowerze-2\/#breadcrumb\",\"itemListElement\":[{\"@type\":\"ListItem\",\"position\":1,\"name\":\"Home\",\"item\":\"https:\/\/www.welovecycling.com\/pl\/\"},{\"@type\":\"ListItem\",\"position\":2,\"name\":\"Okulary fotochromowe na rowerze\"}]},{\"@type\":\"WebSite\",\"@id\":\"https:\/\/www.welovecycling.com\/pl\/#website\",\"url\":\"https:\/\/www.welovecycling.com\/pl\/\",\"name\":\"\u0160koda We Love Cycling - Poland\",\"description\":\"\",\"potentialAction\":[{\"@type\":\"SearchAction\",\"target\":{\"@type\":\"EntryPoint\",\"urlTemplate\":\"https:\/\/www.welovecycling.com\/pl\/?s={search_term_string}\"},\"query-input\":{\"@type\":\"PropertyValueSpecification\",\"valueRequired\":true,\"valueName\":\"search_term_string\"}}],\"inLanguage\":\"pl-PL\"},{\"@type\":\"Person\",\"@id\":\"https:\/\/www.welovecycling.com\/pl\/#\/schema\/person\/0dba2d39da943db9df3fd8f4687e7f23\",\"name\":\"piotrboczkowski\",\"image\":{\"@type\":\"ImageObject\",\"inLanguage\":\"pl-PL\",\"@id\":\"https:\/\/www.welovecycling.com\/pl\/#\/schema\/person\/image\/\",\"url\":\"https:\/\/secure.gravatar.com\/avatar\/533caccae14752e03a2ce2d3fd62d1b98b93e1393c3195c27819e53344ca1ace?s=96&d=mm&r=g\",\"contentUrl\":\"https:\/\/secure.gravatar.com\/avatar\/533caccae14752e03a2ce2d3fd62d1b98b93e1393c3195c27819e53344ca1ace?s=96&d=mm&r=g\",\"caption\":\"piotrboczkowski\"},\"url\":\"https:\/\/www.welovecycling.com\/pl\/author\/piotrboczkowski\/\"}]}<\/script>\n<!-- \/ Yoast SEO Premium plugin. -->","yoast_head_json":{"title":"Okulary fotochromowe na rowerze - \u0160koda We Love Cycling - Poland","robots":{"index":"index","follow":"follow","max-snippet":"max-snippet:-1","max-image-preview":"max-image-preview:large","max-video-preview":"max-video-preview:-1"},"canonical":"https:\/\/www.welovecycling.com\/pl\/2019\/07\/18\/okulary-fotochromowe-na-rowerze-2\/","og_locale":"pl_PL","og_type":"article","og_title":"Okulary fotochromowe na rowerze","og_description":"Okulary fotochromowe (niepoprawnie zwane r\u00f3wnie\u017c fotochromatycznymi) zawsze kojarzy\u0142y mi si\u0119 z niepotrzebnym gad\u017cetem i czym\u015b, co nigdy mi si\u0119 nie [&hellip;]","og_url":"https:\/\/www.welovecycling.com\/pl\/2019\/07\/18\/okulary-fotochromowe-na-rowerze-2\/","og_site_name":"\u0160koda We Love Cycling - Poland","article_published_time":"2019-07-18T08:25:12+00:00","og_image":[{"width":1024,"height":617,"url":"https:\/\/d2p6e6u75xmxt8.cloudfront.net\/5\/2019\/07\/okulary-fotochromowe-rozjasnione-1024x617.jpg","type":"image\/jpeg"}],"author":"piotrboczkowski","twitter_card":"summary_large_image","twitter_misc":{"Written by":"roweroweporady.pl","Est. reading time":"3 minutes"},"schema":{"@context":"https:\/\/schema.org","@graph":[{"@type":"WebPage","@id":"https:\/\/www.welovecycling.com\/pl\/2019\/07\/18\/okulary-fotochromowe-na-rowerze-2\/","url":"https:\/\/www.welovecycling.com\/pl\/2019\/07\/18\/okulary-fotochromowe-na-rowerze-2\/","name":"Okulary fotochromowe na rowerze - \u0160koda We Love Cycling - Poland","isPartOf":{"@id":"https:\/\/www.welovecycling.com\/pl\/#website"},"primaryImageOfPage":{"@id":"https:\/\/www.welovecycling.com\/pl\/2019\/07\/18\/okulary-fotochromowe-na-rowerze-2\/#primaryimage"},"image":{"@id":"https:\/\/www.welovecycling.com\/pl\/2019\/07\/18\/okulary-fotochromowe-na-rowerze-2\/#primaryimage"},"thumbnailUrl":"https:\/\/d2p6e6u75xmxt8.cloudfront.net\/5\/2019\/07\/okulary-fotochromowe-rozjasnione.jpg","datePublished":"2019-07-18T08:25:12+00:00","author":{"@id":"https:\/\/www.welovecycling.com\/pl\/#\/schema\/person\/0dba2d39da943db9df3fd8f4687e7f23"},"breadcrumb":{"@id":"https:\/\/www.welovecycling.com\/pl\/2019\/07\/18\/okulary-fotochromowe-na-rowerze-2\/#breadcrumb"},"inLanguage":"pl-PL","potentialAction":[{"@type":"ReadAction","target":["https:\/\/www.welovecycling.com\/pl\/2019\/07\/18\/okulary-fotochromowe-na-rowerze-2\/"]}]},{"@type":"ImageObject","inLanguage":"pl-PL","@id":"https:\/\/www.welovecycling.com\/pl\/2019\/07\/18\/okulary-fotochromowe-na-rowerze-2\/#primaryimage","url":"https:\/\/d2p6e6u75xmxt8.cloudfront.net\/5\/2019\/07\/okulary-fotochromowe-rozjasnione.jpg","contentUrl":"https:\/\/d2p6e6u75xmxt8.cloudfront.net\/5\/2019\/07\/okulary-fotochromowe-rozjasnione.jpg","width":6720,"height":4047},{"@type":"BreadcrumbList","@id":"https:\/\/www.welovecycling.com\/pl\/2019\/07\/18\/okulary-fotochromowe-na-rowerze-2\/#breadcrumb","itemListElement":[{"@type":"ListItem","position":1,"name":"Home","item":"https:\/\/www.welovecycling.com\/pl\/"},{"@type":"ListItem","position":2,"name":"Okulary fotochromowe na rowerze"}]},{"@type":"WebSite","@id":"https:\/\/www.welovecycling.com\/pl\/#website","url":"https:\/\/www.welovecycling.com\/pl\/","name":"\u0160koda We Love Cycling - Poland","description":"","potentialAction":[{"@type":"SearchAction","target":{"@type":"EntryPoint","urlTemplate":"https:\/\/www.welovecycling.com\/pl\/?s={search_term_string}"},"query-input":{"@type":"PropertyValueSpecification","valueRequired":true,"valueName":"search_term_string"}}],"inLanguage":"pl-PL"},{"@type":"Person","@id":"https:\/\/www.welovecycling.com\/pl\/#\/schema\/person\/0dba2d39da943db9df3fd8f4687e7f23","name":"piotrboczkowski","image":{"@type":"ImageObject","inLanguage":"pl-PL","@id":"https:\/\/www.welovecycling.com\/pl\/#\/schema\/person\/image\/","url":"https:\/\/secure.gravatar.com\/avatar\/533caccae14752e03a2ce2d3fd62d1b98b93e1393c3195c27819e53344ca1ace?s=96&d=mm&r=g","contentUrl":"https:\/\/secure.gravatar.com\/avatar\/533caccae14752e03a2ce2d3fd62d1b98b93e1393c3195c27819e53344ca1ace?s=96&d=mm&r=g","caption":"piotrboczkowski"},"url":"https:\/\/www.welovecycling.com\/pl\/author\/piotrboczkowski\/"}]}},"_links":{"self":[{"href":"https:\/\/www.welovecycling.com\/pl\/wp-json\/wp\/v2\/posts\/9378","targetHints":{"allow":["GET"]}}],"collection":[{"href":"https:\/\/www.welovecycling.com\/pl\/wp-json\/wp\/v2\/posts"}],"about":[{"href":"https:\/\/www.welovecycling.com\/pl\/wp-json\/wp\/v2\/types\/post"}],"author":[{"embeddable":true,"href":"https:\/\/www.welovecycling.com\/pl\/wp-json\/wp\/v2\/users\/76"}],"replies":[{"embeddable":true,"href":"https:\/\/www.welovecycling.com\/pl\/wp-json\/wp\/v2\/comments?post=9378"}],"version-history":[{"count":1,"href":"https:\/\/www.welovecycling.com\/pl\/wp-json\/wp\/v2\/posts\/9378\/revisions"}],"predecessor-version":[{"id":9379,"href":"https:\/\/www.welovecycling.com\/pl\/wp-json\/wp\/v2\/posts\/9378\/revisions\/9379"}],"wp:featuredmedia":[{"embeddable":true,"href":"https:\/\/www.welovecycling.com\/pl\/wp-json\/wp\/v2\/media\/9374"}],"wp:attachment":[{"href":"https:\/\/www.welovecycling.com\/pl\/wp-json\/wp\/v2\/media?parent=9378"}],"wp:term":[{"taxonomy":"category","embeddable":true,"href":"https:\/\/www.welovecycling.com\/pl\/wp-json\/wp\/v2\/categories?post=9378"},{"taxonomy":"post_tag","embeddable":true,"href":"https:\/\/www.welovecycling.com\/pl\/wp-json\/wp\/v2\/tags?post=9378"},{"taxonomy":"global-categories","embeddable":true,"href":"https:\/\/www.welovecycling.com\/pl\/wp-json\/wp\/v2\/global-categories?post=9378"}],"curies":[{"name":"wp","href":"https:\/\/api.w.org\/{rel}","templated":true}]}}