{"id":9371,"date":"2019-07-17T07:50:16","date_gmt":"2019-07-17T07:50:16","guid":{"rendered":"https:\/\/www.welovecycling.com\/pl\/?p=9371"},"modified":"2019-07-17T07:50:16","modified_gmt":"2019-07-17T07:50:16","slug":"bartosz-huzarski-podsumowanie-pierwszych-10-dni-tour-de-france-2","status":"publish","type":"post","link":"https:\/\/www.welovecycling.com\/pl\/2019\/07\/17\/bartosz-huzarski-podsumowanie-pierwszych-10-dni-tour-de-france-2\/","title":{"rendered":"Bartosz Huzarski: Podsumowanie pierwszych 10 dni Tour de France"},"content":{"rendered":"<p><strong>Za nami 10 dni najwi\u0119kszego i najbardziej presti\u017cowego etapowego wy\u015bcigu kolarskiego \u015awiata. Cho\u0107 kolarze nie wjechali jeszcze w wyj\u0105tkowo widowiskowy g\u00f3rski teren Alpejskich i Pirenejskich prze\u0142\u0119czy, to tegoroczne u\u0142o\u017cenie trasy ju\u017c w ci\u0105gu tych pierwszych dni dostarczy\u0142o nam kibicom wielu atrakcji.<\/strong><\/p>\n<p>Tour de France sam w sobie jest bardzo nerwowy, jest tak zawsze gdy stawka jest wysoka, a jeden sukces mo\u017ce ustawi\u0107 zawodnika na wiele lat. Do tego presja nak\u0142adana przez sponsor\u00f3w i dyrektor\u00f3w sportowych, dodatkowo podkr\u0119ca panuj\u0105c\u0105 tutaj, przepe\u0142nion\u0105 stresem atmosfer\u0119. To co mo\u017cemy zapisa\u0107 na du\u017cy plus to zdecydowanie mniej kraks ni\u017c w latach ubieg\u0142ych, oczywi\u015bcie zdarza\u0142y si\u0119 upadki i to do\u015b\u0107 gro\u017ane jak cho\u0107by ten Alessandro De Marchi z dziewi\u0105tego etapu, po kt\u00f3rym zawodnik zosta\u0142 odwieziony do szpitala. Ale og\u00f3lnie tych masowych upadk\u00f3w kt\u00f3re obserwowali\u015bmy w latach poprzednich jest zdecydowanie mniej.<\/p>\n<figure id=\"attachment_9313\" aria-describedby=\"caption-attachment-9313\" style=\"width: 1000px\" class=\"wp-caption aligncenter\"><img loading=\"lazy\" decoding=\"async\" class=\"size-full wp-image-9313\" src=\"https:\/\/d2p6e6u75xmxt8.cloudfront.net\/5\/2019\/07\/4f8a4.jpg\" alt=\"\" width=\"1000\" height=\"666\" srcset=\"https:\/\/d2p6e6u75xmxt8.cloudfront.net\/5\/2019\/07\/4f8a4.jpg 1000w, https:\/\/d2p6e6u75xmxt8.cloudfront.net\/5\/2019\/07\/4f8a4-300x200.jpg 300w, https:\/\/d2p6e6u75xmxt8.cloudfront.net\/5\/2019\/07\/4f8a4-768x511.jpg 768w, https:\/\/d2p6e6u75xmxt8.cloudfront.net\/5\/2019\/07\/4f8a4-272x182.jpg 272w\" sizes=\"auto, (max-width: 1000px) 100vw, 1000px\" \/><figcaption id=\"caption-attachment-9313\" class=\"wp-caption-text\">tour de France 2019 &#8211; 08\/07\/2019 &#8211; Etape 3 &#8211; Binche \/ Epernay (215 Km) &#8211; Julian ALAPHILIPPE (DECEUNINCK &#8211; QUICK &#8211; STEP) Avec le maillot Jaune \u00a9 A.S.O.\/Alex BROADWAY<\/figcaption><\/figure>\n<p>&nbsp;<\/p>\n<p>Wydaje mi si\u0119, \u017ce najlepsze widowisko tworz\u0105, p\u00f3ki co, Julian Alaphilippe oraz dru\u017cyna Jumbo-Wisma, kt\u00f3ra zapisa\u0142a na swoim koncie cztery triumfy (trzy indywidualne oraz w je\u017adzie dru\u017cynowej na czas). Nie mo\u017cna pozostawi\u0107 bez echa wyczynu \u0142owcy etap\u00f3w, jad\u0105cego w swoim, zab\u00f3jczym dla reszty tempie, Thomasie De Gent, kt\u00f3ry w pi\u0119knym stylu wygra\u0142 etap 8. Dla Francuz\u00f3w tegoroczny TDF jest s\u0142odko-gorzki. Na pewno ciesz\u0105 si\u0119 bardzo z waleczno\u015bci i postawy Juliana Alaphilippea, kt\u00f3ry w dniu \u015bwi\u0119ta narodowego Francji jecha\u0142 w tej najwa\u017cniejszej \u017c\u00f3\u0142tej koszulce lidera, to smuci ich zapewne postawa, ale i by\u0107 mo\u017ce pech dw\u00f3jki najwa\u017cniejszych francuskich g\u00f3rali. Romain Bardet nie mo\u017ce zaliczy\u0107 tegorocznego wy\u015bcigu do udanych, poni\u00f3s\u0142 ju\u017c do\u015b\u0107 spore straty do najwa\u017cniejszych faworyt\u00f3w i cho\u0107 witany by\u0142 wielkimi owacjami na etapie swojego rodzinnego Brioude powod\u00f3w do zadowolenia zapewne nie ma wielu. Cho\u0107 jak sam twierdzi liczy na to, \u017ce znajdzie sw\u00f3j rytm i b\u0119dzie gro\u017any cho\u0107by w walce o etapy. Do 10 dnia wy\u015bcigu \u015bwietnie radzi\u0142 sobie za to Thibaut Pinot, niestety TDF wymaga od zawodnik\u00f3w czujno\u015bci i koncentracji od pocz\u0105tku do ko\u0144ca ka\u017cdego dnia. Podczas bardzo wietrznego 10 etapu z met\u0105 w Albi lider dru\u017cyny Groupama-FDJ na jednym z rond straci\u0142 kilkadziesi\u0105t pozycji w peletonie akurat gdy ten zaczyna\u0142 si\u0119 dzieli\u0107 na bocznym wietrze. Efektem tego jest strata 1 minuty i 40 sekund oraz spadek w klasyfikacji generalnej poza najlepsz\u0105 dziesi\u0105tk\u0119. Pech i wiatr, kt\u00f3ry jest bardzo niebezpieczny, gdy\u017c tutaj umiej\u0119tno\u015bci techniczne i dru\u017cyna maj\u0105 du\u017co wi\u0119ksze znaczenie ni\u017c indywidualne przygotowanie zawodnika lub jego preferencje.<\/p>\n<p>Na du\u017cy plus zapisa\u0107 musimy postaw\u0119 Micha\u0142a Kwiatkowskiego oraz ca\u0142ej dru\u017cyny Team Ineos kt\u00f3ra pomimo os\u0142abienia spowodowanego brakiem Christophera Frooma nie wiele sobie z tego robi i konsekwentnie realizuje plan obrony tytu\u0142u Gerainta Thomasa. Na ostatni przed dniem wolnym etapie, kiedy to peleton zmaga\u0142 si\u0119 z silnym wiatrem, kwesti\u0105 czasu by\u0142o kiedy wszystko si\u0119 porwie. Pytaniem, na kt\u00f3rego odpowied\u017a musieli\u015bmy troch\u0119 poczeka\u0107, by\u0142o kto pierwszy rozkr\u0119ci wysokie tempo, i kt\u00f3ry wa\u017cny zawodnik klasyfikacji generalnej zgubi si\u0119 w tym chaosie. Ineos wraz z dru\u017cyn\u0105 lidera przycisn\u0119li mocniej na oko\u0142o 40 km do mety i ustawili losy etapu, ale r\u00f3wnie\u017c klasyfikacji generalnej pod swoje dyktando. I niech kto\u015b mi jeszcze raz powie, \u017ce kolarstwo to sport indywidualny, na TDF w pojedynk\u0119 nikt nic nie zrobi.<\/p>\n<p>&nbsp;<\/p>\n<p>Peter Sagan to ikona zielonej koszulki sponsorowanej od lat przez \u0160KOD\u0118. S\u0142owak z niemieckiej dru\u017cyny Bora-Hansgrohe, na co dzie\u0144 dru\u017cynowy kolega Rafa\u0142a Majki, Ma\u0107ka Bodnara i Paw\u0142a Polja\u0144skiego konsekwentnie zbiera punkty by po raz kolejny za\u0142o\u017cy\u0107 Maillot Vert w Pary\u017cu. Peter jak zawsze na Tourze jest w dobrej, ale nie jestem do ko\u0144ca przekonany czy doskona\u0142ej formie. Kilka szans jakby stworzonych dla by\u0142ego Mistrza \u015awiata nie zosta\u0142o przeze\u0144 wykorzystanych, lepsi okazywali si\u0119 Wout van Aert, Dylan Groenewegen, Elia Viviani czy Mike Teunissen, kt\u00f3ry po pierwszym etapie za\u0142o\u017cy\u0142 \u017c\u00f3\u0142t\u0105 koszulk\u0119 lidera. Aktualnie Sagan ma na swoim koncie 229 punkt\u00f3w, drugi Michael Matthews 167, a trzeci Elia Viviani 153.<\/p>\n<p>Po dziesi\u0119ciu dniach \u015bcigania Alaphilippe wyprzedza o 1 minut\u0119 i 12 sekund Thomasa oraz o 4 sekundy wi\u0119cej Egana Bernala z Team Ineos. Warte odnotowania s\u0105 wysokie miejsca zawodnik\u00f3w takich jak Emanuel Buchmann (Bora-Hansgrohe) 1:45 straty, Eric Mas (Deceuninck-Quick Step) 1:46, Nairo Quintana (Movistar Team) 2:04 czy wreszcie czwarty w generalce Steven Kruijswijk (Jumbo-Visma) notuj\u0105cy strat\u0119 1:27. Wi\u0119ksze straty, ale nie bez szansy na powr\u00f3t do top 5 wy\u015bcigu maj\u0105 ca\u0142y czas Pinot, Uran, Bardet i Fuglsang. Wydaje mi si\u0119, \u017ce bezpowrotnie zapomnie\u0107 o dobrym wyniku mog\u0105 ju\u017c takie asy jak Richie Porte, Mikel Landa, Bauke Mollema, Fabio Aru oraz jego rodak Vincenzo Nibali z dru\u017cyny Bahrain-Merida.<\/p>\n<figure id=\"attachment_9369\" aria-describedby=\"caption-attachment-9369\" style=\"width: 1000px\" class=\"wp-caption aligncenter\"><img loading=\"lazy\" decoding=\"async\" class=\"size-full wp-image-9369\" src=\"https:\/\/d2p6e6u75xmxt8.cloudfront.net\/5\/2019\/07\/b189b.jpg\" alt=\"\" width=\"1000\" height=\"667\" srcset=\"https:\/\/d2p6e6u75xmxt8.cloudfront.net\/5\/2019\/07\/b189b.jpg 1000w, https:\/\/d2p6e6u75xmxt8.cloudfront.net\/5\/2019\/07\/b189b-300x200.jpg 300w, https:\/\/d2p6e6u75xmxt8.cloudfront.net\/5\/2019\/07\/b189b-768x512.jpg 768w, https:\/\/d2p6e6u75xmxt8.cloudfront.net\/5\/2019\/07\/b189b-272x182.jpg 272w\" sizes=\"auto, (max-width: 1000px) 100vw, 1000px\" \/><figcaption id=\"caption-attachment-9369\" class=\"wp-caption-text\">Tour de France 2019 &#8211; 15\/07\/2019 &#8211; Etape 10 &#8211; Saint-Flour \/ Albi (217,5Km) &#8211; 171 coureurs au d\u00e9part. Aucun non partant. \u00a9 A.S.O.\/Pauline BALLET<\/figcaption><\/figure>\n<p>I to w\u0142a\u015bnie te ostatnie nazwiska powinny przysporzy\u0107 nam wiele emocji na kolejnych, ale szczeg\u00f3lnie tych g\u00f3rskich etapach. Nie wydaje mi si\u0119 \u017ceby taki Nibali, chcia\u0142 z Francji wyjecha\u0107 bez etapowego triumfu. Taki uk\u0142ad si\u0142 w peletonie daje nam nadziej\u0119 na bardzo ciekawy przebieg rywalizacji na kolejnych etapach. By\u0107 mo\u017ce b\u0119dziemy cz\u0119\u015bciej obserwowa\u0107 dwa wy\u015bcigi w jednym. Wy\u015bcig o wygranie etapu oraz wy\u015bcig o wygranie ca\u0142ego Tour de France. Do tego pi\u0119kne widoki, wzloty i upadki naszych faworyt\u00f3w. To ca\u0142e pi\u0119kno kolarstwa ca\u0142y czas przed nami. Do 28 Lipca emocje gwarantowane.<\/p>\n<p><span data-sheets-value=\"{&quot;1&quot;:2,&quot;2&quot;:&quot;Artyku\u0142 powsta\u0142 we wsp\u00f3\u0142pracy ze skoda-auto.pl&quot;}\" data-sheets-userformat=\"{&quot;2&quot;:1,&quot;3&quot;:{&quot;1&quot;:0}}\"><a href=\"http:\/\/www.skoda-auto.pl\/\">Artyku\u0142 powsta\u0142 we wsp\u00f3\u0142pracy ze skoda-auto.pl<\/a><\/span><\/p>\n","protected":false},"excerpt":{"rendered":"<p>Za nami 10 dni najwi\u0119kszego i najbardziej presti\u017cowego etapowego wy\u015bcigu kolarskiego \u015awiata. Cho\u0107 kolarze nie wjechali jeszcze w wyj\u0105tkowo widowiskowy [&hellip;]<\/p>\n","protected":false},"author":76,"featured_media":9369,"comment_status":"open","ping_status":"open","sticky":false,"template":"","format":"standard","meta":{"footnotes":""},"categories":[203,300],"tags":[],"global-categories":[],"class_list":["post-9371","post","type-post","status-publish","format-standard","has-post-thumbnail","hentry","category-bartosz-huzarski","category-tour-de-france-2019"],"yoast_head":"<!-- This site is optimized with the Yoast SEO Premium plugin v25.3 (Yoast SEO v25.9) - https:\/\/yoast.com\/wordpress\/plugins\/seo\/ -->\n<title>Bartosz Huzarski: Podsumowanie pierwszych 10 dni Tour de France - \u0160koda We Love Cycling - Poland<\/title>\n<meta name=\"robots\" content=\"index, follow, max-snippet:-1, max-image-preview:large, max-video-preview:-1\" \/>\n<link rel=\"canonical\" href=\"https:\/\/www.welovecycling.com\/pl\/2019\/07\/17\/bartosz-huzarski-podsumowanie-pierwszych-10-dni-tour-de-france-2\/\" \/>\n<meta property=\"og:locale\" content=\"pl_PL\" \/>\n<meta property=\"og:type\" content=\"article\" \/>\n<meta property=\"og:title\" content=\"Bartosz Huzarski: Podsumowanie pierwszych 10 dni Tour de France\" \/>\n<meta property=\"og:description\" content=\"Za nami 10 dni najwi\u0119kszego i najbardziej presti\u017cowego etapowego wy\u015bcigu kolarskiego \u015awiata. Cho\u0107 kolarze nie wjechali jeszcze w wyj\u0105tkowo widowiskowy [&hellip;]\" \/>\n<meta property=\"og:url\" content=\"https:\/\/www.welovecycling.com\/pl\/2019\/07\/17\/bartosz-huzarski-podsumowanie-pierwszych-10-dni-tour-de-france-2\/\" \/>\n<meta property=\"og:site_name\" content=\"\u0160koda We Love Cycling - Poland\" \/>\n<meta property=\"article:published_time\" content=\"2019-07-17T07:50:16+00:00\" \/>\n<meta property=\"og:image\" content=\"https:\/\/d2p6e6u75xmxt8.cloudfront.net\/5\/2019\/07\/b189b.jpg\" \/>\n\t<meta property=\"og:image:width\" content=\"1000\" \/>\n\t<meta property=\"og:image:height\" content=\"667\" \/>\n\t<meta property=\"og:image:type\" content=\"image\/jpeg\" \/>\n<meta name=\"author\" content=\"piotrboczkowski\" \/>\n<meta name=\"twitter:card\" content=\"summary_large_image\" \/>\n<meta name=\"twitter:label1\" content=\"Written by\" \/>\n\t<meta name=\"twitter:data1\" content=\"Bartosz Huzarski\" \/>\n\t<meta name=\"twitter:label2\" content=\"Est. reading time\" \/>\n\t<meta name=\"twitter:data2\" content=\"5\" \/>\n<script type=\"application\/ld+json\" class=\"yoast-schema-graph\">{\"@context\":\"https:\/\/schema.org\",\"@graph\":[{\"@type\":\"WebPage\",\"@id\":\"https:\/\/www.welovecycling.com\/pl\/2019\/07\/17\/bartosz-huzarski-podsumowanie-pierwszych-10-dni-tour-de-france-2\/\",\"url\":\"https:\/\/www.welovecycling.com\/pl\/2019\/07\/17\/bartosz-huzarski-podsumowanie-pierwszych-10-dni-tour-de-france-2\/\",\"name\":\"Bartosz Huzarski: Podsumowanie pierwszych 10 dni Tour de France - \u0160koda We Love Cycling - Poland\",\"isPartOf\":{\"@id\":\"https:\/\/www.welovecycling.com\/pl\/#website\"},\"primaryImageOfPage\":{\"@id\":\"https:\/\/www.welovecycling.com\/pl\/2019\/07\/17\/bartosz-huzarski-podsumowanie-pierwszych-10-dni-tour-de-france-2\/#primaryimage\"},\"image\":{\"@id\":\"https:\/\/www.welovecycling.com\/pl\/2019\/07\/17\/bartosz-huzarski-podsumowanie-pierwszych-10-dni-tour-de-france-2\/#primaryimage\"},\"thumbnailUrl\":\"https:\/\/d2p6e6u75xmxt8.cloudfront.net\/5\/2019\/07\/b189b.jpg\",\"datePublished\":\"2019-07-17T07:50:16+00:00\",\"author\":{\"@id\":\"https:\/\/www.welovecycling.com\/pl\/#\/schema\/person\/0dba2d39da943db9df3fd8f4687e7f23\"},\"breadcrumb\":{\"@id\":\"https:\/\/www.welovecycling.com\/pl\/2019\/07\/17\/bartosz-huzarski-podsumowanie-pierwszych-10-dni-tour-de-france-2\/#breadcrumb\"},\"inLanguage\":\"pl-PL\",\"potentialAction\":[{\"@type\":\"ReadAction\",\"target\":[\"https:\/\/www.welovecycling.com\/pl\/2019\/07\/17\/bartosz-huzarski-podsumowanie-pierwszych-10-dni-tour-de-france-2\/\"]}]},{\"@type\":\"ImageObject\",\"inLanguage\":\"pl-PL\",\"@id\":\"https:\/\/www.welovecycling.com\/pl\/2019\/07\/17\/bartosz-huzarski-podsumowanie-pierwszych-10-dni-tour-de-france-2\/#primaryimage\",\"url\":\"https:\/\/d2p6e6u75xmxt8.cloudfront.net\/5\/2019\/07\/b189b.jpg\",\"contentUrl\":\"https:\/\/d2p6e6u75xmxt8.cloudfront.net\/5\/2019\/07\/b189b.jpg\",\"width\":1000,\"height\":667,\"caption\":\"Tour de France 2019 - 15\/07\/2019 - Etape 10 - Saint-Flour \/ Albi (217,5Km) - 171 coureurs au d\u00e9part. Aucun non partant. \u00a9 A.S.O.\/Pauline BALLET\"},{\"@type\":\"BreadcrumbList\",\"@id\":\"https:\/\/www.welovecycling.com\/pl\/2019\/07\/17\/bartosz-huzarski-podsumowanie-pierwszych-10-dni-tour-de-france-2\/#breadcrumb\",\"itemListElement\":[{\"@type\":\"ListItem\",\"position\":1,\"name\":\"Home\",\"item\":\"https:\/\/www.welovecycling.com\/pl\/\"},{\"@type\":\"ListItem\",\"position\":2,\"name\":\"Bartosz Huzarski: Podsumowanie pierwszych 10 dni Tour de France\"}]},{\"@type\":\"WebSite\",\"@id\":\"https:\/\/www.welovecycling.com\/pl\/#website\",\"url\":\"https:\/\/www.welovecycling.com\/pl\/\",\"name\":\"\u0160koda We Love Cycling - Poland\",\"description\":\"\",\"potentialAction\":[{\"@type\":\"SearchAction\",\"target\":{\"@type\":\"EntryPoint\",\"urlTemplate\":\"https:\/\/www.welovecycling.com\/pl\/?s={search_term_string}\"},\"query-input\":{\"@type\":\"PropertyValueSpecification\",\"valueRequired\":true,\"valueName\":\"search_term_string\"}}],\"inLanguage\":\"pl-PL\"},{\"@type\":\"Person\",\"@id\":\"https:\/\/www.welovecycling.com\/pl\/#\/schema\/person\/0dba2d39da943db9df3fd8f4687e7f23\",\"name\":\"piotrboczkowski\",\"image\":{\"@type\":\"ImageObject\",\"inLanguage\":\"pl-PL\",\"@id\":\"https:\/\/www.welovecycling.com\/pl\/#\/schema\/person\/image\/\",\"url\":\"https:\/\/secure.gravatar.com\/avatar\/533caccae14752e03a2ce2d3fd62d1b98b93e1393c3195c27819e53344ca1ace?s=96&d=mm&r=g\",\"contentUrl\":\"https:\/\/secure.gravatar.com\/avatar\/533caccae14752e03a2ce2d3fd62d1b98b93e1393c3195c27819e53344ca1ace?s=96&d=mm&r=g\",\"caption\":\"piotrboczkowski\"},\"url\":\"https:\/\/www.welovecycling.com\/pl\/author\/piotrboczkowski\/\"}]}<\/script>\n<!-- \/ Yoast SEO Premium plugin. -->","yoast_head_json":{"title":"Bartosz Huzarski: Podsumowanie pierwszych 10 dni Tour de France - \u0160koda We Love Cycling - Poland","robots":{"index":"index","follow":"follow","max-snippet":"max-snippet:-1","max-image-preview":"max-image-preview:large","max-video-preview":"max-video-preview:-1"},"canonical":"https:\/\/www.welovecycling.com\/pl\/2019\/07\/17\/bartosz-huzarski-podsumowanie-pierwszych-10-dni-tour-de-france-2\/","og_locale":"pl_PL","og_type":"article","og_title":"Bartosz Huzarski: Podsumowanie pierwszych 10 dni Tour de France","og_description":"Za nami 10 dni najwi\u0119kszego i najbardziej presti\u017cowego etapowego wy\u015bcigu kolarskiego \u015awiata. Cho\u0107 kolarze nie wjechali jeszcze w wyj\u0105tkowo widowiskowy [&hellip;]","og_url":"https:\/\/www.welovecycling.com\/pl\/2019\/07\/17\/bartosz-huzarski-podsumowanie-pierwszych-10-dni-tour-de-france-2\/","og_site_name":"\u0160koda We Love Cycling - Poland","article_published_time":"2019-07-17T07:50:16+00:00","og_image":[{"width":1000,"height":667,"url":"https:\/\/d2p6e6u75xmxt8.cloudfront.net\/5\/2019\/07\/b189b.jpg","type":"image\/jpeg"}],"author":"piotrboczkowski","twitter_card":"summary_large_image","twitter_misc":{"Written by":"Bartosz Huzarski","Est. reading time":"5"},"schema":{"@context":"https:\/\/schema.org","@graph":[{"@type":"WebPage","@id":"https:\/\/www.welovecycling.com\/pl\/2019\/07\/17\/bartosz-huzarski-podsumowanie-pierwszych-10-dni-tour-de-france-2\/","url":"https:\/\/www.welovecycling.com\/pl\/2019\/07\/17\/bartosz-huzarski-podsumowanie-pierwszych-10-dni-tour-de-france-2\/","name":"Bartosz Huzarski: Podsumowanie pierwszych 10 dni Tour de France - \u0160koda We Love Cycling - Poland","isPartOf":{"@id":"https:\/\/www.welovecycling.com\/pl\/#website"},"primaryImageOfPage":{"@id":"https:\/\/www.welovecycling.com\/pl\/2019\/07\/17\/bartosz-huzarski-podsumowanie-pierwszych-10-dni-tour-de-france-2\/#primaryimage"},"image":{"@id":"https:\/\/www.welovecycling.com\/pl\/2019\/07\/17\/bartosz-huzarski-podsumowanie-pierwszych-10-dni-tour-de-france-2\/#primaryimage"},"thumbnailUrl":"https:\/\/d2p6e6u75xmxt8.cloudfront.net\/5\/2019\/07\/b189b.jpg","datePublished":"2019-07-17T07:50:16+00:00","author":{"@id":"https:\/\/www.welovecycling.com\/pl\/#\/schema\/person\/0dba2d39da943db9df3fd8f4687e7f23"},"breadcrumb":{"@id":"https:\/\/www.welovecycling.com\/pl\/2019\/07\/17\/bartosz-huzarski-podsumowanie-pierwszych-10-dni-tour-de-france-2\/#breadcrumb"},"inLanguage":"pl-PL","potentialAction":[{"@type":"ReadAction","target":["https:\/\/www.welovecycling.com\/pl\/2019\/07\/17\/bartosz-huzarski-podsumowanie-pierwszych-10-dni-tour-de-france-2\/"]}]},{"@type":"ImageObject","inLanguage":"pl-PL","@id":"https:\/\/www.welovecycling.com\/pl\/2019\/07\/17\/bartosz-huzarski-podsumowanie-pierwszych-10-dni-tour-de-france-2\/#primaryimage","url":"https:\/\/d2p6e6u75xmxt8.cloudfront.net\/5\/2019\/07\/b189b.jpg","contentUrl":"https:\/\/d2p6e6u75xmxt8.cloudfront.net\/5\/2019\/07\/b189b.jpg","width":1000,"height":667,"caption":"Tour de France 2019 - 15\/07\/2019 - Etape 10 - Saint-Flour \/ Albi (217,5Km) - 171 coureurs au d\u00e9part. Aucun non partant. \u00a9 A.S.O.\/Pauline BALLET"},{"@type":"BreadcrumbList","@id":"https:\/\/www.welovecycling.com\/pl\/2019\/07\/17\/bartosz-huzarski-podsumowanie-pierwszych-10-dni-tour-de-france-2\/#breadcrumb","itemListElement":[{"@type":"ListItem","position":1,"name":"Home","item":"https:\/\/www.welovecycling.com\/pl\/"},{"@type":"ListItem","position":2,"name":"Bartosz Huzarski: Podsumowanie pierwszych 10 dni Tour de France"}]},{"@type":"WebSite","@id":"https:\/\/www.welovecycling.com\/pl\/#website","url":"https:\/\/www.welovecycling.com\/pl\/","name":"\u0160koda We Love Cycling - Poland","description":"","potentialAction":[{"@type":"SearchAction","target":{"@type":"EntryPoint","urlTemplate":"https:\/\/www.welovecycling.com\/pl\/?s={search_term_string}"},"query-input":{"@type":"PropertyValueSpecification","valueRequired":true,"valueName":"search_term_string"}}],"inLanguage":"pl-PL"},{"@type":"Person","@id":"https:\/\/www.welovecycling.com\/pl\/#\/schema\/person\/0dba2d39da943db9df3fd8f4687e7f23","name":"piotrboczkowski","image":{"@type":"ImageObject","inLanguage":"pl-PL","@id":"https:\/\/www.welovecycling.com\/pl\/#\/schema\/person\/image\/","url":"https:\/\/secure.gravatar.com\/avatar\/533caccae14752e03a2ce2d3fd62d1b98b93e1393c3195c27819e53344ca1ace?s=96&d=mm&r=g","contentUrl":"https:\/\/secure.gravatar.com\/avatar\/533caccae14752e03a2ce2d3fd62d1b98b93e1393c3195c27819e53344ca1ace?s=96&d=mm&r=g","caption":"piotrboczkowski"},"url":"https:\/\/www.welovecycling.com\/pl\/author\/piotrboczkowski\/"}]}},"_links":{"self":[{"href":"https:\/\/www.welovecycling.com\/pl\/wp-json\/wp\/v2\/posts\/9371","targetHints":{"allow":["GET"]}}],"collection":[{"href":"https:\/\/www.welovecycling.com\/pl\/wp-json\/wp\/v2\/posts"}],"about":[{"href":"https:\/\/www.welovecycling.com\/pl\/wp-json\/wp\/v2\/types\/post"}],"author":[{"embeddable":true,"href":"https:\/\/www.welovecycling.com\/pl\/wp-json\/wp\/v2\/users\/76"}],"replies":[{"embeddable":true,"href":"https:\/\/www.welovecycling.com\/pl\/wp-json\/wp\/v2\/comments?post=9371"}],"version-history":[{"count":1,"href":"https:\/\/www.welovecycling.com\/pl\/wp-json\/wp\/v2\/posts\/9371\/revisions"}],"predecessor-version":[{"id":9372,"href":"https:\/\/www.welovecycling.com\/pl\/wp-json\/wp\/v2\/posts\/9371\/revisions\/9372"}],"wp:featuredmedia":[{"embeddable":true,"href":"https:\/\/www.welovecycling.com\/pl\/wp-json\/wp\/v2\/media\/9369"}],"wp:attachment":[{"href":"https:\/\/www.welovecycling.com\/pl\/wp-json\/wp\/v2\/media?parent=9371"}],"wp:term":[{"taxonomy":"category","embeddable":true,"href":"https:\/\/www.welovecycling.com\/pl\/wp-json\/wp\/v2\/categories?post=9371"},{"taxonomy":"post_tag","embeddable":true,"href":"https:\/\/www.welovecycling.com\/pl\/wp-json\/wp\/v2\/tags?post=9371"},{"taxonomy":"global-categories","embeddable":true,"href":"https:\/\/www.welovecycling.com\/pl\/wp-json\/wp\/v2\/global-categories?post=9371"}],"curies":[{"name":"wp","href":"https:\/\/api.w.org\/{rel}","templated":true}]}}