{"id":9361,"date":"2019-07-16T07:21:36","date_gmt":"2019-07-16T07:21:36","guid":{"rendered":"https:\/\/www.welovecycling.com\/pl\/?p=9361"},"modified":"2019-07-16T07:22:38","modified_gmt":"2019-07-16T07:22:38","slug":"najnowsza-technologia-wkracza-na-tour-de-france","status":"publish","type":"post","link":"https:\/\/www.welovecycling.com\/pl\/2019\/07\/16\/najnowsza-technologia-wkracza-na-tour-de-france\/","title":{"rendered":"Najnowsza technologia wkracza na Tour de France"},"content":{"rendered":"<p><strong>Na met\u0119 wpadli niemal r\u00f3wnocze\u015bnie. Jeden z podniesionymi r\u0119kami, drugi ze wzrokiem wbitym w rywala. Pogodzi\u0142a ich dopiero\u2026 fotokom\u00f3rka. Wout van Aert i Elia Viviani stoczyli pi\u0119kny b\u00f3j na finiszu 10. etapu Tour de France, zwyci\u0119zc\u0105 okaza\u0142 si\u0119 ten pierwszy.<\/strong><\/p>\n<p>To ten moment wy\u015bcigu, gdy do gry wchodzi najnowsza technologia. B\u0142ysk szprychy, grubo\u015b\u0107 gumy, szybko\u015b\u0107 wypchni\u0119cia roweru \u2013 to wszystko sprawia, \u017ce kolarstwu nie da si\u0119 zarzuci\u0107 braku emocji. Szczeg\u00f3lnie, gdy finisz wygl\u0105da tak, jak na 10. etapie.<\/p>\n<figure id=\"attachment_9364\" aria-describedby=\"caption-attachment-9364\" style=\"width: 1000px\" class=\"wp-caption aligncenter\"><img loading=\"lazy\" decoding=\"async\" class=\"size-full wp-image-9364\" src=\"https:\/\/d2p6e6u75xmxt8.cloudfront.net\/5\/2019\/07\/3a425.jpg\" alt=\"\" width=\"1000\" height=\"666\" srcset=\"https:\/\/d2p6e6u75xmxt8.cloudfront.net\/5\/2019\/07\/3a425.jpg 1000w, https:\/\/d2p6e6u75xmxt8.cloudfront.net\/5\/2019\/07\/3a425-300x200.jpg 300w, https:\/\/d2p6e6u75xmxt8.cloudfront.net\/5\/2019\/07\/3a425-768x511.jpg 768w, https:\/\/d2p6e6u75xmxt8.cloudfront.net\/5\/2019\/07\/3a425-272x182.jpg 272w\" sizes=\"auto, (max-width: 1000px) 100vw, 1000px\" \/><figcaption id=\"caption-attachment-9364\" class=\"wp-caption-text\">Tour de France 2019 &#8211; 15\/07\/2019 &#8211; Etape 10 &#8211; Saint-Flour \/ Albi (217,5Km) &#8211; Wout VAN AERT (TEAM JUMBO &#8211; VISMA) &#8211; Vainqueur de l&#8217;\u00e9tape 10 \u00a9 A.S.O.\/Pauline BALLET<\/figcaption><\/figure>\n<p><span style=\"font-size: 18pt;\"><strong>Emocje przed monitorami<\/strong><\/span><\/p>\n<p>Po blisko pi\u0119ciu godzinach czekania, na ostatniej prostej wy\u0142oni\u0142a si\u0119 grupa kolarzy, kt\u00f3ra mkn\u0119\u0142a jak wataha wyg\u0142odnia\u0142ych wilk\u00f3w. Najpierw zacz\u0119\u0142y si\u0119 taktyczne rozgrywki, ale p\u00f3\u017aniej na kalkulowanie nie by\u0142o ju\u017c ani miejsca, ani czasu.<\/p>\n<p>&#8211; Id\u0105 ca\u0142\u0105 \u0142aw\u0105, schodz\u0105 bardzo niziutko. I kto b\u0119dzie pierwszy? Kto b\u0119dzie pierwszy? \u2013 emocjonowali si\u0119 komentatorzy Eurosportu.<\/p>\n<p>Lini\u0119 mety z podniesionymi r\u0119kami min\u0105\u0142 Wout van Aert (Jumbo &#8211; Visma), ale w\u00f3wczas nie by\u0142 jeszcze pewny, czy to na pewno on wygra\u0142, bo na finiszu jecha\u0142 ko\u0142o w ko\u0142o z Eli\u0105 Vivianim (Deceuninck &#8211; Quick &#8211; Step). W\u0142och wbi\u0142 wzrok w van Aerta, jakby przeczuwa\u0142, \u017ce okaza\u0142 si\u0119 minimalnie s\u0142abszy, ale wszyscy czekali na komputerow\u0105 weryfikacj\u0119.<\/p>\n<p>W ko\u0144cu na monitorach pokaza\u0142a si\u0119 taka grafika:<\/p>\n<div class=\"embed-controller-wrapper\">\n<blockquote class=\"twitter-tweet\" data-width=\"500\" data-dnt=\"true\">\n<p lang=\"fr\" dir=\"ltr\">\ud83d\udcf8 \u00c7a se joue \u00e0 peu de choses&#8230; \ud83d\udd0d<a href=\"https:\/\/twitter.com\/hashtag\/TDF2019?src=hash&amp;ref_src=twsrc%5Etfw\">#TDF2019<\/a> <a href=\"https:\/\/t.co\/jGjkQxCBm2\">pic.twitter.com\/jGjkQxCBm2<\/a><\/p>\n<p>&mdash; Maillot Jaune LCL (@MaillotjauneLCL) <a href=\"https:\/\/twitter.com\/MaillotjauneLCL\/status\/1150787208422600704?ref_src=twsrc%5Etfw\">July 15, 2019<\/a><\/p><\/blockquote>\n<p><script async data-src=\"https:\/\/platform.twitter.com\/widgets.js\" charset=\"utf-8\"><\/script><\/div>\n<p>W jednej chwili van Aert wpad\u0142 w zwyci\u0119ski sza\u0142. Podobnie jak cz\u0142onkowie jego ekipy, kt\u00f3rzy o ma\u0142y w\u0142os nie roznie\u015bli autokaru Jumbo &#8211; Vismy<\/p>\n<div class=\"embed-controller-wrapper\">\n<blockquote class=\"twitter-tweet\" data-width=\"500\" data-dnt=\"true\">\n<p lang=\"en\" dir=\"ltr\">\ud83c\uddeb\ud83c\uddf7 <a href=\"https:\/\/twitter.com\/hashtag\/TDF2019?src=hash&amp;ref_src=twsrc%5Etfw\">#TDF2019<\/a><\/p>\n<p>Explosion of emotions\ud83e\udd2f\ud83d\ude01 <a href=\"https:\/\/t.co\/9B821aapND\">pic.twitter.com\/9B821aapND<\/a><\/p>\n<p>&mdash; Team Visma | Lease a Bike (@vismaleaseabike) <a href=\"https:\/\/twitter.com\/vismaleaseabike\/status\/1150818094711021569?ref_src=twsrc%5Etfw\">July 15, 2019<\/a><\/p><\/blockquote>\n<p><script async data-src=\"https:\/\/platform.twitter.com\/widgets.js\" charset=\"utf-8\"><\/script><\/div>\n<p><span style=\"font-size: 18pt;\"><strong>\u201eTo \u015bwietne uczucie\u201d<\/strong><\/span><\/p>\n<p>&#8211; Wszystko w tym wy\u015bcigu wydawa\u0142o si\u0119 uk\u0142ada\u0107 pode mnie. Finisz zacz\u0105\u0142em z do\u015b\u0107 daleka, ale moc pokaza\u0142 tak\u017ce Viviani. Na koniec by\u0142em jednak g\u00f3r\u0105, co tylko pokazuje, jak mocny mamy zesp\u00f3\u0142 \u2013 cieszy\u0142 si\u0119 na mecie van Aert.<\/p>\n<p>Zwyci\u0119stwo Belga jest tym bardziej zaskakuj\u0105ce, \u017ce dopiero zaczyna on na powa\u017cnie \u015bciga\u0107 si\u0119 z profesjonalistami. To jego pierwszy Tour de France w karierze, ale ju\u017c teraz jest pewne, \u017ce zapami\u0119ta go do ko\u0144ca \u017cycia.<\/p>\n<p>&#8211; Nie mog\u0119 w to uwierzy\u0107, zwyci\u0119stwo w Wielkiej P\u0119tli to \u015bwietne uczucie. 10 dni jad\u0119 w tym wy\u015bcigu i ju\u017c widz\u0119, jak jest wspania\u0142y \u2013 emocjonowa\u0142 si\u0119 van Aert.<\/p>\n<p><span style=\"font-size: 18pt;\"><strong>Relaks i czas na g\u00f3ry<\/strong><\/span><\/p>\n<p>W Jumbo &#8211; Visma \u015bwi\u0119tuj\u0105 ju\u017c czwarte zwyci\u0119stwo w tegorocznej Wielkiej P\u0119tli, ale rado\u015b\u0107 panuje tak\u017ce w ca\u0142ej Francji. Pow\u00f3d? Liderem klasyfikacji generalnej ca\u0142y czas jest Julian Alaphilippe (Deceuninck &#8211; Quick &#8211; Step). Zmian nie ma tak\u017ce w klasyfikacji punktowej (sponsorowanej przez \u0160KOD\u0118), w kt\u00f3rej prowadzi\u00a0 Peter Sagan (Bora &#8211; Hansgrohe), oraz w g\u00f3rskiej, gdzie najlepszy jest Tim Wellens (Lotto Soudal). Z kolei koszulk\u0119 dla najlepszego m\u0142odzie\u017cowca po 10. etapie przej\u0105\u0142 Egan Bernal (Team Ineos).<\/p>\n<p>Ten uk\u0142ad dzi\u015b na pewno si\u0119 nie zmieni, bo wtorek jest dniem przerwy. Kolarzom oddech si\u0119 przyda, bo p\u00f3\u017aniej zaczyna si\u0119 ju\u017c mordercza przeprawa przez g\u00f3ry.<\/p>\n<p><strong>Klasyfikacja generalna po 10. etapie Tour de France:<\/strong><\/p>\n<ol>\n<li>Julian Alaphilippe (Deceuninck-Quick Step) 43:27.15<\/li>\n<li>Geraint Thomas (Team Ineos) +1.12<\/li>\n<li>Egan Bernal (Team Ineos) +1.16<\/li>\n<\/ol>\n<hr \/>\n<p>46. Micha\u0142 Kwiatkowski (Team INEOS) +27.17<\/p>\n<p>136. \u0141ukasz Wi\u015bniowski (CCC Team) +1:27.51<\/p>\n<style type=\"text\/css\"><!--td {border: 1px solid #ccc;}br {mso-data-placement:same-cell;}--><\/style>\n<p><span data-sheets-value=\"{&quot;1&quot;:2,&quot;2&quot;:&quot;Artyku\u0142 powsta\u0142 we wsp\u00f3\u0142pracy ze skoda-auto.pl&quot;}\" data-sheets-userformat=\"{&quot;2&quot;:1,&quot;3&quot;:{&quot;1&quot;:0}}\"><a class=\"in-cell-link\" href=\"http:\/\/www.skoda-auto.pl\/\" target=\"_blank\" rel=\"noopener\">Artyku\u0142 powsta\u0142 we wsp\u00f3\u0142pracy ze skoda-auto.pl<\/a><\/span><\/p>\n","protected":false},"excerpt":{"rendered":"<p>Na met\u0119 wpadli niemal r\u00f3wnocze\u015bnie. Jeden z podniesionymi r\u0119kami, drugi ze wzrokiem wbitym w rywala. Pogodzi\u0142a ich dopiero\u2026 fotokom\u00f3rka. Wout [&hellip;]<\/p>\n","protected":false},"author":76,"featured_media":9364,"comment_status":"open","ping_status":"open","sticky":false,"template":"","format":"standard","meta":{"footnotes":""},"categories":[300],"tags":[],"global-categories":[],"class_list":["post-9361","post","type-post","status-publish","format-standard","has-post-thumbnail","hentry","category-tour-de-france-2019"],"yoast_head":"<!-- This site is optimized with the Yoast SEO Premium plugin v25.3 (Yoast SEO v25.9) - https:\/\/yoast.com\/wordpress\/plugins\/seo\/ -->\n<title>Najnowsza technologia wkracza na Tour de France - \u0160koda We Love Cycling - Poland<\/title>\n<meta name=\"robots\" content=\"index, follow, max-snippet:-1, max-image-preview:large, max-video-preview:-1\" \/>\n<link rel=\"canonical\" href=\"https:\/\/www.welovecycling.com\/pl\/2019\/07\/16\/najnowsza-technologia-wkracza-na-tour-de-france\/\" \/>\n<meta property=\"og:locale\" content=\"pl_PL\" \/>\n<meta property=\"og:type\" content=\"article\" \/>\n<meta property=\"og:title\" content=\"Najnowsza technologia wkracza na Tour de France\" \/>\n<meta property=\"og:description\" content=\"Na met\u0119 wpadli niemal r\u00f3wnocze\u015bnie. Jeden z podniesionymi r\u0119kami, drugi ze wzrokiem wbitym w rywala. Pogodzi\u0142a ich dopiero\u2026 fotokom\u00f3rka. Wout [&hellip;]\" \/>\n<meta property=\"og:url\" content=\"https:\/\/www.welovecycling.com\/pl\/2019\/07\/16\/najnowsza-technologia-wkracza-na-tour-de-france\/\" \/>\n<meta property=\"og:site_name\" content=\"\u0160koda We Love Cycling - Poland\" \/>\n<meta property=\"article:published_time\" content=\"2019-07-16T07:21:36+00:00\" \/>\n<meta property=\"article:modified_time\" content=\"2019-07-16T07:22:38+00:00\" \/>\n<meta property=\"og:image\" content=\"https:\/\/d2p6e6u75xmxt8.cloudfront.net\/5\/2019\/07\/3a425.jpg\" \/>\n\t<meta property=\"og:image:width\" content=\"1000\" \/>\n\t<meta property=\"og:image:height\" content=\"666\" \/>\n\t<meta property=\"og:image:type\" content=\"image\/jpeg\" \/>\n<meta name=\"author\" content=\"piotrboczkowski\" \/>\n<meta name=\"twitter:card\" content=\"summary_large_image\" \/>\n<meta name=\"twitter:label1\" content=\"Written by\" \/>\n\t<meta name=\"twitter:data1\" content=\"Piotr Nowik\" \/>\n\t<meta name=\"twitter:label2\" content=\"Est. reading time\" \/>\n\t<meta name=\"twitter:data2\" content=\"3 minutes\" \/>\n<script type=\"application\/ld+json\" class=\"yoast-schema-graph\">{\"@context\":\"https:\/\/schema.org\",\"@graph\":[{\"@type\":\"WebPage\",\"@id\":\"https:\/\/www.welovecycling.com\/pl\/2019\/07\/16\/najnowsza-technologia-wkracza-na-tour-de-france\/\",\"url\":\"https:\/\/www.welovecycling.com\/pl\/2019\/07\/16\/najnowsza-technologia-wkracza-na-tour-de-france\/\",\"name\":\"Najnowsza technologia wkracza na Tour de France - \u0160koda We Love Cycling - Poland\",\"isPartOf\":{\"@id\":\"https:\/\/www.welovecycling.com\/pl\/#website\"},\"primaryImageOfPage\":{\"@id\":\"https:\/\/www.welovecycling.com\/pl\/2019\/07\/16\/najnowsza-technologia-wkracza-na-tour-de-france\/#primaryimage\"},\"image\":{\"@id\":\"https:\/\/www.welovecycling.com\/pl\/2019\/07\/16\/najnowsza-technologia-wkracza-na-tour-de-france\/#primaryimage\"},\"thumbnailUrl\":\"https:\/\/d2p6e6u75xmxt8.cloudfront.net\/5\/2019\/07\/3a425.jpg\",\"datePublished\":\"2019-07-16T07:21:36+00:00\",\"dateModified\":\"2019-07-16T07:22:38+00:00\",\"author\":{\"@id\":\"https:\/\/www.welovecycling.com\/pl\/#\/schema\/person\/0dba2d39da943db9df3fd8f4687e7f23\"},\"breadcrumb\":{\"@id\":\"https:\/\/www.welovecycling.com\/pl\/2019\/07\/16\/najnowsza-technologia-wkracza-na-tour-de-france\/#breadcrumb\"},\"inLanguage\":\"pl-PL\",\"potentialAction\":[{\"@type\":\"ReadAction\",\"target\":[\"https:\/\/www.welovecycling.com\/pl\/2019\/07\/16\/najnowsza-technologia-wkracza-na-tour-de-france\/\"]}]},{\"@type\":\"ImageObject\",\"inLanguage\":\"pl-PL\",\"@id\":\"https:\/\/www.welovecycling.com\/pl\/2019\/07\/16\/najnowsza-technologia-wkracza-na-tour-de-france\/#primaryimage\",\"url\":\"https:\/\/d2p6e6u75xmxt8.cloudfront.net\/5\/2019\/07\/3a425.jpg\",\"contentUrl\":\"https:\/\/d2p6e6u75xmxt8.cloudfront.net\/5\/2019\/07\/3a425.jpg\",\"width\":1000,\"height\":666,\"caption\":\"Tour de France 2019 - 15\/07\/2019 - Etape 10 - Saint-Flour \/ Albi (217,5Km) - Wout VAN AERT (TEAM JUMBO - VISMA) - Vainqueur de l'\u00e9tape 10 \u00a9 A.S.O.\/Pauline BALLET\"},{\"@type\":\"BreadcrumbList\",\"@id\":\"https:\/\/www.welovecycling.com\/pl\/2019\/07\/16\/najnowsza-technologia-wkracza-na-tour-de-france\/#breadcrumb\",\"itemListElement\":[{\"@type\":\"ListItem\",\"position\":1,\"name\":\"Home\",\"item\":\"https:\/\/www.welovecycling.com\/pl\/\"},{\"@type\":\"ListItem\",\"position\":2,\"name\":\"Najnowsza technologia wkracza na Tour de France\"}]},{\"@type\":\"WebSite\",\"@id\":\"https:\/\/www.welovecycling.com\/pl\/#website\",\"url\":\"https:\/\/www.welovecycling.com\/pl\/\",\"name\":\"\u0160koda We Love Cycling - Poland\",\"description\":\"\",\"potentialAction\":[{\"@type\":\"SearchAction\",\"target\":{\"@type\":\"EntryPoint\",\"urlTemplate\":\"https:\/\/www.welovecycling.com\/pl\/?s={search_term_string}\"},\"query-input\":{\"@type\":\"PropertyValueSpecification\",\"valueRequired\":true,\"valueName\":\"search_term_string\"}}],\"inLanguage\":\"pl-PL\"},{\"@type\":\"Person\",\"@id\":\"https:\/\/www.welovecycling.com\/pl\/#\/schema\/person\/0dba2d39da943db9df3fd8f4687e7f23\",\"name\":\"piotrboczkowski\",\"image\":{\"@type\":\"ImageObject\",\"inLanguage\":\"pl-PL\",\"@id\":\"https:\/\/www.welovecycling.com\/pl\/#\/schema\/person\/image\/\",\"url\":\"https:\/\/secure.gravatar.com\/avatar\/533caccae14752e03a2ce2d3fd62d1b98b93e1393c3195c27819e53344ca1ace?s=96&d=mm&r=g\",\"contentUrl\":\"https:\/\/secure.gravatar.com\/avatar\/533caccae14752e03a2ce2d3fd62d1b98b93e1393c3195c27819e53344ca1ace?s=96&d=mm&r=g\",\"caption\":\"piotrboczkowski\"},\"url\":\"https:\/\/www.welovecycling.com\/pl\/author\/piotrboczkowski\/\"}]}<\/script>\n<!-- \/ Yoast SEO Premium plugin. -->","yoast_head_json":{"title":"Najnowsza technologia wkracza na Tour de France - \u0160koda We Love Cycling - Poland","robots":{"index":"index","follow":"follow","max-snippet":"max-snippet:-1","max-image-preview":"max-image-preview:large","max-video-preview":"max-video-preview:-1"},"canonical":"https:\/\/www.welovecycling.com\/pl\/2019\/07\/16\/najnowsza-technologia-wkracza-na-tour-de-france\/","og_locale":"pl_PL","og_type":"article","og_title":"Najnowsza technologia wkracza na Tour de France","og_description":"Na met\u0119 wpadli niemal r\u00f3wnocze\u015bnie. Jeden z podniesionymi r\u0119kami, drugi ze wzrokiem wbitym w rywala. Pogodzi\u0142a ich dopiero\u2026 fotokom\u00f3rka. Wout [&hellip;]","og_url":"https:\/\/www.welovecycling.com\/pl\/2019\/07\/16\/najnowsza-technologia-wkracza-na-tour-de-france\/","og_site_name":"\u0160koda We Love Cycling - Poland","article_published_time":"2019-07-16T07:21:36+00:00","article_modified_time":"2019-07-16T07:22:38+00:00","og_image":[{"width":1000,"height":666,"url":"https:\/\/d2p6e6u75xmxt8.cloudfront.net\/5\/2019\/07\/3a425.jpg","type":"image\/jpeg"}],"author":"piotrboczkowski","twitter_card":"summary_large_image","twitter_misc":{"Written by":"Piotr Nowik","Est. reading time":"3 minutes"},"schema":{"@context":"https:\/\/schema.org","@graph":[{"@type":"WebPage","@id":"https:\/\/www.welovecycling.com\/pl\/2019\/07\/16\/najnowsza-technologia-wkracza-na-tour-de-france\/","url":"https:\/\/www.welovecycling.com\/pl\/2019\/07\/16\/najnowsza-technologia-wkracza-na-tour-de-france\/","name":"Najnowsza technologia wkracza na Tour de France - \u0160koda We Love Cycling - Poland","isPartOf":{"@id":"https:\/\/www.welovecycling.com\/pl\/#website"},"primaryImageOfPage":{"@id":"https:\/\/www.welovecycling.com\/pl\/2019\/07\/16\/najnowsza-technologia-wkracza-na-tour-de-france\/#primaryimage"},"image":{"@id":"https:\/\/www.welovecycling.com\/pl\/2019\/07\/16\/najnowsza-technologia-wkracza-na-tour-de-france\/#primaryimage"},"thumbnailUrl":"https:\/\/d2p6e6u75xmxt8.cloudfront.net\/5\/2019\/07\/3a425.jpg","datePublished":"2019-07-16T07:21:36+00:00","dateModified":"2019-07-16T07:22:38+00:00","author":{"@id":"https:\/\/www.welovecycling.com\/pl\/#\/schema\/person\/0dba2d39da943db9df3fd8f4687e7f23"},"breadcrumb":{"@id":"https:\/\/www.welovecycling.com\/pl\/2019\/07\/16\/najnowsza-technologia-wkracza-na-tour-de-france\/#breadcrumb"},"inLanguage":"pl-PL","potentialAction":[{"@type":"ReadAction","target":["https:\/\/www.welovecycling.com\/pl\/2019\/07\/16\/najnowsza-technologia-wkracza-na-tour-de-france\/"]}]},{"@type":"ImageObject","inLanguage":"pl-PL","@id":"https:\/\/www.welovecycling.com\/pl\/2019\/07\/16\/najnowsza-technologia-wkracza-na-tour-de-france\/#primaryimage","url":"https:\/\/d2p6e6u75xmxt8.cloudfront.net\/5\/2019\/07\/3a425.jpg","contentUrl":"https:\/\/d2p6e6u75xmxt8.cloudfront.net\/5\/2019\/07\/3a425.jpg","width":1000,"height":666,"caption":"Tour de France 2019 - 15\/07\/2019 - Etape 10 - Saint-Flour \/ Albi (217,5Km) - Wout VAN AERT (TEAM JUMBO - VISMA) - Vainqueur de l'\u00e9tape 10 \u00a9 A.S.O.\/Pauline BALLET"},{"@type":"BreadcrumbList","@id":"https:\/\/www.welovecycling.com\/pl\/2019\/07\/16\/najnowsza-technologia-wkracza-na-tour-de-france\/#breadcrumb","itemListElement":[{"@type":"ListItem","position":1,"name":"Home","item":"https:\/\/www.welovecycling.com\/pl\/"},{"@type":"ListItem","position":2,"name":"Najnowsza technologia wkracza na Tour de France"}]},{"@type":"WebSite","@id":"https:\/\/www.welovecycling.com\/pl\/#website","url":"https:\/\/www.welovecycling.com\/pl\/","name":"\u0160koda We Love Cycling - Poland","description":"","potentialAction":[{"@type":"SearchAction","target":{"@type":"EntryPoint","urlTemplate":"https:\/\/www.welovecycling.com\/pl\/?s={search_term_string}"},"query-input":{"@type":"PropertyValueSpecification","valueRequired":true,"valueName":"search_term_string"}}],"inLanguage":"pl-PL"},{"@type":"Person","@id":"https:\/\/www.welovecycling.com\/pl\/#\/schema\/person\/0dba2d39da943db9df3fd8f4687e7f23","name":"piotrboczkowski","image":{"@type":"ImageObject","inLanguage":"pl-PL","@id":"https:\/\/www.welovecycling.com\/pl\/#\/schema\/person\/image\/","url":"https:\/\/secure.gravatar.com\/avatar\/533caccae14752e03a2ce2d3fd62d1b98b93e1393c3195c27819e53344ca1ace?s=96&d=mm&r=g","contentUrl":"https:\/\/secure.gravatar.com\/avatar\/533caccae14752e03a2ce2d3fd62d1b98b93e1393c3195c27819e53344ca1ace?s=96&d=mm&r=g","caption":"piotrboczkowski"},"url":"https:\/\/www.welovecycling.com\/pl\/author\/piotrboczkowski\/"}]}},"_links":{"self":[{"href":"https:\/\/www.welovecycling.com\/pl\/wp-json\/wp\/v2\/posts\/9361","targetHints":{"allow":["GET"]}}],"collection":[{"href":"https:\/\/www.welovecycling.com\/pl\/wp-json\/wp\/v2\/posts"}],"about":[{"href":"https:\/\/www.welovecycling.com\/pl\/wp-json\/wp\/v2\/types\/post"}],"author":[{"embeddable":true,"href":"https:\/\/www.welovecycling.com\/pl\/wp-json\/wp\/v2\/users\/76"}],"replies":[{"embeddable":true,"href":"https:\/\/www.welovecycling.com\/pl\/wp-json\/wp\/v2\/comments?post=9361"}],"version-history":[{"count":2,"href":"https:\/\/www.welovecycling.com\/pl\/wp-json\/wp\/v2\/posts\/9361\/revisions"}],"predecessor-version":[{"id":9366,"href":"https:\/\/www.welovecycling.com\/pl\/wp-json\/wp\/v2\/posts\/9361\/revisions\/9366"}],"wp:featuredmedia":[{"embeddable":true,"href":"https:\/\/www.welovecycling.com\/pl\/wp-json\/wp\/v2\/media\/9364"}],"wp:attachment":[{"href":"https:\/\/www.welovecycling.com\/pl\/wp-json\/wp\/v2\/media?parent=9361"}],"wp:term":[{"taxonomy":"category","embeddable":true,"href":"https:\/\/www.welovecycling.com\/pl\/wp-json\/wp\/v2\/categories?post=9361"},{"taxonomy":"post_tag","embeddable":true,"href":"https:\/\/www.welovecycling.com\/pl\/wp-json\/wp\/v2\/tags?post=9361"},{"taxonomy":"global-categories","embeddable":true,"href":"https:\/\/www.welovecycling.com\/pl\/wp-json\/wp\/v2\/global-categories?post=9361"}],"curies":[{"name":"wp","href":"https:\/\/api.w.org\/{rel}","templated":true}]}}