{"id":9352,"date":"2019-07-15T08:42:25","date_gmt":"2019-07-15T08:42:25","guid":{"rendered":"https:\/\/www.welovecycling.com\/pl\/?p=9352"},"modified":"2019-07-15T08:51:29","modified_gmt":"2019-07-15T08:51:29","slug":"spelnione-sny-na-tour-de-france","status":"publish","type":"post","link":"https:\/\/www.welovecycling.com\/pl\/2019\/07\/15\/spelnione-sny-na-tour-de-france\/","title":{"rendered":"Spe\u0142nione sny na Tour de France"},"content":{"rendered":"<p><strong>Tegoroczny Tour de France pisze coraz ciekawsze scenariusze &#8211; zaskakuj\u0105co obdarowuje zwyci\u0119stwami i przydziela zawodnikom coraz ciekawsze role. Na przyk\u0142ad Micha\u0142 Kwiatkowski mo\u017ce \u017ca\u0142owa\u0107, \u017ce podczas Wielkiej P\u0119tli nie ma kategorii dla najlepszego\u2026 serwisanta.<\/strong><\/p>\n<p>Impreza tym lepsza, im wi\u0119cej w niej niespodzianek \u2013 takie has\u0142o przy\u015bwieca organizatorom najwi\u0119kszych sportowych wydarze\u0144 na \u015bwiecie. Nikt bowiem nie lubi karmi\u0107 kolejnymi zwyci\u0119stwami hegemon\u00f3w, za to mile widziane s\u0105 historie jakby wyj\u0119te z ameryka\u0144skich film\u00f3w. Takie ja ta z niedzielnego etapu Tour de France, kt\u00f3rej g\u0142\u00f3wnym bohaterem by\u0142 Daryl Impey.<br \/>\n<span style=\"font-size:18pt;\"><strong>\u201eWszystko wydarzy\u0142o si\u0119 w mgnieniu oka\u201d<\/strong><\/span><\/p>\n<p>W sobot\u0119 zacz\u0119\u0142o si\u0119 \u015bciganie w Masywie Centralnym. Tego dnia sensacji nie by\u0142o \u2013 etap wygra\u0142 Thomas de Gendt, a na szczyt klasyfikacji generalnej wr\u00f3ci\u0142 Julian Alaphilippe.<\/p>\n<p>&#8211; Mia\u0142em dobry dzie\u0144 i do ko\u0144ca wierzy\u0142em w zwyci\u0119stwo. Zadanie wykonane \u2013 cieszy\u0142y si\u0119 de Gendt.<\/p>\n<p>Wykonanie zadania m\u00f3g\u0142 te\u017c zameldowa\u0107 Micha\u0142 Kwiatkowski. Polak ju\u017c w ubieg\u0142orocznym Tour de France doskonale poradzi\u0142 sonie z rol\u0105 pomocnika, gdy niczym anio\u0142 str\u00f3\u017c znalaz\u0142 si\u0119 przy Christopherze Froome i wobec awarii roweru \u015bwietnego kolarza, po\u017cyczy\u0142 mu sw\u00f3j.<\/p>\n<p>Teraz trze\u017awo\u015b\u0107 umys\u0142u Kwiatkowskiego zn\u00f3w zosta\u0142a doceniona, gdy w Team Ineos dosz\u0142o do kraksy. Tym razem Polak wspom\u00f3g\u0142 Gerainta Thomasa, faworyta Tour de France.<\/p>\n<div class=\"embed-controller-wrapper\">\n<blockquote class=\"twitter-tweet\" data-width=\"500\" data-dnt=\"true\">\n<p lang=\"fr\" dir=\"ltr\">\ud83d\udca5 The full effort of @TeamINEOS after their crash! That&#39;s the image of the day of Stage 8!<\/p>\n<p>\ud83d\udca5 Toute la @TeamINEOS ensemble apr\u00e8s leur crash. C&#39;est l&#39;image du jour de l&#39;\u00e9tape 8 !<a href=\"https:\/\/twitter.com\/hashtag\/TDF2019?src=hash&amp;ref_src=twsrc%5Etfw\">#TDF2019<\/a> <a href=\"https:\/\/t.co\/20sVSFxaw0\">pic.twitter.com\/20sVSFxaw0<\/a><\/p>\n<p>&mdash; Tour de France\u2122 (@LeTour) <a href=\"https:\/\/twitter.com\/LeTour\/status\/1150093351942795264?ref_src=twsrc%5Etfw\">July 13, 2019<\/a><\/p><\/blockquote>\n<p><script async data-src=\"https:\/\/platform.twitter.com\/widgets.js\" charset=\"utf-8\"><\/script><\/div>\n<p>\u201eWszystko wydarzy\u0142o si\u0119 w mgnieniu oka, ale ja nie upad\u0142em i dzi\u0119ki temu mog\u0142em szybko za\u0142o\u017cy\u0107 \u0142a\u0144cuch w rowerze Gerainta. B\u0142yskawicznie wr\u00f3ci\u0142 wi\u0119c na rower. Umiej\u0119tno\u015bci mechanika zawsze w cenie\u201d \u2013 napisa\u0142 Kwiatkowski na facebooku, a jeden z kibic\u00f3w trafnie podsumowa\u0142 akcj\u0119 Kwiatkowskiego, pisz\u0105c: \u201eSzybciej ni\u017c pitstop w formule\u201d.<br \/>\n<span style=\"font-size:18pt;\"><strong>Szcz\u0119\u015bcie w narodzie<\/strong><\/span><\/p>\n<p>Z kolei zdj\u0119cia z niedzielnego \u015bcigania pewnie oklej\u0105 mieszkania Daryla Impey\u2019a, a ten fragment wy\u015bcigu przez pokolenia b\u0119dzie w jego rodzinie wy\u015bwietlany podczas najwa\u017cniejszych uroczysto\u015bci.<\/p>\n<div class=\"embed-controller-wrapper\">\n<blockquote class=\"twitter-tweet\" data-width=\"500\" data-dnt=\"true\">\n<p lang=\"en\" dir=\"ltr\">We\u2019re never going to get tired of watching this&#8230; \ud83d\ude0d<a href=\"https:\/\/twitter.com\/darylimpey?ref_src=twsrc%5Etfw\">@darylimpey<\/a> wins stage nine of <a href=\"https:\/\/twitter.com\/hashtag\/TDF2019?src=hash&amp;ref_src=twsrc%5Etfw\">#TDF2019<\/a> \ud83c\uddeb\ud83c\uddf7\ud83d\ude4c <a href=\"https:\/\/t.co\/A5j330DVKZ\">pic.twitter.com\/A5j330DVKZ<\/a><\/p>\n<p>&mdash; GreenEDGE Cycling (@GreenEDGEteam) <a href=\"https:\/\/twitter.com\/GreenEDGEteam\/status\/1150433980879183874?ref_src=twsrc%5Etfw\">July 14, 2019<\/a><\/p><\/blockquote>\n<p><script async data-src=\"https:\/\/platform.twitter.com\/widgets.js\" charset=\"utf-8\"><\/script><\/div>\n<p>Impey ma 35 lat, a w tym wieku zawodnicy zastanawiaj\u0105 si\u0119 ju\u017c raczej: \u201eCo b\u0119d\u0119 robi\u0142 po kolarstwie?!\u201d ni\u017c \u201eCo w tym sporcie mog\u0119 jeszcze osi\u0105gn\u0105\u0107?!\u201d. Tymczasem zawodnik z Republiki Po\u0142udniowej Afryki w\u0142a\u015bnie teraz \u015bwi\u0119tuje sw\u00f3j najwi\u0119kszy sukces w karierze, czyli zwyci\u0119stwo etapowe w Tour de France.<\/p>\n<p>&#8211; Sny si\u0119 spe\u0142ni\u0142y, nie mog\u0119 by\u0107 z siebie bardziej dumny \u2013 stwierdzi\u0142 zawodnik Mitchelton-Scott na mecie.<\/p>\n<p>Impey najpierw uciek\u0142 grupie zawodnik\u00f3w, a p\u00f3\u017aniej pokaza\u0142 moc w bezpo\u015brednim starciu z Tiesjem Benootem (Lotto &#8211; Soudal), kt\u00f3ry zaatakowa\u0142 200 metr\u00f3w przed met\u0105, ale po\u0142udniowoafryka\u0144ski kolarz odpar\u0142 jego szar\u017c\u0119, jakby to by\u0142o pstrykni\u0119cie palcami, a nie ko\u0144cowe metry licz\u0105cego 170 km etapu.<\/p>\n<p>Ze snu na mecie Impey\u2019a pr\u00f3bowali wybudza\u0107 okrzykami i u\u015bciskami koledzy z ekipy, ale kolarz schowa\u0142 twarz w d\u0142oniach i dalej tkwi\u0142 w swoim pi\u0119knym \u015bnie, kt\u00f3ry tym razem okaza\u0142 si\u0119 jednak jaw\u0105.<\/p>\n<p>&#8211; W ko\u0144cu mi si\u0119 uda\u0142o! Wygranie etapu Tour de France to bardzo trudna sztuka, wi\u0119c wiem, \u017ce teraz ca\u0142a rodzina i moi rodacy s\u0105 niezwykle szcz\u0119\u015bliwi \u2013 podkre\u015bla\u0142 na mecie.<br \/>\n<span style=\"font-size:18pt;\"><strong>Ostatnie \u015bciganie przed przerw\u0105<\/strong><\/span><\/p>\n<p>Dzi\u015b 10. etap Tour de France, po kt\u00f3rym eksperci nie spodziewaj\u0105 si\u0119 wywr\u00f3cenia klasyfikacji generalnej, szczeg\u00f3lnie \u017ce nazajutrz zawodnik\u00f3w czeka przerwa. Tyle \u017ce tegoroczne \u015bciganie pokazuje, \u017ce kolarze nawet najnudniej zapowiadaj\u0105cy si\u0119 dzie\u0144 potrafi\u0105 przemieni\u0107 w niesamowit\u0105 histori\u0119.<\/p>\n<p>Pag\u00f3rkowata trasa wiedzie z Saint-Flour do Albi i liczy 217 km. \u2013 Zapowiada si\u0119 walka, by pojecha\u0107 w odjazd, a zawodnicy z czo\u0142\u00f3wki klasyfikacji generalnej b\u0119d\u0105 sobie odpoczywa\u0107 \u2013 m\u00f3wi\u0142 na antenie Eurosportu by\u0142y kolarz Bartosz Huzarski.<\/p>\n<p>Na 10. etap w \u017c\u00f3\u0142tej koszulce lidera wyjedzie Julian Alaphilippe, zielon\u0105 dla najlepszego sprintera (sponsorowan\u0105 przez \u0160KOD\u0118) za\u0142o\u017cy Peter Sagan, z kolei najlepszym g\u00f3ralem na razie jest Tim Wellens, a m\u0142odzie\u017cowcem Giulio Ciccone.<\/p>\n<p><strong>Klasyfikacja generalna po 9. Etapie Tour de France:<\/strong><\/p>\n<ol>\n<li>Julian Alaphilippe (Deceuninck-Quick Step) 38:37.36<\/li>\n<li>Giulio Ciccone (Trek-Segafredo) +0.23<\/li>\n<li>Thibout Pinot (Groupama-FDJ) +0.53<\/li>\n<\/ol>\n<hr>\n<p> 46. Micha\u0142 Kwiatkowski\t(Team INEOS)\t+23.46<br \/>\n130. \u0141ukasz Wi\u015bniowski (CCC Team)\t+1:18.10<\/p>\n<p><span data-sheets-value=\"{\" _22artyku\u0142=\"_1:_22artyku\u0142\" powsta\u0142=\"powsta\u0142\" we=\"we\" wsp\u00f3\u0142pracy=\"wsp\u00f3\u0142pracy\" ze=\"ze\" skoda-auto.pl=\"skoda-auto.pl\" data-sheets-userformat=\"{\" _1310=\"_2:_1310\"><a class=\"in-cell-link\" href=\"http:\/\/www.skoda-auto.pl\/\" target=\"_blank\" rel=\"noopener\">Artyku\u0142 powsta\u0142 we wsp\u00f3\u0142pracy ze skoda-auto.pl<\/a><\/span><\/p>\n","protected":false},"excerpt":{"rendered":"<p>Tegoroczny Tour de France pisze coraz ciekawsze scenariusze &#8211; zaskakuj\u0105co obdarowuje zwyci\u0119stwami i przydziela zawodnikom coraz ciekawsze role. Na przyk\u0142ad [&hellip;]<\/p>\n","protected":false},"author":76,"featured_media":9355,"comment_status":"open","ping_status":"open","sticky":false,"template":"","format":"standard","meta":{"footnotes":""},"categories":[300],"tags":[],"global-categories":[],"class_list":["post-9352","post","type-post","status-publish","format-standard","has-post-thumbnail","hentry","category-tour-de-france-2019"],"yoast_head":"<!-- This site is optimized with the Yoast SEO Premium plugin v25.3 (Yoast SEO v25.9) - https:\/\/yoast.com\/wordpress\/plugins\/seo\/ -->\n<title>Spe\u0142nione sny na Tour de France - \u0160koda We Love Cycling - Poland<\/title>\n<meta name=\"robots\" content=\"index, follow, max-snippet:-1, max-image-preview:large, max-video-preview:-1\" \/>\n<link rel=\"canonical\" href=\"https:\/\/www.welovecycling.com\/pl\/2019\/07\/15\/spelnione-sny-na-tour-de-france\/\" \/>\n<meta property=\"og:locale\" content=\"pl_PL\" \/>\n<meta property=\"og:type\" content=\"article\" \/>\n<meta property=\"og:title\" content=\"Spe\u0142nione sny na Tour de France\" \/>\n<meta property=\"og:description\" content=\"Tegoroczny Tour de France pisze coraz ciekawsze scenariusze &#8211; zaskakuj\u0105co obdarowuje zwyci\u0119stwami i przydziela zawodnikom coraz ciekawsze role. Na przyk\u0142ad [&hellip;]\" \/>\n<meta property=\"og:url\" content=\"https:\/\/www.welovecycling.com\/pl\/2019\/07\/15\/spelnione-sny-na-tour-de-france\/\" \/>\n<meta property=\"og:site_name\" content=\"\u0160koda We Love Cycling - Poland\" \/>\n<meta property=\"article:published_time\" content=\"2019-07-15T08:42:25+00:00\" \/>\n<meta property=\"article:modified_time\" content=\"2019-07-15T08:51:29+00:00\" \/>\n<meta property=\"og:image\" content=\"https:\/\/d2p6e6u75xmxt8.cloudfront.net\/5\/2019\/07\/71539.jpg\" \/>\n\t<meta property=\"og:image:width\" content=\"1000\" \/>\n\t<meta property=\"og:image:height\" content=\"668\" \/>\n\t<meta property=\"og:image:type\" content=\"image\/jpeg\" \/>\n<meta name=\"author\" content=\"piotrboczkowski\" \/>\n<meta name=\"twitter:card\" content=\"summary_large_image\" \/>\n<meta name=\"twitter:label1\" content=\"Written by\" \/>\n\t<meta name=\"twitter:data1\" content=\"Piotr Nowik\" \/>\n\t<meta name=\"twitter:label2\" content=\"Est. reading time\" \/>\n\t<meta name=\"twitter:data2\" content=\"3 minutes\" \/>\n<script type=\"application\/ld+json\" class=\"yoast-schema-graph\">{\"@context\":\"https:\/\/schema.org\",\"@graph\":[{\"@type\":\"WebPage\",\"@id\":\"https:\/\/www.welovecycling.com\/pl\/2019\/07\/15\/spelnione-sny-na-tour-de-france\/\",\"url\":\"https:\/\/www.welovecycling.com\/pl\/2019\/07\/15\/spelnione-sny-na-tour-de-france\/\",\"name\":\"Spe\u0142nione sny na Tour de France - \u0160koda We Love Cycling - Poland\",\"isPartOf\":{\"@id\":\"https:\/\/www.welovecycling.com\/pl\/#website\"},\"primaryImageOfPage\":{\"@id\":\"https:\/\/www.welovecycling.com\/pl\/2019\/07\/15\/spelnione-sny-na-tour-de-france\/#primaryimage\"},\"image\":{\"@id\":\"https:\/\/www.welovecycling.com\/pl\/2019\/07\/15\/spelnione-sny-na-tour-de-france\/#primaryimage\"},\"thumbnailUrl\":\"https:\/\/d2p6e6u75xmxt8.cloudfront.net\/5\/2019\/07\/71539.jpg\",\"datePublished\":\"2019-07-15T08:42:25+00:00\",\"dateModified\":\"2019-07-15T08:51:29+00:00\",\"author\":{\"@id\":\"https:\/\/www.welovecycling.com\/pl\/#\/schema\/person\/0dba2d39da943db9df3fd8f4687e7f23\"},\"breadcrumb\":{\"@id\":\"https:\/\/www.welovecycling.com\/pl\/2019\/07\/15\/spelnione-sny-na-tour-de-france\/#breadcrumb\"},\"inLanguage\":\"pl-PL\",\"potentialAction\":[{\"@type\":\"ReadAction\",\"target\":[\"https:\/\/www.welovecycling.com\/pl\/2019\/07\/15\/spelnione-sny-na-tour-de-france\/\"]}]},{\"@type\":\"ImageObject\",\"inLanguage\":\"pl-PL\",\"@id\":\"https:\/\/www.welovecycling.com\/pl\/2019\/07\/15\/spelnione-sny-na-tour-de-france\/#primaryimage\",\"url\":\"https:\/\/d2p6e6u75xmxt8.cloudfront.net\/5\/2019\/07\/71539.jpg\",\"contentUrl\":\"https:\/\/d2p6e6u75xmxt8.cloudfront.net\/5\/2019\/07\/71539.jpg\",\"width\":1000,\"height\":668},{\"@type\":\"BreadcrumbList\",\"@id\":\"https:\/\/www.welovecycling.com\/pl\/2019\/07\/15\/spelnione-sny-na-tour-de-france\/#breadcrumb\",\"itemListElement\":[{\"@type\":\"ListItem\",\"position\":1,\"name\":\"Home\",\"item\":\"https:\/\/www.welovecycling.com\/pl\/\"},{\"@type\":\"ListItem\",\"position\":2,\"name\":\"Spe\u0142nione sny na Tour de France\"}]},{\"@type\":\"WebSite\",\"@id\":\"https:\/\/www.welovecycling.com\/pl\/#website\",\"url\":\"https:\/\/www.welovecycling.com\/pl\/\",\"name\":\"\u0160koda We Love Cycling - Poland\",\"description\":\"\",\"potentialAction\":[{\"@type\":\"SearchAction\",\"target\":{\"@type\":\"EntryPoint\",\"urlTemplate\":\"https:\/\/www.welovecycling.com\/pl\/?s={search_term_string}\"},\"query-input\":{\"@type\":\"PropertyValueSpecification\",\"valueRequired\":true,\"valueName\":\"search_term_string\"}}],\"inLanguage\":\"pl-PL\"},{\"@type\":\"Person\",\"@id\":\"https:\/\/www.welovecycling.com\/pl\/#\/schema\/person\/0dba2d39da943db9df3fd8f4687e7f23\",\"name\":\"piotrboczkowski\",\"image\":{\"@type\":\"ImageObject\",\"inLanguage\":\"pl-PL\",\"@id\":\"https:\/\/www.welovecycling.com\/pl\/#\/schema\/person\/image\/\",\"url\":\"https:\/\/secure.gravatar.com\/avatar\/533caccae14752e03a2ce2d3fd62d1b98b93e1393c3195c27819e53344ca1ace?s=96&d=mm&r=g\",\"contentUrl\":\"https:\/\/secure.gravatar.com\/avatar\/533caccae14752e03a2ce2d3fd62d1b98b93e1393c3195c27819e53344ca1ace?s=96&d=mm&r=g\",\"caption\":\"piotrboczkowski\"},\"url\":\"https:\/\/www.welovecycling.com\/pl\/author\/piotrboczkowski\/\"}]}<\/script>\n<!-- \/ Yoast SEO Premium plugin. -->","yoast_head_json":{"title":"Spe\u0142nione sny na Tour de France - \u0160koda We Love Cycling - Poland","robots":{"index":"index","follow":"follow","max-snippet":"max-snippet:-1","max-image-preview":"max-image-preview:large","max-video-preview":"max-video-preview:-1"},"canonical":"https:\/\/www.welovecycling.com\/pl\/2019\/07\/15\/spelnione-sny-na-tour-de-france\/","og_locale":"pl_PL","og_type":"article","og_title":"Spe\u0142nione sny na Tour de France","og_description":"Tegoroczny Tour de France pisze coraz ciekawsze scenariusze &#8211; zaskakuj\u0105co obdarowuje zwyci\u0119stwami i przydziela zawodnikom coraz ciekawsze role. Na przyk\u0142ad [&hellip;]","og_url":"https:\/\/www.welovecycling.com\/pl\/2019\/07\/15\/spelnione-sny-na-tour-de-france\/","og_site_name":"\u0160koda We Love Cycling - Poland","article_published_time":"2019-07-15T08:42:25+00:00","article_modified_time":"2019-07-15T08:51:29+00:00","og_image":[{"width":1000,"height":668,"url":"https:\/\/d2p6e6u75xmxt8.cloudfront.net\/5\/2019\/07\/71539.jpg","type":"image\/jpeg"}],"author":"piotrboczkowski","twitter_card":"summary_large_image","twitter_misc":{"Written by":"Piotr Nowik","Est. reading time":"3 minutes"},"schema":{"@context":"https:\/\/schema.org","@graph":[{"@type":"WebPage","@id":"https:\/\/www.welovecycling.com\/pl\/2019\/07\/15\/spelnione-sny-na-tour-de-france\/","url":"https:\/\/www.welovecycling.com\/pl\/2019\/07\/15\/spelnione-sny-na-tour-de-france\/","name":"Spe\u0142nione sny na Tour de France - \u0160koda We Love Cycling - Poland","isPartOf":{"@id":"https:\/\/www.welovecycling.com\/pl\/#website"},"primaryImageOfPage":{"@id":"https:\/\/www.welovecycling.com\/pl\/2019\/07\/15\/spelnione-sny-na-tour-de-france\/#primaryimage"},"image":{"@id":"https:\/\/www.welovecycling.com\/pl\/2019\/07\/15\/spelnione-sny-na-tour-de-france\/#primaryimage"},"thumbnailUrl":"https:\/\/d2p6e6u75xmxt8.cloudfront.net\/5\/2019\/07\/71539.jpg","datePublished":"2019-07-15T08:42:25+00:00","dateModified":"2019-07-15T08:51:29+00:00","author":{"@id":"https:\/\/www.welovecycling.com\/pl\/#\/schema\/person\/0dba2d39da943db9df3fd8f4687e7f23"},"breadcrumb":{"@id":"https:\/\/www.welovecycling.com\/pl\/2019\/07\/15\/spelnione-sny-na-tour-de-france\/#breadcrumb"},"inLanguage":"pl-PL","potentialAction":[{"@type":"ReadAction","target":["https:\/\/www.welovecycling.com\/pl\/2019\/07\/15\/spelnione-sny-na-tour-de-france\/"]}]},{"@type":"ImageObject","inLanguage":"pl-PL","@id":"https:\/\/www.welovecycling.com\/pl\/2019\/07\/15\/spelnione-sny-na-tour-de-france\/#primaryimage","url":"https:\/\/d2p6e6u75xmxt8.cloudfront.net\/5\/2019\/07\/71539.jpg","contentUrl":"https:\/\/d2p6e6u75xmxt8.cloudfront.net\/5\/2019\/07\/71539.jpg","width":1000,"height":668},{"@type":"BreadcrumbList","@id":"https:\/\/www.welovecycling.com\/pl\/2019\/07\/15\/spelnione-sny-na-tour-de-france\/#breadcrumb","itemListElement":[{"@type":"ListItem","position":1,"name":"Home","item":"https:\/\/www.welovecycling.com\/pl\/"},{"@type":"ListItem","position":2,"name":"Spe\u0142nione sny na Tour de France"}]},{"@type":"WebSite","@id":"https:\/\/www.welovecycling.com\/pl\/#website","url":"https:\/\/www.welovecycling.com\/pl\/","name":"\u0160koda We Love Cycling - Poland","description":"","potentialAction":[{"@type":"SearchAction","target":{"@type":"EntryPoint","urlTemplate":"https:\/\/www.welovecycling.com\/pl\/?s={search_term_string}"},"query-input":{"@type":"PropertyValueSpecification","valueRequired":true,"valueName":"search_term_string"}}],"inLanguage":"pl-PL"},{"@type":"Person","@id":"https:\/\/www.welovecycling.com\/pl\/#\/schema\/person\/0dba2d39da943db9df3fd8f4687e7f23","name":"piotrboczkowski","image":{"@type":"ImageObject","inLanguage":"pl-PL","@id":"https:\/\/www.welovecycling.com\/pl\/#\/schema\/person\/image\/","url":"https:\/\/secure.gravatar.com\/avatar\/533caccae14752e03a2ce2d3fd62d1b98b93e1393c3195c27819e53344ca1ace?s=96&d=mm&r=g","contentUrl":"https:\/\/secure.gravatar.com\/avatar\/533caccae14752e03a2ce2d3fd62d1b98b93e1393c3195c27819e53344ca1ace?s=96&d=mm&r=g","caption":"piotrboczkowski"},"url":"https:\/\/www.welovecycling.com\/pl\/author\/piotrboczkowski\/"}]}},"_links":{"self":[{"href":"https:\/\/www.welovecycling.com\/pl\/wp-json\/wp\/v2\/posts\/9352","targetHints":{"allow":["GET"]}}],"collection":[{"href":"https:\/\/www.welovecycling.com\/pl\/wp-json\/wp\/v2\/posts"}],"about":[{"href":"https:\/\/www.welovecycling.com\/pl\/wp-json\/wp\/v2\/types\/post"}],"author":[{"embeddable":true,"href":"https:\/\/www.welovecycling.com\/pl\/wp-json\/wp\/v2\/users\/76"}],"replies":[{"embeddable":true,"href":"https:\/\/www.welovecycling.com\/pl\/wp-json\/wp\/v2\/comments?post=9352"}],"version-history":[{"count":2,"href":"https:\/\/www.welovecycling.com\/pl\/wp-json\/wp\/v2\/posts\/9352\/revisions"}],"predecessor-version":[{"id":9360,"href":"https:\/\/www.welovecycling.com\/pl\/wp-json\/wp\/v2\/posts\/9352\/revisions\/9360"}],"wp:featuredmedia":[{"embeddable":true,"href":"https:\/\/www.welovecycling.com\/pl\/wp-json\/wp\/v2\/media\/9355"}],"wp:attachment":[{"href":"https:\/\/www.welovecycling.com\/pl\/wp-json\/wp\/v2\/media?parent=9352"}],"wp:term":[{"taxonomy":"category","embeddable":true,"href":"https:\/\/www.welovecycling.com\/pl\/wp-json\/wp\/v2\/categories?post=9352"},{"taxonomy":"post_tag","embeddable":true,"href":"https:\/\/www.welovecycling.com\/pl\/wp-json\/wp\/v2\/tags?post=9352"},{"taxonomy":"global-categories","embeddable":true,"href":"https:\/\/www.welovecycling.com\/pl\/wp-json\/wp\/v2\/global-categories?post=9352"}],"curies":[{"name":"wp","href":"https:\/\/api.w.org\/{rel}","templated":true}]}}