{"id":9334,"date":"2019-07-12T08:06:47","date_gmt":"2019-07-12T08:06:47","guid":{"rendered":"https:\/\/www.welovecycling.com\/pl\/?p=9334"},"modified":"2019-07-12T09:45:41","modified_gmt":"2019-07-12T09:45:41","slug":"debiutanci-pokazali-moc-to-bedzie-piekny-tour-de-france","status":"publish","type":"post","link":"https:\/\/www.welovecycling.com\/pl\/2019\/07\/12\/debiutanci-pokazali-moc-to-bedzie-piekny-tour-de-france\/","title":{"rendered":"Debiutanci pokazali moc. \u201eTo b\u0119dzie pi\u0119kny Tour de France!\u201d"},"content":{"rendered":"<p><strong>Takie historie tylko na Tour de France! W g\u00f3rach \u0142upy mieli mi\u0119dzy sob\u0105 podzieli\u0107 do\u015bwiadczeni kolarze, tymczasem szyki pokrzy\u017cowa\u0142o im dw\u00f3ch \u017c\u00f3\u0142todziob\u00f3w. Sz\u00f3sty etap wygra\u0142 Dylan Teuns (Bahrain-Merida), a liderem klasyfikacji generalnej zosta\u0142 W\u0142och Giulio Ciccone (Trek-Segafredo).<\/strong><\/p>\n<figure id=\"attachment_9336\" aria-describedby=\"caption-attachment-9336\" style=\"width: 1000px\" class=\"wp-caption aligncenter\"><img loading=\"lazy\" decoding=\"async\" class=\"size-full wp-image-9336\" src=\"https:\/\/d2p6e6u75xmxt8.cloudfront.net\/5\/2019\/07\/73cee.jpg\" alt=\"\" width=\"1000\" height=\"667\" srcset=\"https:\/\/d2p6e6u75xmxt8.cloudfront.net\/5\/2019\/07\/73cee.jpg 1000w, https:\/\/d2p6e6u75xmxt8.cloudfront.net\/5\/2019\/07\/73cee-300x200.jpg 300w, https:\/\/d2p6e6u75xmxt8.cloudfront.net\/5\/2019\/07\/73cee-768x512.jpg 768w, https:\/\/d2p6e6u75xmxt8.cloudfront.net\/5\/2019\/07\/73cee-272x182.jpg 272w\" sizes=\"auto, (max-width: 1000px) 100vw, 1000px\" \/><figcaption id=\"caption-attachment-9336\" class=\"wp-caption-text\">Tour de France 2019 &#8211; 11\/07\/2019 &#8211; Etape 6 &#8211; Mulhouse \/ La Planche des Belles Filles (160,5 Km) &#8211; Giulio CICCONE (TREK &#8211; SEGAFREDO) et Dylan TEUNS (BAHRAIN &#8211; MERIDA) \u00a9 A.S.O.\/Thomas MAHEUX<\/figcaption><\/figure>\n<p><strong>Przez lata w peletonie by\u0142o tak, \u017ce debiutanci trzymali si\u0119 z ty\u0142u, nie pr\u00f3buj\u0105c podpa\u015b\u0107 reszcie stawki. Jechali w grupie, rzadko wychylali si\u0119, a atakowali na og\u00f3\u0142 wtedy, gdy droga do zwyci\u0119stwa by\u0142a p\u0142aska i szybka jak autostrada. Na sz\u00f3stym etapie Teuns i Ciccone nie bawili si\u0119 jednak w takie konwenanse.<\/strong><\/p>\n<p><span style=\"font-size: 18pt;\"><strong>\u201eTo by\u0142 co\u015b cudownego\u201d<\/strong><\/span><\/p>\n<p>Teuns ma 27 lat, a do tej pory jednym z jego najwi\u0119kszych osi\u0105gni\u0119\u0107 by\u0142o wygranie Tour de Pologne w 2017 roku. Ciccone jest od dwa lata m\u0142odszy, a najg\u0142o\u015bniej by\u0142o o nim podczas jazdy po g\u00f3rach w trakcie Giro d\u2019 Italia. Obaj w tym roku po raz pierwszy startuj\u0105 w Tour de France i ju\u017c mo\u017cna powiedzie\u0107, \u017ce s\u0105 to debiuty przez wielkie \u201eD\u201d.<\/p>\n<p>Ich sukcesy smakuj\u0105 tym lepiej, \u017ce zosta\u0142y odniesione na nie\u0142atwym etapie. Ostra walka mia\u0142a miejsce ju\u017c na kilku podjazdach, ale fina\u0142 rozegra\u0142 si\u0119 na bardzo stromej \u015bcianie. Na ostatnim kilometrze by\u0142o ju\u017c jednak wiadome, \u017ce wygra kto\u015b z pary Teuns \u2013 Ciccone, bo mieli ponad dwie minuty przewagi nad peletonem. Wi\u0119cej mocy na ko\u0144c\u00f3wk\u0119 zachowa\u0142 jednak kolarz Bahrain-Merida.<\/p>\n<p>&#8211; To nieprawdopodobne. Ju\u017c wcze\u015bniej czu\u0142em, \u017ce jestem w formie, ale wygranie etapu Tour de France to co\u015b niesamowitego. Absolutnie si\u0119 tego nie spodziewa\u0142em. Czu\u0142em jednak, \u017ce mo\u017ce nadarzy\u0107 si\u0119 szansa na zaatakowanie i tak si\u0119 sta\u0142o \u2013 podkre\u015bla Teuns.<\/p>\n<p>Belg po przejechaniu mety niemal od razu pad\u0142 na ziemi\u0119. Oddycha\u0142 ci\u0119\u017cko, patrzy\u0142 w niebo i pewnie sam do ko\u0144ca nie dowierza\u0142 w to, co si\u0119 sta\u0142o. W ko\u0144cu tysi\u0105ce kolarzy marzy o wygraniu etapu Tour de France, a jemu uda\u0142o si\u0119 to ju\u017c podczas debiutu w Wielkiej P\u0119tli!<\/p>\n<p>&#8211; To cudowne, \u017ce tak to si\u0119 sko\u0144czy\u0142o. Gdy przed fina\u0142owym podjazdem zobaczy\u0142em rodzic\u00f3w oraz moj\u0105 dziewczyn\u0119, to poczu\u0142em co\u015b niesamowitego \u2013 przyznaje.<\/p>\n<p>&#8211; To by\u0142 kawa\u0142 dobrego \u015bcigania. Gratulacje dla uciekinier\u00f3w, bo pokazali, \u017ce warto ucieka\u0107 i walczy\u0107 o swoje. Wykonali kawa\u0142 dobrej roboty \u2013 podkre\u015bla\u0142 w Eurosporcie Piotr Wadecki, dyrektor sportowy CCC Team. W czwartek najlepszym zawodnikiem zespo\u0142u by\u0142 Serde Pauwels, kt\u00f3ry zaj\u0105\u0142 34. miejsce.<\/p>\n<div class=\"embed-controller-wrapper\">\n<div class=\"embed-wrapper\"><iframe title=\"La minute du combatif Antargaz - \u00c9tape 6 - Tour de France 2019\" width=\"500\" height=\"281\" data-src=\"https:\/\/www.youtube.com\/embed\/3uuQsoX1qzw?list=PLg3WzTG3LfYZvhfxhLcvOe_RksH9SUBJC\" frameborder=\"0\" allow=\"accelerometer; autoplay; clipboard-write; encrypted-media; gyroscope; picture-in-picture; web-share\" referrerpolicy=\"strict-origin-when-cross-origin\" allowfullscreen><\/iframe><\/div>\n<\/div>\n<p><span style=\"font-size: 18pt;\"><strong>Jedna z ciekawszych Wielkich P\u0119tli<\/strong><\/span><\/p>\n<p>Dzi\u015b zawodnicy b\u0119d\u0105 mogli nieco odpocz\u0105\u0107 od szale\u0144czych pojazd\u00f3w, poniewa\u017c czeka ich etap z Belfort do Chalon-Sur-Saone. Co prawda nie b\u0119dzie to zupe\u0142nie p\u0142askie \u015bciganie, ale na trasie kolarze b\u0119d\u0105 mierzyli si\u0119 bardziej z pag\u00f3rkami ni\u017c z g\u00f3rami. Dlatego eksperci typuj\u0105, \u017ce \u0142upami podziel\u0105 si\u0119 sprinterzy.<\/p>\n<p>&#8211; Wida\u0107, \u017ce wielu zawodnik\u00f3w jest w formie i wszystko wskazuje na to, \u017ce b\u0119dzie to jeden z ciekawszych Tour de France ostatnich lat \u2013 ocenia Wadecki.<\/p>\n<div class=\"embed-controller-wrapper\"><iframe title=\"Tour de France 2019 - Presentation - Stage 7\" frameborder=\"0\" width=\"500\" height=\"281\" data-src=\"https:\/\/geo.dailymotion.com\/player.html?video=x7cs8ue&#038;\" allowfullscreen allow=\"autoplay; fullscreen; picture-in-picture; web-share\"><\/iframe><\/div>\n<p><strong>Klasyfikacja generalna po 6. etapie Tour de France:<\/strong><\/p>\n<ol>\n<li>Giulio Ciccone (Trek Segafredo) 23:14.55<\/li>\n<li>Julian Alaphilippe (Deceuninck-Quick Step) +0.06<\/li>\n<li>Dylan Teuns (Bahrain-Merida) +0.32<br \/>\n&#8212;&#8212;<br \/>\n45. Micha\u0142 Kwiatkowski (Ineos) +15.11<br \/>\n122. \u0141ukasz Wi\u015bniowski (CCC Team) +45.50<\/li>\n<\/ol>\n","protected":false},"excerpt":{"rendered":"<p>Takie historie tylko na Tour de France! W g\u00f3rach \u0142upy mieli mi\u0119dzy sob\u0105 podzieli\u0107 do\u015bwiadczeni kolarze, tymczasem szyki pokrzy\u017cowa\u0142o im [&hellip;]<\/p>\n","protected":false},"author":76,"featured_media":9336,"comment_status":"open","ping_status":"open","sticky":false,"template":"","format":"standard","meta":{"footnotes":""},"categories":[300],"tags":[],"global-categories":[],"class_list":["post-9334","post","type-post","status-publish","format-standard","has-post-thumbnail","hentry","category-tour-de-france-2019"],"yoast_head":"<!-- This site is optimized with the Yoast SEO Premium plugin v25.3 (Yoast SEO v25.9) - https:\/\/yoast.com\/wordpress\/plugins\/seo\/ -->\n<title>Debiutanci pokazali moc. \u201eTo b\u0119dzie pi\u0119kny Tour de France!\u201d - \u0160koda We Love Cycling - Poland<\/title>\n<meta name=\"robots\" content=\"index, follow, max-snippet:-1, max-image-preview:large, max-video-preview:-1\" \/>\n<link rel=\"canonical\" href=\"https:\/\/www.welovecycling.com\/pl\/2019\/07\/12\/debiutanci-pokazali-moc-to-bedzie-piekny-tour-de-france\/\" \/>\n<meta property=\"og:locale\" content=\"pl_PL\" \/>\n<meta property=\"og:type\" content=\"article\" \/>\n<meta property=\"og:title\" content=\"Debiutanci pokazali moc. \u201eTo b\u0119dzie pi\u0119kny Tour de France!\u201d\" \/>\n<meta property=\"og:description\" content=\"Takie historie tylko na Tour de France! W g\u00f3rach \u0142upy mieli mi\u0119dzy sob\u0105 podzieli\u0107 do\u015bwiadczeni kolarze, tymczasem szyki pokrzy\u017cowa\u0142o im [&hellip;]\" \/>\n<meta property=\"og:url\" content=\"https:\/\/www.welovecycling.com\/pl\/2019\/07\/12\/debiutanci-pokazali-moc-to-bedzie-piekny-tour-de-france\/\" \/>\n<meta property=\"og:site_name\" content=\"\u0160koda We Love Cycling - Poland\" \/>\n<meta property=\"article:published_time\" content=\"2019-07-12T08:06:47+00:00\" \/>\n<meta property=\"article:modified_time\" content=\"2019-07-12T09:45:41+00:00\" \/>\n<meta property=\"og:image\" content=\"https:\/\/d2p6e6u75xmxt8.cloudfront.net\/5\/2019\/07\/73cee.jpg\" \/>\n\t<meta property=\"og:image:width\" content=\"1000\" \/>\n\t<meta property=\"og:image:height\" content=\"667\" \/>\n\t<meta property=\"og:image:type\" content=\"image\/jpeg\" \/>\n<meta name=\"author\" content=\"piotrboczkowski\" \/>\n<meta name=\"twitter:card\" content=\"summary_large_image\" \/>\n<meta name=\"twitter:label1\" content=\"Written by\" \/>\n\t<meta name=\"twitter:data1\" content=\"Piotr Nowik\" \/>\n\t<meta name=\"twitter:label2\" content=\"Est. reading time\" \/>\n\t<meta name=\"twitter:data2\" content=\"3 minutes\" \/>\n<script type=\"application\/ld+json\" class=\"yoast-schema-graph\">{\"@context\":\"https:\/\/schema.org\",\"@graph\":[{\"@type\":\"WebPage\",\"@id\":\"https:\/\/www.welovecycling.com\/pl\/2019\/07\/12\/debiutanci-pokazali-moc-to-bedzie-piekny-tour-de-france\/\",\"url\":\"https:\/\/www.welovecycling.com\/pl\/2019\/07\/12\/debiutanci-pokazali-moc-to-bedzie-piekny-tour-de-france\/\",\"name\":\"Debiutanci pokazali moc. \u201eTo b\u0119dzie pi\u0119kny Tour de France!\u201d - \u0160koda We Love Cycling - Poland\",\"isPartOf\":{\"@id\":\"https:\/\/www.welovecycling.com\/pl\/#website\"},\"primaryImageOfPage\":{\"@id\":\"https:\/\/www.welovecycling.com\/pl\/2019\/07\/12\/debiutanci-pokazali-moc-to-bedzie-piekny-tour-de-france\/#primaryimage\"},\"image\":{\"@id\":\"https:\/\/www.welovecycling.com\/pl\/2019\/07\/12\/debiutanci-pokazali-moc-to-bedzie-piekny-tour-de-france\/#primaryimage\"},\"thumbnailUrl\":\"https:\/\/d2p6e6u75xmxt8.cloudfront.net\/5\/2019\/07\/73cee.jpg\",\"datePublished\":\"2019-07-12T08:06:47+00:00\",\"dateModified\":\"2019-07-12T09:45:41+00:00\",\"author\":{\"@id\":\"https:\/\/www.welovecycling.com\/pl\/#\/schema\/person\/0dba2d39da943db9df3fd8f4687e7f23\"},\"breadcrumb\":{\"@id\":\"https:\/\/www.welovecycling.com\/pl\/2019\/07\/12\/debiutanci-pokazali-moc-to-bedzie-piekny-tour-de-france\/#breadcrumb\"},\"inLanguage\":\"pl-PL\",\"potentialAction\":[{\"@type\":\"ReadAction\",\"target\":[\"https:\/\/www.welovecycling.com\/pl\/2019\/07\/12\/debiutanci-pokazali-moc-to-bedzie-piekny-tour-de-france\/\"]}]},{\"@type\":\"ImageObject\",\"inLanguage\":\"pl-PL\",\"@id\":\"https:\/\/www.welovecycling.com\/pl\/2019\/07\/12\/debiutanci-pokazali-moc-to-bedzie-piekny-tour-de-france\/#primaryimage\",\"url\":\"https:\/\/d2p6e6u75xmxt8.cloudfront.net\/5\/2019\/07\/73cee.jpg\",\"contentUrl\":\"https:\/\/d2p6e6u75xmxt8.cloudfront.net\/5\/2019\/07\/73cee.jpg\",\"width\":1000,\"height\":667,\"caption\":\"Tour de France 2019 - 11\/07\/2019 - Etape 6 - Mulhouse \/ La Planche des Belles Filles (160,5 Km) - Giulio CICCONE (TREK - SEGAFREDO) et Dylan TEUNS (BAHRAIN - MERIDA) \u00a9 A.S.O.\/Thomas MAHEUX\"},{\"@type\":\"BreadcrumbList\",\"@id\":\"https:\/\/www.welovecycling.com\/pl\/2019\/07\/12\/debiutanci-pokazali-moc-to-bedzie-piekny-tour-de-france\/#breadcrumb\",\"itemListElement\":[{\"@type\":\"ListItem\",\"position\":1,\"name\":\"Home\",\"item\":\"https:\/\/www.welovecycling.com\/pl\/\"},{\"@type\":\"ListItem\",\"position\":2,\"name\":\"Debiutanci pokazali moc. \u201eTo b\u0119dzie pi\u0119kny Tour de France!\u201d\"}]},{\"@type\":\"WebSite\",\"@id\":\"https:\/\/www.welovecycling.com\/pl\/#website\",\"url\":\"https:\/\/www.welovecycling.com\/pl\/\",\"name\":\"\u0160koda We Love Cycling - Poland\",\"description\":\"\",\"potentialAction\":[{\"@type\":\"SearchAction\",\"target\":{\"@type\":\"EntryPoint\",\"urlTemplate\":\"https:\/\/www.welovecycling.com\/pl\/?s={search_term_string}\"},\"query-input\":{\"@type\":\"PropertyValueSpecification\",\"valueRequired\":true,\"valueName\":\"search_term_string\"}}],\"inLanguage\":\"pl-PL\"},{\"@type\":\"Person\",\"@id\":\"https:\/\/www.welovecycling.com\/pl\/#\/schema\/person\/0dba2d39da943db9df3fd8f4687e7f23\",\"name\":\"piotrboczkowski\",\"image\":{\"@type\":\"ImageObject\",\"inLanguage\":\"pl-PL\",\"@id\":\"https:\/\/www.welovecycling.com\/pl\/#\/schema\/person\/image\/\",\"url\":\"https:\/\/secure.gravatar.com\/avatar\/533caccae14752e03a2ce2d3fd62d1b98b93e1393c3195c27819e53344ca1ace?s=96&d=mm&r=g\",\"contentUrl\":\"https:\/\/secure.gravatar.com\/avatar\/533caccae14752e03a2ce2d3fd62d1b98b93e1393c3195c27819e53344ca1ace?s=96&d=mm&r=g\",\"caption\":\"piotrboczkowski\"},\"url\":\"https:\/\/www.welovecycling.com\/pl\/author\/piotrboczkowski\/\"}]}<\/script>\n<!-- \/ Yoast SEO Premium plugin. -->","yoast_head_json":{"title":"Debiutanci pokazali moc. \u201eTo b\u0119dzie pi\u0119kny Tour de France!\u201d - \u0160koda We Love Cycling - Poland","robots":{"index":"index","follow":"follow","max-snippet":"max-snippet:-1","max-image-preview":"max-image-preview:large","max-video-preview":"max-video-preview:-1"},"canonical":"https:\/\/www.welovecycling.com\/pl\/2019\/07\/12\/debiutanci-pokazali-moc-to-bedzie-piekny-tour-de-france\/","og_locale":"pl_PL","og_type":"article","og_title":"Debiutanci pokazali moc. \u201eTo b\u0119dzie pi\u0119kny Tour de France!\u201d","og_description":"Takie historie tylko na Tour de France! W g\u00f3rach \u0142upy mieli mi\u0119dzy sob\u0105 podzieli\u0107 do\u015bwiadczeni kolarze, tymczasem szyki pokrzy\u017cowa\u0142o im [&hellip;]","og_url":"https:\/\/www.welovecycling.com\/pl\/2019\/07\/12\/debiutanci-pokazali-moc-to-bedzie-piekny-tour-de-france\/","og_site_name":"\u0160koda We Love Cycling - Poland","article_published_time":"2019-07-12T08:06:47+00:00","article_modified_time":"2019-07-12T09:45:41+00:00","og_image":[{"width":1000,"height":667,"url":"https:\/\/d2p6e6u75xmxt8.cloudfront.net\/5\/2019\/07\/73cee.jpg","type":"image\/jpeg"}],"author":"piotrboczkowski","twitter_card":"summary_large_image","twitter_misc":{"Written by":"Piotr Nowik","Est. reading time":"3 minutes"},"schema":{"@context":"https:\/\/schema.org","@graph":[{"@type":"WebPage","@id":"https:\/\/www.welovecycling.com\/pl\/2019\/07\/12\/debiutanci-pokazali-moc-to-bedzie-piekny-tour-de-france\/","url":"https:\/\/www.welovecycling.com\/pl\/2019\/07\/12\/debiutanci-pokazali-moc-to-bedzie-piekny-tour-de-france\/","name":"Debiutanci pokazali moc. \u201eTo b\u0119dzie pi\u0119kny Tour de France!\u201d - \u0160koda We Love Cycling - Poland","isPartOf":{"@id":"https:\/\/www.welovecycling.com\/pl\/#website"},"primaryImageOfPage":{"@id":"https:\/\/www.welovecycling.com\/pl\/2019\/07\/12\/debiutanci-pokazali-moc-to-bedzie-piekny-tour-de-france\/#primaryimage"},"image":{"@id":"https:\/\/www.welovecycling.com\/pl\/2019\/07\/12\/debiutanci-pokazali-moc-to-bedzie-piekny-tour-de-france\/#primaryimage"},"thumbnailUrl":"https:\/\/d2p6e6u75xmxt8.cloudfront.net\/5\/2019\/07\/73cee.jpg","datePublished":"2019-07-12T08:06:47+00:00","dateModified":"2019-07-12T09:45:41+00:00","author":{"@id":"https:\/\/www.welovecycling.com\/pl\/#\/schema\/person\/0dba2d39da943db9df3fd8f4687e7f23"},"breadcrumb":{"@id":"https:\/\/www.welovecycling.com\/pl\/2019\/07\/12\/debiutanci-pokazali-moc-to-bedzie-piekny-tour-de-france\/#breadcrumb"},"inLanguage":"pl-PL","potentialAction":[{"@type":"ReadAction","target":["https:\/\/www.welovecycling.com\/pl\/2019\/07\/12\/debiutanci-pokazali-moc-to-bedzie-piekny-tour-de-france\/"]}]},{"@type":"ImageObject","inLanguage":"pl-PL","@id":"https:\/\/www.welovecycling.com\/pl\/2019\/07\/12\/debiutanci-pokazali-moc-to-bedzie-piekny-tour-de-france\/#primaryimage","url":"https:\/\/d2p6e6u75xmxt8.cloudfront.net\/5\/2019\/07\/73cee.jpg","contentUrl":"https:\/\/d2p6e6u75xmxt8.cloudfront.net\/5\/2019\/07\/73cee.jpg","width":1000,"height":667,"caption":"Tour de France 2019 - 11\/07\/2019 - Etape 6 - Mulhouse \/ La Planche des Belles Filles (160,5 Km) - Giulio CICCONE (TREK - SEGAFREDO) et Dylan TEUNS (BAHRAIN - MERIDA) \u00a9 A.S.O.\/Thomas MAHEUX"},{"@type":"BreadcrumbList","@id":"https:\/\/www.welovecycling.com\/pl\/2019\/07\/12\/debiutanci-pokazali-moc-to-bedzie-piekny-tour-de-france\/#breadcrumb","itemListElement":[{"@type":"ListItem","position":1,"name":"Home","item":"https:\/\/www.welovecycling.com\/pl\/"},{"@type":"ListItem","position":2,"name":"Debiutanci pokazali moc. \u201eTo b\u0119dzie pi\u0119kny Tour de France!\u201d"}]},{"@type":"WebSite","@id":"https:\/\/www.welovecycling.com\/pl\/#website","url":"https:\/\/www.welovecycling.com\/pl\/","name":"\u0160koda We Love Cycling - Poland","description":"","potentialAction":[{"@type":"SearchAction","target":{"@type":"EntryPoint","urlTemplate":"https:\/\/www.welovecycling.com\/pl\/?s={search_term_string}"},"query-input":{"@type":"PropertyValueSpecification","valueRequired":true,"valueName":"search_term_string"}}],"inLanguage":"pl-PL"},{"@type":"Person","@id":"https:\/\/www.welovecycling.com\/pl\/#\/schema\/person\/0dba2d39da943db9df3fd8f4687e7f23","name":"piotrboczkowski","image":{"@type":"ImageObject","inLanguage":"pl-PL","@id":"https:\/\/www.welovecycling.com\/pl\/#\/schema\/person\/image\/","url":"https:\/\/secure.gravatar.com\/avatar\/533caccae14752e03a2ce2d3fd62d1b98b93e1393c3195c27819e53344ca1ace?s=96&d=mm&r=g","contentUrl":"https:\/\/secure.gravatar.com\/avatar\/533caccae14752e03a2ce2d3fd62d1b98b93e1393c3195c27819e53344ca1ace?s=96&d=mm&r=g","caption":"piotrboczkowski"},"url":"https:\/\/www.welovecycling.com\/pl\/author\/piotrboczkowski\/"}]}},"_links":{"self":[{"href":"https:\/\/www.welovecycling.com\/pl\/wp-json\/wp\/v2\/posts\/9334","targetHints":{"allow":["GET"]}}],"collection":[{"href":"https:\/\/www.welovecycling.com\/pl\/wp-json\/wp\/v2\/posts"}],"about":[{"href":"https:\/\/www.welovecycling.com\/pl\/wp-json\/wp\/v2\/types\/post"}],"author":[{"embeddable":true,"href":"https:\/\/www.welovecycling.com\/pl\/wp-json\/wp\/v2\/users\/76"}],"replies":[{"embeddable":true,"href":"https:\/\/www.welovecycling.com\/pl\/wp-json\/wp\/v2\/comments?post=9334"}],"version-history":[{"count":2,"href":"https:\/\/www.welovecycling.com\/pl\/wp-json\/wp\/v2\/posts\/9334\/revisions"}],"predecessor-version":[{"id":9343,"href":"https:\/\/www.welovecycling.com\/pl\/wp-json\/wp\/v2\/posts\/9334\/revisions\/9343"}],"wp:featuredmedia":[{"embeddable":true,"href":"https:\/\/www.welovecycling.com\/pl\/wp-json\/wp\/v2\/media\/9336"}],"wp:attachment":[{"href":"https:\/\/www.welovecycling.com\/pl\/wp-json\/wp\/v2\/media?parent=9334"}],"wp:term":[{"taxonomy":"category","embeddable":true,"href":"https:\/\/www.welovecycling.com\/pl\/wp-json\/wp\/v2\/categories?post=9334"},{"taxonomy":"post_tag","embeddable":true,"href":"https:\/\/www.welovecycling.com\/pl\/wp-json\/wp\/v2\/tags?post=9334"},{"taxonomy":"global-categories","embeddable":true,"href":"https:\/\/www.welovecycling.com\/pl\/wp-json\/wp\/v2\/global-categories?post=9334"}],"curies":[{"name":"wp","href":"https:\/\/api.w.org\/{rel}","templated":true}]}}