{"id":9323,"date":"2019-07-11T08:33:49","date_gmt":"2019-07-11T08:33:49","guid":{"rendered":"https:\/\/www.welovecycling.com\/pl\/?p=9323"},"modified":"2019-07-12T09:46:50","modified_gmt":"2019-07-12T09:46:50","slug":"wielkie-sito-nadciaga-nad-tour-de-france","status":"publish","type":"post","link":"https:\/\/www.welovecycling.com\/pl\/2019\/07\/11\/wielkie-sito-nadciaga-nad-tour-de-france\/","title":{"rendered":"Wielkie sito nadci\u0105ga nad Tour de France!"},"content":{"rendered":"<p><strong>Zielona koszulka zobowi\u0105zuje, a udowodni\u0142 to Peter Sagan! S\u0142owak wygra\u0142 5. etap Tour de France, ale to dopiero dzi\u015b nad peletonem pojawi si\u0119 wielkie sito, kt\u00f3re odsieje faworyt\u00f3w od statyst\u00f3w.<\/strong><\/p>\n<p>W sumie mo\u017cna si\u0119 by\u0142o tego spodziewa\u0107. Etap przygotowany by\u0142 pod sprinter\u00f3w, do tego rz\u0105dzi\u0107 mieli ci, kt\u00f3rzy najmocniejsi s\u0105 w finiszu z peletonu. Tyle \u017ce kolarstwo to nie matematyka, gdzie 2+2 zawsze r\u00f3wna si\u0119 4. Peter Sagan postanowi\u0142 jednak udowodni\u0107, \u017ce rowery z kr\u00f3low\u0105 nauk maj\u0105 wiele wsp\u00f3lnego.<\/p>\n<p><span style=\"font-size: 18pt;\"><strong>Seryjny zwyci\u0119zca<\/strong><\/span><\/p>\n<p>Nale\u017cy jednak pami\u0119ta\u0107, \u017ce S\u0142owak to klasa sama w sobie. Pi\u0119\u0107 lat z rz\u0119du ko\u0144czy\u0142 Wielk\u0105 P\u0119tl\u0119 w zielonej koszulce lidera klasyfikacji punktowej (sponsorowanej przez\u00a0 \u0160KOD\u0118), a je\u015bli ju\u017c musia\u0142 uzna\u0107 wy\u017cszo\u015b\u0107 kt\u00f3rego\u015b z rywali, to tylko wskutek kontrowersyjnej dyskwalifikacji.<\/p>\n<p>Tym razem S\u0142owak zn\u00f3w pokaza\u0142 moc, jakiej zazdroszcz\u0105 mu tysi\u0105ce zawodowych kolarzy na ca\u0142ym \u015bwiecie.<\/p>\n<p>&#8211; By\u0142em cierpliwy, bo wiedzia\u0142em, \u017ce zwyci\u0119stwo przyjdzie. Taka wygrana wymaga jednak wysokiej formy. Poza tym musi si\u0119 na to z\u0142o\u017cy\u0107 jeszcze wiele innych rzeczy. Dlatego w\u0142a\u015bnie chcia\u0142bym podzi\u0119kowa\u0107 moim kolegom z dru\u017cyny, bo bardzo pomog\u0142a mi ich praca \u2013 podkre\u015bla\u0142 na mecie Sagan, kt\u00f3rego zwyci\u0119stwo niezwykle uszcz\u0119\u015bliwi\u0142o jego ojca.<\/p>\n<div class=\"embed-controller-wrapper\">\n<blockquote class=\"twitter-tweet\" data-width=\"500\" data-dnt=\"true\">\n<p lang=\"en\" dir=\"ltr\">.<a href=\"https:\/\/twitter.com\/petosagan?ref_src=twsrc%5Etfw\">@petosagan<\/a>&#39;s dad celebrated his win more than Sagan did \ud83d\ude02 <a href=\"https:\/\/twitter.com\/hashtag\/TDF2019?src=hash&amp;ref_src=twsrc%5Etfw\">#TDF2019<\/a><a href=\"https:\/\/t.co\/2AlsZWWs4F\">pic.twitter.com\/2AlsZWWs4F<\/a><\/p>\n<p>&mdash; Velon CC (@VelonCC) <a href=\"https:\/\/twitter.com\/VelonCC\/status\/1148984786557579264?ref_src=twsrc%5Etfw\">July 10, 2019<\/a><\/p><\/blockquote>\n<p><script async data-src=\"https:\/\/platform.twitter.com\/widgets.js\" charset=\"utf-8\"><\/script><\/div>\n<p>S\u0142owak nie zosta\u0142 jednak liderem wy\u015bcigu, bo \u017c\u00f3\u0142t\u0105 koszulk\u0119 wci\u0105\u017c dzier\u017cy Julian Alaphilippe.<\/p>\n<p>&#8211; To jednak Sagan zaliczy\u0142 12. zwyci\u0119stwo etapowe w historii swoich wyst\u0119p\u00f3w w Tour de France, ale trzeba przyzna\u0107, \u017ce m\u0142odzie\u017c mocno napiera \u2013 podkre\u015bla Dariusz Baranowski, by\u0142y znakomity kolarz, teraz ekspert Tour de France.<\/p>\n<figure id=\"attachment_9325\" aria-describedby=\"caption-attachment-9325\" style=\"width: 1000px\" class=\"wp-caption aligncenter\"><img loading=\"lazy\" decoding=\"async\" class=\"size-full wp-image-9325\" src=\"https:\/\/d2p6e6u75xmxt8.cloudfront.net\/5\/2019\/07\/f3bcb.jpg\" alt=\"\" width=\"1000\" height=\"667\" srcset=\"https:\/\/d2p6e6u75xmxt8.cloudfront.net\/5\/2019\/07\/f3bcb.jpg 1000w, https:\/\/d2p6e6u75xmxt8.cloudfront.net\/5\/2019\/07\/f3bcb-300x200.jpg 300w, https:\/\/d2p6e6u75xmxt8.cloudfront.net\/5\/2019\/07\/f3bcb-768x512.jpg 768w, https:\/\/d2p6e6u75xmxt8.cloudfront.net\/5\/2019\/07\/f3bcb-272x182.jpg 272w\" sizes=\"auto, (max-width: 1000px) 100vw, 1000px\" \/><figcaption id=\"caption-attachment-9325\" class=\"wp-caption-text\">Tour de France 2019 &#8211; 08\/07\/2019 &#8211; Etape 3 &#8211; Binche \/ Epernay (215 Km) &#8211; Attaque de Julian ALAPHILIPPE (DECEUNINCK &#8211; QUICK &#8211; STEP) \u00a9 A.S.O.\/Pauline BALLET<\/figcaption><\/figure>\n<p><span style=\"font-size: 18pt;\"><strong>Tour m\u00f3wi: \u201eSprawdzam!\u201d<\/strong><\/span><\/p>\n<p>Dzi\u015b w ko\u0144cu zaczynaj\u0105 si\u0119 g\u00f3ry, kt\u00f3re \u2013 jak mawiaj\u0105 kolarze \u2013 oddziel\u0105 do\u015bwiadczonych zawodnik\u00f3w od \u017c\u00f3\u0142todziob\u00f3w.<\/p>\n<p>Sz\u00f3sty etap z Mulhouse do La Planche des Belles Filles liczy 160 km i na trasie zaskoczy\u0142 ju\u017c niejednego zawodnika.<\/p>\n<p>&#8211; Tutaj do g\u0142osu dojd\u0105 g\u00f3rale i oka\u017ce si\u0119, w jakiej formie zawodnicy stawili si\u0119 na Tour de France. Zaczyna si\u0119 teren, na kt\u00f3rym mo\u017cna przegra\u0107 ca\u0142y wy\u015bcig. Wiele tu si\u0119 mo\u017ce wydarzy\u0107 \u2013 uwa\u017ca Baranowski.<\/p>\n<p>Tymczasem w polskiej ekipie wci\u0105\u017c licz\u0105 na zwyci\u0119stwo jednego z zawodnik\u00f3w grupy CCC. Na pi\u0105tym etapie zn\u00f3w dobrze spisa\u0142 si\u0119 Greg Van Avermaet, kt\u00f3ry by\u0142 pi\u0105ty, a w klasyfikacji generalnej zajmuje dziesi\u0105te miejsce.<\/p>\n<p>&#8211; Wygrana jest niewykluczona. Licz\u0119, \u017ce na kolejnych etapach zawodnicy CCC poka\u017c\u0105 klas\u0119 &#8211; podkre\u015bla Baranowski.<\/p>\n<p>&nbsp;<\/p>\n<p><span style=\"font-size: 14pt;\"><strong>Klasyfikacja generalna po 5. <\/strong><strong>Etapie Tour de France:<\/strong><\/span><\/p>\n<ol>\n<li>Julian Alaphilippe (Deceuninck-Quick Step) 18:44.12<\/li>\n<li>Wout Van Aert (Jumbo-Visma) + 0.14<\/li>\n<li>Steven Kruijswijk (Jumbo-Visma) + 0.25<br \/>\n&#8212;&#8212;<br \/>\n67. Micha\u0142 Kwiatkowski (Team INEOS) + 4.31<br \/>\n111. \u0141ukasz Wi\u015bniowski (CCC Team) + 24.40<\/li>\n<\/ol>\n<p>&nbsp;<\/p>\n<style type=\"text\/css\"><!--td {border: 1px solid #ccc;}br {mso-data-placement:same-cell;}--><\/style>\n<p><span data-sheets-value=\"{&quot;1&quot;:2,&quot;2&quot;:&quot;Artyku\u0142 powsta\u0142 we wsp\u00f3\u0142pracy ze skoda-auto.pl&quot;}\" data-sheets-userformat=\"{&quot;2&quot;:1,&quot;3&quot;:{&quot;1&quot;:0}}\"><a class=\"in-cell-link\" href=\"http:\/\/www.skoda-auto.pl\/\" target=\"_blank\" rel=\"noopener\">Artyku\u0142 powsta\u0142 we wsp\u00f3\u0142pracy ze skoda-auto.pl<\/a><\/span><\/p>\n","protected":false},"excerpt":{"rendered":"<p>Zielona koszulka zobowi\u0105zuje, a udowodni\u0142 to Peter Sagan! S\u0142owak wygra\u0142 5. etap Tour de France, ale to dopiero dzi\u015b nad [&hellip;]<\/p>\n","protected":false},"author":76,"featured_media":9325,"comment_status":"open","ping_status":"open","sticky":false,"template":"","format":"standard","meta":{"footnotes":""},"categories":[300],"tags":[],"global-categories":[],"class_list":["post-9323","post","type-post","status-publish","format-standard","has-post-thumbnail","hentry","category-tour-de-france-2019"],"yoast_head":"<!-- This site is optimized with the Yoast SEO Premium plugin v25.3 (Yoast SEO v25.9) - https:\/\/yoast.com\/wordpress\/plugins\/seo\/ -->\n<title>Wielkie sito nadci\u0105ga nad Tour de France! - \u0160koda We Love Cycling - Poland<\/title>\n<meta name=\"robots\" content=\"index, follow, max-snippet:-1, max-image-preview:large, max-video-preview:-1\" \/>\n<link rel=\"canonical\" href=\"https:\/\/www.welovecycling.com\/pl\/2019\/07\/11\/wielkie-sito-nadciaga-nad-tour-de-france\/\" \/>\n<meta property=\"og:locale\" content=\"pl_PL\" \/>\n<meta property=\"og:type\" content=\"article\" \/>\n<meta property=\"og:title\" content=\"Wielkie sito nadci\u0105ga nad Tour de France!\" \/>\n<meta property=\"og:description\" content=\"Zielona koszulka zobowi\u0105zuje, a udowodni\u0142 to Peter Sagan! S\u0142owak wygra\u0142 5. etap Tour de France, ale to dopiero dzi\u015b nad [&hellip;]\" \/>\n<meta property=\"og:url\" content=\"https:\/\/www.welovecycling.com\/pl\/2019\/07\/11\/wielkie-sito-nadciaga-nad-tour-de-france\/\" \/>\n<meta property=\"og:site_name\" content=\"\u0160koda We Love Cycling - Poland\" \/>\n<meta property=\"article:published_time\" content=\"2019-07-11T08:33:49+00:00\" \/>\n<meta property=\"article:modified_time\" content=\"2019-07-12T09:46:50+00:00\" \/>\n<meta property=\"og:image\" content=\"https:\/\/d2p6e6u75xmxt8.cloudfront.net\/5\/2019\/07\/f3bcb.jpg\" \/>\n\t<meta property=\"og:image:width\" content=\"1000\" \/>\n\t<meta property=\"og:image:height\" content=\"667\" \/>\n\t<meta property=\"og:image:type\" content=\"image\/jpeg\" \/>\n<meta name=\"author\" content=\"piotrboczkowski\" \/>\n<meta name=\"twitter:card\" content=\"summary_large_image\" \/>\n<meta name=\"twitter:label1\" content=\"Written by\" \/>\n\t<meta name=\"twitter:data1\" content=\"Piotr Nowik\" \/>\n\t<meta name=\"twitter:label2\" content=\"Est. reading time\" \/>\n\t<meta name=\"twitter:data2\" content=\"4\" \/>\n<script type=\"application\/ld+json\" class=\"yoast-schema-graph\">{\"@context\":\"https:\/\/schema.org\",\"@graph\":[{\"@type\":\"WebPage\",\"@id\":\"https:\/\/www.welovecycling.com\/pl\/2019\/07\/11\/wielkie-sito-nadciaga-nad-tour-de-france\/\",\"url\":\"https:\/\/www.welovecycling.com\/pl\/2019\/07\/11\/wielkie-sito-nadciaga-nad-tour-de-france\/\",\"name\":\"Wielkie sito nadci\u0105ga nad Tour de France! - \u0160koda We Love Cycling - Poland\",\"isPartOf\":{\"@id\":\"https:\/\/www.welovecycling.com\/pl\/#website\"},\"primaryImageOfPage\":{\"@id\":\"https:\/\/www.welovecycling.com\/pl\/2019\/07\/11\/wielkie-sito-nadciaga-nad-tour-de-france\/#primaryimage\"},\"image\":{\"@id\":\"https:\/\/www.welovecycling.com\/pl\/2019\/07\/11\/wielkie-sito-nadciaga-nad-tour-de-france\/#primaryimage\"},\"thumbnailUrl\":\"https:\/\/d2p6e6u75xmxt8.cloudfront.net\/5\/2019\/07\/f3bcb.jpg\",\"datePublished\":\"2019-07-11T08:33:49+00:00\",\"dateModified\":\"2019-07-12T09:46:50+00:00\",\"author\":{\"@id\":\"https:\/\/www.welovecycling.com\/pl\/#\/schema\/person\/0dba2d39da943db9df3fd8f4687e7f23\"},\"breadcrumb\":{\"@id\":\"https:\/\/www.welovecycling.com\/pl\/2019\/07\/11\/wielkie-sito-nadciaga-nad-tour-de-france\/#breadcrumb\"},\"inLanguage\":\"pl-PL\",\"potentialAction\":[{\"@type\":\"ReadAction\",\"target\":[\"https:\/\/www.welovecycling.com\/pl\/2019\/07\/11\/wielkie-sito-nadciaga-nad-tour-de-france\/\"]}]},{\"@type\":\"ImageObject\",\"inLanguage\":\"pl-PL\",\"@id\":\"https:\/\/www.welovecycling.com\/pl\/2019\/07\/11\/wielkie-sito-nadciaga-nad-tour-de-france\/#primaryimage\",\"url\":\"https:\/\/d2p6e6u75xmxt8.cloudfront.net\/5\/2019\/07\/f3bcb.jpg\",\"contentUrl\":\"https:\/\/d2p6e6u75xmxt8.cloudfront.net\/5\/2019\/07\/f3bcb.jpg\",\"width\":1000,\"height\":667,\"caption\":\"Tour de France 2019 - 08\/07\/2019 - Etape 3 - Binche \/ Epernay (215 Km) - Attaque de Julian ALAPHILIPPE (DECEUNINCK - QUICK - STEP) \u00a9 A.S.O.\/Pauline BALLET\"},{\"@type\":\"BreadcrumbList\",\"@id\":\"https:\/\/www.welovecycling.com\/pl\/2019\/07\/11\/wielkie-sito-nadciaga-nad-tour-de-france\/#breadcrumb\",\"itemListElement\":[{\"@type\":\"ListItem\",\"position\":1,\"name\":\"Home\",\"item\":\"https:\/\/www.welovecycling.com\/pl\/\"},{\"@type\":\"ListItem\",\"position\":2,\"name\":\"Wielkie sito nadci\u0105ga nad Tour de France!\"}]},{\"@type\":\"WebSite\",\"@id\":\"https:\/\/www.welovecycling.com\/pl\/#website\",\"url\":\"https:\/\/www.welovecycling.com\/pl\/\",\"name\":\"\u0160koda We Love Cycling - Poland\",\"description\":\"\",\"potentialAction\":[{\"@type\":\"SearchAction\",\"target\":{\"@type\":\"EntryPoint\",\"urlTemplate\":\"https:\/\/www.welovecycling.com\/pl\/?s={search_term_string}\"},\"query-input\":{\"@type\":\"PropertyValueSpecification\",\"valueRequired\":true,\"valueName\":\"search_term_string\"}}],\"inLanguage\":\"pl-PL\"},{\"@type\":\"Person\",\"@id\":\"https:\/\/www.welovecycling.com\/pl\/#\/schema\/person\/0dba2d39da943db9df3fd8f4687e7f23\",\"name\":\"piotrboczkowski\",\"image\":{\"@type\":\"ImageObject\",\"inLanguage\":\"pl-PL\",\"@id\":\"https:\/\/www.welovecycling.com\/pl\/#\/schema\/person\/image\/\",\"url\":\"https:\/\/secure.gravatar.com\/avatar\/533caccae14752e03a2ce2d3fd62d1b98b93e1393c3195c27819e53344ca1ace?s=96&d=mm&r=g\",\"contentUrl\":\"https:\/\/secure.gravatar.com\/avatar\/533caccae14752e03a2ce2d3fd62d1b98b93e1393c3195c27819e53344ca1ace?s=96&d=mm&r=g\",\"caption\":\"piotrboczkowski\"},\"url\":\"https:\/\/www.welovecycling.com\/pl\/author\/piotrboczkowski\/\"}]}<\/script>\n<!-- \/ Yoast SEO Premium plugin. -->","yoast_head_json":{"title":"Wielkie sito nadci\u0105ga nad Tour de France! - \u0160koda We Love Cycling - Poland","robots":{"index":"index","follow":"follow","max-snippet":"max-snippet:-1","max-image-preview":"max-image-preview:large","max-video-preview":"max-video-preview:-1"},"canonical":"https:\/\/www.welovecycling.com\/pl\/2019\/07\/11\/wielkie-sito-nadciaga-nad-tour-de-france\/","og_locale":"pl_PL","og_type":"article","og_title":"Wielkie sito nadci\u0105ga nad Tour de France!","og_description":"Zielona koszulka zobowi\u0105zuje, a udowodni\u0142 to Peter Sagan! S\u0142owak wygra\u0142 5. etap Tour de France, ale to dopiero dzi\u015b nad [&hellip;]","og_url":"https:\/\/www.welovecycling.com\/pl\/2019\/07\/11\/wielkie-sito-nadciaga-nad-tour-de-france\/","og_site_name":"\u0160koda We Love Cycling - Poland","article_published_time":"2019-07-11T08:33:49+00:00","article_modified_time":"2019-07-12T09:46:50+00:00","og_image":[{"width":1000,"height":667,"url":"https:\/\/d2p6e6u75xmxt8.cloudfront.net\/5\/2019\/07\/f3bcb.jpg","type":"image\/jpeg"}],"author":"piotrboczkowski","twitter_card":"summary_large_image","twitter_misc":{"Written by":"Piotr Nowik","Est. reading time":"4"},"schema":{"@context":"https:\/\/schema.org","@graph":[{"@type":"WebPage","@id":"https:\/\/www.welovecycling.com\/pl\/2019\/07\/11\/wielkie-sito-nadciaga-nad-tour-de-france\/","url":"https:\/\/www.welovecycling.com\/pl\/2019\/07\/11\/wielkie-sito-nadciaga-nad-tour-de-france\/","name":"Wielkie sito nadci\u0105ga nad Tour de France! - \u0160koda We Love Cycling - Poland","isPartOf":{"@id":"https:\/\/www.welovecycling.com\/pl\/#website"},"primaryImageOfPage":{"@id":"https:\/\/www.welovecycling.com\/pl\/2019\/07\/11\/wielkie-sito-nadciaga-nad-tour-de-france\/#primaryimage"},"image":{"@id":"https:\/\/www.welovecycling.com\/pl\/2019\/07\/11\/wielkie-sito-nadciaga-nad-tour-de-france\/#primaryimage"},"thumbnailUrl":"https:\/\/d2p6e6u75xmxt8.cloudfront.net\/5\/2019\/07\/f3bcb.jpg","datePublished":"2019-07-11T08:33:49+00:00","dateModified":"2019-07-12T09:46:50+00:00","author":{"@id":"https:\/\/www.welovecycling.com\/pl\/#\/schema\/person\/0dba2d39da943db9df3fd8f4687e7f23"},"breadcrumb":{"@id":"https:\/\/www.welovecycling.com\/pl\/2019\/07\/11\/wielkie-sito-nadciaga-nad-tour-de-france\/#breadcrumb"},"inLanguage":"pl-PL","potentialAction":[{"@type":"ReadAction","target":["https:\/\/www.welovecycling.com\/pl\/2019\/07\/11\/wielkie-sito-nadciaga-nad-tour-de-france\/"]}]},{"@type":"ImageObject","inLanguage":"pl-PL","@id":"https:\/\/www.welovecycling.com\/pl\/2019\/07\/11\/wielkie-sito-nadciaga-nad-tour-de-france\/#primaryimage","url":"https:\/\/d2p6e6u75xmxt8.cloudfront.net\/5\/2019\/07\/f3bcb.jpg","contentUrl":"https:\/\/d2p6e6u75xmxt8.cloudfront.net\/5\/2019\/07\/f3bcb.jpg","width":1000,"height":667,"caption":"Tour de France 2019 - 08\/07\/2019 - Etape 3 - Binche \/ Epernay (215 Km) - Attaque de Julian ALAPHILIPPE (DECEUNINCK - QUICK - STEP) \u00a9 A.S.O.\/Pauline BALLET"},{"@type":"BreadcrumbList","@id":"https:\/\/www.welovecycling.com\/pl\/2019\/07\/11\/wielkie-sito-nadciaga-nad-tour-de-france\/#breadcrumb","itemListElement":[{"@type":"ListItem","position":1,"name":"Home","item":"https:\/\/www.welovecycling.com\/pl\/"},{"@type":"ListItem","position":2,"name":"Wielkie sito nadci\u0105ga nad Tour de France!"}]},{"@type":"WebSite","@id":"https:\/\/www.welovecycling.com\/pl\/#website","url":"https:\/\/www.welovecycling.com\/pl\/","name":"\u0160koda We Love Cycling - Poland","description":"","potentialAction":[{"@type":"SearchAction","target":{"@type":"EntryPoint","urlTemplate":"https:\/\/www.welovecycling.com\/pl\/?s={search_term_string}"},"query-input":{"@type":"PropertyValueSpecification","valueRequired":true,"valueName":"search_term_string"}}],"inLanguage":"pl-PL"},{"@type":"Person","@id":"https:\/\/www.welovecycling.com\/pl\/#\/schema\/person\/0dba2d39da943db9df3fd8f4687e7f23","name":"piotrboczkowski","image":{"@type":"ImageObject","inLanguage":"pl-PL","@id":"https:\/\/www.welovecycling.com\/pl\/#\/schema\/person\/image\/","url":"https:\/\/secure.gravatar.com\/avatar\/533caccae14752e03a2ce2d3fd62d1b98b93e1393c3195c27819e53344ca1ace?s=96&d=mm&r=g","contentUrl":"https:\/\/secure.gravatar.com\/avatar\/533caccae14752e03a2ce2d3fd62d1b98b93e1393c3195c27819e53344ca1ace?s=96&d=mm&r=g","caption":"piotrboczkowski"},"url":"https:\/\/www.welovecycling.com\/pl\/author\/piotrboczkowski\/"}]}},"_links":{"self":[{"href":"https:\/\/www.welovecycling.com\/pl\/wp-json\/wp\/v2\/posts\/9323","targetHints":{"allow":["GET"]}}],"collection":[{"href":"https:\/\/www.welovecycling.com\/pl\/wp-json\/wp\/v2\/posts"}],"about":[{"href":"https:\/\/www.welovecycling.com\/pl\/wp-json\/wp\/v2\/types\/post"}],"author":[{"embeddable":true,"href":"https:\/\/www.welovecycling.com\/pl\/wp-json\/wp\/v2\/users\/76"}],"replies":[{"embeddable":true,"href":"https:\/\/www.welovecycling.com\/pl\/wp-json\/wp\/v2\/comments?post=9323"}],"version-history":[{"count":2,"href":"https:\/\/www.welovecycling.com\/pl\/wp-json\/wp\/v2\/posts\/9323\/revisions"}],"predecessor-version":[{"id":9345,"href":"https:\/\/www.welovecycling.com\/pl\/wp-json\/wp\/v2\/posts\/9323\/revisions\/9345"}],"wp:featuredmedia":[{"embeddable":true,"href":"https:\/\/www.welovecycling.com\/pl\/wp-json\/wp\/v2\/media\/9325"}],"wp:attachment":[{"href":"https:\/\/www.welovecycling.com\/pl\/wp-json\/wp\/v2\/media?parent=9323"}],"wp:term":[{"taxonomy":"category","embeddable":true,"href":"https:\/\/www.welovecycling.com\/pl\/wp-json\/wp\/v2\/categories?post=9323"},{"taxonomy":"post_tag","embeddable":true,"href":"https:\/\/www.welovecycling.com\/pl\/wp-json\/wp\/v2\/tags?post=9323"},{"taxonomy":"global-categories","embeddable":true,"href":"https:\/\/www.welovecycling.com\/pl\/wp-json\/wp\/v2\/global-categories?post=9323"}],"curies":[{"name":"wp","href":"https:\/\/api.w.org\/{rel}","templated":true}]}}