{"id":9309,"date":"2019-07-09T10:09:35","date_gmt":"2019-07-09T10:09:35","guid":{"rendered":"https:\/\/www.welovecycling.com\/pl\/?p=9309"},"modified":"2019-07-12T09:45:57","modified_gmt":"2019-07-12T09:45:57","slug":"spelnione-marzenie-na-tour-de-france-czy-to-koniec-klatwy","status":"publish","type":"post","link":"https:\/\/www.welovecycling.com\/pl\/2019\/07\/09\/spelnione-marzenie-na-tour-de-france-czy-to-koniec-klatwy\/","title":{"rendered":"Spe\u0142nione marzenie na Tour de France! Czy to koniec kl\u0105twy?"},"content":{"rendered":"<p><strong>Brzmi to jak \u015bwi\u0119tokradztwo, ale miliony Francuz\u00f3w pewnie chcia\u0142oby, \u017ceby Tour de France sko\u0144czy\u0142 si\u0119 ju\u017c teraz! A wszystko za spraw\u0105 Juliana Alaphilippe\u2019a, kt\u00f3ry wygra\u0142 poniedzia\u0142kowy etap i zdoby\u0142 \u017c\u00f3\u0142t\u0105 koszulk\u0119 lidera, w kt\u00f3rej po Polach Elizejskich \u017caden Francuz nie paradowa\u0142 od 24 lat!<\/strong><\/p>\n<p>Jest rok 1985. Zbigniew Religa dokonuje pierwszej w Polsce udanej transplantacji serca, Microsoft prezentuje \u015bwiatu system operacyjny Windows 1.0, a ameryka\u0144ska telewizja emituje premierowy odcinek serialu MacGyver. To w\u0142a\u015bnie wtedy po raz ostatni Francuz wygra\u0142 Wielk\u0105 P\u0119tl\u0119, wi\u0119c nie ma si\u0119 co dziwi\u0107, \u017ce w poniedzia\u0142ek gospodarze Tour de France z takim entuzjazmem i nadziej\u0119 patrzyli na finiszuj\u0105cego Alaphilippe\u2019a.<\/p>\n<figure id=\"attachment_9313\" aria-describedby=\"caption-attachment-9313\" style=\"width: 1000px\" class=\"wp-caption aligncenter\"><img loading=\"lazy\" decoding=\"async\" class=\"size-full wp-image-9313\" src=\"https:\/\/d2p6e6u75xmxt8.cloudfront.net\/5\/2019\/07\/4f8a4.jpg\" alt=\"\" width=\"1000\" height=\"666\" srcset=\"https:\/\/d2p6e6u75xmxt8.cloudfront.net\/5\/2019\/07\/4f8a4.jpg 1000w, https:\/\/d2p6e6u75xmxt8.cloudfront.net\/5\/2019\/07\/4f8a4-300x200.jpg 300w, https:\/\/d2p6e6u75xmxt8.cloudfront.net\/5\/2019\/07\/4f8a4-768x511.jpg 768w, https:\/\/d2p6e6u75xmxt8.cloudfront.net\/5\/2019\/07\/4f8a4-272x182.jpg 272w\" sizes=\"auto, (max-width: 1000px) 100vw, 1000px\" \/><figcaption id=\"caption-attachment-9313\" class=\"wp-caption-text\">tour de France 2019 &#8211; 08\/07\/2019 &#8211; Etape 3 &#8211; Binche \/ Epernay (215 Km) &#8211; Julian ALAPHILIPPE (DECEUNINCK &#8211; QUICK &#8211; STEP) Avec le maillot Jaune \u00a9 A.S.O.\/Alex BROADWAY<\/figcaption><\/figure>\n<p>Ostatni raz uszcz\u0119\u015bliwi\u0142 ich Bernard Hinault, ale wtedy nikt nie spodziewa\u0142 si\u0119, \u017ce Francuz\u00f3w czeka\u0107 b\u0119dzie co najmniej \u0107wier\u0107 wieku bez wygranej w klasyfikacji generalnej. Teraz nadziej\u0119 na zdj\u0119cie tej kl\u0105twy da\u0142 im 27-letni zawodnik Deceuninck-Quick Step.<\/p>\n<p><strong>Brak s\u0142\u00f3w, \u0142ami\u0105cy si\u0119 g\u0142os<\/strong><\/p>\n<p>Co prawda to dopiero pocz\u0105tek \u015bcigania, ale 27-letni Alaphilippe pokaza\u0142 wielk\u0105 moc. Zaatakowa\u0142 15 kilometr\u00f3w przed met\u0105 i wielu s\u0105dzi\u0142o, \u017ce by\u0142a to decyzja p\u0142yn\u0105ca z serca, ale na pewno nie rozumu. Tymczasem Alaphilippe wytrzyma\u0142 bardzo mocne tempo i jako pierwszy przeci\u0105\u0142 lini\u0119 mety. Z rado\u015bci machn\u0105\u0142 zaci\u015bni\u0119t\u0105 pi\u0119\u015bci\u0105, a oklaskiwa\u0142y go tysi\u0105ce kibic\u00f3w.<\/p>\n<div class=\"embed-controller-wrapper\">\n<blockquote class=\"twitter-tweet\" data-width=\"500\" data-dnt=\"true\">\n<p lang=\"fr\" dir=\"ltr\">\ud83c\udf89 <a href=\"https:\/\/twitter.com\/alafpolak1?ref_src=twsrc%5Etfw\">@alafpolak1<\/a> is the first to cross the finish in \u00c9pernay!<\/p>\n<p>Look at that reaction!<\/p>\n<p>\ud83c\udf89 Julian Alaphilippe est le premier \u00e0 se hisser jusqu\u2019\u00e0 la ligne d\u2019arriv\u00e9e \u00e0 \u00c9pernay !<\/p>\n<p>Savourez sa r\u00e9action !<a href=\"https:\/\/twitter.com\/hashtag\/TDF2019?src=hash&amp;ref_src=twsrc%5Etfw\">#TDF2019<\/a> <a href=\"https:\/\/t.co\/MyGrcjBk9R\">pic.twitter.com\/MyGrcjBk9R<\/a><\/p>\n<p>&mdash; Tour de France\u2122 (@LeTour) <a href=\"https:\/\/twitter.com\/LeTour\/status\/1148247367088508928?ref_src=twsrc%5Etfw\">July 8, 2019<\/a><\/p><\/blockquote>\n<p><script async data-src=\"https:\/\/platform.twitter.com\/widgets.js\" charset=\"utf-8\"><\/script><\/div>\n<p>&#8211; Brak mi s\u0142\u00f3w, jestem ogromnie szcz\u0119\u015bliwy. \u017b\u00f3\u0142ta koszulka by\u0142a moim marzeniem, kt\u00f3re zawsze nosi\u0142em z ty\u0142u g\u0142owy. Wiedzia\u0142em, \u017ce to jest etap dla mnie, a \u017ce czu\u0142em si\u0119 dobrze, to zaatakowa\u0142em ju\u017c na podje\u017adzie. W\u00f3wczas jednak nie spodziewa\u0142em si\u0119, \u017ce ju\u017c do ko\u0144ca pojad\u0119 sam \u2013 przyzna\u0142 na mecie Francuz, kt\u00f3remu ze wzruszenia a\u017c \u0142ama\u0142 si\u0119 g\u0142os.<\/p>\n<p>G\u0142\u00f3wna grupa przyjecha\u0142a na met\u0119 26 sekund po nim i tym samym w klasyfikacji generalnej Francuz ma 20 sekund przewagi nad Woutem van Aertem (Jumbo-Visma).<\/p>\n<p>&#8211; Zdobycie \u017c\u00f3\u0142tej koszulki i to w takim stylu jest czym\u015b niesamowitym. Wiem, \u017ce by\u0142em jednym z faworyt\u00f3w tego etapu, ale sprostanie oczekiwaniom wcale nie by\u0142o proste \u2013 przyzna\u0142 Alaphilippe.<\/p>\n<p>Micha\u0142 Kwiatkowski lini\u0119 mety min\u0105\u0142 jako 60., a \u0141ukasz Wi\u015bniowski \u2013 133. Polska grupa CCC straci\u0142a te\u017c koszulk\u0119 dla najlepszego g\u00f3rala, bo cho\u0107 Greg van Avermaet zaj\u0105\u0142 bardzo wysokie czwarte miejsce, to na podjazdach nie by\u0142 w stanie dotrzyma\u0107 kroku Timowi Wellensowi (Lotto Soudal). Z kolei w zielonej koszulce dla najlepszego sprintera (sponsorowanej przez \u0160KOD\u0118) jedzie Peter Sagan.<\/p>\n<p>&#8211; Prowadz\u0119 w klasyfikacji, ale przed nami jeszcze du\u017co \u015bcigania. A dzi\u015b gratuluj\u0119 Julianowi, ko\u0144c\u00f3wk\u0119 pojecha\u0142 naprawd\u0119 szybko \u2013 przyzna\u0142 Sagan.<\/p>\n<p><strong>Dla kogo szampan?<\/strong><\/p>\n<p>Dzi\u015b kolarze zmierz\u0105 si\u0119 z licz\u0105cym 213,5 km etapem z Reims do Nancy. Tu do g\u0142osu maj\u0105 doj\u015b\u0107 sprinterzy, na trasie rozmieszczono te\u017c dwie premie g\u00f3rskie (4. kategorii).<\/p>\n<p>&#8211; Jeste\u015bmy w Szampanii, a na razie szampana pij\u0105 Francuzi za spraw\u0105 Alaphilippe\u2019a. W 100 procentach wykorzysta\u0142 szans\u0119, za to my teraz b\u0119dziemy trzymali kciuki, by na kt\u00f3rym\u015b z kolejnych etap\u00f3w zwyci\u0119stwo odnios\u0142a ekipa CCC \u2013 zaprasza\u0142 na kolejne dni \u015bci\u0105gania Dariusz Baranowski, ekspert Eurosportu.<\/p>\n<div class=\"embed-controller-wrapper\">\n<div class=\"embed-wrapper\"><iframe title=\"Tour de France 2019 - Presentation - Stage 4\" width=\"500\" height=\"281\" data-src=\"https:\/\/www.youtube.com\/embed\/Yr0R0OAztxE?feature=oembed\" frameborder=\"0\" allow=\"accelerometer; autoplay; clipboard-write; encrypted-media; gyroscope; picture-in-picture; web-share\" referrerpolicy=\"strict-origin-when-cross-origin\" allowfullscreen><\/iframe><\/div>\n<\/div>\n<p><strong>Klasyfikacja generalna po 3. etapie:<\/strong><\/p>\n<ol>\n<li>Julian Alaphilippe (Deceuninck &#8211; Quick-Step)<\/li>\n<li>Wout van Aert (Team Jumbo-Visma) +20<\/li>\n<li>Steven Kruijswijk (Team Jumbo-Visma) +25<\/li>\n<\/ol>\n<p>&#8212;&#8212;<\/p>\n<p>54. Micha\u0142 Kwiatkowski (Team Ineos) +0.02:00<\/p>\n<p>152. \u0141ukasz Wi\u015bniowski (CCC Team) +0.16:16<\/p>\n","protected":false},"excerpt":{"rendered":"<p>Brzmi to jak \u015bwi\u0119tokradztwo, ale miliony Francuz\u00f3w pewnie chcia\u0142oby, \u017ceby Tour de France sko\u0144czy\u0142 si\u0119 ju\u017c teraz! A wszystko za [&hellip;]<\/p>\n","protected":false},"author":76,"featured_media":9313,"comment_status":"open","ping_status":"open","sticky":false,"template":"","format":"standard","meta":{"footnotes":""},"categories":[300],"tags":[],"global-categories":[],"class_list":["post-9309","post","type-post","status-publish","format-standard","has-post-thumbnail","hentry","category-tour-de-france-2019"],"yoast_head":"<!-- This site is optimized with the Yoast SEO Premium plugin v25.3 (Yoast SEO v25.9) - https:\/\/yoast.com\/wordpress\/plugins\/seo\/ -->\n<title>Spe\u0142nione marzenie na Tour de France! Czy to koniec kl\u0105twy? - \u0160koda We Love Cycling - Poland<\/title>\n<meta name=\"robots\" content=\"index, follow, max-snippet:-1, max-image-preview:large, max-video-preview:-1\" \/>\n<link rel=\"canonical\" href=\"https:\/\/www.welovecycling.com\/pl\/2019\/07\/09\/spelnione-marzenie-na-tour-de-france-czy-to-koniec-klatwy\/\" \/>\n<meta property=\"og:locale\" content=\"pl_PL\" \/>\n<meta property=\"og:type\" content=\"article\" \/>\n<meta property=\"og:title\" content=\"Spe\u0142nione marzenie na Tour de France! Czy to koniec kl\u0105twy?\" \/>\n<meta property=\"og:description\" content=\"Brzmi to jak \u015bwi\u0119tokradztwo, ale miliony Francuz\u00f3w pewnie chcia\u0142oby, \u017ceby Tour de France sko\u0144czy\u0142 si\u0119 ju\u017c teraz! A wszystko za [&hellip;]\" \/>\n<meta property=\"og:url\" content=\"https:\/\/www.welovecycling.com\/pl\/2019\/07\/09\/spelnione-marzenie-na-tour-de-france-czy-to-koniec-klatwy\/\" \/>\n<meta property=\"og:site_name\" content=\"\u0160koda We Love Cycling - Poland\" \/>\n<meta property=\"article:published_time\" content=\"2019-07-09T10:09:35+00:00\" \/>\n<meta property=\"article:modified_time\" content=\"2019-07-12T09:45:57+00:00\" \/>\n<meta property=\"og:image\" content=\"https:\/\/d2p6e6u75xmxt8.cloudfront.net\/5\/2019\/07\/4f8a4.jpg\" \/>\n\t<meta property=\"og:image:width\" content=\"1000\" \/>\n\t<meta property=\"og:image:height\" content=\"666\" \/>\n\t<meta property=\"og:image:type\" content=\"image\/jpeg\" \/>\n<meta name=\"author\" content=\"piotrboczkowski\" \/>\n<meta name=\"twitter:card\" content=\"summary_large_image\" \/>\n<meta name=\"twitter:label1\" content=\"Written by\" \/>\n\t<meta name=\"twitter:data1\" content=\"Piotr Nowik\" \/>\n\t<meta name=\"twitter:label2\" content=\"Est. reading time\" \/>\n\t<meta name=\"twitter:data2\" content=\"3 minutes\" \/>\n<script type=\"application\/ld+json\" class=\"yoast-schema-graph\">{\"@context\":\"https:\/\/schema.org\",\"@graph\":[{\"@type\":\"WebPage\",\"@id\":\"https:\/\/www.welovecycling.com\/pl\/2019\/07\/09\/spelnione-marzenie-na-tour-de-france-czy-to-koniec-klatwy\/\",\"url\":\"https:\/\/www.welovecycling.com\/pl\/2019\/07\/09\/spelnione-marzenie-na-tour-de-france-czy-to-koniec-klatwy\/\",\"name\":\"Spe\u0142nione marzenie na Tour de France! Czy to koniec kl\u0105twy? - \u0160koda We Love Cycling - Poland\",\"isPartOf\":{\"@id\":\"https:\/\/www.welovecycling.com\/pl\/#website\"},\"primaryImageOfPage\":{\"@id\":\"https:\/\/www.welovecycling.com\/pl\/2019\/07\/09\/spelnione-marzenie-na-tour-de-france-czy-to-koniec-klatwy\/#primaryimage\"},\"image\":{\"@id\":\"https:\/\/www.welovecycling.com\/pl\/2019\/07\/09\/spelnione-marzenie-na-tour-de-france-czy-to-koniec-klatwy\/#primaryimage\"},\"thumbnailUrl\":\"https:\/\/d2p6e6u75xmxt8.cloudfront.net\/5\/2019\/07\/4f8a4.jpg\",\"datePublished\":\"2019-07-09T10:09:35+00:00\",\"dateModified\":\"2019-07-12T09:45:57+00:00\",\"author\":{\"@id\":\"https:\/\/www.welovecycling.com\/pl\/#\/schema\/person\/0dba2d39da943db9df3fd8f4687e7f23\"},\"breadcrumb\":{\"@id\":\"https:\/\/www.welovecycling.com\/pl\/2019\/07\/09\/spelnione-marzenie-na-tour-de-france-czy-to-koniec-klatwy\/#breadcrumb\"},\"inLanguage\":\"pl-PL\",\"potentialAction\":[{\"@type\":\"ReadAction\",\"target\":[\"https:\/\/www.welovecycling.com\/pl\/2019\/07\/09\/spelnione-marzenie-na-tour-de-france-czy-to-koniec-klatwy\/\"]}]},{\"@type\":\"ImageObject\",\"inLanguage\":\"pl-PL\",\"@id\":\"https:\/\/www.welovecycling.com\/pl\/2019\/07\/09\/spelnione-marzenie-na-tour-de-france-czy-to-koniec-klatwy\/#primaryimage\",\"url\":\"https:\/\/d2p6e6u75xmxt8.cloudfront.net\/5\/2019\/07\/4f8a4.jpg\",\"contentUrl\":\"https:\/\/d2p6e6u75xmxt8.cloudfront.net\/5\/2019\/07\/4f8a4.jpg\",\"width\":1000,\"height\":666,\"caption\":\"tour de France 2019 - 08\/07\/2019 - Etape 3 - Binche \/ Epernay (215 Km) - Julian ALAPHILIPPE (DECEUNINCK - QUICK - STEP) Avec le maillot Jaune \u00a9 A.S.O.\/Alex BROADWAY\"},{\"@type\":\"BreadcrumbList\",\"@id\":\"https:\/\/www.welovecycling.com\/pl\/2019\/07\/09\/spelnione-marzenie-na-tour-de-france-czy-to-koniec-klatwy\/#breadcrumb\",\"itemListElement\":[{\"@type\":\"ListItem\",\"position\":1,\"name\":\"Home\",\"item\":\"https:\/\/www.welovecycling.com\/pl\/\"},{\"@type\":\"ListItem\",\"position\":2,\"name\":\"Spe\u0142nione marzenie na Tour de France! Czy to koniec kl\u0105twy?\"}]},{\"@type\":\"WebSite\",\"@id\":\"https:\/\/www.welovecycling.com\/pl\/#website\",\"url\":\"https:\/\/www.welovecycling.com\/pl\/\",\"name\":\"\u0160koda We Love Cycling - Poland\",\"description\":\"\",\"potentialAction\":[{\"@type\":\"SearchAction\",\"target\":{\"@type\":\"EntryPoint\",\"urlTemplate\":\"https:\/\/www.welovecycling.com\/pl\/?s={search_term_string}\"},\"query-input\":{\"@type\":\"PropertyValueSpecification\",\"valueRequired\":true,\"valueName\":\"search_term_string\"}}],\"inLanguage\":\"pl-PL\"},{\"@type\":\"Person\",\"@id\":\"https:\/\/www.welovecycling.com\/pl\/#\/schema\/person\/0dba2d39da943db9df3fd8f4687e7f23\",\"name\":\"piotrboczkowski\",\"image\":{\"@type\":\"ImageObject\",\"inLanguage\":\"pl-PL\",\"@id\":\"https:\/\/www.welovecycling.com\/pl\/#\/schema\/person\/image\/\",\"url\":\"https:\/\/secure.gravatar.com\/avatar\/533caccae14752e03a2ce2d3fd62d1b98b93e1393c3195c27819e53344ca1ace?s=96&d=mm&r=g\",\"contentUrl\":\"https:\/\/secure.gravatar.com\/avatar\/533caccae14752e03a2ce2d3fd62d1b98b93e1393c3195c27819e53344ca1ace?s=96&d=mm&r=g\",\"caption\":\"piotrboczkowski\"},\"url\":\"https:\/\/www.welovecycling.com\/pl\/author\/piotrboczkowski\/\"}]}<\/script>\n<!-- \/ Yoast SEO Premium plugin. -->","yoast_head_json":{"title":"Spe\u0142nione marzenie na Tour de France! Czy to koniec kl\u0105twy? - \u0160koda We Love Cycling - Poland","robots":{"index":"index","follow":"follow","max-snippet":"max-snippet:-1","max-image-preview":"max-image-preview:large","max-video-preview":"max-video-preview:-1"},"canonical":"https:\/\/www.welovecycling.com\/pl\/2019\/07\/09\/spelnione-marzenie-na-tour-de-france-czy-to-koniec-klatwy\/","og_locale":"pl_PL","og_type":"article","og_title":"Spe\u0142nione marzenie na Tour de France! Czy to koniec kl\u0105twy?","og_description":"Brzmi to jak \u015bwi\u0119tokradztwo, ale miliony Francuz\u00f3w pewnie chcia\u0142oby, \u017ceby Tour de France sko\u0144czy\u0142 si\u0119 ju\u017c teraz! A wszystko za [&hellip;]","og_url":"https:\/\/www.welovecycling.com\/pl\/2019\/07\/09\/spelnione-marzenie-na-tour-de-france-czy-to-koniec-klatwy\/","og_site_name":"\u0160koda We Love Cycling - Poland","article_published_time":"2019-07-09T10:09:35+00:00","article_modified_time":"2019-07-12T09:45:57+00:00","og_image":[{"width":1000,"height":666,"url":"https:\/\/d2p6e6u75xmxt8.cloudfront.net\/5\/2019\/07\/4f8a4.jpg","type":"image\/jpeg"}],"author":"piotrboczkowski","twitter_card":"summary_large_image","twitter_misc":{"Written by":"Piotr Nowik","Est. reading time":"3 minutes"},"schema":{"@context":"https:\/\/schema.org","@graph":[{"@type":"WebPage","@id":"https:\/\/www.welovecycling.com\/pl\/2019\/07\/09\/spelnione-marzenie-na-tour-de-france-czy-to-koniec-klatwy\/","url":"https:\/\/www.welovecycling.com\/pl\/2019\/07\/09\/spelnione-marzenie-na-tour-de-france-czy-to-koniec-klatwy\/","name":"Spe\u0142nione marzenie na Tour de France! Czy to koniec kl\u0105twy? - \u0160koda We Love Cycling - Poland","isPartOf":{"@id":"https:\/\/www.welovecycling.com\/pl\/#website"},"primaryImageOfPage":{"@id":"https:\/\/www.welovecycling.com\/pl\/2019\/07\/09\/spelnione-marzenie-na-tour-de-france-czy-to-koniec-klatwy\/#primaryimage"},"image":{"@id":"https:\/\/www.welovecycling.com\/pl\/2019\/07\/09\/spelnione-marzenie-na-tour-de-france-czy-to-koniec-klatwy\/#primaryimage"},"thumbnailUrl":"https:\/\/d2p6e6u75xmxt8.cloudfront.net\/5\/2019\/07\/4f8a4.jpg","datePublished":"2019-07-09T10:09:35+00:00","dateModified":"2019-07-12T09:45:57+00:00","author":{"@id":"https:\/\/www.welovecycling.com\/pl\/#\/schema\/person\/0dba2d39da943db9df3fd8f4687e7f23"},"breadcrumb":{"@id":"https:\/\/www.welovecycling.com\/pl\/2019\/07\/09\/spelnione-marzenie-na-tour-de-france-czy-to-koniec-klatwy\/#breadcrumb"},"inLanguage":"pl-PL","potentialAction":[{"@type":"ReadAction","target":["https:\/\/www.welovecycling.com\/pl\/2019\/07\/09\/spelnione-marzenie-na-tour-de-france-czy-to-koniec-klatwy\/"]}]},{"@type":"ImageObject","inLanguage":"pl-PL","@id":"https:\/\/www.welovecycling.com\/pl\/2019\/07\/09\/spelnione-marzenie-na-tour-de-france-czy-to-koniec-klatwy\/#primaryimage","url":"https:\/\/d2p6e6u75xmxt8.cloudfront.net\/5\/2019\/07\/4f8a4.jpg","contentUrl":"https:\/\/d2p6e6u75xmxt8.cloudfront.net\/5\/2019\/07\/4f8a4.jpg","width":1000,"height":666,"caption":"tour de France 2019 - 08\/07\/2019 - Etape 3 - Binche \/ Epernay (215 Km) - Julian ALAPHILIPPE (DECEUNINCK - QUICK - STEP) Avec le maillot Jaune \u00a9 A.S.O.\/Alex BROADWAY"},{"@type":"BreadcrumbList","@id":"https:\/\/www.welovecycling.com\/pl\/2019\/07\/09\/spelnione-marzenie-na-tour-de-france-czy-to-koniec-klatwy\/#breadcrumb","itemListElement":[{"@type":"ListItem","position":1,"name":"Home","item":"https:\/\/www.welovecycling.com\/pl\/"},{"@type":"ListItem","position":2,"name":"Spe\u0142nione marzenie na Tour de France! Czy to koniec kl\u0105twy?"}]},{"@type":"WebSite","@id":"https:\/\/www.welovecycling.com\/pl\/#website","url":"https:\/\/www.welovecycling.com\/pl\/","name":"\u0160koda We Love Cycling - Poland","description":"","potentialAction":[{"@type":"SearchAction","target":{"@type":"EntryPoint","urlTemplate":"https:\/\/www.welovecycling.com\/pl\/?s={search_term_string}"},"query-input":{"@type":"PropertyValueSpecification","valueRequired":true,"valueName":"search_term_string"}}],"inLanguage":"pl-PL"},{"@type":"Person","@id":"https:\/\/www.welovecycling.com\/pl\/#\/schema\/person\/0dba2d39da943db9df3fd8f4687e7f23","name":"piotrboczkowski","image":{"@type":"ImageObject","inLanguage":"pl-PL","@id":"https:\/\/www.welovecycling.com\/pl\/#\/schema\/person\/image\/","url":"https:\/\/secure.gravatar.com\/avatar\/533caccae14752e03a2ce2d3fd62d1b98b93e1393c3195c27819e53344ca1ace?s=96&d=mm&r=g","contentUrl":"https:\/\/secure.gravatar.com\/avatar\/533caccae14752e03a2ce2d3fd62d1b98b93e1393c3195c27819e53344ca1ace?s=96&d=mm&r=g","caption":"piotrboczkowski"},"url":"https:\/\/www.welovecycling.com\/pl\/author\/piotrboczkowski\/"}]}},"_links":{"self":[{"href":"https:\/\/www.welovecycling.com\/pl\/wp-json\/wp\/v2\/posts\/9309","targetHints":{"allow":["GET"]}}],"collection":[{"href":"https:\/\/www.welovecycling.com\/pl\/wp-json\/wp\/v2\/posts"}],"about":[{"href":"https:\/\/www.welovecycling.com\/pl\/wp-json\/wp\/v2\/types\/post"}],"author":[{"embeddable":true,"href":"https:\/\/www.welovecycling.com\/pl\/wp-json\/wp\/v2\/users\/76"}],"replies":[{"embeddable":true,"href":"https:\/\/www.welovecycling.com\/pl\/wp-json\/wp\/v2\/comments?post=9309"}],"version-history":[{"count":2,"href":"https:\/\/www.welovecycling.com\/pl\/wp-json\/wp\/v2\/posts\/9309\/revisions"}],"predecessor-version":[{"id":9344,"href":"https:\/\/www.welovecycling.com\/pl\/wp-json\/wp\/v2\/posts\/9309\/revisions\/9344"}],"wp:featuredmedia":[{"embeddable":true,"href":"https:\/\/www.welovecycling.com\/pl\/wp-json\/wp\/v2\/media\/9313"}],"wp:attachment":[{"href":"https:\/\/www.welovecycling.com\/pl\/wp-json\/wp\/v2\/media?parent=9309"}],"wp:term":[{"taxonomy":"category","embeddable":true,"href":"https:\/\/www.welovecycling.com\/pl\/wp-json\/wp\/v2\/categories?post=9309"},{"taxonomy":"post_tag","embeddable":true,"href":"https:\/\/www.welovecycling.com\/pl\/wp-json\/wp\/v2\/tags?post=9309"},{"taxonomy":"global-categories","embeddable":true,"href":"https:\/\/www.welovecycling.com\/pl\/wp-json\/wp\/v2\/global-categories?post=9309"}],"curies":[{"name":"wp","href":"https:\/\/api.w.org\/{rel}","templated":true}]}}