{"id":9301,"date":"2019-07-06T08:34:46","date_gmt":"2019-07-06T08:34:46","guid":{"rendered":"https:\/\/www.welovecycling.com\/pl\/?p=9301"},"modified":"2019-07-08T18:50:50","modified_gmt":"2019-07-08T18:50:50","slug":"wielka-wyprawa-po-swiety-graal-kolarstwa-dolaczacie","status":"publish","type":"post","link":"https:\/\/www.welovecycling.com\/pl\/2019\/07\/06\/wielka-wyprawa-po-swiety-graal-kolarstwa-dolaczacie\/","title":{"rendered":"Wielka wyprawa po \u015awi\u0119ty Graal kolarstwa. Do\u0142\u0105czacie?"},"content":{"rendered":"<p><strong>Wy\u0142\u0105czcie telefony, uzupe\u0142nijcie lod\u00f3wk\u0119, a na drzwiach wywie\u015bcie napis: \u201eNie przeszkadza\u0107, trwa kolarska uczta!\u201d. W sobot\u0119 startuje najstarszy, najwi\u0119kszy i najbardziej presti\u017cowy wy\u015bcig \u015bwiata \u2013 Tour de France! Gotowi? Zaczynamy!<\/strong><\/p>\n<p>Na tak\u0105 uczt\u0119 fani pi\u0142ki no\u017cnej czy siatk\u00f3wki czekaj\u0105 cztery lata. Pasjonaci kolarstwa na szcz\u0119\u015bcie otrzymuj\u0105 j\u0105 co roku, a i tak przerwa mi\u0119dzy edycjami ci\u0105gnie si\u0119 jak najd\u0142u\u017cszy i najnudniejszy etap.<\/p>\n<p>W sobot\u0119 kolarskie m\u0119ki p\u00f3jd\u0105 ju\u017c w zapomnienie i zaczn\u0105 si\u0119 trzy tygodnie wszystkiego, co w tej dyscyplinie najlepsze. Szczeg\u00f3lnie, \u017ce tegoroczne \u015bciganie zapowiada si\u0119 wyj\u0105tkowo smakowicie.<\/p>\n<p><img loading=\"lazy\" decoding=\"async\" class=\"alignnone size-full wp-image-174576 initial loaded\" src=\"https:\/\/d2p6e6u75xmxt8.cloudfront.net\/2\/2019\/07\/pubcar2-1.jpg\" sizes=\"auto, (max-width: 1377px) 100vw, 1377px\" srcset=\"https:\/\/d2p6e6u75xmxt8.cloudfront.net\/2\/2019\/07\/pubcar2-1.jpg 1377w, https:\/\/d2p6e6u75xmxt8.cloudfront.net\/2\/2019\/07\/pubcar2-1-300x200.jpg 300w, https:\/\/d2p6e6u75xmxt8.cloudfront.net\/2\/2019\/07\/pubcar2-1-768x512.jpg 768w, https:\/\/d2p6e6u75xmxt8.cloudfront.net\/2\/2019\/07\/pubcar2-1-1024x683.jpg 1024w, https:\/\/d2p6e6u75xmxt8.cloudfront.net\/2\/2019\/07\/pubcar2-1-272x182.jpg 272w\" alt=\"\" width=\"1377\" height=\"918\" data-was-processed=\"true\" \/><\/p>\n<p>\u201eS\u0105 wy\u015bcigi i jest Tour de France. \u017b\u00f3\u0142ta koszulka to \u015awi\u0119ty Graal kolarstwa\u201d \u2013 s\u0142ycha\u0107 na filmie reklamuj\u0105cym 106. edycj\u0119 wy\u015bcigu i nie ma w tym \u017cadnej przesady.<\/p>\n<p><strong>Przekl\u0119ty katar!<\/strong><\/p>\n<p>Niestety, ale tegoroczne emocje wynikaj\u0105 g\u0142\u00f3wnie z faktu, \u017ce z tegorocznej rywalizacji wypad\u0142 Christopher Froome. Brytyjczyk rekord zwyci\u0119stw w Tour de France ma na wyci\u0105gni\u0119cie r\u0119ki, ale coraz bardziej w\u0105tpliwe wydaje si\u0119, \u017ce uda si\u0119 mu postawi\u0107 ostatni krok.<\/p>\n<div class=\"embed-controller-wrapper\">\n<blockquote class=\"twitter-tweet\" data-width=\"500\" data-dnt=\"true\">\n<p lang=\"en\" dir=\"ltr\">We had one very special guest join in our final pre-race meeting&#8230; \ud83d\udcf1<\/p>\n<p>Great to see <a href=\"https:\/\/twitter.com\/chrisfroome?ref_src=twsrc%5Etfw\">@ChrisFroome<\/a> back at home as he continues his recovery \ud83d\ude0a <a href=\"https:\/\/t.co\/CEQeKVK4UI\">pic.twitter.com\/CEQeKVK4UI<\/a><\/p>\n<p>&mdash; INEOS Grenadiers (@INEOSGrenadiers) <a href=\"https:\/\/twitter.com\/INEOSGrenadiers\/status\/1147182997269032960?ref_src=twsrc%5Etfw\">July 5, 2019<\/a><\/p><\/blockquote>\n<p><script async data-src=\"https:\/\/platform.twitter.com\/widgets.js\" charset=\"utf-8\"><\/script><\/div>\n<p>Froome Wielk\u0105 P\u0119tl\u0119 wygra\u0142 ju\u017c cztery razy i do zr\u00f3wnania si\u0119 z rekordzistami brakuje mu tylko jednego zwyci\u0119stwa. Rok temu musia\u0142 jednak uzna\u0107 wy\u017cszo\u015b\u0107 Gerainta Thomasa, a w tym\u2026 kontuzji. W czasie rekonesansu trasy podczas Criterium du Dauphine mia\u0142 bowiem koszmarny wypadek.<\/p>\n<p>&#8211; Przewr\u00f3ci\u0142 si\u0119 zje\u017cd\u017caj\u0105c przy du\u017cej pr\u0119dko\u015bci i uderzy\u0142 w \u015bcian\u0119. To oczywiste, \u017ce nie pojedzie w Tour de France. Troch\u0119 potrwa, zanim w og\u00f3le wr\u00f3ci do \u015bcigania \u2013 m\u00f3wi\u0142 Dave Brailsford, szef grupy Ineos, przed kamerami francuskiej telewizji.<\/p>\n<p>34-letni kolarz z\u0142ama\u0142 ko\u015b\u0107 udow\u0105, biodrow\u0105, kilka \u017ceber i przemie\u015bci\u0142 \u0142okie\u0107, a zaraz po wypadku mia\u0142 problemy z m\u00f3wieniem. A wszystko przez to, \u017ce \u2013 jak zapewnia\u0142 jeden ze \u015bwiadk\u00f3w wypadku \u2013 podczas zjazdu pu\u015bci\u0142 kierownic\u0119, by\u2026 wysi\u0105ka\u0107 nos. Co za pech!<\/p>\n<p><strong>Rekord nie padnie<\/strong><\/p>\n<p>Kolega z zespo\u0142u Micha\u0142a Kwiatkowskiego nie jest jednak jedynym zawodnikiem, kt\u00f3ry ostrzy\u0142 sobie z\u0119by na rekord, a nawet nie b\u0119dzie dane mu si\u0119 z nim zmierzy\u0107.<\/p>\n<p>W Tour de France nie pojedzie te\u017c inny znakomity kolarz \u2013 Mark Cavendish. Zawodnik Dimension Data ma na koncie 30 wygranych etap\u00f3w w Wielkiej P\u0119tli, a do rekordzisty Eddy\u2019ego Merckxa brakuje mu czterech. W tym roku nie odrobi jednak ani jednego, poniewa\u017c po walce z wirusem szefowie jego grupy uznali, \u017ce Brytyjczyk nie jest jeszcze wystarczaj\u0105co mocny, by pojecha\u0107 w najwi\u0119kszym wy\u015bcigu \u015bwiata.<\/p>\n<p>https:\/\/www.instagram.com\/p\/BzcvrRSgbEN\/<\/p>\n<p>Podobny b\u00f3l odczuwa r\u00f3wnie\u017c Nacer Bouhanni z grupy Cofidis, kt\u00f3ry te\u017c nie znalaz\u0142 uznania w oczach szefostwa swojego teamu.<\/p>\n<p>Na czas nie zd\u0105\u017cy\u0142 przygotowa\u0107 si\u0119 Holender Tom Dumoulin, kt\u00f3ry r\u00f3wnie\u017c zmaga\u0142 si\u0119 z kontuzj\u0105. Pod nieobecno\u015b\u0107 Froome\u2019a m\u00f3g\u0142by by\u0107 nawet jednym z pretendent\u00f3w do wygrania wy\u015bcigu, ale ostatecznie w Wielkiej P\u0119tli nie pojedzie.<\/p>\n<p><strong>Posucha po t\u0142ustych latach<\/strong><\/p>\n<p>Kontuzje i nieszcz\u0119\u015bcia sprawi\u0142y, \u017ce w\u015br\u00f3d fan\u00f3w kolarstwa rozgorza\u0142a dyskusja pt. \u201eKto wygra 106. Tour de France?!\u201d. Najwy\u017cej stoj\u0105 notowania Gerainta Thomasa. W zesz\u0142ym roku pokaza\u0142, \u017ce wie, jak dowie\u017a\u0107 \u017c\u00f3\u0142t\u0105 koszulk\u0119 na Pola Elizejskie, poza tym Ineos to zdecydowanie najmocniejsza grupa w \u015bwiatowym peletonie. W ko\u0144cu nieprzypadkowo z sze\u015bciu ostatnich edycji Wielkiej P\u0119tli, zawodnicy Ineos (w\u00f3wczas je\u017cd\u017c\u0105cy pod szyldem Team Sky) wygrali a\u017c pi\u0119\u0107!<\/p>\n<p>Tyle \u017ce szefostwo zespo\u0142u woli dmucha\u0107 na zimne i zabezpiecza si\u0119 na wypadek s\u0142abszej dyspozycji Thomasa. W jaki spos\u00f3b? O jak najwy\u017csz\u0105 lokat\u0119 (a mo\u017ce nawet o zwyci\u0119stwo?) ma walczy\u0107 r\u00f3wnie\u017c inny kolega z zespo\u0142u Kwiatkowskiego \u2013 Kolumbijczyk Egan Bernal.<\/p>\n<p>W\u015br\u00f3d kandydat\u00f3w do wygranej wymieniani s\u0105 te\u017c zawodnicy, kt\u00f3rzy ju\u017c kiedy\u015b b\u0142ysn\u0119li na Wielkiej P\u0119tli: Vincenzo Nibali (zwyci\u0119\u017cy\u0142 w 2014 r.), kt\u00f3ry\u015b z braci Yates (Adam klasyfikacj\u0119 m\u0142odzie\u017cow\u0105 wygra\u0142 w 2016 roku, a Simon w 2017) oraz Nairo Quintana (triumfowa\u0142 zar\u00f3wno w klasyfikacji g\u00f3rskiej, jak i m\u0142odzie\u017cowej).<\/p>\n<p>Na jeszcze inne rozstrzygni\u0119cie licz\u0105 gospodarze wy\u015bcigu, bo t\u0142ustych latach, ostatnim francuskim zwyci\u0119zc\u0105 Wielkiej P\u0119tli by\u0142 Barnard Hinault i to 34 lata temu! Dzi\u015b najwi\u0119ksze szanse wydaje si\u0119 mie\u0107 Romain Bardet, kt\u00f3ry w 2016 roku by\u0142 drugi, a w 2017 \u2013 trzeci.<\/p>\n<p><strong>Pocz\u0105tek wy\u015bcigu na podw\u00f3rku mistrza <\/strong><\/p>\n<p>Wielki \u015bciganie zaczyna si\u0119 w sobot\u0119 w Brukseli, gdzie Tour de France przyci\u0105gn\u0105\u0142 sam Eddy Merckx, pi\u0119ciokrotny zwyci\u0119zca wy\u015bcigu, uwa\u017cany za najwybitniejszego kolarza w historii.<\/p>\n<p>https:\/\/www.instagram.com\/p\/BzgosA1ouIk\/<\/p>\n<p>Trasa pierwszego etapu prowadzi niemal przed podw\u00f3rko jego domu i liczy \u0142\u0105cznie blisko 195 km. Rywalizacja zapowiada si\u0119 bardzo ciekawie, poniewa\u017c dla wielu zawodnik b\u0119dzie to pierwsza i ostatnia okazja za\u0142o\u017cenia \u017c\u00f3\u0142tej koszulki lidera, a przecie\u017c motywem przewodnim tegorocznego Tour de France jest w\u0142a\u015bnie 100-lecie najbardziej znanej kolarskiej koszulki na \u015bwiecie!<\/p>\n<p>Nazajutrz \u015bciganie b\u0119dzie jeszcze ciekawsze, bo po ulicach Brukseli zostanie rozegrana jazda dru\u017cynowa na czas. Trasa liczy zaledwie 28 km, ale potrafi sp\u0142ata\u0107 figla najlepszym zawodnikom.<\/p>\n<p>W poniedzia\u0142ek kolarze zamelduj\u0105 si\u0119 ju\u017c we Francji, a trzy dni p\u00f3\u017aniej do g\u0142osu dojd\u0105 specjali\u015bci od jazdy po g\u00f3rach. Prawdziwa gratka jednak czeka na nich dopiero w drugiej cz\u0119\u015bci wy\u015bcigu, gdy losy Tour de France b\u0119d\u0105 rozstrzyga\u0142y si\u0119 w Pirenejach i Alpach.<\/p>\n<p>https:\/\/www.instagram.com\/p\/BzqKfiSopq8\/<\/p>\n<ol start=\"106\">\n<li>edycja Tour de France zako\u0144czy si\u0119 28 lipca na Polach Elizejskich. Gotowi do startu?<\/li>\n<\/ol>\n<style type=\"text\/css\"><!--td {border: 1px solid #ccc;}br {mso-data-placement:same-cell;}--><\/style>\n<p><span data-sheets-value=\"{&quot;1&quot;:2,&quot;2&quot;:&quot;Artyku\u0142 powsta\u0142 we wsp\u00f3\u0142pracy ze skoda-auto.pl&quot;}\" data-sheets-userformat=\"{&quot;2&quot;:268424,&quot;6&quot;:{&quot;1&quot;:[{&quot;1&quot;:2,&quot;2&quot;:0,&quot;5&quot;:[null,2,0]},{&quot;1&quot;:0,&quot;2&quot;:0,&quot;3&quot;:3},{&quot;1&quot;:1,&quot;2&quot;:0,&quot;4&quot;:1}]},&quot;10&quot;:2,&quot;14&quot;:[null,2,1136076],&quot;15&quot;:&quot;arial,sans,sans-serif&quot;,&quot;21&quot;:1}\"><a class=\"in-cell-link\" href=\"http:\/\/www.skoda-auto.pl\/\" target=\"_blank\" rel=\"noopener\">Artyku\u0142 powsta\u0142 we wsp\u00f3\u0142pracy ze skoda-auto.pl<\/a><\/span><\/p>\n","protected":false},"excerpt":{"rendered":"<p>Wy\u0142\u0105czcie telefony, uzupe\u0142nijcie lod\u00f3wk\u0119, a na drzwiach wywie\u015bcie napis: \u201eNie przeszkadza\u0107, trwa kolarska uczta!\u201d. W sobot\u0119 startuje najstarszy, najwi\u0119kszy i [&hellip;]<\/p>\n","protected":false},"author":76,"featured_media":9302,"comment_status":"open","ping_status":"open","sticky":false,"template":"","format":"standard","meta":{"footnotes":""},"categories":[300],"tags":[],"global-categories":[],"class_list":["post-9301","post","type-post","status-publish","format-standard","has-post-thumbnail","hentry","category-tour-de-france-2019"],"yoast_head":"<!-- This site is optimized with the Yoast SEO Premium plugin v25.3 (Yoast SEO v25.9) - https:\/\/yoast.com\/wordpress\/plugins\/seo\/ -->\n<title>Wielka wyprawa po \u015awi\u0119ty Graal kolarstwa. Do\u0142\u0105czacie? - \u0160koda We Love Cycling - Poland<\/title>\n<meta name=\"robots\" content=\"index, follow, max-snippet:-1, max-image-preview:large, max-video-preview:-1\" \/>\n<link rel=\"canonical\" href=\"https:\/\/www.welovecycling.com\/pl\/2019\/07\/06\/wielka-wyprawa-po-swiety-graal-kolarstwa-dolaczacie\/\" \/>\n<meta property=\"og:locale\" content=\"pl_PL\" \/>\n<meta property=\"og:type\" content=\"article\" \/>\n<meta property=\"og:title\" content=\"Wielka wyprawa po \u015awi\u0119ty Graal kolarstwa. Do\u0142\u0105czacie?\" \/>\n<meta property=\"og:description\" content=\"Wy\u0142\u0105czcie telefony, uzupe\u0142nijcie lod\u00f3wk\u0119, a na drzwiach wywie\u015bcie napis: \u201eNie przeszkadza\u0107, trwa kolarska uczta!\u201d. W sobot\u0119 startuje najstarszy, najwi\u0119kszy i [&hellip;]\" \/>\n<meta property=\"og:url\" content=\"https:\/\/www.welovecycling.com\/pl\/2019\/07\/06\/wielka-wyprawa-po-swiety-graal-kolarstwa-dolaczacie\/\" \/>\n<meta property=\"og:site_name\" content=\"\u0160koda We Love Cycling - Poland\" \/>\n<meta property=\"article:published_time\" content=\"2019-07-06T08:34:46+00:00\" \/>\n<meta property=\"article:modified_time\" content=\"2019-07-08T18:50:50+00:00\" \/>\n<meta property=\"og:image\" content=\"https:\/\/d2p6e6u75xmxt8.cloudfront.net\/5\/2019\/07\/thumbnail-1024x450.jpg\" \/>\n\t<meta property=\"og:image:width\" content=\"1024\" \/>\n\t<meta property=\"og:image:height\" content=\"450\" \/>\n\t<meta property=\"og:image:type\" content=\"image\/jpeg\" \/>\n<meta name=\"author\" content=\"piotrboczkowski\" \/>\n<meta name=\"twitter:card\" content=\"summary_large_image\" \/>\n<meta name=\"twitter:label1\" content=\"Written by\" \/>\n\t<meta name=\"twitter:data1\" content=\"Piotr Nowik\" \/>\n\t<meta name=\"twitter:label2\" content=\"Est. reading time\" \/>\n\t<meta name=\"twitter:data2\" content=\"5 minutes\" \/>\n<script type=\"application\/ld+json\" class=\"yoast-schema-graph\">{\"@context\":\"https:\/\/schema.org\",\"@graph\":[{\"@type\":\"WebPage\",\"@id\":\"https:\/\/www.welovecycling.com\/pl\/2019\/07\/06\/wielka-wyprawa-po-swiety-graal-kolarstwa-dolaczacie\/\",\"url\":\"https:\/\/www.welovecycling.com\/pl\/2019\/07\/06\/wielka-wyprawa-po-swiety-graal-kolarstwa-dolaczacie\/\",\"name\":\"Wielka wyprawa po \u015awi\u0119ty Graal kolarstwa. Do\u0142\u0105czacie? - \u0160koda We Love Cycling - Poland\",\"isPartOf\":{\"@id\":\"https:\/\/www.welovecycling.com\/pl\/#website\"},\"primaryImageOfPage\":{\"@id\":\"https:\/\/www.welovecycling.com\/pl\/2019\/07\/06\/wielka-wyprawa-po-swiety-graal-kolarstwa-dolaczacie\/#primaryimage\"},\"image\":{\"@id\":\"https:\/\/www.welovecycling.com\/pl\/2019\/07\/06\/wielka-wyprawa-po-swiety-graal-kolarstwa-dolaczacie\/#primaryimage\"},\"thumbnailUrl\":\"https:\/\/d2p6e6u75xmxt8.cloudfront.net\/5\/2019\/07\/thumbnail-1024x450.jpg\",\"datePublished\":\"2019-07-06T08:34:46+00:00\",\"dateModified\":\"2019-07-08T18:50:50+00:00\",\"author\":{\"@id\":\"https:\/\/www.welovecycling.com\/pl\/#\/schema\/person\/0dba2d39da943db9df3fd8f4687e7f23\"},\"breadcrumb\":{\"@id\":\"https:\/\/www.welovecycling.com\/pl\/2019\/07\/06\/wielka-wyprawa-po-swiety-graal-kolarstwa-dolaczacie\/#breadcrumb\"},\"inLanguage\":\"pl-PL\",\"potentialAction\":[{\"@type\":\"ReadAction\",\"target\":[\"https:\/\/www.welovecycling.com\/pl\/2019\/07\/06\/wielka-wyprawa-po-swiety-graal-kolarstwa-dolaczacie\/\"]}]},{\"@type\":\"ImageObject\",\"inLanguage\":\"pl-PL\",\"@id\":\"https:\/\/www.welovecycling.com\/pl\/2019\/07\/06\/wielka-wyprawa-po-swiety-graal-kolarstwa-dolaczacie\/#primaryimage\",\"url\":\"https:\/\/d2p6e6u75xmxt8.cloudfront.net\/5\/2019\/07\/thumbnail-1024x450.jpg\",\"contentUrl\":\"https:\/\/d2p6e6u75xmxt8.cloudfront.net\/5\/2019\/07\/thumbnail-1024x450.jpg\",\"width\":1024,\"height\":450},{\"@type\":\"BreadcrumbList\",\"@id\":\"https:\/\/www.welovecycling.com\/pl\/2019\/07\/06\/wielka-wyprawa-po-swiety-graal-kolarstwa-dolaczacie\/#breadcrumb\",\"itemListElement\":[{\"@type\":\"ListItem\",\"position\":1,\"name\":\"Home\",\"item\":\"https:\/\/www.welovecycling.com\/pl\/\"},{\"@type\":\"ListItem\",\"position\":2,\"name\":\"Wielka wyprawa po \u015awi\u0119ty Graal kolarstwa. Do\u0142\u0105czacie?\"}]},{\"@type\":\"WebSite\",\"@id\":\"https:\/\/www.welovecycling.com\/pl\/#website\",\"url\":\"https:\/\/www.welovecycling.com\/pl\/\",\"name\":\"\u0160koda We Love Cycling - Poland\",\"description\":\"\",\"potentialAction\":[{\"@type\":\"SearchAction\",\"target\":{\"@type\":\"EntryPoint\",\"urlTemplate\":\"https:\/\/www.welovecycling.com\/pl\/?s={search_term_string}\"},\"query-input\":{\"@type\":\"PropertyValueSpecification\",\"valueRequired\":true,\"valueName\":\"search_term_string\"}}],\"inLanguage\":\"pl-PL\"},{\"@type\":\"Person\",\"@id\":\"https:\/\/www.welovecycling.com\/pl\/#\/schema\/person\/0dba2d39da943db9df3fd8f4687e7f23\",\"name\":\"piotrboczkowski\",\"image\":{\"@type\":\"ImageObject\",\"inLanguage\":\"pl-PL\",\"@id\":\"https:\/\/www.welovecycling.com\/pl\/#\/schema\/person\/image\/\",\"url\":\"https:\/\/secure.gravatar.com\/avatar\/533caccae14752e03a2ce2d3fd62d1b98b93e1393c3195c27819e53344ca1ace?s=96&d=mm&r=g\",\"contentUrl\":\"https:\/\/secure.gravatar.com\/avatar\/533caccae14752e03a2ce2d3fd62d1b98b93e1393c3195c27819e53344ca1ace?s=96&d=mm&r=g\",\"caption\":\"piotrboczkowski\"},\"url\":\"https:\/\/www.welovecycling.com\/pl\/author\/piotrboczkowski\/\"}]}<\/script>\n<!-- \/ Yoast SEO Premium plugin. -->","yoast_head_json":{"title":"Wielka wyprawa po \u015awi\u0119ty Graal kolarstwa. Do\u0142\u0105czacie? - \u0160koda We Love Cycling - Poland","robots":{"index":"index","follow":"follow","max-snippet":"max-snippet:-1","max-image-preview":"max-image-preview:large","max-video-preview":"max-video-preview:-1"},"canonical":"https:\/\/www.welovecycling.com\/pl\/2019\/07\/06\/wielka-wyprawa-po-swiety-graal-kolarstwa-dolaczacie\/","og_locale":"pl_PL","og_type":"article","og_title":"Wielka wyprawa po \u015awi\u0119ty Graal kolarstwa. Do\u0142\u0105czacie?","og_description":"Wy\u0142\u0105czcie telefony, uzupe\u0142nijcie lod\u00f3wk\u0119, a na drzwiach wywie\u015bcie napis: \u201eNie przeszkadza\u0107, trwa kolarska uczta!\u201d. W sobot\u0119 startuje najstarszy, najwi\u0119kszy i [&hellip;]","og_url":"https:\/\/www.welovecycling.com\/pl\/2019\/07\/06\/wielka-wyprawa-po-swiety-graal-kolarstwa-dolaczacie\/","og_site_name":"\u0160koda We Love Cycling - Poland","article_published_time":"2019-07-06T08:34:46+00:00","article_modified_time":"2019-07-08T18:50:50+00:00","og_image":[{"width":1024,"height":450,"url":"https:\/\/d2p6e6u75xmxt8.cloudfront.net\/5\/2019\/07\/thumbnail-1024x450.jpg","type":"image\/jpeg"}],"author":"piotrboczkowski","twitter_card":"summary_large_image","twitter_misc":{"Written by":"Piotr Nowik","Est. reading time":"5 minutes"},"schema":{"@context":"https:\/\/schema.org","@graph":[{"@type":"WebPage","@id":"https:\/\/www.welovecycling.com\/pl\/2019\/07\/06\/wielka-wyprawa-po-swiety-graal-kolarstwa-dolaczacie\/","url":"https:\/\/www.welovecycling.com\/pl\/2019\/07\/06\/wielka-wyprawa-po-swiety-graal-kolarstwa-dolaczacie\/","name":"Wielka wyprawa po \u015awi\u0119ty Graal kolarstwa. Do\u0142\u0105czacie? - \u0160koda We Love Cycling - Poland","isPartOf":{"@id":"https:\/\/www.welovecycling.com\/pl\/#website"},"primaryImageOfPage":{"@id":"https:\/\/www.welovecycling.com\/pl\/2019\/07\/06\/wielka-wyprawa-po-swiety-graal-kolarstwa-dolaczacie\/#primaryimage"},"image":{"@id":"https:\/\/www.welovecycling.com\/pl\/2019\/07\/06\/wielka-wyprawa-po-swiety-graal-kolarstwa-dolaczacie\/#primaryimage"},"thumbnailUrl":"https:\/\/d2p6e6u75xmxt8.cloudfront.net\/5\/2019\/07\/thumbnail-1024x450.jpg","datePublished":"2019-07-06T08:34:46+00:00","dateModified":"2019-07-08T18:50:50+00:00","author":{"@id":"https:\/\/www.welovecycling.com\/pl\/#\/schema\/person\/0dba2d39da943db9df3fd8f4687e7f23"},"breadcrumb":{"@id":"https:\/\/www.welovecycling.com\/pl\/2019\/07\/06\/wielka-wyprawa-po-swiety-graal-kolarstwa-dolaczacie\/#breadcrumb"},"inLanguage":"pl-PL","potentialAction":[{"@type":"ReadAction","target":["https:\/\/www.welovecycling.com\/pl\/2019\/07\/06\/wielka-wyprawa-po-swiety-graal-kolarstwa-dolaczacie\/"]}]},{"@type":"ImageObject","inLanguage":"pl-PL","@id":"https:\/\/www.welovecycling.com\/pl\/2019\/07\/06\/wielka-wyprawa-po-swiety-graal-kolarstwa-dolaczacie\/#primaryimage","url":"https:\/\/d2p6e6u75xmxt8.cloudfront.net\/5\/2019\/07\/thumbnail-1024x450.jpg","contentUrl":"https:\/\/d2p6e6u75xmxt8.cloudfront.net\/5\/2019\/07\/thumbnail-1024x450.jpg","width":1024,"height":450},{"@type":"BreadcrumbList","@id":"https:\/\/www.welovecycling.com\/pl\/2019\/07\/06\/wielka-wyprawa-po-swiety-graal-kolarstwa-dolaczacie\/#breadcrumb","itemListElement":[{"@type":"ListItem","position":1,"name":"Home","item":"https:\/\/www.welovecycling.com\/pl\/"},{"@type":"ListItem","position":2,"name":"Wielka wyprawa po \u015awi\u0119ty Graal kolarstwa. Do\u0142\u0105czacie?"}]},{"@type":"WebSite","@id":"https:\/\/www.welovecycling.com\/pl\/#website","url":"https:\/\/www.welovecycling.com\/pl\/","name":"\u0160koda We Love Cycling - Poland","description":"","potentialAction":[{"@type":"SearchAction","target":{"@type":"EntryPoint","urlTemplate":"https:\/\/www.welovecycling.com\/pl\/?s={search_term_string}"},"query-input":{"@type":"PropertyValueSpecification","valueRequired":true,"valueName":"search_term_string"}}],"inLanguage":"pl-PL"},{"@type":"Person","@id":"https:\/\/www.welovecycling.com\/pl\/#\/schema\/person\/0dba2d39da943db9df3fd8f4687e7f23","name":"piotrboczkowski","image":{"@type":"ImageObject","inLanguage":"pl-PL","@id":"https:\/\/www.welovecycling.com\/pl\/#\/schema\/person\/image\/","url":"https:\/\/secure.gravatar.com\/avatar\/533caccae14752e03a2ce2d3fd62d1b98b93e1393c3195c27819e53344ca1ace?s=96&d=mm&r=g","contentUrl":"https:\/\/secure.gravatar.com\/avatar\/533caccae14752e03a2ce2d3fd62d1b98b93e1393c3195c27819e53344ca1ace?s=96&d=mm&r=g","caption":"piotrboczkowski"},"url":"https:\/\/www.welovecycling.com\/pl\/author\/piotrboczkowski\/"}]}},"_links":{"self":[{"href":"https:\/\/www.welovecycling.com\/pl\/wp-json\/wp\/v2\/posts\/9301","targetHints":{"allow":["GET"]}}],"collection":[{"href":"https:\/\/www.welovecycling.com\/pl\/wp-json\/wp\/v2\/posts"}],"about":[{"href":"https:\/\/www.welovecycling.com\/pl\/wp-json\/wp\/v2\/types\/post"}],"author":[{"embeddable":true,"href":"https:\/\/www.welovecycling.com\/pl\/wp-json\/wp\/v2\/users\/76"}],"replies":[{"embeddable":true,"href":"https:\/\/www.welovecycling.com\/pl\/wp-json\/wp\/v2\/comments?post=9301"}],"version-history":[{"count":2,"href":"https:\/\/www.welovecycling.com\/pl\/wp-json\/wp\/v2\/posts\/9301\/revisions"}],"predecessor-version":[{"id":9308,"href":"https:\/\/www.welovecycling.com\/pl\/wp-json\/wp\/v2\/posts\/9301\/revisions\/9308"}],"wp:featuredmedia":[{"embeddable":true,"href":"https:\/\/www.welovecycling.com\/pl\/wp-json\/wp\/v2\/media\/9302"}],"wp:attachment":[{"href":"https:\/\/www.welovecycling.com\/pl\/wp-json\/wp\/v2\/media?parent=9301"}],"wp:term":[{"taxonomy":"category","embeddable":true,"href":"https:\/\/www.welovecycling.com\/pl\/wp-json\/wp\/v2\/categories?post=9301"},{"taxonomy":"post_tag","embeddable":true,"href":"https:\/\/www.welovecycling.com\/pl\/wp-json\/wp\/v2\/tags?post=9301"},{"taxonomy":"global-categories","embeddable":true,"href":"https:\/\/www.welovecycling.com\/pl\/wp-json\/wp\/v2\/global-categories?post=9301"}],"curies":[{"name":"wp","href":"https:\/\/api.w.org\/{rel}","templated":true}]}}