{"id":9289,"date":"2019-07-05T18:24:46","date_gmt":"2019-07-05T18:24:46","guid":{"rendered":"https:\/\/www.welovecycling.com\/pl\/?p=9289"},"modified":"2019-07-08T18:34:26","modified_gmt":"2019-07-08T18:34:26","slug":"bartosz-huzarski-medale-rozdane-czyli-mpl-ostroda-2019","status":"publish","type":"post","link":"https:\/\/www.welovecycling.com\/pl\/2019\/07\/05\/bartosz-huzarski-medale-rozdane-czyli-mpl-ostroda-2019\/","title":{"rendered":"Bartosz Huzarski: Medale rozdane, czyli MPL Ostr\u00f3da 2019"},"content":{"rendered":"<p><strong>Po raz drugi w historii i drugi raz z rz\u0119du mistrzostwa Polski w kolarstwie szosowym rozegrane zosta\u0142y na Warmii i Mazurach. Samorz\u0105dy D\u0105br\u00f3wna i Ostr\u00f3da go\u015bci\u0142y jedyn\u0105 tak\u0105 imprez\u0119 na mapie Polski.<\/strong><\/p>\n<figure id=\"attachment_9290\" aria-describedby=\"caption-attachment-9290\" style=\"width: 3298px\" class=\"wp-caption aligncenter\"><img loading=\"lazy\" decoding=\"async\" class=\"size-full wp-image-9290\" src=\"https:\/\/d2p6e6u75xmxt8.cloudfront.net\/5\/2019\/07\/MP-Niedziela_0795.jpg\" alt=\"\" width=\"3298\" height=\"1855\" srcset=\"https:\/\/d2p6e6u75xmxt8.cloudfront.net\/5\/2019\/07\/MP-Niedziela_0795.jpg 3298w, https:\/\/d2p6e6u75xmxt8.cloudfront.net\/5\/2019\/07\/MP-Niedziela_0795-300x169.jpg 300w, https:\/\/d2p6e6u75xmxt8.cloudfront.net\/5\/2019\/07\/MP-Niedziela_0795-768x432.jpg 768w, https:\/\/d2p6e6u75xmxt8.cloudfront.net\/5\/2019\/07\/MP-Niedziela_0795-1024x576.jpg 1024w, https:\/\/d2p6e6u75xmxt8.cloudfront.net\/5\/2019\/07\/MP-Niedziela_0795-1920x1080.jpg 1920w, https:\/\/d2p6e6u75xmxt8.cloudfront.net\/5\/2019\/07\/MP-Niedziela_0795-1920x1080.jpg 1920w\" sizes=\"auto, (max-width: 3298px) 100vw, 3298px\" \/><figcaption id=\"caption-attachment-9290\" class=\"wp-caption-text\">FOT: Dariusz Krzywa\u0144ski<\/figcaption><\/figure>\n<p>&nbsp;<\/p>\n<p>Do rywalizacji w skompensowanej do trzech dni imprezie stan\u0119li m\u0119\u017cczy\u017ani i kobiety z kategorii junior i juniorka, U-23\/orlik i elita m\u0119\u017cczyzn oraz U-23\/orliczka i elita kobiet. Wzorem roku poprzedniego kolarze rywalizowali w dw\u00f3ch konkurencjach i dw\u00f3ch lokalizacjach. Ca\u0142a zabawa rozpocz\u0119\u0142a si\u0119 w miejscowo\u015bci St\u0119bark, w kt\u00f3rej rozegrane zosta\u0142y pi\u0105tkowe wy\u015bcigi jazdy indywidualnej na czas. O ile nazwa tej miejscowo\u015bci ma\u0142o komu mo\u017ce si\u0119 kojarzy\u0107, to jej s\u0105siedztwo, czyli pola Grunwaldu, m\u00f3wi ju\u017c wiele. W\u0142a\u015bnie na malowniczej rundzie okalaj\u0105cej jak\u017ce wa\u017cne historycznie dla nas miejsce rywalizowali uczestnicy tegorocznych mistrzostw Polski. Pofalowana trasa przywita\u0142a kolarzy swym naturalnym pi\u0119knem i wspania\u0142ym krajobrazem, wprost wymarzonym do walki z konkurentami, czasem i bardzo silnie wiej\u0105cym wiatrem. Jako pierwsze na tras\u0119 o godzinie 9:00 wyruszy\u0142y juniorki, kt\u00f3re mia\u0142y do pokonania 11 km, czyli jedno okr\u0105\u017cenie trasy. Po nich kolejne kategorie wiekowe prze\u015bciga\u0142y si\u0119 w coraz to lepszych czasach i \u015brednich pr\u0119dko\u015bciach. Juniorzy mieli zaplanowane 22 km, podobnie jak orliczki i elita kobiet.<\/p>\n<figure id=\"attachment_9293\" aria-describedby=\"caption-attachment-9293\" style=\"width: 1920px\" class=\"wp-caption aligncenter\"><img loading=\"lazy\" decoding=\"async\" class=\"size-full wp-image-9293\" src=\"https:\/\/d2p6e6u75xmxt8.cloudfront.net\/5\/2019\/07\/388eaea0-e88d-4347-ad13-59910a2f14a4_rw_1920.jpg\" alt=\"\" width=\"1920\" height=\"1217\" srcset=\"https:\/\/d2p6e6u75xmxt8.cloudfront.net\/5\/2019\/07\/388eaea0-e88d-4347-ad13-59910a2f14a4_rw_1920.jpg 1920w, https:\/\/d2p6e6u75xmxt8.cloudfront.net\/5\/2019\/07\/388eaea0-e88d-4347-ad13-59910a2f14a4_rw_1920-300x190.jpg 300w, https:\/\/d2p6e6u75xmxt8.cloudfront.net\/5\/2019\/07\/388eaea0-e88d-4347-ad13-59910a2f14a4_rw_1920-768x487.jpg 768w, https:\/\/d2p6e6u75xmxt8.cloudfront.net\/5\/2019\/07\/388eaea0-e88d-4347-ad13-59910a2f14a4_rw_1920-1024x649.jpg 1024w, https:\/\/d2p6e6u75xmxt8.cloudfront.net\/5\/2019\/07\/388eaea0-e88d-4347-ad13-59910a2f14a4_rw_1920-1920x1217.jpg 1920w\" sizes=\"auto, (max-width: 1920px) 100vw, 1920px\" \/><figcaption id=\"caption-attachment-9293\" class=\"wp-caption-text\">fot: Ola Sulikowska<\/figcaption><\/figure>\n<p>&nbsp;<\/p>\n<p>Najwi\u0119cej emocji i kibic\u00f3w na trasie zgromadzi\u0142 wy\u015bcig elity m\u0119\u017cczyzn, w kt\u00f3rym stan\u0119\u0142a w szranki wielka tr\u00f3jka naszych specjalist\u00f3w od jazdy indywidualnej na czas. Plotki g\u0142osi\u0142y, \u017ce Micha\u0142 Kwiatkowski pojawi si\u0119 tylko podczas tego wy\u015bcigu, by p\u00f3\u017aniej skupi\u0107 si\u0119 na starcie w Tour de France. Wszyscy zak\u0142adali wi\u0119c, \u017ce postawi wszystko na jedn\u0105 kart\u0119, by odebra\u0107 tytu\u0142 najlepszego polskiego czasowca multimedali\u015bcie w tej konkurencji \u2013 Ma\u0107kowi Bodnarowi. Specjalnie przygotowane i skonstruowane rowery do walki z czasem, op\u0142ywowe ramy i kierownice oraz pe\u0142ne ko\u0142a. Do tego aerodynamiczne kaski i obcis\u0142e kombinezony do jazdy na czas. Wszystko po to, by zyska\u0107 jak najwi\u0119cej w kwestii oporu aerodynamicznego \u2013 tutaj technologia budowy roweru oraz u\u017cyte w stroju materia\u0142y maj\u0105 znaczenie. Ka\u017cdy jedzie na swoje konto, nie ma si\u0119 za kim schowa\u0107, a zegar tyka bezlito\u015bnie i liczy si\u0119 ka\u017cdy szczeg\u00f3\u0142, ka\u017cdy detal i ka\u017cda setna cz\u0119\u015b\u0107 sekundy. Elita m\u0119\u017cczyzn mia\u0142a si\u0119 zmierzy\u0107 z tras\u0105 o d\u0142ugo\u015bci 33 km. Maciek Bodnar ostatecznie nie uleg\u0142 presji i o 44 sekundy wyprzedzi\u0142 rewelacyjnie tego dnia dysponowanego Kamila Gradka, zawodnika dru\u017cyny CCC Team. Na trzecim stopniu podium stan\u0105\u0142 \u015bcigaj\u0105cy si\u0119 na co dzie\u0144 w Wielkiej Brytanii Marcin Bia\u0142ob\u0142ocki. Bez dw\u00f3ch zda\u0144 sensacj\u0105 tego dnia by\u0142a dopiero czwarta lokata gorzej dysponowanego \u201eKwiatka\u201d. W\u015br\u00f3d kobiet najlepszy czas ze \u015bredni\u0105 pr\u0119dko\u015bci\u0105 niemal 44 km\/h wykr\u0119ci\u0142a Anna Plichta, kt\u00f3ra o minut\u0119 wyprzedzi\u0142a zesz\u0142oroczn\u0105 z\u0142ot\u0105 medalistk\u0119, Ma\u0142gorzat\u0119 Jasi\u0144sk\u0105 z hiszpa\u0144skiej dru\u017cyny Movistar Team, oraz o 1:03 trzeci\u0105 na mecie i jednocze\u015bnie najlepsz\u0105 w kategorii orliczek Aurel\u0119 Nerlo. Warto tutaj r\u00f3wnie\u017c wspomnie\u0107, \u017ce najlepsi zawodnicy elity otrzymali symboliczne miecze, kt\u00f3re p\u00f3\u017aniej w formie \u017cartu skrzy\u017cowali podczas konferencji prasowej. Pola Grunwaldu zn\u00f3w by\u0142y go\u015bcinne dla kolarzy i cho\u0107 wia\u0142o strasznie, to warunki by\u0142y identyczne dla wszystkich i tego dnia wygrali najlepsi.<\/p>\n<figure id=\"attachment_9291\" aria-describedby=\"caption-attachment-9291\" style=\"width: 1800px\" class=\"wp-caption aligncenter\"><img loading=\"lazy\" decoding=\"async\" class=\"size-full wp-image-9291\" src=\"https:\/\/d2p6e6u75xmxt8.cloudfront.net\/5\/2019\/07\/received_332237014359010.jpeg\" alt=\"\" width=\"1800\" height=\"1013\" srcset=\"https:\/\/d2p6e6u75xmxt8.cloudfront.net\/5\/2019\/07\/received_332237014359010.jpeg 1800w, https:\/\/d2p6e6u75xmxt8.cloudfront.net\/5\/2019\/07\/received_332237014359010-300x169.jpeg 300w, https:\/\/d2p6e6u75xmxt8.cloudfront.net\/5\/2019\/07\/received_332237014359010-768x432.jpeg 768w, https:\/\/d2p6e6u75xmxt8.cloudfront.net\/5\/2019\/07\/received_332237014359010-1024x576.jpeg 1024w\" sizes=\"auto, (max-width: 1800px) 100vw, 1800px\" \/><figcaption id=\"caption-attachment-9291\" class=\"wp-caption-text\">FOT: Dariusz Krzywa\u0144ski<\/figcaption><\/figure>\n<p>&nbsp;<\/p>\n<p>Takie w\u0142a\u015bnie s\u0105 mistrzostwa Polski. To jeden wy\u015bcig, ale ma wielkie znaczenie i zawsze zapisuje si\u0119 w historii polskiego kolarstwa. Jeden dzie\u0144, o kt\u00f3rym my\u015bli ka\u017cdy zawodnik, jeden dzie\u0144, do kt\u00f3rego mo\u017cna si\u0119 d\u0142ugo szykowa\u0107 i obej\u015b\u0107 si\u0119 smakiem. Tak wiele zale\u017cy tutaj zar\u00f3wno od zawodnik\u00f3w, jak i od szcz\u0119\u015bcia. Niestety nie ma kolejnego etapu, by nadrabia\u0107 straty, lepszego terenu, lepszych n\u00f3g czy czasu na zmian\u0119 taktyki. Jest tylko tu i teraz, a kto przez to wszystko najlepiej przebrnie, przyodzieje na rok bia\u0142o-czerwon\u0105 koszulk\u0119 z or\u0142em na piersi.<\/p>\n<figure id=\"attachment_9294\" aria-describedby=\"caption-attachment-9294\" style=\"width: 1920px\" class=\"wp-caption aligncenter\"><img loading=\"lazy\" decoding=\"async\" class=\"size-full wp-image-9294\" src=\"https:\/\/d2p6e6u75xmxt8.cloudfront.net\/5\/2019\/07\/d2d29905-4da7-41e5-9bfe-3bebfe9c0e91_rw_1920.jpg\" alt=\"\" width=\"1920\" height=\"1191\" srcset=\"https:\/\/d2p6e6u75xmxt8.cloudfront.net\/5\/2019\/07\/d2d29905-4da7-41e5-9bfe-3bebfe9c0e91_rw_1920.jpg 1920w, https:\/\/d2p6e6u75xmxt8.cloudfront.net\/5\/2019\/07\/d2d29905-4da7-41e5-9bfe-3bebfe9c0e91_rw_1920-300x186.jpg 300w, https:\/\/d2p6e6u75xmxt8.cloudfront.net\/5\/2019\/07\/d2d29905-4da7-41e5-9bfe-3bebfe9c0e91_rw_1920-768x476.jpg 768w, https:\/\/d2p6e6u75xmxt8.cloudfront.net\/5\/2019\/07\/d2d29905-4da7-41e5-9bfe-3bebfe9c0e91_rw_1920-1024x635.jpg 1024w, https:\/\/d2p6e6u75xmxt8.cloudfront.net\/5\/2019\/07\/d2d29905-4da7-41e5-9bfe-3bebfe9c0e91_rw_1920-1920x1191.jpg 1920w\" sizes=\"auto, (max-width: 1920px) 100vw, 1920px\" \/><figcaption id=\"caption-attachment-9294\" class=\"wp-caption-text\">fot: Ola Sulikowska<\/figcaption><\/figure>\n<p>&nbsp;<\/p>\n<p>Zapewne z planem zdobycia tej jedynej i wyj\u0105tkowej koszulki na starcie stan\u0119li wszyscy uczestnicy sobotnich i niedzielnych zmaga\u0144. Cho\u0107 dla wi\u0119kszo\u015bci to tylko sfera marze\u0144, to jak\u017ce pi\u0119kne s\u0105 to marzenia. Wy\u015bcigi ze startu wsp\u00f3lnego prowadzi\u0142y kolarzy przez malownicze tereny powiatu ostr\u00f3dzkiego. Runda o d\u0142ugo\u015bci 20,4 km ze startem i met\u0105 w Ostr\u00f3dzie ju\u017c rok temu pokaza\u0142a, \u017ce jest \u015bwietna do rozegrania wy\u015bcigu o tytu\u0142 mistrza Polski. Zawsze powtarzam, \u017ce organizator przygotowuje tras\u0119, natomiast to, co wycisn\u0105 z niej zawodnicy, zale\u017cy ju\u017c od nich samych. Mo\u017cna znale\u017a\u0107 rund\u0119, na kt\u00f3rej nic nie b\u0119dzie si\u0119 dzia\u0142o, a mo\u017cna, tak jak w Ostr\u00f3dzie, postawi\u0107 na kr\u0119t\u0105, pofa\u0142dowan\u0105 tras\u0119, na kt\u00f3rej swoje pi\u0119\u0107 gorszy do\u0142o\u017cy te\u017c wiatr. Pogoda w tym roku by\u0142a wymarzona \u2013 ciep\u0142a sobota i gor\u0105ca nie tylko od emocji niedziela.<\/p>\n<figure id=\"attachment_9297\" aria-describedby=\"caption-attachment-9297\" style=\"width: 3890px\" class=\"wp-caption aligncenter\"><img loading=\"lazy\" decoding=\"async\" class=\"size-full wp-image-9297\" src=\"https:\/\/d2p6e6u75xmxt8.cloudfront.net\/5\/2019\/07\/0V6A0414.jpg\" alt=\"\" width=\"3890\" height=\"2707\" srcset=\"https:\/\/d2p6e6u75xmxt8.cloudfront.net\/5\/2019\/07\/0V6A0414.jpg 3890w, https:\/\/d2p6e6u75xmxt8.cloudfront.net\/5\/2019\/07\/0V6A0414-300x209.jpg 300w, https:\/\/d2p6e6u75xmxt8.cloudfront.net\/5\/2019\/07\/0V6A0414-768x534.jpg 768w, https:\/\/d2p6e6u75xmxt8.cloudfront.net\/5\/2019\/07\/0V6A0414-1024x713.jpg 1024w, https:\/\/d2p6e6u75xmxt8.cloudfront.net\/5\/2019\/07\/0V6A0414-1920x1336.jpg 1920w, https:\/\/d2p6e6u75xmxt8.cloudfront.net\/5\/2019\/07\/0V6A0414-1920x1336.jpg 1920w\" sizes=\"auto, (max-width: 3890px) 100vw, 3890px\" \/><figcaption id=\"caption-attachment-9297\" class=\"wp-caption-text\">fot: Ola Sulikowska<\/figcaption><\/figure>\n<figure id=\"attachment_9292\" aria-describedby=\"caption-attachment-9292\" style=\"width: 1920px\" class=\"wp-caption aligncenter\"><img loading=\"lazy\" decoding=\"async\" class=\"size-full wp-image-9292\" src=\"https:\/\/d2p6e6u75xmxt8.cloudfront.net\/5\/2019\/07\/279c6c90-12ab-4e17-b5c7-25090159e193_rw_1920.jpg\" alt=\"\" width=\"1920\" height=\"1280\" srcset=\"https:\/\/d2p6e6u75xmxt8.cloudfront.net\/5\/2019\/07\/279c6c90-12ab-4e17-b5c7-25090159e193_rw_1920.jpg 1920w, https:\/\/d2p6e6u75xmxt8.cloudfront.net\/5\/2019\/07\/279c6c90-12ab-4e17-b5c7-25090159e193_rw_1920-300x200.jpg 300w, https:\/\/d2p6e6u75xmxt8.cloudfront.net\/5\/2019\/07\/279c6c90-12ab-4e17-b5c7-25090159e193_rw_1920-768x512.jpg 768w, https:\/\/d2p6e6u75xmxt8.cloudfront.net\/5\/2019\/07\/279c6c90-12ab-4e17-b5c7-25090159e193_rw_1920-1024x683.jpg 1024w, https:\/\/d2p6e6u75xmxt8.cloudfront.net\/5\/2019\/07\/279c6c90-12ab-4e17-b5c7-25090159e193_rw_1920-272x182.jpg 272w, https:\/\/d2p6e6u75xmxt8.cloudfront.net\/5\/2019\/07\/279c6c90-12ab-4e17-b5c7-25090159e193_rw_1920-1920x1280.jpg 1920w\" sizes=\"auto, (max-width: 1920px) 100vw, 1920px\" \/><figcaption id=\"caption-attachment-9292\" class=\"wp-caption-text\">fot: Ola Sulikowska<\/figcaption><\/figure>\n<p>Sobotnie wy\u015bcigi juniorek i junior\u00f3w by\u0142y tylko przedsmakiem emocji, ale trzeba wspomnie\u0107 o m\u0142odych kolarzach. Oni podobnie (a mo\u017ce i bardziej) jak ich starsi koledzy prze\u017cywaj\u0105 imprez\u0119 tak wielkiej rangi.<\/p>\n<p>Niedzielne \u015bciganie rozpocz\u0119\u0142y o godzinie 9:00 kobiety, kt\u00f3re wyruszy\u0142y na tras\u0119 o d\u0142ugo\u015bci 122,4 km. Pocz\u0105tek by\u0142 leniwy i nie zwiastowa\u0142 wielkich emocji w finale wy\u015bcigu. Z rundy na rund\u0119 zawodniczki rozkr\u0119ca\u0142y si\u0119, formowa\u0142y akcje zaczepne, pr\u00f3bowa\u0142y atak\u00f3w z zaskoczenia lub wykorzystywa\u0142y ukszta\u0142towanie terenu i wiej\u0105cy wiatr, by u\u0142o\u017cy\u0107 rywalizacj\u0119 wed\u0142ug swojego planu. Jak to w kolarstwie bywa, nie obesz\u0142o si\u0119 bez kraks, na szcz\u0119\u015bcie tylko raz musia\u0142a interweniowa\u0107 ekipa pogotowia ratunkowego. Ostatecznie du\u017ca grupa dojecha\u0142a razem do ostatnich kilometr\u00f3w. Przy zdecydowanym braku dominuj\u0105cej dru\u017cyny lub pojedynczej zawodniczki o kolejno\u015bci na mecie zadecydowa\u0142 finisz pierwszej grupy. Tutaj obronn\u0105 r\u0119k\u0105 wysz\u0142a wywodz\u0105ca si\u0119 z toru, wi\u0119c dysponuj\u0105ca piekielnym finiszem, zawodniczka wroc\u0142awskiej formacji Mat Atom Development \u0141ucja Pietrzak. W polu pozostawi\u0142a duet worldtourowej ekipy CC LIV, Agnieszk\u0119 Skalniak i Mart\u0119 Lach.<\/p>\n<figure id=\"attachment_9297\" aria-describedby=\"caption-attachment-9297\" style=\"width: 3890px\" class=\"wp-caption aligncenter\"><img loading=\"lazy\" decoding=\"async\" class=\"size-full wp-image-9297\" src=\"https:\/\/d2p6e6u75xmxt8.cloudfront.net\/5\/2019\/07\/0V6A0414.jpg\" alt=\"\" width=\"3890\" height=\"2707\" srcset=\"https:\/\/d2p6e6u75xmxt8.cloudfront.net\/5\/2019\/07\/0V6A0414.jpg 3890w, https:\/\/d2p6e6u75xmxt8.cloudfront.net\/5\/2019\/07\/0V6A0414-300x209.jpg 300w, https:\/\/d2p6e6u75xmxt8.cloudfront.net\/5\/2019\/07\/0V6A0414-768x534.jpg 768w, https:\/\/d2p6e6u75xmxt8.cloudfront.net\/5\/2019\/07\/0V6A0414-1024x713.jpg 1024w, https:\/\/d2p6e6u75xmxt8.cloudfront.net\/5\/2019\/07\/0V6A0414-1920x1336.jpg 1920w, https:\/\/d2p6e6u75xmxt8.cloudfront.net\/5\/2019\/07\/0V6A0414-1920x1336.jpg 1920w\" sizes=\"auto, (max-width: 3890px) 100vw, 3890px\" \/><figcaption id=\"caption-attachment-9297\" class=\"wp-caption-text\">fot: Ola Sulikowska<\/figcaption><\/figure>\n<p>Po zako\u0144czeniu rywalizacji kobiet swoj\u0105 szans\u0119 dosta\u0142 peleton elity m\u0119\u017cczyzn. Wszyscy w pami\u0119ci mieli\u015bmy zesz\u0142oroczn\u0105 taktyk\u0119 kwartetu Kwiatkowski, Go\u0142a\u015b, Bodnar i Owsian, kt\u00f3rzy postanowili rozegra\u0107 wy\u015bcig w wyj\u0105tkowy spos\u00f3b, pe\u0142en emocji. Pocz\u0105tkowe akcje nie przynios\u0142y jednak rezultatu. Mawia si\u0119, \u017ce ten sam numer nigdy nie przechodzi dwa razy z rz\u0119du, i tak chyba mia\u0142o by\u0107 tym razem. Owszem, z rundy na rund\u0119 w g\u0142\u00f3wnej grupie jecha\u0142o coraz mniej zawodnik\u00f3w, a z przodu sytuacja zmienia\u0142a si\u0119 jak w kalejdoskopie, jednak ci\u0119\u017cko by\u0142o przewidzie\u0107 przebieg wydarze\u0144. To w\u0142a\u015bnie ca\u0142e pi\u0119kno kolarstwa \u2013 opr\u00f3cz n\u00f3g i roweru musi dopisa\u0107 tak\u017ce szcz\u0119\u015bcie, bo liczy si\u0119 ka\u017cdy szczeg\u00f3\u0142: sen, jedzenie, picie, wsparcie na trasie. Ostatecznie trzech zawodnik\u00f3w odjecha\u0142o i dzi\u0119ki zgodnej wsp\u00f3\u0142pracy dojechali do mety i mi\u0119dzy siebie podzielili medale w fina\u0142owym rozdaniu. Na najwy\u017cszym stopniu podium stan\u0105\u0142 Micha\u0142 Paluta, najm\u0142odszy z tr\u00f3jki uciekinier\u00f3w \u2013 dwukrotny mistrz Polski zawodnik\u00f3w do lat 23 tym razem okaza\u0142 si\u0119 najlepszy w elicie. Na drugim miejscu wy\u015bcig uko\u0144czy\u0142 Pawe\u0142 Cie\u015blik z wroc\u0142awskiego WIBATECH MERX, a trzeci by\u0142 najstarszy z tej grupki do\u015bwiadczony czasowiec Mateusz Taciak z VOSTER ATS TEAM.<\/p>\n<figure id=\"attachment_9299\" aria-describedby=\"caption-attachment-9299\" style=\"width: 1920px\" class=\"wp-caption aligncenter\"><img loading=\"lazy\" decoding=\"async\" class=\"size-full wp-image-9299\" src=\"https:\/\/d2p6e6u75xmxt8.cloudfront.net\/5\/2019\/07\/27a165a3-37df-457c-98c0-94a945691a18_rw_1920.jpg\" alt=\"\" width=\"1920\" height=\"1476\" srcset=\"https:\/\/d2p6e6u75xmxt8.cloudfront.net\/5\/2019\/07\/27a165a3-37df-457c-98c0-94a945691a18_rw_1920.jpg 1920w, https:\/\/d2p6e6u75xmxt8.cloudfront.net\/5\/2019\/07\/27a165a3-37df-457c-98c0-94a945691a18_rw_1920-300x231.jpg 300w, https:\/\/d2p6e6u75xmxt8.cloudfront.net\/5\/2019\/07\/27a165a3-37df-457c-98c0-94a945691a18_rw_1920-768x590.jpg 768w, https:\/\/d2p6e6u75xmxt8.cloudfront.net\/5\/2019\/07\/27a165a3-37df-457c-98c0-94a945691a18_rw_1920-1024x787.jpg 1024w, https:\/\/d2p6e6u75xmxt8.cloudfront.net\/5\/2019\/07\/27a165a3-37df-457c-98c0-94a945691a18_rw_1920-1920x1476.jpg 1920w\" sizes=\"auto, (max-width: 1920px) 100vw, 1920px\" \/><figcaption id=\"caption-attachment-9299\" class=\"wp-caption-text\">fot: Ola Sulikowska<\/figcaption><\/figure>\n<p>Po raz drugi Ostr\u00f3da egzamin zda\u0142a na pi\u0105tk\u0119. Strefy kibica, udekorowanie miejscowo\u015bci, kurtyny wodne dla zawodnik\u00f3w i kolarska feta na ca\u0142ej trasie wszystkim bardzo si\u0119 podoba\u0142y. Warmia i Mazury pokaza\u0142y, \u017ce drzemie w nich potencja\u0142 r\u00f3wnie\u017c w kwestii sport\u00f3w rowerowych. Mnie osobi\u015bcie urzek\u0142y cisza i znikomy ruch na bocznych drogach, bo mia\u0142em okazj\u0119 pokr\u0119ci\u0107 troszk\u0119 pomi\u0119dzy zaj\u0119ciami, kt\u00f3re wyznaczy\u0142 mi g\u0142\u00f3wny organizator. Z ca\u0142\u0105 pewno\u015bci\u0105 mog\u0119 stwierdzi\u0107, \u017ce jest to ciekawe miejsce na wakacje z rowerem.<\/p>\n<style type=\"text\/css\"><!--td {border: 1px solid #ccc;}br {mso-data-placement:same-cell;}--><\/style>\n<p><span data-sheets-value=\"{&quot;1&quot;:2,&quot;2&quot;:&quot;Artyku\u0142 powsta\u0142 we wsp\u00f3\u0142pracy ze skoda-auto.pl&quot;}\" data-sheets-userformat=\"{&quot;2&quot;:1,&quot;3&quot;:{&quot;1&quot;:0}}\"><a class=\"in-cell-link\" href=\"http:\/\/www.skoda-auto.pl\/\" target=\"_blank\" rel=\"noopener\">Artyku\u0142 powsta\u0142 we wsp\u00f3\u0142pracy ze skoda-auto.pl<\/a><\/span><\/p>\n","protected":false},"excerpt":{"rendered":"<p>Po raz drugi w historii i drugi raz z rz\u0119du mistrzostwa Polski w kolarstwie szosowym rozegrane zosta\u0142y na Warmii i [&hellip;]<\/p>\n","protected":false},"author":76,"featured_media":9290,"comment_status":"open","ping_status":"open","sticky":false,"template":"","format":"standard","meta":{"footnotes":""},"categories":[203,6,295],"tags":[],"global-categories":[],"class_list":["post-9289","post","type-post","status-publish","format-standard","has-post-thumbnail","hentry","category-bartosz-huzarski","category-kolarstwo-szosowe","category-zawody"],"yoast_head":"<!-- This site is optimized with the Yoast SEO Premium plugin v25.3 (Yoast SEO v25.9) - https:\/\/yoast.com\/wordpress\/plugins\/seo\/ -->\n<title>Bartosz Huzarski: Medale rozdane, czyli MPL Ostr\u00f3da 2019 - \u0160koda We Love Cycling - Poland<\/title>\n<meta name=\"robots\" content=\"index, follow, max-snippet:-1, max-image-preview:large, max-video-preview:-1\" \/>\n<link rel=\"canonical\" href=\"https:\/\/www.welovecycling.com\/pl\/2019\/07\/05\/bartosz-huzarski-medale-rozdane-czyli-mpl-ostroda-2019\/\" \/>\n<meta property=\"og:locale\" content=\"pl_PL\" \/>\n<meta property=\"og:type\" content=\"article\" \/>\n<meta property=\"og:title\" content=\"Bartosz Huzarski: Medale rozdane, czyli MPL Ostr\u00f3da 2019\" \/>\n<meta property=\"og:description\" content=\"Po raz drugi w historii i drugi raz z rz\u0119du mistrzostwa Polski w kolarstwie szosowym rozegrane zosta\u0142y na Warmii i [&hellip;]\" \/>\n<meta property=\"og:url\" content=\"https:\/\/www.welovecycling.com\/pl\/2019\/07\/05\/bartosz-huzarski-medale-rozdane-czyli-mpl-ostroda-2019\/\" \/>\n<meta property=\"og:site_name\" content=\"\u0160koda We Love Cycling - Poland\" \/>\n<meta property=\"article:published_time\" content=\"2019-07-05T18:24:46+00:00\" \/>\n<meta property=\"article:modified_time\" content=\"2019-07-08T18:34:26+00:00\" \/>\n<meta property=\"og:image\" content=\"https:\/\/d2p6e6u75xmxt8.cloudfront.net\/5\/2019\/07\/MP-Niedziela_0795-1024x576.jpg\" \/>\n\t<meta property=\"og:image:width\" content=\"1024\" \/>\n\t<meta property=\"og:image:height\" content=\"576\" \/>\n\t<meta property=\"og:image:type\" content=\"image\/jpeg\" \/>\n<meta name=\"author\" content=\"piotrboczkowski\" \/>\n<meta name=\"twitter:card\" content=\"summary_large_image\" \/>\n<meta name=\"twitter:label1\" content=\"Written by\" \/>\n\t<meta name=\"twitter:data1\" content=\"Bartosz Huzarski\" \/>\n\t<meta name=\"twitter:label2\" content=\"Est. reading time\" \/>\n\t<meta name=\"twitter:data2\" content=\"7\" \/>\n<script type=\"application\/ld+json\" class=\"yoast-schema-graph\">{\"@context\":\"https:\/\/schema.org\",\"@graph\":[{\"@type\":\"WebPage\",\"@id\":\"https:\/\/www.welovecycling.com\/pl\/2019\/07\/05\/bartosz-huzarski-medale-rozdane-czyli-mpl-ostroda-2019\/\",\"url\":\"https:\/\/www.welovecycling.com\/pl\/2019\/07\/05\/bartosz-huzarski-medale-rozdane-czyli-mpl-ostroda-2019\/\",\"name\":\"Bartosz Huzarski: Medale rozdane, czyli MPL Ostr\u00f3da 2019 - \u0160koda We Love Cycling - Poland\",\"isPartOf\":{\"@id\":\"https:\/\/www.welovecycling.com\/pl\/#website\"},\"primaryImageOfPage\":{\"@id\":\"https:\/\/www.welovecycling.com\/pl\/2019\/07\/05\/bartosz-huzarski-medale-rozdane-czyli-mpl-ostroda-2019\/#primaryimage\"},\"image\":{\"@id\":\"https:\/\/www.welovecycling.com\/pl\/2019\/07\/05\/bartosz-huzarski-medale-rozdane-czyli-mpl-ostroda-2019\/#primaryimage\"},\"thumbnailUrl\":\"https:\/\/d2p6e6u75xmxt8.cloudfront.net\/5\/2019\/07\/MP-Niedziela_0795.jpg\",\"datePublished\":\"2019-07-05T18:24:46+00:00\",\"dateModified\":\"2019-07-08T18:34:26+00:00\",\"author\":{\"@id\":\"https:\/\/www.welovecycling.com\/pl\/#\/schema\/person\/0dba2d39da943db9df3fd8f4687e7f23\"},\"breadcrumb\":{\"@id\":\"https:\/\/www.welovecycling.com\/pl\/2019\/07\/05\/bartosz-huzarski-medale-rozdane-czyli-mpl-ostroda-2019\/#breadcrumb\"},\"inLanguage\":\"pl-PL\",\"potentialAction\":[{\"@type\":\"ReadAction\",\"target\":[\"https:\/\/www.welovecycling.com\/pl\/2019\/07\/05\/bartosz-huzarski-medale-rozdane-czyli-mpl-ostroda-2019\/\"]}]},{\"@type\":\"ImageObject\",\"inLanguage\":\"pl-PL\",\"@id\":\"https:\/\/www.welovecycling.com\/pl\/2019\/07\/05\/bartosz-huzarski-medale-rozdane-czyli-mpl-ostroda-2019\/#primaryimage\",\"url\":\"https:\/\/d2p6e6u75xmxt8.cloudfront.net\/5\/2019\/07\/MP-Niedziela_0795.jpg\",\"contentUrl\":\"https:\/\/d2p6e6u75xmxt8.cloudfront.net\/5\/2019\/07\/MP-Niedziela_0795.jpg\",\"width\":3298,\"height\":1855,\"caption\":\"FOT: Dariusz Krzywa\u0144ski\"},{\"@type\":\"BreadcrumbList\",\"@id\":\"https:\/\/www.welovecycling.com\/pl\/2019\/07\/05\/bartosz-huzarski-medale-rozdane-czyli-mpl-ostroda-2019\/#breadcrumb\",\"itemListElement\":[{\"@type\":\"ListItem\",\"position\":1,\"name\":\"Home\",\"item\":\"https:\/\/www.welovecycling.com\/pl\/\"},{\"@type\":\"ListItem\",\"position\":2,\"name\":\"Bartosz Huzarski: Medale rozdane, czyli MPL Ostr\u00f3da 2019\"}]},{\"@type\":\"WebSite\",\"@id\":\"https:\/\/www.welovecycling.com\/pl\/#website\",\"url\":\"https:\/\/www.welovecycling.com\/pl\/\",\"name\":\"\u0160koda We Love Cycling - Poland\",\"description\":\"\",\"potentialAction\":[{\"@type\":\"SearchAction\",\"target\":{\"@type\":\"EntryPoint\",\"urlTemplate\":\"https:\/\/www.welovecycling.com\/pl\/?s={search_term_string}\"},\"query-input\":{\"@type\":\"PropertyValueSpecification\",\"valueRequired\":true,\"valueName\":\"search_term_string\"}}],\"inLanguage\":\"pl-PL\"},{\"@type\":\"Person\",\"@id\":\"https:\/\/www.welovecycling.com\/pl\/#\/schema\/person\/0dba2d39da943db9df3fd8f4687e7f23\",\"name\":\"piotrboczkowski\",\"image\":{\"@type\":\"ImageObject\",\"inLanguage\":\"pl-PL\",\"@id\":\"https:\/\/www.welovecycling.com\/pl\/#\/schema\/person\/image\/\",\"url\":\"https:\/\/secure.gravatar.com\/avatar\/533caccae14752e03a2ce2d3fd62d1b98b93e1393c3195c27819e53344ca1ace?s=96&d=mm&r=g\",\"contentUrl\":\"https:\/\/secure.gravatar.com\/avatar\/533caccae14752e03a2ce2d3fd62d1b98b93e1393c3195c27819e53344ca1ace?s=96&d=mm&r=g\",\"caption\":\"piotrboczkowski\"},\"url\":\"https:\/\/www.welovecycling.com\/pl\/author\/piotrboczkowski\/\"}]}<\/script>\n<!-- \/ Yoast SEO Premium plugin. -->","yoast_head_json":{"title":"Bartosz Huzarski: Medale rozdane, czyli MPL Ostr\u00f3da 2019 - \u0160koda We Love Cycling - Poland","robots":{"index":"index","follow":"follow","max-snippet":"max-snippet:-1","max-image-preview":"max-image-preview:large","max-video-preview":"max-video-preview:-1"},"canonical":"https:\/\/www.welovecycling.com\/pl\/2019\/07\/05\/bartosz-huzarski-medale-rozdane-czyli-mpl-ostroda-2019\/","og_locale":"pl_PL","og_type":"article","og_title":"Bartosz Huzarski: Medale rozdane, czyli MPL Ostr\u00f3da 2019","og_description":"Po raz drugi w historii i drugi raz z rz\u0119du mistrzostwa Polski w kolarstwie szosowym rozegrane zosta\u0142y na Warmii i [&hellip;]","og_url":"https:\/\/www.welovecycling.com\/pl\/2019\/07\/05\/bartosz-huzarski-medale-rozdane-czyli-mpl-ostroda-2019\/","og_site_name":"\u0160koda We Love Cycling - Poland","article_published_time":"2019-07-05T18:24:46+00:00","article_modified_time":"2019-07-08T18:34:26+00:00","og_image":[{"width":1024,"height":576,"url":"https:\/\/d2p6e6u75xmxt8.cloudfront.net\/5\/2019\/07\/MP-Niedziela_0795-1024x576.jpg","type":"image\/jpeg"}],"author":"piotrboczkowski","twitter_card":"summary_large_image","twitter_misc":{"Written by":"Bartosz Huzarski","Est. reading time":"7"},"schema":{"@context":"https:\/\/schema.org","@graph":[{"@type":"WebPage","@id":"https:\/\/www.welovecycling.com\/pl\/2019\/07\/05\/bartosz-huzarski-medale-rozdane-czyli-mpl-ostroda-2019\/","url":"https:\/\/www.welovecycling.com\/pl\/2019\/07\/05\/bartosz-huzarski-medale-rozdane-czyli-mpl-ostroda-2019\/","name":"Bartosz Huzarski: Medale rozdane, czyli MPL Ostr\u00f3da 2019 - \u0160koda We Love Cycling - Poland","isPartOf":{"@id":"https:\/\/www.welovecycling.com\/pl\/#website"},"primaryImageOfPage":{"@id":"https:\/\/www.welovecycling.com\/pl\/2019\/07\/05\/bartosz-huzarski-medale-rozdane-czyli-mpl-ostroda-2019\/#primaryimage"},"image":{"@id":"https:\/\/www.welovecycling.com\/pl\/2019\/07\/05\/bartosz-huzarski-medale-rozdane-czyli-mpl-ostroda-2019\/#primaryimage"},"thumbnailUrl":"https:\/\/d2p6e6u75xmxt8.cloudfront.net\/5\/2019\/07\/MP-Niedziela_0795.jpg","datePublished":"2019-07-05T18:24:46+00:00","dateModified":"2019-07-08T18:34:26+00:00","author":{"@id":"https:\/\/www.welovecycling.com\/pl\/#\/schema\/person\/0dba2d39da943db9df3fd8f4687e7f23"},"breadcrumb":{"@id":"https:\/\/www.welovecycling.com\/pl\/2019\/07\/05\/bartosz-huzarski-medale-rozdane-czyli-mpl-ostroda-2019\/#breadcrumb"},"inLanguage":"pl-PL","potentialAction":[{"@type":"ReadAction","target":["https:\/\/www.welovecycling.com\/pl\/2019\/07\/05\/bartosz-huzarski-medale-rozdane-czyli-mpl-ostroda-2019\/"]}]},{"@type":"ImageObject","inLanguage":"pl-PL","@id":"https:\/\/www.welovecycling.com\/pl\/2019\/07\/05\/bartosz-huzarski-medale-rozdane-czyli-mpl-ostroda-2019\/#primaryimage","url":"https:\/\/d2p6e6u75xmxt8.cloudfront.net\/5\/2019\/07\/MP-Niedziela_0795.jpg","contentUrl":"https:\/\/d2p6e6u75xmxt8.cloudfront.net\/5\/2019\/07\/MP-Niedziela_0795.jpg","width":3298,"height":1855,"caption":"FOT: Dariusz Krzywa\u0144ski"},{"@type":"BreadcrumbList","@id":"https:\/\/www.welovecycling.com\/pl\/2019\/07\/05\/bartosz-huzarski-medale-rozdane-czyli-mpl-ostroda-2019\/#breadcrumb","itemListElement":[{"@type":"ListItem","position":1,"name":"Home","item":"https:\/\/www.welovecycling.com\/pl\/"},{"@type":"ListItem","position":2,"name":"Bartosz Huzarski: Medale rozdane, czyli MPL Ostr\u00f3da 2019"}]},{"@type":"WebSite","@id":"https:\/\/www.welovecycling.com\/pl\/#website","url":"https:\/\/www.welovecycling.com\/pl\/","name":"\u0160koda We Love Cycling - Poland","description":"","potentialAction":[{"@type":"SearchAction","target":{"@type":"EntryPoint","urlTemplate":"https:\/\/www.welovecycling.com\/pl\/?s={search_term_string}"},"query-input":{"@type":"PropertyValueSpecification","valueRequired":true,"valueName":"search_term_string"}}],"inLanguage":"pl-PL"},{"@type":"Person","@id":"https:\/\/www.welovecycling.com\/pl\/#\/schema\/person\/0dba2d39da943db9df3fd8f4687e7f23","name":"piotrboczkowski","image":{"@type":"ImageObject","inLanguage":"pl-PL","@id":"https:\/\/www.welovecycling.com\/pl\/#\/schema\/person\/image\/","url":"https:\/\/secure.gravatar.com\/avatar\/533caccae14752e03a2ce2d3fd62d1b98b93e1393c3195c27819e53344ca1ace?s=96&d=mm&r=g","contentUrl":"https:\/\/secure.gravatar.com\/avatar\/533caccae14752e03a2ce2d3fd62d1b98b93e1393c3195c27819e53344ca1ace?s=96&d=mm&r=g","caption":"piotrboczkowski"},"url":"https:\/\/www.welovecycling.com\/pl\/author\/piotrboczkowski\/"}]}},"_links":{"self":[{"href":"https:\/\/www.welovecycling.com\/pl\/wp-json\/wp\/v2\/posts\/9289","targetHints":{"allow":["GET"]}}],"collection":[{"href":"https:\/\/www.welovecycling.com\/pl\/wp-json\/wp\/v2\/posts"}],"about":[{"href":"https:\/\/www.welovecycling.com\/pl\/wp-json\/wp\/v2\/types\/post"}],"author":[{"embeddable":true,"href":"https:\/\/www.welovecycling.com\/pl\/wp-json\/wp\/v2\/users\/76"}],"replies":[{"embeddable":true,"href":"https:\/\/www.welovecycling.com\/pl\/wp-json\/wp\/v2\/comments?post=9289"}],"version-history":[{"count":1,"href":"https:\/\/www.welovecycling.com\/pl\/wp-json\/wp\/v2\/posts\/9289\/revisions"}],"predecessor-version":[{"id":9300,"href":"https:\/\/www.welovecycling.com\/pl\/wp-json\/wp\/v2\/posts\/9289\/revisions\/9300"}],"wp:featuredmedia":[{"embeddable":true,"href":"https:\/\/www.welovecycling.com\/pl\/wp-json\/wp\/v2\/media\/9290"}],"wp:attachment":[{"href":"https:\/\/www.welovecycling.com\/pl\/wp-json\/wp\/v2\/media?parent=9289"}],"wp:term":[{"taxonomy":"category","embeddable":true,"href":"https:\/\/www.welovecycling.com\/pl\/wp-json\/wp\/v2\/categories?post=9289"},{"taxonomy":"post_tag","embeddable":true,"href":"https:\/\/www.welovecycling.com\/pl\/wp-json\/wp\/v2\/tags?post=9289"},{"taxonomy":"global-categories","embeddable":true,"href":"https:\/\/www.welovecycling.com\/pl\/wp-json\/wp\/v2\/global-categories?post=9289"}],"curies":[{"name":"wp","href":"https:\/\/api.w.org\/{rel}","templated":true}]}}