{"id":9277,"date":"2019-07-08T12:51:55","date_gmt":"2019-07-08T12:51:55","guid":{"rendered":"https:\/\/www.welovecycling.com\/pl\/?p=9277"},"modified":"2019-07-08T14:07:49","modified_gmt":"2019-07-08T14:07:49","slug":"co-za-otwarcie-tour-de-france-zniszczyli-rywali-rozwalili-system","status":"publish","type":"post","link":"https:\/\/www.welovecycling.com\/pl\/2019\/07\/08\/co-za-otwarcie-tour-de-france-zniszczyli-rywali-rozwalili-system\/","title":{"rendered":"Co za otwarcie Tour de France! \u201eZniszczyli rywali, rozwalili system\u201d"},"content":{"rendered":"<p><strong>Wielka kraksa, wielkie emocje i wielka niespodzianka &#8211; dwa dni wystarczy\u0142y, by Tour de France zaserwowa\u0142 wszystko, czym zas\u0142u\u017cy\u0142 sobie na miano najwi\u0119kszego wy\u015bcigu \u015bwiata! Szampany wystrzeli\u0142y w Jumbo-Visma, cho\u0107 w czo\u0142\u00f3wce jest te\u017c polski akcent.<\/strong><\/p>\n<figure id=\"attachment_9285\" aria-describedby=\"caption-attachment-9285\" style=\"width: 1000px\" class=\"wp-caption aligncenter\"><img loading=\"lazy\" decoding=\"async\" class=\"size-full wp-image-9285\" src=\"https:\/\/d2p6e6u75xmxt8.cloudfront.net\/5\/2019\/07\/31a3a.jpg\" alt=\"\" width=\"1000\" height=\"667\" srcset=\"https:\/\/d2p6e6u75xmxt8.cloudfront.net\/5\/2019\/07\/31a3a.jpg 1000w, https:\/\/d2p6e6u75xmxt8.cloudfront.net\/5\/2019\/07\/31a3a-300x200.jpg 300w, https:\/\/d2p6e6u75xmxt8.cloudfront.net\/5\/2019\/07\/31a3a-768x512.jpg 768w, https:\/\/d2p6e6u75xmxt8.cloudfront.net\/5\/2019\/07\/31a3a-272x182.jpg 272w\" sizes=\"auto, (max-width: 1000px) 100vw, 1000px\" \/><figcaption id=\"caption-attachment-9285\" class=\"wp-caption-text\">Tour de France 2019 &#8211; 06\/07\/2019 &#8211; Etape 1 &#8211; Bruxelles \/ Brussel (Belgique) (194,5 Km) &#8211; \u00a9 A.S.O.\/Pauline BALLET<\/figcaption><\/figure>\n<p>Je\u015bli tak smakowa\u0142a przystawka, to deserem b\u0119dzie musia\u0142 by\u0107 creme brulee, zwany arystokracj\u0105 francuskiej kuchni. Dzi\u015b Wielka P\u0119tla ju\u017c opuszcza Belgi\u0119, ale jedno jest pewne &#8211; etapy rozgrywane w okolicach Brukseli zapisz\u0105 si\u0119 z\u0142otymi literami w tegorocznej edycji Tour de France.<\/p>\n<p>\u2013 Belgia \u017cyje kolarstwem i wida\u0107 to na ka\u017cdym kroku. Ludzie kochaj\u0105 ten sport, a otwarcie 106. Wielkiej P\u0119tli by\u0142o wspania\u0142e \u2013 przyzna\u0142 Dariusz Baranowski, niegdy\u015b \u015bwietny polski kolarz, a dzi\u015b komentator Eurosportu.<\/p>\n<div class=\"embed-controller-wrapper\">\n<div class=\"embed-wrapper\"><iframe title=\"Official Start - Stage 1 - Tour de France 2019\" width=\"500\" height=\"281\" data-src=\"https:\/\/www.youtube.com\/embed\/vOJy2-a6Hew?list=PLg3WzTG3LfYZvhfxhLcvOe_RksH9SUBJC\" frameborder=\"0\" allow=\"accelerometer; autoplay; clipboard-write; encrypted-media; gyroscope; picture-in-picture; web-share\" referrerpolicy=\"strict-origin-when-cross-origin\" allowfullscreen><\/iframe><\/div>\n<\/div>\n<p>Je\u015bli tak twierdzi niezale\u017cny ekspert, to co maj\u0105 powiedzie\u0107 kibice zespo\u0142u Jumbo-Visma? Na pierwszym i drugim etapie kolarze holenderskiej grupy nie brali je\u0144c\u00f3w i zgarn\u0119li niemal wszystko, co by\u0142o do zgarni\u0119cia!<\/p>\n<p><span style=\"font-size: 18pt;\"><strong>Sensacja o grubo\u015b\u0107 opony<\/strong><\/span><\/p>\n<p>Otwarcie wygra\u0142 Mike Teunissen, cho\u0107 walka by\u0142a tak za\u017carta, \u017ce jeszcze dobre dwie minuty po zako\u0144czeniu wy\u015bcigu nie by\u0142o oficjalnie wiadomo, kto jako pierwszy przeci\u0105\u0142 lini\u0119 mety.<\/p>\n<p>Najpierw jednak dosz\u0142o do kraksy, kt\u00f3ra zniweczy\u0142a ci\u0119\u017ck\u0105 prac\u0119 wielu kolarzy. Upadek jednego z zawodnik\u00f3w rozbi\u0142 peleton i by\u0142o ju\u017c wiadomo, \u017ce walk\u0119 o wygran\u0105 stoczy ok. 50 kolarzy.<\/p>\n<div class=\"embed-controller-wrapper\">\n<div class=\"embed-wrapper\"><iframe title=\"Crash in the last KM - Stage 1 - Tour de France 2019\" width=\"500\" height=\"281\" data-src=\"https:\/\/www.youtube.com\/embed\/4TTk--fc6Oc?list=PLg3WzTG3LfYZvhfxhLcvOe_RksH9SUBJC\" frameborder=\"0\" allow=\"accelerometer; autoplay; clipboard-write; encrypted-media; gyroscope; picture-in-picture; web-share\" referrerpolicy=\"strict-origin-when-cross-origin\" allowfullscreen><\/iframe><\/div>\n<\/div>\n<p>Faworytem by\u0142 Petr Sagan (Bora-Hansgrohe), kt\u00f3ry \u015bwietnie finiszuje, ale tym razem S\u0142owak da\u0142 si\u0119 przechytrzy\u0107 Teunissenowi, na zwyci\u0119stwo kt\u00f3rego przed wy\u015bcigiem stawiali pewnie tylko rodzina i znajomi.<\/p>\n<p>&#8211; No to mamy pierwsz\u0105 sensacj\u0119, Sagan nie da\u0142 rady! Holender wygra\u0142 o grubo\u015b\u0107 opony, mo\u017ce troszk\u0119 wi\u0119cej. To jego najwi\u0119kszy sukces w karierze \u2013 zachwycali si\u0119 eksperci Eurosportu.<\/p>\n<div class=\"embed-controller-wrapper\">\n<div class=\"embed-wrapper\"><iframe title=\"Teunissen Winner - Stage 1 - Tour de France 2019\" width=\"500\" height=\"281\" data-src=\"https:\/\/www.youtube.com\/embed\/OjXiOIETeRo?list=PLg3WzTG3LfYZvhfxhLcvOe_RksH9SUBJC\" frameborder=\"0\" allow=\"accelerometer; autoplay; clipboard-write; encrypted-media; gyroscope; picture-in-picture; web-share\" referrerpolicy=\"strict-origin-when-cross-origin\" allowfullscreen><\/iframe><\/div>\n<\/div>\n<p>&nbsp;<\/p>\n<p><span style=\"font-size: 18pt;\"><strong>\u201eZacz\u0119li\u015bmy fruwa\u0107\u201d<\/strong><\/span><\/p>\n<p>Dzie\u0144 p\u00f3\u017aniej nazwa Jumbo-Visma zn\u00f3w by\u0142a na ustach milion\u00f3w ludzi na ca\u0142ym \u015bwiecie, bo podczas dru\u017cynowej jazdy na czas holenderska ekipa zaprezentowa\u0142a si\u0119 jak dru\u017cyna z innej planety, do tego nap\u0119dzana kosmicznym paliwem. Wygra\u0142a a\u017c z 20-sekundow\u0105 przewag\u0105 nad Ineos, uznawanym za najmocniejszy team na \u015bwiecie.<\/p>\n<div class=\"embed-controller-wrapper\">\n<div class=\"embed-wrapper\"><iframe title=\"D\u00e9part de l&#039;\u00e9quipe Jumbo Visma - \u00c9tape 2 - Tour de France 2019\" width=\"500\" height=\"281\" data-src=\"https:\/\/www.youtube.com\/embed\/2jmaazYQLyw?list=PLg3WzTG3LfYZvhfxhLcvOe_RksH9SUBJC\" frameborder=\"0\" allow=\"accelerometer; autoplay; clipboard-write; encrypted-media; gyroscope; picture-in-picture; web-share\" referrerpolicy=\"strict-origin-when-cross-origin\" allowfullscreen><\/iframe><\/div>\n<\/div>\n<p>&#8211; W takiej rywalizacji emocje s\u0105 niesamowite, bo \u017caden zawodnik nie chce zawie\u015b\u0107 zespo\u0142u, wi\u0119c dzie\u0144 przed wy\u015bcigiem z nerw\u00f3w trudno nawet zasn\u0105\u0107 \u2013 zdradza\u0142 kulisy Baranowski, kt\u00f3ry r\u00f3wnie\u017c by\u0142 pod wra\u017ceniem jazdy Jumbo-Visma.<\/p>\n<p>&#8211; Zniszczyli rywali, rozwalili system. Przepa\u015b\u0107 by\u0142a ogromna, to r\u00f3\u017cnica niemal klasy \u2013 przyzna\u0142.<\/p>\n<p>Teunissen: &#8211; Pierwszego dnia spe\u0142nili\u015bmy marzenia, a nazajutrz uda\u0142o nam si\u0119 to powt\u00f3rzy\u0107. W pewnym momencie dostali\u015bmy wiadomo\u015b\u0107, \u017ce jeste\u015bmy najszybsi, wi\u0119c uwierzyli\u015bmy w siebie i zacz\u0119li\u015bmy niemal fruwa\u0107. Wygrana w Tour de France i \u017c\u00f3\u0142ta koszulka lidera to co\u015b wyj\u0105tkowego.<\/p>\n<div class=\"embed-controller-wrapper\">\n<div class=\"embed-wrapper\"><iframe title=\"La minute Maillot Jaune LCL - \u00c9tape 2 - Tour de France 2019\" width=\"500\" height=\"281\" data-src=\"https:\/\/www.youtube.com\/embed\/nzvpEW1oyAA?list=PLg3WzTG3LfYZvhfxhLcvOe_RksH9SUBJC\" frameborder=\"0\" allow=\"accelerometer; autoplay; clipboard-write; encrypted-media; gyroscope; picture-in-picture; web-share\" referrerpolicy=\"strict-origin-when-cross-origin\" allowfullscreen><\/iframe><\/div>\n<\/div>\n<p>&nbsp;<\/p>\n<p><span style=\"font-size: 18pt;\"><strong>Polski akcent w czerwone grochy<\/strong><\/span><\/p>\n<p>Powody do zadowolenia mo\u017ce mie\u0107 te\u017c polska grupa CCC. W dru\u017cyn\u00f3wce zaj\u0119li dobr\u0105 si\u00f3dm\u0105 pozycj\u0119, a lider zespo\u0142u &#8211; Greg Van Avermaet \u2013 jedzie w bia\u0142ej koszulce w czerwone grochy, kt\u00f3ra zarezerwowana jest dla najlepszego zawodnika w klasyfikacji g\u00f3rskiej.<\/p>\n<p>&#8211; Zanotowali\u015bmy bardzo dobry pierwszy weekend Tour de France i mam nadzieje, \u017ce uda si\u0119 to kontynuowa\u0107 \u2013 podkre\u015bla Avermaet.<\/p>\n<p>Dzi\u015b peleton wjedzie do Francji i je\u015bli lider CCC planuje zachowa\u0107 koszulk\u0119 najlepszego g\u00f3rala, to b\u0119dzie musia\u0142 si\u0119 sporo napoci\u0107, bo na trzecim etapie zlokalizowane s\u0105 cztery premie g\u00f3rskie. Tak\u017ce finisz odb\u0119dzie si\u0119 pod g\u00f3r\u0119, wi\u0119c mo\u017cna spodziewa\u0107 si\u0119 ciekawych rozstrzygni\u0119\u0107.<\/p>\n<div class=\"embed-controller-wrapper\">\n<blockquote class=\"twitter-tweet\" data-width=\"500\" data-dnt=\"true\">\n<p lang=\"en\" dir=\"ltr\">Solid performance from the boys, this 7th place in the TTT. Sad to leave Belgium tomorrow, but we had a great time over here! \ud83d\udc4b Direction \u2018Champagne\u2019 now \ud83e\udd42 <a href=\"https:\/\/twitter.com\/hashtag\/RideForMore?src=hash&amp;ref_src=twsrc%5Etfw\">#RideForMore<\/a> <a href=\"https:\/\/twitter.com\/hashtag\/OverAchieve?src=hash&amp;ref_src=twsrc%5Etfw\">#OverAchieve<\/a> <a href=\"https:\/\/twitter.com\/hashtag\/TDF2019?src=hash&amp;ref_src=twsrc%5Etfw\">#TDF2019<\/a> <a href=\"https:\/\/t.co\/uFYql8EmiG\">pic.twitter.com\/uFYql8EmiG<\/a><\/p>\n<p>&mdash; Greg Van Avermaet (@GregVanAvermaet) <a href=\"https:\/\/twitter.com\/GregVanAvermaet\/status\/1147894319942184960?ref_src=twsrc%5Etfw\">July 7, 2019<\/a><\/p><\/blockquote>\n<p><script async data-src=\"https:\/\/platform.twitter.com\/widgets.js\" charset=\"utf-8\"><\/script><\/div>\n<p>Etap zaczyna si\u0119 w belgijskim Binche, ale po ok. 100 kilometrach przecina granic\u0119 i wje\u017cd\u017ca do Francji. Meta zlokalizowana jest w Epernay, trasa liczy \u0142\u0105cznie 215 km.<\/p>\n<p>&#8211; Stres min\u0105\u0142, wi\u0119c teraz zawodnicy wejd\u0105 na wysokie obroty. Ka\u017cdy skoncentruje si\u0119 na swoich zadaniach \u2013 uwa\u017ca Baranowski.<\/p>\n<lite-youtube videoid=0ZpFShMXQhg params=\"enablejsapi=1\" style=\"background-image: url('https:\/\/i.ytimg.com\/vi_webp\/0ZpFShMXQhg\/maxresdefault.webp');\"><\/lite-youtube>\n<style type=\"text\/css\"><!--td {border: 1px solid #ccc;}br {mso-data-placement:same-cell;}--><\/style>\n<p><span data-sheets-value=\"{&quot;1&quot;:2,&quot;2&quot;:&quot;Artyku\u0142 powsta\u0142 we wsp\u00f3\u0142pracy ze skoda-auto.pl&quot;}\" data-sheets-userformat=\"{&quot;2&quot;:1,&quot;3&quot;:{&quot;1&quot;:0}}\"><a class=\"in-cell-link\" href=\"http:\/\/www.skoda-auto.pl\/\" target=\"_blank\" rel=\"noopener\">Artyku\u0142 powsta\u0142 we wsp\u00f3\u0142pracy ze skoda-auto.pl<\/a><\/span><\/p>\n","protected":false},"excerpt":{"rendered":"<p>Wielka kraksa, wielkie emocje i wielka niespodzianka &#8211; dwa dni wystarczy\u0142y, by Tour de France zaserwowa\u0142 wszystko, czym zas\u0142u\u017cy\u0142 sobie [&hellip;]<\/p>\n","protected":false},"author":76,"featured_media":9285,"comment_status":"open","ping_status":"open","sticky":false,"template":"","format":"standard","meta":{"footnotes":""},"categories":[300],"tags":[],"global-categories":[],"class_list":["post-9277","post","type-post","status-publish","format-standard","has-post-thumbnail","hentry","category-tour-de-france-2019"],"yoast_head":"<!-- This site is optimized with the Yoast SEO Premium plugin v25.3 (Yoast SEO v25.9) - https:\/\/yoast.com\/wordpress\/plugins\/seo\/ -->\n<title>Co za otwarcie Tour de France! \u201eZniszczyli rywali, rozwalili system\u201d - \u0160koda We Love Cycling - Poland<\/title>\n<meta name=\"robots\" content=\"index, follow, max-snippet:-1, max-image-preview:large, max-video-preview:-1\" \/>\n<link rel=\"canonical\" href=\"https:\/\/www.welovecycling.com\/pl\/2019\/07\/08\/co-za-otwarcie-tour-de-france-zniszczyli-rywali-rozwalili-system\/\" \/>\n<meta property=\"og:locale\" content=\"pl_PL\" \/>\n<meta property=\"og:type\" content=\"article\" \/>\n<meta property=\"og:title\" content=\"Co za otwarcie Tour de France! \u201eZniszczyli rywali, rozwalili system\u201d\" \/>\n<meta property=\"og:description\" content=\"Wielka kraksa, wielkie emocje i wielka niespodzianka &#8211; dwa dni wystarczy\u0142y, by Tour de France zaserwowa\u0142 wszystko, czym zas\u0142u\u017cy\u0142 sobie [&hellip;]\" \/>\n<meta property=\"og:url\" content=\"https:\/\/www.welovecycling.com\/pl\/2019\/07\/08\/co-za-otwarcie-tour-de-france-zniszczyli-rywali-rozwalili-system\/\" \/>\n<meta property=\"og:site_name\" content=\"\u0160koda We Love Cycling - Poland\" \/>\n<meta property=\"article:published_time\" content=\"2019-07-08T12:51:55+00:00\" \/>\n<meta property=\"article:modified_time\" content=\"2019-07-08T14:07:49+00:00\" \/>\n<meta property=\"og:image\" content=\"https:\/\/d2p6e6u75xmxt8.cloudfront.net\/5\/2019\/07\/31a3a.jpg\" \/>\n\t<meta property=\"og:image:width\" content=\"1000\" \/>\n\t<meta property=\"og:image:height\" content=\"667\" \/>\n\t<meta property=\"og:image:type\" content=\"image\/jpeg\" \/>\n<meta name=\"author\" content=\"piotrboczkowski\" \/>\n<meta name=\"twitter:card\" content=\"summary_large_image\" \/>\n<meta name=\"twitter:label1\" content=\"Written by\" \/>\n\t<meta name=\"twitter:data1\" content=\"Piotr Nowik\" \/>\n\t<meta name=\"twitter:label2\" content=\"Est. reading time\" \/>\n\t<meta name=\"twitter:data2\" content=\"4 minutes\" \/>\n<script type=\"application\/ld+json\" class=\"yoast-schema-graph\">{\"@context\":\"https:\/\/schema.org\",\"@graph\":[{\"@type\":\"WebPage\",\"@id\":\"https:\/\/www.welovecycling.com\/pl\/2019\/07\/08\/co-za-otwarcie-tour-de-france-zniszczyli-rywali-rozwalili-system\/\",\"url\":\"https:\/\/www.welovecycling.com\/pl\/2019\/07\/08\/co-za-otwarcie-tour-de-france-zniszczyli-rywali-rozwalili-system\/\",\"name\":\"Co za otwarcie Tour de France! \u201eZniszczyli rywali, rozwalili system\u201d - \u0160koda We Love Cycling - Poland\",\"isPartOf\":{\"@id\":\"https:\/\/www.welovecycling.com\/pl\/#website\"},\"primaryImageOfPage\":{\"@id\":\"https:\/\/www.welovecycling.com\/pl\/2019\/07\/08\/co-za-otwarcie-tour-de-france-zniszczyli-rywali-rozwalili-system\/#primaryimage\"},\"image\":{\"@id\":\"https:\/\/www.welovecycling.com\/pl\/2019\/07\/08\/co-za-otwarcie-tour-de-france-zniszczyli-rywali-rozwalili-system\/#primaryimage\"},\"thumbnailUrl\":\"https:\/\/d2p6e6u75xmxt8.cloudfront.net\/5\/2019\/07\/31a3a.jpg\",\"datePublished\":\"2019-07-08T12:51:55+00:00\",\"dateModified\":\"2019-07-08T14:07:49+00:00\",\"author\":{\"@id\":\"https:\/\/www.welovecycling.com\/pl\/#\/schema\/person\/0dba2d39da943db9df3fd8f4687e7f23\"},\"breadcrumb\":{\"@id\":\"https:\/\/www.welovecycling.com\/pl\/2019\/07\/08\/co-za-otwarcie-tour-de-france-zniszczyli-rywali-rozwalili-system\/#breadcrumb\"},\"inLanguage\":\"pl-PL\",\"potentialAction\":[{\"@type\":\"ReadAction\",\"target\":[\"https:\/\/www.welovecycling.com\/pl\/2019\/07\/08\/co-za-otwarcie-tour-de-france-zniszczyli-rywali-rozwalili-system\/\"]}]},{\"@type\":\"ImageObject\",\"inLanguage\":\"pl-PL\",\"@id\":\"https:\/\/www.welovecycling.com\/pl\/2019\/07\/08\/co-za-otwarcie-tour-de-france-zniszczyli-rywali-rozwalili-system\/#primaryimage\",\"url\":\"https:\/\/d2p6e6u75xmxt8.cloudfront.net\/5\/2019\/07\/31a3a.jpg\",\"contentUrl\":\"https:\/\/d2p6e6u75xmxt8.cloudfront.net\/5\/2019\/07\/31a3a.jpg\",\"width\":1000,\"height\":667,\"caption\":\"Tour de France 2019 - 06\/07\/2019 - Etape 1 - Bruxelles \/ Brussel (Belgique) (194,5 Km) - \u00a9 A.S.O.\/Pauline BALLET\"},{\"@type\":\"BreadcrumbList\",\"@id\":\"https:\/\/www.welovecycling.com\/pl\/2019\/07\/08\/co-za-otwarcie-tour-de-france-zniszczyli-rywali-rozwalili-system\/#breadcrumb\",\"itemListElement\":[{\"@type\":\"ListItem\",\"position\":1,\"name\":\"Home\",\"item\":\"https:\/\/www.welovecycling.com\/pl\/\"},{\"@type\":\"ListItem\",\"position\":2,\"name\":\"Co za otwarcie Tour de France! \u201eZniszczyli rywali, rozwalili system\u201d\"}]},{\"@type\":\"WebSite\",\"@id\":\"https:\/\/www.welovecycling.com\/pl\/#website\",\"url\":\"https:\/\/www.welovecycling.com\/pl\/\",\"name\":\"\u0160koda We Love Cycling - Poland\",\"description\":\"\",\"potentialAction\":[{\"@type\":\"SearchAction\",\"target\":{\"@type\":\"EntryPoint\",\"urlTemplate\":\"https:\/\/www.welovecycling.com\/pl\/?s={search_term_string}\"},\"query-input\":{\"@type\":\"PropertyValueSpecification\",\"valueRequired\":true,\"valueName\":\"search_term_string\"}}],\"inLanguage\":\"pl-PL\"},{\"@type\":\"Person\",\"@id\":\"https:\/\/www.welovecycling.com\/pl\/#\/schema\/person\/0dba2d39da943db9df3fd8f4687e7f23\",\"name\":\"piotrboczkowski\",\"image\":{\"@type\":\"ImageObject\",\"inLanguage\":\"pl-PL\",\"@id\":\"https:\/\/www.welovecycling.com\/pl\/#\/schema\/person\/image\/\",\"url\":\"https:\/\/secure.gravatar.com\/avatar\/533caccae14752e03a2ce2d3fd62d1b98b93e1393c3195c27819e53344ca1ace?s=96&d=mm&r=g\",\"contentUrl\":\"https:\/\/secure.gravatar.com\/avatar\/533caccae14752e03a2ce2d3fd62d1b98b93e1393c3195c27819e53344ca1ace?s=96&d=mm&r=g\",\"caption\":\"piotrboczkowski\"},\"url\":\"https:\/\/www.welovecycling.com\/pl\/author\/piotrboczkowski\/\"}]}<\/script>\n<!-- \/ Yoast SEO Premium plugin. -->","yoast_head_json":{"title":"Co za otwarcie Tour de France! \u201eZniszczyli rywali, rozwalili system\u201d - \u0160koda We Love Cycling - Poland","robots":{"index":"index","follow":"follow","max-snippet":"max-snippet:-1","max-image-preview":"max-image-preview:large","max-video-preview":"max-video-preview:-1"},"canonical":"https:\/\/www.welovecycling.com\/pl\/2019\/07\/08\/co-za-otwarcie-tour-de-france-zniszczyli-rywali-rozwalili-system\/","og_locale":"pl_PL","og_type":"article","og_title":"Co za otwarcie Tour de France! \u201eZniszczyli rywali, rozwalili system\u201d","og_description":"Wielka kraksa, wielkie emocje i wielka niespodzianka &#8211; dwa dni wystarczy\u0142y, by Tour de France zaserwowa\u0142 wszystko, czym zas\u0142u\u017cy\u0142 sobie [&hellip;]","og_url":"https:\/\/www.welovecycling.com\/pl\/2019\/07\/08\/co-za-otwarcie-tour-de-france-zniszczyli-rywali-rozwalili-system\/","og_site_name":"\u0160koda We Love Cycling - Poland","article_published_time":"2019-07-08T12:51:55+00:00","article_modified_time":"2019-07-08T14:07:49+00:00","og_image":[{"width":1000,"height":667,"url":"https:\/\/d2p6e6u75xmxt8.cloudfront.net\/5\/2019\/07\/31a3a.jpg","type":"image\/jpeg"}],"author":"piotrboczkowski","twitter_card":"summary_large_image","twitter_misc":{"Written by":"Piotr Nowik","Est. reading time":"4 minutes"},"schema":{"@context":"https:\/\/schema.org","@graph":[{"@type":"WebPage","@id":"https:\/\/www.welovecycling.com\/pl\/2019\/07\/08\/co-za-otwarcie-tour-de-france-zniszczyli-rywali-rozwalili-system\/","url":"https:\/\/www.welovecycling.com\/pl\/2019\/07\/08\/co-za-otwarcie-tour-de-france-zniszczyli-rywali-rozwalili-system\/","name":"Co za otwarcie Tour de France! \u201eZniszczyli rywali, rozwalili system\u201d - \u0160koda We Love Cycling - Poland","isPartOf":{"@id":"https:\/\/www.welovecycling.com\/pl\/#website"},"primaryImageOfPage":{"@id":"https:\/\/www.welovecycling.com\/pl\/2019\/07\/08\/co-za-otwarcie-tour-de-france-zniszczyli-rywali-rozwalili-system\/#primaryimage"},"image":{"@id":"https:\/\/www.welovecycling.com\/pl\/2019\/07\/08\/co-za-otwarcie-tour-de-france-zniszczyli-rywali-rozwalili-system\/#primaryimage"},"thumbnailUrl":"https:\/\/d2p6e6u75xmxt8.cloudfront.net\/5\/2019\/07\/31a3a.jpg","datePublished":"2019-07-08T12:51:55+00:00","dateModified":"2019-07-08T14:07:49+00:00","author":{"@id":"https:\/\/www.welovecycling.com\/pl\/#\/schema\/person\/0dba2d39da943db9df3fd8f4687e7f23"},"breadcrumb":{"@id":"https:\/\/www.welovecycling.com\/pl\/2019\/07\/08\/co-za-otwarcie-tour-de-france-zniszczyli-rywali-rozwalili-system\/#breadcrumb"},"inLanguage":"pl-PL","potentialAction":[{"@type":"ReadAction","target":["https:\/\/www.welovecycling.com\/pl\/2019\/07\/08\/co-za-otwarcie-tour-de-france-zniszczyli-rywali-rozwalili-system\/"]}]},{"@type":"ImageObject","inLanguage":"pl-PL","@id":"https:\/\/www.welovecycling.com\/pl\/2019\/07\/08\/co-za-otwarcie-tour-de-france-zniszczyli-rywali-rozwalili-system\/#primaryimage","url":"https:\/\/d2p6e6u75xmxt8.cloudfront.net\/5\/2019\/07\/31a3a.jpg","contentUrl":"https:\/\/d2p6e6u75xmxt8.cloudfront.net\/5\/2019\/07\/31a3a.jpg","width":1000,"height":667,"caption":"Tour de France 2019 - 06\/07\/2019 - Etape 1 - Bruxelles \/ Brussel (Belgique) (194,5 Km) - \u00a9 A.S.O.\/Pauline BALLET"},{"@type":"BreadcrumbList","@id":"https:\/\/www.welovecycling.com\/pl\/2019\/07\/08\/co-za-otwarcie-tour-de-france-zniszczyli-rywali-rozwalili-system\/#breadcrumb","itemListElement":[{"@type":"ListItem","position":1,"name":"Home","item":"https:\/\/www.welovecycling.com\/pl\/"},{"@type":"ListItem","position":2,"name":"Co za otwarcie Tour de France! \u201eZniszczyli rywali, rozwalili system\u201d"}]},{"@type":"WebSite","@id":"https:\/\/www.welovecycling.com\/pl\/#website","url":"https:\/\/www.welovecycling.com\/pl\/","name":"\u0160koda We Love Cycling - Poland","description":"","potentialAction":[{"@type":"SearchAction","target":{"@type":"EntryPoint","urlTemplate":"https:\/\/www.welovecycling.com\/pl\/?s={search_term_string}"},"query-input":{"@type":"PropertyValueSpecification","valueRequired":true,"valueName":"search_term_string"}}],"inLanguage":"pl-PL"},{"@type":"Person","@id":"https:\/\/www.welovecycling.com\/pl\/#\/schema\/person\/0dba2d39da943db9df3fd8f4687e7f23","name":"piotrboczkowski","image":{"@type":"ImageObject","inLanguage":"pl-PL","@id":"https:\/\/www.welovecycling.com\/pl\/#\/schema\/person\/image\/","url":"https:\/\/secure.gravatar.com\/avatar\/533caccae14752e03a2ce2d3fd62d1b98b93e1393c3195c27819e53344ca1ace?s=96&d=mm&r=g","contentUrl":"https:\/\/secure.gravatar.com\/avatar\/533caccae14752e03a2ce2d3fd62d1b98b93e1393c3195c27819e53344ca1ace?s=96&d=mm&r=g","caption":"piotrboczkowski"},"url":"https:\/\/www.welovecycling.com\/pl\/author\/piotrboczkowski\/"}]}},"_links":{"self":[{"href":"https:\/\/www.welovecycling.com\/pl\/wp-json\/wp\/v2\/posts\/9277","targetHints":{"allow":["GET"]}}],"collection":[{"href":"https:\/\/www.welovecycling.com\/pl\/wp-json\/wp\/v2\/posts"}],"about":[{"href":"https:\/\/www.welovecycling.com\/pl\/wp-json\/wp\/v2\/types\/post"}],"author":[{"embeddable":true,"href":"https:\/\/www.welovecycling.com\/pl\/wp-json\/wp\/v2\/users\/76"}],"replies":[{"embeddable":true,"href":"https:\/\/www.welovecycling.com\/pl\/wp-json\/wp\/v2\/comments?post=9277"}],"version-history":[{"count":2,"href":"https:\/\/www.welovecycling.com\/pl\/wp-json\/wp\/v2\/posts\/9277\/revisions"}],"predecessor-version":[{"id":9288,"href":"https:\/\/www.welovecycling.com\/pl\/wp-json\/wp\/v2\/posts\/9277\/revisions\/9288"}],"wp:featuredmedia":[{"embeddable":true,"href":"https:\/\/www.welovecycling.com\/pl\/wp-json\/wp\/v2\/media\/9285"}],"wp:attachment":[{"href":"https:\/\/www.welovecycling.com\/pl\/wp-json\/wp\/v2\/media?parent=9277"}],"wp:term":[{"taxonomy":"category","embeddable":true,"href":"https:\/\/www.welovecycling.com\/pl\/wp-json\/wp\/v2\/categories?post=9277"},{"taxonomy":"post_tag","embeddable":true,"href":"https:\/\/www.welovecycling.com\/pl\/wp-json\/wp\/v2\/tags?post=9277"},{"taxonomy":"global-categories","embeddable":true,"href":"https:\/\/www.welovecycling.com\/pl\/wp-json\/wp\/v2\/global-categories?post=9277"}],"curies":[{"name":"wp","href":"https:\/\/api.w.org\/{rel}","templated":true}]}}