{"id":925,"date":"2016-04-21T09:41:55","date_gmt":"2016-04-21T09:41:55","guid":{"rendered":"http:\/\/skoda-rowery.pl\/?p=925"},"modified":"2016-12-05T09:53:28","modified_gmt":"2016-12-05T09:53:28","slug":"rowerowa-stolice-przenosimy-do-torunia","status":"publish","type":"post","link":"https:\/\/www.welovecycling.com\/pl\/2016\/04\/21\/rowerowa-stolice-przenosimy-do-torunia\/","title":{"rendered":"Rowerow\u0105 stolic\u0119 przenosimy do Torunia!"},"content":{"rendered":"<p style=\"text-align: justify\">Jest taki dzie\u0144, gdy w Toruniu po prostu nie wypada nie wsi\u0105\u015b\u0107 na rower. 8 maja miasto Miko\u0142aja Kopernika opanuj\u0105 cykli\u015bci, kt\u00f3rzy wezm\u0105 udzia\u0142 w drugiej edycji Velo Toru\u0144. Na start zapraszamy nie tylko zawodnik\u00f3w, ale te\u017c ca\u0142e rodziny!<!--more--><\/p>\n<p style=\"text-align: justify\">Tego dnia Toru\u0144 b\u0119dzie wygl\u0105da\u0142 jak du\u0144skie czy holenderskie miasto, gdzie rower jest codziennym \u015brodkiem transportu, cykli\u015bci dominuj\u0105 na ulicach, a kr\u0119cenie peda\u0142ami po prostu sta\u0142o si\u0119 stylem \u017cycia. Dok\u0142adnie tak ma by\u0107 8 maja w Toruniu!<\/p>\n<p style=\"text-align: justify\">\u201e<strong>Mistrz\u201d zaprasza<\/strong><\/p>\n<p style=\"text-align: justify\"><img loading=\"lazy\" decoding=\"async\" class=\"alignnone size-large wp-image-928\" src=\"http:\/\/skoda-rowery.pl\/wp-content\/uploads\/2016\/04\/Velo-Torun-2015_091_18K8323_tycfyd-1024x682.jpeg\" alt=\"Velo Torun 2015_091_18K8323_tycfyd\" width=\"1024\" height=\"682\" srcset=\"https:\/\/d2p6e6u75xmxt8.cloudfront.net\/5\/2016\/04\/Velo-Torun-2015_091_18K8323_tycfyd-1024x682.jpeg 1024w, https:\/\/d2p6e6u75xmxt8.cloudfront.net\/5\/2016\/04\/Velo-Torun-2015_091_18K8323_tycfyd-300x200.jpeg 300w, https:\/\/d2p6e6u75xmxt8.cloudfront.net\/5\/2016\/04\/Velo-Torun-2015_091_18K8323_tycfyd-768x512.jpeg 768w, https:\/\/d2p6e6u75xmxt8.cloudfront.net\/5\/2016\/04\/Velo-Torun-2015_091_18K8323_tycfyd-272x182.jpeg 272w, https:\/\/d2p6e6u75xmxt8.cloudfront.net\/5\/2016\/04\/Velo-Torun-2015_091_18K8323_tycfyd.jpeg 2000w\" sizes=\"auto, (max-width: 1024px) 100vw, 1024px\" \/><\/p>\n<p style=\"text-align: justify\">Na takiej imprezie nie mo\u017ce zabrakn\u0105\u0107 Micha\u0142a Kwiatkowskiego, mistrza \u015bwiata z 2014 r., kt\u00f3ry jest gospodarzem Velo Toru\u0144, ale nie najwa\u017cniejsz\u0105 osob\u0105. Tych b\u0119dzie bowiem grubo ponad tysi\u0105c, bo na tylu uczestnik\u00f3w licz\u0105 organizatorzy.<\/p>\n<p style=\"text-align: justify\">&#8211; Pierwsza edycja okaza\u0142a si\u0119 wielkim sukcesem [na starcie stan\u0119\u0142o ok. 1300 zawodnik\u00f3w \u2013 przyp. red.] i mam nadziej\u0119, \u017ce teraz frekwencja b\u0119dzie jeszcze wi\u0119ksza \u2013 podkre\u015bla Micha\u0142 Kwiatkowski w rozmowie z radiem Gra, kt\u00f3re jest patronem medialnym imprezy.<\/p>\n<p style=\"text-align: justify\">Podczas Velo Toru\u0144 nie ma wym\u00f3wek w stylu \u201eTo nie dla mnie!, bo na imprezie ka\u017cdy znajdzie co\u015b dla siebie. Rywalizacja b\u0119dzie toczy\u0142a si\u0119 na trzech dystansach: 30, 60 i 100 km.<\/p>\n<p style=\"text-align: justify\">Opr\u00f3cz dobrej zabawy, dla organizator\u00f3w priorytetem jest zdrowie zawodnik\u00f3w, wi\u0119c wy\u015bcigi odb\u0119d\u0105 si\u0119 w miejscach wy\u0142\u0105czonych dla ruchu samochodowego. &#8211; Bezpiecze\u0144stwo przede wszystkim. Trasa b\u0119dzie zamkni\u0119ta, a w Polsce nie ma wielu mo\u017cliwo\u015bci, by \u015bciga\u0107 si\u0119 w takich warunkach \u2013 podkre\u015bla Kwiatkowski.<\/p>\n<p style=\"text-align: justify\"><strong>Rodziny na start!<\/strong><\/p>\n<p style=\"text-align: justify\"><img loading=\"lazy\" decoding=\"async\" class=\"alignnone size-large wp-image-927\" src=\"http:\/\/skoda-rowery.pl\/wp-content\/uploads\/2016\/04\/Velo-Torun-2015_312_EZ3A2743_fgnfqj-1024x682.jpeg\" alt=\"Velo Torun 2015_312_EZ3A2743_fgnfqj\" width=\"1024\" height=\"682\" srcset=\"https:\/\/d2p6e6u75xmxt8.cloudfront.net\/5\/2016\/04\/Velo-Torun-2015_312_EZ3A2743_fgnfqj-1024x682.jpeg 1024w, https:\/\/d2p6e6u75xmxt8.cloudfront.net\/5\/2016\/04\/Velo-Torun-2015_312_EZ3A2743_fgnfqj-300x200.jpeg 300w, https:\/\/d2p6e6u75xmxt8.cloudfront.net\/5\/2016\/04\/Velo-Torun-2015_312_EZ3A2743_fgnfqj-768x512.jpeg 768w, https:\/\/d2p6e6u75xmxt8.cloudfront.net\/5\/2016\/04\/Velo-Torun-2015_312_EZ3A2743_fgnfqj-272x182.jpeg 272w, https:\/\/d2p6e6u75xmxt8.cloudfront.net\/5\/2016\/04\/Velo-Torun-2015_312_EZ3A2743_fgnfqj.jpeg 2000w\" sizes=\"auto, (max-width: 1024px) 100vw, 1024px\" \/><\/p>\n<p style=\"text-align: justify\">Ale Velo Toru\u0144 to nie tylko rywalizacja, ale przede wszystkim \u015bwietna zabawa dla ca\u0142ych rodzin. W ramach \u0160koda Family Challenge rodzice z dzie\u0107mi b\u0119d\u0105 mieli do pokonania ok. 12 km. Po drodze zatrzymaj\u0105 si\u0119 w dw\u00f3ch punktach kontrolnych, kt\u00f3re z kontrol\u0105 nie b\u0119d\u0105 mia\u0142y jednak nic wsp\u00f3lnego. Pierwszy zlokalizowano b\u0119dzie bowiem w cukierni na Starym Rynku (tam uczestnicy zostan\u0105 pocz\u0119stowani lodami), a drugi w Akademii Copernicus.<\/p>\n<p style=\"text-align: justify\">Met\u0119 zlokalizowano w salonie \u0160KODY, gdzie rowerzy\u015bci otrzymaj\u0105 pocz\u0119stunek, b\u0119d\u0105 mogli skorzysta\u0107 z wielu atrakcji (strzelania z \u0142uku, malowania twarzy, boiska do mini pi\u0142ki no\u017cnej i tzw. dmucha\u0144c\u00f3w), a tak\u017ce wzi\u0105\u0107 udzia\u0142 w licznych konkursach. Otrzymaj\u0105 r\u00f3wnie\u017c pami\u0105tki.<\/p>\n<p style=\"text-align: justify\">&#8211; To nie b\u0119dzie wy\u015bcig, ale rodzinny przejazd chodnikami i \u015bcie\u017ckami rowerowymi. Najwa\u017cniejsze jednak, by by\u0142 to wielki rodzinny piknik \u2013 zaznacza Konrad Rycharski z Z&amp;Z Auto Z\u0142oma\u0144czuk, autoryzowanego salony \u0160KODY.<\/p>\n<p style=\"text-align: justify\">Gdyby kto\u015b jednak nie m\u00f3g\u0142 zjawi\u0107 si\u0119 na starcie z rowerem, to podczas Velo Toru\u0144 r\u00f3wnie\u017c nie b\u0119dzie si\u0119 nudzi\u0142. W miasteczku zawod\u00f3w (przy hali sportowej przy ul. Bema) odb\u0119d\u0105 si\u0119 bowiem dziesi\u0105tki zabaw i konkurs\u00f3w.<\/p>\n<p style=\"text-align: justify\"><strong>Gdzie si\u0119 zapisa\u0107?<\/strong><\/p>\n<p style=\"text-align: justify\">Na imprez\u0119 mo\u017cna zg\u0142osi\u0107 si\u0119 poprzez stron\u0119\u00a0<a href=\"http:\/\/www.velotorun.com\/\">www.velotorun.com<\/a>., a na rodzinny \u0160koda Family Challenge tak\u017ce w salonie \u0160KODY w Lubiczu Dolnym przy ul. Toru\u0144skiej 85.<\/p>\n<p style=\"text-align: justify\">\n","protected":false},"excerpt":{"rendered":"<p>Jest taki dzie\u0144, gdy w Toruniu po prostu nie wypada nie wsi\u0105\u015b\u0107 na rower. 8 maja miasto Miko\u0142aja Kopernika opanuj\u0105 [&hellip;]<\/p>\n","protected":false},"author":1,"featured_media":926,"comment_status":"closed","ping_status":"closed","sticky":false,"template":"","format":"standard","meta":{"footnotes":""},"categories":[1],"tags":[41,75,80],"global-categories":[],"class_list":["post-925","post","type-post","status-publish","format-standard","has-post-thumbnail","hentry","category-uncategorized","tag-cycling","tag-torun","tag-velo-torun"],"yoast_head":"<!-- This site is optimized with the Yoast SEO Premium plugin v25.3 (Yoast SEO v25.9) - https:\/\/yoast.com\/wordpress\/plugins\/seo\/ -->\n<title>Rowerow\u0105 stolic\u0119 przenosimy do Torunia! - \u0160koda We Love Cycling - Poland<\/title>\n<meta name=\"robots\" content=\"index, follow, max-snippet:-1, max-image-preview:large, max-video-preview:-1\" \/>\n<link rel=\"canonical\" href=\"https:\/\/www.welovecycling.com\/pl\/2016\/04\/21\/rowerowa-stolice-przenosimy-do-torunia\/\" \/>\n<meta property=\"og:locale\" content=\"pl_PL\" \/>\n<meta property=\"og:type\" content=\"article\" \/>\n<meta property=\"og:title\" content=\"Rowerow\u0105 stolic\u0119 przenosimy do Torunia!\" \/>\n<meta property=\"og:description\" content=\"Jest taki dzie\u0144, gdy w Toruniu po prostu nie wypada nie wsi\u0105\u015b\u0107 na rower. 8 maja miasto Miko\u0142aja Kopernika opanuj\u0105 [&hellip;]\" \/>\n<meta property=\"og:url\" content=\"https:\/\/www.welovecycling.com\/pl\/2016\/04\/21\/rowerowa-stolice-przenosimy-do-torunia\/\" \/>\n<meta property=\"og:site_name\" content=\"\u0160koda We Love Cycling - Poland\" \/>\n<meta property=\"article:published_time\" content=\"2016-04-21T09:41:55+00:00\" \/>\n<meta property=\"article:modified_time\" content=\"2016-12-05T09:53:28+00:00\" \/>\n<meta property=\"og:image\" content=\"https:\/\/d2p6e6u75xmxt8.cloudfront.net\/5\/2016\/04\/Velo-Torun-2015_175_O0C7124_hggrjp.jpeg\" \/>\n\t<meta property=\"og:image:width\" content=\"2000\" \/>\n\t<meta property=\"og:image:height\" content=\"1333\" \/>\n\t<meta property=\"og:image:type\" content=\"image\/jpeg\" \/>\n<meta name=\"author\" content=\"WeLoveCycling\" \/>\n<meta name=\"twitter:card\" content=\"summary_large_image\" \/>\n<meta name=\"twitter:label1\" content=\"Written by\" \/>\n\t<meta name=\"twitter:data1\" content=\"WeLoveCycling\" \/>\n\t<meta name=\"twitter:label2\" content=\"Est. reading time\" \/>\n\t<meta name=\"twitter:data2\" content=\"2 minutes\" \/>\n<script type=\"application\/ld+json\" class=\"yoast-schema-graph\">{\"@context\":\"https:\/\/schema.org\",\"@graph\":[{\"@type\":\"WebPage\",\"@id\":\"https:\/\/www.welovecycling.com\/pl\/2016\/04\/21\/rowerowa-stolice-przenosimy-do-torunia\/\",\"url\":\"https:\/\/www.welovecycling.com\/pl\/2016\/04\/21\/rowerowa-stolice-przenosimy-do-torunia\/\",\"name\":\"Rowerow\u0105 stolic\u0119 przenosimy do Torunia! - \u0160koda We Love Cycling - Poland\",\"isPartOf\":{\"@id\":\"https:\/\/www.welovecycling.com\/pl\/#website\"},\"primaryImageOfPage\":{\"@id\":\"https:\/\/www.welovecycling.com\/pl\/2016\/04\/21\/rowerowa-stolice-przenosimy-do-torunia\/#primaryimage\"},\"image\":{\"@id\":\"https:\/\/www.welovecycling.com\/pl\/2016\/04\/21\/rowerowa-stolice-przenosimy-do-torunia\/#primaryimage\"},\"thumbnailUrl\":\"https:\/\/d2p6e6u75xmxt8.cloudfront.net\/5\/2016\/04\/Velo-Torun-2015_175_O0C7124_hggrjp.jpeg\",\"datePublished\":\"2016-04-21T09:41:55+00:00\",\"dateModified\":\"2016-12-05T09:53:28+00:00\",\"author\":{\"@id\":\"https:\/\/www.welovecycling.com\/pl\/#\/schema\/person\/e5187c9cac8dd619ebc7b41bd73c2fd9\"},\"breadcrumb\":{\"@id\":\"https:\/\/www.welovecycling.com\/pl\/2016\/04\/21\/rowerowa-stolice-przenosimy-do-torunia\/#breadcrumb\"},\"inLanguage\":\"pl-PL\",\"potentialAction\":[{\"@type\":\"ReadAction\",\"target\":[\"https:\/\/www.welovecycling.com\/pl\/2016\/04\/21\/rowerowa-stolice-przenosimy-do-torunia\/\"]}]},{\"@type\":\"ImageObject\",\"inLanguage\":\"pl-PL\",\"@id\":\"https:\/\/www.welovecycling.com\/pl\/2016\/04\/21\/rowerowa-stolice-przenosimy-do-torunia\/#primaryimage\",\"url\":\"https:\/\/d2p6e6u75xmxt8.cloudfront.net\/5\/2016\/04\/Velo-Torun-2015_175_O0C7124_hggrjp.jpeg\",\"contentUrl\":\"https:\/\/d2p6e6u75xmxt8.cloudfront.net\/5\/2016\/04\/Velo-Torun-2015_175_O0C7124_hggrjp.jpeg\",\"width\":2000,\"height\":1333},{\"@type\":\"BreadcrumbList\",\"@id\":\"https:\/\/www.welovecycling.com\/pl\/2016\/04\/21\/rowerowa-stolice-przenosimy-do-torunia\/#breadcrumb\",\"itemListElement\":[{\"@type\":\"ListItem\",\"position\":1,\"name\":\"Home\",\"item\":\"https:\/\/www.welovecycling.com\/pl\/\"},{\"@type\":\"ListItem\",\"position\":2,\"name\":\"Rowerow\u0105 stolic\u0119 przenosimy do Torunia!\"}]},{\"@type\":\"WebSite\",\"@id\":\"https:\/\/www.welovecycling.com\/pl\/#website\",\"url\":\"https:\/\/www.welovecycling.com\/pl\/\",\"name\":\"\u0160koda We Love Cycling - Poland\",\"description\":\"\",\"potentialAction\":[{\"@type\":\"SearchAction\",\"target\":{\"@type\":\"EntryPoint\",\"urlTemplate\":\"https:\/\/www.welovecycling.com\/pl\/?s={search_term_string}\"},\"query-input\":{\"@type\":\"PropertyValueSpecification\",\"valueRequired\":true,\"valueName\":\"search_term_string\"}}],\"inLanguage\":\"pl-PL\"},{\"@type\":\"Person\",\"@id\":\"https:\/\/www.welovecycling.com\/pl\/#\/schema\/person\/e5187c9cac8dd619ebc7b41bd73c2fd9\",\"name\":\"WeLoveCycling\",\"image\":{\"@type\":\"ImageObject\",\"inLanguage\":\"pl-PL\",\"@id\":\"https:\/\/www.welovecycling.com\/pl\/#\/schema\/person\/image\/\",\"url\":\"https:\/\/secure.gravatar.com\/avatar\/7e1ee0ecc5e294b19ef32b9f6086e0afbb9da00c3cb0d465ba4695331f4a9187?s=96&d=mm&r=g\",\"contentUrl\":\"https:\/\/secure.gravatar.com\/avatar\/7e1ee0ecc5e294b19ef32b9f6086e0afbb9da00c3cb0d465ba4695331f4a9187?s=96&d=mm&r=g\",\"caption\":\"WeLoveCycling\"},\"url\":\"https:\/\/www.welovecycling.com\/pl\/author\/lukascech\/\"}]}<\/script>\n<!-- \/ Yoast SEO Premium plugin. -->","yoast_head_json":{"title":"Rowerow\u0105 stolic\u0119 przenosimy do Torunia! - \u0160koda We Love Cycling - Poland","robots":{"index":"index","follow":"follow","max-snippet":"max-snippet:-1","max-image-preview":"max-image-preview:large","max-video-preview":"max-video-preview:-1"},"canonical":"https:\/\/www.welovecycling.com\/pl\/2016\/04\/21\/rowerowa-stolice-przenosimy-do-torunia\/","og_locale":"pl_PL","og_type":"article","og_title":"Rowerow\u0105 stolic\u0119 przenosimy do Torunia!","og_description":"Jest taki dzie\u0144, gdy w Toruniu po prostu nie wypada nie wsi\u0105\u015b\u0107 na rower. 8 maja miasto Miko\u0142aja Kopernika opanuj\u0105 [&hellip;]","og_url":"https:\/\/www.welovecycling.com\/pl\/2016\/04\/21\/rowerowa-stolice-przenosimy-do-torunia\/","og_site_name":"\u0160koda We Love Cycling - Poland","article_published_time":"2016-04-21T09:41:55+00:00","article_modified_time":"2016-12-05T09:53:28+00:00","og_image":[{"width":2000,"height":1333,"url":"https:\/\/d2p6e6u75xmxt8.cloudfront.net\/5\/2016\/04\/Velo-Torun-2015_175_O0C7124_hggrjp.jpeg","type":"image\/jpeg"}],"author":"WeLoveCycling","twitter_card":"summary_large_image","twitter_misc":{"Written by":"WeLoveCycling","Est. reading time":"2 minutes"},"schema":{"@context":"https:\/\/schema.org","@graph":[{"@type":"WebPage","@id":"https:\/\/www.welovecycling.com\/pl\/2016\/04\/21\/rowerowa-stolice-przenosimy-do-torunia\/","url":"https:\/\/www.welovecycling.com\/pl\/2016\/04\/21\/rowerowa-stolice-przenosimy-do-torunia\/","name":"Rowerow\u0105 stolic\u0119 przenosimy do Torunia! - \u0160koda We Love Cycling - Poland","isPartOf":{"@id":"https:\/\/www.welovecycling.com\/pl\/#website"},"primaryImageOfPage":{"@id":"https:\/\/www.welovecycling.com\/pl\/2016\/04\/21\/rowerowa-stolice-przenosimy-do-torunia\/#primaryimage"},"image":{"@id":"https:\/\/www.welovecycling.com\/pl\/2016\/04\/21\/rowerowa-stolice-przenosimy-do-torunia\/#primaryimage"},"thumbnailUrl":"https:\/\/d2p6e6u75xmxt8.cloudfront.net\/5\/2016\/04\/Velo-Torun-2015_175_O0C7124_hggrjp.jpeg","datePublished":"2016-04-21T09:41:55+00:00","dateModified":"2016-12-05T09:53:28+00:00","author":{"@id":"https:\/\/www.welovecycling.com\/pl\/#\/schema\/person\/e5187c9cac8dd619ebc7b41bd73c2fd9"},"breadcrumb":{"@id":"https:\/\/www.welovecycling.com\/pl\/2016\/04\/21\/rowerowa-stolice-przenosimy-do-torunia\/#breadcrumb"},"inLanguage":"pl-PL","potentialAction":[{"@type":"ReadAction","target":["https:\/\/www.welovecycling.com\/pl\/2016\/04\/21\/rowerowa-stolice-przenosimy-do-torunia\/"]}]},{"@type":"ImageObject","inLanguage":"pl-PL","@id":"https:\/\/www.welovecycling.com\/pl\/2016\/04\/21\/rowerowa-stolice-przenosimy-do-torunia\/#primaryimage","url":"https:\/\/d2p6e6u75xmxt8.cloudfront.net\/5\/2016\/04\/Velo-Torun-2015_175_O0C7124_hggrjp.jpeg","contentUrl":"https:\/\/d2p6e6u75xmxt8.cloudfront.net\/5\/2016\/04\/Velo-Torun-2015_175_O0C7124_hggrjp.jpeg","width":2000,"height":1333},{"@type":"BreadcrumbList","@id":"https:\/\/www.welovecycling.com\/pl\/2016\/04\/21\/rowerowa-stolice-przenosimy-do-torunia\/#breadcrumb","itemListElement":[{"@type":"ListItem","position":1,"name":"Home","item":"https:\/\/www.welovecycling.com\/pl\/"},{"@type":"ListItem","position":2,"name":"Rowerow\u0105 stolic\u0119 przenosimy do Torunia!"}]},{"@type":"WebSite","@id":"https:\/\/www.welovecycling.com\/pl\/#website","url":"https:\/\/www.welovecycling.com\/pl\/","name":"\u0160koda We Love Cycling - Poland","description":"","potentialAction":[{"@type":"SearchAction","target":{"@type":"EntryPoint","urlTemplate":"https:\/\/www.welovecycling.com\/pl\/?s={search_term_string}"},"query-input":{"@type":"PropertyValueSpecification","valueRequired":true,"valueName":"search_term_string"}}],"inLanguage":"pl-PL"},{"@type":"Person","@id":"https:\/\/www.welovecycling.com\/pl\/#\/schema\/person\/e5187c9cac8dd619ebc7b41bd73c2fd9","name":"WeLoveCycling","image":{"@type":"ImageObject","inLanguage":"pl-PL","@id":"https:\/\/www.welovecycling.com\/pl\/#\/schema\/person\/image\/","url":"https:\/\/secure.gravatar.com\/avatar\/7e1ee0ecc5e294b19ef32b9f6086e0afbb9da00c3cb0d465ba4695331f4a9187?s=96&d=mm&r=g","contentUrl":"https:\/\/secure.gravatar.com\/avatar\/7e1ee0ecc5e294b19ef32b9f6086e0afbb9da00c3cb0d465ba4695331f4a9187?s=96&d=mm&r=g","caption":"WeLoveCycling"},"url":"https:\/\/www.welovecycling.com\/pl\/author\/lukascech\/"}]}},"_links":{"self":[{"href":"https:\/\/www.welovecycling.com\/pl\/wp-json\/wp\/v2\/posts\/925","targetHints":{"allow":["GET"]}}],"collection":[{"href":"https:\/\/www.welovecycling.com\/pl\/wp-json\/wp\/v2\/posts"}],"about":[{"href":"https:\/\/www.welovecycling.com\/pl\/wp-json\/wp\/v2\/types\/post"}],"author":[{"embeddable":true,"href":"https:\/\/www.welovecycling.com\/pl\/wp-json\/wp\/v2\/users\/1"}],"replies":[{"embeddable":true,"href":"https:\/\/www.welovecycling.com\/pl\/wp-json\/wp\/v2\/comments?post=925"}],"version-history":[{"count":1,"href":"https:\/\/www.welovecycling.com\/pl\/wp-json\/wp\/v2\/posts\/925\/revisions"}],"predecessor-version":[{"id":2472,"href":"https:\/\/www.welovecycling.com\/pl\/wp-json\/wp\/v2\/posts\/925\/revisions\/2472"}],"wp:featuredmedia":[{"embeddable":true,"href":"https:\/\/www.welovecycling.com\/pl\/wp-json\/wp\/v2\/media\/926"}],"wp:attachment":[{"href":"https:\/\/www.welovecycling.com\/pl\/wp-json\/wp\/v2\/media?parent=925"}],"wp:term":[{"taxonomy":"category","embeddable":true,"href":"https:\/\/www.welovecycling.com\/pl\/wp-json\/wp\/v2\/categories?post=925"},{"taxonomy":"post_tag","embeddable":true,"href":"https:\/\/www.welovecycling.com\/pl\/wp-json\/wp\/v2\/tags?post=925"},{"taxonomy":"global-categories","embeddable":true,"href":"https:\/\/www.welovecycling.com\/pl\/wp-json\/wp\/v2\/global-categories?post=925"}],"curies":[{"name":"wp","href":"https:\/\/api.w.org\/{rel}","templated":true}]}}