{"id":9247,"date":"2019-07-05T07:42:11","date_gmt":"2019-07-05T07:42:11","guid":{"rendered":"https:\/\/www.welovecycling.com\/pl\/?p=9247"},"modified":"2019-07-05T08:55:41","modified_gmt":"2019-07-05T08:55:41","slug":"bartosz-huzarski-gosciem-wirtualnego-salonu","status":"publish","type":"post","link":"https:\/\/www.welovecycling.com\/pl\/2019\/07\/05\/bartosz-huzarski-gosciem-wirtualnego-salonu\/","title":{"rendered":"Bartosz Huzarski go\u015bciem Wirtualnego Salonu"},"content":{"rendered":"<p><strong>Ju\u017c 9 lipca z Bartoszem Huzarskim porozmawiamy o sprawach, kt\u00f3re s\u0105 bliskie i wa\u017cne dla ka\u017cdego rowerzysty.<\/strong><\/p>\n<p>&nbsp;<\/p>\n<p>O 10:00 poruszymy temat bezpiecze\u0144stwa, kt\u00f3re jest motywem przewodnim naszej aktualnej kampanii pod has\u0142em \u201eZawsze po bezpiecznej stronie\u201d. Bartosz opowie nam o najcz\u0119stszych potencjalnie gro\u017anych sytuacjach, w kt\u00f3rych mo\u017ce si\u0119 znale\u017a\u0107 rowerzysta. Nale\u017c\u0105 do nich mi\u0119dzy innymi niedostateczna odleg\u0142o\u015b\u0107 podczas wyprzedzania, nag\u0142a zmiana kierunku jazdy zwi\u0105zana ze z\u0142\u0105 infrastruktur\u0105 drogow\u0105, niedostateczne o\u015bwietlenie roweru i niewystarczaj\u0105co widoczne kolory ubra\u0144 kolarskich.<\/p>\n<p>&nbsp;<\/p>\n<p>O 12:00 porozmawiamy o udziale Polak\u00f3w w tegorocznym Tour de France i szansach, jakie maj\u0105 w tym wy\u015bcigu. Warto zaznaczy\u0107, \u017ce po raz pierwszy w historii wyst\u0105pi w nim polska ekipa \u2013 CCC Team. Razem z Bartoszem wytypujemy kandydat\u00f3w na zwyci\u0119zc\u00f3w. Czy b\u0119dzie nim Geraint Thomas, Jakob Fuglsang, a mo\u017ce w\u0142a\u015bnie jeden z naszych &#8211; Micha\u0142 Kwiatkowski?<\/p>\n<p>&nbsp;<\/p>\n<p>Spotkanie o 14:00 po\u015bwi\u0119cimy tematowi szczeg\u00f3lnie istotnemu podczas wakacji, mianowicie bezpiecznemu transportowi rower\u00f3w samochodem. Om\u00f3wimy wady i zalety przewo\u017cenia roweru na dachu i zestawimy je z drug\u0105 opcj\u0105, czyli umieszczaniem go na haku.<\/p>\n<p>&nbsp;<\/p>\n<p>I wreszcie w ostatniej rozmowie o 16:00 skupimy si\u0119 na samochodzie, poniewa\u017c jest on dla kolarza r\u00f3wnie wa\u017cny jak rower, w ko\u0144cu sp\u0119dza w nim du\u017co czasu, podr\u00f3\u017cuj\u0105c na wy\u015bcigi czy zgrupowania. SKODA daje wiele mo\u017cliwo\u015bci wsp\u00f3\u0142pracy pomi\u0119dzy kierowcami i rowerzystami. Kamery 360 stopni, radar, martwe pole i aktywny tempomat, w kt\u00f3re wyposa\u017cone s\u0105 samochody SKODA, poprawiaj\u0105 bezpiecze\u0144stwo tych dw\u00f3ch grup u\u017cytkownik\u00f3w dr\u00f3g. Poza tym m\u0119\u017cczy\u017ani s\u0105 gad\u017ceciarzami, wi\u0119c tak samo jak dobieraj\u0105 kask i skarpetki pod kolor stroju rowerowego, tak samo konfiguruj\u0105 samoch\u00f3d pod siebie, a takie opcje daje SKODA.<\/p>\n<p>&nbsp;<\/p>\n<p>B\u0105d\u017acie razem z nami 9 lipca w Wirtualnym Salonie \u2013 znajdziecie w nim mn\u00f3stwo przydatnych porad oraz inspiracji.<\/p>\n<p><a href=\"http:\/\/www.skoda-auto.pl\/oferta\/wirtualny-salon-skody\">http:\/\/www.skoda-auto.pl\/oferta\/wirtualny-salon-skody<\/a><\/p>\n<p>&nbsp;<\/p>\n","protected":false},"excerpt":{"rendered":"<p>Ju\u017c 9 lipca z Bartoszem Huzarskim porozmawiamy o sprawach, kt\u00f3re s\u0105 bliskie i wa\u017cne dla ka\u017cdego rowerzysty. &nbsp; O 10:00 [&hellip;]<\/p>\n","protected":false},"author":76,"featured_media":6412,"comment_status":"open","ping_status":"open","sticky":false,"template":"","format":"standard","meta":{"footnotes":""},"categories":[203],"tags":[],"global-categories":[],"class_list":["post-9247","post","type-post","status-publish","format-standard","has-post-thumbnail","hentry","category-bartosz-huzarski"],"yoast_head":"<!-- This site is optimized with the Yoast SEO Premium plugin v25.3 (Yoast SEO v25.9) - https:\/\/yoast.com\/wordpress\/plugins\/seo\/ -->\n<title>Bartosz Huzarski go\u015bciem Wirtualnego Salonu - \u0160koda We Love Cycling - Poland<\/title>\n<meta name=\"robots\" content=\"index, follow, max-snippet:-1, max-image-preview:large, max-video-preview:-1\" \/>\n<link rel=\"canonical\" href=\"https:\/\/www.welovecycling.com\/pl\/2019\/07\/05\/bartosz-huzarski-gosciem-wirtualnego-salonu\/\" \/>\n<meta property=\"og:locale\" content=\"pl_PL\" \/>\n<meta property=\"og:type\" content=\"article\" \/>\n<meta property=\"og:title\" content=\"Bartosz Huzarski go\u015bciem Wirtualnego Salonu\" \/>\n<meta property=\"og:description\" content=\"Ju\u017c 9 lipca z Bartoszem Huzarskim porozmawiamy o sprawach, kt\u00f3re s\u0105 bliskie i wa\u017cne dla ka\u017cdego rowerzysty. &nbsp; O 10:00 [&hellip;]\" \/>\n<meta property=\"og:url\" content=\"https:\/\/www.welovecycling.com\/pl\/2019\/07\/05\/bartosz-huzarski-gosciem-wirtualnego-salonu\/\" \/>\n<meta property=\"og:site_name\" content=\"\u0160koda We Love Cycling - Poland\" \/>\n<meta property=\"article:published_time\" content=\"2019-07-05T07:42:11+00:00\" \/>\n<meta property=\"article:modified_time\" content=\"2019-07-05T08:55:41+00:00\" \/>\n<meta property=\"og:image\" content=\"https:\/\/d2p6e6u75xmxt8.cloudfront.net\/5\/2018\/01\/2018-01-12-13_43_27-https___asana-user-private-us-east-1.s3.amazonaws.com_assets_15691823666289_5193.png\" \/>\n\t<meta property=\"og:image:width\" content=\"1269\" \/>\n\t<meta property=\"og:image:height\" content=\"671\" \/>\n\t<meta property=\"og:image:type\" content=\"image\/png\" \/>\n<meta name=\"author\" content=\"piotrboczkowski\" \/>\n<meta name=\"twitter:card\" content=\"summary_large_image\" \/>\n<meta name=\"twitter:label1\" content=\"Written by\" \/>\n\t<meta name=\"twitter:data1\" content=\"WeLoveCycling\" \/>\n\t<meta name=\"twitter:label2\" content=\"Est. reading time\" \/>\n\t<meta name=\"twitter:data2\" content=\"2 minutes\" \/>\n<script type=\"application\/ld+json\" class=\"yoast-schema-graph\">{\"@context\":\"https:\/\/schema.org\",\"@graph\":[{\"@type\":\"WebPage\",\"@id\":\"https:\/\/www.welovecycling.com\/pl\/2019\/07\/05\/bartosz-huzarski-gosciem-wirtualnego-salonu\/\",\"url\":\"https:\/\/www.welovecycling.com\/pl\/2019\/07\/05\/bartosz-huzarski-gosciem-wirtualnego-salonu\/\",\"name\":\"Bartosz Huzarski go\u015bciem Wirtualnego Salonu - \u0160koda We Love Cycling - Poland\",\"isPartOf\":{\"@id\":\"https:\/\/www.welovecycling.com\/pl\/#website\"},\"primaryImageOfPage\":{\"@id\":\"https:\/\/www.welovecycling.com\/pl\/2019\/07\/05\/bartosz-huzarski-gosciem-wirtualnego-salonu\/#primaryimage\"},\"image\":{\"@id\":\"https:\/\/www.welovecycling.com\/pl\/2019\/07\/05\/bartosz-huzarski-gosciem-wirtualnego-salonu\/#primaryimage\"},\"thumbnailUrl\":\"https:\/\/d2p6e6u75xmxt8.cloudfront.net\/5\/2018\/01\/2018-01-12-13_43_27-https___asana-user-private-us-east-1.s3.amazonaws.com_assets_15691823666289_5193.png\",\"datePublished\":\"2019-07-05T07:42:11+00:00\",\"dateModified\":\"2019-07-05T08:55:41+00:00\",\"author\":{\"@id\":\"https:\/\/www.welovecycling.com\/pl\/#\/schema\/person\/0dba2d39da943db9df3fd8f4687e7f23\"},\"breadcrumb\":{\"@id\":\"https:\/\/www.welovecycling.com\/pl\/2019\/07\/05\/bartosz-huzarski-gosciem-wirtualnego-salonu\/#breadcrumb\"},\"inLanguage\":\"pl-PL\",\"potentialAction\":[{\"@type\":\"ReadAction\",\"target\":[\"https:\/\/www.welovecycling.com\/pl\/2019\/07\/05\/bartosz-huzarski-gosciem-wirtualnego-salonu\/\"]}]},{\"@type\":\"ImageObject\",\"inLanguage\":\"pl-PL\",\"@id\":\"https:\/\/www.welovecycling.com\/pl\/2019\/07\/05\/bartosz-huzarski-gosciem-wirtualnego-salonu\/#primaryimage\",\"url\":\"https:\/\/d2p6e6u75xmxt8.cloudfront.net\/5\/2018\/01\/2018-01-12-13_43_27-https___asana-user-private-us-east-1.s3.amazonaws.com_assets_15691823666289_5193.png\",\"contentUrl\":\"https:\/\/d2p6e6u75xmxt8.cloudfront.net\/5\/2018\/01\/2018-01-12-13_43_27-https___asana-user-private-us-east-1.s3.amazonaws.com_assets_15691823666289_5193.png\",\"width\":1269,\"height\":671},{\"@type\":\"BreadcrumbList\",\"@id\":\"https:\/\/www.welovecycling.com\/pl\/2019\/07\/05\/bartosz-huzarski-gosciem-wirtualnego-salonu\/#breadcrumb\",\"itemListElement\":[{\"@type\":\"ListItem\",\"position\":1,\"name\":\"Home\",\"item\":\"https:\/\/www.welovecycling.com\/pl\/\"},{\"@type\":\"ListItem\",\"position\":2,\"name\":\"Bartosz Huzarski go\u015bciem Wirtualnego Salonu\"}]},{\"@type\":\"WebSite\",\"@id\":\"https:\/\/www.welovecycling.com\/pl\/#website\",\"url\":\"https:\/\/www.welovecycling.com\/pl\/\",\"name\":\"\u0160koda We Love Cycling - Poland\",\"description\":\"\",\"potentialAction\":[{\"@type\":\"SearchAction\",\"target\":{\"@type\":\"EntryPoint\",\"urlTemplate\":\"https:\/\/www.welovecycling.com\/pl\/?s={search_term_string}\"},\"query-input\":{\"@type\":\"PropertyValueSpecification\",\"valueRequired\":true,\"valueName\":\"search_term_string\"}}],\"inLanguage\":\"pl-PL\"},{\"@type\":\"Person\",\"@id\":\"https:\/\/www.welovecycling.com\/pl\/#\/schema\/person\/0dba2d39da943db9df3fd8f4687e7f23\",\"name\":\"piotrboczkowski\",\"image\":{\"@type\":\"ImageObject\",\"inLanguage\":\"pl-PL\",\"@id\":\"https:\/\/www.welovecycling.com\/pl\/#\/schema\/person\/image\/\",\"url\":\"https:\/\/secure.gravatar.com\/avatar\/533caccae14752e03a2ce2d3fd62d1b98b93e1393c3195c27819e53344ca1ace?s=96&d=mm&r=g\",\"contentUrl\":\"https:\/\/secure.gravatar.com\/avatar\/533caccae14752e03a2ce2d3fd62d1b98b93e1393c3195c27819e53344ca1ace?s=96&d=mm&r=g\",\"caption\":\"piotrboczkowski\"},\"url\":\"https:\/\/www.welovecycling.com\/pl\/author\/piotrboczkowski\/\"}]}<\/script>\n<!-- \/ Yoast SEO Premium plugin. -->","yoast_head_json":{"title":"Bartosz Huzarski go\u015bciem Wirtualnego Salonu - \u0160koda We Love Cycling - Poland","robots":{"index":"index","follow":"follow","max-snippet":"max-snippet:-1","max-image-preview":"max-image-preview:large","max-video-preview":"max-video-preview:-1"},"canonical":"https:\/\/www.welovecycling.com\/pl\/2019\/07\/05\/bartosz-huzarski-gosciem-wirtualnego-salonu\/","og_locale":"pl_PL","og_type":"article","og_title":"Bartosz Huzarski go\u015bciem Wirtualnego Salonu","og_description":"Ju\u017c 9 lipca z Bartoszem Huzarskim porozmawiamy o sprawach, kt\u00f3re s\u0105 bliskie i wa\u017cne dla ka\u017cdego rowerzysty. &nbsp; O 10:00 [&hellip;]","og_url":"https:\/\/www.welovecycling.com\/pl\/2019\/07\/05\/bartosz-huzarski-gosciem-wirtualnego-salonu\/","og_site_name":"\u0160koda We Love Cycling - Poland","article_published_time":"2019-07-05T07:42:11+00:00","article_modified_time":"2019-07-05T08:55:41+00:00","og_image":[{"width":1269,"height":671,"url":"https:\/\/d2p6e6u75xmxt8.cloudfront.net\/5\/2018\/01\/2018-01-12-13_43_27-https___asana-user-private-us-east-1.s3.amazonaws.com_assets_15691823666289_5193.png","type":"image\/png"}],"author":"piotrboczkowski","twitter_card":"summary_large_image","twitter_misc":{"Written by":"WeLoveCycling","Est. reading time":"2 minutes"},"schema":{"@context":"https:\/\/schema.org","@graph":[{"@type":"WebPage","@id":"https:\/\/www.welovecycling.com\/pl\/2019\/07\/05\/bartosz-huzarski-gosciem-wirtualnego-salonu\/","url":"https:\/\/www.welovecycling.com\/pl\/2019\/07\/05\/bartosz-huzarski-gosciem-wirtualnego-salonu\/","name":"Bartosz Huzarski go\u015bciem Wirtualnego Salonu - \u0160koda We Love Cycling - Poland","isPartOf":{"@id":"https:\/\/www.welovecycling.com\/pl\/#website"},"primaryImageOfPage":{"@id":"https:\/\/www.welovecycling.com\/pl\/2019\/07\/05\/bartosz-huzarski-gosciem-wirtualnego-salonu\/#primaryimage"},"image":{"@id":"https:\/\/www.welovecycling.com\/pl\/2019\/07\/05\/bartosz-huzarski-gosciem-wirtualnego-salonu\/#primaryimage"},"thumbnailUrl":"https:\/\/d2p6e6u75xmxt8.cloudfront.net\/5\/2018\/01\/2018-01-12-13_43_27-https___asana-user-private-us-east-1.s3.amazonaws.com_assets_15691823666289_5193.png","datePublished":"2019-07-05T07:42:11+00:00","dateModified":"2019-07-05T08:55:41+00:00","author":{"@id":"https:\/\/www.welovecycling.com\/pl\/#\/schema\/person\/0dba2d39da943db9df3fd8f4687e7f23"},"breadcrumb":{"@id":"https:\/\/www.welovecycling.com\/pl\/2019\/07\/05\/bartosz-huzarski-gosciem-wirtualnego-salonu\/#breadcrumb"},"inLanguage":"pl-PL","potentialAction":[{"@type":"ReadAction","target":["https:\/\/www.welovecycling.com\/pl\/2019\/07\/05\/bartosz-huzarski-gosciem-wirtualnego-salonu\/"]}]},{"@type":"ImageObject","inLanguage":"pl-PL","@id":"https:\/\/www.welovecycling.com\/pl\/2019\/07\/05\/bartosz-huzarski-gosciem-wirtualnego-salonu\/#primaryimage","url":"https:\/\/d2p6e6u75xmxt8.cloudfront.net\/5\/2018\/01\/2018-01-12-13_43_27-https___asana-user-private-us-east-1.s3.amazonaws.com_assets_15691823666289_5193.png","contentUrl":"https:\/\/d2p6e6u75xmxt8.cloudfront.net\/5\/2018\/01\/2018-01-12-13_43_27-https___asana-user-private-us-east-1.s3.amazonaws.com_assets_15691823666289_5193.png","width":1269,"height":671},{"@type":"BreadcrumbList","@id":"https:\/\/www.welovecycling.com\/pl\/2019\/07\/05\/bartosz-huzarski-gosciem-wirtualnego-salonu\/#breadcrumb","itemListElement":[{"@type":"ListItem","position":1,"name":"Home","item":"https:\/\/www.welovecycling.com\/pl\/"},{"@type":"ListItem","position":2,"name":"Bartosz Huzarski go\u015bciem Wirtualnego Salonu"}]},{"@type":"WebSite","@id":"https:\/\/www.welovecycling.com\/pl\/#website","url":"https:\/\/www.welovecycling.com\/pl\/","name":"\u0160koda We Love Cycling - Poland","description":"","potentialAction":[{"@type":"SearchAction","target":{"@type":"EntryPoint","urlTemplate":"https:\/\/www.welovecycling.com\/pl\/?s={search_term_string}"},"query-input":{"@type":"PropertyValueSpecification","valueRequired":true,"valueName":"search_term_string"}}],"inLanguage":"pl-PL"},{"@type":"Person","@id":"https:\/\/www.welovecycling.com\/pl\/#\/schema\/person\/0dba2d39da943db9df3fd8f4687e7f23","name":"piotrboczkowski","image":{"@type":"ImageObject","inLanguage":"pl-PL","@id":"https:\/\/www.welovecycling.com\/pl\/#\/schema\/person\/image\/","url":"https:\/\/secure.gravatar.com\/avatar\/533caccae14752e03a2ce2d3fd62d1b98b93e1393c3195c27819e53344ca1ace?s=96&d=mm&r=g","contentUrl":"https:\/\/secure.gravatar.com\/avatar\/533caccae14752e03a2ce2d3fd62d1b98b93e1393c3195c27819e53344ca1ace?s=96&d=mm&r=g","caption":"piotrboczkowski"},"url":"https:\/\/www.welovecycling.com\/pl\/author\/piotrboczkowski\/"}]}},"_links":{"self":[{"href":"https:\/\/www.welovecycling.com\/pl\/wp-json\/wp\/v2\/posts\/9247","targetHints":{"allow":["GET"]}}],"collection":[{"href":"https:\/\/www.welovecycling.com\/pl\/wp-json\/wp\/v2\/posts"}],"about":[{"href":"https:\/\/www.welovecycling.com\/pl\/wp-json\/wp\/v2\/types\/post"}],"author":[{"embeddable":true,"href":"https:\/\/www.welovecycling.com\/pl\/wp-json\/wp\/v2\/users\/76"}],"replies":[{"embeddable":true,"href":"https:\/\/www.welovecycling.com\/pl\/wp-json\/wp\/v2\/comments?post=9247"}],"version-history":[{"count":2,"href":"https:\/\/www.welovecycling.com\/pl\/wp-json\/wp\/v2\/posts\/9247\/revisions"}],"predecessor-version":[{"id":9250,"href":"https:\/\/www.welovecycling.com\/pl\/wp-json\/wp\/v2\/posts\/9247\/revisions\/9250"}],"wp:featuredmedia":[{"embeddable":true,"href":"https:\/\/www.welovecycling.com\/pl\/wp-json\/wp\/v2\/media\/6412"}],"wp:attachment":[{"href":"https:\/\/www.welovecycling.com\/pl\/wp-json\/wp\/v2\/media?parent=9247"}],"wp:term":[{"taxonomy":"category","embeddable":true,"href":"https:\/\/www.welovecycling.com\/pl\/wp-json\/wp\/v2\/categories?post=9247"},{"taxonomy":"post_tag","embeddable":true,"href":"https:\/\/www.welovecycling.com\/pl\/wp-json\/wp\/v2\/tags?post=9247"},{"taxonomy":"global-categories","embeddable":true,"href":"https:\/\/www.welovecycling.com\/pl\/wp-json\/wp\/v2\/global-categories?post=9247"}],"curies":[{"name":"wp","href":"https:\/\/api.w.org\/{rel}","templated":true}]}}