{"id":9221,"date":"2019-07-05T10:26:14","date_gmt":"2019-07-05T10:26:14","guid":{"rendered":"https:\/\/www.welovecycling.com\/pl\/?p=9221"},"modified":"2019-07-05T10:26:14","modified_gmt":"2019-07-05T10:26:14","slug":"kto-wygra-tegoroczny-tour-de-france","status":"publish","type":"post","link":"https:\/\/www.welovecycling.com\/pl\/2019\/07\/05\/kto-wygra-tegoroczny-tour-de-france\/","title":{"rendered":"Kto wygra tegoroczny Tour de France?"},"content":{"rendered":"<div id=\"pl-9221\"  class=\"panel-layout\" ><div id=\"pg-9221-0\"  class=\"panel-grid panel-no-style\" ><div id=\"pgc-9221-0-0\"  class=\"panel-grid-cell\" ><div id=\"panel-9221-0-0-0\" class=\"so-panel widget widget_sow-editor panel-first-child panel-last-child\" data-index=\"0\" ><div\n\t\t\t\n\t\t\tclass=\"so-widget-sow-editor so-widget-sow-editor-base\"\n\t\t\t\n\t\t>\n<div class=\"siteorigin-widget-tinymce textwidget\">\n\t<h3><strong><span style=\"font-size: 14pt;\">O wytypowanie zwyci\u0119zc\u00f3w poprosili\u015bmy naszych sta\u0142ych redaktor\u00f3w: Bartosza Huzarskiego, \u0141ukasza Przechodzenia (roweroweporady.pl), Piotra Szwedowskiego oraz Piotra Nowika.<\/span><\/strong><\/h3>\n<\/div>\n<\/div><\/div><\/div><\/div><div id=\"pg-9221-1\"  class=\"panel-grid panel-no-style\" ><div id=\"pgc-9221-1-0\"  class=\"panel-grid-cell\" ><div id=\"panel-9221-1-0-0\" class=\"so-panel widget widget_sow-image panel-first-child\" data-index=\"1\" ><div\n\t\t\t\n\t\t\tclass=\"so-widget-sow-image so-widget-sow-image-default-dbf295114b96-9221\"\n\t\t\t\n\t\t>\n<div class=\"sow-image-container\">\n\t\t<img loading=\"lazy\" decoding=\"async\" src=\"https:\/\/d2p6e6u75xmxt8.cloudfront.net\/5\/2019\/07\/a5a53.jpg\" width=\"1000\" height=\"667\" srcset=\"https:\/\/d2p6e6u75xmxt8.cloudfront.net\/5\/2019\/07\/a5a53.jpg 1000w, https:\/\/d2p6e6u75xmxt8.cloudfront.net\/5\/2019\/07\/a5a53-300x200.jpg 300w, https:\/\/d2p6e6u75xmxt8.cloudfront.net\/5\/2019\/07\/a5a53-768x512.jpg 768w, https:\/\/d2p6e6u75xmxt8.cloudfront.net\/5\/2019\/07\/a5a53-272x182.jpg 272w\" sizes=\"auto, (max-width: 1000px) 100vw, 1000px\" title=\"Tour de France 2018 - 28\/07\/2018 - Etape 20 - Saint-Pee-sur-Nivelle \/ Espelette (31 km CLM) - Geraint THOMAS (TEAM SKY) Assur\u00e9 de remporter le Tour apr\u00e9s le contre la montre \u00a9 ASO\/Marie-Christine Lieu\" alt=\"\" \t\tclass=\"so-widget-image\"\/>\n\t<\/div>\n\n<\/div><\/div><div id=\"panel-9221-1-0-1\" class=\"so-panel widget widget_sow-editor panel-last-child\" data-index=\"2\" ><div\n\t\t\t\n\t\t\tclass=\"so-widget-sow-editor so-widget-sow-editor-base\"\n\t\t\t\n\t\t>\n<div class=\"siteorigin-widget-tinymce textwidget\">\n\t<h3>Bartosz Huzarski stawia na ubieg\u0142orocznego zwyci\u0119zc\u0119, Gerainta Thomasa z ekipy Sky [Team Ineos], tym bardziej \u017ce w tym roku nie wystartuje \u015bwietny Froom, kt\u00f3ry m\u00f3g\u0142by by\u0107 dla niego realnym zagro\u017ceniem. Na korzy\u015b\u0107 Walijczyka przemawiaj\u0105 do\u015bwiadczenie, umiej\u0119tno\u015b\u0107 radzenia sobie ze stresem oraz dru\u017cyna. Huzarski nie wyklucza r\u00f3wnie\u017c zwyci\u0119stwa Jakoba Fuglsanga, kt\u00f3ry jest w znakomitej formie. Ca\u0142y team <em>Astana<\/em> jest g\u0142odny zwyci\u0119stwa, wi\u0119c zesp\u00f3\u0142 z pewno\u015bci\u0105 b\u0119dzie mu podporz\u0105dkowany. Wreszcie, Tour de France mo\u017ce wygra\u0107 te\u017c Thibaut Pinot - bardzo dobrze je\u017adzi na czas i \u015bwietnie radzi sobie na odcinkach g\u00f3rskich \u2013 pami\u0119tajmy \u017ce przebieg tegorocznej trasy zosta\u0142 nakre\u015blony w\u0142a\u015bnie pod wybitnych g\u00f3rali.<\/h3>\n<p><em>Bartosz jest kolarzem szosowym oraz ambasadorem marki \u0160koda. Specjalizuje si\u0119 w je\u017adzie po g\u00f3rach. Jest by\u0142ym zawodnikiem grupy\u00a0<\/em><a href=\"https:\/\/pl.wikipedia.org\/wiki\/UCI_Professional_Continental_Teams\"><em>UCI Professional Continental Teams<\/em><\/a><em>\u00a0<\/em><a href=\"https:\/\/pl.wikipedia.org\/wiki\/Bora-Argon_18\"><em>Bora-Argon 18<\/em><\/a><em>. <\/em><\/p>\n<\/div>\n<\/div><\/div><\/div><\/div><div id=\"pg-9221-2\"  class=\"panel-grid panel-no-style\" ><div id=\"pgc-9221-2-0\"  class=\"panel-grid-cell\" ><div id=\"panel-9221-2-0-0\" class=\"so-panel widget widget_sow-image panel-first-child\" data-index=\"3\" ><div\n\t\t\t\n\t\t\tclass=\"so-widget-sow-image so-widget-sow-image-default-dbf295114b96-9221\"\n\t\t\t\n\t\t>\n<div class=\"sow-image-container\">\n\t\t<img loading=\"lazy\" decoding=\"async\" src=\"https:\/\/d2p6e6u75xmxt8.cloudfront.net\/5\/2019\/07\/eebc0.jpg\" width=\"1200\" height=\"800\" srcset=\"https:\/\/d2p6e6u75xmxt8.cloudfront.net\/5\/2019\/07\/eebc0.jpg 1200w, https:\/\/d2p6e6u75xmxt8.cloudfront.net\/5\/2019\/07\/eebc0-300x200.jpg 300w, https:\/\/d2p6e6u75xmxt8.cloudfront.net\/5\/2019\/07\/eebc0-768x512.jpg 768w, https:\/\/d2p6e6u75xmxt8.cloudfront.net\/5\/2019\/07\/eebc0-1024x683.jpg 1024w, https:\/\/d2p6e6u75xmxt8.cloudfront.net\/5\/2019\/07\/eebc0-272x182.jpg 272w\" sizes=\"auto, (max-width: 1200px) 100vw, 1200px\" title=\"Peter SAGAN \u00a9 ASO\/Pauline BALLET\" alt=\"Peter SAGAN (BORA - HANSGROHE) \u00a9 ASO\/Pauline BALLET\" \t\tclass=\"so-widget-image\"\/>\n\t<\/div>\n\n<h3 class=\"widget-title\">Peter SAGAN \u00a9 ASO\/Pauline BALLET<\/h3><\/div><\/div><div id=\"panel-9221-2-0-1\" class=\"so-panel widget widget_sow-image panel-last-child\" data-index=\"4\" ><div\n\t\t\t\n\t\t\tclass=\"so-widget-sow-image so-widget-sow-image-default-dbf295114b96-9221\"\n\t\t\t\n\t\t>\n<div class=\"sow-image-container\">\n\t\t<img loading=\"lazy\" decoding=\"async\" src=\"https:\/\/d2p6e6u75xmxt8.cloudfront.net\/5\/2019\/07\/profimedia-0393980656.jpg\" width=\"1250\" height=\"833\" srcset=\"https:\/\/d2p6e6u75xmxt8.cloudfront.net\/5\/2019\/07\/profimedia-0393980656.jpg 1250w, https:\/\/d2p6e6u75xmxt8.cloudfront.net\/5\/2019\/07\/profimedia-0393980656-300x200.jpg 300w, https:\/\/d2p6e6u75xmxt8.cloudfront.net\/5\/2019\/07\/profimedia-0393980656-768x512.jpg 768w, https:\/\/d2p6e6u75xmxt8.cloudfront.net\/5\/2019\/07\/profimedia-0393980656-1024x682.jpg 1024w, https:\/\/d2p6e6u75xmxt8.cloudfront.net\/5\/2019\/07\/profimedia-0393980656-272x182.jpg 272w\" sizes=\"auto, (max-width: 1250px) 100vw, 1250px\" title=\"Geraint Thomas \u00a9 Profimedia, TEMP Aflo\" alt=\"\" \t\tclass=\"so-widget-image\"\/>\n\t<\/div>\n\n<h3 class=\"widget-title\">Geraint Thomas \u00a9 Profimedia, TEMP Aflo<\/h3><\/div><\/div><\/div><div id=\"pgc-9221-2-1\"  class=\"panel-grid-cell\" ><div id=\"panel-9221-2-1-0\" class=\"so-panel widget widget_sow-editor panel-first-child panel-last-child\" data-index=\"5\" ><div\n\t\t\t\n\t\t\tclass=\"so-widget-sow-editor so-widget-sow-editor-base\"\n\t\t\t\n\t\t>\n<div class=\"siteorigin-widget-tinymce textwidget\">\n\t<p>https:\/\/www.instagram.com\/p\/Bk3FK9EFbjZ\/<\/p>\n<\/div>\n<\/div><\/div><\/div><\/div><div id=\"pg-9221-3\"  class=\"panel-grid panel-no-style\" ><div id=\"pgc-9221-3-0\"  class=\"panel-grid-cell\" ><div id=\"panel-9221-3-0-0\" class=\"so-panel widget widget_sow-editor panel-first-child panel-last-child\" data-index=\"6\" ><div\n\t\t\t\n\t\t\tclass=\"so-widget-sow-editor so-widget-sow-editor-base\"\n\t\t\t\n\t\t>\n<div class=\"siteorigin-widget-tinymce textwidget\">\n\t<h3>Zdaniem \u0141ukasza wy\u015bcig r\u00f3wnie\u017c wygra Walijczyk Geraint Thomas, zdobywca dw\u00f3ch z\u0142otych medali olimpijskich oraz zesz\u0142oroczny triumfator Tour de France. Cho\u0107 zaliczy\u0142 kraks\u0119 w Tour de Suisse, po kt\u00f3rej trafi\u0142 do szpitala, nadal ma szanse na zwyci\u0119stwo. Je\u015bli jednak nie uda mu si\u0119 w pe\u0142ni wr\u00f3ci\u0107 do formy, \u0141ukasz typuje na zwyci\u0119zc\u0119 jego koleg\u0119 z dru\u017cyny Micha\u0142a Kwiatkowskiego. Taka wiadomo\u015b\u0107 z pewno\u015bci\u0105 bardzo by nas wszystkich ucieszy\u0142a. W gronie jego faworyt\u00f3w jest te\u017c Peter Sagan, kt\u00f3ry a\u017c sze\u015bciokrotnie wygrywa\u0142 klasyfikacj\u0119 punktow\u0105 Tour de France, wi\u0119c jego zwyci\u0119stwo w generalce by\u0142oby ca\u0142kiem uzasadnione.<\/h3>\n<p><em>\u0141ukasz Przechodze\u0144 prowadzi jeden z najwi\u0119kszych blog\u00f3w rowerowych, roweroweporady.pl. Jest te\u017c oczywi\u015bcie zapalonym rowerzyst\u0105, bior\u0105cym udzia\u0142 w rajdach MTB i wyprawach. Na swoim blogu pisze o wszystkim, co zwi\u0105zane jest z kultur\u0105 rowerow\u0105. <\/em><\/p>\n<\/div>\n<\/div><\/div><\/div><\/div><div id=\"pg-9221-4\"  class=\"panel-grid panel-no-style\" ><div id=\"pgc-9221-4-0\"  class=\"panel-grid-cell\" ><div id=\"panel-9221-4-0-0\" class=\"so-panel widget widget_sow-editor panel-first-child panel-last-child\" data-index=\"7\" ><div\n\t\t\t\n\t\t\tclass=\"so-widget-sow-editor so-widget-sow-editor-base\"\n\t\t\t\n\t\t>\n<div class=\"siteorigin-widget-tinymce textwidget\">\n\t<div class=\"embed-controller-wrapper\">\n<blockquote class=\"twitter-tweet\" data-width=\"500\" data-dnt=\"true\">\n<p lang=\"en\" dir=\"ltr\">Do you like our new, special-edition <a href=\"https:\/\/twitter.com\/BORAhansgrohe?ref_src=twsrc%5Etfw\">@BORAhansgrohe<\/a> jersey from <a href=\"https:\/\/twitter.com\/sportful?ref_src=twsrc%5Etfw\">@sportful<\/a> for <a href=\"https:\/\/twitter.com\/LeTour?ref_src=twsrc%5Etfw\">@letour<\/a>? <a href=\"https:\/\/t.co\/UX8sNFhPAz\">pic.twitter.com\/UX8sNFhPAz<\/a><\/p>\n<p>&mdash; Peter Sagan (@petosagan) <a href=\"https:\/\/twitter.com\/petosagan\/status\/1146781083062681601?ref_src=twsrc%5Etfw\">July 4, 2019<\/a><\/p><\/blockquote>\n<p><script async data-src=\"https:\/\/platform.twitter.com\/widgets.js\" charset=\"utf-8\"><\/script><\/div>\n<h3>Piotr Szwedowski wskazuje, podobnie jak \u0141ukasz Przechodze\u0144, Petera Sagana, kt\u00f3ry jego zdaniem jest najwi\u0119kszym talentem, je\u015bli chodzi o technik\u0119 jazdy. Szwedowski nie ukrywa swojej sympatii do Sagana i uwa\u017ca, \u017ce jego motto i tatua\u017c \u201eWHY SO SERIOUS\u201d wprowadza potrzebn\u0105 i o\u017cywcz\u0105 odmian\u0119 w tym najbardziej spi\u0119tym sporcie na \u015bwiecie. S\u0142owak jest mu te\u017c bliski dlatego, \u017ce podobnie jak on w m\u0142odo\u015bci ostro je\u017adzi\u0142 na MTB.<\/h3>\n<p><em>Piotr Szwedowski,\u00a0znany polski zawodnik MTB, 4X, BMX, FR, oraz<\/em>\u00a0<em>bloger. Prowadzi stron\u0119 piotrszwedowski.pl, kt\u00f3ra zawiera praktyczne porady oraz ciekawostki zwi\u0105zane z profesjonalnym kolarstwem.<\/em><\/p>\n<p>&nbsp;<\/p>\n<\/div>\n<\/div><\/div><\/div><\/div><div id=\"pg-9221-5\"  class=\"panel-grid panel-no-style\" ><div id=\"pgc-9221-5-0\"  class=\"panel-grid-cell\" ><div id=\"panel-9221-5-0-0\" class=\"so-panel widget widget_sow-image panel-first-child\" data-index=\"8\" ><div\n\t\t\t\n\t\t\tclass=\"so-widget-sow-image so-widget-sow-image-default-dbf295114b96-9221\"\n\t\t\t\n\t\t>\n<div class=\"sow-image-container\">\n\t\t<img loading=\"lazy\" decoding=\"async\" src=\"https:\/\/d2p6e6u75xmxt8.cloudfront.net\/5\/2019\/07\/180730-TDF-Finale-1200x628-1024x536.jpg\" width=\"1024\" height=\"536\" srcset=\"https:\/\/d2p6e6u75xmxt8.cloudfront.net\/5\/2019\/07\/180730-TDF-Finale-1200x628-1024x536.jpg 1024w, https:\/\/d2p6e6u75xmxt8.cloudfront.net\/5\/2019\/07\/180730-TDF-Finale-1200x628-300x157.jpg 300w, https:\/\/d2p6e6u75xmxt8.cloudfront.net\/5\/2019\/07\/180730-TDF-Finale-1200x628-768x402.jpg 768w, https:\/\/d2p6e6u75xmxt8.cloudfront.net\/5\/2019\/07\/180730-TDF-Finale-1200x628.jpg 1200w\" sizes=\"auto, (max-width: 1024px) 100vw, 1024px\" title=\" \u00a9 ASO\/PAULINE BALLET\" alt=\"\" \t\tclass=\"so-widget-image\"\/>\n\t<\/div>\n\n<\/div><\/div><div id=\"panel-9221-5-0-1\" class=\"so-panel widget widget_sow-editor panel-last-child\" data-index=\"9\" ><div\n\t\t\t\n\t\t\tclass=\"so-widget-sow-editor so-widget-sow-editor-base\"\n\t\t\t\n\t\t>\n<div class=\"siteorigin-widget-tinymce textwidget\">\n\t<h3>Piotr Nowik r\u00f3wnie\u017c stawia na Gerainta Thomasa. Jego team wygra\u0142 cztery ostatnie Wielkie P\u0119tle i w tym roku nie zamierza przerywa\u0107 tej passy. Thomas to najlepszy kolarz Ineos, do tego mo\u017ce liczy\u0107 na mocne wsparcie zespo\u0142u. Jedyne, co mo\u017ce mu odebra\u0107 zwyci\u0119stwo, to wspominany ju\u017c wypadek podczas Tour de Suisse, ale tylko je\u015bli Thomas nie zd\u0105\u017cy odbudowa\u0107 formy. Jednak na to si\u0119 nie zanosi, wi\u0119c wygl\u0105da na to, \u017ce trudno b\u0119dzie go zatrzyma\u0107.<\/h3>\n<p><em><span style=\"font-family: 'Calibri',sans-serif;\">Piotr Nowik - dziennikarz sportowy wsp\u00f3\u0142pracuj\u0105cy z czo\u0142owymi portalami opiniotw\u00f3rczymi, publikuje autorskie artyku\u0142y na stronie welovecycling.com. Zapalony rowerzysta i pasjonat kolarstwa.\u00a0 <\/span><\/em><\/p>\n<\/div>\n<\/div><\/div><\/div><\/div><\/div>","protected":false},"excerpt":{"rendered":"<p>O wytypowanie zwyci\u0119zc\u00f3w poprosili\u015bmy naszych sta\u0142ych redaktor\u00f3w: Bartosza Huzarskiego, \u0141ukasza Przechodzenia (roweroweporady.pl), Piotra Szwedowskiego oraz Piotra Nowika. Bartosz Huzarski stawia [&hellip;]<\/p>\n","protected":false},"author":76,"featured_media":9207,"comment_status":"open","ping_status":"open","sticky":false,"template":"","format":"standard","meta":{"footnotes":""},"categories":[300],"tags":[],"global-categories":[],"class_list":["post-9221","post","type-post","status-publish","format-standard","has-post-thumbnail","hentry","category-tour-de-france-2019"],"yoast_head":"<!-- This site is optimized with the Yoast SEO Premium plugin v25.3 (Yoast SEO v25.9) - https:\/\/yoast.com\/wordpress\/plugins\/seo\/ -->\n<title>Kto wygra tegoroczny Tour de France? - \u0160koda We Love Cycling - Poland<\/title>\n<meta name=\"robots\" content=\"index, follow, max-snippet:-1, max-image-preview:large, max-video-preview:-1\" \/>\n<link rel=\"canonical\" href=\"https:\/\/www.welovecycling.com\/pl\/2019\/07\/05\/kto-wygra-tegoroczny-tour-de-france\/\" \/>\n<meta property=\"og:locale\" content=\"pl_PL\" \/>\n<meta property=\"og:type\" content=\"article\" \/>\n<meta property=\"og:title\" content=\"Kto wygra tegoroczny Tour de France?\" \/>\n<meta property=\"og:description\" content=\"O wytypowanie zwyci\u0119zc\u00f3w poprosili\u015bmy naszych sta\u0142ych redaktor\u00f3w: Bartosza Huzarskiego, \u0141ukasza Przechodzenia (roweroweporady.pl), Piotra Szwedowskiego oraz Piotra Nowika. Bartosz Huzarski stawia [&hellip;]\" \/>\n<meta property=\"og:url\" content=\"https:\/\/www.welovecycling.com\/pl\/2019\/07\/05\/kto-wygra-tegoroczny-tour-de-france\/\" \/>\n<meta property=\"og:site_name\" content=\"\u0160koda We Love Cycling - Poland\" \/>\n<meta property=\"article:published_time\" content=\"2019-07-05T10:26:14+00:00\" \/>\n<meta property=\"og:image\" content=\"https:\/\/d2p6e6u75xmxt8.cloudfront.net\/5\/2019\/07\/5.png\" \/>\n\t<meta property=\"og:image:width\" content=\"522\" \/>\n\t<meta property=\"og:image:height\" content=\"348\" \/>\n\t<meta property=\"og:image:type\" content=\"image\/png\" \/>\n<meta name=\"author\" content=\"piotrboczkowski\" \/>\n<meta name=\"twitter:card\" content=\"summary_large_image\" \/>\n<meta name=\"twitter:label1\" content=\"Written by\" \/>\n\t<meta name=\"twitter:data1\" content=\"WeLoveCycling\" \/>\n\t<meta name=\"twitter:label2\" content=\"Est. reading time\" \/>\n\t<meta name=\"twitter:data2\" content=\"3 minutes\" \/>\n<script type=\"application\/ld+json\" class=\"yoast-schema-graph\">{\"@context\":\"https:\/\/schema.org\",\"@graph\":[{\"@type\":\"WebPage\",\"@id\":\"https:\/\/www.welovecycling.com\/pl\/2019\/07\/05\/kto-wygra-tegoroczny-tour-de-france\/\",\"url\":\"https:\/\/www.welovecycling.com\/pl\/2019\/07\/05\/kto-wygra-tegoroczny-tour-de-france\/\",\"name\":\"Kto wygra tegoroczny Tour de France? - \u0160koda We Love Cycling - Poland\",\"isPartOf\":{\"@id\":\"https:\/\/www.welovecycling.com\/pl\/#website\"},\"primaryImageOfPage\":{\"@id\":\"https:\/\/www.welovecycling.com\/pl\/2019\/07\/05\/kto-wygra-tegoroczny-tour-de-france\/#primaryimage\"},\"image\":{\"@id\":\"https:\/\/www.welovecycling.com\/pl\/2019\/07\/05\/kto-wygra-tegoroczny-tour-de-france\/#primaryimage\"},\"thumbnailUrl\":\"https:\/\/d2p6e6u75xmxt8.cloudfront.net\/5\/2019\/07\/5.png\",\"datePublished\":\"2019-07-05T10:26:14+00:00\",\"author\":{\"@id\":\"https:\/\/www.welovecycling.com\/pl\/#\/schema\/person\/0dba2d39da943db9df3fd8f4687e7f23\"},\"breadcrumb\":{\"@id\":\"https:\/\/www.welovecycling.com\/pl\/2019\/07\/05\/kto-wygra-tegoroczny-tour-de-france\/#breadcrumb\"},\"inLanguage\":\"pl-PL\",\"potentialAction\":[{\"@type\":\"ReadAction\",\"target\":[\"https:\/\/www.welovecycling.com\/pl\/2019\/07\/05\/kto-wygra-tegoroczny-tour-de-france\/\"]}]},{\"@type\":\"ImageObject\",\"inLanguage\":\"pl-PL\",\"@id\":\"https:\/\/www.welovecycling.com\/pl\/2019\/07\/05\/kto-wygra-tegoroczny-tour-de-france\/#primaryimage\",\"url\":\"https:\/\/d2p6e6u75xmxt8.cloudfront.net\/5\/2019\/07\/5.png\",\"contentUrl\":\"https:\/\/d2p6e6u75xmxt8.cloudfront.net\/5\/2019\/07\/5.png\",\"width\":522,\"height\":348},{\"@type\":\"BreadcrumbList\",\"@id\":\"https:\/\/www.welovecycling.com\/pl\/2019\/07\/05\/kto-wygra-tegoroczny-tour-de-france\/#breadcrumb\",\"itemListElement\":[{\"@type\":\"ListItem\",\"position\":1,\"name\":\"Home\",\"item\":\"https:\/\/www.welovecycling.com\/pl\/\"},{\"@type\":\"ListItem\",\"position\":2,\"name\":\"Kto wygra tegoroczny Tour de France?\"}]},{\"@type\":\"WebSite\",\"@id\":\"https:\/\/www.welovecycling.com\/pl\/#website\",\"url\":\"https:\/\/www.welovecycling.com\/pl\/\",\"name\":\"\u0160koda We Love Cycling - Poland\",\"description\":\"\",\"potentialAction\":[{\"@type\":\"SearchAction\",\"target\":{\"@type\":\"EntryPoint\",\"urlTemplate\":\"https:\/\/www.welovecycling.com\/pl\/?s={search_term_string}\"},\"query-input\":{\"@type\":\"PropertyValueSpecification\",\"valueRequired\":true,\"valueName\":\"search_term_string\"}}],\"inLanguage\":\"pl-PL\"},{\"@type\":\"Person\",\"@id\":\"https:\/\/www.welovecycling.com\/pl\/#\/schema\/person\/0dba2d39da943db9df3fd8f4687e7f23\",\"name\":\"piotrboczkowski\",\"image\":{\"@type\":\"ImageObject\",\"inLanguage\":\"pl-PL\",\"@id\":\"https:\/\/www.welovecycling.com\/pl\/#\/schema\/person\/image\/\",\"url\":\"https:\/\/secure.gravatar.com\/avatar\/533caccae14752e03a2ce2d3fd62d1b98b93e1393c3195c27819e53344ca1ace?s=96&d=mm&r=g\",\"contentUrl\":\"https:\/\/secure.gravatar.com\/avatar\/533caccae14752e03a2ce2d3fd62d1b98b93e1393c3195c27819e53344ca1ace?s=96&d=mm&r=g\",\"caption\":\"piotrboczkowski\"},\"url\":\"https:\/\/www.welovecycling.com\/pl\/author\/piotrboczkowski\/\"}]}<\/script>\n<!-- \/ Yoast SEO Premium plugin. -->","yoast_head_json":{"title":"Kto wygra tegoroczny Tour de France? - \u0160koda We Love Cycling - Poland","robots":{"index":"index","follow":"follow","max-snippet":"max-snippet:-1","max-image-preview":"max-image-preview:large","max-video-preview":"max-video-preview:-1"},"canonical":"https:\/\/www.welovecycling.com\/pl\/2019\/07\/05\/kto-wygra-tegoroczny-tour-de-france\/","og_locale":"pl_PL","og_type":"article","og_title":"Kto wygra tegoroczny Tour de France?","og_description":"O wytypowanie zwyci\u0119zc\u00f3w poprosili\u015bmy naszych sta\u0142ych redaktor\u00f3w: Bartosza Huzarskiego, \u0141ukasza Przechodzenia (roweroweporady.pl), Piotra Szwedowskiego oraz Piotra Nowika. Bartosz Huzarski stawia [&hellip;]","og_url":"https:\/\/www.welovecycling.com\/pl\/2019\/07\/05\/kto-wygra-tegoroczny-tour-de-france\/","og_site_name":"\u0160koda We Love Cycling - Poland","article_published_time":"2019-07-05T10:26:14+00:00","og_image":[{"width":522,"height":348,"url":"https:\/\/d2p6e6u75xmxt8.cloudfront.net\/5\/2019\/07\/5.png","type":"image\/png"}],"author":"piotrboczkowski","twitter_card":"summary_large_image","twitter_misc":{"Written by":"WeLoveCycling","Est. reading time":"3 minutes"},"schema":{"@context":"https:\/\/schema.org","@graph":[{"@type":"WebPage","@id":"https:\/\/www.welovecycling.com\/pl\/2019\/07\/05\/kto-wygra-tegoroczny-tour-de-france\/","url":"https:\/\/www.welovecycling.com\/pl\/2019\/07\/05\/kto-wygra-tegoroczny-tour-de-france\/","name":"Kto wygra tegoroczny Tour de France? - \u0160koda We Love Cycling - Poland","isPartOf":{"@id":"https:\/\/www.welovecycling.com\/pl\/#website"},"primaryImageOfPage":{"@id":"https:\/\/www.welovecycling.com\/pl\/2019\/07\/05\/kto-wygra-tegoroczny-tour-de-france\/#primaryimage"},"image":{"@id":"https:\/\/www.welovecycling.com\/pl\/2019\/07\/05\/kto-wygra-tegoroczny-tour-de-france\/#primaryimage"},"thumbnailUrl":"https:\/\/d2p6e6u75xmxt8.cloudfront.net\/5\/2019\/07\/5.png","datePublished":"2019-07-05T10:26:14+00:00","author":{"@id":"https:\/\/www.welovecycling.com\/pl\/#\/schema\/person\/0dba2d39da943db9df3fd8f4687e7f23"},"breadcrumb":{"@id":"https:\/\/www.welovecycling.com\/pl\/2019\/07\/05\/kto-wygra-tegoroczny-tour-de-france\/#breadcrumb"},"inLanguage":"pl-PL","potentialAction":[{"@type":"ReadAction","target":["https:\/\/www.welovecycling.com\/pl\/2019\/07\/05\/kto-wygra-tegoroczny-tour-de-france\/"]}]},{"@type":"ImageObject","inLanguage":"pl-PL","@id":"https:\/\/www.welovecycling.com\/pl\/2019\/07\/05\/kto-wygra-tegoroczny-tour-de-france\/#primaryimage","url":"https:\/\/d2p6e6u75xmxt8.cloudfront.net\/5\/2019\/07\/5.png","contentUrl":"https:\/\/d2p6e6u75xmxt8.cloudfront.net\/5\/2019\/07\/5.png","width":522,"height":348},{"@type":"BreadcrumbList","@id":"https:\/\/www.welovecycling.com\/pl\/2019\/07\/05\/kto-wygra-tegoroczny-tour-de-france\/#breadcrumb","itemListElement":[{"@type":"ListItem","position":1,"name":"Home","item":"https:\/\/www.welovecycling.com\/pl\/"},{"@type":"ListItem","position":2,"name":"Kto wygra tegoroczny Tour de France?"}]},{"@type":"WebSite","@id":"https:\/\/www.welovecycling.com\/pl\/#website","url":"https:\/\/www.welovecycling.com\/pl\/","name":"\u0160koda We Love Cycling - Poland","description":"","potentialAction":[{"@type":"SearchAction","target":{"@type":"EntryPoint","urlTemplate":"https:\/\/www.welovecycling.com\/pl\/?s={search_term_string}"},"query-input":{"@type":"PropertyValueSpecification","valueRequired":true,"valueName":"search_term_string"}}],"inLanguage":"pl-PL"},{"@type":"Person","@id":"https:\/\/www.welovecycling.com\/pl\/#\/schema\/person\/0dba2d39da943db9df3fd8f4687e7f23","name":"piotrboczkowski","image":{"@type":"ImageObject","inLanguage":"pl-PL","@id":"https:\/\/www.welovecycling.com\/pl\/#\/schema\/person\/image\/","url":"https:\/\/secure.gravatar.com\/avatar\/533caccae14752e03a2ce2d3fd62d1b98b93e1393c3195c27819e53344ca1ace?s=96&d=mm&r=g","contentUrl":"https:\/\/secure.gravatar.com\/avatar\/533caccae14752e03a2ce2d3fd62d1b98b93e1393c3195c27819e53344ca1ace?s=96&d=mm&r=g","caption":"piotrboczkowski"},"url":"https:\/\/www.welovecycling.com\/pl\/author\/piotrboczkowski\/"}]}},"_links":{"self":[{"href":"https:\/\/www.welovecycling.com\/pl\/wp-json\/wp\/v2\/posts\/9221","targetHints":{"allow":["GET"]}}],"collection":[{"href":"https:\/\/www.welovecycling.com\/pl\/wp-json\/wp\/v2\/posts"}],"about":[{"href":"https:\/\/www.welovecycling.com\/pl\/wp-json\/wp\/v2\/types\/post"}],"author":[{"embeddable":true,"href":"https:\/\/www.welovecycling.com\/pl\/wp-json\/wp\/v2\/users\/76"}],"replies":[{"embeddable":true,"href":"https:\/\/www.welovecycling.com\/pl\/wp-json\/wp\/v2\/comments?post=9221"}],"version-history":[{"count":2,"href":"https:\/\/www.welovecycling.com\/pl\/wp-json\/wp\/v2\/posts\/9221\/revisions"}],"predecessor-version":[{"id":9263,"href":"https:\/\/www.welovecycling.com\/pl\/wp-json\/wp\/v2\/posts\/9221\/revisions\/9263"}],"wp:featuredmedia":[{"embeddable":true,"href":"https:\/\/www.welovecycling.com\/pl\/wp-json\/wp\/v2\/media\/9207"}],"wp:attachment":[{"href":"https:\/\/www.welovecycling.com\/pl\/wp-json\/wp\/v2\/media?parent=9221"}],"wp:term":[{"taxonomy":"category","embeddable":true,"href":"https:\/\/www.welovecycling.com\/pl\/wp-json\/wp\/v2\/categories?post=9221"},{"taxonomy":"post_tag","embeddable":true,"href":"https:\/\/www.welovecycling.com\/pl\/wp-json\/wp\/v2\/tags?post=9221"},{"taxonomy":"global-categories","embeddable":true,"href":"https:\/\/www.welovecycling.com\/pl\/wp-json\/wp\/v2\/global-categories?post=9221"}],"curies":[{"name":"wp","href":"https:\/\/api.w.org\/{rel}","templated":true}]}}