{"id":9213,"date":"2019-07-02T09:31:23","date_gmt":"2019-07-02T09:31:23","guid":{"rendered":"https:\/\/www.welovecycling.com\/pl\/?p=9213"},"modified":"2019-07-03T09:34:44","modified_gmt":"2019-07-03T09:34:44","slug":"klement-dwukolowy-elektryczny-pojazd-koncepcyjny-skody-odpowiada-na-wyzwania-mikromobilnosci","status":"publish","type":"post","link":"https:\/\/www.welovecycling.com\/pl\/2019\/07\/02\/klement-dwukolowy-elektryczny-pojazd-koncepcyjny-skody-odpowiada-na-wyzwania-mikromobilnosci\/","title":{"rendered":"KLEMENT: dwuko\u0142owy elektryczny pojazd koncepcyjny \u0160KODY odpowiada na wyzwania mikromobilno\u015bci"},"content":{"rendered":"<p><strong>KLEMENT prezentuje wizj\u0119 \u0160KODY w obszarze indywidualnej mikromobilno\u015bci. Innowacyjna dwuko\u0142owa koncepcja miejskiego pojazdu \u0142\u0105czy w sobie czysty design, elektryczny nap\u0119d i \u0142atwo\u015b\u0107 obs\u0142ugi. Pojazd jest cichy, bezemisyjny i wyposa\u017cony m.in. w system odzyskiwania energii z hamowania oraz hydrauliczne hamulce z ABS. To kolejny krok marki w kierunku rozwoju us\u0142ug z zakresu elektromobilno\u015bci.<\/strong><\/p>\n<p>Wkroczenie \u0160KODY w er\u0119 e-mobilno\u015bci ma charakter ca\u0142o\u015bciowy i obejmuje nie tylko poszerzenie oferty o samochody elektryczne i hybrydowe typu plug-in, ale r\u00f3wnie\u017c stworzenie ekosystemu us\u0142ug i wszelkiego rodzaju rozwi\u0105za\u0144 \u00a0w tym obszarze. W bie\u017c\u0105cym roku zaprezentowano dwa modele z nowej sub-marki iV: SUPERB iV z nap\u0119dem hybrydowym typu plug-in oraz pierwsz\u0105 w pe\u0142ni elektryczn\u0105 \u0160KOD\u0118 CITIGOe iV. Dwuko\u0142owy koncept pojazdu elektrycznego KLEMENT mo\u017ce natomiast stanowi\u0107 odpowied\u017a na wyzwania mikromobilno\u015bci, ekologicznego przemieszczania si\u0119 na terenie miast, szczeg\u00f3lnie w obszarach niedost\u0119pnych dla samochod\u00f3w.<\/p>\n<p><img loading=\"lazy\" decoding=\"async\" class=\"aligncenter size-full wp-image-9215\" src=\"https:\/\/d2p6e6u75xmxt8.cloudfront.net\/5\/2019\/07\/22.png\" alt=\"\" width=\"522\" height=\"348\" srcset=\"https:\/\/d2p6e6u75xmxt8.cloudfront.net\/5\/2019\/07\/22.png 522w, https:\/\/d2p6e6u75xmxt8.cloudfront.net\/5\/2019\/07\/22-300x200.png 300w, https:\/\/d2p6e6u75xmxt8.cloudfront.net\/5\/2019\/07\/22-272x182.png 272w\" sizes=\"auto, (max-width: 522px) 100vw, 522px\" \/><\/p>\n<p>\u0160koda KLEMENT to koncepcja dwuko\u0142owego pojazdu elektrycznego, wyposa\u017conego w silnik o mocy 4 kW, kt\u00f3ry pozwoli osi\u0105gn\u0105\u0107 pr\u0119dko\u015b\u0107 do 45 km\/h. Dzi\u0119ki swojej konstrukcji przypominaj\u0105cej rower i zwinno\u015bci mo\u017ce stanowi\u0107 alternatyw\u0119 do poruszania si\u0119 w przestrzeni miejskiej \u2013 w drodze do pracy lub podczas pr\u00f3by przedostania si\u0119 przez zakorkowane cz\u0119\u015bci miasta. Jednocze\u015bnie, dzi\u0119ki \u0142atwej obs\u0142udze, pojazd doskonale sprawdzi si\u0119 w\u015br\u00f3d u\u017cytkownik\u00f3w ceni\u0105cych sobie wygod\u0119 transportu. KLEMENT zasilany jest akumulatorem litowo-jonowym o pojemno\u015bci 1250 Wh i pozwala na przejechanie na jednym \u0142adowaniu do 62 km. Zasi\u0119g ten z pewno\u015bci\u0105 zadowoli osoby przemieszczaj\u0105ce si\u0119 w warunkach miejskich. Akumulator mo\u017cna na\u0142adowa\u0107 pod\u0142\u0105czaj\u0105c go do standardowego gniazdka domowego. Co wi\u0119cej, cz\u0119\u015b\u0107 energii b\u0119dzie uzupe\u0142niania w trakcie jazdy za spraw\u0105 odzyskiwania energii podczas hamowania.<\/p>\n<h6><\/h6>\n<h6><img loading=\"lazy\" decoding=\"async\" class=\"aligncenter size-full wp-image-9214\" src=\"https:\/\/d2p6e6u75xmxt8.cloudfront.net\/5\/2019\/07\/11.png\" alt=\"\" width=\"522\" height=\"348\" srcset=\"https:\/\/d2p6e6u75xmxt8.cloudfront.net\/5\/2019\/07\/11.png 522w, https:\/\/d2p6e6u75xmxt8.cloudfront.net\/5\/2019\/07\/11-300x200.png 300w, https:\/\/d2p6e6u75xmxt8.cloudfront.net\/5\/2019\/07\/11-272x182.png 272w\" sizes=\"auto, (max-width: 522px) 100vw, 522px\" \/><\/h6>\n<p><strong>Innowacyjne technologie i intuicyjna obs\u0142uga<\/strong><\/p>\n<p>Nowy koncept \u0160KODY obs\u0142ugiwany jest bardzo intuicyjnie. Poruszanie i sterowanie nim przypomina standardow\u0105 jazd\u0119 rowerem, jednak zamiast peda\u0142\u00f3w, pod stopami zainstalowano dwa panele s\u0142u\u017c\u0105ce kontrolowaniu pr\u0119dko\u015bci. Naciskaj\u0105c panele do przodu przyspieszamy, z kolei przenosz\u0105c ci\u0119\u017car na ich ty\u0142 jeste\u015bmy w stanie zahamowa\u0107. Sam hamulec wyposa\u017cono w system ABS, kt\u00f3ry zadba o bezpiecze\u0144stwo kierowcy. Ca\u0142o\u015b\u0107 zintegrowana jest z nowoczesnym o\u015bwietleniem LED obejmuj\u0105cym przedni reflektor, \u015bwiat\u0142o dzienne, \u015bwiat\u0142o hamowania oraz kierunkowskazy zintegrowane ze wspomnianymi\u00a0wcze\u015bniej panelami.\u00a0W modelu KLEMENT producent zastosowa\u0142 lekk\u0105, aluminiow\u0105 konstrukcj\u0119, przez co ca\u0142o\u015b\u0107 ma wa\u017cy\u0107 ok. 25 kg i zapewni\u0107 \u0142atwo\u015b\u0107 manewrowania.<\/p>\n<h6><\/h6>\n<p>Celem \u0160KODY jest dalsza praca nad pojazdem i zaimplementowanie do niego system\u00f3w bezpiecze\u0144stwa, dost\u0119pnych w samochodach marki, np. mo\u017cliwo\u015bci szybkiego wybierania po\u0142\u0105czenia alarmowego, funkcji Coming Home, a tak\u017ce dopasowanie opon do jeszcze bardziej komfortowej i cichej jazdy.<\/p>\n<style type=\"text\/css\"><!--td {border: 1px solid #ccc;}br {mso-data-placement:same-cell;}--><\/style>\n<p><span data-sheets-value=\"{&quot;1&quot;:2,&quot;2&quot;:&quot;Artyku\u0142 powsta\u0142 we wsp\u00f3\u0142pracy ze skoda-auto.pl&quot;}\" data-sheets-userformat=\"{&quot;2&quot;:1,&quot;3&quot;:{&quot;1&quot;:0}}\"><a class=\"in-cell-link\" href=\"http:\/\/www.skoda-auto.pl\/\" target=\"_blank\" rel=\"noopener\">Artyku\u0142 powsta\u0142 we wsp\u00f3\u0142pracy ze skoda-auto.pl<\/a><\/span><\/p>\n","protected":false},"excerpt":{"rendered":"<p>KLEMENT prezentuje wizj\u0119 \u0160KODY w obszarze indywidualnej mikromobilno\u015bci. Innowacyjna dwuko\u0142owa koncepcja miejskiego pojazdu \u0142\u0105czy w sobie czysty design, elektryczny nap\u0119d [&hellip;]<\/p>\n","protected":false},"author":76,"featured_media":9216,"comment_status":"open","ping_status":"open","sticky":false,"template":"","format":"standard","meta":{"footnotes":""},"categories":[6],"tags":[],"global-categories":[],"class_list":["post-9213","post","type-post","status-publish","format-standard","has-post-thumbnail","hentry","category-kolarstwo-szosowe"],"yoast_head":"<!-- This site is optimized with the Yoast SEO Premium plugin v25.3 (Yoast SEO v25.9) - https:\/\/yoast.com\/wordpress\/plugins\/seo\/ -->\n<title>KLEMENT: dwuko\u0142owy elektryczny pojazd koncepcyjny \u0160KODY odpowiada na wyzwania mikromobilno\u015bci - \u0160koda We Love Cycling - Poland<\/title>\n<meta name=\"robots\" content=\"index, follow, max-snippet:-1, max-image-preview:large, max-video-preview:-1\" \/>\n<link rel=\"canonical\" href=\"https:\/\/www.welovecycling.com\/pl\/2019\/07\/02\/klement-dwukolowy-elektryczny-pojazd-koncepcyjny-skody-odpowiada-na-wyzwania-mikromobilnosci\/\" \/>\n<meta property=\"og:locale\" content=\"pl_PL\" \/>\n<meta property=\"og:type\" content=\"article\" \/>\n<meta property=\"og:title\" content=\"KLEMENT: dwuko\u0142owy elektryczny pojazd koncepcyjny \u0160KODY odpowiada na wyzwania mikromobilno\u015bci\" \/>\n<meta property=\"og:description\" content=\"KLEMENT prezentuje wizj\u0119 \u0160KODY w obszarze indywidualnej mikromobilno\u015bci. Innowacyjna dwuko\u0142owa koncepcja miejskiego pojazdu \u0142\u0105czy w sobie czysty design, elektryczny nap\u0119d [&hellip;]\" \/>\n<meta property=\"og:url\" content=\"https:\/\/www.welovecycling.com\/pl\/2019\/07\/02\/klement-dwukolowy-elektryczny-pojazd-koncepcyjny-skody-odpowiada-na-wyzwania-mikromobilnosci\/\" \/>\n<meta property=\"og:site_name\" content=\"\u0160koda We Love Cycling - Poland\" \/>\n<meta property=\"article:published_time\" content=\"2019-07-02T09:31:23+00:00\" \/>\n<meta property=\"article:modified_time\" content=\"2019-07-03T09:34:44+00:00\" \/>\n<meta property=\"og:image\" content=\"https:\/\/d2p6e6u75xmxt8.cloudfront.net\/5\/2019\/07\/33.png\" \/>\n\t<meta property=\"og:image:width\" content=\"522\" \/>\n\t<meta property=\"og:image:height\" content=\"348\" \/>\n\t<meta property=\"og:image:type\" content=\"image\/png\" \/>\n<meta name=\"author\" content=\"piotrboczkowski\" \/>\n<meta name=\"twitter:card\" content=\"summary_large_image\" \/>\n<meta name=\"twitter:label1\" content=\"Written by\" \/>\n\t<meta name=\"twitter:data1\" content=\"Biuro Prasowe SKODA Polska\" \/>\n\t<meta name=\"twitter:label2\" content=\"Est. reading time\" \/>\n\t<meta name=\"twitter:data2\" content=\"3\" \/>\n<script type=\"application\/ld+json\" class=\"yoast-schema-graph\">{\"@context\":\"https:\/\/schema.org\",\"@graph\":[{\"@type\":\"WebPage\",\"@id\":\"https:\/\/www.welovecycling.com\/pl\/2019\/07\/02\/klement-dwukolowy-elektryczny-pojazd-koncepcyjny-skody-odpowiada-na-wyzwania-mikromobilnosci\/\",\"url\":\"https:\/\/www.welovecycling.com\/pl\/2019\/07\/02\/klement-dwukolowy-elektryczny-pojazd-koncepcyjny-skody-odpowiada-na-wyzwania-mikromobilnosci\/\",\"name\":\"KLEMENT: dwuko\u0142owy elektryczny pojazd koncepcyjny \u0160KODY odpowiada na wyzwania mikromobilno\u015bci - \u0160koda We Love Cycling - Poland\",\"isPartOf\":{\"@id\":\"https:\/\/www.welovecycling.com\/pl\/#website\"},\"primaryImageOfPage\":{\"@id\":\"https:\/\/www.welovecycling.com\/pl\/2019\/07\/02\/klement-dwukolowy-elektryczny-pojazd-koncepcyjny-skody-odpowiada-na-wyzwania-mikromobilnosci\/#primaryimage\"},\"image\":{\"@id\":\"https:\/\/www.welovecycling.com\/pl\/2019\/07\/02\/klement-dwukolowy-elektryczny-pojazd-koncepcyjny-skody-odpowiada-na-wyzwania-mikromobilnosci\/#primaryimage\"},\"thumbnailUrl\":\"https:\/\/d2p6e6u75xmxt8.cloudfront.net\/5\/2019\/07\/33.png\",\"datePublished\":\"2019-07-02T09:31:23+00:00\",\"dateModified\":\"2019-07-03T09:34:44+00:00\",\"author\":{\"@id\":\"https:\/\/www.welovecycling.com\/pl\/#\/schema\/person\/0dba2d39da943db9df3fd8f4687e7f23\"},\"breadcrumb\":{\"@id\":\"https:\/\/www.welovecycling.com\/pl\/2019\/07\/02\/klement-dwukolowy-elektryczny-pojazd-koncepcyjny-skody-odpowiada-na-wyzwania-mikromobilnosci\/#breadcrumb\"},\"inLanguage\":\"pl-PL\",\"potentialAction\":[{\"@type\":\"ReadAction\",\"target\":[\"https:\/\/www.welovecycling.com\/pl\/2019\/07\/02\/klement-dwukolowy-elektryczny-pojazd-koncepcyjny-skody-odpowiada-na-wyzwania-mikromobilnosci\/\"]}]},{\"@type\":\"ImageObject\",\"inLanguage\":\"pl-PL\",\"@id\":\"https:\/\/www.welovecycling.com\/pl\/2019\/07\/02\/klement-dwukolowy-elektryczny-pojazd-koncepcyjny-skody-odpowiada-na-wyzwania-mikromobilnosci\/#primaryimage\",\"url\":\"https:\/\/d2p6e6u75xmxt8.cloudfront.net\/5\/2019\/07\/33.png\",\"contentUrl\":\"https:\/\/d2p6e6u75xmxt8.cloudfront.net\/5\/2019\/07\/33.png\",\"width\":522,\"height\":348},{\"@type\":\"BreadcrumbList\",\"@id\":\"https:\/\/www.welovecycling.com\/pl\/2019\/07\/02\/klement-dwukolowy-elektryczny-pojazd-koncepcyjny-skody-odpowiada-na-wyzwania-mikromobilnosci\/#breadcrumb\",\"itemListElement\":[{\"@type\":\"ListItem\",\"position\":1,\"name\":\"Home\",\"item\":\"https:\/\/www.welovecycling.com\/pl\/\"},{\"@type\":\"ListItem\",\"position\":2,\"name\":\"KLEMENT: dwuko\u0142owy elektryczny pojazd koncepcyjny \u0160KODY odpowiada na wyzwania mikromobilno\u015bci\"}]},{\"@type\":\"WebSite\",\"@id\":\"https:\/\/www.welovecycling.com\/pl\/#website\",\"url\":\"https:\/\/www.welovecycling.com\/pl\/\",\"name\":\"\u0160koda We Love Cycling - Poland\",\"description\":\"\",\"potentialAction\":[{\"@type\":\"SearchAction\",\"target\":{\"@type\":\"EntryPoint\",\"urlTemplate\":\"https:\/\/www.welovecycling.com\/pl\/?s={search_term_string}\"},\"query-input\":{\"@type\":\"PropertyValueSpecification\",\"valueRequired\":true,\"valueName\":\"search_term_string\"}}],\"inLanguage\":\"pl-PL\"},{\"@type\":\"Person\",\"@id\":\"https:\/\/www.welovecycling.com\/pl\/#\/schema\/person\/0dba2d39da943db9df3fd8f4687e7f23\",\"name\":\"piotrboczkowski\",\"image\":{\"@type\":\"ImageObject\",\"inLanguage\":\"pl-PL\",\"@id\":\"https:\/\/www.welovecycling.com\/pl\/#\/schema\/person\/image\/\",\"url\":\"https:\/\/secure.gravatar.com\/avatar\/533caccae14752e03a2ce2d3fd62d1b98b93e1393c3195c27819e53344ca1ace?s=96&d=mm&r=g\",\"contentUrl\":\"https:\/\/secure.gravatar.com\/avatar\/533caccae14752e03a2ce2d3fd62d1b98b93e1393c3195c27819e53344ca1ace?s=96&d=mm&r=g\",\"caption\":\"piotrboczkowski\"},\"url\":\"https:\/\/www.welovecycling.com\/pl\/author\/piotrboczkowski\/\"}]}<\/script>\n<!-- \/ Yoast SEO Premium plugin. -->","yoast_head_json":{"title":"KLEMENT: dwuko\u0142owy elektryczny pojazd koncepcyjny \u0160KODY odpowiada na wyzwania mikromobilno\u015bci - \u0160koda We Love Cycling - Poland","robots":{"index":"index","follow":"follow","max-snippet":"max-snippet:-1","max-image-preview":"max-image-preview:large","max-video-preview":"max-video-preview:-1"},"canonical":"https:\/\/www.welovecycling.com\/pl\/2019\/07\/02\/klement-dwukolowy-elektryczny-pojazd-koncepcyjny-skody-odpowiada-na-wyzwania-mikromobilnosci\/","og_locale":"pl_PL","og_type":"article","og_title":"KLEMENT: dwuko\u0142owy elektryczny pojazd koncepcyjny \u0160KODY odpowiada na wyzwania mikromobilno\u015bci","og_description":"KLEMENT prezentuje wizj\u0119 \u0160KODY w obszarze indywidualnej mikromobilno\u015bci. Innowacyjna dwuko\u0142owa koncepcja miejskiego pojazdu \u0142\u0105czy w sobie czysty design, elektryczny nap\u0119d [&hellip;]","og_url":"https:\/\/www.welovecycling.com\/pl\/2019\/07\/02\/klement-dwukolowy-elektryczny-pojazd-koncepcyjny-skody-odpowiada-na-wyzwania-mikromobilnosci\/","og_site_name":"\u0160koda We Love Cycling - Poland","article_published_time":"2019-07-02T09:31:23+00:00","article_modified_time":"2019-07-03T09:34:44+00:00","og_image":[{"width":522,"height":348,"url":"https:\/\/d2p6e6u75xmxt8.cloudfront.net\/5\/2019\/07\/33.png","type":"image\/png"}],"author":"piotrboczkowski","twitter_card":"summary_large_image","twitter_misc":{"Written by":"Biuro Prasowe SKODA Polska","Est. reading time":"3"},"schema":{"@context":"https:\/\/schema.org","@graph":[{"@type":"WebPage","@id":"https:\/\/www.welovecycling.com\/pl\/2019\/07\/02\/klement-dwukolowy-elektryczny-pojazd-koncepcyjny-skody-odpowiada-na-wyzwania-mikromobilnosci\/","url":"https:\/\/www.welovecycling.com\/pl\/2019\/07\/02\/klement-dwukolowy-elektryczny-pojazd-koncepcyjny-skody-odpowiada-na-wyzwania-mikromobilnosci\/","name":"KLEMENT: dwuko\u0142owy elektryczny pojazd koncepcyjny \u0160KODY odpowiada na wyzwania mikromobilno\u015bci - \u0160koda We Love Cycling - Poland","isPartOf":{"@id":"https:\/\/www.welovecycling.com\/pl\/#website"},"primaryImageOfPage":{"@id":"https:\/\/www.welovecycling.com\/pl\/2019\/07\/02\/klement-dwukolowy-elektryczny-pojazd-koncepcyjny-skody-odpowiada-na-wyzwania-mikromobilnosci\/#primaryimage"},"image":{"@id":"https:\/\/www.welovecycling.com\/pl\/2019\/07\/02\/klement-dwukolowy-elektryczny-pojazd-koncepcyjny-skody-odpowiada-na-wyzwania-mikromobilnosci\/#primaryimage"},"thumbnailUrl":"https:\/\/d2p6e6u75xmxt8.cloudfront.net\/5\/2019\/07\/33.png","datePublished":"2019-07-02T09:31:23+00:00","dateModified":"2019-07-03T09:34:44+00:00","author":{"@id":"https:\/\/www.welovecycling.com\/pl\/#\/schema\/person\/0dba2d39da943db9df3fd8f4687e7f23"},"breadcrumb":{"@id":"https:\/\/www.welovecycling.com\/pl\/2019\/07\/02\/klement-dwukolowy-elektryczny-pojazd-koncepcyjny-skody-odpowiada-na-wyzwania-mikromobilnosci\/#breadcrumb"},"inLanguage":"pl-PL","potentialAction":[{"@type":"ReadAction","target":["https:\/\/www.welovecycling.com\/pl\/2019\/07\/02\/klement-dwukolowy-elektryczny-pojazd-koncepcyjny-skody-odpowiada-na-wyzwania-mikromobilnosci\/"]}]},{"@type":"ImageObject","inLanguage":"pl-PL","@id":"https:\/\/www.welovecycling.com\/pl\/2019\/07\/02\/klement-dwukolowy-elektryczny-pojazd-koncepcyjny-skody-odpowiada-na-wyzwania-mikromobilnosci\/#primaryimage","url":"https:\/\/d2p6e6u75xmxt8.cloudfront.net\/5\/2019\/07\/33.png","contentUrl":"https:\/\/d2p6e6u75xmxt8.cloudfront.net\/5\/2019\/07\/33.png","width":522,"height":348},{"@type":"BreadcrumbList","@id":"https:\/\/www.welovecycling.com\/pl\/2019\/07\/02\/klement-dwukolowy-elektryczny-pojazd-koncepcyjny-skody-odpowiada-na-wyzwania-mikromobilnosci\/#breadcrumb","itemListElement":[{"@type":"ListItem","position":1,"name":"Home","item":"https:\/\/www.welovecycling.com\/pl\/"},{"@type":"ListItem","position":2,"name":"KLEMENT: dwuko\u0142owy elektryczny pojazd koncepcyjny \u0160KODY odpowiada na wyzwania mikromobilno\u015bci"}]},{"@type":"WebSite","@id":"https:\/\/www.welovecycling.com\/pl\/#website","url":"https:\/\/www.welovecycling.com\/pl\/","name":"\u0160koda We Love Cycling - Poland","description":"","potentialAction":[{"@type":"SearchAction","target":{"@type":"EntryPoint","urlTemplate":"https:\/\/www.welovecycling.com\/pl\/?s={search_term_string}"},"query-input":{"@type":"PropertyValueSpecification","valueRequired":true,"valueName":"search_term_string"}}],"inLanguage":"pl-PL"},{"@type":"Person","@id":"https:\/\/www.welovecycling.com\/pl\/#\/schema\/person\/0dba2d39da943db9df3fd8f4687e7f23","name":"piotrboczkowski","image":{"@type":"ImageObject","inLanguage":"pl-PL","@id":"https:\/\/www.welovecycling.com\/pl\/#\/schema\/person\/image\/","url":"https:\/\/secure.gravatar.com\/avatar\/533caccae14752e03a2ce2d3fd62d1b98b93e1393c3195c27819e53344ca1ace?s=96&d=mm&r=g","contentUrl":"https:\/\/secure.gravatar.com\/avatar\/533caccae14752e03a2ce2d3fd62d1b98b93e1393c3195c27819e53344ca1ace?s=96&d=mm&r=g","caption":"piotrboczkowski"},"url":"https:\/\/www.welovecycling.com\/pl\/author\/piotrboczkowski\/"}]}},"_links":{"self":[{"href":"https:\/\/www.welovecycling.com\/pl\/wp-json\/wp\/v2\/posts\/9213","targetHints":{"allow":["GET"]}}],"collection":[{"href":"https:\/\/www.welovecycling.com\/pl\/wp-json\/wp\/v2\/posts"}],"about":[{"href":"https:\/\/www.welovecycling.com\/pl\/wp-json\/wp\/v2\/types\/post"}],"author":[{"embeddable":true,"href":"https:\/\/www.welovecycling.com\/pl\/wp-json\/wp\/v2\/users\/76"}],"replies":[{"embeddable":true,"href":"https:\/\/www.welovecycling.com\/pl\/wp-json\/wp\/v2\/comments?post=9213"}],"version-history":[{"count":1,"href":"https:\/\/www.welovecycling.com\/pl\/wp-json\/wp\/v2\/posts\/9213\/revisions"}],"predecessor-version":[{"id":9217,"href":"https:\/\/www.welovecycling.com\/pl\/wp-json\/wp\/v2\/posts\/9213\/revisions\/9217"}],"wp:featuredmedia":[{"embeddable":true,"href":"https:\/\/www.welovecycling.com\/pl\/wp-json\/wp\/v2\/media\/9216"}],"wp:attachment":[{"href":"https:\/\/www.welovecycling.com\/pl\/wp-json\/wp\/v2\/media?parent=9213"}],"wp:term":[{"taxonomy":"category","embeddable":true,"href":"https:\/\/www.welovecycling.com\/pl\/wp-json\/wp\/v2\/categories?post=9213"},{"taxonomy":"post_tag","embeddable":true,"href":"https:\/\/www.welovecycling.com\/pl\/wp-json\/wp\/v2\/tags?post=9213"},{"taxonomy":"global-categories","embeddable":true,"href":"https:\/\/www.welovecycling.com\/pl\/wp-json\/wp\/v2\/global-categories?post=9213"}],"curies":[{"name":"wp","href":"https:\/\/api.w.org\/{rel}","templated":true}]}}