{"id":9202,"date":"2019-07-01T21:16:23","date_gmt":"2019-07-01T21:16:23","guid":{"rendered":"https:\/\/www.welovecycling.com\/pl\/?p=9202"},"modified":"2019-07-01T21:16:23","modified_gmt":"2019-07-01T21:16:23","slug":"skoda-po-raz-16-sponsoruje-tour-de-france-pozostajac-glownym-partnerem-kolarskiego-wyscigu","status":"publish","type":"post","link":"https:\/\/www.welovecycling.com\/pl\/2019\/07\/01\/skoda-po-raz-16-sponsoruje-tour-de-france-pozostajac-glownym-partnerem-kolarskiego-wyscigu\/","title":{"rendered":"\u0160koda po raz 16. sponsoruje Tour de France pozostaj\u0105c g\u0142\u00f3wnym partnerem kolarskiego wy\u015bcigu"},"content":{"rendered":"<p><strong>\u0160koda pozostaje g\u0142\u00f3wnym sponsorem Tour de France. W tym roku wspiera wy\u015bcig po raz 16., dodatkowo zapewniaj\u0105c flot\u0119 samochodow\u0105 dla ca\u0142ej obs\u0142ugi wydarzenia. Producent dostarczy 250 pojazd\u00f3w dla organizator\u00f3w i kierownictwa. Ponadto w peletonie wy\u015bcigu pojedzie specjalnie przygotowany model SUPERB pe\u0142ni\u0105cy funkcj\u0119 czerwonego samochodu dyrektora Tour De France Christiana Prudhomme&#8217;a. Marka po raz kolejny b\u0119dzie r\u00f3wnie\u017c sponsorem presti\u017cowej zielonej koszulki dla lidera klasyfikacji punktowej. Te i inne informacje dotycz\u0105ce samego wy\u015bcigu wszyscy fani kolarstwa b\u0119d\u0105 mogli znale\u017a\u0107 w aplikacji Tour de France, kt\u00f3rej partnerem jest \u0160koda.<\/strong><\/p>\n<h6><img loading=\"lazy\" decoding=\"async\" class=\"aligncenter size-full wp-image-9207\" src=\"https:\/\/d2p6e6u75xmxt8.cloudfront.net\/5\/2019\/07\/5.png\" alt=\"\" width=\"522\" height=\"348\" srcset=\"https:\/\/d2p6e6u75xmxt8.cloudfront.net\/5\/2019\/07\/5.png 522w, https:\/\/d2p6e6u75xmxt8.cloudfront.net\/5\/2019\/07\/5-300x200.png 300w, https:\/\/d2p6e6u75xmxt8.cloudfront.net\/5\/2019\/07\/5-272x182.png 272w\" sizes=\"auto, (max-width: 522px) 100vw, 522px\" \/><\/h6>\n<p>\u0160koda po raz 16. wspiera coroczn\u0105 imprez\u0119 kolarsk\u0105, dostarczaj\u0105c pojazdy dla organizator\u00f3w i kierownictwa wy\u015bcigu. Przekazana flota obejmuje 250 samochod\u00f3w, w tym SUV-y: KODIAQ i KAROQ, a tak\u017ce bestsellerowe modele OCTAVIA i flagowy SUPERB, kt\u00f3rego zmodernizowana, naszpikowana technologiami wersja w tym roku zasili\u0142a ofert\u0119 marki. \u0160koda jest r\u00f3wnie\u017c wy\u0142\u0105cznym partnerem oficjalnej aplikacji Tour de France, kt\u00f3ra udost\u0119pnia fanom kolarstwa aktualne rankingi i transmisje na \u017cywo oraz umo\u017cliwia \u015bledzenie w czasie rzeczywistym zawodnik\u00f3w za pomoc\u0105 GPS. Aplikacja jest bezp\u0142atna i dost\u0119pna na Androida i iOS.<\/p>\n<h6><\/h6>\n<h6><\/h6>\n<p>&#8211; Jako oficjalny g\u0142\u00f3wny partner Tour de France, prezentujemy nasz\u0105 mark\u0119 milionom fan\u00f3w kolarstwa i mi\u0142o\u015bnik\u00f3w sportu podczas jednej z najbardziej emocjonuj\u0105cych imprez sportowych na \u015bwiecie. W marcu tego roku przed\u0142u\u017cyli\u015bmy nasz\u0105 d\u0142ugoterminow\u0105 wsp\u00f3\u0142prac\u0119 z organizatorem Tour de France na kolejne pi\u0119\u0107 lat, do 2023 r. W ten spos\u00f3b po\u0142o\u017cyli\u015bmy podwaliny pod nasz wsp\u00f3lny sukces i ponownie podkre\u015blamy kluczowe znaczenie kolarstwa i Tour de France dla naszego sponsoringu sportowego \u2013 podkre\u015bla Alain Favey, cz\u0142onek zarz\u0105du \u0160koda AUTO ds. sprzeda\u017cy i marketingu.<\/p>\n<h6><\/h6>\n<h6><\/h6>\n<p><strong>Czerwone centrum dowodzenia<\/strong><\/p>\n<p>Na czele peletonu znajdzie si\u0119 czerwony model \u0160koda SUPERB. Jest on mobilnym centrum dowodzenia dyrektora Tour de France Christiana Prudhomme&#8217;a, z kt\u00f3rego daje sygna\u0142 do rozpocz\u0119cia wy\u015bcigu i kieruje jego przebiegiem. Zmodyfikowany samoch\u00f3d naszpikowany jest technologiami z zakresu komunikacji \u2013 posiada anteny na dachu, mikrofony i specjaln\u0105 konsol\u0119 z kilkoma kana\u0142ami radiowymi. Prudhomme z tylnej kanapy pojazdu komunikuje si\u0119 z obs\u0142ug\u0105 wydarzenia i organizuje ruch wok\u00f3\u0142 peletonu. Miejsce obok zarezerwowane jest dla wyj\u0105tkowych go\u015bci, takich jak prezydent Francji Emmanuel Macron, kt\u00f3rych szef wy\u015bcigu mo\u017ce podj\u0105\u0107 idealnie sch\u0142odzonym szampanem z wbudowanego minibaru. Czerwona \u00a0\u0160koda SUPERB jest te\u017c jedynym pojazdem, kt\u00f3ry ma pozwolenie na przekroczenie linii mety z zawodnikami.<\/p>\n<h6><img loading=\"lazy\" decoding=\"async\" class=\"aligncenter size-full wp-image-9206\" src=\"https:\/\/d2p6e6u75xmxt8.cloudfront.net\/5\/2019\/07\/4.png\" alt=\"\" width=\"522\" height=\"349\" srcset=\"https:\/\/d2p6e6u75xmxt8.cloudfront.net\/5\/2019\/07\/4.png 522w, https:\/\/d2p6e6u75xmxt8.cloudfront.net\/5\/2019\/07\/4-300x201.png 300w, https:\/\/d2p6e6u75xmxt8.cloudfront.net\/5\/2019\/07\/4-272x182.png 272w\" sizes=\"auto, (max-width: 522px) 100vw, 522px\" \/><\/h6>\n<h6><\/h6>\n<p><strong>Wymagaj\u0105ce trasy we francuskich Alpach<\/strong><\/p>\n<p>Legendarny wy\u015bcig odb\u0119dzie si\u0119 w dniach od 6 do 28 lipca. Start 106. edycji Tour de France b\u0119dzie mia\u0142 miejsce w Brukseli i b\u0119dzie ho\u0142dem dla pi\u0119ciokrotnego zwyci\u0119zcy Tour de France Belga Eddy&#8217;ego Merckxa, kt\u00f3ry z 34 zwyci\u0119stwami etapowymi pozostaje rekordzist\u0105 kolarstwa. Trasa, licz\u0105ca 3640 kilometr\u00f3w podzielonych na 21 etap\u00f3w, przebiega przez g\u00f3rskie trasy w Alpach, podczas kt\u00f3rych kola\u017ce b\u0119d\u0119 pokonywa\u0107 prze\u0142\u0119cze Col de Vars, Col d&#8217;Izoard i Col du Galibier. Zawodnicy przekrocz\u0105 lini\u0119 mety 28 lipca na s\u0142ynnym bulwarze Champs-Elys\u00e9es w Pary\u017cu.<\/p>\n<h6><\/h6>\n<h6><img loading=\"lazy\" decoding=\"async\" class=\"aligncenter size-full wp-image-9204\" src=\"https:\/\/d2p6e6u75xmxt8.cloudfront.net\/5\/2019\/07\/2.png\" alt=\"\" width=\"522\" height=\"151\" srcset=\"https:\/\/d2p6e6u75xmxt8.cloudfront.net\/5\/2019\/07\/2.png 522w, https:\/\/d2p6e6u75xmxt8.cloudfront.net\/5\/2019\/07\/2-300x87.png 300w\" sizes=\"auto, (max-width: 522px) 100vw, 522px\" \/><\/h6>\n<p><strong>Rowerowe korzenie \u0160KODY<\/strong><\/p>\n<p>Zwi\u0105zek \u0160KODY ze sportami rowerowymi si\u0119ga pocz\u0105tk\u00f3w firmy. W 1895 roku V\u00e1clav Laurin i V\u00e1clav Klement za\u0142o\u017cyli fabryk\u0119 rower\u00f3w w czeskim mie\u015bcie Mlad\u00e1 Boleslav, daj\u0105c podwaliny do p\u00f3\u017aniejszego sukcesu motoryzacyjnego firmy. \u0160koda wspiera wiele mi\u0119dzynarodowych imprez kolarskich, takich jak: La Vuelta, Pary\u017c-Nicea, Crit\u00e9rium du Dauphin\u00e9, Pary\u017c-Roubaix, La Fl\u00e8che Wallonne, Li\u00e8ge-Bastogne-Li\u00e8ge i L&#8217;Etape du Tour. Akcesoria rowerowe s\u0105 r\u00f3wnie\u017c integraln\u0105 cz\u0119\u015bci\u0105 rozszerzonej oferty marki.<\/p>\n<p>&nbsp;<\/p>\n","protected":false},"excerpt":{"rendered":"<p>\u0160koda pozostaje g\u0142\u00f3wnym sponsorem Tour de France. W tym roku wspiera wy\u015bcig po raz 16., dodatkowo zapewniaj\u0105c flot\u0119 samochodow\u0105 dla [&hellip;]<\/p>\n","protected":false},"author":76,"featured_media":9205,"comment_status":"open","ping_status":"open","sticky":false,"template":"","format":"standard","meta":{"footnotes":""},"categories":[300],"tags":[],"global-categories":[],"class_list":["post-9202","post","type-post","status-publish","format-standard","has-post-thumbnail","hentry","category-tour-de-france-2019"],"yoast_head":"<!-- This site is optimized with the Yoast SEO Premium plugin v25.3 (Yoast SEO v25.9) - https:\/\/yoast.com\/wordpress\/plugins\/seo\/ -->\n<title>\u0160koda po raz 16. sponsoruje Tour de France pozostaj\u0105c g\u0142\u00f3wnym partnerem kolarskiego wy\u015bcigu - \u0160koda We Love Cycling - Poland<\/title>\n<meta name=\"robots\" content=\"index, follow, max-snippet:-1, max-image-preview:large, max-video-preview:-1\" \/>\n<link rel=\"canonical\" href=\"https:\/\/www.welovecycling.com\/pl\/2019\/07\/01\/skoda-po-raz-16-sponsoruje-tour-de-france-pozostajac-glownym-partnerem-kolarskiego-wyscigu\/\" \/>\n<meta property=\"og:locale\" content=\"pl_PL\" \/>\n<meta property=\"og:type\" content=\"article\" \/>\n<meta property=\"og:title\" content=\"\u0160koda po raz 16. sponsoruje Tour de France pozostaj\u0105c g\u0142\u00f3wnym partnerem kolarskiego wy\u015bcigu\" \/>\n<meta property=\"og:description\" content=\"\u0160koda pozostaje g\u0142\u00f3wnym sponsorem Tour de France. W tym roku wspiera wy\u015bcig po raz 16., dodatkowo zapewniaj\u0105c flot\u0119 samochodow\u0105 dla [&hellip;]\" \/>\n<meta property=\"og:url\" content=\"https:\/\/www.welovecycling.com\/pl\/2019\/07\/01\/skoda-po-raz-16-sponsoruje-tour-de-france-pozostajac-glownym-partnerem-kolarskiego-wyscigu\/\" \/>\n<meta property=\"og:site_name\" content=\"\u0160koda We Love Cycling - Poland\" \/>\n<meta property=\"article:published_time\" content=\"2019-07-01T21:16:23+00:00\" \/>\n<meta property=\"og:image\" content=\"https:\/\/d2p6e6u75xmxt8.cloudfront.net\/5\/2019\/07\/3.png\" \/>\n\t<meta property=\"og:image:width\" content=\"522\" \/>\n\t<meta property=\"og:image:height\" content=\"295\" \/>\n\t<meta property=\"og:image:type\" content=\"image\/png\" \/>\n<meta name=\"author\" content=\"piotrboczkowski\" \/>\n<meta name=\"twitter:card\" content=\"summary_large_image\" \/>\n<meta name=\"twitter:label1\" content=\"Written by\" \/>\n\t<meta name=\"twitter:data1\" content=\"Biuro Prasowe \u0160KODY\" \/>\n\t<meta name=\"twitter:label2\" content=\"Est. reading time\" \/>\n\t<meta name=\"twitter:data2\" content=\"3 minutes\" \/>\n<script type=\"application\/ld+json\" class=\"yoast-schema-graph\">{\"@context\":\"https:\/\/schema.org\",\"@graph\":[{\"@type\":\"WebPage\",\"@id\":\"https:\/\/www.welovecycling.com\/pl\/2019\/07\/01\/skoda-po-raz-16-sponsoruje-tour-de-france-pozostajac-glownym-partnerem-kolarskiego-wyscigu\/\",\"url\":\"https:\/\/www.welovecycling.com\/pl\/2019\/07\/01\/skoda-po-raz-16-sponsoruje-tour-de-france-pozostajac-glownym-partnerem-kolarskiego-wyscigu\/\",\"name\":\"\u0160koda po raz 16. sponsoruje Tour de France pozostaj\u0105c g\u0142\u00f3wnym partnerem kolarskiego wy\u015bcigu - \u0160koda We Love Cycling - Poland\",\"isPartOf\":{\"@id\":\"https:\/\/www.welovecycling.com\/pl\/#website\"},\"primaryImageOfPage\":{\"@id\":\"https:\/\/www.welovecycling.com\/pl\/2019\/07\/01\/skoda-po-raz-16-sponsoruje-tour-de-france-pozostajac-glownym-partnerem-kolarskiego-wyscigu\/#primaryimage\"},\"image\":{\"@id\":\"https:\/\/www.welovecycling.com\/pl\/2019\/07\/01\/skoda-po-raz-16-sponsoruje-tour-de-france-pozostajac-glownym-partnerem-kolarskiego-wyscigu\/#primaryimage\"},\"thumbnailUrl\":\"https:\/\/d2p6e6u75xmxt8.cloudfront.net\/5\/2019\/07\/3.png\",\"datePublished\":\"2019-07-01T21:16:23+00:00\",\"author\":{\"@id\":\"https:\/\/www.welovecycling.com\/pl\/#\/schema\/person\/0dba2d39da943db9df3fd8f4687e7f23\"},\"breadcrumb\":{\"@id\":\"https:\/\/www.welovecycling.com\/pl\/2019\/07\/01\/skoda-po-raz-16-sponsoruje-tour-de-france-pozostajac-glownym-partnerem-kolarskiego-wyscigu\/#breadcrumb\"},\"inLanguage\":\"pl-PL\",\"potentialAction\":[{\"@type\":\"ReadAction\",\"target\":[\"https:\/\/www.welovecycling.com\/pl\/2019\/07\/01\/skoda-po-raz-16-sponsoruje-tour-de-france-pozostajac-glownym-partnerem-kolarskiego-wyscigu\/\"]}]},{\"@type\":\"ImageObject\",\"inLanguage\":\"pl-PL\",\"@id\":\"https:\/\/www.welovecycling.com\/pl\/2019\/07\/01\/skoda-po-raz-16-sponsoruje-tour-de-france-pozostajac-glownym-partnerem-kolarskiego-wyscigu\/#primaryimage\",\"url\":\"https:\/\/d2p6e6u75xmxt8.cloudfront.net\/5\/2019\/07\/3.png\",\"contentUrl\":\"https:\/\/d2p6e6u75xmxt8.cloudfront.net\/5\/2019\/07\/3.png\",\"width\":522,\"height\":295},{\"@type\":\"BreadcrumbList\",\"@id\":\"https:\/\/www.welovecycling.com\/pl\/2019\/07\/01\/skoda-po-raz-16-sponsoruje-tour-de-france-pozostajac-glownym-partnerem-kolarskiego-wyscigu\/#breadcrumb\",\"itemListElement\":[{\"@type\":\"ListItem\",\"position\":1,\"name\":\"Home\",\"item\":\"https:\/\/www.welovecycling.com\/pl\/\"},{\"@type\":\"ListItem\",\"position\":2,\"name\":\"\u0160koda po raz 16. sponsoruje Tour de France pozostaj\u0105c g\u0142\u00f3wnym partnerem kolarskiego wy\u015bcigu\"}]},{\"@type\":\"WebSite\",\"@id\":\"https:\/\/www.welovecycling.com\/pl\/#website\",\"url\":\"https:\/\/www.welovecycling.com\/pl\/\",\"name\":\"\u0160koda We Love Cycling - Poland\",\"description\":\"\",\"potentialAction\":[{\"@type\":\"SearchAction\",\"target\":{\"@type\":\"EntryPoint\",\"urlTemplate\":\"https:\/\/www.welovecycling.com\/pl\/?s={search_term_string}\"},\"query-input\":{\"@type\":\"PropertyValueSpecification\",\"valueRequired\":true,\"valueName\":\"search_term_string\"}}],\"inLanguage\":\"pl-PL\"},{\"@type\":\"Person\",\"@id\":\"https:\/\/www.welovecycling.com\/pl\/#\/schema\/person\/0dba2d39da943db9df3fd8f4687e7f23\",\"name\":\"piotrboczkowski\",\"image\":{\"@type\":\"ImageObject\",\"inLanguage\":\"pl-PL\",\"@id\":\"https:\/\/www.welovecycling.com\/pl\/#\/schema\/person\/image\/\",\"url\":\"https:\/\/secure.gravatar.com\/avatar\/533caccae14752e03a2ce2d3fd62d1b98b93e1393c3195c27819e53344ca1ace?s=96&d=mm&r=g\",\"contentUrl\":\"https:\/\/secure.gravatar.com\/avatar\/533caccae14752e03a2ce2d3fd62d1b98b93e1393c3195c27819e53344ca1ace?s=96&d=mm&r=g\",\"caption\":\"piotrboczkowski\"},\"url\":\"https:\/\/www.welovecycling.com\/pl\/author\/piotrboczkowski\/\"}]}<\/script>\n<!-- \/ Yoast SEO Premium plugin. -->","yoast_head_json":{"title":"\u0160koda po raz 16. sponsoruje Tour de France pozostaj\u0105c g\u0142\u00f3wnym partnerem kolarskiego wy\u015bcigu - \u0160koda We Love Cycling - Poland","robots":{"index":"index","follow":"follow","max-snippet":"max-snippet:-1","max-image-preview":"max-image-preview:large","max-video-preview":"max-video-preview:-1"},"canonical":"https:\/\/www.welovecycling.com\/pl\/2019\/07\/01\/skoda-po-raz-16-sponsoruje-tour-de-france-pozostajac-glownym-partnerem-kolarskiego-wyscigu\/","og_locale":"pl_PL","og_type":"article","og_title":"\u0160koda po raz 16. sponsoruje Tour de France pozostaj\u0105c g\u0142\u00f3wnym partnerem kolarskiego wy\u015bcigu","og_description":"\u0160koda pozostaje g\u0142\u00f3wnym sponsorem Tour de France. W tym roku wspiera wy\u015bcig po raz 16., dodatkowo zapewniaj\u0105c flot\u0119 samochodow\u0105 dla [&hellip;]","og_url":"https:\/\/www.welovecycling.com\/pl\/2019\/07\/01\/skoda-po-raz-16-sponsoruje-tour-de-france-pozostajac-glownym-partnerem-kolarskiego-wyscigu\/","og_site_name":"\u0160koda We Love Cycling - Poland","article_published_time":"2019-07-01T21:16:23+00:00","og_image":[{"width":522,"height":295,"url":"https:\/\/d2p6e6u75xmxt8.cloudfront.net\/5\/2019\/07\/3.png","type":"image\/png"}],"author":"piotrboczkowski","twitter_card":"summary_large_image","twitter_misc":{"Written by":"Biuro Prasowe \u0160KODY","Est. reading time":"3 minutes"},"schema":{"@context":"https:\/\/schema.org","@graph":[{"@type":"WebPage","@id":"https:\/\/www.welovecycling.com\/pl\/2019\/07\/01\/skoda-po-raz-16-sponsoruje-tour-de-france-pozostajac-glownym-partnerem-kolarskiego-wyscigu\/","url":"https:\/\/www.welovecycling.com\/pl\/2019\/07\/01\/skoda-po-raz-16-sponsoruje-tour-de-france-pozostajac-glownym-partnerem-kolarskiego-wyscigu\/","name":"\u0160koda po raz 16. sponsoruje Tour de France pozostaj\u0105c g\u0142\u00f3wnym partnerem kolarskiego wy\u015bcigu - \u0160koda We Love Cycling - Poland","isPartOf":{"@id":"https:\/\/www.welovecycling.com\/pl\/#website"},"primaryImageOfPage":{"@id":"https:\/\/www.welovecycling.com\/pl\/2019\/07\/01\/skoda-po-raz-16-sponsoruje-tour-de-france-pozostajac-glownym-partnerem-kolarskiego-wyscigu\/#primaryimage"},"image":{"@id":"https:\/\/www.welovecycling.com\/pl\/2019\/07\/01\/skoda-po-raz-16-sponsoruje-tour-de-france-pozostajac-glownym-partnerem-kolarskiego-wyscigu\/#primaryimage"},"thumbnailUrl":"https:\/\/d2p6e6u75xmxt8.cloudfront.net\/5\/2019\/07\/3.png","datePublished":"2019-07-01T21:16:23+00:00","author":{"@id":"https:\/\/www.welovecycling.com\/pl\/#\/schema\/person\/0dba2d39da943db9df3fd8f4687e7f23"},"breadcrumb":{"@id":"https:\/\/www.welovecycling.com\/pl\/2019\/07\/01\/skoda-po-raz-16-sponsoruje-tour-de-france-pozostajac-glownym-partnerem-kolarskiego-wyscigu\/#breadcrumb"},"inLanguage":"pl-PL","potentialAction":[{"@type":"ReadAction","target":["https:\/\/www.welovecycling.com\/pl\/2019\/07\/01\/skoda-po-raz-16-sponsoruje-tour-de-france-pozostajac-glownym-partnerem-kolarskiego-wyscigu\/"]}]},{"@type":"ImageObject","inLanguage":"pl-PL","@id":"https:\/\/www.welovecycling.com\/pl\/2019\/07\/01\/skoda-po-raz-16-sponsoruje-tour-de-france-pozostajac-glownym-partnerem-kolarskiego-wyscigu\/#primaryimage","url":"https:\/\/d2p6e6u75xmxt8.cloudfront.net\/5\/2019\/07\/3.png","contentUrl":"https:\/\/d2p6e6u75xmxt8.cloudfront.net\/5\/2019\/07\/3.png","width":522,"height":295},{"@type":"BreadcrumbList","@id":"https:\/\/www.welovecycling.com\/pl\/2019\/07\/01\/skoda-po-raz-16-sponsoruje-tour-de-france-pozostajac-glownym-partnerem-kolarskiego-wyscigu\/#breadcrumb","itemListElement":[{"@type":"ListItem","position":1,"name":"Home","item":"https:\/\/www.welovecycling.com\/pl\/"},{"@type":"ListItem","position":2,"name":"\u0160koda po raz 16. sponsoruje Tour de France pozostaj\u0105c g\u0142\u00f3wnym partnerem kolarskiego wy\u015bcigu"}]},{"@type":"WebSite","@id":"https:\/\/www.welovecycling.com\/pl\/#website","url":"https:\/\/www.welovecycling.com\/pl\/","name":"\u0160koda We Love Cycling - Poland","description":"","potentialAction":[{"@type":"SearchAction","target":{"@type":"EntryPoint","urlTemplate":"https:\/\/www.welovecycling.com\/pl\/?s={search_term_string}"},"query-input":{"@type":"PropertyValueSpecification","valueRequired":true,"valueName":"search_term_string"}}],"inLanguage":"pl-PL"},{"@type":"Person","@id":"https:\/\/www.welovecycling.com\/pl\/#\/schema\/person\/0dba2d39da943db9df3fd8f4687e7f23","name":"piotrboczkowski","image":{"@type":"ImageObject","inLanguage":"pl-PL","@id":"https:\/\/www.welovecycling.com\/pl\/#\/schema\/person\/image\/","url":"https:\/\/secure.gravatar.com\/avatar\/533caccae14752e03a2ce2d3fd62d1b98b93e1393c3195c27819e53344ca1ace?s=96&d=mm&r=g","contentUrl":"https:\/\/secure.gravatar.com\/avatar\/533caccae14752e03a2ce2d3fd62d1b98b93e1393c3195c27819e53344ca1ace?s=96&d=mm&r=g","caption":"piotrboczkowski"},"url":"https:\/\/www.welovecycling.com\/pl\/author\/piotrboczkowski\/"}]}},"_links":{"self":[{"href":"https:\/\/www.welovecycling.com\/pl\/wp-json\/wp\/v2\/posts\/9202","targetHints":{"allow":["GET"]}}],"collection":[{"href":"https:\/\/www.welovecycling.com\/pl\/wp-json\/wp\/v2\/posts"}],"about":[{"href":"https:\/\/www.welovecycling.com\/pl\/wp-json\/wp\/v2\/types\/post"}],"author":[{"embeddable":true,"href":"https:\/\/www.welovecycling.com\/pl\/wp-json\/wp\/v2\/users\/76"}],"replies":[{"embeddable":true,"href":"https:\/\/www.welovecycling.com\/pl\/wp-json\/wp\/v2\/comments?post=9202"}],"version-history":[{"count":1,"href":"https:\/\/www.welovecycling.com\/pl\/wp-json\/wp\/v2\/posts\/9202\/revisions"}],"predecessor-version":[{"id":9208,"href":"https:\/\/www.welovecycling.com\/pl\/wp-json\/wp\/v2\/posts\/9202\/revisions\/9208"}],"wp:featuredmedia":[{"embeddable":true,"href":"https:\/\/www.welovecycling.com\/pl\/wp-json\/wp\/v2\/media\/9205"}],"wp:attachment":[{"href":"https:\/\/www.welovecycling.com\/pl\/wp-json\/wp\/v2\/media?parent=9202"}],"wp:term":[{"taxonomy":"category","embeddable":true,"href":"https:\/\/www.welovecycling.com\/pl\/wp-json\/wp\/v2\/categories?post=9202"},{"taxonomy":"post_tag","embeddable":true,"href":"https:\/\/www.welovecycling.com\/pl\/wp-json\/wp\/v2\/tags?post=9202"},{"taxonomy":"global-categories","embeddable":true,"href":"https:\/\/www.welovecycling.com\/pl\/wp-json\/wp\/v2\/global-categories?post=9202"}],"curies":[{"name":"wp","href":"https:\/\/api.w.org\/{rel}","templated":true}]}}