{"id":9193,"date":"2019-06-28T14:08:29","date_gmt":"2019-06-28T14:08:29","guid":{"rendered":"https:\/\/www.welovecycling.com\/pl\/?p=9193"},"modified":"2019-06-28T14:08:29","modified_gmt":"2019-06-28T14:08:29","slug":"ostateczna-bitwa-ktora-raz-na-zawsze-zakonczy-spory-na-temat-wyzszosci-jednych-rowerow-nad-innymi-2","status":"publish","type":"post","link":"https:\/\/www.welovecycling.com\/pl\/2019\/06\/28\/ostateczna-bitwa-ktora-raz-na-zawsze-zakonczy-spory-na-temat-wyzszosci-jednych-rowerow-nad-innymi-2\/","title":{"rendered":"Ostateczna bitwa, kt\u00f3ra raz na zawsze zako\u0144czy spory na temat wy\u017cszo\u015bci jednych rower\u00f3w nad innymi"},"content":{"rendered":"<p><strong>Spory na temat tego, jaki rower jest lepszy, szybszy, l\u017cejszy, bardziej uniwersalny lub bardziej modny, istniej\u0105 od zawsze. Im wi\u0119cej typ\u00f3w rower\u00f3w, tym wi\u0119cej w\u0105tpliwo\u015bci. Dlatego por\u00f3wnali\u015bmy ze sob\u0105 wszystkie. Zwyci\u0119zca mo\u017ce by\u0107 tylko jeden. Sprawd\u017amy, kt\u00f3ry rower jest najlepszy.<\/strong><\/p>\n<p>&nbsp;<\/p>\n<p><strong><span style=\"font-size: 18pt;\">Runda pierwsza<\/span><\/strong><\/p>\n<p><strong>Rowery kurierskie vs rowery damskie<\/strong><\/p>\n<p>Kurierzy rowerowi to twardziele, kt\u00f3rzy dostarczaj\u0105 paczki korporacjom 24 godziny na dob\u0119 przez ca\u0142y rok, bez wzgl\u0119du na to, czy asfalt w\u0142a\u015bnie topi si\u0119 z gor\u0105ca, czy pokryty jest lodem. Dla nich nie ma z\u0142ej pogody, s\u0105 tylko nieodpowiednie ubrania. Poniewa\u017c jednak wszyscy kurierzy je\u017cd\u017c\u0105 za pieni\u0105dze, panie wygrywaj\u0105.<\/p>\n<p><img loading=\"lazy\" decoding=\"async\" class=\"alignnone size-full wp-image-173784 initial loading\" src=\"https:\/\/d2p6e6u75xmxt8.cloudfront.net\/2\/2019\/05\/Bicycle-Fight.jpg\" sizes=\"auto, (max-width: 800px) 100vw, 800px\" srcset=\"https:\/\/d2p6e6u75xmxt8.cloudfront.net\/2\/2019\/05\/Bicycle-Fight.jpg 800w, https:\/\/d2p6e6u75xmxt8.cloudfront.net\/2\/2019\/05\/Bicycle-Fight-300x158.jpg 300w, https:\/\/d2p6e6u75xmxt8.cloudfront.net\/2\/2019\/05\/Bicycle-Fight-768x403.jpg 768w\" alt=\"\" width=\"800\" height=\"420\" data-was-processed=\"true\" \/><\/p>\n<p><em>Zwyci\u0119zca: rowery damskie<\/em><\/p>\n<p>&nbsp;<\/p>\n<p><strong>Rowery fixie vs rowery dzieci\u0119ce<\/strong><\/p>\n<p>Jazda na ostrym kole by\u0142a niesamowicie fajna jakie\u015b dziesi\u0119\u0107 lat temu. \u015amiganie jednokierunkowymi ulicami, wciskanie si\u0119 nawet w najmniejsze luki, \u017ceby nie traci\u0107 szybko\u015bci podczas wykonywania szalonych manewr\u00f3w \u2013 i to wszystko dzia\u0142o si\u0119 zaledwie o krok od zszokowanych pieszych. Ale nawet dzieciaki wiedz\u0105, \u017ce bez hamulc\u00f3w pr\u0119dzej czy p\u00f3\u017aniej mo\u017cna si\u0119 z kim\u015b\/czym\u015b zderzy\u0107, a nawet zgin\u0105\u0107. I tak w\u0142a\u015bnie si\u0119 sta\u0142o: fixies wymar\u0142y, a dzieci nadal je\u017cd\u017c\u0105.<\/p>\n<p><img loading=\"lazy\" decoding=\"async\" class=\"alignnone size-full wp-image-173785 loading\" src=\"https:\/\/d2p6e6u75xmxt8.cloudfront.net\/2\/2019\/05\/Bicycle-Fight-1.jpg\" sizes=\"auto, (max-width: 800px) 100vw, 800px\" srcset=\"https:\/\/d2p6e6u75xmxt8.cloudfront.net\/2\/2019\/05\/Bicycle-Fight-1.jpg 800w, https:\/\/d2p6e6u75xmxt8.cloudfront.net\/2\/2019\/05\/Bicycle-Fight-1-300x158.jpg 300w, https:\/\/d2p6e6u75xmxt8.cloudfront.net\/2\/2019\/05\/Bicycle-Fight-1-768x403.jpg 768w\" alt=\"\" width=\"800\" height=\"420\" data-was-processed=\"true\" \/><\/p>\n<p><em>Zwyci\u0119zca: rowery dzieci\u0119ce<\/em><\/p>\n<p>&nbsp;<\/p>\n<p><strong>Rowery szosowe vs e-rowery<\/strong><\/p>\n<p>Niew\u0105tpliwie mamy obecnie boom na rowery z silnikami elektrycznymi. Wymagaj\u0105ce niewielkiego wysi\u0142ku e-rowery \u015bwietnie nadaj\u0105 si\u0119 do dojazd\u00f3w do pracy. Zwykle maj\u0105 wy\u017csz\u0105 pr\u0119dko\u015b\u0107 maksymaln\u0105 i umo\u017cliwiaj\u0105 osobom starszym powr\u00f3t na siode\u0142ko. Jednak pomimo obaw zwi\u0105zanych z ekologi\u0105 i przewidywan\u0105 katastrof\u0105 Matki Ziemi zapomnieli\u015bmy o tym, jak szkodliwe baterie s\u0105 dla przyrody: o zniszczeniach spowodowanych potrzebnymi do nich materia\u0142ami g\u00f3rniczymi oraz fakcie, \u017ce ich moc nadal pochodzi g\u0142\u00f3wnie z elektrowni w\u0119glowych. Rowery szosowe s\u0105 lekkie, szybkie, technologicznie bezb\u0142\u0119dne i dlatego bardziej je lubimy.<\/p>\n<p><img loading=\"lazy\" decoding=\"async\" class=\"alignnone size-full wp-image-173786 loading\" src=\"https:\/\/d2p6e6u75xmxt8.cloudfront.net\/2\/2019\/05\/Bicycle-Fight-2.jpg\" sizes=\"auto, (max-width: 800px) 100vw, 800px\" srcset=\"https:\/\/d2p6e6u75xmxt8.cloudfront.net\/2\/2019\/05\/Bicycle-Fight-2.jpg 800w, https:\/\/d2p6e6u75xmxt8.cloudfront.net\/2\/2019\/05\/Bicycle-Fight-2-300x158.jpg 300w, https:\/\/d2p6e6u75xmxt8.cloudfront.net\/2\/2019\/05\/Bicycle-Fight-2-768x403.jpg 768w\" alt=\"\" width=\"800\" height=\"420\" data-was-processed=\"true\" \/><\/p>\n<p><em>Zwyci\u0119zca: rowery szosowe<\/em><\/p>\n<p>&nbsp;<\/p>\n<p><strong>Rowery downhill vs sk\u0142adane<\/strong><\/p>\n<p>\u015aliskie korzenie, du\u017ce szczeliny, ekstremalne wyboje, przera\u017caj\u0105ce b\u0142oto i wystaj\u0105ce kamienie. Prawie nic nie mo\u017ce ci\u0119 powstrzyma\u0107 podczas jazdy na downhillu \u2013 opr\u00f3cz wind w siedzibie firmy. Zalet\u0105 sk\u0142adanego roweru jest jego kompaktowa forma, wi\u0119c bez przeszk\u00f3d mo\u017cesz uda\u0107 si\u0119 z nim do biura, w kt\u00f3rym sp\u0119dzasz spor\u0105 cz\u0119\u015b\u0107 swojego \u017cycia.<\/p>\n<p><img loading=\"lazy\" decoding=\"async\" class=\"alignnone size-full wp-image-173787 loading\" src=\"https:\/\/d2p6e6u75xmxt8.cloudfront.net\/2\/2019\/05\/Bicycle-Fight-3.jpg\" sizes=\"auto, (max-width: 800px) 100vw, 800px\" srcset=\"https:\/\/d2p6e6u75xmxt8.cloudfront.net\/2\/2019\/05\/Bicycle-Fight-3.jpg 800w, https:\/\/d2p6e6u75xmxt8.cloudfront.net\/2\/2019\/05\/Bicycle-Fight-3-300x158.jpg 300w, https:\/\/d2p6e6u75xmxt8.cloudfront.net\/2\/2019\/05\/Bicycle-Fight-3-768x403.jpg 768w\" alt=\"\" width=\"800\" height=\"420\" data-was-processed=\"true\" \/><\/p>\n<p><em>Zwyci\u0119zca: rowery sk\u0142adane<\/em><\/p>\n<p>&nbsp;<\/p>\n<p><strong>Cargo vs rowery g\u00f3rskie<\/strong><\/p>\n<p>Dzi\u0119ki nowoczesnym rowerom cargo mo\u017cesz transportowa\u0107 dos\u0142ownie wszystko: w\u0119giel, ceg\u0142y, banany, komputery, zwierz\u0119ta, no i przede wszystkim dzieci. Jednak to dzi\u0119ki rowerowi g\u00f3rskiemu mo\u017cesz zostawi\u0107 to wszystko za sob\u0105 i cieszy\u0107 si\u0119 swobodn\u0105 jazd\u0105 po wzniesieniach.<\/p>\n<p><img loading=\"lazy\" decoding=\"async\" class=\"alignnone size-full wp-image-173788 loading\" src=\"https:\/\/d2p6e6u75xmxt8.cloudfront.net\/2\/2019\/05\/Bicycle-Fight-4.jpg\" sizes=\"auto, (max-width: 800px) 100vw, 800px\" srcset=\"https:\/\/d2p6e6u75xmxt8.cloudfront.net\/2\/2019\/05\/Bicycle-Fight-4.jpg 800w, https:\/\/d2p6e6u75xmxt8.cloudfront.net\/2\/2019\/05\/Bicycle-Fight-4-300x158.jpg 300w, https:\/\/d2p6e6u75xmxt8.cloudfront.net\/2\/2019\/05\/Bicycle-Fight-4-768x403.jpg 768w\" alt=\"\" width=\"800\" height=\"420\" data-was-processed=\"true\" \/><\/p>\n<p><em>Zwyci\u0119zca: rowery g\u00f3rskie<\/em><\/p>\n<p>&nbsp;<\/p>\n<p><strong>BMX-y vs triathlon<\/strong><\/p>\n<p>Triathloni\u015bci robi\u0105 niesamowite rzeczy: przep\u0142ywaj\u0105 3,86 km, przeje\u017cd\u017caj\u0105 na rowerze 180,25 km i przebiegaj\u0105 w maratonie 42,20 km. I wszystko to w ci\u0105gu jednego dnia. Po latach trening\u00f3w, tortur, ascezy i wyrzecze\u0144 najlepsi sportowcy mog\u0105 to osi\u0105gn\u0105\u0107 nawet w mniej ni\u017c osiem godzin. Mimo \u017ce freestylerzy na BMX-ach po prostu sp\u0119dzaj\u0105 czas na ulicach lub w skate parkach, to je\u015bli chodzi o starcie z triathlonistami, mo\u017cna si\u0119 za\u0142o\u017cy\u0107, \u017ce u\u017cytkownik BMX-a ich przechytrzy. Co wi\u0119cej, rower BMX jest o wiele bardziej odpowiedni, gdy przychodzi ucieka\u0107, na przyk\u0142ad przed policjantami.<\/p>\n<p><img loading=\"lazy\" decoding=\"async\" class=\"alignnone size-full wp-image-173789 loading\" src=\"https:\/\/d2p6e6u75xmxt8.cloudfront.net\/2\/2019\/05\/Bicycle-Fight-5.jpg\" sizes=\"auto, (max-width: 800px) 100vw, 800px\" srcset=\"https:\/\/d2p6e6u75xmxt8.cloudfront.net\/2\/2019\/05\/Bicycle-Fight-5.jpg 800w, https:\/\/d2p6e6u75xmxt8.cloudfront.net\/2\/2019\/05\/Bicycle-Fight-5-300x158.jpg 300w, https:\/\/d2p6e6u75xmxt8.cloudfront.net\/2\/2019\/05\/Bicycle-Fight-5-768x403.jpg 768w\" alt=\"\" width=\"800\" height=\"420\" data-was-processed=\"true\" \/><\/p>\n<p><em>Zwyci\u0119zca: BMX<\/em><\/p>\n<p>&nbsp;<\/p>\n<p><strong>Tandemy vs cruisery<\/strong><\/p>\n<p>Jazda we dwoje, na przyk\u0142ad na randce, mo\u017ce sprawia\u0107 pewn\u0105 frajd\u0119, ale pomimo podw\u00f3jnej mocy peda\u0142owania tandemy s\u0105 niezdarne i niepraktyczne. O wiele bardziej atrakcyjna i wygodna jest podr\u00f3\u017c wzd\u0142u\u017c pla\u017cy ze sprz\u0119tem do surfowania na baga\u017cniku.<\/p>\n<p><img loading=\"lazy\" decoding=\"async\" class=\"alignnone size-full wp-image-173790 loading\" src=\"https:\/\/d2p6e6u75xmxt8.cloudfront.net\/2\/2019\/05\/Bicycle-Fight-6.jpg\" sizes=\"auto, (max-width: 800px) 100vw, 800px\" srcset=\"https:\/\/d2p6e6u75xmxt8.cloudfront.net\/2\/2019\/05\/Bicycle-Fight-6.jpg 800w, https:\/\/d2p6e6u75xmxt8.cloudfront.net\/2\/2019\/05\/Bicycle-Fight-6-300x158.jpg 300w, https:\/\/d2p6e6u75xmxt8.cloudfront.net\/2\/2019\/05\/Bicycle-Fight-6-768x403.jpg 768w\" alt=\"\" width=\"800\" height=\"420\" data-was-processed=\"true\" \/><\/p>\n<p><em>Zwyci\u0119zca: cruisery<\/em><\/p>\n<p>&nbsp;<\/p>\n<p><strong>Rowery szutrowe vs rowery stacjonarne<\/strong><\/p>\n<p>Mo\u017cesz by\u0107 pewien, \u017ce ka\u017cdy rowerzysta t\u0119skni\u0142 przynajmniej raz w \u017cyciu za rowerem szutrowym ze wzgl\u0119du na jego osi\u0105gi zar\u00f3wno na szlakach, jak i na drogach. Jednak w przypadku tych stacjonarnych mo\u017cesz peda\u0142owa\u0107, nie trac\u0105c ani jednego odcinka swojego ulubionego serialu, co czyni je lepszymi kandydatami.<\/p>\n<p><img loading=\"lazy\" decoding=\"async\" class=\"alignnone size-full wp-image-173791 loading\" src=\"https:\/\/d2p6e6u75xmxt8.cloudfront.net\/2\/2019\/05\/Bicycle-Fight-7.jpg\" sizes=\"auto, (max-width: 800px) 100vw, 800px\" srcset=\"https:\/\/d2p6e6u75xmxt8.cloudfront.net\/2\/2019\/05\/Bicycle-Fight-7.jpg 800w, https:\/\/d2p6e6u75xmxt8.cloudfront.net\/2\/2019\/05\/Bicycle-Fight-7-300x158.jpg 300w, https:\/\/d2p6e6u75xmxt8.cloudfront.net\/2\/2019\/05\/Bicycle-Fight-7-768x403.jpg 768w\" alt=\"\" width=\"800\" height=\"420\" data-was-processed=\"true\" \/><\/p>\n<p><em>Zwyci\u0119zca: rowery stacjonarne<\/em><\/p>\n<p>&nbsp;<\/p>\n<p>&nbsp;<\/p>\n<p><strong><span style=\"font-size: 18pt;\">Runda druga<\/span><\/strong><\/p>\n<p><strong>Rowery stacjonarne vs rowery sk\u0142adane<\/strong><\/p>\n<p>Sk\u0142adanie i rozk\u0142adanie roweru na d\u0142u\u017csz\u0105 met\u0119 nie jest wcale zabawne. Siedzenie, peda\u0142owanie i ogl\u0105danie telewizji, np. w pobli\u017cu \u0142\u00f3\u017cka, na kt\u00f3re mo\u017cna pa\u015b\u0107 po udanym treningu, wydaje si\u0119 lepszym wyborem.<\/p>\n<p><img loading=\"lazy\" decoding=\"async\" class=\"alignnone size-full wp-image-173793 loading\" src=\"https:\/\/d2p6e6u75xmxt8.cloudfront.net\/2\/2019\/05\/Bicycle-Fight-8.jpg\" sizes=\"auto, (max-width: 800px) 100vw, 800px\" srcset=\"https:\/\/d2p6e6u75xmxt8.cloudfront.net\/2\/2019\/05\/Bicycle-Fight-8.jpg 800w, https:\/\/d2p6e6u75xmxt8.cloudfront.net\/2\/2019\/05\/Bicycle-Fight-8-300x158.jpg 300w, https:\/\/d2p6e6u75xmxt8.cloudfront.net\/2\/2019\/05\/Bicycle-Fight-8-768x403.jpg 768w\" alt=\"\" width=\"800\" height=\"420\" data-was-processed=\"true\" \/><\/p>\n<p><em>Zwyci\u0119zca: rowery stacjonarne<\/em><\/p>\n<p>&nbsp;<\/p>\n<p><strong>BMX-y vs rowery damskie<\/strong><\/p>\n<p>U\u017cytkownicy BMX-\u00f3w bior\u0105 udzia\u0142 nawet w igrzyskach olimpijskich, ale czym s\u0105 kaski zakrywaj\u0105ce ca\u0142\u0105 twarz, kamizelki ochronne i ekstremalne podskoki w obliczu mi\u0142ej dla oka jazdy pa\u0144 w s\u0142omianych kapeluszach i z koszami na kierownicy pe\u0142nymi kwiat\u00f3w?<\/p>\n<p><img loading=\"lazy\" decoding=\"async\" class=\"alignnone size-full wp-image-173794 loading\" src=\"https:\/\/d2p6e6u75xmxt8.cloudfront.net\/2\/2019\/05\/Bicycle-Fight-9.jpg\" sizes=\"auto, (max-width: 800px) 100vw, 800px\" srcset=\"https:\/\/d2p6e6u75xmxt8.cloudfront.net\/2\/2019\/05\/Bicycle-Fight-9.jpg 800w, https:\/\/d2p6e6u75xmxt8.cloudfront.net\/2\/2019\/05\/Bicycle-Fight-9-300x158.jpg 300w, https:\/\/d2p6e6u75xmxt8.cloudfront.net\/2\/2019\/05\/Bicycle-Fight-9-768x403.jpg 768w\" alt=\"\" width=\"800\" height=\"420\" data-was-processed=\"true\" \/><\/p>\n<p><em>Zwyci\u0119zca: rowery damskie<\/em><\/p>\n<p>&nbsp;<\/p>\n<p><strong>Cruisery vs rowery g\u00f3rskie<\/strong><\/p>\n<p>Jazda na cruiserze po najbli\u017cszej okolicy to \u015bwietna zabawa, gdy masz dwadzie\u015bcia lat, ale ju\u017c po trzydziestce, kiedy b\u0119dziesz mia\u0142 brzuszek, zapragniesz wymieni\u0107 rower na taki, kt\u00f3ry b\u0119dzie wymaga\u0142 od ciebie wi\u0119cej wysi\u0142ku. Kolarstwo g\u00f3rskie to \u015bwietna zabawa dla ka\u017cdego, niezale\u017cnie od wieku, r\u00f3wnie\u017c dla senior\u00f3w.<\/p>\n<p><img loading=\"lazy\" decoding=\"async\" class=\"alignnone size-full wp-image-173795 loading\" src=\"https:\/\/d2p6e6u75xmxt8.cloudfront.net\/2\/2019\/05\/Bicycle-Fight-10.jpg\" sizes=\"auto, (max-width: 800px) 100vw, 800px\" srcset=\"https:\/\/d2p6e6u75xmxt8.cloudfront.net\/2\/2019\/05\/Bicycle-Fight-10.jpg 800w, https:\/\/d2p6e6u75xmxt8.cloudfront.net\/2\/2019\/05\/Bicycle-Fight-10-300x158.jpg 300w, https:\/\/d2p6e6u75xmxt8.cloudfront.net\/2\/2019\/05\/Bicycle-Fight-10-768x403.jpg 768w\" alt=\"\" width=\"800\" height=\"420\" data-was-processed=\"true\" \/><\/p>\n<p><em>Zwyci\u0119zca: rowery g\u00f3rskie<\/em><\/p>\n<p>&nbsp;<\/p>\n<p><strong>Rowery szosowe vs rowery dzieci\u0119ce<\/strong><\/p>\n<p>Kolarstwo szosowe kradnie ci \u017cycie towarzyskie \u2013 po rozpocz\u0119ciu jazdy nie ma ju\u017c czasu na kole\u017canki, \u017cony i przyjaci\u00f3\u0142 (chyba \u017ce ci te\u017c je\u017cd\u017c\u0105 na rowerze). Dzieci maj\u0105 ca\u0142y czas dla siebie, wi\u0119c wygrywaj\u0105.<\/p>\n<p><img loading=\"lazy\" decoding=\"async\" class=\"alignnone size-full wp-image-173796 loading\" src=\"https:\/\/d2p6e6u75xmxt8.cloudfront.net\/2\/2019\/05\/Bicycle-Fight-11.jpg\" sizes=\"auto, (max-width: 800px) 100vw, 800px\" srcset=\"https:\/\/d2p6e6u75xmxt8.cloudfront.net\/2\/2019\/05\/Bicycle-Fight-11.jpg 800w, https:\/\/d2p6e6u75xmxt8.cloudfront.net\/2\/2019\/05\/Bicycle-Fight-11-300x158.jpg 300w, https:\/\/d2p6e6u75xmxt8.cloudfront.net\/2\/2019\/05\/Bicycle-Fight-11-768x403.jpg 768w\" alt=\"\" width=\"800\" height=\"420\" data-was-processed=\"true\" \/><\/p>\n<p><em>Zwyci\u0119zca: rowery dzieci\u0119ce<\/em><\/p>\n<p>&nbsp;<\/p>\n<p>&nbsp;<\/p>\n<p><strong><span style=\"font-size: 18pt;\">Runda trzecia<\/span><\/strong><\/p>\n<p>&nbsp;<\/p>\n<p><strong>Rowery stacjonarne vs rowery g\u00f3rskie<\/strong><\/p>\n<p>Po sp\u0119dzeniu czasu na rowerze stacjonarnym znajdujesz si\u0119 dok\u0142adnie w tym samym miejscu, w kt\u00f3rym by\u0142e\u015b, kiedy zaczyna\u0142e\u015b. To nie jest \u017caden post\u0119p. Rower g\u00f3rski zaprowadzi ci\u0119 w pi\u0119kne miejsca (w tym g\u00f3ry) i dlatego wolimy, \u017ceby to on znalaz\u0142 si\u0119 w finale.<\/p>\n<p><img loading=\"lazy\" decoding=\"async\" class=\"alignnone size-full wp-image-173798 loading\" src=\"https:\/\/d2p6e6u75xmxt8.cloudfront.net\/2\/2019\/05\/Bicycle-Fight-13.jpg\" sizes=\"auto, (max-width: 800px) 100vw, 800px\" srcset=\"https:\/\/d2p6e6u75xmxt8.cloudfront.net\/2\/2019\/05\/Bicycle-Fight-13.jpg 800w, https:\/\/d2p6e6u75xmxt8.cloudfront.net\/2\/2019\/05\/Bicycle-Fight-13-300x158.jpg 300w, https:\/\/d2p6e6u75xmxt8.cloudfront.net\/2\/2019\/05\/Bicycle-Fight-13-768x403.jpg 768w\" alt=\"\" width=\"800\" height=\"420\" data-was-processed=\"true\" \/><\/p>\n<p><em>Zwyci\u0119zca: rowery g\u00f3rskie<\/em><\/p>\n<p>&nbsp;<\/p>\n<p><strong>Rowery damskie vs rowery dzieci\u0119ce<\/strong><\/p>\n<p>Panie na damskim rowerze s\u0105 eleganckie i zjawiskowe, ale gdy pogoda nie dopisuje lub droga jest zbyt stroma, zwyk\u0142a jazda mo\u017ce przerodzi\u0107 si\u0119 w koszmar. Dzieci nie boj\u0105 si\u0119 \u017cadnego terenu, ruchu ani z\u0142ej pogody i dlatego zwyci\u0119\u017cy\u0142y.<\/p>\n<p><img loading=\"lazy\" decoding=\"async\" class=\"alignnone size-full wp-image-173797 loading\" src=\"https:\/\/d2p6e6u75xmxt8.cloudfront.net\/2\/2019\/05\/Bicycle-Fight-12.jpg\" sizes=\"auto, (max-width: 800px) 100vw, 800px\" srcset=\"https:\/\/d2p6e6u75xmxt8.cloudfront.net\/2\/2019\/05\/Bicycle-Fight-12.jpg 800w, https:\/\/d2p6e6u75xmxt8.cloudfront.net\/2\/2019\/05\/Bicycle-Fight-12-300x158.jpg 300w, https:\/\/d2p6e6u75xmxt8.cloudfront.net\/2\/2019\/05\/Bicycle-Fight-12-768x403.jpg 768w\" alt=\"\" width=\"800\" height=\"420\" data-was-processed=\"true\" \/><\/p>\n<p><em>Zwyci\u0119zca: rowery dzieci\u0119ce<\/em><\/p>\n<p>&nbsp;<\/p>\n<p><span style=\"font-size: 18pt;\"><strong>Runda ko\u0144cowa<\/strong><\/span><\/p>\n<p>&nbsp;<\/p>\n<p><strong>Rowery g\u00f3rskie vs rowery dzieci\u0119ce<\/strong><\/p>\n<p>To jest trudny wyb\u00f3r. Rowery g\u00f3rskie s\u0105 fajne. Przesz\u0142y niesamowit\u0105 ewolucj\u0119 od starych Schwinn\u00f3w do nowoczesnego sprz\u0119tu z w\u0142\u00f3kna w\u0119glowego, wyposa\u017conego w niezliczone ko\u0142a z\u0119bate, teleskopowe sztyce i kosmiczne zawieszenia. Ale po co to wszystko, je\u015bli nie zacz\u0105\u0142e\u015b je\u017adzi\u0107 na rowerze w pierwszych latach swojego \u017cycia? Nigdy nie jest za p\u00f3\u017ano na nauk\u0119, cho\u0107 najwa\u017cniejsza na rowerze jest koordynacja (a jej mo\u017cesz si\u0119 nauczy\u0107 najlepiej tylko jako dziecko). Dzieci s\u0105 przysz\u0142o\u015bci\u0105, podobnie jak rowery dla dzieci.<\/p>\n<p><img loading=\"lazy\" decoding=\"async\" class=\"alignnone size-full wp-image-173799 loading\" src=\"https:\/\/d2p6e6u75xmxt8.cloudfront.net\/2\/2019\/05\/Bicycle-Fight-14.jpg\" sizes=\"auto, (max-width: 800px) 100vw, 800px\" srcset=\"https:\/\/d2p6e6u75xmxt8.cloudfront.net\/2\/2019\/05\/Bicycle-Fight-14.jpg 800w, https:\/\/d2p6e6u75xmxt8.cloudfront.net\/2\/2019\/05\/Bicycle-Fight-14-300x158.jpg 300w, https:\/\/d2p6e6u75xmxt8.cloudfront.net\/2\/2019\/05\/Bicycle-Fight-14-768x403.jpg 768w\" alt=\"\" width=\"800\" height=\"420\" data-was-processed=\"true\" \/><\/p>\n<p><span style=\"font-size: 18pt;\"><strong><em>Ostateczny zwyci\u0119zca: rower dzieci\u0119cy<\/em><\/strong><\/span><\/p>\n<style type=\"text\/css\"><!--td {border: 1px solid #ccc;}br {mso-data-placement:same-cell;}--><\/style>\n<p><span data-sheets-value=\"{&quot;1&quot;:2,&quot;2&quot;:&quot;Artyku\u0142 powsta\u0142 we wsp\u00f3\u0142pracy ze skoda-auto.pl&quot;}\" data-sheets-userformat=\"{&quot;2&quot;:1,&quot;3&quot;:{&quot;1&quot;:0}}\"><a class=\"in-cell-link\" href=\"http:\/\/www.skoda-auto.pl\/\" target=\"_blank\" rel=\"noopener\">Artyku\u0142 powsta\u0142 we wsp\u00f3\u0142pracy ze skoda-auto.pl<\/a><\/span><\/p>\n<p>&nbsp;<\/p>\n","protected":false},"excerpt":{"rendered":"<p>Spory na temat tego, jaki rower jest lepszy, szybszy, l\u017cejszy, bardziej uniwersalny lub bardziej modny, istniej\u0105 od zawsze. Im wi\u0119cej [&hellip;]<\/p>\n","protected":false},"author":76,"featured_media":9190,"comment_status":"open","ping_status":"open","sticky":false,"template":"","format":"standard","meta":{"footnotes":""},"categories":[226],"tags":[],"global-categories":[],"class_list":["post-9193","post","type-post","status-publish","format-standard","has-post-thumbnail","hentry","category-ciekawostki"],"yoast_head":"<!-- This site is optimized with the Yoast SEO Premium plugin v25.3 (Yoast SEO v25.9) - https:\/\/yoast.com\/wordpress\/plugins\/seo\/ -->\n<title>Ostateczna bitwa, kt\u00f3ra raz na zawsze zako\u0144czy spory na temat wy\u017cszo\u015bci jednych rower\u00f3w nad innymi - \u0160koda We Love Cycling - Poland<\/title>\n<meta name=\"robots\" content=\"index, follow, max-snippet:-1, max-image-preview:large, max-video-preview:-1\" \/>\n<link rel=\"canonical\" href=\"https:\/\/www.welovecycling.com\/pl\/2019\/06\/28\/ostateczna-bitwa-ktora-raz-na-zawsze-zakonczy-spory-na-temat-wyzszosci-jednych-rowerow-nad-innymi-2\/\" \/>\n<meta property=\"og:locale\" content=\"pl_PL\" \/>\n<meta property=\"og:type\" content=\"article\" \/>\n<meta property=\"og:title\" content=\"Ostateczna bitwa, kt\u00f3ra raz na zawsze zako\u0144czy spory na temat wy\u017cszo\u015bci jednych rower\u00f3w nad innymi\" \/>\n<meta property=\"og:description\" content=\"Spory na temat tego, jaki rower jest lepszy, szybszy, l\u017cejszy, bardziej uniwersalny lub bardziej modny, istniej\u0105 od zawsze. Im wi\u0119cej [&hellip;]\" \/>\n<meta property=\"og:url\" content=\"https:\/\/www.welovecycling.com\/pl\/2019\/06\/28\/ostateczna-bitwa-ktora-raz-na-zawsze-zakonczy-spory-na-temat-wyzszosci-jednych-rowerow-nad-innymi-2\/\" \/>\n<meta property=\"og:site_name\" content=\"\u0160koda We Love Cycling - Poland\" \/>\n<meta property=\"article:published_time\" content=\"2019-06-28T14:08:29+00:00\" \/>\n<meta property=\"og:image\" content=\"https:\/\/d2p6e6u75xmxt8.cloudfront.net\/5\/2019\/06\/Bicycle-Fight-15-1024x450.jpg\" \/>\n\t<meta property=\"og:image:width\" content=\"1024\" \/>\n\t<meta property=\"og:image:height\" content=\"450\" \/>\n\t<meta property=\"og:image:type\" content=\"image\/jpeg\" \/>\n<meta name=\"author\" content=\"piotrboczkowski\" \/>\n<meta name=\"twitter:card\" content=\"summary_large_image\" \/>\n<meta name=\"twitter:label1\" content=\"Written by\" \/>\n\t<meta name=\"twitter:data1\" content=\"Adam Marsal\" \/>\n\t<meta name=\"twitter:label2\" content=\"Est. reading time\" \/>\n\t<meta name=\"twitter:data2\" content=\"7\" \/>\n<script type=\"application\/ld+json\" class=\"yoast-schema-graph\">{\"@context\":\"https:\/\/schema.org\",\"@graph\":[{\"@type\":\"WebPage\",\"@id\":\"https:\/\/www.welovecycling.com\/pl\/2019\/06\/28\/ostateczna-bitwa-ktora-raz-na-zawsze-zakonczy-spory-na-temat-wyzszosci-jednych-rowerow-nad-innymi-2\/\",\"url\":\"https:\/\/www.welovecycling.com\/pl\/2019\/06\/28\/ostateczna-bitwa-ktora-raz-na-zawsze-zakonczy-spory-na-temat-wyzszosci-jednych-rowerow-nad-innymi-2\/\",\"name\":\"Ostateczna bitwa, kt\u00f3ra raz na zawsze zako\u0144czy spory na temat wy\u017cszo\u015bci jednych rower\u00f3w nad innymi - \u0160koda We Love Cycling - Poland\",\"isPartOf\":{\"@id\":\"https:\/\/www.welovecycling.com\/pl\/#website\"},\"primaryImageOfPage\":{\"@id\":\"https:\/\/www.welovecycling.com\/pl\/2019\/06\/28\/ostateczna-bitwa-ktora-raz-na-zawsze-zakonczy-spory-na-temat-wyzszosci-jednych-rowerow-nad-innymi-2\/#primaryimage\"},\"image\":{\"@id\":\"https:\/\/www.welovecycling.com\/pl\/2019\/06\/28\/ostateczna-bitwa-ktora-raz-na-zawsze-zakonczy-spory-na-temat-wyzszosci-jednych-rowerow-nad-innymi-2\/#primaryimage\"},\"thumbnailUrl\":\"https:\/\/d2p6e6u75xmxt8.cloudfront.net\/5\/2019\/06\/Bicycle-Fight-15-1024x450.jpg\",\"datePublished\":\"2019-06-28T14:08:29+00:00\",\"author\":{\"@id\":\"https:\/\/www.welovecycling.com\/pl\/#\/schema\/person\/0dba2d39da943db9df3fd8f4687e7f23\"},\"breadcrumb\":{\"@id\":\"https:\/\/www.welovecycling.com\/pl\/2019\/06\/28\/ostateczna-bitwa-ktora-raz-na-zawsze-zakonczy-spory-na-temat-wyzszosci-jednych-rowerow-nad-innymi-2\/#breadcrumb\"},\"inLanguage\":\"pl-PL\",\"potentialAction\":[{\"@type\":\"ReadAction\",\"target\":[\"https:\/\/www.welovecycling.com\/pl\/2019\/06\/28\/ostateczna-bitwa-ktora-raz-na-zawsze-zakonczy-spory-na-temat-wyzszosci-jednych-rowerow-nad-innymi-2\/\"]}]},{\"@type\":\"ImageObject\",\"inLanguage\":\"pl-PL\",\"@id\":\"https:\/\/www.welovecycling.com\/pl\/2019\/06\/28\/ostateczna-bitwa-ktora-raz-na-zawsze-zakonczy-spory-na-temat-wyzszosci-jednych-rowerow-nad-innymi-2\/#primaryimage\",\"url\":\"https:\/\/d2p6e6u75xmxt8.cloudfront.net\/5\/2019\/06\/Bicycle-Fight-15-1024x450.jpg\",\"contentUrl\":\"https:\/\/d2p6e6u75xmxt8.cloudfront.net\/5\/2019\/06\/Bicycle-Fight-15-1024x450.jpg\",\"width\":1024,\"height\":450},{\"@type\":\"BreadcrumbList\",\"@id\":\"https:\/\/www.welovecycling.com\/pl\/2019\/06\/28\/ostateczna-bitwa-ktora-raz-na-zawsze-zakonczy-spory-na-temat-wyzszosci-jednych-rowerow-nad-innymi-2\/#breadcrumb\",\"itemListElement\":[{\"@type\":\"ListItem\",\"position\":1,\"name\":\"Home\",\"item\":\"https:\/\/www.welovecycling.com\/pl\/\"},{\"@type\":\"ListItem\",\"position\":2,\"name\":\"Ostateczna bitwa, kt\u00f3ra raz na zawsze zako\u0144czy spory na temat wy\u017cszo\u015bci jednych rower\u00f3w nad innymi\"}]},{\"@type\":\"WebSite\",\"@id\":\"https:\/\/www.welovecycling.com\/pl\/#website\",\"url\":\"https:\/\/www.welovecycling.com\/pl\/\",\"name\":\"\u0160koda We Love Cycling - Poland\",\"description\":\"\",\"potentialAction\":[{\"@type\":\"SearchAction\",\"target\":{\"@type\":\"EntryPoint\",\"urlTemplate\":\"https:\/\/www.welovecycling.com\/pl\/?s={search_term_string}\"},\"query-input\":{\"@type\":\"PropertyValueSpecification\",\"valueRequired\":true,\"valueName\":\"search_term_string\"}}],\"inLanguage\":\"pl-PL\"},{\"@type\":\"Person\",\"@id\":\"https:\/\/www.welovecycling.com\/pl\/#\/schema\/person\/0dba2d39da943db9df3fd8f4687e7f23\",\"name\":\"piotrboczkowski\",\"image\":{\"@type\":\"ImageObject\",\"inLanguage\":\"pl-PL\",\"@id\":\"https:\/\/www.welovecycling.com\/pl\/#\/schema\/person\/image\/\",\"url\":\"https:\/\/secure.gravatar.com\/avatar\/533caccae14752e03a2ce2d3fd62d1b98b93e1393c3195c27819e53344ca1ace?s=96&d=mm&r=g\",\"contentUrl\":\"https:\/\/secure.gravatar.com\/avatar\/533caccae14752e03a2ce2d3fd62d1b98b93e1393c3195c27819e53344ca1ace?s=96&d=mm&r=g\",\"caption\":\"piotrboczkowski\"},\"url\":\"https:\/\/www.welovecycling.com\/pl\/author\/piotrboczkowski\/\"}]}<\/script>\n<!-- \/ Yoast SEO Premium plugin. -->","yoast_head_json":{"title":"Ostateczna bitwa, kt\u00f3ra raz na zawsze zako\u0144czy spory na temat wy\u017cszo\u015bci jednych rower\u00f3w nad innymi - \u0160koda We Love Cycling - Poland","robots":{"index":"index","follow":"follow","max-snippet":"max-snippet:-1","max-image-preview":"max-image-preview:large","max-video-preview":"max-video-preview:-1"},"canonical":"https:\/\/www.welovecycling.com\/pl\/2019\/06\/28\/ostateczna-bitwa-ktora-raz-na-zawsze-zakonczy-spory-na-temat-wyzszosci-jednych-rowerow-nad-innymi-2\/","og_locale":"pl_PL","og_type":"article","og_title":"Ostateczna bitwa, kt\u00f3ra raz na zawsze zako\u0144czy spory na temat wy\u017cszo\u015bci jednych rower\u00f3w nad innymi","og_description":"Spory na temat tego, jaki rower jest lepszy, szybszy, l\u017cejszy, bardziej uniwersalny lub bardziej modny, istniej\u0105 od zawsze. Im wi\u0119cej [&hellip;]","og_url":"https:\/\/www.welovecycling.com\/pl\/2019\/06\/28\/ostateczna-bitwa-ktora-raz-na-zawsze-zakonczy-spory-na-temat-wyzszosci-jednych-rowerow-nad-innymi-2\/","og_site_name":"\u0160koda We Love Cycling - Poland","article_published_time":"2019-06-28T14:08:29+00:00","og_image":[{"width":1024,"height":450,"url":"https:\/\/d2p6e6u75xmxt8.cloudfront.net\/5\/2019\/06\/Bicycle-Fight-15-1024x450.jpg","type":"image\/jpeg"}],"author":"piotrboczkowski","twitter_card":"summary_large_image","twitter_misc":{"Written by":"Adam Marsal","Est. reading time":"7"},"schema":{"@context":"https:\/\/schema.org","@graph":[{"@type":"WebPage","@id":"https:\/\/www.welovecycling.com\/pl\/2019\/06\/28\/ostateczna-bitwa-ktora-raz-na-zawsze-zakonczy-spory-na-temat-wyzszosci-jednych-rowerow-nad-innymi-2\/","url":"https:\/\/www.welovecycling.com\/pl\/2019\/06\/28\/ostateczna-bitwa-ktora-raz-na-zawsze-zakonczy-spory-na-temat-wyzszosci-jednych-rowerow-nad-innymi-2\/","name":"Ostateczna bitwa, kt\u00f3ra raz na zawsze zako\u0144czy spory na temat wy\u017cszo\u015bci jednych rower\u00f3w nad innymi - \u0160koda We Love Cycling - Poland","isPartOf":{"@id":"https:\/\/www.welovecycling.com\/pl\/#website"},"primaryImageOfPage":{"@id":"https:\/\/www.welovecycling.com\/pl\/2019\/06\/28\/ostateczna-bitwa-ktora-raz-na-zawsze-zakonczy-spory-na-temat-wyzszosci-jednych-rowerow-nad-innymi-2\/#primaryimage"},"image":{"@id":"https:\/\/www.welovecycling.com\/pl\/2019\/06\/28\/ostateczna-bitwa-ktora-raz-na-zawsze-zakonczy-spory-na-temat-wyzszosci-jednych-rowerow-nad-innymi-2\/#primaryimage"},"thumbnailUrl":"https:\/\/d2p6e6u75xmxt8.cloudfront.net\/5\/2019\/06\/Bicycle-Fight-15-1024x450.jpg","datePublished":"2019-06-28T14:08:29+00:00","author":{"@id":"https:\/\/www.welovecycling.com\/pl\/#\/schema\/person\/0dba2d39da943db9df3fd8f4687e7f23"},"breadcrumb":{"@id":"https:\/\/www.welovecycling.com\/pl\/2019\/06\/28\/ostateczna-bitwa-ktora-raz-na-zawsze-zakonczy-spory-na-temat-wyzszosci-jednych-rowerow-nad-innymi-2\/#breadcrumb"},"inLanguage":"pl-PL","potentialAction":[{"@type":"ReadAction","target":["https:\/\/www.welovecycling.com\/pl\/2019\/06\/28\/ostateczna-bitwa-ktora-raz-na-zawsze-zakonczy-spory-na-temat-wyzszosci-jednych-rowerow-nad-innymi-2\/"]}]},{"@type":"ImageObject","inLanguage":"pl-PL","@id":"https:\/\/www.welovecycling.com\/pl\/2019\/06\/28\/ostateczna-bitwa-ktora-raz-na-zawsze-zakonczy-spory-na-temat-wyzszosci-jednych-rowerow-nad-innymi-2\/#primaryimage","url":"https:\/\/d2p6e6u75xmxt8.cloudfront.net\/5\/2019\/06\/Bicycle-Fight-15-1024x450.jpg","contentUrl":"https:\/\/d2p6e6u75xmxt8.cloudfront.net\/5\/2019\/06\/Bicycle-Fight-15-1024x450.jpg","width":1024,"height":450},{"@type":"BreadcrumbList","@id":"https:\/\/www.welovecycling.com\/pl\/2019\/06\/28\/ostateczna-bitwa-ktora-raz-na-zawsze-zakonczy-spory-na-temat-wyzszosci-jednych-rowerow-nad-innymi-2\/#breadcrumb","itemListElement":[{"@type":"ListItem","position":1,"name":"Home","item":"https:\/\/www.welovecycling.com\/pl\/"},{"@type":"ListItem","position":2,"name":"Ostateczna bitwa, kt\u00f3ra raz na zawsze zako\u0144czy spory na temat wy\u017cszo\u015bci jednych rower\u00f3w nad innymi"}]},{"@type":"WebSite","@id":"https:\/\/www.welovecycling.com\/pl\/#website","url":"https:\/\/www.welovecycling.com\/pl\/","name":"\u0160koda We Love Cycling - Poland","description":"","potentialAction":[{"@type":"SearchAction","target":{"@type":"EntryPoint","urlTemplate":"https:\/\/www.welovecycling.com\/pl\/?s={search_term_string}"},"query-input":{"@type":"PropertyValueSpecification","valueRequired":true,"valueName":"search_term_string"}}],"inLanguage":"pl-PL"},{"@type":"Person","@id":"https:\/\/www.welovecycling.com\/pl\/#\/schema\/person\/0dba2d39da943db9df3fd8f4687e7f23","name":"piotrboczkowski","image":{"@type":"ImageObject","inLanguage":"pl-PL","@id":"https:\/\/www.welovecycling.com\/pl\/#\/schema\/person\/image\/","url":"https:\/\/secure.gravatar.com\/avatar\/533caccae14752e03a2ce2d3fd62d1b98b93e1393c3195c27819e53344ca1ace?s=96&d=mm&r=g","contentUrl":"https:\/\/secure.gravatar.com\/avatar\/533caccae14752e03a2ce2d3fd62d1b98b93e1393c3195c27819e53344ca1ace?s=96&d=mm&r=g","caption":"piotrboczkowski"},"url":"https:\/\/www.welovecycling.com\/pl\/author\/piotrboczkowski\/"}]}},"_links":{"self":[{"href":"https:\/\/www.welovecycling.com\/pl\/wp-json\/wp\/v2\/posts\/9193","targetHints":{"allow":["GET"]}}],"collection":[{"href":"https:\/\/www.welovecycling.com\/pl\/wp-json\/wp\/v2\/posts"}],"about":[{"href":"https:\/\/www.welovecycling.com\/pl\/wp-json\/wp\/v2\/types\/post"}],"author":[{"embeddable":true,"href":"https:\/\/www.welovecycling.com\/pl\/wp-json\/wp\/v2\/users\/76"}],"replies":[{"embeddable":true,"href":"https:\/\/www.welovecycling.com\/pl\/wp-json\/wp\/v2\/comments?post=9193"}],"version-history":[{"count":1,"href":"https:\/\/www.welovecycling.com\/pl\/wp-json\/wp\/v2\/posts\/9193\/revisions"}],"predecessor-version":[{"id":9194,"href":"https:\/\/www.welovecycling.com\/pl\/wp-json\/wp\/v2\/posts\/9193\/revisions\/9194"}],"wp:featuredmedia":[{"embeddable":true,"href":"https:\/\/www.welovecycling.com\/pl\/wp-json\/wp\/v2\/media\/9190"}],"wp:attachment":[{"href":"https:\/\/www.welovecycling.com\/pl\/wp-json\/wp\/v2\/media?parent=9193"}],"wp:term":[{"taxonomy":"category","embeddable":true,"href":"https:\/\/www.welovecycling.com\/pl\/wp-json\/wp\/v2\/categories?post=9193"},{"taxonomy":"post_tag","embeddable":true,"href":"https:\/\/www.welovecycling.com\/pl\/wp-json\/wp\/v2\/tags?post=9193"},{"taxonomy":"global-categories","embeddable":true,"href":"https:\/\/www.welovecycling.com\/pl\/wp-json\/wp\/v2\/global-categories?post=9193"}],"curies":[{"name":"wp","href":"https:\/\/api.w.org\/{rel}","templated":true}]}}