{"id":9183,"date":"2019-06-26T14:47:57","date_gmt":"2019-06-26T14:47:57","guid":{"rendered":"https:\/\/www.welovecycling.com\/pl\/?p=9183"},"modified":"2019-06-26T14:47:57","modified_gmt":"2019-06-26T14:47:57","slug":"prawdziwe-zalety-rowerow-elektrycznych","status":"publish","type":"post","link":"https:\/\/www.welovecycling.com\/pl\/2019\/06\/26\/prawdziwe-zalety-rowerow-elektrycznych\/","title":{"rendered":"Prawdziwe zalety rower\u00f3w elektrycznych"},"content":{"rendered":"<p><strong>Nie zanieczyszczaj\u0105 powietrza, kt\u00f3rym oddychamy, nie ha\u0142asuj\u0105 i s\u0105 znacznie ta\u0144sze w utrzymaniu. To najwa\u017cniejsze zalety pojazd\u00f3w elektrycznych, kt\u00f3re przewy\u017cszaj\u0105 te tradycyjne, nap\u0119dzane benzyn\u0105. Prognozuje si\u0119, \u017ce mniej wi\u0119cej za dwie dekady prawie wszystkie pojazdy na \u015bwiecie b\u0119d\u0105 elektryczne.<\/strong><\/p>\n<p>&nbsp;<\/p>\n<p>Dok\u0142adnie te same zalety maj\u0105 rowery elektryczne, a jedyne, co mo\u017cna im zarzuci\u0107, to to, \u017ce pozbawiaj\u0105 jad\u0105cego korzy\u015bci wynikaj\u0105cych z aktywnego peda\u0142owania.<\/p>\n<figure id=\"attachment_143174\" aria-describedby=\"caption-attachment-143174\" style=\"width: 2048px\" class=\"wp-caption alignnone\"><img loading=\"lazy\" decoding=\"async\" class=\"initial loading wp-image-143174 size-full\" src=\"https:\/\/d2p6e6u75xmxt8.cloudfront.net\/2\/2016\/10\/13662190_608178489357352_7054667105744724663_o.jpg\" sizes=\"auto, (max-width: 2048px) 100vw, 2048px\" srcset=\"https:\/\/d2p6e6u75xmxt8.cloudfront.net\/2\/2016\/10\/13662190_608178489357352_7054667105744724663_o.jpg 2048w, https:\/\/d2p6e6u75xmxt8.cloudfront.net\/2\/2016\/10\/13662190_608178489357352_7054667105744724663_o-300x200.jpg 300w, https:\/\/d2p6e6u75xmxt8.cloudfront.net\/2\/2016\/10\/13662190_608178489357352_7054667105744724663_o-768x512.jpg 768w, https:\/\/d2p6e6u75xmxt8.cloudfront.net\/2\/2016\/10\/13662190_608178489357352_7054667105744724663_o-1024x683.jpg 1024w, https:\/\/d2p6e6u75xmxt8.cloudfront.net\/2\/2016\/10\/13662190_608178489357352_7054667105744724663_o-272x182.jpg 272w\" alt=\"\" width=\"2048\" height=\"1365\" data-was-processed=\"true\" \/><figcaption id=\"caption-attachment-143174\" class=\"wp-caption-text\">Zesp\u00f3\u0142 stoj\u0105cy za MATE.bike to rodze\u0144stwo Adel Michael i Julie Kronstr\u00f8m Carton<\/figcaption><\/figure>\n<p>&nbsp;<\/p>\n<p>Jednak nie wszyscy tak to postrzegaj\u0105, a sprzeda\u017c rower\u00f3w elektrycznych stale ro\u015bnie na ca\u0142ym \u015bwiecie, zw\u0142aszcza w Chinach. Jest tam obecnie oko\u0142o 200 milion\u00f3w e-rower\u00f3w i stanowi\u0105 one ponad jedn\u0105 czwart\u0105 wszystkich rower\u00f3w w tym kraju. Ponadto \u201eElectric Bike Worldwide Report\u201d przewiduje, \u017ce do roku 2050 na \u015bwiecie b\u0119d\u0105 dwa miliardy e-rower\u00f3w, a docelowo a\u017c 84 miliony e-rower\u00f3w b\u0119dzie sprzedawanych ka\u017cdego roku. To nie przypadek, \u017ce ich popularno\u015b\u0107 tak gwa\u0142townie ro\u015bnie. Sprawd\u017amy, co za tym stoi.<\/p>\n<p>EVELO, producent e-rower\u00f3w, tak to komentuje: \u201eOdpowied\u017a jest prosta: e-rowery nie generuj\u0105 tych niedogodno\u015bci, kt\u00f3re wi\u0105\u017c\u0105 si\u0119 z jazd\u0105 zwyk\u0142ym rowerem. Nale\u017c\u0105 do nich wzniesienia, silne wiatry prosto w twarz i boczne, wiek rowerzysty, poziom sprawno\u015bci lub zdrowie oraz k\u0142opotliwe dojazdy do pracy, restauracji lub na imprez\u0119, kiedy na miejsce przybywa si\u0119 zazwyczaj intensywnie spoconym. Rower elektryczny znacznie u\u0142atwia podjazdy na wzniesienia, walka z wiatrem nie jest tak m\u0119cz\u0105ca, skraca si\u0119 te\u017c czas podr\u00f3\u017cy. Je\u015bli masz wi\u0119kszy dystans do pokonania przy deficycie czasu, to e-rower umo\u017cliwia podr\u00f3\u017cowanie z pr\u0119dko\u015bci\u0105 20 km\/h, w dodatku bez pocenia si\u0119.<\/p>\n<p>Ponadto, je\u015bli jeste\u015b w podesz\u0142ym wieku i masz problemy z biodrami, kolanami, mi\u0119\u015bniami n\u00f3g, sercem lub p\u0142ucami, jazda na rowerze elektrycznym umo\u017cliwia peda\u0142owanie dostosowane do Twoich mo\u017cliwo\u015bci (dotyczy to r\u00f3wnie\u017c m\u0142odszych rowerzyst\u00f3w, czasowo mniej sprawnych w zwi\u0105zku z kontuzjami). Po prostu kiedy opadniesz z si\u0142, w\u0142\u0105czasz silnik i jedziesz dalej\u201d.<\/p>\n<div class=\"embed-controller-wrapper\">\n<div class=\"embed-wrapper\"><iframe title=\"Pivot Shuttle Ebike with Aaron Chase\" width=\"500\" height=\"281\" data-src=\"https:\/\/www.youtube.com\/embed\/IKnnqpsPkNI?feature=oembed\" frameborder=\"0\" allow=\"accelerometer; autoplay; clipboard-write; encrypted-media; gyroscope; picture-in-picture; web-share\" referrerpolicy=\"strict-origin-when-cross-origin\" allowfullscreen><\/iframe><\/div>\n<\/div>\n<p>Czy wychwalanie korzy\u015bci p\u0142yn\u0105cych z jazdy e-rowerami nie jest jednak troch\u0119 przesadne? EVELO twierdzi, \u017ce wr\u0119cz przeciwnie: \u201eRowery elektryczne sprawiaj\u0105, \u017ce \u0107wiczenia s\u0105 dost\u0119pne bez wzgl\u0119du na to, czy jeste\u015b sprawny, czy nie. W rzeczywisto\u015bci wi\u0119kszo\u015b\u0107 rowerzyst\u00f3w wi\u0119cej \u0107wiczy, bo je\u017adzi cz\u0119\u015bciej i na d\u0142u\u017cszych dystansach\u201d.<\/p>\n<p>Co wi\u0119cej, dzi\u0119ki nap\u0119dowi silnikowemu e-rowery mog\u0105 pom\u00f3c w rezygnacji z podr\u00f3\u017cowania samochodem na d\u0142u\u017cszych odleg\u0142o\u015bciach lub na trasie po pag\u00f3rkowatym terenie. Innymi s\u0142owy, e-rowery s\u0105 dobre dla \u015brodowiska, poniewa\u017c mog\u0105 zmniejszy\u0107 liczb\u0119 pojazd\u00f3w spalinowych na drodze \u2013 eliminuj\u0105 bariery, kt\u00f3re powstrzymuj\u0105 wielu ludzi od jazdy, takie jak ich stan zdrowia, wzniesienia czy zbyt dalekie odleg\u0142o\u015bci. Dzi\u0119ki temu coraz wi\u0119cej ludzi si\u0119 nimi porusza.<\/p>\n<p>Zosta\u0142o to potwierdzone w badaniu z 2012 r. przeprowadzonym przez Uniwersytet w Brighton. Czterdziestu pracownikom Bupa International wypo\u017cyczono e-rowery na okres od sze\u015bciu do o\u015bmiu tygodni, aby dowiedzie\u0107 si\u0119, jak zmieni\u0105 si\u0119 ich nawyki zwi\u0105zane z dojazdami.<\/p>\n<figure id=\"attachment_173997\" aria-describedby=\"caption-attachment-173997\" style=\"width: 1250px\" class=\"wp-caption alignnone\"><img loading=\"lazy\" decoding=\"async\" class=\"loading wp-image-173997 size-full\" src=\"https:\/\/d2p6e6u75xmxt8.cloudfront.net\/2\/2019\/05\/Police-E-Bike-profimedia-0431987305.jpg\" sizes=\"auto, (max-width: 1250px) 100vw, 1250px\" srcset=\"https:\/\/d2p6e6u75xmxt8.cloudfront.net\/2\/2019\/05\/Police-E-Bike-profimedia-0431987305.jpg 1250w, https:\/\/d2p6e6u75xmxt8.cloudfront.net\/2\/2019\/05\/Police-E-Bike-profimedia-0431987305-300x198.jpg 300w, https:\/\/d2p6e6u75xmxt8.cloudfront.net\/2\/2019\/05\/Police-E-Bike-profimedia-0431987305-768x508.jpg 768w, https:\/\/d2p6e6u75xmxt8.cloudfront.net\/2\/2019\/05\/Police-E-Bike-profimedia-0431987305-1024x677.jpg 1024w\" alt=\"\" width=\"1250\" height=\"827\" data-was-processed=\"true\" \/><figcaption id=\"caption-attachment-173997\" class=\"wp-caption-text\">W ramach programu EBikeDays bawarski minister spraw wewn\u0119trznych Joachim Herrmann zaprezentowa\u0142 nowe policyjne e-rowery \u00a9 Profimedia, Zuma Press \u2013 News<\/figcaption><\/figure>\n<p>&nbsp;<\/p>\n<p>Wst\u0119pne wyniki pokaza\u0142y, \u017ce 63% os\u00f3b je\u017adzi\u0142o rowerem wi\u0119cej w trakcie pr\u00f3by, a 70% powiedzia\u0142o, \u017ce b\u0119dzie je\u017adzi\u0107 wi\u0119cej, je\u015bli b\u0119dzie mia\u0142o e-rowery. Wed\u0142ug jednego z cz\u0142onk\u00f3w zespo\u0142u badawczego: \u201eOdsetek uczestnik\u00f3w, kt\u00f3rzy twierdzili, \u017ce b\u0119d\u0105 je\u017adzi\u0107 rowerem do pracy co najmniej jeden dzie\u0144 w tygodniu, wzr\u00f3s\u0142 z 30% do 75%, gdy b\u0119d\u0105 mieli dost\u0119p do e-roweru\u201d.<\/p>\n<p>Wed\u0142ug magazynu \u201eCyclist\u201d e-rowery s\u0105 bezpieczniejsze ni\u017c zwyk\u0142e rowery. Wi\u0119kszo\u015b\u0107 wypadk\u00f3w rowerowych ma miejsce na skrzy\u017cowaniach lub rondach, gdzie jest r\u00f3\u017cne nat\u0119\u017cenie ruchu. Powodem jest to, \u017ce zwykle rowerzy\u015bcie zajmuje kilka sekund zwi\u0119kszenie pr\u0119dko\u015bci, \u017ceby wydosta\u0107 si\u0119 z niebezpiecznej strefy lub niepewnej sytuacji. Posiadanie silnika w rowerze pomaga sprawniej przyspieszy\u0107 i mo\u017ce, jak sugeruje magazyn, uchroni\u0107 przed wjazdem na czerwonym \u015bwietle tylko dlatego, \u017ce rowerzysta zd\u0105\u017cy\u0142 nabra\u0107 rozp\u0119du, kt\u00f3rego nie chce straci\u0107.<\/p>\n<p>Ponadto silnik pomaga rowerzystom \u0142atwiej dotrzyma\u0107 kroku innym pojazdom podczas nat\u0119\u017cenia ruchu, co oznacza, \u017ce \u200b\u200bmniej pojazd\u00f3w b\u0119dzie musia\u0142o ich wyprzedza\u0107. Zapobiegnie to wielu potencjalnie niebezpiecznym sytuacjom.<\/p>\n<figure id=\"attachment_173999\" aria-describedby=\"caption-attachment-173999\" style=\"width: 1920px\" class=\"wp-caption alignnone\"><img loading=\"lazy\" decoding=\"async\" class=\"loading wp-image-173999 size-full\" src=\"https:\/\/d2p6e6u75xmxt8.cloudfront.net\/2\/2019\/05\/1923630_2017_A_1_Super_Commuter_9_Plus.jpg\" sizes=\"auto, (max-width: 1920px) 100vw, 1920px\" srcset=\"https:\/\/d2p6e6u75xmxt8.cloudfront.net\/2\/2019\/05\/1923630_2017_A_1_Super_Commuter_9_Plus.jpg 1920w, https:\/\/d2p6e6u75xmxt8.cloudfront.net\/2\/2019\/05\/1923630_2017_A_1_Super_Commuter_9_Plus-300x225.jpg 300w, https:\/\/d2p6e6u75xmxt8.cloudfront.net\/2\/2019\/05\/1923630_2017_A_1_Super_Commuter_9_Plus-768x576.jpg 768w, https:\/\/d2p6e6u75xmxt8.cloudfront.net\/2\/2019\/05\/1923630_2017_A_1_Super_Commuter_9_Plus-1024x768.jpg 1024w, https:\/\/d2p6e6u75xmxt8.cloudfront.net\/2\/2019\/05\/1923630_2017_A_1_Super_Commuter_9_Plus-1920x1440.jpg 1920w\" alt=\"\" width=\"1920\" height=\"1440\" data-was-processed=\"true\" \/><figcaption id=\"caption-attachment-173999\" class=\"wp-caption-text\">Trek Super Commuter + 9<\/figcaption><\/figure>\n<p>&nbsp;<\/p>\n<p>I wreszcie, posiadanie silnika w rowerze pozwala transportowa\u0107 wi\u0119cej akcesori\u00f3w, takich jak sprz\u0119t kempingowy, kt\u00f3ry przewo\u017cony zwyk\u0142ym rowerem i na d\u0142u\u017cszych dystansach by\u0142by sporym obci\u0105\u017ceniem. Mo\u017ce to Ci\u0119 zach\u0119ci do porzucenia samochodu nast\u0119pnym razem, kiedy b\u0119dziesz si\u0119 wybiera\u0107 z rodzin\u0105 na wakacje?<\/p>\n<style type=\"text\/css\"><!--td {border: 1px solid #ccc;}br {mso-data-placement:same-cell;}--><\/style>\n<p><span data-sheets-value=\"{&quot;1&quot;:2,&quot;2&quot;:&quot;Artyku\u0142 powsta\u0142 we wsp\u00f3\u0142pracy ze skoda-auto.pl&quot;}\" data-sheets-userformat=\"{&quot;2&quot;:1,&quot;3&quot;:{&quot;1&quot;:0}}\"><a class=\"in-cell-link\" href=\"http:\/\/www.skoda-auto.pl\/\" target=\"_blank\" rel=\"noopener\">Artyku\u0142 powsta\u0142 we wsp\u00f3\u0142pracy ze skoda-auto.pl<\/a><\/span><\/p>\n","protected":false},"excerpt":{"rendered":"<p>Nie zanieczyszczaj\u0105 powietrza, kt\u00f3rym oddychamy, nie ha\u0142asuj\u0105 i s\u0105 znacznie ta\u0144sze w utrzymaniu. To najwa\u017cniejsze zalety pojazd\u00f3w elektrycznych, kt\u00f3re przewy\u017cszaj\u0105 [&hellip;]<\/p>\n","protected":false},"author":76,"featured_media":9185,"comment_status":"open","ping_status":"open","sticky":false,"template":"","format":"standard","meta":{"footnotes":""},"categories":[226],"tags":[],"global-categories":[],"class_list":["post-9183","post","type-post","status-publish","format-standard","has-post-thumbnail","hentry","category-ciekawostki"],"yoast_head":"<!-- This site is optimized with the Yoast SEO Premium plugin v25.3 (Yoast SEO v25.9) - https:\/\/yoast.com\/wordpress\/plugins\/seo\/ -->\n<title>Prawdziwe zalety rower\u00f3w elektrycznych - \u0160koda We Love Cycling - Poland<\/title>\n<meta name=\"robots\" content=\"index, follow, max-snippet:-1, max-image-preview:large, max-video-preview:-1\" \/>\n<link rel=\"canonical\" href=\"https:\/\/www.welovecycling.com\/pl\/2019\/06\/26\/prawdziwe-zalety-rowerow-elektrycznych\/\" \/>\n<meta property=\"og:locale\" content=\"pl_PL\" \/>\n<meta property=\"og:type\" content=\"article\" \/>\n<meta property=\"og:title\" content=\"Prawdziwe zalety rower\u00f3w elektrycznych\" \/>\n<meta property=\"og:description\" content=\"Nie zanieczyszczaj\u0105 powietrza, kt\u00f3rym oddychamy, nie ha\u0142asuj\u0105 i s\u0105 znacznie ta\u0144sze w utrzymaniu. To najwa\u017cniejsze zalety pojazd\u00f3w elektrycznych, kt\u00f3re przewy\u017cszaj\u0105 [&hellip;]\" \/>\n<meta property=\"og:url\" content=\"https:\/\/www.welovecycling.com\/pl\/2019\/06\/26\/prawdziwe-zalety-rowerow-elektrycznych\/\" \/>\n<meta property=\"og:site_name\" content=\"\u0160koda We Love Cycling - Poland\" \/>\n<meta property=\"article:published_time\" content=\"2019-06-26T14:47:57+00:00\" \/>\n<meta property=\"og:image\" content=\"https:\/\/d2p6e6u75xmxt8.cloudfront.net\/5\/2019\/06\/E-Bike-MTB-CVR-profimedia-0432417703-1024x450.jpg\" \/>\n\t<meta property=\"og:image:width\" content=\"1024\" \/>\n\t<meta property=\"og:image:height\" content=\"450\" \/>\n\t<meta property=\"og:image:type\" content=\"image\/jpeg\" \/>\n<meta name=\"author\" content=\"piotrboczkowski\" \/>\n<meta name=\"twitter:card\" content=\"summary_large_image\" \/>\n<meta name=\"twitter:label1\" content=\"Written by\" \/>\n\t<meta name=\"twitter:data1\" content=\"Siegfried Mortkowitz\" \/>\n\t<meta name=\"twitter:label2\" content=\"Est. reading time\" \/>\n\t<meta name=\"twitter:data2\" content=\"7\" \/>\n<script type=\"application\/ld+json\" class=\"yoast-schema-graph\">{\"@context\":\"https:\/\/schema.org\",\"@graph\":[{\"@type\":\"WebPage\",\"@id\":\"https:\/\/www.welovecycling.com\/pl\/2019\/06\/26\/prawdziwe-zalety-rowerow-elektrycznych\/\",\"url\":\"https:\/\/www.welovecycling.com\/pl\/2019\/06\/26\/prawdziwe-zalety-rowerow-elektrycznych\/\",\"name\":\"Prawdziwe zalety rower\u00f3w elektrycznych - \u0160koda We Love Cycling - Poland\",\"isPartOf\":{\"@id\":\"https:\/\/www.welovecycling.com\/pl\/#website\"},\"primaryImageOfPage\":{\"@id\":\"https:\/\/www.welovecycling.com\/pl\/2019\/06\/26\/prawdziwe-zalety-rowerow-elektrycznych\/#primaryimage\"},\"image\":{\"@id\":\"https:\/\/www.welovecycling.com\/pl\/2019\/06\/26\/prawdziwe-zalety-rowerow-elektrycznych\/#primaryimage\"},\"thumbnailUrl\":\"https:\/\/d2p6e6u75xmxt8.cloudfront.net\/5\/2019\/06\/E-Bike-MTB-CVR-profimedia-0432417703-1024x450.jpg\",\"datePublished\":\"2019-06-26T14:47:57+00:00\",\"author\":{\"@id\":\"https:\/\/www.welovecycling.com\/pl\/#\/schema\/person\/0dba2d39da943db9df3fd8f4687e7f23\"},\"breadcrumb\":{\"@id\":\"https:\/\/www.welovecycling.com\/pl\/2019\/06\/26\/prawdziwe-zalety-rowerow-elektrycznych\/#breadcrumb\"},\"inLanguage\":\"pl-PL\",\"potentialAction\":[{\"@type\":\"ReadAction\",\"target\":[\"https:\/\/www.welovecycling.com\/pl\/2019\/06\/26\/prawdziwe-zalety-rowerow-elektrycznych\/\"]}]},{\"@type\":\"ImageObject\",\"inLanguage\":\"pl-PL\",\"@id\":\"https:\/\/www.welovecycling.com\/pl\/2019\/06\/26\/prawdziwe-zalety-rowerow-elektrycznych\/#primaryimage\",\"url\":\"https:\/\/d2p6e6u75xmxt8.cloudfront.net\/5\/2019\/06\/E-Bike-MTB-CVR-profimedia-0432417703-1024x450.jpg\",\"contentUrl\":\"https:\/\/d2p6e6u75xmxt8.cloudfront.net\/5\/2019\/06\/E-Bike-MTB-CVR-profimedia-0432417703-1024x450.jpg\",\"width\":1024,\"height\":450},{\"@type\":\"BreadcrumbList\",\"@id\":\"https:\/\/www.welovecycling.com\/pl\/2019\/06\/26\/prawdziwe-zalety-rowerow-elektrycznych\/#breadcrumb\",\"itemListElement\":[{\"@type\":\"ListItem\",\"position\":1,\"name\":\"Home\",\"item\":\"https:\/\/www.welovecycling.com\/pl\/\"},{\"@type\":\"ListItem\",\"position\":2,\"name\":\"Prawdziwe zalety rower\u00f3w elektrycznych\"}]},{\"@type\":\"WebSite\",\"@id\":\"https:\/\/www.welovecycling.com\/pl\/#website\",\"url\":\"https:\/\/www.welovecycling.com\/pl\/\",\"name\":\"\u0160koda We Love Cycling - Poland\",\"description\":\"\",\"potentialAction\":[{\"@type\":\"SearchAction\",\"target\":{\"@type\":\"EntryPoint\",\"urlTemplate\":\"https:\/\/www.welovecycling.com\/pl\/?s={search_term_string}\"},\"query-input\":{\"@type\":\"PropertyValueSpecification\",\"valueRequired\":true,\"valueName\":\"search_term_string\"}}],\"inLanguage\":\"pl-PL\"},{\"@type\":\"Person\",\"@id\":\"https:\/\/www.welovecycling.com\/pl\/#\/schema\/person\/0dba2d39da943db9df3fd8f4687e7f23\",\"name\":\"piotrboczkowski\",\"image\":{\"@type\":\"ImageObject\",\"inLanguage\":\"pl-PL\",\"@id\":\"https:\/\/www.welovecycling.com\/pl\/#\/schema\/person\/image\/\",\"url\":\"https:\/\/secure.gravatar.com\/avatar\/533caccae14752e03a2ce2d3fd62d1b98b93e1393c3195c27819e53344ca1ace?s=96&d=mm&r=g\",\"contentUrl\":\"https:\/\/secure.gravatar.com\/avatar\/533caccae14752e03a2ce2d3fd62d1b98b93e1393c3195c27819e53344ca1ace?s=96&d=mm&r=g\",\"caption\":\"piotrboczkowski\"},\"url\":\"https:\/\/www.welovecycling.com\/pl\/author\/piotrboczkowski\/\"}]}<\/script>\n<!-- \/ Yoast SEO Premium plugin. -->","yoast_head_json":{"title":"Prawdziwe zalety rower\u00f3w elektrycznych - \u0160koda We Love Cycling - Poland","robots":{"index":"index","follow":"follow","max-snippet":"max-snippet:-1","max-image-preview":"max-image-preview:large","max-video-preview":"max-video-preview:-1"},"canonical":"https:\/\/www.welovecycling.com\/pl\/2019\/06\/26\/prawdziwe-zalety-rowerow-elektrycznych\/","og_locale":"pl_PL","og_type":"article","og_title":"Prawdziwe zalety rower\u00f3w elektrycznych","og_description":"Nie zanieczyszczaj\u0105 powietrza, kt\u00f3rym oddychamy, nie ha\u0142asuj\u0105 i s\u0105 znacznie ta\u0144sze w utrzymaniu. To najwa\u017cniejsze zalety pojazd\u00f3w elektrycznych, kt\u00f3re przewy\u017cszaj\u0105 [&hellip;]","og_url":"https:\/\/www.welovecycling.com\/pl\/2019\/06\/26\/prawdziwe-zalety-rowerow-elektrycznych\/","og_site_name":"\u0160koda We Love Cycling - Poland","article_published_time":"2019-06-26T14:47:57+00:00","og_image":[{"width":1024,"height":450,"url":"https:\/\/d2p6e6u75xmxt8.cloudfront.net\/5\/2019\/06\/E-Bike-MTB-CVR-profimedia-0432417703-1024x450.jpg","type":"image\/jpeg"}],"author":"piotrboczkowski","twitter_card":"summary_large_image","twitter_misc":{"Written by":"Siegfried Mortkowitz","Est. reading time":"7"},"schema":{"@context":"https:\/\/schema.org","@graph":[{"@type":"WebPage","@id":"https:\/\/www.welovecycling.com\/pl\/2019\/06\/26\/prawdziwe-zalety-rowerow-elektrycznych\/","url":"https:\/\/www.welovecycling.com\/pl\/2019\/06\/26\/prawdziwe-zalety-rowerow-elektrycznych\/","name":"Prawdziwe zalety rower\u00f3w elektrycznych - \u0160koda We Love Cycling - Poland","isPartOf":{"@id":"https:\/\/www.welovecycling.com\/pl\/#website"},"primaryImageOfPage":{"@id":"https:\/\/www.welovecycling.com\/pl\/2019\/06\/26\/prawdziwe-zalety-rowerow-elektrycznych\/#primaryimage"},"image":{"@id":"https:\/\/www.welovecycling.com\/pl\/2019\/06\/26\/prawdziwe-zalety-rowerow-elektrycznych\/#primaryimage"},"thumbnailUrl":"https:\/\/d2p6e6u75xmxt8.cloudfront.net\/5\/2019\/06\/E-Bike-MTB-CVR-profimedia-0432417703-1024x450.jpg","datePublished":"2019-06-26T14:47:57+00:00","author":{"@id":"https:\/\/www.welovecycling.com\/pl\/#\/schema\/person\/0dba2d39da943db9df3fd8f4687e7f23"},"breadcrumb":{"@id":"https:\/\/www.welovecycling.com\/pl\/2019\/06\/26\/prawdziwe-zalety-rowerow-elektrycznych\/#breadcrumb"},"inLanguage":"pl-PL","potentialAction":[{"@type":"ReadAction","target":["https:\/\/www.welovecycling.com\/pl\/2019\/06\/26\/prawdziwe-zalety-rowerow-elektrycznych\/"]}]},{"@type":"ImageObject","inLanguage":"pl-PL","@id":"https:\/\/www.welovecycling.com\/pl\/2019\/06\/26\/prawdziwe-zalety-rowerow-elektrycznych\/#primaryimage","url":"https:\/\/d2p6e6u75xmxt8.cloudfront.net\/5\/2019\/06\/E-Bike-MTB-CVR-profimedia-0432417703-1024x450.jpg","contentUrl":"https:\/\/d2p6e6u75xmxt8.cloudfront.net\/5\/2019\/06\/E-Bike-MTB-CVR-profimedia-0432417703-1024x450.jpg","width":1024,"height":450},{"@type":"BreadcrumbList","@id":"https:\/\/www.welovecycling.com\/pl\/2019\/06\/26\/prawdziwe-zalety-rowerow-elektrycznych\/#breadcrumb","itemListElement":[{"@type":"ListItem","position":1,"name":"Home","item":"https:\/\/www.welovecycling.com\/pl\/"},{"@type":"ListItem","position":2,"name":"Prawdziwe zalety rower\u00f3w elektrycznych"}]},{"@type":"WebSite","@id":"https:\/\/www.welovecycling.com\/pl\/#website","url":"https:\/\/www.welovecycling.com\/pl\/","name":"\u0160koda We Love Cycling - Poland","description":"","potentialAction":[{"@type":"SearchAction","target":{"@type":"EntryPoint","urlTemplate":"https:\/\/www.welovecycling.com\/pl\/?s={search_term_string}"},"query-input":{"@type":"PropertyValueSpecification","valueRequired":true,"valueName":"search_term_string"}}],"inLanguage":"pl-PL"},{"@type":"Person","@id":"https:\/\/www.welovecycling.com\/pl\/#\/schema\/person\/0dba2d39da943db9df3fd8f4687e7f23","name":"piotrboczkowski","image":{"@type":"ImageObject","inLanguage":"pl-PL","@id":"https:\/\/www.welovecycling.com\/pl\/#\/schema\/person\/image\/","url":"https:\/\/secure.gravatar.com\/avatar\/533caccae14752e03a2ce2d3fd62d1b98b93e1393c3195c27819e53344ca1ace?s=96&d=mm&r=g","contentUrl":"https:\/\/secure.gravatar.com\/avatar\/533caccae14752e03a2ce2d3fd62d1b98b93e1393c3195c27819e53344ca1ace?s=96&d=mm&r=g","caption":"piotrboczkowski"},"url":"https:\/\/www.welovecycling.com\/pl\/author\/piotrboczkowski\/"}]}},"_links":{"self":[{"href":"https:\/\/www.welovecycling.com\/pl\/wp-json\/wp\/v2\/posts\/9183","targetHints":{"allow":["GET"]}}],"collection":[{"href":"https:\/\/www.welovecycling.com\/pl\/wp-json\/wp\/v2\/posts"}],"about":[{"href":"https:\/\/www.welovecycling.com\/pl\/wp-json\/wp\/v2\/types\/post"}],"author":[{"embeddable":true,"href":"https:\/\/www.welovecycling.com\/pl\/wp-json\/wp\/v2\/users\/76"}],"replies":[{"embeddable":true,"href":"https:\/\/www.welovecycling.com\/pl\/wp-json\/wp\/v2\/comments?post=9183"}],"version-history":[{"count":1,"href":"https:\/\/www.welovecycling.com\/pl\/wp-json\/wp\/v2\/posts\/9183\/revisions"}],"predecessor-version":[{"id":9186,"href":"https:\/\/www.welovecycling.com\/pl\/wp-json\/wp\/v2\/posts\/9183\/revisions\/9186"}],"wp:featuredmedia":[{"embeddable":true,"href":"https:\/\/www.welovecycling.com\/pl\/wp-json\/wp\/v2\/media\/9185"}],"wp:attachment":[{"href":"https:\/\/www.welovecycling.com\/pl\/wp-json\/wp\/v2\/media?parent=9183"}],"wp:term":[{"taxonomy":"category","embeddable":true,"href":"https:\/\/www.welovecycling.com\/pl\/wp-json\/wp\/v2\/categories?post=9183"},{"taxonomy":"post_tag","embeddable":true,"href":"https:\/\/www.welovecycling.com\/pl\/wp-json\/wp\/v2\/tags?post=9183"},{"taxonomy":"global-categories","embeddable":true,"href":"https:\/\/www.welovecycling.com\/pl\/wp-json\/wp\/v2\/global-categories?post=9183"}],"curies":[{"name":"wp","href":"https:\/\/api.w.org\/{rel}","templated":true}]}}