{"id":9143,"date":"2019-06-19T17:04:34","date_gmt":"2019-06-19T17:04:34","guid":{"rendered":"https:\/\/www.welovecycling.com\/pl\/?p=9143"},"modified":"2019-06-19T17:05:14","modified_gmt":"2019-06-19T17:05:14","slug":"pirat-w-peletonie-piekna-i-niezwykle-smutna-historia-wybitnego-kolarza","status":"publish","type":"post","link":"https:\/\/www.welovecycling.com\/pl\/2019\/06\/19\/pirat-w-peletonie-piekna-i-niezwykle-smutna-historia-wybitnego-kolarza\/","title":{"rendered":"\u201ePirat\u201d w peletonie! Pi\u0119kna i niezwykle smutna historia wybitnego kolarza"},"content":{"rendered":"<p>Je\u015bli na pogrzeb przychodzi 20 tys. ludzi, to znaczy, \u017ce odchodzi osoba niesamowita. Marco Pantani zmar\u0142 zdecydowanie za wcze\u015bnie, a mimo to zd\u0105\u017cy\u0142 dokona\u0107 niesamowitego wyczynu.<\/p>\n<p>Za trumn\u0105 szed\u0142 t\u0142um. Tak wielki, \u017ce w internecie trudno wyszuka\u0107 zdj\u0119cie, na kt\u00f3rym uda\u0142o uchwyci\u0107 si\u0119 wszystkich \u017ca\u0142obnik\u00f3w. Ludzie p\u0142akali, trzymali w r\u0119kach kartki z napisem: \u201e\u017begnaj, piracie\u201d. Niekt\u00f3rzy ubrani byli na \u017c\u00f3\u0142to, czyli identycznie jak Pantani na jedynym zdj\u0119ciu, kt\u00f3re po\u0142o\u017cone by\u0142o na trumnie. Do tego \u017c\u00f3\u0142te kwiaty i \u017c\u00f3\u0142te flagi. Nie mo\u017cna by\u0142 mie\u0107 w\u0105tpliwo\u015bci, \u017ce \u015bwiat w\u0142a\u015bnie \u017cegna wybitnego kolarza.<\/p>\n<p><span style=\"font-size: 18pt;\"><strong>Agresywny wizerunek<\/strong><\/span><\/p>\n<p>Pantani by\u0142 kolarskim skarbem W\u0142och\u00f3w. W 1998 r. sta\u0142 si\u0119 bohaterem narodowym, gdy przerwa\u0142 33-letni\u0105 kl\u0105tw\u0119 bez zwyci\u0119stwa ich rodaka w Wielkiej P\u0119tli. W tym czasie Francuzi wygran\u0105 \u015bwi\u0119towali 15 razy (!), zwyci\u0119\u017cy\u0107 uda\u0142o si\u0119 nawet Holendrowi i Irlandczykowi, a W\u0142osi ci\u0105gle pozostawali z pustymi r\u0119kami. A\u017c w ko\u0144cu w peletonie zjawi\u0142 si\u0119 \u201ePirat z Caseny\u201d.<\/p>\n<p>Powa\u017cniej kolarstwem zaj\u0105\u0142 si\u0119 w wieku 11 lat. Na pocz\u0105tku nic jednak nie zapowiada\u0142o, \u017ce w\u0142a\u015bnie rodzi si\u0119 talent, z kt\u00f3rym w g\u00f3rach b\u0119d\u0105 bali si\u0119 rywalizowa\u0107 najlepsi kolarze \u015bwiata. Z czasem jednak wypracowa\u0142 sw\u00f3j styl, oparty na piekielnie ci\u0119\u017ckiej pracy na podjazdach i bardzo ryzykownych zjazdach.<\/p>\n<p>Niekt\u00f3rzy m\u00f3wili, \u017ce igra z losem i ta\u0144czy na kraw\u0119dzi. Pantani jednak si\u0119 tym nie przejmowa\u0142. Wi\u0119cej &#8211; do wizerunku agresywnie je\u017cd\u017c\u0105cego kolarza do\u0142o\u017cy\u0142 jeszcze kolczyk w uchu, a na g\u0142owie zawi\u0105za\u0142 bandan\u0119. To nie mog\u0142o si\u0119 sko\u0144czy\u0107 inaczej \u2013 szybko otrzyma\u0142 pseudonim \u201ePirat\u201d, cho\u0107 r\u00f3wnie dobrze m\u00f3g\u0142by by\u0107 \u201eRekinem\u201d, \u201ePirani\u0105\u201d, czy innym drapie\u017cnikiem.<\/p>\n<figure id=\"attachment_9145\" aria-describedby=\"caption-attachment-9145\" style=\"width: 517px\" class=\"wp-caption aligncenter\"><img loading=\"lazy\" decoding=\"async\" class=\"size-full wp-image-9145\" src=\"https:\/\/d2p6e6u75xmxt8.cloudfront.net\/5\/2019\/06\/Pantani_briancon_2000_2.jpg\" alt=\"\" width=\"517\" height=\"388\" srcset=\"https:\/\/d2p6e6u75xmxt8.cloudfront.net\/5\/2019\/06\/Pantani_briancon_2000_2.jpg 517w, https:\/\/d2p6e6u75xmxt8.cloudfront.net\/5\/2019\/06\/Pantani_briancon_2000_2-300x225.jpg 300w\" sizes=\"auto, (max-width: 517px) 100vw, 517px\" \/><figcaption id=\"caption-attachment-9145\" class=\"wp-caption-text\">(https:\/\/pl.wikipedia.org\/wiki\/Marco_Pantani#\/media\/Plik:Pantani_briancon_2000_2.jpg)<\/figcaption><\/figure>\n<p><span style=\"font-size: 18pt;\"><strong>Krok w stron\u0119 ekstazy<\/strong><\/span><\/p>\n<p>Agresywny styl \u017ale si\u0119 sko\u0144czy\u0142 w 1995 r., gdy podczas upadku nabawi\u0142 si\u0119 powa\u017cnej kontuzji. A jakby tego by\u0142o ma\u0142o, to kilka miesi\u0119cy p\u00f3\u017aniej dozna\u0142 skomplikowanego z\u0142amania nogi, gdy podczas wy\u015bcigu wjecha\u0142 w niego nieprzepisowo poruszaj\u0105cy si\u0119 samoch\u00f3d.<\/p>\n<p>W\u0142och szybko jednak postawi\u0142 si\u0119 na nogi, cho\u0107 wielu zastanawia\u0142o si\u0119, czy jeszcze kiedy\u015b odbuduje form\u0119 i czy \u2013 przede wszystkim \u2013 nie zatraci swojego agresywnego stylu jazdy. Jasna i precyzyjna odpowied\u017a przysz\u0142a niespe\u0142na trzy lata p\u00f3\u017aniej.<\/p>\n<p>T\u0142umy W\u0142och\u00f3w szala\u0142y, gdy \u201ePirat\u201d toczy\u0142 pasjonuj\u0105c\u0105 walk\u0119 o zwyci\u0119stwo w Giro d\u2019Italia z Paw\u0142em Tonkowem. Popis da\u0142 na ostatnim g\u00f3rskim etapie, nadspodziewanie dobrze spisa\u0142 si\u0119 te\u017c podczas czas\u00f3wki i wygra\u0142 ca\u0142y wy\u015bcig.<\/p>\n<p>Tym samym da\u0142 W\u0142ochom wiele rado\u015bci, jednak do sportowej ekstazy by\u0142o jeszcze daleko. W ko\u0144cu rodacy Panataniego Giro wygrywali w\u00f3wczas seryjnie, wi\u0119c poniek\u0105d spe\u0142ni\u0142 on oczekiwania narodu. Sza\u0142 nadszed\u0142 kilka miesi\u0119cy p\u00f3\u017aniej.<\/p>\n<figure id=\"attachment_9146\" aria-describedby=\"caption-attachment-9146\" style=\"width: 800px\" class=\"wp-caption aligncenter\"><img loading=\"lazy\" decoding=\"async\" class=\"size-full wp-image-9146\" src=\"https:\/\/d2p6e6u75xmxt8.cloudfront.net\/5\/2019\/06\/800px-Marco_Pantani.jpg\" alt=\"\" width=\"800\" height=\"1107\" srcset=\"https:\/\/d2p6e6u75xmxt8.cloudfront.net\/5\/2019\/06\/800px-Marco_Pantani.jpg 800w, https:\/\/d2p6e6u75xmxt8.cloudfront.net\/5\/2019\/06\/800px-Marco_Pantani-217x300.jpg 217w, https:\/\/d2p6e6u75xmxt8.cloudfront.net\/5\/2019\/06\/800px-Marco_Pantani-768x1063.jpg 768w, https:\/\/d2p6e6u75xmxt8.cloudfront.net\/5\/2019\/06\/800px-Marco_Pantani-740x1024.jpg 740w\" sizes=\"auto, (max-width: 800px) 100vw, 800px\" \/><figcaption id=\"caption-attachment-9146\" class=\"wp-caption-text\">(https:\/\/pl.wikipedia.org\/wiki\/Marco_Pantani#\/media\/Plik:Marco_Pantani.jpg)<\/figcaption><\/figure>\n<p><span style=\"font-size: 18pt;\"><strong>Osi\u0105gni\u0119cie nie do wyr\u00f3wnania<\/strong><\/span><\/p>\n<p>Na pocz\u0105tku Tour de France niewiele wskazywa\u0142o, \u017ce Pantani mo\u017ce zdominowa\u0107 Wielk\u0105 P\u0119tl\u0119. Jecha\u0142 w ogonie do czasu, a\u017c nie zacz\u0119\u0142y si\u0119 g\u00f3ry. Gdy inni z nimi walczyli, W\u0142och po prostu zalicza\u0142 kolejne szczyty. W Pirenejach zacz\u0105\u0142 depta\u0107 czo\u0142\u00f3wce po pi\u0119tach, a w Alpach pokaza\u0142 wszystkim plecy. Jan Ullrich pr\u00f3bowa\u0142 jeszcze dopa\u015b\u0107 go na czas\u00f3wce, ale g\u00f3rska przewaga \u201ePirata\u201d by\u0142a zbyt du\u017ca.<\/p>\n<p>W\u0142osi oszaleli jak po wypiciu wiadra espresso i beczki wina. Nie do\u015b\u0107, \u017ce ich rodak triumfowa\u0142 w najwi\u0119kszym wy\u015bcigu \u015bwiata po raz pierwszy od 33 lat, to jeszcze dokona\u0142 rzeczy absolutnieniezywk\u0142ej \u2013 w jednym sezonie wygra\u0142 dwa najwi\u0119ksze wy\u015bcigi. O tym jak wielkie to osi\u0105gni\u0119cie niech \u015bwiadczy fakt, \u017ce od tamtej pory nie uda\u0142o si\u0119 to nikomu!<\/p>\n<p>Niestety, historia Pantaniego mia\u0142a przykry, a wr\u0119cz tragiczny koniec. Rok p\u00f3\u017aniej jecha\u0142 po potr\u00f3jn\u0105 koron\u0119 Giro: wygran\u0105 w klasyfikacji generalnej, g\u00f3rskiej i punktowej. Dwa dni przed ko\u0144cem wy\u015bcigu kolarze z czo\u0142\u00f3wki zostali przebadani na poziom hemetokrytu. Dozwolony poziom wynosi\u0142 50 proc, Pantani mia\u0142 o 2 proc. wi\u0119cej. To oznacza\u0142o, \u017ce jego licencja zosta\u0142a zawieszona na dwa tygodnie, a w efekcie \u2013 wykluczony zosta\u0142 z Giro.<\/p>\n<figure id=\"attachment_9147\" aria-describedby=\"caption-attachment-9147\" style=\"width: 800px\" class=\"wp-caption aligncenter\"><img loading=\"lazy\" decoding=\"async\" class=\"size-full wp-image-9147\" src=\"https:\/\/d2p6e6u75xmxt8.cloudfront.net\/5\/2019\/06\/Monumento_Pantani_Cesenatico.jpg\" alt=\"\" width=\"800\" height=\"600\" srcset=\"https:\/\/d2p6e6u75xmxt8.cloudfront.net\/5\/2019\/06\/Monumento_Pantani_Cesenatico.jpg 800w, https:\/\/d2p6e6u75xmxt8.cloudfront.net\/5\/2019\/06\/Monumento_Pantani_Cesenatico-300x225.jpg 300w, https:\/\/d2p6e6u75xmxt8.cloudfront.net\/5\/2019\/06\/Monumento_Pantani_Cesenatico-768x576.jpg 768w\" sizes=\"auto, (max-width: 800px) 100vw, 800px\" \/><figcaption id=\"caption-attachment-9147\" class=\"wp-caption-text\">(https:\/\/pl.wikipedia.org\/wiki\/Marco_Pantani#\/media\/Plik:Monumento_Pantani_Cesenatico.jpg)<\/figcaption><\/figure>\n<p><span style=\"font-size: 18pt;\"><strong>Droga w jedn\u0105 stron\u0119<\/strong><\/span><\/p>\n<p>Tego ciosu Pantani nie wytrzyma\u0142. Uciek\u0142 od ludzi, zaszy\u0142 si\u0119 w swojej posiad\u0142o\u015bci i o \u015bciganiu nie chcia\u0142 nawet s\u0142ysze\u0107. Pr\u00f3bowa\u0142 wraca\u0107, ale by\u0142 ju\u017c cieniem samego siebie. Pocieszenia szuka\u0142 w narkotykach i lekach antydepresyjnych, co okaza\u0142o si\u0119 drog\u0105 w jedn\u0105 stron\u0119. W 2004 r. znaleziono go martwego w hotelowym pokoju, prze\u017cy\u0142 zaledwie 34 lata.<\/p>\n<p>Kilka dni p\u00f3\u017aniej \u017cegna\u0142y go osobisto\u015bci sportu, polityki, showbiznesu oraz tysi\u0105ce kibic\u00f3w, kt\u00f3rzy w Pantanim ci\u0105gle widzieli wybitnego sportowca, a nie rozbitego psychicznie cz\u0142owieka.<\/p>\n<style type=\"text\/css\"><!--td {border: 1px solid #ccc;}br {mso-data-placement:same-cell;}--><\/style>\n<p><span data-sheets-value=\"{&quot;1&quot;:2,&quot;2&quot;:&quot;Artyku\u0142 powsta\u0142 we wsp\u00f3\u0142pracy ze skoda-auto.pl&quot;}\" data-sheets-userformat=\"{&quot;2&quot;:1,&quot;3&quot;:{&quot;1&quot;:0}}\"><a class=\"in-cell-link\" href=\"http:\/\/www.skoda-auto.pl\/\" target=\"_blank\" rel=\"noopener\">Artyku\u0142 powsta\u0142 we wsp\u00f3\u0142pracy ze skoda-auto.pl<\/a><\/span><\/p>\n","protected":false},"excerpt":{"rendered":"<p>Je\u015bli na pogrzeb przychodzi 20 tys. ludzi, to znaczy, \u017ce odchodzi osoba niesamowita. Marco Pantani zmar\u0142 zdecydowanie za wcze\u015bnie, a [&hellip;]<\/p>\n","protected":false},"author":76,"featured_media":9144,"comment_status":"open","ping_status":"open","sticky":false,"template":"","format":"standard","meta":{"footnotes":""},"categories":[226],"tags":[],"global-categories":[],"class_list":["post-9143","post","type-post","status-publish","format-standard","has-post-thumbnail","hentry","category-ciekawostki"],"yoast_head":"<!-- This site is optimized with the Yoast SEO Premium plugin v25.3 (Yoast SEO v25.9) - https:\/\/yoast.com\/wordpress\/plugins\/seo\/ -->\n<title>\u201ePirat\u201d w peletonie! Pi\u0119kna i niezwykle smutna historia wybitnego kolarza - \u0160koda We Love Cycling - Poland<\/title>\n<meta name=\"robots\" content=\"index, follow, max-snippet:-1, max-image-preview:large, max-video-preview:-1\" \/>\n<link rel=\"canonical\" href=\"https:\/\/www.welovecycling.com\/pl\/2019\/06\/19\/pirat-w-peletonie-piekna-i-niezwykle-smutna-historia-wybitnego-kolarza\/\" \/>\n<meta property=\"og:locale\" content=\"pl_PL\" \/>\n<meta property=\"og:type\" content=\"article\" \/>\n<meta property=\"og:title\" content=\"\u201ePirat\u201d w peletonie! Pi\u0119kna i niezwykle smutna historia wybitnego kolarza\" \/>\n<meta property=\"og:description\" content=\"Je\u015bli na pogrzeb przychodzi 20 tys. ludzi, to znaczy, \u017ce odchodzi osoba niesamowita. Marco Pantani zmar\u0142 zdecydowanie za wcze\u015bnie, a [&hellip;]\" \/>\n<meta property=\"og:url\" content=\"https:\/\/www.welovecycling.com\/pl\/2019\/06\/19\/pirat-w-peletonie-piekna-i-niezwykle-smutna-historia-wybitnego-kolarza\/\" \/>\n<meta property=\"og:site_name\" content=\"\u0160koda We Love Cycling - Poland\" \/>\n<meta property=\"article:published_time\" content=\"2019-06-19T17:04:34+00:00\" \/>\n<meta property=\"article:modified_time\" content=\"2019-06-19T17:05:14+00:00\" \/>\n<meta property=\"og:image\" content=\"https:\/\/d2p6e6u75xmxt8.cloudfront.net\/5\/2019\/06\/Marco_Pantani_1997.jpg\" \/>\n\t<meta property=\"og:image:width\" content=\"800\" \/>\n\t<meta property=\"og:image:height\" content=\"601\" \/>\n\t<meta property=\"og:image:type\" content=\"image\/jpeg\" \/>\n<meta name=\"author\" content=\"piotrboczkowski\" \/>\n<meta name=\"twitter:card\" content=\"summary_large_image\" \/>\n<meta name=\"twitter:label1\" content=\"Written by\" \/>\n\t<meta name=\"twitter:data1\" content=\"Piotr Nowik\" \/>\n\t<meta name=\"twitter:label2\" content=\"Est. reading time\" \/>\n\t<meta name=\"twitter:data2\" content=\"4\" \/>\n<script type=\"application\/ld+json\" class=\"yoast-schema-graph\">{\"@context\":\"https:\/\/schema.org\",\"@graph\":[{\"@type\":\"WebPage\",\"@id\":\"https:\/\/www.welovecycling.com\/pl\/2019\/06\/19\/pirat-w-peletonie-piekna-i-niezwykle-smutna-historia-wybitnego-kolarza\/\",\"url\":\"https:\/\/www.welovecycling.com\/pl\/2019\/06\/19\/pirat-w-peletonie-piekna-i-niezwykle-smutna-historia-wybitnego-kolarza\/\",\"name\":\"\u201ePirat\u201d w peletonie! Pi\u0119kna i niezwykle smutna historia wybitnego kolarza - \u0160koda We Love Cycling - Poland\",\"isPartOf\":{\"@id\":\"https:\/\/www.welovecycling.com\/pl\/#website\"},\"primaryImageOfPage\":{\"@id\":\"https:\/\/www.welovecycling.com\/pl\/2019\/06\/19\/pirat-w-peletonie-piekna-i-niezwykle-smutna-historia-wybitnego-kolarza\/#primaryimage\"},\"image\":{\"@id\":\"https:\/\/www.welovecycling.com\/pl\/2019\/06\/19\/pirat-w-peletonie-piekna-i-niezwykle-smutna-historia-wybitnego-kolarza\/#primaryimage\"},\"thumbnailUrl\":\"https:\/\/d2p6e6u75xmxt8.cloudfront.net\/5\/2019\/06\/Marco_Pantani_1997.jpg\",\"datePublished\":\"2019-06-19T17:04:34+00:00\",\"dateModified\":\"2019-06-19T17:05:14+00:00\",\"author\":{\"@id\":\"https:\/\/www.welovecycling.com\/pl\/#\/schema\/person\/0dba2d39da943db9df3fd8f4687e7f23\"},\"breadcrumb\":{\"@id\":\"https:\/\/www.welovecycling.com\/pl\/2019\/06\/19\/pirat-w-peletonie-piekna-i-niezwykle-smutna-historia-wybitnego-kolarza\/#breadcrumb\"},\"inLanguage\":\"pl-PL\",\"potentialAction\":[{\"@type\":\"ReadAction\",\"target\":[\"https:\/\/www.welovecycling.com\/pl\/2019\/06\/19\/pirat-w-peletonie-piekna-i-niezwykle-smutna-historia-wybitnego-kolarza\/\"]}]},{\"@type\":\"ImageObject\",\"inLanguage\":\"pl-PL\",\"@id\":\"https:\/\/www.welovecycling.com\/pl\/2019\/06\/19\/pirat-w-peletonie-piekna-i-niezwykle-smutna-historia-wybitnego-kolarza\/#primaryimage\",\"url\":\"https:\/\/d2p6e6u75xmxt8.cloudfront.net\/5\/2019\/06\/Marco_Pantani_1997.jpg\",\"contentUrl\":\"https:\/\/d2p6e6u75xmxt8.cloudfront.net\/5\/2019\/06\/Marco_Pantani_1997.jpg\",\"width\":800,\"height\":601,\"caption\":\"(https:\/\/pl.wikipedia.org\/wiki\/Marco_Pantani#\/media\/Plik:Marco_Pantani,_1997.jpg)\"},{\"@type\":\"BreadcrumbList\",\"@id\":\"https:\/\/www.welovecycling.com\/pl\/2019\/06\/19\/pirat-w-peletonie-piekna-i-niezwykle-smutna-historia-wybitnego-kolarza\/#breadcrumb\",\"itemListElement\":[{\"@type\":\"ListItem\",\"position\":1,\"name\":\"Home\",\"item\":\"https:\/\/www.welovecycling.com\/pl\/\"},{\"@type\":\"ListItem\",\"position\":2,\"name\":\"\u201ePirat\u201d w peletonie! Pi\u0119kna i niezwykle smutna historia wybitnego kolarza\"}]},{\"@type\":\"WebSite\",\"@id\":\"https:\/\/www.welovecycling.com\/pl\/#website\",\"url\":\"https:\/\/www.welovecycling.com\/pl\/\",\"name\":\"\u0160koda We Love Cycling - Poland\",\"description\":\"\",\"potentialAction\":[{\"@type\":\"SearchAction\",\"target\":{\"@type\":\"EntryPoint\",\"urlTemplate\":\"https:\/\/www.welovecycling.com\/pl\/?s={search_term_string}\"},\"query-input\":{\"@type\":\"PropertyValueSpecification\",\"valueRequired\":true,\"valueName\":\"search_term_string\"}}],\"inLanguage\":\"pl-PL\"},{\"@type\":\"Person\",\"@id\":\"https:\/\/www.welovecycling.com\/pl\/#\/schema\/person\/0dba2d39da943db9df3fd8f4687e7f23\",\"name\":\"piotrboczkowski\",\"image\":{\"@type\":\"ImageObject\",\"inLanguage\":\"pl-PL\",\"@id\":\"https:\/\/www.welovecycling.com\/pl\/#\/schema\/person\/image\/\",\"url\":\"https:\/\/secure.gravatar.com\/avatar\/533caccae14752e03a2ce2d3fd62d1b98b93e1393c3195c27819e53344ca1ace?s=96&d=mm&r=g\",\"contentUrl\":\"https:\/\/secure.gravatar.com\/avatar\/533caccae14752e03a2ce2d3fd62d1b98b93e1393c3195c27819e53344ca1ace?s=96&d=mm&r=g\",\"caption\":\"piotrboczkowski\"},\"url\":\"https:\/\/www.welovecycling.com\/pl\/author\/piotrboczkowski\/\"}]}<\/script>\n<!-- \/ Yoast SEO Premium plugin. -->","yoast_head_json":{"title":"\u201ePirat\u201d w peletonie! Pi\u0119kna i niezwykle smutna historia wybitnego kolarza - \u0160koda We Love Cycling - Poland","robots":{"index":"index","follow":"follow","max-snippet":"max-snippet:-1","max-image-preview":"max-image-preview:large","max-video-preview":"max-video-preview:-1"},"canonical":"https:\/\/www.welovecycling.com\/pl\/2019\/06\/19\/pirat-w-peletonie-piekna-i-niezwykle-smutna-historia-wybitnego-kolarza\/","og_locale":"pl_PL","og_type":"article","og_title":"\u201ePirat\u201d w peletonie! Pi\u0119kna i niezwykle smutna historia wybitnego kolarza","og_description":"Je\u015bli na pogrzeb przychodzi 20 tys. ludzi, to znaczy, \u017ce odchodzi osoba niesamowita. Marco Pantani zmar\u0142 zdecydowanie za wcze\u015bnie, a [&hellip;]","og_url":"https:\/\/www.welovecycling.com\/pl\/2019\/06\/19\/pirat-w-peletonie-piekna-i-niezwykle-smutna-historia-wybitnego-kolarza\/","og_site_name":"\u0160koda We Love Cycling - Poland","article_published_time":"2019-06-19T17:04:34+00:00","article_modified_time":"2019-06-19T17:05:14+00:00","og_image":[{"width":800,"height":601,"url":"https:\/\/d2p6e6u75xmxt8.cloudfront.net\/5\/2019\/06\/Marco_Pantani_1997.jpg","type":"image\/jpeg"}],"author":"piotrboczkowski","twitter_card":"summary_large_image","twitter_misc":{"Written by":"Piotr Nowik","Est. reading time":"4"},"schema":{"@context":"https:\/\/schema.org","@graph":[{"@type":"WebPage","@id":"https:\/\/www.welovecycling.com\/pl\/2019\/06\/19\/pirat-w-peletonie-piekna-i-niezwykle-smutna-historia-wybitnego-kolarza\/","url":"https:\/\/www.welovecycling.com\/pl\/2019\/06\/19\/pirat-w-peletonie-piekna-i-niezwykle-smutna-historia-wybitnego-kolarza\/","name":"\u201ePirat\u201d w peletonie! Pi\u0119kna i niezwykle smutna historia wybitnego kolarza - \u0160koda We Love Cycling - Poland","isPartOf":{"@id":"https:\/\/www.welovecycling.com\/pl\/#website"},"primaryImageOfPage":{"@id":"https:\/\/www.welovecycling.com\/pl\/2019\/06\/19\/pirat-w-peletonie-piekna-i-niezwykle-smutna-historia-wybitnego-kolarza\/#primaryimage"},"image":{"@id":"https:\/\/www.welovecycling.com\/pl\/2019\/06\/19\/pirat-w-peletonie-piekna-i-niezwykle-smutna-historia-wybitnego-kolarza\/#primaryimage"},"thumbnailUrl":"https:\/\/d2p6e6u75xmxt8.cloudfront.net\/5\/2019\/06\/Marco_Pantani_1997.jpg","datePublished":"2019-06-19T17:04:34+00:00","dateModified":"2019-06-19T17:05:14+00:00","author":{"@id":"https:\/\/www.welovecycling.com\/pl\/#\/schema\/person\/0dba2d39da943db9df3fd8f4687e7f23"},"breadcrumb":{"@id":"https:\/\/www.welovecycling.com\/pl\/2019\/06\/19\/pirat-w-peletonie-piekna-i-niezwykle-smutna-historia-wybitnego-kolarza\/#breadcrumb"},"inLanguage":"pl-PL","potentialAction":[{"@type":"ReadAction","target":["https:\/\/www.welovecycling.com\/pl\/2019\/06\/19\/pirat-w-peletonie-piekna-i-niezwykle-smutna-historia-wybitnego-kolarza\/"]}]},{"@type":"ImageObject","inLanguage":"pl-PL","@id":"https:\/\/www.welovecycling.com\/pl\/2019\/06\/19\/pirat-w-peletonie-piekna-i-niezwykle-smutna-historia-wybitnego-kolarza\/#primaryimage","url":"https:\/\/d2p6e6u75xmxt8.cloudfront.net\/5\/2019\/06\/Marco_Pantani_1997.jpg","contentUrl":"https:\/\/d2p6e6u75xmxt8.cloudfront.net\/5\/2019\/06\/Marco_Pantani_1997.jpg","width":800,"height":601,"caption":"(https:\/\/pl.wikipedia.org\/wiki\/Marco_Pantani#\/media\/Plik:Marco_Pantani,_1997.jpg)"},{"@type":"BreadcrumbList","@id":"https:\/\/www.welovecycling.com\/pl\/2019\/06\/19\/pirat-w-peletonie-piekna-i-niezwykle-smutna-historia-wybitnego-kolarza\/#breadcrumb","itemListElement":[{"@type":"ListItem","position":1,"name":"Home","item":"https:\/\/www.welovecycling.com\/pl\/"},{"@type":"ListItem","position":2,"name":"\u201ePirat\u201d w peletonie! Pi\u0119kna i niezwykle smutna historia wybitnego kolarza"}]},{"@type":"WebSite","@id":"https:\/\/www.welovecycling.com\/pl\/#website","url":"https:\/\/www.welovecycling.com\/pl\/","name":"\u0160koda We Love Cycling - Poland","description":"","potentialAction":[{"@type":"SearchAction","target":{"@type":"EntryPoint","urlTemplate":"https:\/\/www.welovecycling.com\/pl\/?s={search_term_string}"},"query-input":{"@type":"PropertyValueSpecification","valueRequired":true,"valueName":"search_term_string"}}],"inLanguage":"pl-PL"},{"@type":"Person","@id":"https:\/\/www.welovecycling.com\/pl\/#\/schema\/person\/0dba2d39da943db9df3fd8f4687e7f23","name":"piotrboczkowski","image":{"@type":"ImageObject","inLanguage":"pl-PL","@id":"https:\/\/www.welovecycling.com\/pl\/#\/schema\/person\/image\/","url":"https:\/\/secure.gravatar.com\/avatar\/533caccae14752e03a2ce2d3fd62d1b98b93e1393c3195c27819e53344ca1ace?s=96&d=mm&r=g","contentUrl":"https:\/\/secure.gravatar.com\/avatar\/533caccae14752e03a2ce2d3fd62d1b98b93e1393c3195c27819e53344ca1ace?s=96&d=mm&r=g","caption":"piotrboczkowski"},"url":"https:\/\/www.welovecycling.com\/pl\/author\/piotrboczkowski\/"}]}},"_links":{"self":[{"href":"https:\/\/www.welovecycling.com\/pl\/wp-json\/wp\/v2\/posts\/9143","targetHints":{"allow":["GET"]}}],"collection":[{"href":"https:\/\/www.welovecycling.com\/pl\/wp-json\/wp\/v2\/posts"}],"about":[{"href":"https:\/\/www.welovecycling.com\/pl\/wp-json\/wp\/v2\/types\/post"}],"author":[{"embeddable":true,"href":"https:\/\/www.welovecycling.com\/pl\/wp-json\/wp\/v2\/users\/76"}],"replies":[{"embeddable":true,"href":"https:\/\/www.welovecycling.com\/pl\/wp-json\/wp\/v2\/comments?post=9143"}],"version-history":[{"count":2,"href":"https:\/\/www.welovecycling.com\/pl\/wp-json\/wp\/v2\/posts\/9143\/revisions"}],"predecessor-version":[{"id":9149,"href":"https:\/\/www.welovecycling.com\/pl\/wp-json\/wp\/v2\/posts\/9143\/revisions\/9149"}],"wp:featuredmedia":[{"embeddable":true,"href":"https:\/\/www.welovecycling.com\/pl\/wp-json\/wp\/v2\/media\/9144"}],"wp:attachment":[{"href":"https:\/\/www.welovecycling.com\/pl\/wp-json\/wp\/v2\/media?parent=9143"}],"wp:term":[{"taxonomy":"category","embeddable":true,"href":"https:\/\/www.welovecycling.com\/pl\/wp-json\/wp\/v2\/categories?post=9143"},{"taxonomy":"post_tag","embeddable":true,"href":"https:\/\/www.welovecycling.com\/pl\/wp-json\/wp\/v2\/tags?post=9143"},{"taxonomy":"global-categories","embeddable":true,"href":"https:\/\/www.welovecycling.com\/pl\/wp-json\/wp\/v2\/global-categories?post=9143"}],"curies":[{"name":"wp","href":"https:\/\/api.w.org\/{rel}","templated":true}]}}