{"id":914,"date":"2016-04-15T09:34:42","date_gmt":"2016-04-15T09:34:42","guid":{"rendered":"http:\/\/skoda-rowery.pl\/?p=914"},"modified":"2016-12-05T09:53:43","modified_gmt":"2016-12-05T09:53:43","slug":"wielka-podroz-na-rowerach-recznych-przez-maroko","status":"publish","type":"post","link":"https:\/\/www.welovecycling.com\/pl\/2016\/04\/15\/wielka-podroz-na-rowerach-recznych-przez-maroko\/","title":{"rendered":"Wielka Podr\u00f3\u017c na rowerach r\u0119cznych przez Maroko"},"content":{"rendered":"<p style=\"text-align: justify\">Jirka \u010celoud by\u0142 bardzo aktywnym trzynastolatkiem. Nieszcz\u0119\u015bliwy wypadek podczas szkolnej wycieczki sprawi\u0142, \u017ce teraz musi je\u017adzi\u0107 na w\u00f3zku inwalidzkim. Niepe\u0142nosprawno\u015b\u0107 nie przeszkadza mu jednak w spe\u0142nianiu marze\u0144.<!--more--><\/p>\n<p style=\"text-align: justify\"><img loading=\"lazy\" decoding=\"async\" class=\"alignnone size-full wp-image-915\" src=\"http:\/\/skoda-rowery.pl\/wp-content\/uploads\/2016\/04\/2-1.jpg\" alt=\"2\" width=\"960\" height=\"540\" srcset=\"https:\/\/d2p6e6u75xmxt8.cloudfront.net\/5\/2016\/04\/2-1.jpg 960w, https:\/\/d2p6e6u75xmxt8.cloudfront.net\/5\/2016\/04\/2-1-300x169.jpg 300w, https:\/\/d2p6e6u75xmxt8.cloudfront.net\/5\/2016\/04\/2-1-768x432.jpg 768w\" sizes=\"auto, (max-width: 960px) 100vw, 960px\" \/><\/p>\n<p style=\"text-align: justify\">Ju\u017c rok po nieszcz\u0119\u015bliwym wypadku Jirka zacz\u0105\u0142 planowa\u0107 swoj\u0105 wielk\u0105 wypraw\u0119, ale dopiero po pi\u0119ciu latach intensywnych trening\u00f3w by\u0142 got\u00f3w, by powiedzie\u0107 o swych planach przyjacio\u0142om.<\/p>\n<p style=\"text-align: justify\"><em>Wyobra\u017ca\u0142em sobie, \u017ce jazda na rowerze r\u0119cznym to bardzo prosta sprawa, ale kiedy pierwszy raz wybra\u0142em si\u0119 na pi\u0119cio-kilometrow\u0105 wycieczk\u0119 by\u0142em tak wyko\u0144czony, \u017ce od razu poszed\u0142em spa\u0107<\/em>, m\u00f3wi w wywiadzie Jirka.<\/p>\n<p style=\"text-align: justify\"><img loading=\"lazy\" decoding=\"async\" class=\"alignnone size-full wp-image-916\" src=\"http:\/\/skoda-rowery.pl\/wp-content\/uploads\/2016\/04\/3.jpg\" alt=\"3\" width=\"960\" height=\"720\" srcset=\"https:\/\/d2p6e6u75xmxt8.cloudfront.net\/5\/2016\/04\/3.jpg 960w, https:\/\/d2p6e6u75xmxt8.cloudfront.net\/5\/2016\/04\/3-300x225.jpg 300w, https:\/\/d2p6e6u75xmxt8.cloudfront.net\/5\/2016\/04\/3-768x576.jpg 768w\" sizes=\"auto, (max-width: 960px) 100vw, 960px\" \/><\/p>\n<p style=\"text-align: justify\">Jirka nie dawa\u0142 za wygran\u0105 i trenowa\u0142 dzielnie przez nast\u0119pne 5-6 lat, a\u017c w ko\u0144cu udawa\u0142o mu si\u0119 pokonywa\u0107 50 km dziennie. Powiedzia\u0142 swoim przyjacio\u0142om o pomy\u015ble na wypraw\u0119 rowerow\u0105 i bez problemu znalaz\u0142 w\u015br\u00f3d nich ch\u0119tnych do przemierzenia Islandii i Izraela.<\/p>\n<p style=\"text-align: justify\">W zesz\u0142ym roku Jirka i jego przyjaciele postanowili pojecha\u0107 do Maroka. W trakcie 1100 \u2013 kilometrowej wyprawy przemierzyli pustyni\u0119, prze\u017cyli burze piaskowe oraz mrozy i \u015bniegi w g\u00f3rach Atlas.<\/p>\n<p style=\"text-align: justify\"><img loading=\"lazy\" decoding=\"async\" class=\"alignnone size-full wp-image-917\" src=\"http:\/\/skoda-rowery.pl\/wp-content\/uploads\/2016\/04\/4.jpg\" alt=\"4\" width=\"960\" height=\"719\" srcset=\"https:\/\/d2p6e6u75xmxt8.cloudfront.net\/5\/2016\/04\/4.jpg 960w, https:\/\/d2p6e6u75xmxt8.cloudfront.net\/5\/2016\/04\/4-300x225.jpg 300w, https:\/\/d2p6e6u75xmxt8.cloudfront.net\/5\/2016\/04\/4-768x575.jpg 768w\" sizes=\"auto, (max-width: 960px) 100vw, 960px\" \/><\/p>\n<p style=\"text-align: justify\"><em>\u015anieg i mr\u00f3z to by\u0142y najgorsze rzeczy. Byli\u015bmy przemarzni\u0119ci i kiepsko wp\u0142ywa\u0142o to na nasz stan psychiczny<\/em>, przyznaje jeden z kompan\u00f3w Jirka, Martin Mat\u011bj. Warto podkre\u015bli\u0107, \u017ce wszyscy trzej uczestnicy wyprawy uko\u0144czyli j\u0105 bez \u017cadnej pomocy z zewn\u0105trz.<\/p>\n<p style=\"text-align: justify\">Rowerzy\u015bci nakr\u0119cili nawet film dokumentalny o swojej wyprawie, kt\u00f3ry zostanie opublikowany w najbli\u017cszych miesi\u0105cach. Jirka wierzy, \u017ce dokument da nadziej\u0119 na spe\u0142nianie swoich marze\u0144 innym ludziom z niepe\u0142nosprawno\u015bciami. Motton Jirki to \u201echcie\u0107 to m\u00f3c\u201d.<\/p>\n<p style=\"text-align: justify\"><img loading=\"lazy\" decoding=\"async\" class=\"alignnone size-full wp-image-918\" src=\"http:\/\/skoda-rowery.pl\/wp-content\/uploads\/2016\/04\/5.jpg\" alt=\"5\" width=\"960\" height=\"720\" srcset=\"https:\/\/d2p6e6u75xmxt8.cloudfront.net\/5\/2016\/04\/5.jpg 960w, https:\/\/d2p6e6u75xmxt8.cloudfront.net\/5\/2016\/04\/5-300x225.jpg 300w, https:\/\/d2p6e6u75xmxt8.cloudfront.net\/5\/2016\/04\/5-768x576.jpg 768w\" sizes=\"auto, (max-width: 960px) 100vw, 960px\" \/><\/p>\n<p style=\"text-align: justify\">Je\u015bli, my\u015blicie, \u017ce Jirka poprzesta\u0142 na swojej wyprawie do Maroka, to jeste\u015bcie w b\u0142\u0119dzie.<\/p>\n<p style=\"text-align: justify\"><em>W kwietniu planujemy wycieczk\u0119 do Iranu<\/em>, m\u00f3wi dla WeLoveCycling Jirka.<\/p>\n<p style=\"text-align: justify\"><img loading=\"lazy\" decoding=\"async\" class=\"alignnone wp-image-919\" src=\"http:\/\/skoda-rowery.pl\/wp-content\/uploads\/2016\/04\/6-1024x576.png\" alt=\"6\" width=\"962\" height=\"541\" srcset=\"https:\/\/d2p6e6u75xmxt8.cloudfront.net\/5\/2016\/04\/6-1024x576.png 1024w, https:\/\/d2p6e6u75xmxt8.cloudfront.net\/5\/2016\/04\/6-300x169.png 300w, https:\/\/d2p6e6u75xmxt8.cloudfront.net\/5\/2016\/04\/6-768x432.png 768w, https:\/\/d2p6e6u75xmxt8.cloudfront.net\/5\/2016\/04\/6.png 1920w\" sizes=\"auto, (max-width: 962px) 100vw, 962px\" \/><\/p>\n<p style=\"text-align: justify\">Szlak wygl\u0105da na bardziej wymagaj\u0105cy. B\u0119dziemy \u015bledzi\u0107 wypraw\u0119 Jirki i informowa\u0107 Was o niej na bie\u017c\u0105co.<\/p>\n","protected":false},"excerpt":{"rendered":"<p>Jirka \u010celoud by\u0142 bardzo aktywnym trzynastolatkiem. Nieszcz\u0119\u015bliwy wypadek podczas szkolnej wycieczki sprawi\u0142, \u017ce teraz musi je\u017adzi\u0107 na w\u00f3zku inwalidzkim. Niepe\u0142nosprawno\u015b\u0107 [&hellip;]<\/p>\n","protected":false},"author":1,"featured_media":922,"comment_status":"closed","ping_status":"closed","sticky":false,"template":"","format":"standard","meta":{"footnotes":""},"categories":[1],"tags":[41,82],"global-categories":[],"class_list":["post-914","post","type-post","status-publish","format-standard","has-post-thumbnail","hentry","category-uncategorized","tag-cycling","tag-welovecycling"],"yoast_head":"<!-- This site is optimized with the Yoast SEO Premium plugin v25.3 (Yoast SEO v25.9) - https:\/\/yoast.com\/wordpress\/plugins\/seo\/ -->\n<title>Wielka Podr\u00f3\u017c na rowerach r\u0119cznych przez Maroko - \u0160koda We Love Cycling - Poland<\/title>\n<meta name=\"robots\" content=\"index, follow, max-snippet:-1, max-image-preview:large, max-video-preview:-1\" \/>\n<link rel=\"canonical\" href=\"https:\/\/www.welovecycling.com\/pl\/2016\/04\/15\/wielka-podroz-na-rowerach-recznych-przez-maroko\/\" \/>\n<meta property=\"og:locale\" content=\"pl_PL\" \/>\n<meta property=\"og:type\" content=\"article\" \/>\n<meta property=\"og:title\" content=\"Wielka Podr\u00f3\u017c na rowerach r\u0119cznych przez Maroko\" \/>\n<meta property=\"og:description\" content=\"Jirka \u010celoud by\u0142 bardzo aktywnym trzynastolatkiem. Nieszcz\u0119\u015bliwy wypadek podczas szkolnej wycieczki sprawi\u0142, \u017ce teraz musi je\u017adzi\u0107 na w\u00f3zku inwalidzkim. Niepe\u0142nosprawno\u015b\u0107 [&hellip;]\" \/>\n<meta property=\"og:url\" content=\"https:\/\/www.welovecycling.com\/pl\/2016\/04\/15\/wielka-podroz-na-rowerach-recznych-przez-maroko\/\" \/>\n<meta property=\"og:site_name\" content=\"\u0160koda We Love Cycling - Poland\" \/>\n<meta property=\"article:published_time\" content=\"2016-04-15T09:34:42+00:00\" \/>\n<meta property=\"article:modified_time\" content=\"2016-12-05T09:53:43+00:00\" \/>\n<meta property=\"og:image\" content=\"https:\/\/d2p6e6u75xmxt8.cloudfront.net\/5\/2016\/04\/3Handbikes-1.jpg\" \/>\n\t<meta property=\"og:image:width\" content=\"1628\" \/>\n\t<meta property=\"og:image:height\" content=\"600\" \/>\n\t<meta property=\"og:image:type\" content=\"image\/jpeg\" \/>\n<meta name=\"author\" content=\"WeLoveCycling\" \/>\n<meta name=\"twitter:card\" content=\"summary_large_image\" \/>\n<meta name=\"twitter:label1\" content=\"Written by\" \/>\n\t<meta name=\"twitter:data1\" content=\"WeLoveCycling\" \/>\n\t<meta name=\"twitter:label2\" content=\"Est. reading time\" \/>\n\t<meta name=\"twitter:data2\" content=\"2 minutes\" \/>\n<script type=\"application\/ld+json\" class=\"yoast-schema-graph\">{\"@context\":\"https:\/\/schema.org\",\"@graph\":[{\"@type\":\"WebPage\",\"@id\":\"https:\/\/www.welovecycling.com\/pl\/2016\/04\/15\/wielka-podroz-na-rowerach-recznych-przez-maroko\/\",\"url\":\"https:\/\/www.welovecycling.com\/pl\/2016\/04\/15\/wielka-podroz-na-rowerach-recznych-przez-maroko\/\",\"name\":\"Wielka Podr\u00f3\u017c na rowerach r\u0119cznych przez Maroko - \u0160koda We Love Cycling - Poland\",\"isPartOf\":{\"@id\":\"https:\/\/www.welovecycling.com\/pl\/#website\"},\"primaryImageOfPage\":{\"@id\":\"https:\/\/www.welovecycling.com\/pl\/2016\/04\/15\/wielka-podroz-na-rowerach-recznych-przez-maroko\/#primaryimage\"},\"image\":{\"@id\":\"https:\/\/www.welovecycling.com\/pl\/2016\/04\/15\/wielka-podroz-na-rowerach-recznych-przez-maroko\/#primaryimage\"},\"thumbnailUrl\":\"https:\/\/d2p6e6u75xmxt8.cloudfront.net\/5\/2016\/04\/3Handbikes-1.jpg\",\"datePublished\":\"2016-04-15T09:34:42+00:00\",\"dateModified\":\"2016-12-05T09:53:43+00:00\",\"author\":{\"@id\":\"https:\/\/www.welovecycling.com\/pl\/#\/schema\/person\/e5187c9cac8dd619ebc7b41bd73c2fd9\"},\"breadcrumb\":{\"@id\":\"https:\/\/www.welovecycling.com\/pl\/2016\/04\/15\/wielka-podroz-na-rowerach-recznych-przez-maroko\/#breadcrumb\"},\"inLanguage\":\"pl-PL\",\"potentialAction\":[{\"@type\":\"ReadAction\",\"target\":[\"https:\/\/www.welovecycling.com\/pl\/2016\/04\/15\/wielka-podroz-na-rowerach-recznych-przez-maroko\/\"]}]},{\"@type\":\"ImageObject\",\"inLanguage\":\"pl-PL\",\"@id\":\"https:\/\/www.welovecycling.com\/pl\/2016\/04\/15\/wielka-podroz-na-rowerach-recznych-przez-maroko\/#primaryimage\",\"url\":\"https:\/\/d2p6e6u75xmxt8.cloudfront.net\/5\/2016\/04\/3Handbikes-1.jpg\",\"contentUrl\":\"https:\/\/d2p6e6u75xmxt8.cloudfront.net\/5\/2016\/04\/3Handbikes-1.jpg\",\"width\":1628,\"height\":600},{\"@type\":\"BreadcrumbList\",\"@id\":\"https:\/\/www.welovecycling.com\/pl\/2016\/04\/15\/wielka-podroz-na-rowerach-recznych-przez-maroko\/#breadcrumb\",\"itemListElement\":[{\"@type\":\"ListItem\",\"position\":1,\"name\":\"Home\",\"item\":\"https:\/\/www.welovecycling.com\/pl\/\"},{\"@type\":\"ListItem\",\"position\":2,\"name\":\"Wielka Podr\u00f3\u017c na rowerach r\u0119cznych przez Maroko\"}]},{\"@type\":\"WebSite\",\"@id\":\"https:\/\/www.welovecycling.com\/pl\/#website\",\"url\":\"https:\/\/www.welovecycling.com\/pl\/\",\"name\":\"\u0160koda We Love Cycling - Poland\",\"description\":\"\",\"potentialAction\":[{\"@type\":\"SearchAction\",\"target\":{\"@type\":\"EntryPoint\",\"urlTemplate\":\"https:\/\/www.welovecycling.com\/pl\/?s={search_term_string}\"},\"query-input\":{\"@type\":\"PropertyValueSpecification\",\"valueRequired\":true,\"valueName\":\"search_term_string\"}}],\"inLanguage\":\"pl-PL\"},{\"@type\":\"Person\",\"@id\":\"https:\/\/www.welovecycling.com\/pl\/#\/schema\/person\/e5187c9cac8dd619ebc7b41bd73c2fd9\",\"name\":\"WeLoveCycling\",\"image\":{\"@type\":\"ImageObject\",\"inLanguage\":\"pl-PL\",\"@id\":\"https:\/\/www.welovecycling.com\/pl\/#\/schema\/person\/image\/\",\"url\":\"https:\/\/secure.gravatar.com\/avatar\/7e1ee0ecc5e294b19ef32b9f6086e0afbb9da00c3cb0d465ba4695331f4a9187?s=96&d=mm&r=g\",\"contentUrl\":\"https:\/\/secure.gravatar.com\/avatar\/7e1ee0ecc5e294b19ef32b9f6086e0afbb9da00c3cb0d465ba4695331f4a9187?s=96&d=mm&r=g\",\"caption\":\"WeLoveCycling\"},\"url\":\"https:\/\/www.welovecycling.com\/pl\/author\/lukascech\/\"}]}<\/script>\n<!-- \/ Yoast SEO Premium plugin. -->","yoast_head_json":{"title":"Wielka Podr\u00f3\u017c na rowerach r\u0119cznych przez Maroko - \u0160koda We Love Cycling - Poland","robots":{"index":"index","follow":"follow","max-snippet":"max-snippet:-1","max-image-preview":"max-image-preview:large","max-video-preview":"max-video-preview:-1"},"canonical":"https:\/\/www.welovecycling.com\/pl\/2016\/04\/15\/wielka-podroz-na-rowerach-recznych-przez-maroko\/","og_locale":"pl_PL","og_type":"article","og_title":"Wielka Podr\u00f3\u017c na rowerach r\u0119cznych przez Maroko","og_description":"Jirka \u010celoud by\u0142 bardzo aktywnym trzynastolatkiem. Nieszcz\u0119\u015bliwy wypadek podczas szkolnej wycieczki sprawi\u0142, \u017ce teraz musi je\u017adzi\u0107 na w\u00f3zku inwalidzkim. Niepe\u0142nosprawno\u015b\u0107 [&hellip;]","og_url":"https:\/\/www.welovecycling.com\/pl\/2016\/04\/15\/wielka-podroz-na-rowerach-recznych-przez-maroko\/","og_site_name":"\u0160koda We Love Cycling - Poland","article_published_time":"2016-04-15T09:34:42+00:00","article_modified_time":"2016-12-05T09:53:43+00:00","og_image":[{"width":1628,"height":600,"url":"https:\/\/d2p6e6u75xmxt8.cloudfront.net\/5\/2016\/04\/3Handbikes-1.jpg","type":"image\/jpeg"}],"author":"WeLoveCycling","twitter_card":"summary_large_image","twitter_misc":{"Written by":"WeLoveCycling","Est. reading time":"2 minutes"},"schema":{"@context":"https:\/\/schema.org","@graph":[{"@type":"WebPage","@id":"https:\/\/www.welovecycling.com\/pl\/2016\/04\/15\/wielka-podroz-na-rowerach-recznych-przez-maroko\/","url":"https:\/\/www.welovecycling.com\/pl\/2016\/04\/15\/wielka-podroz-na-rowerach-recznych-przez-maroko\/","name":"Wielka Podr\u00f3\u017c na rowerach r\u0119cznych przez Maroko - \u0160koda We Love Cycling - Poland","isPartOf":{"@id":"https:\/\/www.welovecycling.com\/pl\/#website"},"primaryImageOfPage":{"@id":"https:\/\/www.welovecycling.com\/pl\/2016\/04\/15\/wielka-podroz-na-rowerach-recznych-przez-maroko\/#primaryimage"},"image":{"@id":"https:\/\/www.welovecycling.com\/pl\/2016\/04\/15\/wielka-podroz-na-rowerach-recznych-przez-maroko\/#primaryimage"},"thumbnailUrl":"https:\/\/d2p6e6u75xmxt8.cloudfront.net\/5\/2016\/04\/3Handbikes-1.jpg","datePublished":"2016-04-15T09:34:42+00:00","dateModified":"2016-12-05T09:53:43+00:00","author":{"@id":"https:\/\/www.welovecycling.com\/pl\/#\/schema\/person\/e5187c9cac8dd619ebc7b41bd73c2fd9"},"breadcrumb":{"@id":"https:\/\/www.welovecycling.com\/pl\/2016\/04\/15\/wielka-podroz-na-rowerach-recznych-przez-maroko\/#breadcrumb"},"inLanguage":"pl-PL","potentialAction":[{"@type":"ReadAction","target":["https:\/\/www.welovecycling.com\/pl\/2016\/04\/15\/wielka-podroz-na-rowerach-recznych-przez-maroko\/"]}]},{"@type":"ImageObject","inLanguage":"pl-PL","@id":"https:\/\/www.welovecycling.com\/pl\/2016\/04\/15\/wielka-podroz-na-rowerach-recznych-przez-maroko\/#primaryimage","url":"https:\/\/d2p6e6u75xmxt8.cloudfront.net\/5\/2016\/04\/3Handbikes-1.jpg","contentUrl":"https:\/\/d2p6e6u75xmxt8.cloudfront.net\/5\/2016\/04\/3Handbikes-1.jpg","width":1628,"height":600},{"@type":"BreadcrumbList","@id":"https:\/\/www.welovecycling.com\/pl\/2016\/04\/15\/wielka-podroz-na-rowerach-recznych-przez-maroko\/#breadcrumb","itemListElement":[{"@type":"ListItem","position":1,"name":"Home","item":"https:\/\/www.welovecycling.com\/pl\/"},{"@type":"ListItem","position":2,"name":"Wielka Podr\u00f3\u017c na rowerach r\u0119cznych przez Maroko"}]},{"@type":"WebSite","@id":"https:\/\/www.welovecycling.com\/pl\/#website","url":"https:\/\/www.welovecycling.com\/pl\/","name":"\u0160koda We Love Cycling - Poland","description":"","potentialAction":[{"@type":"SearchAction","target":{"@type":"EntryPoint","urlTemplate":"https:\/\/www.welovecycling.com\/pl\/?s={search_term_string}"},"query-input":{"@type":"PropertyValueSpecification","valueRequired":true,"valueName":"search_term_string"}}],"inLanguage":"pl-PL"},{"@type":"Person","@id":"https:\/\/www.welovecycling.com\/pl\/#\/schema\/person\/e5187c9cac8dd619ebc7b41bd73c2fd9","name":"WeLoveCycling","image":{"@type":"ImageObject","inLanguage":"pl-PL","@id":"https:\/\/www.welovecycling.com\/pl\/#\/schema\/person\/image\/","url":"https:\/\/secure.gravatar.com\/avatar\/7e1ee0ecc5e294b19ef32b9f6086e0afbb9da00c3cb0d465ba4695331f4a9187?s=96&d=mm&r=g","contentUrl":"https:\/\/secure.gravatar.com\/avatar\/7e1ee0ecc5e294b19ef32b9f6086e0afbb9da00c3cb0d465ba4695331f4a9187?s=96&d=mm&r=g","caption":"WeLoveCycling"},"url":"https:\/\/www.welovecycling.com\/pl\/author\/lukascech\/"}]}},"_links":{"self":[{"href":"https:\/\/www.welovecycling.com\/pl\/wp-json\/wp\/v2\/posts\/914","targetHints":{"allow":["GET"]}}],"collection":[{"href":"https:\/\/www.welovecycling.com\/pl\/wp-json\/wp\/v2\/posts"}],"about":[{"href":"https:\/\/www.welovecycling.com\/pl\/wp-json\/wp\/v2\/types\/post"}],"author":[{"embeddable":true,"href":"https:\/\/www.welovecycling.com\/pl\/wp-json\/wp\/v2\/users\/1"}],"replies":[{"embeddable":true,"href":"https:\/\/www.welovecycling.com\/pl\/wp-json\/wp\/v2\/comments?post=914"}],"version-history":[{"count":1,"href":"https:\/\/www.welovecycling.com\/pl\/wp-json\/wp\/v2\/posts\/914\/revisions"}],"predecessor-version":[{"id":2473,"href":"https:\/\/www.welovecycling.com\/pl\/wp-json\/wp\/v2\/posts\/914\/revisions\/2473"}],"wp:featuredmedia":[{"embeddable":true,"href":"https:\/\/www.welovecycling.com\/pl\/wp-json\/wp\/v2\/media\/922"}],"wp:attachment":[{"href":"https:\/\/www.welovecycling.com\/pl\/wp-json\/wp\/v2\/media?parent=914"}],"wp:term":[{"taxonomy":"category","embeddable":true,"href":"https:\/\/www.welovecycling.com\/pl\/wp-json\/wp\/v2\/categories?post=914"},{"taxonomy":"post_tag","embeddable":true,"href":"https:\/\/www.welovecycling.com\/pl\/wp-json\/wp\/v2\/tags?post=914"},{"taxonomy":"global-categories","embeddable":true,"href":"https:\/\/www.welovecycling.com\/pl\/wp-json\/wp\/v2\/global-categories?post=914"}],"curies":[{"name":"wp","href":"https:\/\/api.w.org\/{rel}","templated":true}]}}