{"id":9132,"date":"2019-06-17T13:22:26","date_gmt":"2019-06-17T13:22:26","guid":{"rendered":"https:\/\/www.welovecycling.com\/pl\/?p=9132"},"modified":"2019-06-18T05:26:48","modified_gmt":"2019-06-18T05:26:48","slug":"eurovelo-8-tu-morze-od-ladu-dzieli-tylko-trasa-rowerowa-kapitalny-przejazd","status":"publish","type":"post","link":"https:\/\/www.welovecycling.com\/pl\/2019\/06\/17\/eurovelo-8-tu-morze-od-ladu-dzieli-tylko-trasa-rowerowa-kapitalny-przejazd\/","title":{"rendered":"Eurovelo 8: Tu morze od l\u0105du dzieli tylko\u2026 trasa rowerowa. Kapitalny przejazd!"},"content":{"rendered":"<p><strong>W upalne dni, taki przejazd to marzenie. Bryza od morza, powiew wiatru, a niemal na ka\u017cdym odpoczynku k\u0105piel w morzu. Mi\u0142o\u015bnicy rower\u00f3w wiele by dali, by dzi\u015b przeteleportowa\u0107 si\u0119 do dowolnego punktu trasy Eurovelo 8.<\/strong><\/p>\n<p>Gdyby nawet dziecku kaza\u0107 wyrysowa\u0107 lini\u0119 brzegow\u0105 po\u0142udniowej Europy, to prawdopodobnie wytyczy\u0142oby w\u0142a\u015bnie t\u0119 tras\u0119. Niemal ca\u0142y czas ci\u0105gnie si\u0119 wzd\u0142u\u017c morza \u2013 zaczynaj\u0105c od Hiszpanii, a ko\u0144cz\u0105c a\u017c na Cyprze. Gotowi na blisko 6 tys. km orze\u017awiaj\u0105cej przeja\u017cd\u017cki?<\/p>\n<p><strong>\u201eMo\u017cna spokojnie umiera\u0107\u201d<\/strong><\/p>\n<p>\u201eL\u015bni\u0105ce szmaragdowe morza, kilometry z\u0142otego piasku, tajemnicze wyspy, wspania\u0142e jedzenie, staro\u017cytne miasta\u2026 Trudno znale\u017a\u0107 bardziej przekonuj\u0105ce powody, by podr\u00f3\u017cowa\u0107 t\u0105 tras\u0105\u201d \u2013 zapewniaj\u0105 tw\u00f3rcy Eurovelo 8.<\/p>\n<p>Hiszpa\u0144ski fragment z powodzeniem mo\u017ce tworzy\u0107 osobn\u0105 tras\u0119. Zaczyna si\u0119 w okolicach Tarify, sk\u0105d do Afryki jest ju\u017c tylko 14 km, wi\u0119c gdyby kto\u015b w ostatniej chwili chcia\u0142 zmieni\u0107 kontynent, to \u017caden problem \u2013 promy do Maroka p\u0142ywaj\u0105 st\u0105d kilka razy dziennie.<\/p>\n<p>P\u00f3\u017aniej jest ju\u017c bardziej turystyczna Malaga, ale warto te\u017c zboczy\u0107 z trasy do Grenady. \u201eGdy zobaczysz Alhambr\u0119, to mo\u017cesz spokojnie umiera\u0107\u201d \u2013 chwal\u0105 si\u0119 Hiszpanie w przewodnikach, ale co\u015b w tym jest, bo zesp\u00f3\u0142 pa\u0142acowy w Grenadzie to absolutnie zjawiskowe miejsce.<\/p>\n<p>P\u00f3\u017aniej ju\u017c kierujemy si\u0119 na p\u00f3\u0142noc, w stron\u0119 Costa Blanca, a o tym regionie dla rowerzyst\u00f3w pisali\u015bmy m.in. tutaj<\/p>\n<div class=\"shortcode-ys-post-pinup\"><article class=\"loop-simple post-8363 post type-post status-publish format-standard has-post-thumbnail hentry category-ciekawostki\" data-postid=\"8363\" role=\"article\" data-post-id=\"8363\" data-word-count=\"607\" data-headline-length=\"70\" data-category=\"Ciekawostki\" data-author=\"Piotr Jawor\" data-published=\"2019-01-17T23:37:11+00:00\" data-published-day=\"Thursday\">\n    <div class=\"entry-thumbnail article-thumbnail\" content=\"https:\/\/d2p6e6u75xmxt8.cloudfront.net\/5\/2018\/08\/profimedia-0306469011-1-150x150.jpg\"><a href=\"https:\/\/www.welovecycling.com\/pl\/2019\/01\/17\/8363\/\" class=\"image-holder\" target=\"_self\"><img decoding=\"async\" loading=\"lazy\" class=\"\" src=\"https:\/\/d2p6e6u75xmxt8.cloudfront.net\/5\/2018\/08\/profimedia-0306469011-1-1024x450.jpg\" srcset=\"https:\/\/d2p6e6u75xmxt8.cloudfront.net\/5\/2018\/08\/profimedia-0306469011-1.jpg 1366w, https:\/\/d2p6e6u75xmxt8.cloudfront.net\/5\/2018\/08\/profimedia-0306469011-1-300x132.jpg 300w, https:\/\/d2p6e6u75xmxt8.cloudfront.net\/5\/2018\/08\/profimedia-0306469011-1-768x337.jpg 768w, https:\/\/d2p6e6u75xmxt8.cloudfront.net\/5\/2018\/08\/profimedia-0306469011-1-1024x450.jpg 1024w\" width=\"1024\" height=\"450\" sizes=\"auto, (min-width: 1200px) 456px, (min-width: 768px) 38vw, 100vw\" alt=\"8363\"\/><\/a><\/div>    <div class=\"entry-meta\">\n        <a class=\"label label-secondary post-category\" href=\"https:\/\/www.welovecycling.com\/pl\/category\/ciekawostki\/\" title=\"Ciekawostki\">Ciekawostki<\/a>\n    <\/div>\n    <div class=\"entry-details\">\n        <a href=\"https:\/\/www.welovecycling.com\/pl\/2019\/01\/17\/8363\/\" class='entry-title-wrapper'>\n            <h3 class=\"entry-title\"><span>G\u00f3ry, winnice i niesamowite widoki. Witajcie w raju dla rowerzyst\u00f3w!<\/span><\/h3>\n        <\/a>\n    <\/div>\n    <\/article>\n<\/div>\n<p>P\u00f3\u017aniej warto na chwil\u0119 (albo i na kilka dni) wpa\u015b\u0107 do Barcelony, by nast\u0119pnie przekroczy\u0107 granic\u0119 z Francj\u0105. W krainie winem p\u0142yn\u0105cej fragment Eurovelo 8 jest jedn\u0105 z najpopularniejszych tras dla gospodarzy Tour de France.<\/p>\n<p><strong>Uczta we Francji, deser we W\u0142oszech?<\/strong><\/p>\n<p>\u201eFrancja to absolutna uczta dla zmys\u0142\u00f3w. S\u0142one bagna, pola lawendowe, regionalne produkty i autentyczna francuska kuchnia. Do tego zapieraj\u0105ce dech w piersiach krajobrazy. Oczy i uszy musisz mie\u0107 tu szeroko otwarte\u201d \u2013 pisz\u0119 tw\u00f3rcy Eurovelo.<\/p>\n<p>Francuzi pewnie ch\u0119tnie nazwaliby sw\u00f3j fragment trasy najpi\u0119kniejszym i mo\u017ce mieliby nawet racj\u0119, gdyby za moment szlak nie prowadzi\u0142 do W\u0142och. Tu oddalamy si\u0119 od morza, ale deserem w\u0142oskiej trasy (a mo\u017ce i ca\u0142ego Eurovelo 8) jest Wenecja. Punkt obowi\u0105zkowy!<\/p>\n<p>Zreszt\u0105 dla rowerzyst\u00f3w, kt\u00f3rzy nie maj\u0105 d\u0142ugich dni na rowerow\u0105 turystyk\u0119, ten region mo\u017ce by\u0107 ciekawym pomys\u0142em na kilkudniow\u0105 wypraw\u0119. Region, ale nie sama Wenecja, gdzie czasem trudno wbi\u0107 szpilk\u0119, a na ka\u017cdym kroku trzeba pokonywa\u0107 schody bez podjazd\u00f3w. Niestety, ale tu rower idzie w odstawk\u0119.<\/p>\n<p><img loading=\"lazy\" decoding=\"async\" class=\"aligncenter size-full wp-image-9134\" src=\"https:\/\/d2p6e6u75xmxt8.cloudfront.net\/5\/2019\/06\/Eurovelo-8-1.jpg\" alt=\"\" width=\"950\" height=\"370\" srcset=\"https:\/\/d2p6e6u75xmxt8.cloudfront.net\/5\/2019\/06\/Eurovelo-8-1.jpg 950w, https:\/\/d2p6e6u75xmxt8.cloudfront.net\/5\/2019\/06\/Eurovelo-8-1-300x117.jpg 300w, https:\/\/d2p6e6u75xmxt8.cloudfront.net\/5\/2019\/06\/Eurovelo-8-1-768x299.jpg 768w\" sizes=\"auto, (max-width: 950px) 100vw, 950px\" \/><\/p>\n<p><strong>Zupe\u0142nie inna bajka<\/strong><\/p>\n<p>S\u0142owenia te\u017c nie chce by\u0107 gorsza i na odpoczynek od peda\u0142owania zaprasza do miasta Koper, po\u0142o\u017conego na p\u00f3\u0142wyspie. Posiada ono pi\u0119kne staro\u017cytne centrum, ale sw\u00f3j urok maj\u0105 te\u017c osidla wybudowane na wzg\u00f3rzach.<\/p>\n<p>Tym samym brama Ba\u0142kan\u00f3w staje te\u017c przed nami otworem, a o turystyce rowerowej w tym regionie Europy mo\u017cecie przeczyta\u0107 tutaj <div class=\"shortcode-ys-post-pinup\"><article class=\"loop-simple post-8891 post type-post status-publish format-standard has-post-thumbnail hentry category-ciekawostki category-kolarstwo-szosowe\" data-postid=\"8891\" role=\"article\" data-post-id=\"8891\" data-word-count=\"678\" data-headline-length=\"52\" data-category=\"Ciekawostki\" data-author=\"Piotr Jawor\" data-published=\"2019-05-09T10:47:40+00:00\" data-published-day=\"Thursday\">\n    <div class=\"entry-thumbnail article-thumbnail\" content=\"https:\/\/d2p6e6u75xmxt8.cloudfront.net\/5\/2019\/05\/image-150x150.jpg\"><a href=\"https:\/\/www.welovecycling.com\/pl\/2019\/05\/09\/eurovelo-6-oto-tajemnicze-zakatki-rowerowej-europy\/\" class=\"image-holder\" target=\"_self\"><img decoding=\"async\" loading=\"lazy\" class=\"\" src=\"https:\/\/d2p6e6u75xmxt8.cloudfront.net\/5\/2019\/05\/image.jpg\" srcset=\"https:\/\/d2p6e6u75xmxt8.cloudfront.net\/5\/2019\/05\/image.jpg 950w, https:\/\/d2p6e6u75xmxt8.cloudfront.net\/5\/2019\/05\/image-300x95.jpg 300w, https:\/\/d2p6e6u75xmxt8.cloudfront.net\/5\/2019\/05\/image-768x243.jpg 768w\" width=\"950\" height=\"300\" sizes=\"auto, (min-width: 1200px) 634px, (min-width: 768px) 53vw, 100vw\" alt=\"eurovelo-6-oto-tajemnicze-zakatki-rowerowej-europy\"\/><\/a><\/div>    <div class=\"entry-meta\">\n        <a class=\"label label-secondary post-category\" href=\"https:\/\/www.welovecycling.com\/pl\/category\/ciekawostki\/\" title=\"Ciekawostki\">Ciekawostki<\/a>\n    <\/div>\n    <div class=\"entry-details\">\n        <a href=\"https:\/\/www.welovecycling.com\/pl\/2019\/05\/09\/eurovelo-6-oto-tajemnicze-zakatki-rowerowej-europy\/\" class='entry-title-wrapper'>\n            <h3 class=\"entry-title\"><span>Eurovelo 6: Oto tajemnicze zak\u0105tki rowerowej Europy<\/span><\/h3>\n        <\/a>\n    <\/div>\n    <\/article>\n<\/div><\/p>\n<p>Chorwacka cz\u0119\u015b\u0107 prowadzi zar\u00f3wno przez du\u017ce miasta (Rijeka, Zadar, Split), jak i wsie. Przejazdowi wzd\u0142u\u017c morza i g\u0142\u00f3wnie kamienistych pla\u017c, towarzysz\u0105 miejsca wpisane na list\u0119 UNESCO. Ta cz\u0119\u015b\u0107 trasy zn\u00f3w ko\u0144czy si\u0119 w Wenecji, tyle \u017ce chorwackiej, bo w\u0142a\u015bnie tak nazywany jest przepi\u0119kny Dubrovnik.<\/p>\n<p>Czarnog\u00f3ra to z kolei zupe\u0142nie odmienne pa\u0144stwo. Cho\u0107 z roku na rok coraz ch\u0119tniej odwiedzane przez turyst\u00f3w, to jednak wci\u0105\u017c dzikie i zdecydowanie ta\u0144sze ni\u017c Chorwacja. Infrastruktura rowerowa ca\u0142y czas tam si\u0119 rozwija, jednak do zachodniej Europy jeszcze troch\u0119 jej brakuje. Mimo to warto na Czarnog\u00f3r\u0119 si\u0119 zdecydowa\u0107. Dlaczego? \u201eWzd\u0142u\u017c Morza \u015ar\u00f3dziemnego po prostu nie ma pi\u0119kniejszego g\u00f3rskiego krajobrazu\u201d \u2013 pisz\u0105 tw\u00f3rcy Eurovelo 8.<\/p>\n<p>Zupe\u0142nie inn\u0105 bajk\u0105 jest Albania. Dla niekt\u00f3rych to ju\u017c koniec \u015bwiata, o Europie nie wspominaj\u0105c. Tymczasem rowerzy\u015bci maj\u0105 tu jedn\u0105 z niewielu okazji do zaobserwowania&#8230; r\u00f3\u017cnorodnych gatunk\u00f3w zwierz\u0105t. W urokliwych alba\u0144skich lasach \u017cyj\u0105 wilki, nied\u017awiedzie, kozice, rysie, czy \u017cbiki, a cz\u0119\u015b\u0107 trasy rowerowej prowadzi w\u0142a\u015bnie w pobli\u017cu ich dom\u00f3w.<\/p>\n<p><strong>Finisz jak na Tour de France<\/strong><\/p>\n<p>Nie wszystkim takie towarzystwo mo\u017ce jednak odpowiada\u0107, szczeg\u00f3lnie ze wzgl\u0119du na strach przed dziki zwierz\u0119tami. Skoro tak, to warto przejecha\u0107 grecki fragment, gdzie dominuj\u0105cymi zwierz\u0119tami s\u0105\u2026 delfiny, jedne z najbardziej przyjaznych cz\u0142owiekowi zwierz\u0105t. Ich ta\u0144ce w b\u0142\u0119kitnej wodzie sprawiaj\u0105, \u017ce ci\u0119\u017cko skupi\u0107 si\u0119 na je\u017adzie rowerem.<\/p>\n<p>Trasa prowadzi do Aten, gdzie mo\u017cna ju\u017c zako\u0144czy\u0107 Eurovelo 8, cho\u0107 dla kolekcjoner\u00f3w pe\u0142nych przejazd\u00f3w pozostawiono jeszcze finisz na\u2026 Cyprze. Przy ca\u0142ej, blisko 6-tysi\u0119cznej trasie przejazd przez t\u0119 wysp\u0119 rzeczywi\u015bcie wygl\u0105da jak finisz Tour de France wok\u00f3\u0142 P\u00f3l Elizejskich. Ko\u0142o mo\u017cna zacz\u0105\u0107 np. w Limassol, by dojecha\u0107 do Nikozji i stamt\u0105d zn\u00f3w zjecha\u0107 na po\u0142udnie.<\/p>\n<p>\u201ePrzejazd tras\u0105 znajduj\u0105c\u0105 si\u0119 mi\u0119dzy trzema kontynentami jest nie tylko pi\u0119kn\u0105 krajobrazowo wypraw\u0105, ale te\u017c przejazdem przez 10 tys. lat historii naszej cywilizacji\u201d \u2013 zachwalaj\u0105 na koniec tw\u00f3rcy Eurovelo 8.<\/p>\n<p>To co, gotowi na rowerowe orze\u017awienie?<\/p>\n<p>************************<\/p>\n<p>&nbsp;<\/p>\n<p>Eurovelo to og\u00f3lnoeuropejska sie\u0107 tras rowerowych. Wiod\u0105 one przez 43 pa\u0144stwa i \u0142\u0105cznie maj\u0105 ponad 70 tys. km d\u0142ugo\u015bci. To projekt Europejskiej Federacji Cyklist\u00f3w, wsp\u00f3\u0142finansowany przez Uni\u0119 Europejsk\u0105. Ca\u0142o\u015b\u0107 ma by\u0107 uko\u0144czona w 2020 r.<\/p>\n<style type=\"text\/css\"><!--td {border: 1px solid #ccc;}br {mso-data-placement:same-cell;}--><\/style>\n<p><span data-sheets-value=\"{&quot;1&quot;:2,&quot;2&quot;:&quot;Artyku\u0142 powsta\u0142 we wsp\u00f3\u0142pracy ze skoda-auto.pl&quot;}\" data-sheets-userformat=\"{&quot;2&quot;:1,&quot;3&quot;:{&quot;1&quot;:0}}\"><a class=\"in-cell-link\" href=\"http:\/\/www.skoda-auto.pl\/\" target=\"_blank\" rel=\"noopener\">Artyku\u0142 powsta\u0142 we wsp\u00f3\u0142pracy ze skoda-auto.pl<\/a><\/span><\/p>\n","protected":false},"excerpt":{"rendered":"<p>W upalne dni, taki przejazd to marzenie. Bryza od morza, powiew wiatru, a niemal na ka\u017cdym odpoczynku k\u0105piel w morzu. [&hellip;]<\/p>\n","protected":false},"author":76,"featured_media":9133,"comment_status":"open","ping_status":"open","sticky":false,"template":"","format":"standard","meta":{"footnotes":""},"categories":[226,6],"tags":[],"global-categories":[],"class_list":["post-9132","post","type-post","status-publish","format-standard","has-post-thumbnail","hentry","category-ciekawostki","category-kolarstwo-szosowe"],"yoast_head":"<!-- This site is optimized with the Yoast SEO Premium plugin v25.3 (Yoast SEO v25.9) - https:\/\/yoast.com\/wordpress\/plugins\/seo\/ -->\n<title>Eurovelo 8: Tu morze od l\u0105du dzieli tylko\u2026 trasa rowerowa. Kapitalny przejazd! - \u0160koda We Love Cycling - Poland<\/title>\n<meta name=\"robots\" content=\"index, follow, max-snippet:-1, max-image-preview:large, max-video-preview:-1\" \/>\n<link rel=\"canonical\" href=\"https:\/\/www.welovecycling.com\/pl\/2019\/06\/17\/eurovelo-8-tu-morze-od-ladu-dzieli-tylko-trasa-rowerowa-kapitalny-przejazd\/\" \/>\n<meta property=\"og:locale\" content=\"pl_PL\" \/>\n<meta property=\"og:type\" content=\"article\" \/>\n<meta property=\"og:title\" content=\"Eurovelo 8: Tu morze od l\u0105du dzieli tylko\u2026 trasa rowerowa. Kapitalny przejazd!\" \/>\n<meta property=\"og:description\" content=\"W upalne dni, taki przejazd to marzenie. Bryza od morza, powiew wiatru, a niemal na ka\u017cdym odpoczynku k\u0105piel w morzu. [&hellip;]\" \/>\n<meta property=\"og:url\" content=\"https:\/\/www.welovecycling.com\/pl\/2019\/06\/17\/eurovelo-8-tu-morze-od-ladu-dzieli-tylko-trasa-rowerowa-kapitalny-przejazd\/\" \/>\n<meta property=\"og:site_name\" content=\"\u0160koda We Love Cycling - Poland\" \/>\n<meta property=\"article:published_time\" content=\"2019-06-17T13:22:26+00:00\" \/>\n<meta property=\"article:modified_time\" content=\"2019-06-18T05:26:48+00:00\" \/>\n<meta property=\"og:image\" content=\"https:\/\/d2p6e6u75xmxt8.cloudfront.net\/5\/2019\/06\/Eurovelo-8.jpg\" \/>\n\t<meta property=\"og:image:width\" content=\"988\" \/>\n\t<meta property=\"og:image:height\" content=\"350\" \/>\n\t<meta property=\"og:image:type\" content=\"image\/jpeg\" \/>\n<meta name=\"author\" content=\"piotrboczkowski\" \/>\n<meta name=\"twitter:card\" content=\"summary_large_image\" \/>\n<meta name=\"twitter:label1\" content=\"Written by\" \/>\n\t<meta name=\"twitter:data1\" content=\"Piotr Jawor\" \/>\n\t<meta name=\"twitter:label2\" content=\"Est. reading time\" \/>\n\t<meta name=\"twitter:data2\" content=\"6\" \/>\n<script type=\"application\/ld+json\" class=\"yoast-schema-graph\">{\"@context\":\"https:\/\/schema.org\",\"@graph\":[{\"@type\":\"WebPage\",\"@id\":\"https:\/\/www.welovecycling.com\/pl\/2019\/06\/17\/eurovelo-8-tu-morze-od-ladu-dzieli-tylko-trasa-rowerowa-kapitalny-przejazd\/\",\"url\":\"https:\/\/www.welovecycling.com\/pl\/2019\/06\/17\/eurovelo-8-tu-morze-od-ladu-dzieli-tylko-trasa-rowerowa-kapitalny-przejazd\/\",\"name\":\"Eurovelo 8: Tu morze od l\u0105du dzieli tylko\u2026 trasa rowerowa. Kapitalny przejazd! - \u0160koda We Love Cycling - Poland\",\"isPartOf\":{\"@id\":\"https:\/\/www.welovecycling.com\/pl\/#website\"},\"primaryImageOfPage\":{\"@id\":\"https:\/\/www.welovecycling.com\/pl\/2019\/06\/17\/eurovelo-8-tu-morze-od-ladu-dzieli-tylko-trasa-rowerowa-kapitalny-przejazd\/#primaryimage\"},\"image\":{\"@id\":\"https:\/\/www.welovecycling.com\/pl\/2019\/06\/17\/eurovelo-8-tu-morze-od-ladu-dzieli-tylko-trasa-rowerowa-kapitalny-przejazd\/#primaryimage\"},\"thumbnailUrl\":\"https:\/\/d2p6e6u75xmxt8.cloudfront.net\/5\/2019\/06\/Eurovelo-8.jpg\",\"datePublished\":\"2019-06-17T13:22:26+00:00\",\"dateModified\":\"2019-06-18T05:26:48+00:00\",\"author\":{\"@id\":\"https:\/\/www.welovecycling.com\/pl\/#\/schema\/person\/0dba2d39da943db9df3fd8f4687e7f23\"},\"breadcrumb\":{\"@id\":\"https:\/\/www.welovecycling.com\/pl\/2019\/06\/17\/eurovelo-8-tu-morze-od-ladu-dzieli-tylko-trasa-rowerowa-kapitalny-przejazd\/#breadcrumb\"},\"inLanguage\":\"pl-PL\",\"potentialAction\":[{\"@type\":\"ReadAction\",\"target\":[\"https:\/\/www.welovecycling.com\/pl\/2019\/06\/17\/eurovelo-8-tu-morze-od-ladu-dzieli-tylko-trasa-rowerowa-kapitalny-przejazd\/\"]}]},{\"@type\":\"ImageObject\",\"inLanguage\":\"pl-PL\",\"@id\":\"https:\/\/www.welovecycling.com\/pl\/2019\/06\/17\/eurovelo-8-tu-morze-od-ladu-dzieli-tylko-trasa-rowerowa-kapitalny-przejazd\/#primaryimage\",\"url\":\"https:\/\/d2p6e6u75xmxt8.cloudfront.net\/5\/2019\/06\/Eurovelo-8.jpg\",\"contentUrl\":\"https:\/\/d2p6e6u75xmxt8.cloudfront.net\/5\/2019\/06\/Eurovelo-8.jpg\",\"width\":988,\"height\":350},{\"@type\":\"BreadcrumbList\",\"@id\":\"https:\/\/www.welovecycling.com\/pl\/2019\/06\/17\/eurovelo-8-tu-morze-od-ladu-dzieli-tylko-trasa-rowerowa-kapitalny-przejazd\/#breadcrumb\",\"itemListElement\":[{\"@type\":\"ListItem\",\"position\":1,\"name\":\"Home\",\"item\":\"https:\/\/www.welovecycling.com\/pl\/\"},{\"@type\":\"ListItem\",\"position\":2,\"name\":\"Eurovelo 8: Tu morze od l\u0105du dzieli tylko\u2026 trasa rowerowa. Kapitalny przejazd!\"}]},{\"@type\":\"WebSite\",\"@id\":\"https:\/\/www.welovecycling.com\/pl\/#website\",\"url\":\"https:\/\/www.welovecycling.com\/pl\/\",\"name\":\"\u0160koda We Love Cycling - Poland\",\"description\":\"\",\"potentialAction\":[{\"@type\":\"SearchAction\",\"target\":{\"@type\":\"EntryPoint\",\"urlTemplate\":\"https:\/\/www.welovecycling.com\/pl\/?s={search_term_string}\"},\"query-input\":{\"@type\":\"PropertyValueSpecification\",\"valueRequired\":true,\"valueName\":\"search_term_string\"}}],\"inLanguage\":\"pl-PL\"},{\"@type\":\"Person\",\"@id\":\"https:\/\/www.welovecycling.com\/pl\/#\/schema\/person\/0dba2d39da943db9df3fd8f4687e7f23\",\"name\":\"piotrboczkowski\",\"image\":{\"@type\":\"ImageObject\",\"inLanguage\":\"pl-PL\",\"@id\":\"https:\/\/www.welovecycling.com\/pl\/#\/schema\/person\/image\/\",\"url\":\"https:\/\/secure.gravatar.com\/avatar\/533caccae14752e03a2ce2d3fd62d1b98b93e1393c3195c27819e53344ca1ace?s=96&d=mm&r=g\",\"contentUrl\":\"https:\/\/secure.gravatar.com\/avatar\/533caccae14752e03a2ce2d3fd62d1b98b93e1393c3195c27819e53344ca1ace?s=96&d=mm&r=g\",\"caption\":\"piotrboczkowski\"},\"url\":\"https:\/\/www.welovecycling.com\/pl\/author\/piotrboczkowski\/\"}]}<\/script>\n<!-- \/ Yoast SEO Premium plugin. -->","yoast_head_json":{"title":"Eurovelo 8: Tu morze od l\u0105du dzieli tylko\u2026 trasa rowerowa. Kapitalny przejazd! - \u0160koda We Love Cycling - Poland","robots":{"index":"index","follow":"follow","max-snippet":"max-snippet:-1","max-image-preview":"max-image-preview:large","max-video-preview":"max-video-preview:-1"},"canonical":"https:\/\/www.welovecycling.com\/pl\/2019\/06\/17\/eurovelo-8-tu-morze-od-ladu-dzieli-tylko-trasa-rowerowa-kapitalny-przejazd\/","og_locale":"pl_PL","og_type":"article","og_title":"Eurovelo 8: Tu morze od l\u0105du dzieli tylko\u2026 trasa rowerowa. Kapitalny przejazd!","og_description":"W upalne dni, taki przejazd to marzenie. Bryza od morza, powiew wiatru, a niemal na ka\u017cdym odpoczynku k\u0105piel w morzu. [&hellip;]","og_url":"https:\/\/www.welovecycling.com\/pl\/2019\/06\/17\/eurovelo-8-tu-morze-od-ladu-dzieli-tylko-trasa-rowerowa-kapitalny-przejazd\/","og_site_name":"\u0160koda We Love Cycling - Poland","article_published_time":"2019-06-17T13:22:26+00:00","article_modified_time":"2019-06-18T05:26:48+00:00","og_image":[{"width":988,"height":350,"url":"https:\/\/d2p6e6u75xmxt8.cloudfront.net\/5\/2019\/06\/Eurovelo-8.jpg","type":"image\/jpeg"}],"author":"piotrboczkowski","twitter_card":"summary_large_image","twitter_misc":{"Written by":"Piotr Jawor","Est. reading time":"6"},"schema":{"@context":"https:\/\/schema.org","@graph":[{"@type":"WebPage","@id":"https:\/\/www.welovecycling.com\/pl\/2019\/06\/17\/eurovelo-8-tu-morze-od-ladu-dzieli-tylko-trasa-rowerowa-kapitalny-przejazd\/","url":"https:\/\/www.welovecycling.com\/pl\/2019\/06\/17\/eurovelo-8-tu-morze-od-ladu-dzieli-tylko-trasa-rowerowa-kapitalny-przejazd\/","name":"Eurovelo 8: Tu morze od l\u0105du dzieli tylko\u2026 trasa rowerowa. Kapitalny przejazd! - \u0160koda We Love Cycling - Poland","isPartOf":{"@id":"https:\/\/www.welovecycling.com\/pl\/#website"},"primaryImageOfPage":{"@id":"https:\/\/www.welovecycling.com\/pl\/2019\/06\/17\/eurovelo-8-tu-morze-od-ladu-dzieli-tylko-trasa-rowerowa-kapitalny-przejazd\/#primaryimage"},"image":{"@id":"https:\/\/www.welovecycling.com\/pl\/2019\/06\/17\/eurovelo-8-tu-morze-od-ladu-dzieli-tylko-trasa-rowerowa-kapitalny-przejazd\/#primaryimage"},"thumbnailUrl":"https:\/\/d2p6e6u75xmxt8.cloudfront.net\/5\/2019\/06\/Eurovelo-8.jpg","datePublished":"2019-06-17T13:22:26+00:00","dateModified":"2019-06-18T05:26:48+00:00","author":{"@id":"https:\/\/www.welovecycling.com\/pl\/#\/schema\/person\/0dba2d39da943db9df3fd8f4687e7f23"},"breadcrumb":{"@id":"https:\/\/www.welovecycling.com\/pl\/2019\/06\/17\/eurovelo-8-tu-morze-od-ladu-dzieli-tylko-trasa-rowerowa-kapitalny-przejazd\/#breadcrumb"},"inLanguage":"pl-PL","potentialAction":[{"@type":"ReadAction","target":["https:\/\/www.welovecycling.com\/pl\/2019\/06\/17\/eurovelo-8-tu-morze-od-ladu-dzieli-tylko-trasa-rowerowa-kapitalny-przejazd\/"]}]},{"@type":"ImageObject","inLanguage":"pl-PL","@id":"https:\/\/www.welovecycling.com\/pl\/2019\/06\/17\/eurovelo-8-tu-morze-od-ladu-dzieli-tylko-trasa-rowerowa-kapitalny-przejazd\/#primaryimage","url":"https:\/\/d2p6e6u75xmxt8.cloudfront.net\/5\/2019\/06\/Eurovelo-8.jpg","contentUrl":"https:\/\/d2p6e6u75xmxt8.cloudfront.net\/5\/2019\/06\/Eurovelo-8.jpg","width":988,"height":350},{"@type":"BreadcrumbList","@id":"https:\/\/www.welovecycling.com\/pl\/2019\/06\/17\/eurovelo-8-tu-morze-od-ladu-dzieli-tylko-trasa-rowerowa-kapitalny-przejazd\/#breadcrumb","itemListElement":[{"@type":"ListItem","position":1,"name":"Home","item":"https:\/\/www.welovecycling.com\/pl\/"},{"@type":"ListItem","position":2,"name":"Eurovelo 8: Tu morze od l\u0105du dzieli tylko\u2026 trasa rowerowa. Kapitalny przejazd!"}]},{"@type":"WebSite","@id":"https:\/\/www.welovecycling.com\/pl\/#website","url":"https:\/\/www.welovecycling.com\/pl\/","name":"\u0160koda We Love Cycling - Poland","description":"","potentialAction":[{"@type":"SearchAction","target":{"@type":"EntryPoint","urlTemplate":"https:\/\/www.welovecycling.com\/pl\/?s={search_term_string}"},"query-input":{"@type":"PropertyValueSpecification","valueRequired":true,"valueName":"search_term_string"}}],"inLanguage":"pl-PL"},{"@type":"Person","@id":"https:\/\/www.welovecycling.com\/pl\/#\/schema\/person\/0dba2d39da943db9df3fd8f4687e7f23","name":"piotrboczkowski","image":{"@type":"ImageObject","inLanguage":"pl-PL","@id":"https:\/\/www.welovecycling.com\/pl\/#\/schema\/person\/image\/","url":"https:\/\/secure.gravatar.com\/avatar\/533caccae14752e03a2ce2d3fd62d1b98b93e1393c3195c27819e53344ca1ace?s=96&d=mm&r=g","contentUrl":"https:\/\/secure.gravatar.com\/avatar\/533caccae14752e03a2ce2d3fd62d1b98b93e1393c3195c27819e53344ca1ace?s=96&d=mm&r=g","caption":"piotrboczkowski"},"url":"https:\/\/www.welovecycling.com\/pl\/author\/piotrboczkowski\/"}]}},"_links":{"self":[{"href":"https:\/\/www.welovecycling.com\/pl\/wp-json\/wp\/v2\/posts\/9132","targetHints":{"allow":["GET"]}}],"collection":[{"href":"https:\/\/www.welovecycling.com\/pl\/wp-json\/wp\/v2\/posts"}],"about":[{"href":"https:\/\/www.welovecycling.com\/pl\/wp-json\/wp\/v2\/types\/post"}],"author":[{"embeddable":true,"href":"https:\/\/www.welovecycling.com\/pl\/wp-json\/wp\/v2\/users\/76"}],"replies":[{"embeddable":true,"href":"https:\/\/www.welovecycling.com\/pl\/wp-json\/wp\/v2\/comments?post=9132"}],"version-history":[{"count":1,"href":"https:\/\/www.welovecycling.com\/pl\/wp-json\/wp\/v2\/posts\/9132\/revisions"}],"predecessor-version":[{"id":9135,"href":"https:\/\/www.welovecycling.com\/pl\/wp-json\/wp\/v2\/posts\/9132\/revisions\/9135"}],"wp:featuredmedia":[{"embeddable":true,"href":"https:\/\/www.welovecycling.com\/pl\/wp-json\/wp\/v2\/media\/9133"}],"wp:attachment":[{"href":"https:\/\/www.welovecycling.com\/pl\/wp-json\/wp\/v2\/media?parent=9132"}],"wp:term":[{"taxonomy":"category","embeddable":true,"href":"https:\/\/www.welovecycling.com\/pl\/wp-json\/wp\/v2\/categories?post=9132"},{"taxonomy":"post_tag","embeddable":true,"href":"https:\/\/www.welovecycling.com\/pl\/wp-json\/wp\/v2\/tags?post=9132"},{"taxonomy":"global-categories","embeddable":true,"href":"https:\/\/www.welovecycling.com\/pl\/wp-json\/wp\/v2\/global-categories?post=9132"}],"curies":[{"name":"wp","href":"https:\/\/api.w.org\/{rel}","templated":true}]}}