{"id":9043,"date":"2019-06-07T15:48:30","date_gmt":"2019-06-07T15:48:30","guid":{"rendered":"https:\/\/www.welovecycling.com\/pl\/?p=9043"},"modified":"2019-06-10T07:46:16","modified_gmt":"2019-06-10T07:46:16","slug":"aktywny-weekend-w-skoda-bednarek-skoda-napedza-rowery","status":"publish","type":"post","link":"https:\/\/www.welovecycling.com\/pl\/2019\/06\/07\/aktywny-weekend-w-skoda-bednarek-skoda-napedza-rowery\/","title":{"rendered":"Aktywny weekend w \u0160koda Bednarek \u2013 \u0160koda Nap\u0119dza Rowery"},"content":{"rendered":"<p><strong>W jeden z wiosennych weekend\u00f3w w \u0142\u00f3dzkim salonie \u0160koda Bednarek odby\u0142 si\u0119 dwudniowy event pod tytu\u0142em \u201eAktywny weekend w \u0160koda Bednarek \u2013 \u0160koda Nap\u0119dza Rowery\u201d.<\/strong><\/p>\n<figure id=\"attachment_9048\" aria-describedby=\"caption-attachment-9048\" style=\"width: 1173px\" class=\"wp-caption aligncenter\"><a href=\"https:\/\/d2p6e6u75xmxt8.cloudfront.net\/5\/2019\/06\/6.jpg\"><img loading=\"lazy\" decoding=\"async\" class=\"wp-image-9048 size-full\" src=\"https:\/\/d2p6e6u75xmxt8.cloudfront.net\/5\/2019\/06\/6.jpg\" alt=\"\" width=\"1173\" height=\"880\" srcset=\"https:\/\/d2p6e6u75xmxt8.cloudfront.net\/5\/2019\/06\/6.jpg 1173w, https:\/\/d2p6e6u75xmxt8.cloudfront.net\/5\/2019\/06\/6-300x225.jpg 300w, https:\/\/d2p6e6u75xmxt8.cloudfront.net\/5\/2019\/06\/6-768x576.jpg 768w, https:\/\/d2p6e6u75xmxt8.cloudfront.net\/5\/2019\/06\/6-1024x768.jpg 1024w\" sizes=\"auto, (max-width: 1173px) 100vw, 1173px\" \/><\/a><figcaption id=\"caption-attachment-9048\" class=\"wp-caption-text\">Zapis WLTP pod zdj\u0119ciami. W zale\u017cno\u015bci od modelu, wariantu i wersji zu\u017cycie paliwa w cyklu mieszanym od 4,6l\/100km do 9,4\/100km, emisja CO2 od\u00a0114g\/km do 217g\/km (dane na podstawie \u015bwiadectw homologacji typu). Zu\u017cycie paliwa i emisja CO2 zosta\u0142o okre\u015blone zgodnie z procedur\u0105 WLTP. O szczeg\u00f3\u0142y zapytaj Autoryzowanego Dealera Marki \u0160koda lub sprawd\u017a na stronie WLTP \/ zu\u017cycie paliwa i emisja CO2.<\/figcaption><\/figure>\n<p>Na miejscu zorganizowano miniserwis rowerowy. Ka\u017cdy go\u015b\u0107, kt\u00f3ry przyjecha\u0142 na rowerze, mia\u0142 mo\u017cliwo\u015b\u0107 skorzystania z darmowego przegl\u0105du swojego jedno\u015bladu.<\/p>\n<p>Dla spragnionych si\u0142 witalnych cyklist\u00f3w przygotowano napoje izotoniczne oraz wod\u0119 mineraln\u0105.<\/p>\n<p><a href=\"https:\/\/d2p6e6u75xmxt8.cloudfront.net\/5\/2019\/06\/3.jpg\"><img loading=\"lazy\" decoding=\"async\" class=\"aligncenter size-full wp-image-9045\" src=\"https:\/\/d2p6e6u75xmxt8.cloudfront.net\/5\/2019\/06\/3.jpg\" alt=\"\" width=\"1728\" height=\"1296\" srcset=\"https:\/\/d2p6e6u75xmxt8.cloudfront.net\/5\/2019\/06\/3.jpg 1728w, https:\/\/d2p6e6u75xmxt8.cloudfront.net\/5\/2019\/06\/3-300x225.jpg 300w, https:\/\/d2p6e6u75xmxt8.cloudfront.net\/5\/2019\/06\/3-768x576.jpg 768w, https:\/\/d2p6e6u75xmxt8.cloudfront.net\/5\/2019\/06\/3-1024x768.jpg 1024w\" sizes=\"auto, (max-width: 1728px) 100vw, 1728px\" \/><\/a><\/p>\n<p>Serwis rowerowy przyci\u0105gn\u0105\u0142 wielu go\u015bci. Niekt\u00f3rzy klienci z racji odleg\u0142o\u015bci dziel\u0105cej salon od swojego miejsca zamieszkania zdecydowali si\u0119 na przywiezienie rower\u00f3w autem. By\u0142y momenty, \u017ce na serwis trzeba by\u0142o chwil\u0119 poczeka\u0107 \u2013 wtedy pracownicy salonu zach\u0119cali klient\u00f3w do zapoznania si\u0119 z aktualn\u0105 ofert\u0105 oraz odbycia jazdy pr\u00f3bnej nowym modelem \u0160koda SCALA.<\/p>\n<p><a href=\"https:\/\/d2p6e6u75xmxt8.cloudfront.net\/5\/2019\/06\/4.jpg\"><img loading=\"lazy\" decoding=\"async\" class=\"aligncenter size-full wp-image-9046\" src=\"https:\/\/d2p6e6u75xmxt8.cloudfront.net\/5\/2019\/06\/4.jpg\" alt=\"\" width=\"960\" height=\"720\" srcset=\"https:\/\/d2p6e6u75xmxt8.cloudfront.net\/5\/2019\/06\/4.jpg 960w, https:\/\/d2p6e6u75xmxt8.cloudfront.net\/5\/2019\/06\/4-300x225.jpg 300w, https:\/\/d2p6e6u75xmxt8.cloudfront.net\/5\/2019\/06\/4-768x576.jpg 768w\" sizes=\"auto, (max-width: 960px) 100vw, 960px\" \/><\/a><\/p>\n<p>Opr\u00f3cz profesjonalnego przygotowania roweru do rozpoczynaj\u0105cego si\u0119 sezonu go\u015bcie mogli r\u00f3wnie\u017c skorzysta\u0107 z mo\u017cliwo\u015bci oznakowania swojego jedno\u015bladu przez stra\u017c miejsk\u0105, kt\u00f3ra w trakcie wydarzenia prowadzi\u0142a akcj\u0119 \u201eBezpieczny rower\u201d polegaj\u0105c\u0105 na grawerowaniu indywidualnego numeru na ramie oraz wydawaniu odpowiednich dokument\u00f3w potwierdzaj\u0105cych znakowanie.<\/p>\n<p><a href=\"https:\/\/d2p6e6u75xmxt8.cloudfront.net\/5\/2019\/06\/5.jpg\"><img loading=\"lazy\" decoding=\"async\" class=\"aligncenter size-full wp-image-9047\" src=\"https:\/\/d2p6e6u75xmxt8.cloudfront.net\/5\/2019\/06\/5.jpg\" alt=\"\" width=\"1131\" height=\"849\" srcset=\"https:\/\/d2p6e6u75xmxt8.cloudfront.net\/5\/2019\/06\/5.jpg 1131w, https:\/\/d2p6e6u75xmxt8.cloudfront.net\/5\/2019\/06\/5-300x225.jpg 300w, https:\/\/d2p6e6u75xmxt8.cloudfront.net\/5\/2019\/06\/5-768x577.jpg 768w, https:\/\/d2p6e6u75xmxt8.cloudfront.net\/5\/2019\/06\/5-1024x769.jpg 1024w\" sizes=\"auto, (max-width: 1131px) 100vw, 1131px\" \/><\/a><\/p>\n<p>Impreza mia\u0142a charakter rodzinny \u2013 ka\u017cde dziecko, kt\u00f3re w pi\u0105tek i sobot\u0119 odwiedzi\u0142o salon, otrzyma\u0142o maskotk\u0119.<\/p>\n<p><a href=\"https:\/\/d2p6e6u75xmxt8.cloudfront.net\/5\/2019\/06\/7.jpg\"><img loading=\"lazy\" decoding=\"async\" class=\"aligncenter size-full wp-image-9049\" src=\"https:\/\/d2p6e6u75xmxt8.cloudfront.net\/5\/2019\/06\/7.jpg\" alt=\"\" width=\"720\" height=\"960\" srcset=\"https:\/\/d2p6e6u75xmxt8.cloudfront.net\/5\/2019\/06\/7.jpg 720w, https:\/\/d2p6e6u75xmxt8.cloudfront.net\/5\/2019\/06\/7-225x300.jpg 225w\" sizes=\"auto, (max-width: 720px) 100vw, 720px\" \/><\/a><\/p>\n<p>Nie tylko najm\u0142odsi mogli znale\u017a\u0107 co\u015b dla siebie. Na doros\u0142ych go\u015bci salonu czeka\u0142a mo\u017cliwo\u015b\u0107 walki o rower MTB marki \u0160koda. Konkurs polega\u0142 na przejechaniu dystansu 3 km w jak najkr\u00f3tszym czasie na rowerze stacjonarnym. Wszystko odbywa\u0142o si\u0119 pod okiem profesjonalnych trener\u00f3w personalnych. Zwyci\u0119zca konkursu osi\u0105gn\u0105\u0142 czas 3:15 s. Dwa kolejne wyniki r\u00f3wnie\u017c zosta\u0142y nagrodzone.<\/p>\n<p>Salon ju\u017c teraz planuje r\u00f3wnie udane rozpocz\u0119cie przysz\u0142orocznego sezonu rowerowego wsp\u00f3lnie z mark\u0105 \u0160koda.<\/p>\n<figure id=\"attachment_9044\" aria-describedby=\"caption-attachment-9044\" style=\"width: 1259px\" class=\"wp-caption aligncenter\"><a href=\"https:\/\/d2p6e6u75xmxt8.cloudfront.net\/5\/2019\/06\/SKODA-BEDNAREK.jpg\"><img loading=\"lazy\" decoding=\"async\" class=\"wp-image-9044 size-full\" src=\"https:\/\/d2p6e6u75xmxt8.cloudfront.net\/5\/2019\/06\/SKODA-BEDNAREK.jpg\" alt=\"\" width=\"1259\" height=\"834\" srcset=\"https:\/\/d2p6e6u75xmxt8.cloudfront.net\/5\/2019\/06\/SKODA-BEDNAREK.jpg 1259w, https:\/\/d2p6e6u75xmxt8.cloudfront.net\/5\/2019\/06\/SKODA-BEDNAREK-300x199.jpg 300w, https:\/\/d2p6e6u75xmxt8.cloudfront.net\/5\/2019\/06\/SKODA-BEDNAREK-768x509.jpg 768w, https:\/\/d2p6e6u75xmxt8.cloudfront.net\/5\/2019\/06\/SKODA-BEDNAREK-1024x678.jpg 1024w\" sizes=\"auto, (max-width: 1259px) 100vw, 1259px\" \/><\/a><figcaption id=\"caption-attachment-9044\" class=\"wp-caption-text\">Zapis WLTP pod zdj\u0119ciami. W zale\u017cno\u015bci od modelu, wariantu i wersji zu\u017cycie paliwa w cyklu mieszanym od 4,6l\/100km do 9,4\/100km, emisja CO2 od\u00a0114g\/km do 217g\/km (dane na podstawie \u015bwiadectw homologacji typu). Zu\u017cycie paliwa i emisja CO2 zosta\u0142o okre\u015blone zgodnie z procedur\u0105 WLTP. O szczeg\u00f3\u0142y zapytaj Autoryzowanego Dealera Marki \u0160koda lub sprawd\u017a na stronie WLTP \/ zu\u017cycie paliwa i emisja CO2.<\/figcaption><\/figure>\n<style type=\"text\/css\"><!--td {border: 1px solid #ccc;}br {mso-data-placement:same-cell;}--><\/style>\n<p><span data-sheets-value=\"{&quot;1&quot;:2,&quot;2&quot;:&quot;Artyku\u0142 powsta\u0142 we wsp\u00f3\u0142pracy ze skoda-auto.pl&quot;}\" data-sheets-userformat=\"{&quot;2&quot;:1,&quot;3&quot;:{&quot;1&quot;:0}}\"><a class=\"in-cell-link\" href=\"http:\/\/www.skoda-auto.pl\/\" target=\"_blank\" rel=\"noopener\">Artyku\u0142 powsta\u0142 we wsp\u00f3\u0142pracy ze skoda-auto.pl<\/a><\/span><\/p>\n<p>&nbsp;<\/p>\n","protected":false},"excerpt":{"rendered":"<p>W jeden z wiosennych weekend\u00f3w w \u0142\u00f3dzkim salonie \u0160koda Bednarek odby\u0142 si\u0119 dwudniowy event pod tytu\u0142em \u201eAktywny weekend w \u0160koda [&hellip;]<\/p>\n","protected":false},"author":76,"featured_media":9048,"comment_status":"open","ping_status":"open","sticky":false,"template":"","format":"standard","meta":{"footnotes":""},"categories":[268],"tags":[],"global-categories":[],"class_list":["post-9043","post","type-post","status-publish","format-standard","has-post-thumbnail","hentry","category-rodzina"],"yoast_head":"<!-- This site is optimized with the Yoast SEO Premium plugin v25.3 (Yoast SEO v25.9) - https:\/\/yoast.com\/wordpress\/plugins\/seo\/ -->\n<title>Aktywny weekend w \u0160koda Bednarek \u2013 \u0160koda Nap\u0119dza Rowery - \u0160koda We Love Cycling - Poland<\/title>\n<meta name=\"robots\" content=\"index, follow, max-snippet:-1, max-image-preview:large, max-video-preview:-1\" \/>\n<link rel=\"canonical\" href=\"https:\/\/www.welovecycling.com\/pl\/2019\/06\/07\/aktywny-weekend-w-skoda-bednarek-skoda-napedza-rowery\/\" \/>\n<meta property=\"og:locale\" content=\"pl_PL\" \/>\n<meta property=\"og:type\" content=\"article\" \/>\n<meta property=\"og:title\" content=\"Aktywny weekend w \u0160koda Bednarek \u2013 \u0160koda Nap\u0119dza Rowery\" \/>\n<meta property=\"og:description\" content=\"W jeden z wiosennych weekend\u00f3w w \u0142\u00f3dzkim salonie \u0160koda Bednarek odby\u0142 si\u0119 dwudniowy event pod tytu\u0142em \u201eAktywny weekend w \u0160koda [&hellip;]\" \/>\n<meta property=\"og:url\" content=\"https:\/\/www.welovecycling.com\/pl\/2019\/06\/07\/aktywny-weekend-w-skoda-bednarek-skoda-napedza-rowery\/\" \/>\n<meta property=\"og:site_name\" content=\"\u0160koda We Love Cycling - Poland\" \/>\n<meta property=\"article:published_time\" content=\"2019-06-07T15:48:30+00:00\" \/>\n<meta property=\"article:modified_time\" content=\"2019-06-10T07:46:16+00:00\" \/>\n<meta property=\"og:image\" content=\"https:\/\/d2p6e6u75xmxt8.cloudfront.net\/5\/2019\/06\/6.jpg\" \/>\n\t<meta property=\"og:image:width\" content=\"1173\" \/>\n\t<meta property=\"og:image:height\" content=\"880\" \/>\n\t<meta property=\"og:image:type\" content=\"image\/jpeg\" \/>\n<meta name=\"author\" content=\"piotrboczkowski\" \/>\n<meta name=\"twitter:card\" content=\"summary_large_image\" \/>\n<meta name=\"twitter:label1\" content=\"Written by\" \/>\n\t<meta name=\"twitter:data1\" content=\"PR\" \/>\n\t<meta name=\"twitter:label2\" content=\"Est. reading time\" \/>\n\t<meta name=\"twitter:data2\" content=\"2 minutes\" \/>\n<script type=\"application\/ld+json\" class=\"yoast-schema-graph\">{\"@context\":\"https:\/\/schema.org\",\"@graph\":[{\"@type\":\"WebPage\",\"@id\":\"https:\/\/www.welovecycling.com\/pl\/2019\/06\/07\/aktywny-weekend-w-skoda-bednarek-skoda-napedza-rowery\/\",\"url\":\"https:\/\/www.welovecycling.com\/pl\/2019\/06\/07\/aktywny-weekend-w-skoda-bednarek-skoda-napedza-rowery\/\",\"name\":\"Aktywny weekend w \u0160koda Bednarek \u2013 \u0160koda Nap\u0119dza Rowery - \u0160koda We Love Cycling - Poland\",\"isPartOf\":{\"@id\":\"https:\/\/www.welovecycling.com\/pl\/#website\"},\"primaryImageOfPage\":{\"@id\":\"https:\/\/www.welovecycling.com\/pl\/2019\/06\/07\/aktywny-weekend-w-skoda-bednarek-skoda-napedza-rowery\/#primaryimage\"},\"image\":{\"@id\":\"https:\/\/www.welovecycling.com\/pl\/2019\/06\/07\/aktywny-weekend-w-skoda-bednarek-skoda-napedza-rowery\/#primaryimage\"},\"thumbnailUrl\":\"https:\/\/d2p6e6u75xmxt8.cloudfront.net\/5\/2019\/06\/6.jpg\",\"datePublished\":\"2019-06-07T15:48:30+00:00\",\"dateModified\":\"2019-06-10T07:46:16+00:00\",\"author\":{\"@id\":\"https:\/\/www.welovecycling.com\/pl\/#\/schema\/person\/0dba2d39da943db9df3fd8f4687e7f23\"},\"breadcrumb\":{\"@id\":\"https:\/\/www.welovecycling.com\/pl\/2019\/06\/07\/aktywny-weekend-w-skoda-bednarek-skoda-napedza-rowery\/#breadcrumb\"},\"inLanguage\":\"pl-PL\",\"potentialAction\":[{\"@type\":\"ReadAction\",\"target\":[\"https:\/\/www.welovecycling.com\/pl\/2019\/06\/07\/aktywny-weekend-w-skoda-bednarek-skoda-napedza-rowery\/\"]}]},{\"@type\":\"ImageObject\",\"inLanguage\":\"pl-PL\",\"@id\":\"https:\/\/www.welovecycling.com\/pl\/2019\/06\/07\/aktywny-weekend-w-skoda-bednarek-skoda-napedza-rowery\/#primaryimage\",\"url\":\"https:\/\/d2p6e6u75xmxt8.cloudfront.net\/5\/2019\/06\/6.jpg\",\"contentUrl\":\"https:\/\/d2p6e6u75xmxt8.cloudfront.net\/5\/2019\/06\/6.jpg\",\"width\":1173,\"height\":880},{\"@type\":\"BreadcrumbList\",\"@id\":\"https:\/\/www.welovecycling.com\/pl\/2019\/06\/07\/aktywny-weekend-w-skoda-bednarek-skoda-napedza-rowery\/#breadcrumb\",\"itemListElement\":[{\"@type\":\"ListItem\",\"position\":1,\"name\":\"Home\",\"item\":\"https:\/\/www.welovecycling.com\/pl\/\"},{\"@type\":\"ListItem\",\"position\":2,\"name\":\"Aktywny weekend w \u0160koda Bednarek \u2013 \u0160koda Nap\u0119dza Rowery\"}]},{\"@type\":\"WebSite\",\"@id\":\"https:\/\/www.welovecycling.com\/pl\/#website\",\"url\":\"https:\/\/www.welovecycling.com\/pl\/\",\"name\":\"\u0160koda We Love Cycling - Poland\",\"description\":\"\",\"potentialAction\":[{\"@type\":\"SearchAction\",\"target\":{\"@type\":\"EntryPoint\",\"urlTemplate\":\"https:\/\/www.welovecycling.com\/pl\/?s={search_term_string}\"},\"query-input\":{\"@type\":\"PropertyValueSpecification\",\"valueRequired\":true,\"valueName\":\"search_term_string\"}}],\"inLanguage\":\"pl-PL\"},{\"@type\":\"Person\",\"@id\":\"https:\/\/www.welovecycling.com\/pl\/#\/schema\/person\/0dba2d39da943db9df3fd8f4687e7f23\",\"name\":\"piotrboczkowski\",\"image\":{\"@type\":\"ImageObject\",\"inLanguage\":\"pl-PL\",\"@id\":\"https:\/\/www.welovecycling.com\/pl\/#\/schema\/person\/image\/\",\"url\":\"https:\/\/secure.gravatar.com\/avatar\/533caccae14752e03a2ce2d3fd62d1b98b93e1393c3195c27819e53344ca1ace?s=96&d=mm&r=g\",\"contentUrl\":\"https:\/\/secure.gravatar.com\/avatar\/533caccae14752e03a2ce2d3fd62d1b98b93e1393c3195c27819e53344ca1ace?s=96&d=mm&r=g\",\"caption\":\"piotrboczkowski\"},\"url\":\"https:\/\/www.welovecycling.com\/pl\/author\/piotrboczkowski\/\"}]}<\/script>\n<!-- \/ Yoast SEO Premium plugin. -->","yoast_head_json":{"title":"Aktywny weekend w \u0160koda Bednarek \u2013 \u0160koda Nap\u0119dza Rowery - \u0160koda We Love Cycling - Poland","robots":{"index":"index","follow":"follow","max-snippet":"max-snippet:-1","max-image-preview":"max-image-preview:large","max-video-preview":"max-video-preview:-1"},"canonical":"https:\/\/www.welovecycling.com\/pl\/2019\/06\/07\/aktywny-weekend-w-skoda-bednarek-skoda-napedza-rowery\/","og_locale":"pl_PL","og_type":"article","og_title":"Aktywny weekend w \u0160koda Bednarek \u2013 \u0160koda Nap\u0119dza Rowery","og_description":"W jeden z wiosennych weekend\u00f3w w \u0142\u00f3dzkim salonie \u0160koda Bednarek odby\u0142 si\u0119 dwudniowy event pod tytu\u0142em \u201eAktywny weekend w \u0160koda [&hellip;]","og_url":"https:\/\/www.welovecycling.com\/pl\/2019\/06\/07\/aktywny-weekend-w-skoda-bednarek-skoda-napedza-rowery\/","og_site_name":"\u0160koda We Love Cycling - Poland","article_published_time":"2019-06-07T15:48:30+00:00","article_modified_time":"2019-06-10T07:46:16+00:00","og_image":[{"width":1173,"height":880,"url":"https:\/\/d2p6e6u75xmxt8.cloudfront.net\/5\/2019\/06\/6.jpg","type":"image\/jpeg"}],"author":"piotrboczkowski","twitter_card":"summary_large_image","twitter_misc":{"Written by":"PR","Est. reading time":"2 minutes"},"schema":{"@context":"https:\/\/schema.org","@graph":[{"@type":"WebPage","@id":"https:\/\/www.welovecycling.com\/pl\/2019\/06\/07\/aktywny-weekend-w-skoda-bednarek-skoda-napedza-rowery\/","url":"https:\/\/www.welovecycling.com\/pl\/2019\/06\/07\/aktywny-weekend-w-skoda-bednarek-skoda-napedza-rowery\/","name":"Aktywny weekend w \u0160koda Bednarek \u2013 \u0160koda Nap\u0119dza Rowery - \u0160koda We Love Cycling - Poland","isPartOf":{"@id":"https:\/\/www.welovecycling.com\/pl\/#website"},"primaryImageOfPage":{"@id":"https:\/\/www.welovecycling.com\/pl\/2019\/06\/07\/aktywny-weekend-w-skoda-bednarek-skoda-napedza-rowery\/#primaryimage"},"image":{"@id":"https:\/\/www.welovecycling.com\/pl\/2019\/06\/07\/aktywny-weekend-w-skoda-bednarek-skoda-napedza-rowery\/#primaryimage"},"thumbnailUrl":"https:\/\/d2p6e6u75xmxt8.cloudfront.net\/5\/2019\/06\/6.jpg","datePublished":"2019-06-07T15:48:30+00:00","dateModified":"2019-06-10T07:46:16+00:00","author":{"@id":"https:\/\/www.welovecycling.com\/pl\/#\/schema\/person\/0dba2d39da943db9df3fd8f4687e7f23"},"breadcrumb":{"@id":"https:\/\/www.welovecycling.com\/pl\/2019\/06\/07\/aktywny-weekend-w-skoda-bednarek-skoda-napedza-rowery\/#breadcrumb"},"inLanguage":"pl-PL","potentialAction":[{"@type":"ReadAction","target":["https:\/\/www.welovecycling.com\/pl\/2019\/06\/07\/aktywny-weekend-w-skoda-bednarek-skoda-napedza-rowery\/"]}]},{"@type":"ImageObject","inLanguage":"pl-PL","@id":"https:\/\/www.welovecycling.com\/pl\/2019\/06\/07\/aktywny-weekend-w-skoda-bednarek-skoda-napedza-rowery\/#primaryimage","url":"https:\/\/d2p6e6u75xmxt8.cloudfront.net\/5\/2019\/06\/6.jpg","contentUrl":"https:\/\/d2p6e6u75xmxt8.cloudfront.net\/5\/2019\/06\/6.jpg","width":1173,"height":880},{"@type":"BreadcrumbList","@id":"https:\/\/www.welovecycling.com\/pl\/2019\/06\/07\/aktywny-weekend-w-skoda-bednarek-skoda-napedza-rowery\/#breadcrumb","itemListElement":[{"@type":"ListItem","position":1,"name":"Home","item":"https:\/\/www.welovecycling.com\/pl\/"},{"@type":"ListItem","position":2,"name":"Aktywny weekend w \u0160koda Bednarek \u2013 \u0160koda Nap\u0119dza Rowery"}]},{"@type":"WebSite","@id":"https:\/\/www.welovecycling.com\/pl\/#website","url":"https:\/\/www.welovecycling.com\/pl\/","name":"\u0160koda We Love Cycling - Poland","description":"","potentialAction":[{"@type":"SearchAction","target":{"@type":"EntryPoint","urlTemplate":"https:\/\/www.welovecycling.com\/pl\/?s={search_term_string}"},"query-input":{"@type":"PropertyValueSpecification","valueRequired":true,"valueName":"search_term_string"}}],"inLanguage":"pl-PL"},{"@type":"Person","@id":"https:\/\/www.welovecycling.com\/pl\/#\/schema\/person\/0dba2d39da943db9df3fd8f4687e7f23","name":"piotrboczkowski","image":{"@type":"ImageObject","inLanguage":"pl-PL","@id":"https:\/\/www.welovecycling.com\/pl\/#\/schema\/person\/image\/","url":"https:\/\/secure.gravatar.com\/avatar\/533caccae14752e03a2ce2d3fd62d1b98b93e1393c3195c27819e53344ca1ace?s=96&d=mm&r=g","contentUrl":"https:\/\/secure.gravatar.com\/avatar\/533caccae14752e03a2ce2d3fd62d1b98b93e1393c3195c27819e53344ca1ace?s=96&d=mm&r=g","caption":"piotrboczkowski"},"url":"https:\/\/www.welovecycling.com\/pl\/author\/piotrboczkowski\/"}]}},"_links":{"self":[{"href":"https:\/\/www.welovecycling.com\/pl\/wp-json\/wp\/v2\/posts\/9043","targetHints":{"allow":["GET"]}}],"collection":[{"href":"https:\/\/www.welovecycling.com\/pl\/wp-json\/wp\/v2\/posts"}],"about":[{"href":"https:\/\/www.welovecycling.com\/pl\/wp-json\/wp\/v2\/types\/post"}],"author":[{"embeddable":true,"href":"https:\/\/www.welovecycling.com\/pl\/wp-json\/wp\/v2\/users\/76"}],"replies":[{"embeddable":true,"href":"https:\/\/www.welovecycling.com\/pl\/wp-json\/wp\/v2\/comments?post=9043"}],"version-history":[{"count":2,"href":"https:\/\/www.welovecycling.com\/pl\/wp-json\/wp\/v2\/posts\/9043\/revisions"}],"predecessor-version":[{"id":9053,"href":"https:\/\/www.welovecycling.com\/pl\/wp-json\/wp\/v2\/posts\/9043\/revisions\/9053"}],"wp:featuredmedia":[{"embeddable":true,"href":"https:\/\/www.welovecycling.com\/pl\/wp-json\/wp\/v2\/media\/9048"}],"wp:attachment":[{"href":"https:\/\/www.welovecycling.com\/pl\/wp-json\/wp\/v2\/media?parent=9043"}],"wp:term":[{"taxonomy":"category","embeddable":true,"href":"https:\/\/www.welovecycling.com\/pl\/wp-json\/wp\/v2\/categories?post=9043"},{"taxonomy":"post_tag","embeddable":true,"href":"https:\/\/www.welovecycling.com\/pl\/wp-json\/wp\/v2\/tags?post=9043"},{"taxonomy":"global-categories","embeddable":true,"href":"https:\/\/www.welovecycling.com\/pl\/wp-json\/wp\/v2\/global-categories?post=9043"}],"curies":[{"name":"wp","href":"https:\/\/api.w.org\/{rel}","templated":true}]}}