{"id":9013,"date":"2019-06-03T11:57:31","date_gmt":"2019-06-03T11:57:31","guid":{"rendered":"https:\/\/www.welovecycling.com\/pl\/?p=9013"},"modified":"2019-06-03T11:57:31","modified_gmt":"2019-06-03T11:57:31","slug":"piekna-historia-na-giro-ditalia","status":"publish","type":"post","link":"https:\/\/www.welovecycling.com\/pl\/2019\/06\/03\/piekna-historia-na-giro-ditalia\/","title":{"rendered":"Pi\u0119kna historia na Giro d\u2019Italia!"},"content":{"rendered":"<p><strong>&#8211; <em>Nikt nie wierzy\u0142, \u017ce mi si\u0119 uda<\/em> \u2013 m\u00f3wi\u0142 ze \u0142zami w oczach Richard Carapaz. Ekwadorczyk sprawi\u0142 nie lada niespodziank\u0119 i wygra\u0142 102. Giro d\u2019Italia!<\/strong><\/p>\n<p>Takie historie w kolarstwie s\u0105 najpi\u0119kniejsze! Carapaz (Movistar) wje\u017cd\u017caj\u0105c na r\u00f3\u017cowy dywan w amfiteatrze w Weronie wygl\u0105da\u0142 jak staro\u017cytny wojownik. Tyle \u017ce walczy\u0142 nie o \u017cycie, ale o ukradni\u0119cie ka\u017cdej cennej sekundy. Stawka by\u0142a ogromna \u2013 historyczne zwyci\u0119stwo w Giro d\u2019Italia.<\/p>\n<p>Komentator telewizyjny krzycza\u0142, \u015bpiewa\u0142, a w pewnym momencie s\u0142owo \u201emistrz\u201d wypuszcza\u0142 z ust z pr\u0119dko\u015bci\u0105 karabinu maszynowego. Sam Carapaz na mecie nie wytrzyma\u0142 i rozp\u0142aka\u0142 si\u0119 jak dziecko. \u2013 Sta\u0142o si\u0119 \u2013 jestem zwyci\u0119zc\u0105 Giro d\u2019Italia! \u2013 nie kry\u0142 emocji.<\/p>\n<figure id=\"attachment_9014\" aria-describedby=\"caption-attachment-9014\" style=\"width: 1024px\" class=\"wp-caption aligncenter\"><a href=\"https:\/\/d2p6e6u75xmxt8.cloudfront.net\/5\/2019\/06\/355-3-1024x355.jpg\"><img loading=\"lazy\" decoding=\"async\" class=\"wp-image-9014 size-full\" src=\"https:\/\/d2p6e6u75xmxt8.cloudfront.net\/5\/2019\/06\/355-3-1024x355.jpg\" alt=\"\" width=\"1024\" height=\"355\" srcset=\"https:\/\/d2p6e6u75xmxt8.cloudfront.net\/5\/2019\/06\/355-3-1024x355.jpg 1024w, https:\/\/d2p6e6u75xmxt8.cloudfront.net\/5\/2019\/06\/355-3-1024x355-300x104.jpg 300w, https:\/\/d2p6e6u75xmxt8.cloudfront.net\/5\/2019\/06\/355-3-1024x355-768x266.jpg 768w\" sizes=\"auto, (max-width: 1024px) 100vw, 1024px\" \/><\/a><figcaption id=\"caption-attachment-9014\" class=\"wp-caption-text\">http:\/\/www.giroditalia.it\/eng\/news\/richard-carapaz-ha-vinto-il-giro-ditalia-2019\/#<\/figcaption><\/figure>\n<p>&nbsp;<\/p>\n<p><span style=\"font-size: 18pt;\"><strong>Sza\u0142 w Ekwadorze<\/strong><\/span><\/p>\n<p>Przed startem nie wymieniano go w gronie faworyt\u00f3w i nie ma si\u0119 co dziwi\u0107 &#8211; co prawda poprzednie Giro d\u2019Italia sko\u0144czy\u0142 na czwartym miejscu, ale poza tym by\u0142 jednym z wielu kolarzy, dla kt\u00f3rych w peletonie zarezerwowane s\u0105 role drugo &#8211; i trzecioplanowe.<\/p>\n<p>Tym razem kluczowe okaza\u0142o si\u0119 jednak wygranie 14. etapu po samotnej ucieczce. To wtedy Carapaz po raz pierwszy za\u0142o\u017cy\u0142 r\u00f3\u017cow\u0105 koszulk\u0119, kt\u00f3rej ju\u017c do ko\u0144ca wy\u015bcigu strzeg\u0142 jak oka w g\u0142owie. I cho\u0107 w niedzielnej czas\u00f3wce zaj\u0105\u0142 dopiero 36. miejsce, to przewaga z poprzednich etap\u00f3w okaza\u0142o si\u0119 wystarczaj\u0105ca.<\/p>\n<p>\u2013 Trzy tygodnie temu nikt nie wymienia\u0142 mnie w gronie faworyt\u00f3w. Nikt nie wierzy\u0142, \u017ce mog\u0119 zwyci\u0119\u017cy\u0107. Stoj\u0119 tutaj w r\u00f3\u017cowej koszulce i mam swoje nazwisko wygrawerowane na trofeum\u2026 To wspania\u0142e uczucie! \u2013 podkre\u015bla\u0142 Carapaz, z kt\u00f3rym we w\u0142oskim amfiteatrze \u015bwi\u0119towa\u0142a grupa rodak\u00f3w.<\/p>\n<p>Prawdziwy sza\u0142 ogarn\u0105\u0142 jednak ca\u0142y Ekwador, poniewa\u017c po raz pierwszy w historii kolarz z tego pa\u0144stwa triumfowa\u0142 w wielkim wy\u015bcigu. \u2013 Od rana trwa tutaj szale\u0144stwo kibic\u00f3w z Ekwadoru. S\u0105 przeszcz\u0119\u015bliwi \u2013 relacjonowa\u0142 na antenie Eurosportu dziennikarz Adam Probosz, kt\u00f3ry komentowa\u0142 Giro z W\u0142och.<\/p>\n<p>&#8211; Nie jestem nawet w stanie wyobrazi\u0107 sobie, co teraz dzieje si\u0119 w moim kraju \u2013 przyzna\u0142 Carapaz, kt\u00f3ry w klasyfikacji generalnej wyprzedzi\u0142 Vincenzo Nibaliego (Bahrain &#8211; Merida) i Primo\u017ca Roglicia (Jumbo &#8211; Visma).<\/p>\n<p><span style=\"font-size: 18pt;\"><strong>Trzy lata Rafa\u0142a Majki<\/strong><\/span><\/p>\n<p>Nie\u017ale w Giro d\u2019Italia spisa\u0142 si\u0119 Rafa\u0142 Majka (Bora &#8211; Hansgrohe), cho\u0107 apetyty by\u0142y nieco wi\u0119ksze. Polak celowa\u0142 w podium, ale ostatecznie sko\u0144czy\u0142 wy\u015bcig na sz\u00f3stym miejscu.<\/p>\n<p>&#8211; Dobrze czu\u0142em si\u0119 zw\u0142aszcza przez pierwsze dwa tygodnie. P\u00f3\u017aniej zrobi\u0142o si\u0119 zimno i kr\u0119ci\u0142em poni\u017cej moich oczekiwa\u0144 \u2013 przyzna\u0142 Majka na antenie Eurosportu.<\/p>\n<p>&#8211; Jestem jednak zadowolony z tego Giro, dalej tworz\u0119 histori\u0119. Chcia\u0142bym kiedy\u015b sko\u0144czy\u0107 ten wy\u015bcig w tr\u00f3jce i mie\u0107 taki pakiet: Vuelta, Giro i mo\u017ce kiedy\u015b Tour de France. Wygra\u0107 etap w Giro te\u017c by\u0142oby fajnie&#8230; Mam dopiero trzydzie\u015bci lat, wi\u0119c stary nie jestem. Daj\u0119 sobie jeszcze trzy lata na dobre \u015bciganie. Jak po tym okresie nie wyjdzie, mo\u017cecie mi powiedzie\u0107, \u017ce to koniec \u2013 doda\u0142 Polak.<\/p>\n<p>We W\u0142oszech jecha\u0142a r\u00f3wnie\u017c polska ekipa CCC. \u017badnego etapu nie uda\u0142o jej si\u0119 wygra\u0107, ale Victor de la Parte (21. miejsce w klasyfikacji generalnej) czy \u0141ukasz Owsian (73.) pokazali, \u017ce wcale nie musz\u0105 odstawa\u0107 od najlepszych.<\/p>\n<p>Klasyfikacj\u0119 g\u00f3rsk\u0105 tegorocznego Giro wygra\u0142 Pascal Ackermann (Bora-Hansgrohe), punktow\u0105 Giulio Ciccone (Trek-Segafredo), m\u0142odzie\u017cow\u0105 Miguel Angel Lopez (Astana Pro Team) , sprintersk\u0105 Fausto Masnada (Androni Giocattoli-Sidermec) , a zespo\u0142ow\u0105 ekipa Movistaru.<\/p>\n<p>Po emocjach zwi\u0105zanych z Giro d\u2019Italia rozpoczyna si\u0119 odliczanie do najwi\u0119kszego kolarskiego wy\u015bcigu \u015bwiata \u2013 Tour de France. Do startu Wielkiej P\u0119tli pozosta\u0142o ju\u017c niewiele ponad miesi\u0105c, bo 106. edycja zaczyna si\u0119 6 lipca w Brukseli.<\/p>\n<style type=\"text\/css\"><!--td {border: 1px solid #ccc;}br {mso-data-placement:same-cell;}--><\/style>\n<p><span data-sheets-value=\"{&quot;1&quot;:2,&quot;2&quot;:&quot;Artyku\u0142 powsta\u0142 we wsp\u00f3\u0142pracy ze skoda-auto.pl&quot;}\" data-sheets-userformat=\"{&quot;2&quot;:1,&quot;3&quot;:{&quot;1&quot;:0}}\"><a class=\"in-cell-link\" href=\"http:\/\/www.skoda-auto.pl\/\" target=\"_blank\" rel=\"noopener\">Artyku\u0142 powsta\u0142 we wsp\u00f3\u0142pracy ze skoda-auto.pl<\/a><\/span><\/p>\n","protected":false},"excerpt":{"rendered":"<p>&#8211; Nikt nie wierzy\u0142, \u017ce mi si\u0119 uda \u2013 m\u00f3wi\u0142 ze \u0142zami w oczach Richard Carapaz. Ekwadorczyk sprawi\u0142 nie lada [&hellip;]<\/p>\n","protected":false},"author":76,"featured_media":9014,"comment_status":"open","ping_status":"open","sticky":false,"template":"","format":"standard","meta":{"footnotes":""},"categories":[6,295],"tags":[],"global-categories":[],"class_list":["post-9013","post","type-post","status-publish","format-standard","has-post-thumbnail","hentry","category-kolarstwo-szosowe","category-zawody"],"yoast_head":"<!-- This site is optimized with the Yoast SEO Premium plugin v25.3 (Yoast SEO v25.9) - https:\/\/yoast.com\/wordpress\/plugins\/seo\/ -->\n<title>Pi\u0119kna historia na Giro d\u2019Italia! - \u0160koda We Love Cycling - Poland<\/title>\n<meta name=\"description\" content=\"- Nikt nie wierzy\u0142, \u017ce mi si\u0119 uda \u2013 m\u00f3wi\u0142 ze \u0142zami w oczach Richard Carapaz. Ekwadorczyk sprawi\u0142 nie lada niespodziank\u0119 i wygra\u0142 102. Giro d\u2019Italia!\" \/>\n<meta name=\"robots\" content=\"index, follow, max-snippet:-1, max-image-preview:large, max-video-preview:-1\" \/>\n<link rel=\"canonical\" href=\"https:\/\/www.welovecycling.com\/pl\/2019\/06\/03\/piekna-historia-na-giro-ditalia\/\" \/>\n<meta property=\"og:locale\" content=\"pl_PL\" \/>\n<meta property=\"og:type\" content=\"article\" \/>\n<meta property=\"og:title\" content=\"Pi\u0119kna historia na Giro d\u2019Italia!\" \/>\n<meta property=\"og:description\" content=\"- Nikt nie wierzy\u0142, \u017ce mi si\u0119 uda \u2013 m\u00f3wi\u0142 ze \u0142zami w oczach Richard Carapaz. Ekwadorczyk sprawi\u0142 nie lada niespodziank\u0119 i wygra\u0142 102. Giro d\u2019Italia!\" \/>\n<meta property=\"og:url\" content=\"https:\/\/www.welovecycling.com\/pl\/2019\/06\/03\/piekna-historia-na-giro-ditalia\/\" \/>\n<meta property=\"og:site_name\" content=\"\u0160koda We Love Cycling - Poland\" \/>\n<meta property=\"article:published_time\" content=\"2019-06-03T11:57:31+00:00\" \/>\n<meta property=\"og:image\" content=\"https:\/\/d2p6e6u75xmxt8.cloudfront.net\/5\/2019\/06\/355-3-1024x355.jpg\" \/>\n\t<meta property=\"og:image:width\" content=\"1024\" \/>\n\t<meta property=\"og:image:height\" content=\"355\" \/>\n\t<meta property=\"og:image:type\" content=\"image\/jpeg\" \/>\n<meta name=\"author\" content=\"piotrboczkowski\" \/>\n<meta name=\"twitter:card\" content=\"summary_large_image\" \/>\n<meta name=\"twitter:label1\" content=\"Written by\" \/>\n\t<meta name=\"twitter:data1\" content=\"Piotr Nowik\" \/>\n\t<meta name=\"twitter:label2\" content=\"Est. reading time\" \/>\n\t<meta name=\"twitter:data2\" content=\"3 minutes\" \/>\n<script type=\"application\/ld+json\" class=\"yoast-schema-graph\">{\"@context\":\"https:\/\/schema.org\",\"@graph\":[{\"@type\":\"WebPage\",\"@id\":\"https:\/\/www.welovecycling.com\/pl\/2019\/06\/03\/piekna-historia-na-giro-ditalia\/\",\"url\":\"https:\/\/www.welovecycling.com\/pl\/2019\/06\/03\/piekna-historia-na-giro-ditalia\/\",\"name\":\"Pi\u0119kna historia na Giro d\u2019Italia! - \u0160koda We Love Cycling - Poland\",\"isPartOf\":{\"@id\":\"https:\/\/www.welovecycling.com\/pl\/#website\"},\"primaryImageOfPage\":{\"@id\":\"https:\/\/www.welovecycling.com\/pl\/2019\/06\/03\/piekna-historia-na-giro-ditalia\/#primaryimage\"},\"image\":{\"@id\":\"https:\/\/www.welovecycling.com\/pl\/2019\/06\/03\/piekna-historia-na-giro-ditalia\/#primaryimage\"},\"thumbnailUrl\":\"https:\/\/d2p6e6u75xmxt8.cloudfront.net\/5\/2019\/06\/355-3-1024x355.jpg\",\"datePublished\":\"2019-06-03T11:57:31+00:00\",\"author\":{\"@id\":\"https:\/\/www.welovecycling.com\/pl\/#\/schema\/person\/0dba2d39da943db9df3fd8f4687e7f23\"},\"description\":\"- Nikt nie wierzy\u0142, \u017ce mi si\u0119 uda \u2013 m\u00f3wi\u0142 ze \u0142zami w oczach Richard Carapaz. Ekwadorczyk sprawi\u0142 nie lada niespodziank\u0119 i wygra\u0142 102. Giro d\u2019Italia!\",\"breadcrumb\":{\"@id\":\"https:\/\/www.welovecycling.com\/pl\/2019\/06\/03\/piekna-historia-na-giro-ditalia\/#breadcrumb\"},\"inLanguage\":\"pl-PL\",\"potentialAction\":[{\"@type\":\"ReadAction\",\"target\":[\"https:\/\/www.welovecycling.com\/pl\/2019\/06\/03\/piekna-historia-na-giro-ditalia\/\"]}]},{\"@type\":\"ImageObject\",\"inLanguage\":\"pl-PL\",\"@id\":\"https:\/\/www.welovecycling.com\/pl\/2019\/06\/03\/piekna-historia-na-giro-ditalia\/#primaryimage\",\"url\":\"https:\/\/d2p6e6u75xmxt8.cloudfront.net\/5\/2019\/06\/355-3-1024x355.jpg\",\"contentUrl\":\"https:\/\/d2p6e6u75xmxt8.cloudfront.net\/5\/2019\/06\/355-3-1024x355.jpg\",\"width\":1024,\"height\":355},{\"@type\":\"BreadcrumbList\",\"@id\":\"https:\/\/www.welovecycling.com\/pl\/2019\/06\/03\/piekna-historia-na-giro-ditalia\/#breadcrumb\",\"itemListElement\":[{\"@type\":\"ListItem\",\"position\":1,\"name\":\"Home\",\"item\":\"https:\/\/www.welovecycling.com\/pl\/\"},{\"@type\":\"ListItem\",\"position\":2,\"name\":\"Pi\u0119kna historia na Giro d\u2019Italia!\"}]},{\"@type\":\"WebSite\",\"@id\":\"https:\/\/www.welovecycling.com\/pl\/#website\",\"url\":\"https:\/\/www.welovecycling.com\/pl\/\",\"name\":\"\u0160koda We Love Cycling - Poland\",\"description\":\"\",\"potentialAction\":[{\"@type\":\"SearchAction\",\"target\":{\"@type\":\"EntryPoint\",\"urlTemplate\":\"https:\/\/www.welovecycling.com\/pl\/?s={search_term_string}\"},\"query-input\":{\"@type\":\"PropertyValueSpecification\",\"valueRequired\":true,\"valueName\":\"search_term_string\"}}],\"inLanguage\":\"pl-PL\"},{\"@type\":\"Person\",\"@id\":\"https:\/\/www.welovecycling.com\/pl\/#\/schema\/person\/0dba2d39da943db9df3fd8f4687e7f23\",\"name\":\"piotrboczkowski\",\"image\":{\"@type\":\"ImageObject\",\"inLanguage\":\"pl-PL\",\"@id\":\"https:\/\/www.welovecycling.com\/pl\/#\/schema\/person\/image\/\",\"url\":\"https:\/\/secure.gravatar.com\/avatar\/533caccae14752e03a2ce2d3fd62d1b98b93e1393c3195c27819e53344ca1ace?s=96&d=mm&r=g\",\"contentUrl\":\"https:\/\/secure.gravatar.com\/avatar\/533caccae14752e03a2ce2d3fd62d1b98b93e1393c3195c27819e53344ca1ace?s=96&d=mm&r=g\",\"caption\":\"piotrboczkowski\"},\"url\":\"https:\/\/www.welovecycling.com\/pl\/author\/piotrboczkowski\/\"}]}<\/script>\n<!-- \/ Yoast SEO Premium plugin. -->","yoast_head_json":{"title":"Pi\u0119kna historia na Giro d\u2019Italia! - \u0160koda We Love Cycling - Poland","description":"- Nikt nie wierzy\u0142, \u017ce mi si\u0119 uda \u2013 m\u00f3wi\u0142 ze \u0142zami w oczach Richard Carapaz. Ekwadorczyk sprawi\u0142 nie lada niespodziank\u0119 i wygra\u0142 102. Giro d\u2019Italia!","robots":{"index":"index","follow":"follow","max-snippet":"max-snippet:-1","max-image-preview":"max-image-preview:large","max-video-preview":"max-video-preview:-1"},"canonical":"https:\/\/www.welovecycling.com\/pl\/2019\/06\/03\/piekna-historia-na-giro-ditalia\/","og_locale":"pl_PL","og_type":"article","og_title":"Pi\u0119kna historia na Giro d\u2019Italia!","og_description":"- Nikt nie wierzy\u0142, \u017ce mi si\u0119 uda \u2013 m\u00f3wi\u0142 ze \u0142zami w oczach Richard Carapaz. Ekwadorczyk sprawi\u0142 nie lada niespodziank\u0119 i wygra\u0142 102. Giro d\u2019Italia!","og_url":"https:\/\/www.welovecycling.com\/pl\/2019\/06\/03\/piekna-historia-na-giro-ditalia\/","og_site_name":"\u0160koda We Love Cycling - Poland","article_published_time":"2019-06-03T11:57:31+00:00","og_image":[{"width":1024,"height":355,"url":"https:\/\/d2p6e6u75xmxt8.cloudfront.net\/5\/2019\/06\/355-3-1024x355.jpg","type":"image\/jpeg"}],"author":"piotrboczkowski","twitter_card":"summary_large_image","twitter_misc":{"Written by":"Piotr Nowik","Est. reading time":"3 minutes"},"schema":{"@context":"https:\/\/schema.org","@graph":[{"@type":"WebPage","@id":"https:\/\/www.welovecycling.com\/pl\/2019\/06\/03\/piekna-historia-na-giro-ditalia\/","url":"https:\/\/www.welovecycling.com\/pl\/2019\/06\/03\/piekna-historia-na-giro-ditalia\/","name":"Pi\u0119kna historia na Giro d\u2019Italia! - \u0160koda We Love Cycling - Poland","isPartOf":{"@id":"https:\/\/www.welovecycling.com\/pl\/#website"},"primaryImageOfPage":{"@id":"https:\/\/www.welovecycling.com\/pl\/2019\/06\/03\/piekna-historia-na-giro-ditalia\/#primaryimage"},"image":{"@id":"https:\/\/www.welovecycling.com\/pl\/2019\/06\/03\/piekna-historia-na-giro-ditalia\/#primaryimage"},"thumbnailUrl":"https:\/\/d2p6e6u75xmxt8.cloudfront.net\/5\/2019\/06\/355-3-1024x355.jpg","datePublished":"2019-06-03T11:57:31+00:00","author":{"@id":"https:\/\/www.welovecycling.com\/pl\/#\/schema\/person\/0dba2d39da943db9df3fd8f4687e7f23"},"description":"- Nikt nie wierzy\u0142, \u017ce mi si\u0119 uda \u2013 m\u00f3wi\u0142 ze \u0142zami w oczach Richard Carapaz. Ekwadorczyk sprawi\u0142 nie lada niespodziank\u0119 i wygra\u0142 102. Giro d\u2019Italia!","breadcrumb":{"@id":"https:\/\/www.welovecycling.com\/pl\/2019\/06\/03\/piekna-historia-na-giro-ditalia\/#breadcrumb"},"inLanguage":"pl-PL","potentialAction":[{"@type":"ReadAction","target":["https:\/\/www.welovecycling.com\/pl\/2019\/06\/03\/piekna-historia-na-giro-ditalia\/"]}]},{"@type":"ImageObject","inLanguage":"pl-PL","@id":"https:\/\/www.welovecycling.com\/pl\/2019\/06\/03\/piekna-historia-na-giro-ditalia\/#primaryimage","url":"https:\/\/d2p6e6u75xmxt8.cloudfront.net\/5\/2019\/06\/355-3-1024x355.jpg","contentUrl":"https:\/\/d2p6e6u75xmxt8.cloudfront.net\/5\/2019\/06\/355-3-1024x355.jpg","width":1024,"height":355},{"@type":"BreadcrumbList","@id":"https:\/\/www.welovecycling.com\/pl\/2019\/06\/03\/piekna-historia-na-giro-ditalia\/#breadcrumb","itemListElement":[{"@type":"ListItem","position":1,"name":"Home","item":"https:\/\/www.welovecycling.com\/pl\/"},{"@type":"ListItem","position":2,"name":"Pi\u0119kna historia na Giro d\u2019Italia!"}]},{"@type":"WebSite","@id":"https:\/\/www.welovecycling.com\/pl\/#website","url":"https:\/\/www.welovecycling.com\/pl\/","name":"\u0160koda We Love Cycling - Poland","description":"","potentialAction":[{"@type":"SearchAction","target":{"@type":"EntryPoint","urlTemplate":"https:\/\/www.welovecycling.com\/pl\/?s={search_term_string}"},"query-input":{"@type":"PropertyValueSpecification","valueRequired":true,"valueName":"search_term_string"}}],"inLanguage":"pl-PL"},{"@type":"Person","@id":"https:\/\/www.welovecycling.com\/pl\/#\/schema\/person\/0dba2d39da943db9df3fd8f4687e7f23","name":"piotrboczkowski","image":{"@type":"ImageObject","inLanguage":"pl-PL","@id":"https:\/\/www.welovecycling.com\/pl\/#\/schema\/person\/image\/","url":"https:\/\/secure.gravatar.com\/avatar\/533caccae14752e03a2ce2d3fd62d1b98b93e1393c3195c27819e53344ca1ace?s=96&d=mm&r=g","contentUrl":"https:\/\/secure.gravatar.com\/avatar\/533caccae14752e03a2ce2d3fd62d1b98b93e1393c3195c27819e53344ca1ace?s=96&d=mm&r=g","caption":"piotrboczkowski"},"url":"https:\/\/www.welovecycling.com\/pl\/author\/piotrboczkowski\/"}]}},"_links":{"self":[{"href":"https:\/\/www.welovecycling.com\/pl\/wp-json\/wp\/v2\/posts\/9013","targetHints":{"allow":["GET"]}}],"collection":[{"href":"https:\/\/www.welovecycling.com\/pl\/wp-json\/wp\/v2\/posts"}],"about":[{"href":"https:\/\/www.welovecycling.com\/pl\/wp-json\/wp\/v2\/types\/post"}],"author":[{"embeddable":true,"href":"https:\/\/www.welovecycling.com\/pl\/wp-json\/wp\/v2\/users\/76"}],"replies":[{"embeddable":true,"href":"https:\/\/www.welovecycling.com\/pl\/wp-json\/wp\/v2\/comments?post=9013"}],"version-history":[{"count":1,"href":"https:\/\/www.welovecycling.com\/pl\/wp-json\/wp\/v2\/posts\/9013\/revisions"}],"predecessor-version":[{"id":9015,"href":"https:\/\/www.welovecycling.com\/pl\/wp-json\/wp\/v2\/posts\/9013\/revisions\/9015"}],"wp:featuredmedia":[{"embeddable":true,"href":"https:\/\/www.welovecycling.com\/pl\/wp-json\/wp\/v2\/media\/9014"}],"wp:attachment":[{"href":"https:\/\/www.welovecycling.com\/pl\/wp-json\/wp\/v2\/media?parent=9013"}],"wp:term":[{"taxonomy":"category","embeddable":true,"href":"https:\/\/www.welovecycling.com\/pl\/wp-json\/wp\/v2\/categories?post=9013"},{"taxonomy":"post_tag","embeddable":true,"href":"https:\/\/www.welovecycling.com\/pl\/wp-json\/wp\/v2\/tags?post=9013"},{"taxonomy":"global-categories","embeddable":true,"href":"https:\/\/www.welovecycling.com\/pl\/wp-json\/wp\/v2\/global-categories?post=9013"}],"curies":[{"name":"wp","href":"https:\/\/api.w.org\/{rel}","templated":true}]}}