{"id":8992,"date":"2019-05-28T13:45:35","date_gmt":"2019-05-28T13:45:35","guid":{"rendered":"https:\/\/www.welovecycling.com\/pl\/?p=8992"},"modified":"2019-05-28T13:45:35","modified_gmt":"2019-05-28T13:45:35","slug":"eurovelo-7-swietna-trasa-rowerowa-na-wyciagniecie-reki-jedziemy-2","status":"publish","type":"post","link":"https:\/\/www.welovecycling.com\/pl\/2019\/05\/28\/eurovelo-7-swietna-trasa-rowerowa-na-wyciagniecie-reki-jedziemy-2\/","title":{"rendered":"Eurovelo 7: \u015awietna trasa rowerowa na wyci\u0105gni\u0119cie r\u0119ki. Jedziemy?"},"content":{"rendered":"<p><strong>\u201eTrasa S\u0142o\u0144ca\u201d \u015bwieci tak mocno, \u017ce jej promienie zahaczaj\u0105 a\u017c o Polsk\u0119. Wystarczy pod\u0105\u017ca\u0107 za jednym z nich, by w dowolnym miejscu do\u0142\u0105czy\u0107 do jednej z najpi\u0119kniejszych europejskich przepraw rowerowych. Przed Wami Eurovelo 7!<\/strong><\/p>\n<p>Ci\u0105gnie si\u0119 m.in. wzd\u0142u\u017c naszej zachodniej granicy, co oznacza, \u017ce mo\u017cna zapakowa\u0107 rower, wsi\u0105\u015b\u0107 w samoch\u00f3d i do\u0142\u0105czy\u0107 si\u0119 do niej na jednym z wielu etap\u00f3w. Mo\u017cna w Rostocku, mo\u017cna w Berlinie, Dre\u017anie lub przepi\u0119knej Pradze. S\u0142owem \u2013 to jedna z najbli\u017cej po\u0142o\u017conych wzgl\u0119dem Polski tras Eurovelo.<\/p>\n<p>Ale mo\u017cna zacz\u0105\u0107 te\u017c tam, gdzie s\u0142o\u0144ce pono\u0107 wygl\u0105da najpi\u0119kniej, czyli na norweskim Przyl\u0105dku P\u00f3\u0142nocy. Nast\u0119pnie zahaczy\u0107 o fi\u0144sk\u0105 Laponi\u0119, gdzie najpi\u0119kniej zn\u00f3w wygl\u0105da zorza polarna. \u201eTu tak\u017ce mo\u017cesz poje\u017adzi\u0107 rowerem w towarzystwie stada renifer\u00f3w\u201d \u2013 dzia\u0142aj\u0105 na wyobra\u017ani\u0119 tw\u00f3rcy Eurovelo 7.<\/p>\n<p><span style=\"font-size: 18pt;\"><strong>Oto rowerowa stolica Europy?<\/strong><\/span><\/p>\n<p>Za to w Szwecji i Danii warto odwiedzi\u0107 du\u017ce miasta, czyli wyj\u0105tkowo przyjazne dla rowerzyst\u00f3w Malmoe oraz Kopenhag\u0119, kt\u00f3ra przez wielu uznawana jest za rowerow\u0105 stolic\u0119 Europy. Tu rowerem mo\u017cna dotrze\u0107 w znacznie wi\u0119cej miejsc ni\u017c samochodem czy nawet komunikacj\u0105 miejsk\u0105, a \u015bcie\u017cki poprowadzone s\u0105 w taki spos\u00f3b, by to w\u0142a\u015bnie rowerzy\u015bci mogli najlepiej poczu\u0107 klimat miasta.<\/p>\n<p>W Kopenhadze zaczyna si\u0119 tak\u017ce jedna z bardziej znanych europejskich tras rowerowych, czyli Kopenhaga &#8211; Berlin. Zak\u0142ada ona oczywi\u015bcie przepraw\u0119 promow\u0105, ale mimo to cieszy si\u0119 du\u017c\u0105 popularno\u015bci\u0105.<\/p>\n<p>\u201eTrasa jest p\u0142aska i prowadzi ma\u0142ymi drogami lub \u015bcie\u017ckami rowerowymi. Jest przystosowana dla rodzin z dzie\u0107mi, a du\u0144ska jej cz\u0119\u015b\u0107 otrzyma\u0142a trzy gwiazdki ADFC, Niemieckiego Klubu Cyklist\u00f3w\u201d \u2013 pisz\u0105 tw\u00f3rcy Eurovelo 7.<\/p>\n<p>Dalej zaczyna si\u0119 cz\u0119\u015b\u0107 trasy, kt\u00f3ra szczeg\u00f3lnie powinna zainteresowa\u0107 polskich rowerzyst\u00f3w. Niemiecki fragment startuje mniej wi\u0119cej w Rostocku, a nast\u0119pnie sunie w stron\u0119 Berlina, przeje\u017cd\u017caj\u0105c obok Bramy Brandenburskiej. P\u00f3\u017aniej wje\u017cd\u017camy do Poczdamu, kt\u00f3ry pod k\u0105tem zabytk\u00f3w i atrakcji niczego przed stolic\u0105 Niemiec nie musi si\u0119 wstydzi\u0107.<\/p>\n<p>Nast\u0119pnie jest Drezno, do kt\u00f3rego prowadz\u0105 nas drogi biegn\u0105ce przez zjawiskowe rezerwaty, gdzie mo\u017cna spotka\u0107 bobry oraz bociany. W Dre\u017anie obowi\u0105zkowym punktem jest Ko\u015bci\u00f3\u0142 Maryi Panny, kt\u00f3ry podczas II Wojny \u015awiatowej zosta\u0142 niemal doszcz\u0119tnie zniszczony, a nast\u0119pnie przez lata by\u0142 namacalnym dowodem na okrucie\u0144stwo wojny. Odbudow\u0119 rozpocz\u0119to dopiero po upadku Muru Berli\u0144skiego, a finansowali j\u0105 darczy\u0144cy z ca\u0142ego \u015bwiata.<\/p>\n<p><span style=\"font-size: 18pt;\"><strong>Zamki, karczmy, winnice<\/strong><\/span><\/p>\n<p>Drezde\u0144ski pomnik historii to ostatni wielki akcent przed wjazdem do Czech. Pa\u0144stwo Wojaka Szwejka wita nas pi\u0119knym zamkiem w Deczynie. \u201ePosiada on imponuj\u0105cy ogr\u00f3d r\u00f3\u017cany oraz pi\u0119kny widok na miasto\u201d \u2013 zachwalaj\u0105 tw\u00f3rcy Eurovelo 7.<\/p>\n<p>To jednak nic w por\u00f3wnaniu z tym, co czeka nas w Pradze. Urokliwe kamienice, przecinaj\u0105ce We\u0142taw\u0119 mosty oraz tysi\u0105ce karczm, gdzie lej\u0105 si\u0119 hektolitry pysznego czeskiego piwa. Dla tych, kt\u00f3rzy zatrzymaj\u0105 si\u0119 na d\u0142u\u017cej, wyb\u00f3r jest ogromny, ale kufel bezalkoholowego trunku b\u0119d\u0105 mogli wypi\u0107 te\u017c rowerzy\u015bci, kt\u00f3rzy w Pradze nie zdecyduj\u0105 si\u0119 d\u0142ugo zabawi\u0107.<\/p>\n<p>W Czechach warto odwiedzi\u0107 te\u017c Czeskie Budziejowice, Melnik ze wspania\u0142ym zamkiem i urokliwymi winnicami, a tak\u017ce parki krajobrazowe.<\/p>\n<p><span style=\"font-size: 18pt;\"><strong>Niesamowita przeprawa przez Alpy<\/strong><\/span><\/p>\n<p>P\u00f3\u017aniej Eurovelo 7 ju\u017c tylko oddala si\u0119 od Polski, bo wje\u017cd\u017ca do Austrii. Tu miejscem na obowi\u0105zkowy przystanek (i to mo\u017ce nawet kilkudniowy?) jest Salzburg, miejsce narodzin Wolfganga Amadeusza Mozarta.<\/p>\n<p>\u201eCzwarte co do wielko\u015bci miasto w Austrii ma wspania\u0142e dziedzictwo kulturowe i zosta\u0142o wpisane na list\u0119 UNESCO. Tutejsza architektura nie pozostawia w\u0105tpliwo\u015bci, \u017ce by\u0142o to miejsce spotka\u0144 kultur p\u00f3\u0142nocnej i po\u0142udniowej Europy\u201d \u2013 pisz\u0105 tw\u00f3rcy Eurovelo 7.<\/p>\n<p>Niesamowitym rowerowym do\u015bwiadczeniem jest te\u017c przeprawa przez austriackie Alpy. Tutaj nie trzeba wspina\u0107 si\u0119 na szczyty jak zawodowy kolarz, poniewa\u017c do przejazdu wykorzystywane s\u0105 tunele kolejowe wy\u017c\u0142obione w ska\u0142ach.<\/p>\n<p>Nast\u0119pnie najwytrwalsi rowerzy\u015bci maj\u0105 do przejechania ca\u0142e W\u0142ochy (z p\u00f3\u0142nocy na po\u0142udnie), a meta usytuowana jest na\u2026 Malcie, gdzie nale\u017cy si\u0119 d\u0142ugi i solidny odpoczynek. W ko\u0144cu ci, kt\u00f3rzy pokonali ca\u0142a tras\u0119 Eurovelo 7, maj\u0105 w nogach blisko 7,5 tys. km!<\/p>\n<figure id=\"attachment_8987\" aria-describedby=\"caption-attachment-8987\" style=\"width: 450px\" class=\"wp-caption aligncenter\"><a href=\"https:\/\/d2p6e6u75xmxt8.cloudfront.net\/5\/2019\/05\/imageMap-6.jpg\"><img loading=\"lazy\" decoding=\"async\" class=\"wp-image-8987 size-full\" src=\"https:\/\/d2p6e6u75xmxt8.cloudfront.net\/5\/2019\/05\/imageMap-6.jpg\" alt=\"\" width=\"450\" height=\"899\" srcset=\"https:\/\/d2p6e6u75xmxt8.cloudfront.net\/5\/2019\/05\/imageMap-6.jpg 450w, https:\/\/d2p6e6u75xmxt8.cloudfront.net\/5\/2019\/05\/imageMap-6-150x300.jpg 150w\" sizes=\"auto, (max-width: 450px) 100vw, 450px\" \/><\/a><figcaption id=\"caption-attachment-8987\" class=\"wp-caption-text\">http:\/\/www.eurovelo.com\/en\/eurovelos\/eurovelo-7<\/figcaption><\/figure>\n<p>******************************<\/p>\n<p>Eurovelo to og\u00f3lnoeuropejska sie\u0107 tras rowerowych. Wiod\u0105 one przez 43 pa\u0144stwa i \u0142\u0105cznie maj\u0105 ponad 70 tys. km d\u0142ugo\u015bci. To projekt Europejskiej Federacji Cyklist\u00f3w, wsp\u00f3\u0142finansowany przez Uni\u0119 Europejsk\u0105. Ca\u0142o\u015b\u0107 ma by\u0107 uko\u0144czona w 2020 r.<\/p>\n<style type=\"text\/css\"><!--td {border: 1px solid #ccc;}br {mso-data-placement:same-cell;}--><\/style>\n<p><span data-sheets-value=\"{&quot;1&quot;:2,&quot;2&quot;:&quot;Artyku\u0142 powsta\u0142 we wsp\u00f3\u0142pracy ze skoda-auto.pl&quot;}\" data-sheets-userformat=\"{&quot;2&quot;:1,&quot;3&quot;:{&quot;1&quot;:0}}\"><a class=\"in-cell-link\" href=\"http:\/\/www.skoda-auto.pl\/\" target=\"_blank\" rel=\"noopener\">Artyku\u0142 powsta\u0142 we wsp\u00f3\u0142pracy ze skoda-auto.pl<\/a><\/span><\/p>\n","protected":false},"excerpt":{"rendered":"<p>\u201eTrasa S\u0142o\u0144ca\u201d \u015bwieci tak mocno, \u017ce jej promienie zahaczaj\u0105 a\u017c o Polsk\u0119. Wystarczy pod\u0105\u017ca\u0107 za jednym z nich, by w [&hellip;]<\/p>\n","protected":false},"author":76,"featured_media":8988,"comment_status":"open","ping_status":"open","sticky":false,"template":"","format":"standard","meta":{"footnotes":""},"categories":[226],"tags":[],"global-categories":[],"class_list":["post-8992","post","type-post","status-publish","format-standard","has-post-thumbnail","hentry","category-ciekawostki"],"yoast_head":"<!-- This site is optimized with the Yoast SEO Premium plugin v25.3 (Yoast SEO v25.9) - https:\/\/yoast.com\/wordpress\/plugins\/seo\/ -->\n<title>Eurovelo 7: \u015awietna trasa rowerowa na wyci\u0105gni\u0119cie r\u0119ki. Jedziemy? - \u0160koda We Love Cycling - Poland<\/title>\n<meta name=\"robots\" content=\"index, follow, max-snippet:-1, max-image-preview:large, max-video-preview:-1\" \/>\n<link rel=\"canonical\" href=\"https:\/\/www.welovecycling.com\/pl\/2019\/05\/28\/eurovelo-7-swietna-trasa-rowerowa-na-wyciagniecie-reki-jedziemy-2\/\" \/>\n<meta property=\"og:locale\" content=\"pl_PL\" \/>\n<meta property=\"og:type\" content=\"article\" \/>\n<meta property=\"og:title\" content=\"Eurovelo 7: \u015awietna trasa rowerowa na wyci\u0105gni\u0119cie r\u0119ki. Jedziemy?\" \/>\n<meta property=\"og:description\" content=\"\u201eTrasa S\u0142o\u0144ca\u201d \u015bwieci tak mocno, \u017ce jej promienie zahaczaj\u0105 a\u017c o Polsk\u0119. Wystarczy pod\u0105\u017ca\u0107 za jednym z nich, by w [&hellip;]\" \/>\n<meta property=\"og:url\" content=\"https:\/\/www.welovecycling.com\/pl\/2019\/05\/28\/eurovelo-7-swietna-trasa-rowerowa-na-wyciagniecie-reki-jedziemy-2\/\" \/>\n<meta property=\"og:site_name\" content=\"\u0160koda We Love Cycling - Poland\" \/>\n<meta property=\"article:published_time\" content=\"2019-05-28T13:45:35+00:00\" \/>\n<meta property=\"og:image\" content=\"https:\/\/d2p6e6u75xmxt8.cloudfront.net\/5\/2019\/05\/image2.jpg\" \/>\n\t<meta property=\"og:image:width\" content=\"990\" \/>\n\t<meta property=\"og:image:height\" content=\"349\" \/>\n\t<meta property=\"og:image:type\" content=\"image\/jpeg\" \/>\n<meta name=\"author\" content=\"piotrboczkowski\" \/>\n<meta name=\"twitter:card\" content=\"summary_large_image\" \/>\n<meta name=\"twitter:label1\" content=\"Written by\" \/>\n\t<meta name=\"twitter:data1\" content=\"Piotr Nowik\" \/>\n\t<meta name=\"twitter:label2\" content=\"Est. reading time\" \/>\n\t<meta name=\"twitter:data2\" content=\"6\" \/>\n<script type=\"application\/ld+json\" class=\"yoast-schema-graph\">{\"@context\":\"https:\/\/schema.org\",\"@graph\":[{\"@type\":\"WebPage\",\"@id\":\"https:\/\/www.welovecycling.com\/pl\/2019\/05\/28\/eurovelo-7-swietna-trasa-rowerowa-na-wyciagniecie-reki-jedziemy-2\/\",\"url\":\"https:\/\/www.welovecycling.com\/pl\/2019\/05\/28\/eurovelo-7-swietna-trasa-rowerowa-na-wyciagniecie-reki-jedziemy-2\/\",\"name\":\"Eurovelo 7: \u015awietna trasa rowerowa na wyci\u0105gni\u0119cie r\u0119ki. Jedziemy? - \u0160koda We Love Cycling - Poland\",\"isPartOf\":{\"@id\":\"https:\/\/www.welovecycling.com\/pl\/#website\"},\"primaryImageOfPage\":{\"@id\":\"https:\/\/www.welovecycling.com\/pl\/2019\/05\/28\/eurovelo-7-swietna-trasa-rowerowa-na-wyciagniecie-reki-jedziemy-2\/#primaryimage\"},\"image\":{\"@id\":\"https:\/\/www.welovecycling.com\/pl\/2019\/05\/28\/eurovelo-7-swietna-trasa-rowerowa-na-wyciagniecie-reki-jedziemy-2\/#primaryimage\"},\"thumbnailUrl\":\"https:\/\/d2p6e6u75xmxt8.cloudfront.net\/5\/2019\/05\/image2.jpg\",\"datePublished\":\"2019-05-28T13:45:35+00:00\",\"author\":{\"@id\":\"https:\/\/www.welovecycling.com\/pl\/#\/schema\/person\/0dba2d39da943db9df3fd8f4687e7f23\"},\"breadcrumb\":{\"@id\":\"https:\/\/www.welovecycling.com\/pl\/2019\/05\/28\/eurovelo-7-swietna-trasa-rowerowa-na-wyciagniecie-reki-jedziemy-2\/#breadcrumb\"},\"inLanguage\":\"pl-PL\",\"potentialAction\":[{\"@type\":\"ReadAction\",\"target\":[\"https:\/\/www.welovecycling.com\/pl\/2019\/05\/28\/eurovelo-7-swietna-trasa-rowerowa-na-wyciagniecie-reki-jedziemy-2\/\"]}]},{\"@type\":\"ImageObject\",\"inLanguage\":\"pl-PL\",\"@id\":\"https:\/\/www.welovecycling.com\/pl\/2019\/05\/28\/eurovelo-7-swietna-trasa-rowerowa-na-wyciagniecie-reki-jedziemy-2\/#primaryimage\",\"url\":\"https:\/\/d2p6e6u75xmxt8.cloudfront.net\/5\/2019\/05\/image2.jpg\",\"contentUrl\":\"https:\/\/d2p6e6u75xmxt8.cloudfront.net\/5\/2019\/05\/image2.jpg\",\"width\":990,\"height\":349},{\"@type\":\"BreadcrumbList\",\"@id\":\"https:\/\/www.welovecycling.com\/pl\/2019\/05\/28\/eurovelo-7-swietna-trasa-rowerowa-na-wyciagniecie-reki-jedziemy-2\/#breadcrumb\",\"itemListElement\":[{\"@type\":\"ListItem\",\"position\":1,\"name\":\"Home\",\"item\":\"https:\/\/www.welovecycling.com\/pl\/\"},{\"@type\":\"ListItem\",\"position\":2,\"name\":\"Eurovelo 7: \u015awietna trasa rowerowa na wyci\u0105gni\u0119cie r\u0119ki. Jedziemy?\"}]},{\"@type\":\"WebSite\",\"@id\":\"https:\/\/www.welovecycling.com\/pl\/#website\",\"url\":\"https:\/\/www.welovecycling.com\/pl\/\",\"name\":\"\u0160koda We Love Cycling - Poland\",\"description\":\"\",\"potentialAction\":[{\"@type\":\"SearchAction\",\"target\":{\"@type\":\"EntryPoint\",\"urlTemplate\":\"https:\/\/www.welovecycling.com\/pl\/?s={search_term_string}\"},\"query-input\":{\"@type\":\"PropertyValueSpecification\",\"valueRequired\":true,\"valueName\":\"search_term_string\"}}],\"inLanguage\":\"pl-PL\"},{\"@type\":\"Person\",\"@id\":\"https:\/\/www.welovecycling.com\/pl\/#\/schema\/person\/0dba2d39da943db9df3fd8f4687e7f23\",\"name\":\"piotrboczkowski\",\"image\":{\"@type\":\"ImageObject\",\"inLanguage\":\"pl-PL\",\"@id\":\"https:\/\/www.welovecycling.com\/pl\/#\/schema\/person\/image\/\",\"url\":\"https:\/\/secure.gravatar.com\/avatar\/533caccae14752e03a2ce2d3fd62d1b98b93e1393c3195c27819e53344ca1ace?s=96&d=mm&r=g\",\"contentUrl\":\"https:\/\/secure.gravatar.com\/avatar\/533caccae14752e03a2ce2d3fd62d1b98b93e1393c3195c27819e53344ca1ace?s=96&d=mm&r=g\",\"caption\":\"piotrboczkowski\"},\"url\":\"https:\/\/www.welovecycling.com\/pl\/author\/piotrboczkowski\/\"}]}<\/script>\n<!-- \/ Yoast SEO Premium plugin. -->","yoast_head_json":{"title":"Eurovelo 7: \u015awietna trasa rowerowa na wyci\u0105gni\u0119cie r\u0119ki. Jedziemy? - \u0160koda We Love Cycling - Poland","robots":{"index":"index","follow":"follow","max-snippet":"max-snippet:-1","max-image-preview":"max-image-preview:large","max-video-preview":"max-video-preview:-1"},"canonical":"https:\/\/www.welovecycling.com\/pl\/2019\/05\/28\/eurovelo-7-swietna-trasa-rowerowa-na-wyciagniecie-reki-jedziemy-2\/","og_locale":"pl_PL","og_type":"article","og_title":"Eurovelo 7: \u015awietna trasa rowerowa na wyci\u0105gni\u0119cie r\u0119ki. Jedziemy?","og_description":"\u201eTrasa S\u0142o\u0144ca\u201d \u015bwieci tak mocno, \u017ce jej promienie zahaczaj\u0105 a\u017c o Polsk\u0119. Wystarczy pod\u0105\u017ca\u0107 za jednym z nich, by w [&hellip;]","og_url":"https:\/\/www.welovecycling.com\/pl\/2019\/05\/28\/eurovelo-7-swietna-trasa-rowerowa-na-wyciagniecie-reki-jedziemy-2\/","og_site_name":"\u0160koda We Love Cycling - Poland","article_published_time":"2019-05-28T13:45:35+00:00","og_image":[{"width":990,"height":349,"url":"https:\/\/d2p6e6u75xmxt8.cloudfront.net\/5\/2019\/05\/image2.jpg","type":"image\/jpeg"}],"author":"piotrboczkowski","twitter_card":"summary_large_image","twitter_misc":{"Written by":"Piotr Nowik","Est. reading time":"6"},"schema":{"@context":"https:\/\/schema.org","@graph":[{"@type":"WebPage","@id":"https:\/\/www.welovecycling.com\/pl\/2019\/05\/28\/eurovelo-7-swietna-trasa-rowerowa-na-wyciagniecie-reki-jedziemy-2\/","url":"https:\/\/www.welovecycling.com\/pl\/2019\/05\/28\/eurovelo-7-swietna-trasa-rowerowa-na-wyciagniecie-reki-jedziemy-2\/","name":"Eurovelo 7: \u015awietna trasa rowerowa na wyci\u0105gni\u0119cie r\u0119ki. Jedziemy? - \u0160koda We Love Cycling - Poland","isPartOf":{"@id":"https:\/\/www.welovecycling.com\/pl\/#website"},"primaryImageOfPage":{"@id":"https:\/\/www.welovecycling.com\/pl\/2019\/05\/28\/eurovelo-7-swietna-trasa-rowerowa-na-wyciagniecie-reki-jedziemy-2\/#primaryimage"},"image":{"@id":"https:\/\/www.welovecycling.com\/pl\/2019\/05\/28\/eurovelo-7-swietna-trasa-rowerowa-na-wyciagniecie-reki-jedziemy-2\/#primaryimage"},"thumbnailUrl":"https:\/\/d2p6e6u75xmxt8.cloudfront.net\/5\/2019\/05\/image2.jpg","datePublished":"2019-05-28T13:45:35+00:00","author":{"@id":"https:\/\/www.welovecycling.com\/pl\/#\/schema\/person\/0dba2d39da943db9df3fd8f4687e7f23"},"breadcrumb":{"@id":"https:\/\/www.welovecycling.com\/pl\/2019\/05\/28\/eurovelo-7-swietna-trasa-rowerowa-na-wyciagniecie-reki-jedziemy-2\/#breadcrumb"},"inLanguage":"pl-PL","potentialAction":[{"@type":"ReadAction","target":["https:\/\/www.welovecycling.com\/pl\/2019\/05\/28\/eurovelo-7-swietna-trasa-rowerowa-na-wyciagniecie-reki-jedziemy-2\/"]}]},{"@type":"ImageObject","inLanguage":"pl-PL","@id":"https:\/\/www.welovecycling.com\/pl\/2019\/05\/28\/eurovelo-7-swietna-trasa-rowerowa-na-wyciagniecie-reki-jedziemy-2\/#primaryimage","url":"https:\/\/d2p6e6u75xmxt8.cloudfront.net\/5\/2019\/05\/image2.jpg","contentUrl":"https:\/\/d2p6e6u75xmxt8.cloudfront.net\/5\/2019\/05\/image2.jpg","width":990,"height":349},{"@type":"BreadcrumbList","@id":"https:\/\/www.welovecycling.com\/pl\/2019\/05\/28\/eurovelo-7-swietna-trasa-rowerowa-na-wyciagniecie-reki-jedziemy-2\/#breadcrumb","itemListElement":[{"@type":"ListItem","position":1,"name":"Home","item":"https:\/\/www.welovecycling.com\/pl\/"},{"@type":"ListItem","position":2,"name":"Eurovelo 7: \u015awietna trasa rowerowa na wyci\u0105gni\u0119cie r\u0119ki. Jedziemy?"}]},{"@type":"WebSite","@id":"https:\/\/www.welovecycling.com\/pl\/#website","url":"https:\/\/www.welovecycling.com\/pl\/","name":"\u0160koda We Love Cycling - Poland","description":"","potentialAction":[{"@type":"SearchAction","target":{"@type":"EntryPoint","urlTemplate":"https:\/\/www.welovecycling.com\/pl\/?s={search_term_string}"},"query-input":{"@type":"PropertyValueSpecification","valueRequired":true,"valueName":"search_term_string"}}],"inLanguage":"pl-PL"},{"@type":"Person","@id":"https:\/\/www.welovecycling.com\/pl\/#\/schema\/person\/0dba2d39da943db9df3fd8f4687e7f23","name":"piotrboczkowski","image":{"@type":"ImageObject","inLanguage":"pl-PL","@id":"https:\/\/www.welovecycling.com\/pl\/#\/schema\/person\/image\/","url":"https:\/\/secure.gravatar.com\/avatar\/533caccae14752e03a2ce2d3fd62d1b98b93e1393c3195c27819e53344ca1ace?s=96&d=mm&r=g","contentUrl":"https:\/\/secure.gravatar.com\/avatar\/533caccae14752e03a2ce2d3fd62d1b98b93e1393c3195c27819e53344ca1ace?s=96&d=mm&r=g","caption":"piotrboczkowski"},"url":"https:\/\/www.welovecycling.com\/pl\/author\/piotrboczkowski\/"}]}},"_links":{"self":[{"href":"https:\/\/www.welovecycling.com\/pl\/wp-json\/wp\/v2\/posts\/8992","targetHints":{"allow":["GET"]}}],"collection":[{"href":"https:\/\/www.welovecycling.com\/pl\/wp-json\/wp\/v2\/posts"}],"about":[{"href":"https:\/\/www.welovecycling.com\/pl\/wp-json\/wp\/v2\/types\/post"}],"author":[{"embeddable":true,"href":"https:\/\/www.welovecycling.com\/pl\/wp-json\/wp\/v2\/users\/76"}],"replies":[{"embeddable":true,"href":"https:\/\/www.welovecycling.com\/pl\/wp-json\/wp\/v2\/comments?post=8992"}],"version-history":[{"count":1,"href":"https:\/\/www.welovecycling.com\/pl\/wp-json\/wp\/v2\/posts\/8992\/revisions"}],"predecessor-version":[{"id":8993,"href":"https:\/\/www.welovecycling.com\/pl\/wp-json\/wp\/v2\/posts\/8992\/revisions\/8993"}],"wp:featuredmedia":[{"embeddable":true,"href":"https:\/\/www.welovecycling.com\/pl\/wp-json\/wp\/v2\/media\/8988"}],"wp:attachment":[{"href":"https:\/\/www.welovecycling.com\/pl\/wp-json\/wp\/v2\/media?parent=8992"}],"wp:term":[{"taxonomy":"category","embeddable":true,"href":"https:\/\/www.welovecycling.com\/pl\/wp-json\/wp\/v2\/categories?post=8992"},{"taxonomy":"post_tag","embeddable":true,"href":"https:\/\/www.welovecycling.com\/pl\/wp-json\/wp\/v2\/tags?post=8992"},{"taxonomy":"global-categories","embeddable":true,"href":"https:\/\/www.welovecycling.com\/pl\/wp-json\/wp\/v2\/global-categories?post=8992"}],"curies":[{"name":"wp","href":"https:\/\/api.w.org\/{rel}","templated":true}]}}