{"id":8922,"date":"2019-05-13T07:28:58","date_gmt":"2019-05-13T07:28:58","guid":{"rendered":"https:\/\/www.welovecycling.com\/pl\/?p=8922"},"modified":"2019-05-14T07:41:02","modified_gmt":"2019-05-14T07:41:02","slug":"niezbedne-wskazowki-dotyczace-jazdy-na-wietrze","status":"publish","type":"post","link":"https:\/\/www.welovecycling.com\/pl\/2019\/05\/13\/niezbedne-wskazowki-dotyczace-jazdy-na-wietrze\/","title":{"rendered":"Niezb\u0119dne wskaz\u00f3wki dotycz\u0105ce jazdy na wietrze"},"content":{"rendered":"<p><strong>Czy wiatr jest przyjacielem, czy wrogiem rowerzysty? To zale\u017cy oczywi\u015bcie od tego, z kt\u00f3rego kierunku wieje \u2013 wiatr w plecy znacznie u\u0142atwia jazd\u0119. Jednak zar\u00f3wno w kolarstwie, jak i w \u017cyciu nie wszystko jest tak, jak by\u015bmy sobie tego \u017cyczyli. I tak jak w \u017cyciu, kiedy wiatr wieje Ci w oczy, musisz wiedzie\u0107, jak go pokona\u0107. Jazda przy wietrznej pogodzie mo\u017ce zmniejszy\u0107 Twoj\u0105 pr\u0119dko\u015b\u0107 nawet o po\u0142ow\u0119 w stosunku do jazdy bez wiatru. Oznacza to, \u017ce musisz pracowa\u0107 dwa razy ci\u0119\u017cej, \u017ceby osi\u0105gn\u0105\u0107 tak\u0105 sam\u0105 pr\u0119dko\u015b\u0107. Poni\u017cej kilka wskaz\u00f3wek, jak radzi\u0107 sobie z wiatrem.<\/strong><\/p>\n<p><img loading=\"lazy\" decoding=\"async\" class=\"wp-image-173134 size-large loading\" src=\"https:\/\/d2p6e6u75xmxt8.cloudfront.net\/2\/2019\/04\/wind-beach-cycling-profimedia-0143627578-1024x682.jpg\" sizes=\"auto, (max-width: 1024px) 100vw, 1024px\" srcset=\"https:\/\/d2p6e6u75xmxt8.cloudfront.net\/2\/2019\/04\/wind-beach-cycling-profimedia-0143627578-1024x682.jpg 1024w, https:\/\/d2p6e6u75xmxt8.cloudfront.net\/2\/2019\/04\/wind-beach-cycling-profimedia-0143627578-300x200.jpg 300w, https:\/\/d2p6e6u75xmxt8.cloudfront.net\/2\/2019\/04\/wind-beach-cycling-profimedia-0143627578-768x512.jpg 768w, https:\/\/d2p6e6u75xmxt8.cloudfront.net\/2\/2019\/04\/wind-beach-cycling-profimedia-0143627578-272x182.jpg 272w, https:\/\/d2p6e6u75xmxt8.cloudfront.net\/2\/2019\/04\/wind-beach-cycling-profimedia-0143627578.jpg 1250w\" alt=\"\" width=\"1024\" height=\"682\" data-was-processed=\"true\" \/><\/p>\n<p>Naj\u0142atwiejszym patentem na wietrzny dzie\u0144 jest znalezienie \u015bcie\u017cki lub trasy, kt\u00f3ra zapewnia schronienie przed wiatrem. Szpaler drzew uchroni ci\u0119 przed bocznymi podmuchami. \u015acie\u017cka, kt\u00f3ra prowadzi przez lasy lub przechodzi przez dolin\u0119 otoczon\u0105 wzg\u00f3rzami, r\u00f3wnie\u017c zmniejsza oddzia\u0142ywanie wiatru. Jazda w\u0105skimi uliczkami z domami po obu stronach te\u017c zdaje egzamin.<\/p>\n<p>Jednak wiatry s\u0105 zmienne i w ka\u017cdej chwili mog\u0105 obra\u0107 ca\u0142kiem inny kierunek, a Ty nie zawsze mo\u017cesz dowolnie zmieni\u0107 tras\u0119. Og\u00f3lnie przyj\u0119t\u0105 zasad\u0105 jest pochylanie si\u0119 nad kierownic\u0105, gdy\u017c zmniejsza to si\u0142\u0119 wiatru. Staraj si\u0119 nie zak\u0142ada\u0107 na przeja\u017cd\u017cki lu\u017anych czy obszernych ubra\u0144, kt\u00f3re dzia\u0142aj\u0105 jak ma\u0142e \u017cagle i zatrzymuj\u0105 wiatr. Wszystko, co zrobisz w celu usprawnienia swojej jazdy, spowoduje, \u017ce b\u0119dziesz mniej podatny na dzia\u0142anie pr\u0105d\u00f3w powietrza. Jed\u017a na ni\u017cszym biegu ni\u017c zazwyczaj \u2013 mo\u017ce Ci\u0119 to spowolni\u0107, ale nie zm\u0119czysz si\u0119 tak szybko. Jazda na wy\u017cszym biegu spowoduje przepracowanie n\u00f3g, wi\u0119c pr\u0119dzej zabraknie Ci energii.<\/p>\n<p><img loading=\"lazy\" decoding=\"async\" class=\"wp-image-173137 size-large loading\" src=\"https:\/\/d2p6e6u75xmxt8.cloudfront.net\/2\/2019\/04\/wind-cycling-profimedia-0248344991-1024x696.jpg\" sizes=\"auto, (max-width: 1024px) 100vw, 1024px\" srcset=\"https:\/\/d2p6e6u75xmxt8.cloudfront.net\/2\/2019\/04\/wind-cycling-profimedia-0248344991-1024x696.jpg 1024w, https:\/\/d2p6e6u75xmxt8.cloudfront.net\/2\/2019\/04\/wind-cycling-profimedia-0248344991-300x204.jpg 300w, https:\/\/d2p6e6u75xmxt8.cloudfront.net\/2\/2019\/04\/wind-cycling-profimedia-0248344991-768x522.jpg 768w, https:\/\/d2p6e6u75xmxt8.cloudfront.net\/2\/2019\/04\/wind-cycling-profimedia-0248344991.jpg 1250w\" alt=\"\" width=\"1024\" height=\"696\" data-was-processed=\"true\" \/><\/p>\n<p>Kiedy jeste\u015b nara\u017cony na silny, porywisty wiatr, wa\u017cne jest, \u017ceby wykorzystywa\u0107 swoj\u0105 przyczepno\u015b\u0107. Je\u015bli masz boczny wiatr z prawej strony i skr\u0119casz w prawo, wiatr mo\u017ce Ci\u0119 przechyli\u0107 niebezpiecznie na t\u0119 stron\u0119, podczas gdy boczny wiatr z lewej strony zwi\u0119ksza przyczepno\u015b\u0107, generuj\u0105c si\u0142\u0119 docisku na Ciebie i rower. Jazda staje si\u0119 jeszcze trudniejsza, je\u015bli poruszasz si\u0119 po g\u0142adkiej powierzchni, np. po mokrym metalu lub przez ka\u0142u\u017ce. W takich przypadkach po prostu zwolnij.<\/p>\n<p><img loading=\"lazy\" decoding=\"async\" class=\"wp-image-173133 size-large loading\" src=\"https:\/\/d2p6e6u75xmxt8.cloudfront.net\/2\/2019\/04\/wind-road-cycling-profimedia-0374728866-1024x682.jpg\" sizes=\"auto, (max-width: 1024px) 100vw, 1024px\" srcset=\"https:\/\/d2p6e6u75xmxt8.cloudfront.net\/2\/2019\/04\/wind-road-cycling-profimedia-0374728866-1024x682.jpg 1024w, https:\/\/d2p6e6u75xmxt8.cloudfront.net\/2\/2019\/04\/wind-road-cycling-profimedia-0374728866-300x200.jpg 300w, https:\/\/d2p6e6u75xmxt8.cloudfront.net\/2\/2019\/04\/wind-road-cycling-profimedia-0374728866-768x512.jpg 768w, https:\/\/d2p6e6u75xmxt8.cloudfront.net\/2\/2019\/04\/wind-road-cycling-profimedia-0374728866-272x182.jpg 272w, https:\/\/d2p6e6u75xmxt8.cloudfront.net\/2\/2019\/04\/wind-road-cycling-profimedia-0374728866.jpg 1250w\" alt=\"\" width=\"1024\" height=\"682\" data-was-processed=\"true\" \/><\/p>\n<p>Podczas wietrznej pogody warto wybra\u0107 si\u0119 na wycieczk\u0119 w grupie. Dzi\u0119ki wsp\u00f3lnej je\u017adzie mo\u017cesz obni\u017cy\u0107 energi\u0119, kt\u00f3r\u0105 zu\u017cywasz, nawet o 20 procent. Kolarz jad\u0105cy na czele peletonu os\u0142ania od wiatru jad\u0105cych za nim. W regularnych odst\u0119pach czasu niech ka\u017cdy z Was po kolei jedzie na przedzie, a kiedy si\u0119 zm\u0119czy, zajmie miejsce na ko\u0144cu peletonu po to, \u017ceby odpocz\u0105\u0107 i nabra\u0107 si\u0142 na kolejn\u0105 zmian\u0119. Pami\u0119taj o tym, \u017ceby odsun\u0105\u0107 si\u0119 od wietrznej strony, kiedy Tw\u00f3j czas na czele peletonu dobiegnie ko\u0144ca.<\/p>\n<p>Przy bocznym wietrze najlepiej zaj\u0105\u0107 pozycj\u0119 obok kolarza przecinaj\u0105cego wiatr lub tu\u017c za nim. Ta strategia dzia\u0142a nawet w przypadku dw\u00f3ch rowerzyst\u00f3w jad\u0105cych obok siebie, poniewa\u017c rowerzysta jad\u0105cy po zawietrznej b\u0119dzie nieco chroniony od podmuch\u00f3w.<\/p>\n<p>&nbsp;<\/p>\n<p>Je\u015bli masz tras\u0119 z wiatrem, to nic, tylko si\u0119 cieszy\u0107: jedziesz szybciej i podr\u00f3\u017c jest o wiele przyjemniejsza. Jednak niezale\u017cnie od tego, czy wiatr wieje Ci w oczy, czy czujesz go na plecach, warto mie\u0107 w swojej kolarskiej garderobie odzie\u017c wiatroodporn\u0105. Wed\u0142ug National Weather Service, ameryka\u0144skiego kalkulatora do pomiaru temperatur podczas wiatru, wiatr o pr\u0119dko\u015bci 32 km\/h ma temperatur\u0119 4,4\u00b0C, za\u015b odczuwaln\u0105 tylko -1,1\u00b0C, a to nie wszystko, bo trzeba do tego doda\u0107 swoj\u0105 pr\u0119dko\u015b\u0107 na rowerze, co jeszcze bardziej obni\u017ca odczucie ciep\u0142a.<\/p>\n<p><img loading=\"lazy\" decoding=\"async\" class=\"wp-image-173138 size-large loading\" src=\"https:\/\/d2p6e6u75xmxt8.cloudfront.net\/2\/2019\/04\/cold-cycling-profimedia-0340589916-1024x683.jpg\" sizes=\"auto, (max-width: 1024px) 100vw, 1024px\" srcset=\"https:\/\/d2p6e6u75xmxt8.cloudfront.net\/2\/2019\/04\/cold-cycling-profimedia-0340589916-1024x683.jpg 1024w, https:\/\/d2p6e6u75xmxt8.cloudfront.net\/2\/2019\/04\/cold-cycling-profimedia-0340589916-300x200.jpg 300w, https:\/\/d2p6e6u75xmxt8.cloudfront.net\/2\/2019\/04\/cold-cycling-profimedia-0340589916-768x512.jpg 768w, https:\/\/d2p6e6u75xmxt8.cloudfront.net\/2\/2019\/04\/cold-cycling-profimedia-0340589916-272x182.jpg 272w, https:\/\/d2p6e6u75xmxt8.cloudfront.net\/2\/2019\/04\/cold-cycling-profimedia-0340589916.jpg 1250w\" alt=\"\" width=\"1024\" height=\"683\" data-was-processed=\"true\" \/><\/p>\n<p>W zimny, wietrzny dzie\u0144 zak\u0142adaj r\u0119kawiczki rowerowe oraz kamizelk\u0119 wiatroszczeln\u0105, na przyk\u0142ad POC Essential Light, kt\u00f3ra wa\u017cy tylko 52 gramy (kosztuje 120 USD). Pami\u0119taj, \u017ce odzie\u017c powinna by\u0107 nie tylko jak najl\u017cejsza, ale r\u00f3wnie\u017c wodoodporna, poniewa\u017c ka\u017cdego rodzaju obci\u0105\u017cenie zwi\u0119ksza op\u00f3r powietrza.<\/p>\n<p>&nbsp;<\/p>\n<p>Kolejnym proponowanym elementem wyposa\u017cenia jest kask Cat-Ears Classics Pro. Zapewnia on ochron\u0119 przed wiatrem oraz wentylacj\u0119 dzi\u0119ki specjalnym wlotom powietrza, t\u0142umi ha\u0142asy, a jednocze\u015bnie pozwala porozumiewa\u0107 si\u0119 swobodnie z innymi lud\u017ami podczas wycieczki \u2013 g\u0142os wydobywaj\u0105cy si\u0119 spod kasku nie ulega zniekszta\u0142ceniu i jest dobrze s\u0142yszalny.<\/p>\n<p>Teraz wiesz ju\u017c wszystko na temat tego, jak przygotowa\u0107 si\u0119 do jazdy przy wietrznej pogodzie, wi\u0119c mo\u017cesz rusza\u0107 w drog\u0119!<\/p>\n<style type=\"text\/css\"><!--td {border: 1px solid #ccc;}br {mso-data-placement:same-cell;}--><\/style>\n<p><span data-sheets-value=\"{&quot;1&quot;:2,&quot;2&quot;:&quot;Artyku\u0142 powsta\u0142 we wsp\u00f3\u0142pracy ze skoda-auto.pl&quot;}\" data-sheets-userformat=\"{&quot;2&quot;:1,&quot;3&quot;:{&quot;1&quot;:0}}\"><a class=\"in-cell-link\" href=\"http:\/\/www.skoda-auto.pl\/\" target=\"_blank\" rel=\"noopener\">Artyku\u0142 powsta\u0142 we wsp\u00f3\u0142pracy ze skoda-auto.pl<\/a><\/span><\/p>\n","protected":false},"excerpt":{"rendered":"<p>Czy wiatr jest przyjacielem, czy wrogiem rowerzysty? To zale\u017cy oczywi\u015bcie od tego, z kt\u00f3rego kierunku wieje \u2013 wiatr w plecy [&hellip;]<\/p>\n","protected":false},"author":76,"featured_media":8923,"comment_status":"open","ping_status":"open","sticky":false,"template":"","format":"standard","meta":{"footnotes":""},"categories":[7,226],"tags":[],"global-categories":[],"class_list":["post-8922","post","type-post","status-publish","format-standard","has-post-thumbnail","hentry","category-bezpieczenstwo","category-ciekawostki"],"yoast_head":"<!-- This site is optimized with the Yoast SEO Premium plugin v25.3 (Yoast SEO v25.9) - https:\/\/yoast.com\/wordpress\/plugins\/seo\/ -->\n<title>Niezb\u0119dne wskaz\u00f3wki dotycz\u0105ce jazdy na wietrze -<\/title>\n<meta name=\"description\" content=\"Jazda przy wietrznej pogodzie mo\u017ce zmniejszy\u0107 pr\u0119dko\u015b\u0107 nawet o po\u0142ow\u0119. Poni\u017cej kilka wskaz\u00f3wek, jak radzi\u0107 sobie z wiatrem:\" \/>\n<meta name=\"robots\" content=\"index, follow, max-snippet:-1, max-image-preview:large, max-video-preview:-1\" \/>\n<link rel=\"canonical\" href=\"https:\/\/www.welovecycling.com\/pl\/2019\/05\/13\/niezbedne-wskazowki-dotyczace-jazdy-na-wietrze\/\" \/>\n<meta property=\"og:locale\" content=\"pl_PL\" \/>\n<meta property=\"og:type\" content=\"article\" \/>\n<meta property=\"og:title\" content=\"Niezb\u0119dne wskaz\u00f3wki dotycz\u0105ce jazdy na wietrze\" \/>\n<meta property=\"og:description\" content=\"Jazda przy wietrznej pogodzie mo\u017ce zmniejszy\u0107 pr\u0119dko\u015b\u0107 nawet o po\u0142ow\u0119. Poni\u017cej kilka wskaz\u00f3wek, jak radzi\u0107 sobie z wiatrem:\" \/>\n<meta property=\"og:url\" content=\"https:\/\/www.welovecycling.com\/pl\/2019\/05\/13\/niezbedne-wskazowki-dotyczace-jazdy-na-wietrze\/\" \/>\n<meta property=\"og:site_name\" content=\"\u0160koda We Love Cycling - Poland\" \/>\n<meta property=\"article:published_time\" content=\"2019-05-13T07:28:58+00:00\" \/>\n<meta property=\"article:modified_time\" content=\"2019-05-14T07:41:02+00:00\" \/>\n<meta property=\"og:image\" content=\"https:\/\/d2p6e6u75xmxt8.cloudfront.net\/5\/2019\/05\/wind-riding-profimedia-0361658136-CVR-1024x450.jpg\" \/>\n\t<meta property=\"og:image:width\" content=\"1024\" \/>\n\t<meta property=\"og:image:height\" content=\"450\" \/>\n\t<meta property=\"og:image:type\" content=\"image\/jpeg\" \/>\n<meta name=\"author\" content=\"piotrboczkowski\" \/>\n<meta name=\"twitter:card\" content=\"summary_large_image\" \/>\n<meta name=\"twitter:label1\" content=\"Written by\" \/>\n\t<meta name=\"twitter:data1\" content=\"Siegfried Mortkowitz\" \/>\n\t<meta name=\"twitter:label2\" content=\"Est. reading time\" \/>\n\t<meta name=\"twitter:data2\" content=\"5\" \/>\n<script type=\"application\/ld+json\" class=\"yoast-schema-graph\">{\"@context\":\"https:\/\/schema.org\",\"@graph\":[{\"@type\":\"WebPage\",\"@id\":\"https:\/\/www.welovecycling.com\/pl\/2019\/05\/13\/niezbedne-wskazowki-dotyczace-jazdy-na-wietrze\/\",\"url\":\"https:\/\/www.welovecycling.com\/pl\/2019\/05\/13\/niezbedne-wskazowki-dotyczace-jazdy-na-wietrze\/\",\"name\":\"Niezb\u0119dne wskaz\u00f3wki dotycz\u0105ce jazdy na wietrze -\",\"isPartOf\":{\"@id\":\"https:\/\/www.welovecycling.com\/pl\/#website\"},\"primaryImageOfPage\":{\"@id\":\"https:\/\/www.welovecycling.com\/pl\/2019\/05\/13\/niezbedne-wskazowki-dotyczace-jazdy-na-wietrze\/#primaryimage\"},\"image\":{\"@id\":\"https:\/\/www.welovecycling.com\/pl\/2019\/05\/13\/niezbedne-wskazowki-dotyczace-jazdy-na-wietrze\/#primaryimage\"},\"thumbnailUrl\":\"https:\/\/d2p6e6u75xmxt8.cloudfront.net\/5\/2019\/05\/wind-riding-profimedia-0361658136-CVR-1024x450.jpg\",\"datePublished\":\"2019-05-13T07:28:58+00:00\",\"dateModified\":\"2019-05-14T07:41:02+00:00\",\"author\":{\"@id\":\"https:\/\/www.welovecycling.com\/pl\/#\/schema\/person\/0dba2d39da943db9df3fd8f4687e7f23\"},\"description\":\"Jazda przy wietrznej pogodzie mo\u017ce zmniejszy\u0107 pr\u0119dko\u015b\u0107 nawet o po\u0142ow\u0119. Poni\u017cej kilka wskaz\u00f3wek, jak radzi\u0107 sobie z wiatrem:\",\"breadcrumb\":{\"@id\":\"https:\/\/www.welovecycling.com\/pl\/2019\/05\/13\/niezbedne-wskazowki-dotyczace-jazdy-na-wietrze\/#breadcrumb\"},\"inLanguage\":\"pl-PL\",\"potentialAction\":[{\"@type\":\"ReadAction\",\"target\":[\"https:\/\/www.welovecycling.com\/pl\/2019\/05\/13\/niezbedne-wskazowki-dotyczace-jazdy-na-wietrze\/\"]}]},{\"@type\":\"ImageObject\",\"inLanguage\":\"pl-PL\",\"@id\":\"https:\/\/www.welovecycling.com\/pl\/2019\/05\/13\/niezbedne-wskazowki-dotyczace-jazdy-na-wietrze\/#primaryimage\",\"url\":\"https:\/\/d2p6e6u75xmxt8.cloudfront.net\/5\/2019\/05\/wind-riding-profimedia-0361658136-CVR-1024x450.jpg\",\"contentUrl\":\"https:\/\/d2p6e6u75xmxt8.cloudfront.net\/5\/2019\/05\/wind-riding-profimedia-0361658136-CVR-1024x450.jpg\",\"width\":1024,\"height\":450},{\"@type\":\"BreadcrumbList\",\"@id\":\"https:\/\/www.welovecycling.com\/pl\/2019\/05\/13\/niezbedne-wskazowki-dotyczace-jazdy-na-wietrze\/#breadcrumb\",\"itemListElement\":[{\"@type\":\"ListItem\",\"position\":1,\"name\":\"Home\",\"item\":\"https:\/\/www.welovecycling.com\/pl\/\"},{\"@type\":\"ListItem\",\"position\":2,\"name\":\"Niezb\u0119dne wskaz\u00f3wki dotycz\u0105ce jazdy na wietrze\"}]},{\"@type\":\"WebSite\",\"@id\":\"https:\/\/www.welovecycling.com\/pl\/#website\",\"url\":\"https:\/\/www.welovecycling.com\/pl\/\",\"name\":\"\u0160koda We Love Cycling - Poland\",\"description\":\"\",\"potentialAction\":[{\"@type\":\"SearchAction\",\"target\":{\"@type\":\"EntryPoint\",\"urlTemplate\":\"https:\/\/www.welovecycling.com\/pl\/?s={search_term_string}\"},\"query-input\":{\"@type\":\"PropertyValueSpecification\",\"valueRequired\":true,\"valueName\":\"search_term_string\"}}],\"inLanguage\":\"pl-PL\"},{\"@type\":\"Person\",\"@id\":\"https:\/\/www.welovecycling.com\/pl\/#\/schema\/person\/0dba2d39da943db9df3fd8f4687e7f23\",\"name\":\"piotrboczkowski\",\"image\":{\"@type\":\"ImageObject\",\"inLanguage\":\"pl-PL\",\"@id\":\"https:\/\/www.welovecycling.com\/pl\/#\/schema\/person\/image\/\",\"url\":\"https:\/\/secure.gravatar.com\/avatar\/533caccae14752e03a2ce2d3fd62d1b98b93e1393c3195c27819e53344ca1ace?s=96&d=mm&r=g\",\"contentUrl\":\"https:\/\/secure.gravatar.com\/avatar\/533caccae14752e03a2ce2d3fd62d1b98b93e1393c3195c27819e53344ca1ace?s=96&d=mm&r=g\",\"caption\":\"piotrboczkowski\"},\"url\":\"https:\/\/www.welovecycling.com\/pl\/author\/piotrboczkowski\/\"}]}<\/script>\n<!-- \/ Yoast SEO Premium plugin. -->","yoast_head_json":{"title":"Niezb\u0119dne wskaz\u00f3wki dotycz\u0105ce jazdy na wietrze -","description":"Jazda przy wietrznej pogodzie mo\u017ce zmniejszy\u0107 pr\u0119dko\u015b\u0107 nawet o po\u0142ow\u0119. Poni\u017cej kilka wskaz\u00f3wek, jak radzi\u0107 sobie z wiatrem:","robots":{"index":"index","follow":"follow","max-snippet":"max-snippet:-1","max-image-preview":"max-image-preview:large","max-video-preview":"max-video-preview:-1"},"canonical":"https:\/\/www.welovecycling.com\/pl\/2019\/05\/13\/niezbedne-wskazowki-dotyczace-jazdy-na-wietrze\/","og_locale":"pl_PL","og_type":"article","og_title":"Niezb\u0119dne wskaz\u00f3wki dotycz\u0105ce jazdy na wietrze","og_description":"Jazda przy wietrznej pogodzie mo\u017ce zmniejszy\u0107 pr\u0119dko\u015b\u0107 nawet o po\u0142ow\u0119. Poni\u017cej kilka wskaz\u00f3wek, jak radzi\u0107 sobie z wiatrem:","og_url":"https:\/\/www.welovecycling.com\/pl\/2019\/05\/13\/niezbedne-wskazowki-dotyczace-jazdy-na-wietrze\/","og_site_name":"\u0160koda We Love Cycling - Poland","article_published_time":"2019-05-13T07:28:58+00:00","article_modified_time":"2019-05-14T07:41:02+00:00","og_image":[{"width":1024,"height":450,"url":"https:\/\/d2p6e6u75xmxt8.cloudfront.net\/5\/2019\/05\/wind-riding-profimedia-0361658136-CVR-1024x450.jpg","type":"image\/jpeg"}],"author":"piotrboczkowski","twitter_card":"summary_large_image","twitter_misc":{"Written by":"Siegfried Mortkowitz","Est. reading time":"5"},"schema":{"@context":"https:\/\/schema.org","@graph":[{"@type":"WebPage","@id":"https:\/\/www.welovecycling.com\/pl\/2019\/05\/13\/niezbedne-wskazowki-dotyczace-jazdy-na-wietrze\/","url":"https:\/\/www.welovecycling.com\/pl\/2019\/05\/13\/niezbedne-wskazowki-dotyczace-jazdy-na-wietrze\/","name":"Niezb\u0119dne wskaz\u00f3wki dotycz\u0105ce jazdy na wietrze -","isPartOf":{"@id":"https:\/\/www.welovecycling.com\/pl\/#website"},"primaryImageOfPage":{"@id":"https:\/\/www.welovecycling.com\/pl\/2019\/05\/13\/niezbedne-wskazowki-dotyczace-jazdy-na-wietrze\/#primaryimage"},"image":{"@id":"https:\/\/www.welovecycling.com\/pl\/2019\/05\/13\/niezbedne-wskazowki-dotyczace-jazdy-na-wietrze\/#primaryimage"},"thumbnailUrl":"https:\/\/d2p6e6u75xmxt8.cloudfront.net\/5\/2019\/05\/wind-riding-profimedia-0361658136-CVR-1024x450.jpg","datePublished":"2019-05-13T07:28:58+00:00","dateModified":"2019-05-14T07:41:02+00:00","author":{"@id":"https:\/\/www.welovecycling.com\/pl\/#\/schema\/person\/0dba2d39da943db9df3fd8f4687e7f23"},"description":"Jazda przy wietrznej pogodzie mo\u017ce zmniejszy\u0107 pr\u0119dko\u015b\u0107 nawet o po\u0142ow\u0119. Poni\u017cej kilka wskaz\u00f3wek, jak radzi\u0107 sobie z wiatrem:","breadcrumb":{"@id":"https:\/\/www.welovecycling.com\/pl\/2019\/05\/13\/niezbedne-wskazowki-dotyczace-jazdy-na-wietrze\/#breadcrumb"},"inLanguage":"pl-PL","potentialAction":[{"@type":"ReadAction","target":["https:\/\/www.welovecycling.com\/pl\/2019\/05\/13\/niezbedne-wskazowki-dotyczace-jazdy-na-wietrze\/"]}]},{"@type":"ImageObject","inLanguage":"pl-PL","@id":"https:\/\/www.welovecycling.com\/pl\/2019\/05\/13\/niezbedne-wskazowki-dotyczace-jazdy-na-wietrze\/#primaryimage","url":"https:\/\/d2p6e6u75xmxt8.cloudfront.net\/5\/2019\/05\/wind-riding-profimedia-0361658136-CVR-1024x450.jpg","contentUrl":"https:\/\/d2p6e6u75xmxt8.cloudfront.net\/5\/2019\/05\/wind-riding-profimedia-0361658136-CVR-1024x450.jpg","width":1024,"height":450},{"@type":"BreadcrumbList","@id":"https:\/\/www.welovecycling.com\/pl\/2019\/05\/13\/niezbedne-wskazowki-dotyczace-jazdy-na-wietrze\/#breadcrumb","itemListElement":[{"@type":"ListItem","position":1,"name":"Home","item":"https:\/\/www.welovecycling.com\/pl\/"},{"@type":"ListItem","position":2,"name":"Niezb\u0119dne wskaz\u00f3wki dotycz\u0105ce jazdy na wietrze"}]},{"@type":"WebSite","@id":"https:\/\/www.welovecycling.com\/pl\/#website","url":"https:\/\/www.welovecycling.com\/pl\/","name":"\u0160koda We Love Cycling - Poland","description":"","potentialAction":[{"@type":"SearchAction","target":{"@type":"EntryPoint","urlTemplate":"https:\/\/www.welovecycling.com\/pl\/?s={search_term_string}"},"query-input":{"@type":"PropertyValueSpecification","valueRequired":true,"valueName":"search_term_string"}}],"inLanguage":"pl-PL"},{"@type":"Person","@id":"https:\/\/www.welovecycling.com\/pl\/#\/schema\/person\/0dba2d39da943db9df3fd8f4687e7f23","name":"piotrboczkowski","image":{"@type":"ImageObject","inLanguage":"pl-PL","@id":"https:\/\/www.welovecycling.com\/pl\/#\/schema\/person\/image\/","url":"https:\/\/secure.gravatar.com\/avatar\/533caccae14752e03a2ce2d3fd62d1b98b93e1393c3195c27819e53344ca1ace?s=96&d=mm&r=g","contentUrl":"https:\/\/secure.gravatar.com\/avatar\/533caccae14752e03a2ce2d3fd62d1b98b93e1393c3195c27819e53344ca1ace?s=96&d=mm&r=g","caption":"piotrboczkowski"},"url":"https:\/\/www.welovecycling.com\/pl\/author\/piotrboczkowski\/"}]}},"_links":{"self":[{"href":"https:\/\/www.welovecycling.com\/pl\/wp-json\/wp\/v2\/posts\/8922","targetHints":{"allow":["GET"]}}],"collection":[{"href":"https:\/\/www.welovecycling.com\/pl\/wp-json\/wp\/v2\/posts"}],"about":[{"href":"https:\/\/www.welovecycling.com\/pl\/wp-json\/wp\/v2\/types\/post"}],"author":[{"embeddable":true,"href":"https:\/\/www.welovecycling.com\/pl\/wp-json\/wp\/v2\/users\/76"}],"replies":[{"embeddable":true,"href":"https:\/\/www.welovecycling.com\/pl\/wp-json\/wp\/v2\/comments?post=8922"}],"version-history":[{"count":1,"href":"https:\/\/www.welovecycling.com\/pl\/wp-json\/wp\/v2\/posts\/8922\/revisions"}],"predecessor-version":[{"id":8924,"href":"https:\/\/www.welovecycling.com\/pl\/wp-json\/wp\/v2\/posts\/8922\/revisions\/8924"}],"wp:featuredmedia":[{"embeddable":true,"href":"https:\/\/www.welovecycling.com\/pl\/wp-json\/wp\/v2\/media\/8923"}],"wp:attachment":[{"href":"https:\/\/www.welovecycling.com\/pl\/wp-json\/wp\/v2\/media?parent=8922"}],"wp:term":[{"taxonomy":"category","embeddable":true,"href":"https:\/\/www.welovecycling.com\/pl\/wp-json\/wp\/v2\/categories?post=8922"},{"taxonomy":"post_tag","embeddable":true,"href":"https:\/\/www.welovecycling.com\/pl\/wp-json\/wp\/v2\/tags?post=8922"},{"taxonomy":"global-categories","embeddable":true,"href":"https:\/\/www.welovecycling.com\/pl\/wp-json\/wp\/v2\/global-categories?post=8922"}],"curies":[{"name":"wp","href":"https:\/\/api.w.org\/{rel}","templated":true}]}}