{"id":8917,"date":"2019-05-12T08:03:30","date_gmt":"2019-05-12T08:03:30","guid":{"rendered":"https:\/\/www.welovecycling.com\/pl\/?p=8917"},"modified":"2019-05-12T08:04:49","modified_gmt":"2019-05-12T08:04:49","slug":"giro-ditalia-czas-zaczac-wielka-kolarska-uczte","status":"publish","type":"post","link":"https:\/\/www.welovecycling.com\/pl\/2019\/05\/12\/giro-ditalia-czas-zaczac-wielka-kolarska-uczte\/","title":{"rendered":"Giro d\u2019Italia: Czas zacz\u0105\u0107 wielk\u0105 kolarsk\u0105 uczt\u0119!"},"content":{"rendered":"<p><strong>Zacz\u0119\u0142o si\u0119 pierwsze wielkie tegoroczne \u015bciganie! W sobot\u0119 wystartowa\u0142o Giro d\u2019Italia z czterema Polakami i grup\u0105 CCC. Niestety, tu\u017c przed wy\u015bcigiem dramat przytrafi\u0142 si\u0119 jednemu z faworyt\u00f3w.<\/strong><\/p>\n<p>Analizuj\u0105 sk\u0142ady, oceniaj\u0105 szanse i przede wszystkim rezerwuj\u0105 czas a\u017c do 2 czerwca. To nie mo\u017ce oznacza\u0107 nic innego &#8211; drodzy fani kolarstwa, przed nami trzy tygodnie rowerowej uczty!<\/p>\n<p>W tym roku Giro d\u2019Italia nie opu\u015bci granic W\u0142och, cho\u0107 wiadomo, \u017ce w przysz\u0142ym zacznie si\u0119 300 km od polskiej granicy, czyli w Budapeszcie. W sobot\u0119 kolarze stan\u0105 jednak na starcie w Bolonii, a pierwszy etap to b\u0119dzie licz\u0105ca 8,2 km jazda na czas. Nast\u0119pnie tereny pag\u00f3rkowate b\u0119d\u0105 przeplata\u0142y si\u0119 z p\u0142askimi, a fani g\u00f3r w pe\u0142ni usatysfakcjonowani b\u0119d\u0105 dopiero w drugiej cz\u0119\u015bci wy\u015bcigu.<\/p>\n<p>Pod tym wzgl\u0119dem ciekawie zapowiada si\u0119 13., 14. oraz 16. etap, ale wszystko mo\u017ce rozstrzygn\u0105\u0107 si\u0119 przedostatniego dnia na trasie biegn\u0105cej z Feltre do Croce d\u2019Aune (Monte Avena). \u0141\u0105cznie kolarze zalicz\u0105 21 etap\u00f3w \u00a0w 23 dni i pokonaj\u0105 3518 km.<\/p>\n<p><strong>Majka zaatakuje podium?<\/strong><\/p>\n<p>Oczy polskich kibic\u00f3w w peletonie b\u0119d\u0105 wyszukiwa\u0142y g\u0142\u00f3wnie zawodnik\u00f3w ekipy CCC oraz Bora Hansgrohe, gdzie \u0142\u0105cznie pojedzie czterech Polak\u00f3w. W pierwszej Kamil Gradek i \u0141ukasz Owsian, w drugiej Pawe\u0142 Polja\u0144ski i Rafa\u0142 Majka. To w\u0142a\u015bnie popularny \u201eZgred\u201d (tak Majka przezywany jest od czas\u00f3w szkolnych) ma najwi\u0119ksze szanse namiesza\u0107 w peletonie, szczeg\u00f3lnie na g\u00f3rskich etapach.<\/p>\n<p>Niespe\u0142na 30-letni Polak b\u0119dzie liderem Bora Hansgrohe, a pomaga\u0107 ma mu w\u0142a\u015bnie Polja\u0144ski. Majka mo\u017ce zakr\u0119ci\u0107 si\u0119 nawet w okolicach podium, a apetyty rozbudzaj\u0105 jego poprzednie wyst\u0119py w Giro d\u2019Italia. Startowa\u0142 w nim trzy razy i za ka\u017cdym nie do\u015b\u0107, \u017ce spisa\u0142 si\u0119 bardzo dobrze, to jeszcze minimalnie poprawia\u0142 lokat\u0119 w ko\u0144cowej klasyfikacji generalnej (7. miejsce w 2013 r., 6. w 2014 i 5. w 2016).<\/p>\n<p>Troch\u0119 inny cel przy\u015bwieca ekipie CCC. Dru\u017cyna nie ma zdecydowanego lidera (najbardziej do\u015bwiadczonym zawodnikiem jest 37-letni Francisco Ventoso), wi\u0119c zawodnicy b\u0119d\u0105 celowali raczej w zwyci\u0119stwo etapowe.<\/p>\n<p><strong>Dramat faworyta<\/strong><\/p>\n<p>Jednym z wielkich faworyt\u00f3w do wygrania w\u0142oskiego wy\u015bcigu by\u0142 Egan Bernal, ale tydzie\u0144 temu bukmacherzy wykre\u015blili go ze swoich zak\u0142ad\u00f3w. Pow\u00f3d? Paskudna kontuzja, kt\u00f3rej Kolumbijczyk nabawi\u0142 si\u0119 podczas jednego z trening\u00f3w.<\/p>\n<p>Znakomity m\u0142ody g\u00f3ral upad\u0142 tak pechowo, \u017ce z\u0142ama\u0142 obojczyk. To oznacza, \u017ce lidera straci\u0142 Team Sky, a raczej Team Ineos, bo w\u0142a\u015bnie tak od 1 maja nazywa si\u0119 zesp\u00f3\u0142, w kt\u00f3rym je\u017cd\u017c\u0105 m.in. Christopher Froome i Geraint Thomas. Dru\u017cyna ma now\u0105 nazw\u0119, barwy i przede wszystkim nowego sponsora i w\u0142a\u015bciciela grupy.<\/p>\n<p>Nie zmieni\u0142 si\u0119 tylko cel \u2013 kolejne zwyci\u0119stwo podczas Tour de France. To w\u0142a\u015bnie dlatego Team Ineos nie rzuci\u0142 wszystkich si\u0142 na Giro d\u2019Italia, poniewa\u017c najwi\u0119ksz\u0105 ambicj\u0105 zespo\u0142u jest wygranie po raz kolejny najwi\u0119kszego wy\u015bcigu \u015bwiata. A przypomnijmy, \u017ce je\u015bli zrobi\u0142by to Froome, w\u00f3wczas do\u0142\u0105czy\u0142by do wielkich legend kolarstwa \u2013 Eddy\u2019ego Merckxa, Miguela Induraina i Jacquesa Anquetila \u2013 kt\u00f3rzy w Wielkiej P\u0119tli triumfowali pi\u0119ciokrotnie.<\/p>\n<p>Zanim jednak do czerwono\u015bci rozgrzewaj\u0105 nas emocje zwi\u0105zane z Tour de France (zaczyna si\u0119 6 lipca), zajmijmy si\u0119 przystawk\u0105, czyli Giro d\u2019Italia. Start wy\u015bcigu nast\u0105pi\u0142 w sobot\u0119, transmisje w Eurosporcie i RAI.<\/p>\n<p><a href=\"https:\/\/www.instagram.com\/giroditalia\/\">https:\/\/www.instagram.com\/giroditalia\/<\/a><\/p>\n<p>https:\/\/www.instagram.com\/p\/BxVugd6Ahta\/<\/p>\n","protected":false},"excerpt":{"rendered":"<p>Zacz\u0119\u0142o si\u0119 pierwsze wielkie tegoroczne \u015bciganie! W sobot\u0119 wystartowa\u0142o Giro d\u2019Italia z czterema Polakami i grup\u0105 CCC. Niestety, tu\u017c przed [&hellip;]<\/p>\n","protected":false},"author":76,"featured_media":8919,"comment_status":"open","ping_status":"open","sticky":false,"template":"","format":"standard","meta":{"footnotes":""},"categories":[6,295],"tags":[],"global-categories":[],"class_list":["post-8917","post","type-post","status-publish","format-standard","has-post-thumbnail","hentry","category-kolarstwo-szosowe","category-zawody"],"yoast_head":"<!-- This site is optimized with the Yoast SEO Premium plugin v25.3 (Yoast SEO v25.9) - https:\/\/yoast.com\/wordpress\/plugins\/seo\/ -->\n<title>Giro d\u2019Italia: Czas zacz\u0105\u0107 wielk\u0105 kolarsk\u0105 uczt\u0119!<\/title>\n<meta name=\"description\" content=\"Zacz\u0119\u0142o si\u0119 pierwsze wielkie tegoroczne \u015bciganie! W sobot\u0119 startuje Giro d\u2019Italia z czterema Polakami i grup\u0105 CCC. Przed nami trzy tygodnie rowerowej uczty!\" \/>\n<meta name=\"robots\" content=\"index, follow, max-snippet:-1, max-image-preview:large, max-video-preview:-1\" \/>\n<link rel=\"canonical\" href=\"https:\/\/www.welovecycling.com\/pl\/2019\/05\/12\/giro-ditalia-czas-zaczac-wielka-kolarska-uczte\/\" \/>\n<meta property=\"og:locale\" content=\"pl_PL\" \/>\n<meta property=\"og:type\" content=\"article\" \/>\n<meta property=\"og:title\" content=\"Giro d\u2019Italia: Czas zacz\u0105\u0107 wielk\u0105 kolarsk\u0105 uczt\u0119!\" \/>\n<meta property=\"og:description\" content=\"Zacz\u0119\u0142o si\u0119 pierwsze wielkie tegoroczne \u015bciganie! W sobot\u0119 startuje Giro d\u2019Italia z czterema Polakami i grup\u0105 CCC. Przed nami trzy tygodnie rowerowej uczty!\" \/>\n<meta property=\"og:url\" content=\"https:\/\/www.welovecycling.com\/pl\/2019\/05\/12\/giro-ditalia-czas-zaczac-wielka-kolarska-uczte\/\" \/>\n<meta property=\"og:site_name\" content=\"\u0160koda We Love Cycling - Poland\" \/>\n<meta property=\"article:published_time\" content=\"2019-05-12T08:03:30+00:00\" \/>\n<meta property=\"article:modified_time\" content=\"2019-05-12T08:04:49+00:00\" \/>\n<meta property=\"og:image\" content=\"https:\/\/d2p6e6u75xmxt8.cloudfront.net\/5\/2019\/05\/giro-102.jpg\" \/>\n\t<meta property=\"og:image:width\" content=\"868\" \/>\n\t<meta property=\"og:image:height\" content=\"429\" \/>\n\t<meta property=\"og:image:type\" content=\"image\/jpeg\" \/>\n<meta name=\"author\" content=\"piotrboczkowski\" \/>\n<meta name=\"twitter:card\" content=\"summary_large_image\" \/>\n<meta name=\"twitter:label1\" content=\"Written by\" \/>\n\t<meta name=\"twitter:data1\" content=\"Piotr Jawor\" \/>\n\t<meta name=\"twitter:label2\" content=\"Est. reading time\" \/>\n\t<meta name=\"twitter:data2\" content=\"5\" \/>\n<script type=\"application\/ld+json\" class=\"yoast-schema-graph\">{\"@context\":\"https:\/\/schema.org\",\"@graph\":[{\"@type\":\"WebPage\",\"@id\":\"https:\/\/www.welovecycling.com\/pl\/2019\/05\/12\/giro-ditalia-czas-zaczac-wielka-kolarska-uczte\/\",\"url\":\"https:\/\/www.welovecycling.com\/pl\/2019\/05\/12\/giro-ditalia-czas-zaczac-wielka-kolarska-uczte\/\",\"name\":\"Giro d\u2019Italia: Czas zacz\u0105\u0107 wielk\u0105 kolarsk\u0105 uczt\u0119!\",\"isPartOf\":{\"@id\":\"https:\/\/www.welovecycling.com\/pl\/#website\"},\"primaryImageOfPage\":{\"@id\":\"https:\/\/www.welovecycling.com\/pl\/2019\/05\/12\/giro-ditalia-czas-zaczac-wielka-kolarska-uczte\/#primaryimage\"},\"image\":{\"@id\":\"https:\/\/www.welovecycling.com\/pl\/2019\/05\/12\/giro-ditalia-czas-zaczac-wielka-kolarska-uczte\/#primaryimage\"},\"thumbnailUrl\":\"https:\/\/d2p6e6u75xmxt8.cloudfront.net\/5\/2019\/05\/giro-102.jpg\",\"datePublished\":\"2019-05-12T08:03:30+00:00\",\"dateModified\":\"2019-05-12T08:04:49+00:00\",\"author\":{\"@id\":\"https:\/\/www.welovecycling.com\/pl\/#\/schema\/person\/0dba2d39da943db9df3fd8f4687e7f23\"},\"description\":\"Zacz\u0119\u0142o si\u0119 pierwsze wielkie tegoroczne \u015bciganie! W sobot\u0119 startuje Giro d\u2019Italia z czterema Polakami i grup\u0105 CCC. Przed nami trzy tygodnie rowerowej uczty!\",\"breadcrumb\":{\"@id\":\"https:\/\/www.welovecycling.com\/pl\/2019\/05\/12\/giro-ditalia-czas-zaczac-wielka-kolarska-uczte\/#breadcrumb\"},\"inLanguage\":\"pl-PL\",\"potentialAction\":[{\"@type\":\"ReadAction\",\"target\":[\"https:\/\/www.welovecycling.com\/pl\/2019\/05\/12\/giro-ditalia-czas-zaczac-wielka-kolarska-uczte\/\"]}]},{\"@type\":\"ImageObject\",\"inLanguage\":\"pl-PL\",\"@id\":\"https:\/\/www.welovecycling.com\/pl\/2019\/05\/12\/giro-ditalia-czas-zaczac-wielka-kolarska-uczte\/#primaryimage\",\"url\":\"https:\/\/d2p6e6u75xmxt8.cloudfront.net\/5\/2019\/05\/giro-102.jpg\",\"contentUrl\":\"https:\/\/d2p6e6u75xmxt8.cloudfront.net\/5\/2019\/05\/giro-102.jpg\",\"width\":868,\"height\":429},{\"@type\":\"BreadcrumbList\",\"@id\":\"https:\/\/www.welovecycling.com\/pl\/2019\/05\/12\/giro-ditalia-czas-zaczac-wielka-kolarska-uczte\/#breadcrumb\",\"itemListElement\":[{\"@type\":\"ListItem\",\"position\":1,\"name\":\"Home\",\"item\":\"https:\/\/www.welovecycling.com\/pl\/\"},{\"@type\":\"ListItem\",\"position\":2,\"name\":\"Giro d\u2019Italia: Czas zacz\u0105\u0107 wielk\u0105 kolarsk\u0105 uczt\u0119!\"}]},{\"@type\":\"WebSite\",\"@id\":\"https:\/\/www.welovecycling.com\/pl\/#website\",\"url\":\"https:\/\/www.welovecycling.com\/pl\/\",\"name\":\"\u0160koda We Love Cycling - Poland\",\"description\":\"\",\"potentialAction\":[{\"@type\":\"SearchAction\",\"target\":{\"@type\":\"EntryPoint\",\"urlTemplate\":\"https:\/\/www.welovecycling.com\/pl\/?s={search_term_string}\"},\"query-input\":{\"@type\":\"PropertyValueSpecification\",\"valueRequired\":true,\"valueName\":\"search_term_string\"}}],\"inLanguage\":\"pl-PL\"},{\"@type\":\"Person\",\"@id\":\"https:\/\/www.welovecycling.com\/pl\/#\/schema\/person\/0dba2d39da943db9df3fd8f4687e7f23\",\"name\":\"piotrboczkowski\",\"image\":{\"@type\":\"ImageObject\",\"inLanguage\":\"pl-PL\",\"@id\":\"https:\/\/www.welovecycling.com\/pl\/#\/schema\/person\/image\/\",\"url\":\"https:\/\/secure.gravatar.com\/avatar\/533caccae14752e03a2ce2d3fd62d1b98b93e1393c3195c27819e53344ca1ace?s=96&d=mm&r=g\",\"contentUrl\":\"https:\/\/secure.gravatar.com\/avatar\/533caccae14752e03a2ce2d3fd62d1b98b93e1393c3195c27819e53344ca1ace?s=96&d=mm&r=g\",\"caption\":\"piotrboczkowski\"},\"url\":\"https:\/\/www.welovecycling.com\/pl\/author\/piotrboczkowski\/\"}]}<\/script>\n<!-- \/ Yoast SEO Premium plugin. -->","yoast_head_json":{"title":"Giro d\u2019Italia: Czas zacz\u0105\u0107 wielk\u0105 kolarsk\u0105 uczt\u0119!","description":"Zacz\u0119\u0142o si\u0119 pierwsze wielkie tegoroczne \u015bciganie! W sobot\u0119 startuje Giro d\u2019Italia z czterema Polakami i grup\u0105 CCC. Przed nami trzy tygodnie rowerowej uczty!","robots":{"index":"index","follow":"follow","max-snippet":"max-snippet:-1","max-image-preview":"max-image-preview:large","max-video-preview":"max-video-preview:-1"},"canonical":"https:\/\/www.welovecycling.com\/pl\/2019\/05\/12\/giro-ditalia-czas-zaczac-wielka-kolarska-uczte\/","og_locale":"pl_PL","og_type":"article","og_title":"Giro d\u2019Italia: Czas zacz\u0105\u0107 wielk\u0105 kolarsk\u0105 uczt\u0119!","og_description":"Zacz\u0119\u0142o si\u0119 pierwsze wielkie tegoroczne \u015bciganie! W sobot\u0119 startuje Giro d\u2019Italia z czterema Polakami i grup\u0105 CCC. Przed nami trzy tygodnie rowerowej uczty!","og_url":"https:\/\/www.welovecycling.com\/pl\/2019\/05\/12\/giro-ditalia-czas-zaczac-wielka-kolarska-uczte\/","og_site_name":"\u0160koda We Love Cycling - Poland","article_published_time":"2019-05-12T08:03:30+00:00","article_modified_time":"2019-05-12T08:04:49+00:00","og_image":[{"width":868,"height":429,"url":"https:\/\/d2p6e6u75xmxt8.cloudfront.net\/5\/2019\/05\/giro-102.jpg","type":"image\/jpeg"}],"author":"piotrboczkowski","twitter_card":"summary_large_image","twitter_misc":{"Written by":"Piotr Jawor","Est. reading time":"5"},"schema":{"@context":"https:\/\/schema.org","@graph":[{"@type":"WebPage","@id":"https:\/\/www.welovecycling.com\/pl\/2019\/05\/12\/giro-ditalia-czas-zaczac-wielka-kolarska-uczte\/","url":"https:\/\/www.welovecycling.com\/pl\/2019\/05\/12\/giro-ditalia-czas-zaczac-wielka-kolarska-uczte\/","name":"Giro d\u2019Italia: Czas zacz\u0105\u0107 wielk\u0105 kolarsk\u0105 uczt\u0119!","isPartOf":{"@id":"https:\/\/www.welovecycling.com\/pl\/#website"},"primaryImageOfPage":{"@id":"https:\/\/www.welovecycling.com\/pl\/2019\/05\/12\/giro-ditalia-czas-zaczac-wielka-kolarska-uczte\/#primaryimage"},"image":{"@id":"https:\/\/www.welovecycling.com\/pl\/2019\/05\/12\/giro-ditalia-czas-zaczac-wielka-kolarska-uczte\/#primaryimage"},"thumbnailUrl":"https:\/\/d2p6e6u75xmxt8.cloudfront.net\/5\/2019\/05\/giro-102.jpg","datePublished":"2019-05-12T08:03:30+00:00","dateModified":"2019-05-12T08:04:49+00:00","author":{"@id":"https:\/\/www.welovecycling.com\/pl\/#\/schema\/person\/0dba2d39da943db9df3fd8f4687e7f23"},"description":"Zacz\u0119\u0142o si\u0119 pierwsze wielkie tegoroczne \u015bciganie! W sobot\u0119 startuje Giro d\u2019Italia z czterema Polakami i grup\u0105 CCC. Przed nami trzy tygodnie rowerowej uczty!","breadcrumb":{"@id":"https:\/\/www.welovecycling.com\/pl\/2019\/05\/12\/giro-ditalia-czas-zaczac-wielka-kolarska-uczte\/#breadcrumb"},"inLanguage":"pl-PL","potentialAction":[{"@type":"ReadAction","target":["https:\/\/www.welovecycling.com\/pl\/2019\/05\/12\/giro-ditalia-czas-zaczac-wielka-kolarska-uczte\/"]}]},{"@type":"ImageObject","inLanguage":"pl-PL","@id":"https:\/\/www.welovecycling.com\/pl\/2019\/05\/12\/giro-ditalia-czas-zaczac-wielka-kolarska-uczte\/#primaryimage","url":"https:\/\/d2p6e6u75xmxt8.cloudfront.net\/5\/2019\/05\/giro-102.jpg","contentUrl":"https:\/\/d2p6e6u75xmxt8.cloudfront.net\/5\/2019\/05\/giro-102.jpg","width":868,"height":429},{"@type":"BreadcrumbList","@id":"https:\/\/www.welovecycling.com\/pl\/2019\/05\/12\/giro-ditalia-czas-zaczac-wielka-kolarska-uczte\/#breadcrumb","itemListElement":[{"@type":"ListItem","position":1,"name":"Home","item":"https:\/\/www.welovecycling.com\/pl\/"},{"@type":"ListItem","position":2,"name":"Giro d\u2019Italia: Czas zacz\u0105\u0107 wielk\u0105 kolarsk\u0105 uczt\u0119!"}]},{"@type":"WebSite","@id":"https:\/\/www.welovecycling.com\/pl\/#website","url":"https:\/\/www.welovecycling.com\/pl\/","name":"\u0160koda We Love Cycling - Poland","description":"","potentialAction":[{"@type":"SearchAction","target":{"@type":"EntryPoint","urlTemplate":"https:\/\/www.welovecycling.com\/pl\/?s={search_term_string}"},"query-input":{"@type":"PropertyValueSpecification","valueRequired":true,"valueName":"search_term_string"}}],"inLanguage":"pl-PL"},{"@type":"Person","@id":"https:\/\/www.welovecycling.com\/pl\/#\/schema\/person\/0dba2d39da943db9df3fd8f4687e7f23","name":"piotrboczkowski","image":{"@type":"ImageObject","inLanguage":"pl-PL","@id":"https:\/\/www.welovecycling.com\/pl\/#\/schema\/person\/image\/","url":"https:\/\/secure.gravatar.com\/avatar\/533caccae14752e03a2ce2d3fd62d1b98b93e1393c3195c27819e53344ca1ace?s=96&d=mm&r=g","contentUrl":"https:\/\/secure.gravatar.com\/avatar\/533caccae14752e03a2ce2d3fd62d1b98b93e1393c3195c27819e53344ca1ace?s=96&d=mm&r=g","caption":"piotrboczkowski"},"url":"https:\/\/www.welovecycling.com\/pl\/author\/piotrboczkowski\/"}]}},"_links":{"self":[{"href":"https:\/\/www.welovecycling.com\/pl\/wp-json\/wp\/v2\/posts\/8917","targetHints":{"allow":["GET"]}}],"collection":[{"href":"https:\/\/www.welovecycling.com\/pl\/wp-json\/wp\/v2\/posts"}],"about":[{"href":"https:\/\/www.welovecycling.com\/pl\/wp-json\/wp\/v2\/types\/post"}],"author":[{"embeddable":true,"href":"https:\/\/www.welovecycling.com\/pl\/wp-json\/wp\/v2\/users\/76"}],"replies":[{"embeddable":true,"href":"https:\/\/www.welovecycling.com\/pl\/wp-json\/wp\/v2\/comments?post=8917"}],"version-history":[{"count":2,"href":"https:\/\/www.welovecycling.com\/pl\/wp-json\/wp\/v2\/posts\/8917\/revisions"}],"predecessor-version":[{"id":8921,"href":"https:\/\/www.welovecycling.com\/pl\/wp-json\/wp\/v2\/posts\/8917\/revisions\/8921"}],"wp:featuredmedia":[{"embeddable":true,"href":"https:\/\/www.welovecycling.com\/pl\/wp-json\/wp\/v2\/media\/8919"}],"wp:attachment":[{"href":"https:\/\/www.welovecycling.com\/pl\/wp-json\/wp\/v2\/media?parent=8917"}],"wp:term":[{"taxonomy":"category","embeddable":true,"href":"https:\/\/www.welovecycling.com\/pl\/wp-json\/wp\/v2\/categories?post=8917"},{"taxonomy":"post_tag","embeddable":true,"href":"https:\/\/www.welovecycling.com\/pl\/wp-json\/wp\/v2\/tags?post=8917"},{"taxonomy":"global-categories","embeddable":true,"href":"https:\/\/www.welovecycling.com\/pl\/wp-json\/wp\/v2\/global-categories?post=8917"}],"curies":[{"name":"wp","href":"https:\/\/api.w.org\/{rel}","templated":true}]}}