{"id":8909,"date":"2019-05-07T15:12:18","date_gmt":"2019-05-07T15:12:18","guid":{"rendered":"https:\/\/www.welovecycling.com\/pl\/?p=8909"},"modified":"2019-05-07T15:12:18","modified_gmt":"2019-05-07T15:12:18","slug":"tak-nikt-juz-dzis-nie-trenuje-niezwykly-przepis-na-jazde-po-gorach-2","status":"publish","type":"post","link":"https:\/\/www.welovecycling.com\/pl\/2019\/05\/07\/tak-nikt-juz-dzis-nie-trenuje-niezwykly-przepis-na-jazde-po-gorach-2\/","title":{"rendered":"Tak nikt ju\u017c dzi\u015b nie trenuje\u2026 Niezwyk\u0142y przepis na jazd\u0119 po g\u00f3rach!"},"content":{"rendered":"<p><strong>Dzi\u015b zawodowcy jak cytryny wyciskaj\u0105 swoje organizmy na trena\u017cerach, robi\u0105 testy, poprawiaj\u0105 moc n\u00f3g. Przepis na zostanie \u201eKr\u00f3lem G\u00f3r\u201d by\u0142 jednak znacznie prostszy &#8211; wystarczy\u0142 rower, worek warzyw lub owoc\u00f3w i du\u017co, bardzo du\u017co silnej woli. Tak w\u0142a\u015bnie trenowa\u0142 Federico Bahamontes, najlepszy g\u00f3ral w historii Tour de France.<\/strong><\/p>\n<p>Jego m\u0142odo\u015b\u0107 przypad\u0142a na czas II wojny \u015bwiatowej. Ojciec pracowa\u0142 w kamienio\u0142omie, prowadzi\u0142 te\u017c gospodarstwo rolne. Pieni\u0119dzy na wszystko nie starcza\u0142o, wi\u0119c Federico szybko zacz\u0105\u0142 dok\u0142ada\u0107 si\u0119 do domowego bud\u017cetu.<\/p>\n<p>Pomys\u0142 mia\u0142 sprawdzony \u2013 kupowa\u0107 owoce oraz warzywa na targach i sprzedawa\u0107 po wy\u017cszej cenie. Pojawi\u0142 si\u0119 tylko jeden problem: jak je przetransportowa\u0107? O samochodzie nie m\u00f3g\u0142 nawet marzy\u0107, konia w domu te\u017c nie by\u0142o, wi\u0119c spos\u00f3b na dostarczenie towar\u00f3w by\u0142 niezbyt skomplikowany, przynajmniej w teorii &#8211; m\u0142ody ch\u0142opak \u0142adowa\u0142 worki na rower.<\/p>\n<p>&#8211; Najpierw robi\u0142em wszystko pieszo, ale za zarobione pieni\u0105dze od razu kupi\u0142em rower, by dzia\u0142a\u0107 szybciej i wi\u0119cej zarabia\u0107. Dzi\u0119ki temu mog\u0142em bowiem przewie\u017a\u0107 nawet 150 kg warzyw i owoc\u00f3w za jednym razem \u2013 opowiada\u0142 w rozmowie z \u201eIndependent\u201d.<\/p>\n<p><span style=\"font-size: 18pt;\"><strong>Najwy\u017csze honory<\/strong><\/span><\/p>\n<p>Drogi w okolicach Toledo do naj\u0142atwiejszych jednak nie nale\u017c\u0105, wi\u0119c m\u0142ody ch\u0142opak szybko musia\u0142 znale\u017a\u0107 w sobie moc do pokonywania podjazd\u00f3w. Moc, kt\u00f3ra uczyni\u0142a z niego najlepszego kolarza g\u00f3rskiego w historii Tour de France.<\/p>\n<p>Ten tytu\u0142 otrzyma\u0142 w 2013 roku, z okazji obchod\u00f3w 100. edycji Tour de France. W jury, kt\u00f3re go nagrodzi\u0142o, by\u0142y takie persony kolarstwa jak pi\u0119ciokrotny zwyci\u0119zca Wielkiej P\u0119tli Bernard Hinault czy dyrektor generalny wy\u015bcigu Christian Prudhomme. Z kolei nagrod\u0119 wr\u0119cza\u0142 prezydent Francji Francois Hollande. Tak, Bahamontes wart by\u0142 najwy\u017cszych honor\u00f3w.<\/p>\n<figure id=\"attachment_8902\" aria-describedby=\"caption-attachment-8902\" style=\"width: 630px\" class=\"wp-caption aligncenter\"><a href=\"https:\/\/d2p6e6u75xmxt8.cloudfront.net\/5\/2019\/05\/1964-bahamontes-federico-tdf.jpg\"><img loading=\"lazy\" decoding=\"async\" class=\"size-full wp-image-8902\" src=\"https:\/\/d2p6e6u75xmxt8.cloudfront.net\/5\/2019\/05\/1964-bahamontes-federico-tdf.jpg\" alt=\"\" width=\"630\" height=\"407\" srcset=\"https:\/\/d2p6e6u75xmxt8.cloudfront.net\/5\/2019\/05\/1964-bahamontes-federico-tdf.jpg 630w, https:\/\/d2p6e6u75xmxt8.cloudfront.net\/5\/2019\/05\/1964-bahamontes-federico-tdf-300x194.jpg 300w\" sizes=\"auto, (max-width: 630px) 100vw, 630px\" \/><\/a><figcaption id=\"caption-attachment-8902\" class=\"wp-caption-text\">https:\/\/www.bikeraceinfo.com\/photo-galleries\/rider-gallery\/bahamontes-federico.html<\/figcaption><\/figure>\n<p>&nbsp;<\/p>\n<p>A\u017c sze\u015b\u0107 razy wygra\u0142 klasyfikacj\u0119 g\u00f3rsk\u0105 Tour de France, a w 1959 r. triumfowa\u0142 w ca\u0142ym wy\u015bcigu jako pierwszy Hiszpan w historii. By\u0142 te\u017c pierwszym kolarzem na \u015bwiecie, kt\u00f3ry skompletowa\u0142 zwyci\u0119stwa w klasyfikacjach g\u00f3rskich wszystkich najwi\u0119kszych wy\u015bcig\u00f3w \u015bwiata: Tour de France, Giro d\u2019Italia oraz Vuelta a Espana. Zreszt\u0105 po nim uda\u0142o si\u0119 to tylko jednemu zawodnikowi \u2013 Luisowi Herrerze i to ponad 30 lat p\u00f3\u017aniej.<\/p>\n<p><span style=\"font-size: 18pt;\"><strong>Atak, atak i jeszcze raz atak<\/strong><\/span><\/p>\n<p>Przepisem na sukces Bahamontesa by\u0142 specyficzny styl jazdy. O ile wielu zawodnik\u00f3w wola\u0142o chowa\u0107 si\u0119 za plecami rywali, by zaatakowa\u0107 w momencie ich s\u0142abo\u015bci, to Hiszpan stara\u0142 nie ogl\u0105da\u0107 si\u0119 do ty\u0142u. Interesowa\u0142o go tylko to, co przed nim. A zdobywaj\u0105c szczyty Alp czy Pirenej\u00f3w nie lubi\u0142, gdy widoki przes\u0142ania mu inny rowerzysta. M.in. dlatego zyska\u0142 przydomek \u201eOrze\u0142 z Toledo\u201d, poniewa\u017c rywale m\u00f3wili o nim, \u017ce po g\u00f3rach nie je\u017adzi tylko fruwa i to tak wysoko, \u017ce a\u017c je przelatuje.<\/p>\n<p>\u2013 Podczas podjazd\u00f3w mia\u0142em tylko jedn\u0105 taktyk\u0119: atak, atak i jeszcze raz atak. I tak od startu a\u017c do mety \u2013 wspomina\u0142.<\/p>\n<figure id=\"attachment_8903\" aria-describedby=\"caption-attachment-8903\" style=\"width: 500px\" class=\"wp-caption aligncenter\"><a href=\"https:\/\/d2p6e6u75xmxt8.cloudfront.net\/5\/2019\/05\/1956-giro-15-bahamontes.jpg\"><img loading=\"lazy\" decoding=\"async\" class=\"wp-image-8903 size-full\" src=\"https:\/\/d2p6e6u75xmxt8.cloudfront.net\/5\/2019\/05\/1956-giro-15-bahamontes.jpg\" alt=\"\" width=\"500\" height=\"724\" srcset=\"https:\/\/d2p6e6u75xmxt8.cloudfront.net\/5\/2019\/05\/1956-giro-15-bahamontes.jpg 500w, https:\/\/d2p6e6u75xmxt8.cloudfront.net\/5\/2019\/05\/1956-giro-15-bahamontes-207x300.jpg 207w\" sizes=\"auto, (max-width: 500px) 100vw, 500px\" \/><\/a><figcaption id=\"caption-attachment-8903\" class=\"wp-caption-text\">https:\/\/www.bikeraceinfo.com\/photo-galleries\/rider-gallery\/bahamontes-federico.html<\/figcaption><\/figure>\n<p>&nbsp;<\/p>\n<p>&#8211; Walka z Bahamontesem by\u0142a bardzo prosta \u2013 atakowa\u0142 zaraz przed wzniesieniem i wtedy cz\u0142owiek ju\u017c wiedzia\u0142, \u017ce kolejny raz spotka go dopiero na starcie kolejnego etapu \u2013 wspomina w \u201eIndependent\u201d Barry Hoban, by\u0142y \u015bwietny brytyjski kolarz.<\/p>\n<p><span style=\"font-size: 18pt;\"><strong>Ko\u0142o si\u0119 zamyka\u0142o<\/strong><\/span><\/p>\n<p>Mimo \u015bwietnej, wr\u0119cz niespotykanej jazdy po g\u00f3rach, Bahamontes rzadko wygrywa\u0142 wy\u015bcigi wieloetapowe. Co wi\u0119cej, cz\u0119sto zwyci\u0119\u017ca\u0142 g\u00f3rskie etapy, a mimo to w klasyfikacji generalnej l\u0105dowa\u0142 poza pierwsz\u0105 dziesi\u0105tk\u0105. Pow\u00f3d? Jedni boj\u0105 si\u0119 paj\u0105k\u00f3w, inni wysoko\u015bci, a Bahamontes czu\u0142 strach przed zjazdami.<\/p>\n<p>Ba\u0142 si\u0119, \u017ce przy du\u017cej pr\u0119dko\u015bci nie zapanuje nad rowerem i bole\u015bnie upadnie. A skoro si\u0119 ba\u0142 zjazd\u00f3w, to rzadziej je trenowa\u0142 A skoro rzadziej trenowa\u0142, to jazdy w d\u00f3\u0142 nie poprawia\u0142 i ko\u0142o si\u0119 zamyka\u0142o. Co oczywi\u015bcie nie przeszkodzi\u0142o mu zosta\u0107 \u201eKr\u00f3lem G\u00f3r Wszech Czas\u00f3w Tour de France\u201d.<\/p>\n<p>&nbsp;<\/p>\n<figure id=\"attachment_8901\" aria-describedby=\"caption-attachment-8901\" style=\"width: 1739px\" class=\"wp-caption aligncenter\"><a href=\"https:\/\/d2p6e6u75xmxt8.cloudfront.net\/5\/2019\/05\/Bagamontes675.jpg\"><img loading=\"lazy\" decoding=\"async\" class=\"size-full wp-image-8901\" src=\"https:\/\/d2p6e6u75xmxt8.cloudfront.net\/5\/2019\/05\/Bagamontes675.jpg\" alt=\"\" width=\"1739\" height=\"1171\" srcset=\"https:\/\/d2p6e6u75xmxt8.cloudfront.net\/5\/2019\/05\/Bagamontes675.jpg 1739w, https:\/\/d2p6e6u75xmxt8.cloudfront.net\/5\/2019\/05\/Bagamontes675-300x202.jpg 300w, https:\/\/d2p6e6u75xmxt8.cloudfront.net\/5\/2019\/05\/Bagamontes675-768x517.jpg 768w, https:\/\/d2p6e6u75xmxt8.cloudfront.net\/5\/2019\/05\/Bagamontes675-1024x690.jpg 1024w, https:\/\/d2p6e6u75xmxt8.cloudfront.net\/5\/2019\/05\/Bagamontes675-272x182.jpg 272w\" sizes=\"auto, (max-width: 1739px) 100vw, 1739px\" \/><\/a><figcaption id=\"caption-attachment-8901\" class=\"wp-caption-text\">https:\/\/fr.wiktionary.org\/wiki\/aigle_de_Tol%C3%A8de<\/figcaption><\/figure>\n<style type=\"text\/css\"><!--td {border: 1px solid #ccc;}br {mso-data-placement:same-cell;}--><\/style>\n<p><span data-sheets-value=\"{&quot;1&quot;:2,&quot;2&quot;:&quot;Artyku\u0142 powsta\u0142 we wsp\u00f3\u0142pracy ze skoda-auto.pl&quot;}\" data-sheets-userformat=\"{&quot;2&quot;:1,&quot;3&quot;:{&quot;1&quot;:0}}\"><a class=\"in-cell-link\" href=\"http:\/\/www.skoda-auto.pl\/\" target=\"_blank\" rel=\"noopener\">Artyku\u0142 powsta\u0142 we wsp\u00f3\u0142pracy ze skoda-auto.pl<\/a><\/span><\/p>\n","protected":false},"excerpt":{"rendered":"<p>Dzi\u015b zawodowcy jak cytryny wyciskaj\u0105 swoje organizmy na trena\u017cerach, robi\u0105 testy, poprawiaj\u0105 moc n\u00f3g. Przepis na zostanie \u201eKr\u00f3lem G\u00f3r\u201d by\u0142 [&hellip;]<\/p>\n","protected":false},"author":76,"featured_media":8901,"comment_status":"open","ping_status":"open","sticky":false,"template":"","format":"standard","meta":{"footnotes":""},"categories":[226],"tags":[],"global-categories":[],"class_list":["post-8909","post","type-post","status-publish","format-standard","has-post-thumbnail","hentry","category-ciekawostki"],"yoast_head":"<!-- This site is optimized with the Yoast SEO Premium plugin v25.3 (Yoast SEO v25.9) - https:\/\/yoast.com\/wordpress\/plugins\/seo\/ -->\n<title>Tak nikt ju\u017c dzi\u015b nie trenuje\u2026 Niezwyk\u0142y przepis na jazd\u0119 po g\u00f3rach! - \u0160koda We Love Cycling - Poland<\/title>\n<meta name=\"robots\" content=\"index, follow, max-snippet:-1, max-image-preview:large, max-video-preview:-1\" \/>\n<link rel=\"canonical\" href=\"https:\/\/www.welovecycling.com\/pl\/2019\/05\/07\/tak-nikt-juz-dzis-nie-trenuje-niezwykly-przepis-na-jazde-po-gorach-2\/\" \/>\n<meta property=\"og:locale\" content=\"pl_PL\" \/>\n<meta property=\"og:type\" content=\"article\" \/>\n<meta property=\"og:title\" content=\"Tak nikt ju\u017c dzi\u015b nie trenuje\u2026 Niezwyk\u0142y przepis na jazd\u0119 po g\u00f3rach!\" \/>\n<meta property=\"og:description\" content=\"Dzi\u015b zawodowcy jak cytryny wyciskaj\u0105 swoje organizmy na trena\u017cerach, robi\u0105 testy, poprawiaj\u0105 moc n\u00f3g. Przepis na zostanie \u201eKr\u00f3lem G\u00f3r\u201d by\u0142 [&hellip;]\" \/>\n<meta property=\"og:url\" content=\"https:\/\/www.welovecycling.com\/pl\/2019\/05\/07\/tak-nikt-juz-dzis-nie-trenuje-niezwykly-przepis-na-jazde-po-gorach-2\/\" \/>\n<meta property=\"og:site_name\" content=\"\u0160koda We Love Cycling - Poland\" \/>\n<meta property=\"article:published_time\" content=\"2019-05-07T15:12:18+00:00\" \/>\n<meta property=\"og:image\" content=\"https:\/\/d2p6e6u75xmxt8.cloudfront.net\/5\/2019\/05\/Bagamontes675.jpg\" \/>\n\t<meta property=\"og:image:width\" content=\"1739\" \/>\n\t<meta property=\"og:image:height\" content=\"1171\" \/>\n\t<meta property=\"og:image:type\" content=\"image\/jpeg\" \/>\n<meta name=\"author\" content=\"piotrboczkowski\" \/>\n<meta name=\"twitter:card\" content=\"summary_large_image\" \/>\n<meta name=\"twitter:label1\" content=\"Written by\" \/>\n\t<meta name=\"twitter:data1\" content=\"Piotr Jawor\" \/>\n\t<meta name=\"twitter:label2\" content=\"Est. reading time\" \/>\n\t<meta name=\"twitter:data2\" content=\"4\" \/>\n<script type=\"application\/ld+json\" class=\"yoast-schema-graph\">{\"@context\":\"https:\/\/schema.org\",\"@graph\":[{\"@type\":\"WebPage\",\"@id\":\"https:\/\/www.welovecycling.com\/pl\/2019\/05\/07\/tak-nikt-juz-dzis-nie-trenuje-niezwykly-przepis-na-jazde-po-gorach-2\/\",\"url\":\"https:\/\/www.welovecycling.com\/pl\/2019\/05\/07\/tak-nikt-juz-dzis-nie-trenuje-niezwykly-przepis-na-jazde-po-gorach-2\/\",\"name\":\"Tak nikt ju\u017c dzi\u015b nie trenuje\u2026 Niezwyk\u0142y przepis na jazd\u0119 po g\u00f3rach! - \u0160koda We Love Cycling - Poland\",\"isPartOf\":{\"@id\":\"https:\/\/www.welovecycling.com\/pl\/#website\"},\"primaryImageOfPage\":{\"@id\":\"https:\/\/www.welovecycling.com\/pl\/2019\/05\/07\/tak-nikt-juz-dzis-nie-trenuje-niezwykly-przepis-na-jazde-po-gorach-2\/#primaryimage\"},\"image\":{\"@id\":\"https:\/\/www.welovecycling.com\/pl\/2019\/05\/07\/tak-nikt-juz-dzis-nie-trenuje-niezwykly-przepis-na-jazde-po-gorach-2\/#primaryimage\"},\"thumbnailUrl\":\"https:\/\/d2p6e6u75xmxt8.cloudfront.net\/5\/2019\/05\/Bagamontes675.jpg\",\"datePublished\":\"2019-05-07T15:12:18+00:00\",\"author\":{\"@id\":\"https:\/\/www.welovecycling.com\/pl\/#\/schema\/person\/0dba2d39da943db9df3fd8f4687e7f23\"},\"breadcrumb\":{\"@id\":\"https:\/\/www.welovecycling.com\/pl\/2019\/05\/07\/tak-nikt-juz-dzis-nie-trenuje-niezwykly-przepis-na-jazde-po-gorach-2\/#breadcrumb\"},\"inLanguage\":\"pl-PL\",\"potentialAction\":[{\"@type\":\"ReadAction\",\"target\":[\"https:\/\/www.welovecycling.com\/pl\/2019\/05\/07\/tak-nikt-juz-dzis-nie-trenuje-niezwykly-przepis-na-jazde-po-gorach-2\/\"]}]},{\"@type\":\"ImageObject\",\"inLanguage\":\"pl-PL\",\"@id\":\"https:\/\/www.welovecycling.com\/pl\/2019\/05\/07\/tak-nikt-juz-dzis-nie-trenuje-niezwykly-przepis-na-jazde-po-gorach-2\/#primaryimage\",\"url\":\"https:\/\/d2p6e6u75xmxt8.cloudfront.net\/5\/2019\/05\/Bagamontes675.jpg\",\"contentUrl\":\"https:\/\/d2p6e6u75xmxt8.cloudfront.net\/5\/2019\/05\/Bagamontes675.jpg\",\"width\":1739,\"height\":1171,\"caption\":\"https:\/\/fr.wiktionary.org\/wiki\/aigle_de_Tol%C3%A8de\"},{\"@type\":\"BreadcrumbList\",\"@id\":\"https:\/\/www.welovecycling.com\/pl\/2019\/05\/07\/tak-nikt-juz-dzis-nie-trenuje-niezwykly-przepis-na-jazde-po-gorach-2\/#breadcrumb\",\"itemListElement\":[{\"@type\":\"ListItem\",\"position\":1,\"name\":\"Home\",\"item\":\"https:\/\/www.welovecycling.com\/pl\/\"},{\"@type\":\"ListItem\",\"position\":2,\"name\":\"Tak nikt ju\u017c dzi\u015b nie trenuje\u2026 Niezwyk\u0142y przepis na jazd\u0119 po g\u00f3rach!\"}]},{\"@type\":\"WebSite\",\"@id\":\"https:\/\/www.welovecycling.com\/pl\/#website\",\"url\":\"https:\/\/www.welovecycling.com\/pl\/\",\"name\":\"\u0160koda We Love Cycling - Poland\",\"description\":\"\",\"potentialAction\":[{\"@type\":\"SearchAction\",\"target\":{\"@type\":\"EntryPoint\",\"urlTemplate\":\"https:\/\/www.welovecycling.com\/pl\/?s={search_term_string}\"},\"query-input\":{\"@type\":\"PropertyValueSpecification\",\"valueRequired\":true,\"valueName\":\"search_term_string\"}}],\"inLanguage\":\"pl-PL\"},{\"@type\":\"Person\",\"@id\":\"https:\/\/www.welovecycling.com\/pl\/#\/schema\/person\/0dba2d39da943db9df3fd8f4687e7f23\",\"name\":\"piotrboczkowski\",\"image\":{\"@type\":\"ImageObject\",\"inLanguage\":\"pl-PL\",\"@id\":\"https:\/\/www.welovecycling.com\/pl\/#\/schema\/person\/image\/\",\"url\":\"https:\/\/secure.gravatar.com\/avatar\/533caccae14752e03a2ce2d3fd62d1b98b93e1393c3195c27819e53344ca1ace?s=96&d=mm&r=g\",\"contentUrl\":\"https:\/\/secure.gravatar.com\/avatar\/533caccae14752e03a2ce2d3fd62d1b98b93e1393c3195c27819e53344ca1ace?s=96&d=mm&r=g\",\"caption\":\"piotrboczkowski\"},\"url\":\"https:\/\/www.welovecycling.com\/pl\/author\/piotrboczkowski\/\"}]}<\/script>\n<!-- \/ Yoast SEO Premium plugin. -->","yoast_head_json":{"title":"Tak nikt ju\u017c dzi\u015b nie trenuje\u2026 Niezwyk\u0142y przepis na jazd\u0119 po g\u00f3rach! - \u0160koda We Love Cycling - Poland","robots":{"index":"index","follow":"follow","max-snippet":"max-snippet:-1","max-image-preview":"max-image-preview:large","max-video-preview":"max-video-preview:-1"},"canonical":"https:\/\/www.welovecycling.com\/pl\/2019\/05\/07\/tak-nikt-juz-dzis-nie-trenuje-niezwykly-przepis-na-jazde-po-gorach-2\/","og_locale":"pl_PL","og_type":"article","og_title":"Tak nikt ju\u017c dzi\u015b nie trenuje\u2026 Niezwyk\u0142y przepis na jazd\u0119 po g\u00f3rach!","og_description":"Dzi\u015b zawodowcy jak cytryny wyciskaj\u0105 swoje organizmy na trena\u017cerach, robi\u0105 testy, poprawiaj\u0105 moc n\u00f3g. Przepis na zostanie \u201eKr\u00f3lem G\u00f3r\u201d by\u0142 [&hellip;]","og_url":"https:\/\/www.welovecycling.com\/pl\/2019\/05\/07\/tak-nikt-juz-dzis-nie-trenuje-niezwykly-przepis-na-jazde-po-gorach-2\/","og_site_name":"\u0160koda We Love Cycling - Poland","article_published_time":"2019-05-07T15:12:18+00:00","og_image":[{"width":1739,"height":1171,"url":"https:\/\/d2p6e6u75xmxt8.cloudfront.net\/5\/2019\/05\/Bagamontes675.jpg","type":"image\/jpeg"}],"author":"piotrboczkowski","twitter_card":"summary_large_image","twitter_misc":{"Written by":"Piotr Jawor","Est. reading time":"4"},"schema":{"@context":"https:\/\/schema.org","@graph":[{"@type":"WebPage","@id":"https:\/\/www.welovecycling.com\/pl\/2019\/05\/07\/tak-nikt-juz-dzis-nie-trenuje-niezwykly-przepis-na-jazde-po-gorach-2\/","url":"https:\/\/www.welovecycling.com\/pl\/2019\/05\/07\/tak-nikt-juz-dzis-nie-trenuje-niezwykly-przepis-na-jazde-po-gorach-2\/","name":"Tak nikt ju\u017c dzi\u015b nie trenuje\u2026 Niezwyk\u0142y przepis na jazd\u0119 po g\u00f3rach! - \u0160koda We Love Cycling - Poland","isPartOf":{"@id":"https:\/\/www.welovecycling.com\/pl\/#website"},"primaryImageOfPage":{"@id":"https:\/\/www.welovecycling.com\/pl\/2019\/05\/07\/tak-nikt-juz-dzis-nie-trenuje-niezwykly-przepis-na-jazde-po-gorach-2\/#primaryimage"},"image":{"@id":"https:\/\/www.welovecycling.com\/pl\/2019\/05\/07\/tak-nikt-juz-dzis-nie-trenuje-niezwykly-przepis-na-jazde-po-gorach-2\/#primaryimage"},"thumbnailUrl":"https:\/\/d2p6e6u75xmxt8.cloudfront.net\/5\/2019\/05\/Bagamontes675.jpg","datePublished":"2019-05-07T15:12:18+00:00","author":{"@id":"https:\/\/www.welovecycling.com\/pl\/#\/schema\/person\/0dba2d39da943db9df3fd8f4687e7f23"},"breadcrumb":{"@id":"https:\/\/www.welovecycling.com\/pl\/2019\/05\/07\/tak-nikt-juz-dzis-nie-trenuje-niezwykly-przepis-na-jazde-po-gorach-2\/#breadcrumb"},"inLanguage":"pl-PL","potentialAction":[{"@type":"ReadAction","target":["https:\/\/www.welovecycling.com\/pl\/2019\/05\/07\/tak-nikt-juz-dzis-nie-trenuje-niezwykly-przepis-na-jazde-po-gorach-2\/"]}]},{"@type":"ImageObject","inLanguage":"pl-PL","@id":"https:\/\/www.welovecycling.com\/pl\/2019\/05\/07\/tak-nikt-juz-dzis-nie-trenuje-niezwykly-przepis-na-jazde-po-gorach-2\/#primaryimage","url":"https:\/\/d2p6e6u75xmxt8.cloudfront.net\/5\/2019\/05\/Bagamontes675.jpg","contentUrl":"https:\/\/d2p6e6u75xmxt8.cloudfront.net\/5\/2019\/05\/Bagamontes675.jpg","width":1739,"height":1171,"caption":"https:\/\/fr.wiktionary.org\/wiki\/aigle_de_Tol%C3%A8de"},{"@type":"BreadcrumbList","@id":"https:\/\/www.welovecycling.com\/pl\/2019\/05\/07\/tak-nikt-juz-dzis-nie-trenuje-niezwykly-przepis-na-jazde-po-gorach-2\/#breadcrumb","itemListElement":[{"@type":"ListItem","position":1,"name":"Home","item":"https:\/\/www.welovecycling.com\/pl\/"},{"@type":"ListItem","position":2,"name":"Tak nikt ju\u017c dzi\u015b nie trenuje\u2026 Niezwyk\u0142y przepis na jazd\u0119 po g\u00f3rach!"}]},{"@type":"WebSite","@id":"https:\/\/www.welovecycling.com\/pl\/#website","url":"https:\/\/www.welovecycling.com\/pl\/","name":"\u0160koda We Love Cycling - Poland","description":"","potentialAction":[{"@type":"SearchAction","target":{"@type":"EntryPoint","urlTemplate":"https:\/\/www.welovecycling.com\/pl\/?s={search_term_string}"},"query-input":{"@type":"PropertyValueSpecification","valueRequired":true,"valueName":"search_term_string"}}],"inLanguage":"pl-PL"},{"@type":"Person","@id":"https:\/\/www.welovecycling.com\/pl\/#\/schema\/person\/0dba2d39da943db9df3fd8f4687e7f23","name":"piotrboczkowski","image":{"@type":"ImageObject","inLanguage":"pl-PL","@id":"https:\/\/www.welovecycling.com\/pl\/#\/schema\/person\/image\/","url":"https:\/\/secure.gravatar.com\/avatar\/533caccae14752e03a2ce2d3fd62d1b98b93e1393c3195c27819e53344ca1ace?s=96&d=mm&r=g","contentUrl":"https:\/\/secure.gravatar.com\/avatar\/533caccae14752e03a2ce2d3fd62d1b98b93e1393c3195c27819e53344ca1ace?s=96&d=mm&r=g","caption":"piotrboczkowski"},"url":"https:\/\/www.welovecycling.com\/pl\/author\/piotrboczkowski\/"}]}},"_links":{"self":[{"href":"https:\/\/www.welovecycling.com\/pl\/wp-json\/wp\/v2\/posts\/8909","targetHints":{"allow":["GET"]}}],"collection":[{"href":"https:\/\/www.welovecycling.com\/pl\/wp-json\/wp\/v2\/posts"}],"about":[{"href":"https:\/\/www.welovecycling.com\/pl\/wp-json\/wp\/v2\/types\/post"}],"author":[{"embeddable":true,"href":"https:\/\/www.welovecycling.com\/pl\/wp-json\/wp\/v2\/users\/76"}],"replies":[{"embeddable":true,"href":"https:\/\/www.welovecycling.com\/pl\/wp-json\/wp\/v2\/comments?post=8909"}],"version-history":[{"count":1,"href":"https:\/\/www.welovecycling.com\/pl\/wp-json\/wp\/v2\/posts\/8909\/revisions"}],"predecessor-version":[{"id":8910,"href":"https:\/\/www.welovecycling.com\/pl\/wp-json\/wp\/v2\/posts\/8909\/revisions\/8910"}],"wp:featuredmedia":[{"embeddable":true,"href":"https:\/\/www.welovecycling.com\/pl\/wp-json\/wp\/v2\/media\/8901"}],"wp:attachment":[{"href":"https:\/\/www.welovecycling.com\/pl\/wp-json\/wp\/v2\/media?parent=8909"}],"wp:term":[{"taxonomy":"category","embeddable":true,"href":"https:\/\/www.welovecycling.com\/pl\/wp-json\/wp\/v2\/categories?post=8909"},{"taxonomy":"post_tag","embeddable":true,"href":"https:\/\/www.welovecycling.com\/pl\/wp-json\/wp\/v2\/tags?post=8909"},{"taxonomy":"global-categories","embeddable":true,"href":"https:\/\/www.welovecycling.com\/pl\/wp-json\/wp\/v2\/global-categories?post=8909"}],"curies":[{"name":"wp","href":"https:\/\/api.w.org\/{rel}","templated":true}]}}