{"id":8891,"date":"2019-05-09T10:47:40","date_gmt":"2019-05-09T10:47:40","guid":{"rendered":"https:\/\/www.welovecycling.com\/pl\/?p=8891"},"modified":"2019-05-05T11:00:14","modified_gmt":"2019-05-05T11:00:14","slug":"eurovelo-6-oto-tajemnicze-zakatki-rowerowej-europy","status":"publish","type":"post","link":"https:\/\/www.welovecycling.com\/pl\/2019\/05\/09\/eurovelo-6-oto-tajemnicze-zakatki-rowerowej-europy\/","title":{"rendered":"Eurovelo 6: Oto tajemnicze zak\u0105tki rowerowej Europy"},"content":{"rendered":"<p><strong>\u201eTo 4,4 tys. km spe\u0142niania marze\u0144 rowerzyst\u00f3w\u201d \u2013 zachwalaj\u0105 tw\u00f3rcy Eurovelo 6. Kolejna europejska trasa tym razem prowadzi nas przez \u015bwiat kulinari\u00f3w i kieruje prosto na magiczne Ba\u0142kany.<\/strong><\/p>\n<p>Je\u015bli kto\u015b zdecyduje si\u0119 na przejechanie ca\u0142ego szlaku, to tak jakby wystartowa\u0142 z jednego \u015bwiata i wyl\u0105dowa\u0142 w drugim. Zaczyna si\u0119 w nowoczesnej Francji, nast\u0119pnie jest op\u0142ywaj\u0105ca w luksusy Szwajcaria i pouk\u0142adane Niemcy oraz Austria. To jeden \u015bwiat, kt\u00f3rego wielu rowerzyst\u00f3w zd\u0105\u017cy\u0142o ju\u017c lizn\u0105\u0107. Drugi wydaje si\u0119 by\u0107 znacznie bardziej tajemniczy.<\/p>\n<p><strong>\u015awiat pierwszy \u2013 zach\u00f3d tym razem od kuchni<\/strong><\/p>\n<p>Nawet je\u015bli komu\u015b nie by\u0142o dane skorzysta\u0107 z tras zachodniej Europy, to ogl\u0105da\u0142 je podczas kolarskich wy\u015bcig\u00f3w lub czyta\u0142 o nich w przewodnikach. Cz\u0119sto infrastrukturalnie \u015bwietnie pouk\u0142adane, naznaczone histori\u0105 kolarstwa i wielkimi wy\u015bcigami. Co kilkana\u015bcie kilometr\u00f3w pi\u0119kne ko\u015bcio\u0142y, wystawne bazyliki i zamki skrywaj\u0105ce niezwyk\u0142e historie. Tym razem jednak tw\u00f3rcy Eurovelo 6 postanowili zwr\u00f3ci\u0107 uwag\u0119 na co\u015b innego, czyli\u2026 kulinaria.<\/p>\n<figure id=\"attachment_8893\" aria-describedby=\"caption-attachment-8893\" style=\"width: 950px\" class=\"wp-caption aligncenter\"><a href=\"https:\/\/d2p6e6u75xmxt8.cloudfront.net\/5\/2019\/05\/imageMap.jpg\"><img loading=\"lazy\" decoding=\"async\" class=\"size-full wp-image-8893\" src=\"https:\/\/d2p6e6u75xmxt8.cloudfront.net\/5\/2019\/05\/imageMap.jpg\" alt=\"\" width=\"950\" height=\"300\" srcset=\"https:\/\/d2p6e6u75xmxt8.cloudfront.net\/5\/2019\/05\/imageMap.jpg 950w, https:\/\/d2p6e6u75xmxt8.cloudfront.net\/5\/2019\/05\/imageMap-300x95.jpg 300w, https:\/\/d2p6e6u75xmxt8.cloudfront.net\/5\/2019\/05\/imageMap-768x243.jpg 768w\" sizes=\"auto, (max-width: 950px) 100vw, 950px\" \/><\/a><figcaption id=\"caption-attachment-8893\" class=\"wp-caption-text\">http:\/\/www.eurovelo.com\/en\/eurovelos\/eurovelo-6\/countries\/france<\/figcaption><\/figure>\n<p><img decoding=\"async\" src=\"http:\/\/www.eurovelo.com\/en\/eurovelos\/eurovelo-6\/countries\/france\/imageMap\" alt=\"\" \/><\/p>\n<p>We Francji polecaj\u0105 rowerzystom winiarnie w Dolinie Loary i rzeczy, kt\u00f3re \u0142\u0105cz\u0105 si\u0119 ze sztuk\u0105 produkowania wina. A \u0142\u0105czy si\u0119 niemal wszystko. No bo przecie\u017c wino najlepiej smakuje w zestawieniu z serem, a ser warto przegryza\u0107 bagietk\u0105, kt\u00f3r\u0105 z kolei nale\u017cy pola\u0107 tutejsz\u0105 oliw\u0105 itd., itp. Winiarnie dla rowerzyst\u00f3w stoj\u0105 otworem, a cz\u0119\u015b\u0107 tras prowadzi niemal przez ich podw\u00f3rka.<\/p>\n<p>Ze wschodniego wybrze\u017ca Francji nale\u017cy obra\u0107 kurs na Bazyle\u0119, by tam przekona\u0107 si\u0119, \u017ce jednak jest pa\u0144stwo, kt\u00f3re z Francj\u0105 mo\u017ce konkurowa\u0107 w produkcji ser\u00f3w. Wi\u0119cej \u2013 w Szwajcarii smak sera przebija jeszcze smak czekolady, kt\u00f3r\u0105 rowerzy\u015bci bardzo cz\u0119sto wzmacniaj\u0105 si\u0119 na trasie.<\/p>\n<figure id=\"attachment_8894\" aria-describedby=\"caption-attachment-8894\" style=\"width: 950px\" class=\"wp-caption aligncenter\"><a href=\"https:\/\/d2p6e6u75xmxt8.cloudfront.net\/5\/2019\/05\/imageMap-1.jpg\"><img loading=\"lazy\" decoding=\"async\" class=\"size-full wp-image-8894\" src=\"https:\/\/d2p6e6u75xmxt8.cloudfront.net\/5\/2019\/05\/imageMap-1.jpg\" alt=\"\" width=\"950\" height=\"428\" srcset=\"https:\/\/d2p6e6u75xmxt8.cloudfront.net\/5\/2019\/05\/imageMap-1.jpg 950w, https:\/\/d2p6e6u75xmxt8.cloudfront.net\/5\/2019\/05\/imageMap-1-300x135.jpg 300w, https:\/\/d2p6e6u75xmxt8.cloudfront.net\/5\/2019\/05\/imageMap-1-768x346.jpg 768w\" sizes=\"auto, (max-width: 950px) 100vw, 950px\" \/><\/a><figcaption id=\"caption-attachment-8894\" class=\"wp-caption-text\">http:\/\/www.eurovelo.com\/en\/eurovelos\/eurovelo-6\/countries\/germany<\/figcaption><\/figure>\n<p>Za to w Niemczech czas na d\u0142u\u017cszy relaks. \u015awietnym miejscem polecanym do z\u0142apania oddechu jest Ratyzbona, a Niemcy w ramach uzupe\u0142niania kalorii proponuj\u0105 swoj\u0105 tradycyjn\u0105 kie\u0142bas\u0119 oraz piwo, kt\u00f3re maj\u0105 r\u00f3wnie dobre jak Francuzi wino. Bramy pierwszego \u015bwiata zamykaj\u0105 si\u0119 mniej wi\u0119cej w Wiedniu, bo tam ko\u0144czy si\u0119 ta bardziej znana rowerzystom cz\u0119\u015b\u0107 Europy.<\/p>\n<p><strong>\u015awiat drugi \u2013 od S\u0142owacji po Rumuni\u0119<\/strong><\/p>\n<p>Ta mniej odkryta cz\u0119\u015b\u0107 rowerowej Europy (cho\u0107 mo\u017ce nie przez Polak\u00f3w) zaczyna si\u0119 na S\u0142owacji. Tw\u00f3rcy Eurovelo 6 sugeruj\u0105 d\u0142u\u017cszy pobyt w Bratys\u0142awie. Co prawda uznawana jest ona za jedn\u0105 z mniej urokliwych stolic w Europie, ale jej docenienie to pono\u0107 kwestia czasu.<\/p>\n<figure id=\"attachment_8895\" aria-describedby=\"caption-attachment-8895\" style=\"width: 950px\" class=\"wp-caption aligncenter\"><a href=\"https:\/\/d2p6e6u75xmxt8.cloudfront.net\/5\/2019\/05\/imageMap-2.jpg\"><img loading=\"lazy\" decoding=\"async\" class=\"size-full wp-image-8895\" src=\"https:\/\/d2p6e6u75xmxt8.cloudfront.net\/5\/2019\/05\/imageMap-2.jpg\" alt=\"\" width=\"950\" height=\"300\" srcset=\"https:\/\/d2p6e6u75xmxt8.cloudfront.net\/5\/2019\/05\/imageMap-2.jpg 950w, https:\/\/d2p6e6u75xmxt8.cloudfront.net\/5\/2019\/05\/imageMap-2-300x95.jpg 300w, https:\/\/d2p6e6u75xmxt8.cloudfront.net\/5\/2019\/05\/imageMap-2-768x243.jpg 768w\" sizes=\"auto, (max-width: 950px) 100vw, 950px\" \/><\/a><figcaption id=\"caption-attachment-8895\" class=\"wp-caption-text\">http:\/\/www.eurovelo.com\/en\/eurovelos\/eurovelo-6\/countries\/slovakia<\/figcaption><\/figure>\n<p>&nbsp;<\/p>\n<p>Z kolei Bratys\u0142aw\u0119 od Budapesztu dzieli ju\u017c tylko jednodniowa wyprawa rowerem, za to pi\u0119kna w\u0119gierskiej stolicy nie da si\u0119 zakwestionowa\u0107. Szczeg\u00f3lnie polecana jest jednak tutaj trasa z Rajki do Mohaczum, kt\u00f3ra prowadzi wzd\u0142u\u017c Dunaju.<\/p>\n<figure id=\"attachment_8896\" aria-describedby=\"caption-attachment-8896\" style=\"width: 450px\" class=\"wp-caption aligncenter\"><a href=\"https:\/\/d2p6e6u75xmxt8.cloudfront.net\/5\/2019\/05\/imageMap-3.jpg\"><img loading=\"lazy\" decoding=\"async\" class=\"size-full wp-image-8896\" src=\"https:\/\/d2p6e6u75xmxt8.cloudfront.net\/5\/2019\/05\/imageMap-3.jpg\" alt=\"\" width=\"450\" height=\"620\" srcset=\"https:\/\/d2p6e6u75xmxt8.cloudfront.net\/5\/2019\/05\/imageMap-3.jpg 450w, https:\/\/d2p6e6u75xmxt8.cloudfront.net\/5\/2019\/05\/imageMap-3-218x300.jpg 218w\" sizes=\"auto, (max-width: 450px) 100vw, 450px\" \/><\/a><figcaption id=\"caption-attachment-8896\" class=\"wp-caption-text\">http:\/\/www.eurovelo.com\/en\/eurovelos\/eurovelo-6\/countries\/hungary<\/figcaption><\/figure>\n<p>&nbsp;<\/p>\n<p>\u201eZnana jest ona z wyj\u0105tkowych atrakcji przyrodniczych i kulturowych. Twierdza Komarno, naturalny krajobraz zakola i brzegi Dunaju w Budapeszcie s\u0105 wa\u017cnymi miejscami, kt\u00f3re oferuj\u0105 odwiedzaj\u0105cym przyjemne urozmaicenie, gdy maj\u0105 ochot\u0119 odpocz\u0105\u0107 od roweru\u201d \u2013 zapewniaj\u0105 autorzy Eurovelo 6.<\/p>\n<p>Ta trasa jest o tyle ciekaw\u0105 propozycj\u0105 dla polskiego rowerzysty, \u017ce przebiega niewiele ponad 300 km od polskiej granicy.<\/p>\n<p><strong>Czas na Ba\u0142kany<\/strong><\/p>\n<p>Im dalej, tym oczom rowerzysty ukazuj\u0105 si\u0119 bardziej nieznane i zaskakuj\u0105ce tereny. Kolejny etapem wyprawy jest Chorwacja. Polakom znana g\u0142\u00f3wnie z nadmorskich pla\u017c, tymczasem skrywaj\u0105ca bardzo ciekawe szlaki dla rowerzyst\u00f3w.<\/p>\n<figure id=\"attachment_8897\" aria-describedby=\"caption-attachment-8897\" style=\"width: 950px\" class=\"wp-caption aligncenter\"><a href=\"https:\/\/d2p6e6u75xmxt8.cloudfront.net\/5\/2019\/05\/imageMap-4.jpg\"><img loading=\"lazy\" decoding=\"async\" class=\"size-full wp-image-8897\" src=\"https:\/\/d2p6e6u75xmxt8.cloudfront.net\/5\/2019\/05\/imageMap-4.jpg\" alt=\"\" width=\"950\" height=\"780\" srcset=\"https:\/\/d2p6e6u75xmxt8.cloudfront.net\/5\/2019\/05\/imageMap-4.jpg 950w, https:\/\/d2p6e6u75xmxt8.cloudfront.net\/5\/2019\/05\/imageMap-4-300x246.jpg 300w, https:\/\/d2p6e6u75xmxt8.cloudfront.net\/5\/2019\/05\/imageMap-4-768x631.jpg 768w\" sizes=\"auto, (max-width: 950px) 100vw, 950px\" \/><\/a><figcaption id=\"caption-attachment-8897\" class=\"wp-caption-text\">http:\/\/www.eurovelo.com\/en\/eurovelos\/eurovelo-6\/countries\/croatia<\/figcaption><\/figure>\n<p>&nbsp;<\/p>\n<p>\u201eTrasa prowadzi przez pi\u0119kny region wschodniej Chorwacji wzd\u0142u\u017c Dunaju i Drawy. Najpierw wje\u017cd\u017ca si\u0119 do Duboszevicy i przeje\u017cd\u017ca przez pi\u0119kny region parku przyrody Kopaczki Rit, jeden z najwa\u017cniejszych, najwi\u0119kszych i najbardziej atrakcyjnych teren\u00f3w podmok\u0142ych w Europie. Trasa ukazuje te\u017c pi\u0119kne miasta, historyczne miejsca, a tak\u017ce wiele zabytk\u00f3w. Z kolei go\u015bcinno\u015b\u0107 Chorwat\u00f3w sprawia, \u017ce wyprawa staje si\u0119 prawdziwym relaksem i frajd\u0105\u201d \u2013 pisz\u0105 tw\u00f3rcy Eurovelo 6.<\/p>\n<p>Dlatego warto powa\u017cnie zastanowi\u0107 si\u0119 nad zabraniem roweru na letni wypad do Chorwacji, cho\u0107 na miejscu te\u017c znajdziemy miejsca, w kt\u00f3rych b\u0119dziemy mogli go wypo\u017cyczy\u0107. Przed startem nale\u017cy jednak dok\u0142adnie sprawdzi\u0107 wypo\u017cyczany sprz\u0119t, bo jako\u015b\u0107 i przygotowanie tamtejszych rower\u00f3w czasem pozostawia wiele do \u017cyczenia.<\/p>\n<p><strong>Najlepsze na deser<\/strong><\/p>\n<p>Nast\u0119pnie droga prowadzi nas prosto do Serbii, gdzie cz\u0119\u015bciowo wije si\u0119 wzd\u0142u\u017c Dunaju. P\u00f3\u017aniej wje\u017cd\u017camy do Nowego Sadu, a stamt\u0105d wzd\u0142u\u017c pasm g\u00f3rskich i winnic kierujemy si\u0119 w stron\u0119 Belgradu, gdzie warto zobaczy\u0107 chocia\u017cby Kalemegdan \u2013 fortyfikacje wybudowane w czasach celtyckich.<\/p>\n<figure id=\"attachment_8898\" aria-describedby=\"caption-attachment-8898\" style=\"width: 950px\" class=\"wp-caption aligncenter\"><a href=\"https:\/\/d2p6e6u75xmxt8.cloudfront.net\/5\/2019\/05\/imageMap-5.jpg\"><img loading=\"lazy\" decoding=\"async\" class=\"size-full wp-image-8898\" src=\"https:\/\/d2p6e6u75xmxt8.cloudfront.net\/5\/2019\/05\/imageMap-5.jpg\" alt=\"\" width=\"950\" height=\"480\" srcset=\"https:\/\/d2p6e6u75xmxt8.cloudfront.net\/5\/2019\/05\/imageMap-5.jpg 950w, https:\/\/d2p6e6u75xmxt8.cloudfront.net\/5\/2019\/05\/imageMap-5-300x152.jpg 300w, https:\/\/d2p6e6u75xmxt8.cloudfront.net\/5\/2019\/05\/imageMap-5-768x388.jpg 768w\" sizes=\"auto, (max-width: 950px) 100vw, 950px\" \/><\/a><figcaption id=\"caption-attachment-8898\" class=\"wp-caption-text\">http:\/\/www.eurovelo.com\/en\/eurovelos\/eurovelo-6\/countries\/serbia<\/figcaption><\/figure>\n<p>&nbsp;<\/p>\n<p>Trasa Eurovelo 6 ko\u0144czy si\u0119 w Rumunii i Bu\u0142garii. Tu nale\u017cy jednak liczy\u0107 si\u0119 z utrudnieniami, poniewa\u017c na tym odcinku znaczna cz\u0119\u015b\u0107 szlak\u00f3w jeszcze nie jest uko\u0144czona. Niemniej w Bu\u0142garii planowany jest ci\u0105g rowerowy niemal wzd\u0142u\u017c granicy z Rumuni\u0105, gdzie po raz kolejny towarzyszem naszej podr\u00f3\u017cy b\u0119dzie Dunaj.<\/p>\n<p>Z kolei w Rumunii mo\u017cemy lekko zboczy\u0107 z trasy, by poczu\u0107 specyficzny klimat Bukaresztu, ale najlepsze i tak czeka nas na ko\u0144cu, bo meta Eurovelo 6 usytuowana jest w Konstancji, nad Morzem Czarnym.<\/p>\n<p>\u201eTo jeden z najpopularniejszych szlak\u00f3w Eurovelo i w sumie wiadomo dlaczego: wybrze\u017ca, rzeki, zamki, najwy\u017cszych lot\u00f3w infrastruktura. Tutaj znajdziecie wszystko\u201d \u2013 reklamuj\u0105 tw\u00f3rcy.<\/p>\n<p><img decoding=\"async\" id=\"carte_Map\" src=\"http:\/\/www.eurovelo.com\/en\/eurovelos\/eurovelo-6\/images\/ev6-general.jpg\/image\" alt=\"\" usemap=\"#carte_Map\" \/><\/p>\n<p><a href=\"https:\/\/d2p6e6u75xmxt8.cloudfront.net\/5\/2019\/05\/image.jpg\"><img loading=\"lazy\" decoding=\"async\" class=\"aligncenter size-full wp-image-8892\" src=\"https:\/\/d2p6e6u75xmxt8.cloudfront.net\/5\/2019\/05\/image.jpg\" alt=\"\" width=\"950\" height=\"300\" srcset=\"https:\/\/d2p6e6u75xmxt8.cloudfront.net\/5\/2019\/05\/image.jpg 950w, https:\/\/d2p6e6u75xmxt8.cloudfront.net\/5\/2019\/05\/image-300x95.jpg 300w, https:\/\/d2p6e6u75xmxt8.cloudfront.net\/5\/2019\/05\/image-768x243.jpg 768w\" sizes=\"auto, (max-width: 950px) 100vw, 950px\" \/><\/a><\/p>\n<p>************************<\/p>\n<p>Eurovelo to og\u00f3lnoeuropejska sie\u0107 tras rowerowych. Wiod\u0105 one przez 43 pa\u0144stwa i \u0142\u0105cznie maj\u0105 ponad 70 tys. km d\u0142ugo\u015bci. To projekt Europejskiej Federacji Cyklist\u00f3w, wsp\u00f3\u0142finansowany przez Uni\u0119 Europejsk\u0105. Ca\u0142o\u015b\u0107 ma by\u0107 uko\u0144czona w 2020 r.<\/p>\n","protected":false},"excerpt":{"rendered":"<p>\u201eTo 4,4 tys. km spe\u0142niania marze\u0144 rowerzyst\u00f3w\u201d \u2013 zachwalaj\u0105 tw\u00f3rcy Eurovelo 6. Kolejna europejska trasa tym razem prowadzi nas przez [&hellip;]<\/p>\n","protected":false},"author":76,"featured_media":8892,"comment_status":"open","ping_status":"open","sticky":false,"template":"","format":"standard","meta":{"footnotes":""},"categories":[226,6],"tags":[],"global-categories":[],"class_list":["post-8891","post","type-post","status-publish","format-standard","has-post-thumbnail","hentry","category-ciekawostki","category-kolarstwo-szosowe"],"yoast_head":"<!-- This site is optimized with the Yoast SEO Premium plugin v25.3 (Yoast SEO v25.9) - https:\/\/yoast.com\/wordpress\/plugins\/seo\/ -->\n<title>Eurovelo 6: Oto tajemnicze zak\u0105tki rowerowej Europy<\/title>\n<meta name=\"description\" content=\"&quot;To 4,4 tys. km spe\u0142niania marze\u0144 rowerzyst\u00f3w&quot;. Kolejna europejska trasa tym razem prowadzi nas przez \u015bwiat kulinari\u00f3w i kieruje prosto na magiczne Ba\u0142kany.\" \/>\n<meta name=\"robots\" content=\"index, follow, max-snippet:-1, max-image-preview:large, max-video-preview:-1\" \/>\n<link rel=\"canonical\" href=\"https:\/\/www.welovecycling.com\/pl\/2019\/05\/09\/eurovelo-6-oto-tajemnicze-zakatki-rowerowej-europy\/\" \/>\n<meta property=\"og:locale\" content=\"pl_PL\" \/>\n<meta property=\"og:type\" content=\"article\" \/>\n<meta property=\"og:title\" content=\"Eurovelo 6: Oto tajemnicze zak\u0105tki rowerowej Europy\" \/>\n<meta property=\"og:description\" content=\"&quot;To 4,4 tys. km spe\u0142niania marze\u0144 rowerzyst\u00f3w&quot;. Kolejna europejska trasa tym razem prowadzi nas przez \u015bwiat kulinari\u00f3w i kieruje prosto na magiczne Ba\u0142kany.\" \/>\n<meta property=\"og:url\" content=\"https:\/\/www.welovecycling.com\/pl\/2019\/05\/09\/eurovelo-6-oto-tajemnicze-zakatki-rowerowej-europy\/\" \/>\n<meta property=\"og:site_name\" content=\"\u0160koda We Love Cycling - Poland\" \/>\n<meta property=\"article:published_time\" content=\"2019-05-09T10:47:40+00:00\" \/>\n<meta property=\"og:image\" content=\"https:\/\/d2p6e6u75xmxt8.cloudfront.net\/5\/2019\/05\/image.jpg\" \/>\n\t<meta property=\"og:image:width\" content=\"950\" \/>\n\t<meta property=\"og:image:height\" content=\"300\" \/>\n\t<meta property=\"og:image:type\" content=\"image\/jpeg\" \/>\n<meta name=\"author\" content=\"piotrboczkowski\" \/>\n<meta name=\"twitter:card\" content=\"summary_large_image\" \/>\n<meta name=\"twitter:label1\" content=\"Written by\" \/>\n\t<meta name=\"twitter:data1\" content=\"Piotr Jawor\" \/>\n\t<meta name=\"twitter:label2\" content=\"Est. reading time\" \/>\n\t<meta name=\"twitter:data2\" content=\"6\" \/>\n<script type=\"application\/ld+json\" class=\"yoast-schema-graph\">{\"@context\":\"https:\/\/schema.org\",\"@graph\":[{\"@type\":\"WebPage\",\"@id\":\"https:\/\/www.welovecycling.com\/pl\/2019\/05\/09\/eurovelo-6-oto-tajemnicze-zakatki-rowerowej-europy\/\",\"url\":\"https:\/\/www.welovecycling.com\/pl\/2019\/05\/09\/eurovelo-6-oto-tajemnicze-zakatki-rowerowej-europy\/\",\"name\":\"Eurovelo 6: Oto tajemnicze zak\u0105tki rowerowej Europy\",\"isPartOf\":{\"@id\":\"https:\/\/www.welovecycling.com\/pl\/#website\"},\"primaryImageOfPage\":{\"@id\":\"https:\/\/www.welovecycling.com\/pl\/2019\/05\/09\/eurovelo-6-oto-tajemnicze-zakatki-rowerowej-europy\/#primaryimage\"},\"image\":{\"@id\":\"https:\/\/www.welovecycling.com\/pl\/2019\/05\/09\/eurovelo-6-oto-tajemnicze-zakatki-rowerowej-europy\/#primaryimage\"},\"thumbnailUrl\":\"https:\/\/d2p6e6u75xmxt8.cloudfront.net\/5\/2019\/05\/image.jpg\",\"datePublished\":\"2019-05-09T10:47:40+00:00\",\"author\":{\"@id\":\"https:\/\/www.welovecycling.com\/pl\/#\/schema\/person\/0dba2d39da943db9df3fd8f4687e7f23\"},\"description\":\"\\\"To 4,4 tys. km spe\u0142niania marze\u0144 rowerzyst\u00f3w\\\". Kolejna europejska trasa tym razem prowadzi nas przez \u015bwiat kulinari\u00f3w i kieruje prosto na magiczne Ba\u0142kany.\",\"breadcrumb\":{\"@id\":\"https:\/\/www.welovecycling.com\/pl\/2019\/05\/09\/eurovelo-6-oto-tajemnicze-zakatki-rowerowej-europy\/#breadcrumb\"},\"inLanguage\":\"pl-PL\",\"potentialAction\":[{\"@type\":\"ReadAction\",\"target\":[\"https:\/\/www.welovecycling.com\/pl\/2019\/05\/09\/eurovelo-6-oto-tajemnicze-zakatki-rowerowej-europy\/\"]}]},{\"@type\":\"ImageObject\",\"inLanguage\":\"pl-PL\",\"@id\":\"https:\/\/www.welovecycling.com\/pl\/2019\/05\/09\/eurovelo-6-oto-tajemnicze-zakatki-rowerowej-europy\/#primaryimage\",\"url\":\"https:\/\/d2p6e6u75xmxt8.cloudfront.net\/5\/2019\/05\/image.jpg\",\"contentUrl\":\"https:\/\/d2p6e6u75xmxt8.cloudfront.net\/5\/2019\/05\/image.jpg\",\"width\":950,\"height\":300},{\"@type\":\"BreadcrumbList\",\"@id\":\"https:\/\/www.welovecycling.com\/pl\/2019\/05\/09\/eurovelo-6-oto-tajemnicze-zakatki-rowerowej-europy\/#breadcrumb\",\"itemListElement\":[{\"@type\":\"ListItem\",\"position\":1,\"name\":\"Home\",\"item\":\"https:\/\/www.welovecycling.com\/pl\/\"},{\"@type\":\"ListItem\",\"position\":2,\"name\":\"Eurovelo 6: Oto tajemnicze zak\u0105tki rowerowej Europy\"}]},{\"@type\":\"WebSite\",\"@id\":\"https:\/\/www.welovecycling.com\/pl\/#website\",\"url\":\"https:\/\/www.welovecycling.com\/pl\/\",\"name\":\"\u0160koda We Love Cycling - Poland\",\"description\":\"\",\"potentialAction\":[{\"@type\":\"SearchAction\",\"target\":{\"@type\":\"EntryPoint\",\"urlTemplate\":\"https:\/\/www.welovecycling.com\/pl\/?s={search_term_string}\"},\"query-input\":{\"@type\":\"PropertyValueSpecification\",\"valueRequired\":true,\"valueName\":\"search_term_string\"}}],\"inLanguage\":\"pl-PL\"},{\"@type\":\"Person\",\"@id\":\"https:\/\/www.welovecycling.com\/pl\/#\/schema\/person\/0dba2d39da943db9df3fd8f4687e7f23\",\"name\":\"piotrboczkowski\",\"image\":{\"@type\":\"ImageObject\",\"inLanguage\":\"pl-PL\",\"@id\":\"https:\/\/www.welovecycling.com\/pl\/#\/schema\/person\/image\/\",\"url\":\"https:\/\/secure.gravatar.com\/avatar\/533caccae14752e03a2ce2d3fd62d1b98b93e1393c3195c27819e53344ca1ace?s=96&d=mm&r=g\",\"contentUrl\":\"https:\/\/secure.gravatar.com\/avatar\/533caccae14752e03a2ce2d3fd62d1b98b93e1393c3195c27819e53344ca1ace?s=96&d=mm&r=g\",\"caption\":\"piotrboczkowski\"},\"url\":\"https:\/\/www.welovecycling.com\/pl\/author\/piotrboczkowski\/\"}]}<\/script>\n<!-- \/ Yoast SEO Premium plugin. -->","yoast_head_json":{"title":"Eurovelo 6: Oto tajemnicze zak\u0105tki rowerowej Europy","description":"\"To 4,4 tys. km spe\u0142niania marze\u0144 rowerzyst\u00f3w\". Kolejna europejska trasa tym razem prowadzi nas przez \u015bwiat kulinari\u00f3w i kieruje prosto na magiczne Ba\u0142kany.","robots":{"index":"index","follow":"follow","max-snippet":"max-snippet:-1","max-image-preview":"max-image-preview:large","max-video-preview":"max-video-preview:-1"},"canonical":"https:\/\/www.welovecycling.com\/pl\/2019\/05\/09\/eurovelo-6-oto-tajemnicze-zakatki-rowerowej-europy\/","og_locale":"pl_PL","og_type":"article","og_title":"Eurovelo 6: Oto tajemnicze zak\u0105tki rowerowej Europy","og_description":"\"To 4,4 tys. km spe\u0142niania marze\u0144 rowerzyst\u00f3w\". Kolejna europejska trasa tym razem prowadzi nas przez \u015bwiat kulinari\u00f3w i kieruje prosto na magiczne Ba\u0142kany.","og_url":"https:\/\/www.welovecycling.com\/pl\/2019\/05\/09\/eurovelo-6-oto-tajemnicze-zakatki-rowerowej-europy\/","og_site_name":"\u0160koda We Love Cycling - Poland","article_published_time":"2019-05-09T10:47:40+00:00","og_image":[{"width":950,"height":300,"url":"https:\/\/d2p6e6u75xmxt8.cloudfront.net\/5\/2019\/05\/image.jpg","type":"image\/jpeg"}],"author":"piotrboczkowski","twitter_card":"summary_large_image","twitter_misc":{"Written by":"Piotr Jawor","Est. reading time":"6"},"schema":{"@context":"https:\/\/schema.org","@graph":[{"@type":"WebPage","@id":"https:\/\/www.welovecycling.com\/pl\/2019\/05\/09\/eurovelo-6-oto-tajemnicze-zakatki-rowerowej-europy\/","url":"https:\/\/www.welovecycling.com\/pl\/2019\/05\/09\/eurovelo-6-oto-tajemnicze-zakatki-rowerowej-europy\/","name":"Eurovelo 6: Oto tajemnicze zak\u0105tki rowerowej Europy","isPartOf":{"@id":"https:\/\/www.welovecycling.com\/pl\/#website"},"primaryImageOfPage":{"@id":"https:\/\/www.welovecycling.com\/pl\/2019\/05\/09\/eurovelo-6-oto-tajemnicze-zakatki-rowerowej-europy\/#primaryimage"},"image":{"@id":"https:\/\/www.welovecycling.com\/pl\/2019\/05\/09\/eurovelo-6-oto-tajemnicze-zakatki-rowerowej-europy\/#primaryimage"},"thumbnailUrl":"https:\/\/d2p6e6u75xmxt8.cloudfront.net\/5\/2019\/05\/image.jpg","datePublished":"2019-05-09T10:47:40+00:00","author":{"@id":"https:\/\/www.welovecycling.com\/pl\/#\/schema\/person\/0dba2d39da943db9df3fd8f4687e7f23"},"description":"\"To 4,4 tys. km spe\u0142niania marze\u0144 rowerzyst\u00f3w\". Kolejna europejska trasa tym razem prowadzi nas przez \u015bwiat kulinari\u00f3w i kieruje prosto na magiczne Ba\u0142kany.","breadcrumb":{"@id":"https:\/\/www.welovecycling.com\/pl\/2019\/05\/09\/eurovelo-6-oto-tajemnicze-zakatki-rowerowej-europy\/#breadcrumb"},"inLanguage":"pl-PL","potentialAction":[{"@type":"ReadAction","target":["https:\/\/www.welovecycling.com\/pl\/2019\/05\/09\/eurovelo-6-oto-tajemnicze-zakatki-rowerowej-europy\/"]}]},{"@type":"ImageObject","inLanguage":"pl-PL","@id":"https:\/\/www.welovecycling.com\/pl\/2019\/05\/09\/eurovelo-6-oto-tajemnicze-zakatki-rowerowej-europy\/#primaryimage","url":"https:\/\/d2p6e6u75xmxt8.cloudfront.net\/5\/2019\/05\/image.jpg","contentUrl":"https:\/\/d2p6e6u75xmxt8.cloudfront.net\/5\/2019\/05\/image.jpg","width":950,"height":300},{"@type":"BreadcrumbList","@id":"https:\/\/www.welovecycling.com\/pl\/2019\/05\/09\/eurovelo-6-oto-tajemnicze-zakatki-rowerowej-europy\/#breadcrumb","itemListElement":[{"@type":"ListItem","position":1,"name":"Home","item":"https:\/\/www.welovecycling.com\/pl\/"},{"@type":"ListItem","position":2,"name":"Eurovelo 6: Oto tajemnicze zak\u0105tki rowerowej Europy"}]},{"@type":"WebSite","@id":"https:\/\/www.welovecycling.com\/pl\/#website","url":"https:\/\/www.welovecycling.com\/pl\/","name":"\u0160koda We Love Cycling - Poland","description":"","potentialAction":[{"@type":"SearchAction","target":{"@type":"EntryPoint","urlTemplate":"https:\/\/www.welovecycling.com\/pl\/?s={search_term_string}"},"query-input":{"@type":"PropertyValueSpecification","valueRequired":true,"valueName":"search_term_string"}}],"inLanguage":"pl-PL"},{"@type":"Person","@id":"https:\/\/www.welovecycling.com\/pl\/#\/schema\/person\/0dba2d39da943db9df3fd8f4687e7f23","name":"piotrboczkowski","image":{"@type":"ImageObject","inLanguage":"pl-PL","@id":"https:\/\/www.welovecycling.com\/pl\/#\/schema\/person\/image\/","url":"https:\/\/secure.gravatar.com\/avatar\/533caccae14752e03a2ce2d3fd62d1b98b93e1393c3195c27819e53344ca1ace?s=96&d=mm&r=g","contentUrl":"https:\/\/secure.gravatar.com\/avatar\/533caccae14752e03a2ce2d3fd62d1b98b93e1393c3195c27819e53344ca1ace?s=96&d=mm&r=g","caption":"piotrboczkowski"},"url":"https:\/\/www.welovecycling.com\/pl\/author\/piotrboczkowski\/"}]}},"_links":{"self":[{"href":"https:\/\/www.welovecycling.com\/pl\/wp-json\/wp\/v2\/posts\/8891","targetHints":{"allow":["GET"]}}],"collection":[{"href":"https:\/\/www.welovecycling.com\/pl\/wp-json\/wp\/v2\/posts"}],"about":[{"href":"https:\/\/www.welovecycling.com\/pl\/wp-json\/wp\/v2\/types\/post"}],"author":[{"embeddable":true,"href":"https:\/\/www.welovecycling.com\/pl\/wp-json\/wp\/v2\/users\/76"}],"replies":[{"embeddable":true,"href":"https:\/\/www.welovecycling.com\/pl\/wp-json\/wp\/v2\/comments?post=8891"}],"version-history":[{"count":1,"href":"https:\/\/www.welovecycling.com\/pl\/wp-json\/wp\/v2\/posts\/8891\/revisions"}],"predecessor-version":[{"id":8899,"href":"https:\/\/www.welovecycling.com\/pl\/wp-json\/wp\/v2\/posts\/8891\/revisions\/8899"}],"wp:featuredmedia":[{"embeddable":true,"href":"https:\/\/www.welovecycling.com\/pl\/wp-json\/wp\/v2\/media\/8892"}],"wp:attachment":[{"href":"https:\/\/www.welovecycling.com\/pl\/wp-json\/wp\/v2\/media?parent=8891"}],"wp:term":[{"taxonomy":"category","embeddable":true,"href":"https:\/\/www.welovecycling.com\/pl\/wp-json\/wp\/v2\/categories?post=8891"},{"taxonomy":"post_tag","embeddable":true,"href":"https:\/\/www.welovecycling.com\/pl\/wp-json\/wp\/v2\/tags?post=8891"},{"taxonomy":"global-categories","embeddable":true,"href":"https:\/\/www.welovecycling.com\/pl\/wp-json\/wp\/v2\/global-categories?post=8891"}],"curies":[{"name":"wp","href":"https:\/\/api.w.org\/{rel}","templated":true}]}}