{"id":8860,"date":"2019-04-25T15:19:07","date_gmt":"2019-04-25T15:19:07","guid":{"rendered":"https:\/\/www.welovecycling.com\/pl\/?p=8860"},"modified":"2019-04-25T15:20:09","modified_gmt":"2019-04-25T15:20:09","slug":"belg-pokazal-jak-przetrwac-w-kolarskim-piekle","status":"publish","type":"post","link":"https:\/\/www.welovecycling.com\/pl\/2019\/04\/25\/belg-pokazal-jak-przetrwac-w-kolarskim-piekle\/","title":{"rendered":"Belg pokaza\u0142, jak przetrwa\u0107 w kolarskim piekle"},"content":{"rendered":"<p><strong>Niekt\u00f3rzy m\u00f3wi\u0105, \u017ce po tym wy\u015bcigu kolarza ju\u017c nic nie zaskoczy, ale te\u017c nic nie z\u0142amie. Philippe Gilbert wygra\u0142 jeden z najs\u0142ynniejszych klasyk\u00f3w Pary\u017c \u2013 Roubaix, ale ciekawe rzeczy dzia\u0142y si\u0119 r\u00f3wnie\u017c w polskim kolarstwie.<\/strong><\/p>\n<p><strong>\u201ePiek\u0142o p\u00f3\u0142nocy\u201d, \u201ePiekielna niedziela\u201d, \u201eM\u0119ka kolarzy\u201d \u2013 to tylko niekt\u00f3re z przydomk\u00f3w, jakich przez ponad 100 lat doczeka\u0142 si\u0119 ten wy\u015bcig. Wy\u015bcig, kt\u00f3ry przez ponad 50 km prowadzi po bruku.<\/strong><\/p>\n<p><span style=\"font-size: 18pt;\"><strong>Strach przed pi\u0119cioma gwiazdkami<\/strong><\/span><\/p>\n<figure id=\"attachment_8861\" aria-describedby=\"caption-attachment-8861\" style=\"width: 1600px\" class=\"wp-caption aligncenter\"><a href=\"https:\/\/d2p6e6u75xmxt8.cloudfront.net\/5\/2019\/04\/D4IjTzNW0AAGBR4.jpg\"><img loading=\"lazy\" decoding=\"async\" class=\"wp-image-8861 size-full\" src=\"https:\/\/d2p6e6u75xmxt8.cloudfront.net\/5\/2019\/04\/D4IjTzNW0AAGBR4.jpg\" alt=\"\" width=\"1600\" height=\"1124\" srcset=\"https:\/\/d2p6e6u75xmxt8.cloudfront.net\/5\/2019\/04\/D4IjTzNW0AAGBR4.jpg 1600w, https:\/\/d2p6e6u75xmxt8.cloudfront.net\/5\/2019\/04\/D4IjTzNW0AAGBR4-300x211.jpg 300w, https:\/\/d2p6e6u75xmxt8.cloudfront.net\/5\/2019\/04\/D4IjTzNW0AAGBR4-768x540.jpg 768w, https:\/\/d2p6e6u75xmxt8.cloudfront.net\/5\/2019\/04\/D4IjTzNW0AAGBR4-1024x719.jpg 1024w\" sizes=\"auto, (max-width: 1600px) 100vw, 1600px\" \/><\/a><figcaption id=\"caption-attachment-8861\" class=\"wp-caption-text\">fot. Deceuninck-Quick Step \/ Getty Sport<\/figcaption><\/figure>\n<p>\u0141\u0105cznie trasa Pary\u017c \u2013 Roubaix liczy\u0142a 257 km, w kt\u00f3rych by\u0142o 29 sektor\u00f3w brukowanych. Ka\u017cdy z nich \u2013 niczym hotele \u2013 oznaczony by\u0142 gwiazdkami. Tyle \u017ce w \u201epi\u0119ciogwiazdkowcu\u201d ka\u017cdy chcia\u0142by sp\u0119dzi\u0107 noc, a na pi\u0119ciogwiazdkowym odcinku bruku radz\u0105 sobie tylko najlepsi.<\/p>\n<p>W tym roku z piekielnie trudn\u0105 tras\u0105 najlepiej poradzi\u0142 sobie Philippe Gilbert, kt\u00f3ry do ko\u0144ca walczy\u0142 z Nilsem Polittem. \u2013 Razem pracowali\u015bmy i dali\u015bmy z siebie wszystko. Zwyci\u0119zca mo\u017ce by\u0107 tylko jeden, cho\u0107 obaj zas\u0142u\u017cyli\u015bmy na sukces. Na mecie by\u0142em szcz\u0119\u015bliwy, ale te\u017c strasznie bola\u0142y mnie plecy \u2013 przyzna\u0142 Gilbert, kt\u00f3ry chyba nie do ko\u0144ca wierzy\u0142 w to, co si\u0119 sta\u0142o.<\/p>\n<div class=\"embed-controller-wrapper\">\n<blockquote class=\"twitter-tweet\" data-width=\"500\" data-dnt=\"true\">\n<p lang=\"en\" dir=\"ltr\">True emotions&#8230; This is <a href=\"https:\/\/twitter.com\/hashtag\/TheWolfpack?src=hash&amp;ref_src=twsrc%5Etfw\">#TheWolfpack<\/a> \ud83e\udd47 <a href=\"https:\/\/t.co\/viDFZy7U1E\">pic.twitter.com\/viDFZy7U1E<\/a><\/p>\n<p>&mdash; Philippe Gilbert (@PhilippeGilbert) <a href=\"https:\/\/twitter.com\/PhilippeGilbert\/status\/1117507465111834628?ref_src=twsrc%5Etfw\">April 14, 2019<\/a><\/p><\/blockquote>\n<p><script async data-src=\"https:\/\/platform.twitter.com\/widgets.js\" charset=\"utf-8\"><\/script><\/div>\n<p>Wy\u015bcig Pary\u017c \u2013 Roubaix nale\u017cy do tzw. pi\u0119ciu pomnik\u00f3w kolarstwa. Gilbert wcze\u015bniej wygra\u0142 trzy (Ronde van Vlaanderen, Liege \u2013 Bastogne \u2013 Liege i Giro di Lombardia) i je\u015bli kiedy\u015b zwyci\u0119\u017cy w Mediolan \u2013 San Remo, to zostanie czwartym zawodnikiem w historii kolarstwa, kt\u00f3ry skompletuje pomniki kolarstwa, zwane te\u017c monumentami.<\/p>\n<p>Podczas Pary\u017c \u2013 Roubaix organizatorzy uczcili pami\u0119\u0107 Michaela Goolaertsa, kt\u00f3ry podczas ubieg\u0142orocznego wy\u015bcigu mia\u0142 atak serca i zmar\u0142 na trasie. Nazwiskiem belgijskiego zawodnika nazwano jeden z brukowanych sektor\u00f3w, a tak\u017ce postawiono pomnik ku jego pami\u0119ci.<\/p>\n<p><strong><span style=\"font-size: 18pt;\">Bolesna kraksa<\/span><\/strong><\/p>\n<p>Ostatnio w kratk\u0119 wiedzie si\u0119 polskim zawodnikom. Maciej Paterski wygra\u0142 etap w Circuit des Ardennes, za to Micha\u0142 Kwiatkowski nie b\u0119dzie mi\u0142o wspomina\u0142 Wy\u015bcigu Dooko\u0142a Kraju Bask\u00f3w. Na trzecim etapie Polak wzi\u0105\u0142 udzia\u0142 w kraksie, jednak zdo\u0142a\u0142 si\u0119 pozbiera\u0107 i wydawa\u0142o si\u0119, \u017ce b\u0119dzie kontynuowa\u0142 \u015bciganie, cho\u0107 straci\u0142 szanse na dobry rezultat.<\/p>\n<p>Nazajutrz Kwiatkowski zjecha\u0142 jednak z trasy. \u2013 Po wczorajszej kraksie moje cia\u0142o nie dosz\u0142o do pe\u0142nej sprawno\u015bci. Teraz musz\u0119 odzyska\u0107 si\u0142y, by by\u0107 gotowym do realizacji kolejnych cel\u00f3w \u2013 napisa\u0142 \u201eKwiato\u201d na Twitterze.<\/p>\n<p><span style=\"font-size: 18pt;\"><strong>W Polsce szybko i dynamicznie<\/strong><\/span><\/p>\n<p>Jeszcze nie wiadomo, czy w tym roku Kwiatkowski zdecyduje si\u0119 broni\u0107 zwyci\u0119stwa w Tour de Pologne, kt\u00f3rego trasa w\u0142a\u015bnie zosta\u0142a zaprezentowana (obecno\u015b\u0107 na Tour de Pologne potwierdzili ju\u017c m.in. Rafa\u0142 Majka i Maciej Bodnar).<\/p>\n<p>W por\u00f3wnaniu z zesz\u0142oroczn\u0105 edycj\u0105 wprowadzono dwie zmiany: finiszem czwartego etapu b\u0119dzie podjazd pod Kocierz, a sz\u00f3sty zacznie si\u0119 i sko\u0144czy w Zakopanem. \u2013 Trasa b\u0119dzie szybka i dynamiczna \u2013 uwa\u017ca organizator Czes\u0142aw Lang.<\/p>\n<p>Tour de Pologne zostanie rozegrane w dniach 3\u20139 sierpnia. Znacznie wcze\u015bniej, bo ju\u017c 2 maja, wystartuje Giro d\u2019Italia, kt\u00f3re zacznie si\u0119 w Bolonii. Tymczasem ci\u0105gle trwaj\u0105 spekulacje, sk\u0105d wystartuje przysz\u0142oroczne Giro. Coraz wi\u0119cej wskazuje, \u017ce stanie si\u0119 to niedaleko polskiej granicy, bo w Budapeszcie.<\/p>\n<p><span style=\"font-size: 18pt;\"><strong><br \/>\nPrzygotowania pod okiem kamer<\/strong><\/span><\/p>\n<p>Gwo\u017adziem sezonu b\u0119dzie oczywi\u015bcie Tour de France, kt\u00f3re zaczyna si\u0119 6 lipca. W specyficzny spos\u00f3b do tego wy\u015bcigu przygotowuje si\u0119 ubieg\u0142oroczny zwyci\u0119zca Geraint Thomas. W treningach b\u0119dzie mu bowiem towarzyszy\u0142a ekipa BBC, kt\u00f3ra kr\u0119ci film dokumentalny o drodze Thomasa na kolarski szczyt.<\/p>\n<p>Z kolei zawodnik Team Sky liczy, \u017ce b\u0119dzie to film tak\u017ce o tym, jak uda\u0142o mu si\u0119 obroni\u0107 ubieg\u0142oroczne zwyci\u0119stwo. Czy tak si\u0119 stanie, dowiemy si\u0119 najp\u00f3\u017aniej 28 lipca, gdy zawodnicy wjad\u0105 na Pola Elizejskie.<\/p>\n<style type=\"text\/css\"><!--td {border: 1px solid #ccc;}br {mso-data-placement:same-cell;}--><\/style>\n<p><span data-sheets-value=\"{&quot;1&quot;:2,&quot;2&quot;:&quot;Artyku\u0142 powsta\u0142 we wsp\u00f3\u0142pracy ze skoda-auto.pl&quot;}\" data-sheets-userformat=\"{&quot;2&quot;:1,&quot;3&quot;:{&quot;1&quot;:0}}\"><a class=\"in-cell-link\" href=\"http:\/\/www.skoda-auto.pl\/\" target=\"_blank\" rel=\"noopener\">Artyku\u0142 powsta\u0142 we wsp\u00f3\u0142pracy ze skoda-auto.pl<\/a><\/span><\/p>\n","protected":false},"excerpt":{"rendered":"<p>Niekt\u00f3rzy m\u00f3wi\u0105, \u017ce po tym wy\u015bcigu kolarza ju\u017c nic nie zaskoczy, ale te\u017c nic nie z\u0142amie. Philippe Gilbert wygra\u0142 jeden [&hellip;]<\/p>\n","protected":false},"author":76,"featured_media":8861,"comment_status":"open","ping_status":"open","sticky":false,"template":"","format":"standard","meta":{"footnotes":""},"categories":[6],"tags":[],"global-categories":[],"class_list":["post-8860","post","type-post","status-publish","format-standard","has-post-thumbnail","hentry","category-kolarstwo-szosowe"],"yoast_head":"<!-- This site is optimized with the Yoast SEO Premium plugin v25.3 (Yoast SEO v25.9) - https:\/\/yoast.com\/wordpress\/plugins\/seo\/ -->\n<title>Belg pokaza\u0142, jak przetrwa\u0107 w kolarskim piekle - \u0160koda We Love Cycling - Poland<\/title>\n<meta name=\"robots\" content=\"index, follow, max-snippet:-1, max-image-preview:large, max-video-preview:-1\" \/>\n<link rel=\"canonical\" href=\"https:\/\/www.welovecycling.com\/pl\/2019\/04\/25\/belg-pokazal-jak-przetrwac-w-kolarskim-piekle\/\" \/>\n<meta property=\"og:locale\" content=\"pl_PL\" \/>\n<meta property=\"og:type\" content=\"article\" \/>\n<meta property=\"og:title\" content=\"Belg pokaza\u0142, jak przetrwa\u0107 w kolarskim piekle\" \/>\n<meta property=\"og:description\" content=\"Niekt\u00f3rzy m\u00f3wi\u0105, \u017ce po tym wy\u015bcigu kolarza ju\u017c nic nie zaskoczy, ale te\u017c nic nie z\u0142amie. Philippe Gilbert wygra\u0142 jeden [&hellip;]\" \/>\n<meta property=\"og:url\" content=\"https:\/\/www.welovecycling.com\/pl\/2019\/04\/25\/belg-pokazal-jak-przetrwac-w-kolarskim-piekle\/\" \/>\n<meta property=\"og:site_name\" content=\"\u0160koda We Love Cycling - Poland\" \/>\n<meta property=\"article:published_time\" content=\"2019-04-25T15:19:07+00:00\" \/>\n<meta property=\"article:modified_time\" content=\"2019-04-25T15:20:09+00:00\" \/>\n<meta property=\"og:image\" content=\"https:\/\/d2p6e6u75xmxt8.cloudfront.net\/5\/2019\/04\/D4IjTzNW0AAGBR4.jpg\" \/>\n\t<meta property=\"og:image:width\" content=\"1600\" \/>\n\t<meta property=\"og:image:height\" content=\"1124\" \/>\n\t<meta property=\"og:image:type\" content=\"image\/jpeg\" \/>\n<meta name=\"author\" content=\"piotrboczkowski\" \/>\n<meta name=\"twitter:card\" content=\"summary_large_image\" \/>\n<meta name=\"twitter:label1\" content=\"Written by\" \/>\n\t<meta name=\"twitter:data1\" content=\"piotrboczkowski\" \/>\n\t<meta name=\"twitter:label2\" content=\"Est. reading time\" \/>\n\t<meta name=\"twitter:data2\" content=\"3 minutes\" \/>\n<script type=\"application\/ld+json\" class=\"yoast-schema-graph\">{\"@context\":\"https:\/\/schema.org\",\"@graph\":[{\"@type\":\"WebPage\",\"@id\":\"https:\/\/www.welovecycling.com\/pl\/2019\/04\/25\/belg-pokazal-jak-przetrwac-w-kolarskim-piekle\/\",\"url\":\"https:\/\/www.welovecycling.com\/pl\/2019\/04\/25\/belg-pokazal-jak-przetrwac-w-kolarskim-piekle\/\",\"name\":\"Belg pokaza\u0142, jak przetrwa\u0107 w kolarskim piekle - \u0160koda We Love Cycling - Poland\",\"isPartOf\":{\"@id\":\"https:\/\/www.welovecycling.com\/pl\/#website\"},\"primaryImageOfPage\":{\"@id\":\"https:\/\/www.welovecycling.com\/pl\/2019\/04\/25\/belg-pokazal-jak-przetrwac-w-kolarskim-piekle\/#primaryimage\"},\"image\":{\"@id\":\"https:\/\/www.welovecycling.com\/pl\/2019\/04\/25\/belg-pokazal-jak-przetrwac-w-kolarskim-piekle\/#primaryimage\"},\"thumbnailUrl\":\"https:\/\/d2p6e6u75xmxt8.cloudfront.net\/5\/2019\/04\/D4IjTzNW0AAGBR4.jpg\",\"datePublished\":\"2019-04-25T15:19:07+00:00\",\"dateModified\":\"2019-04-25T15:20:09+00:00\",\"author\":{\"@id\":\"https:\/\/www.welovecycling.com\/pl\/#\/schema\/person\/0dba2d39da943db9df3fd8f4687e7f23\"},\"breadcrumb\":{\"@id\":\"https:\/\/www.welovecycling.com\/pl\/2019\/04\/25\/belg-pokazal-jak-przetrwac-w-kolarskim-piekle\/#breadcrumb\"},\"inLanguage\":\"pl-PL\",\"potentialAction\":[{\"@type\":\"ReadAction\",\"target\":[\"https:\/\/www.welovecycling.com\/pl\/2019\/04\/25\/belg-pokazal-jak-przetrwac-w-kolarskim-piekle\/\"]}]},{\"@type\":\"ImageObject\",\"inLanguage\":\"pl-PL\",\"@id\":\"https:\/\/www.welovecycling.com\/pl\/2019\/04\/25\/belg-pokazal-jak-przetrwac-w-kolarskim-piekle\/#primaryimage\",\"url\":\"https:\/\/d2p6e6u75xmxt8.cloudfront.net\/5\/2019\/04\/D4IjTzNW0AAGBR4.jpg\",\"contentUrl\":\"https:\/\/d2p6e6u75xmxt8.cloudfront.net\/5\/2019\/04\/D4IjTzNW0AAGBR4.jpg\",\"width\":1600,\"height\":1124},{\"@type\":\"BreadcrumbList\",\"@id\":\"https:\/\/www.welovecycling.com\/pl\/2019\/04\/25\/belg-pokazal-jak-przetrwac-w-kolarskim-piekle\/#breadcrumb\",\"itemListElement\":[{\"@type\":\"ListItem\",\"position\":1,\"name\":\"Home\",\"item\":\"https:\/\/www.welovecycling.com\/pl\/\"},{\"@type\":\"ListItem\",\"position\":2,\"name\":\"Belg pokaza\u0142, jak przetrwa\u0107 w kolarskim piekle\"}]},{\"@type\":\"WebSite\",\"@id\":\"https:\/\/www.welovecycling.com\/pl\/#website\",\"url\":\"https:\/\/www.welovecycling.com\/pl\/\",\"name\":\"\u0160koda We Love Cycling - Poland\",\"description\":\"\",\"potentialAction\":[{\"@type\":\"SearchAction\",\"target\":{\"@type\":\"EntryPoint\",\"urlTemplate\":\"https:\/\/www.welovecycling.com\/pl\/?s={search_term_string}\"},\"query-input\":{\"@type\":\"PropertyValueSpecification\",\"valueRequired\":true,\"valueName\":\"search_term_string\"}}],\"inLanguage\":\"pl-PL\"},{\"@type\":\"Person\",\"@id\":\"https:\/\/www.welovecycling.com\/pl\/#\/schema\/person\/0dba2d39da943db9df3fd8f4687e7f23\",\"name\":\"piotrboczkowski\",\"image\":{\"@type\":\"ImageObject\",\"inLanguage\":\"pl-PL\",\"@id\":\"https:\/\/www.welovecycling.com\/pl\/#\/schema\/person\/image\/\",\"url\":\"https:\/\/secure.gravatar.com\/avatar\/533caccae14752e03a2ce2d3fd62d1b98b93e1393c3195c27819e53344ca1ace?s=96&d=mm&r=g\",\"contentUrl\":\"https:\/\/secure.gravatar.com\/avatar\/533caccae14752e03a2ce2d3fd62d1b98b93e1393c3195c27819e53344ca1ace?s=96&d=mm&r=g\",\"caption\":\"piotrboczkowski\"},\"url\":\"https:\/\/www.welovecycling.com\/pl\/author\/piotrboczkowski\/\"}]}<\/script>\n<!-- \/ Yoast SEO Premium plugin. -->","yoast_head_json":{"title":"Belg pokaza\u0142, jak przetrwa\u0107 w kolarskim piekle - \u0160koda We Love Cycling - Poland","robots":{"index":"index","follow":"follow","max-snippet":"max-snippet:-1","max-image-preview":"max-image-preview:large","max-video-preview":"max-video-preview:-1"},"canonical":"https:\/\/www.welovecycling.com\/pl\/2019\/04\/25\/belg-pokazal-jak-przetrwac-w-kolarskim-piekle\/","og_locale":"pl_PL","og_type":"article","og_title":"Belg pokaza\u0142, jak przetrwa\u0107 w kolarskim piekle","og_description":"Niekt\u00f3rzy m\u00f3wi\u0105, \u017ce po tym wy\u015bcigu kolarza ju\u017c nic nie zaskoczy, ale te\u017c nic nie z\u0142amie. Philippe Gilbert wygra\u0142 jeden [&hellip;]","og_url":"https:\/\/www.welovecycling.com\/pl\/2019\/04\/25\/belg-pokazal-jak-przetrwac-w-kolarskim-piekle\/","og_site_name":"\u0160koda We Love Cycling - Poland","article_published_time":"2019-04-25T15:19:07+00:00","article_modified_time":"2019-04-25T15:20:09+00:00","og_image":[{"width":1600,"height":1124,"url":"https:\/\/d2p6e6u75xmxt8.cloudfront.net\/5\/2019\/04\/D4IjTzNW0AAGBR4.jpg","type":"image\/jpeg"}],"author":"piotrboczkowski","twitter_card":"summary_large_image","twitter_misc":{"Written by":"piotrboczkowski","Est. reading time":"3 minutes"},"schema":{"@context":"https:\/\/schema.org","@graph":[{"@type":"WebPage","@id":"https:\/\/www.welovecycling.com\/pl\/2019\/04\/25\/belg-pokazal-jak-przetrwac-w-kolarskim-piekle\/","url":"https:\/\/www.welovecycling.com\/pl\/2019\/04\/25\/belg-pokazal-jak-przetrwac-w-kolarskim-piekle\/","name":"Belg pokaza\u0142, jak przetrwa\u0107 w kolarskim piekle - \u0160koda We Love Cycling - Poland","isPartOf":{"@id":"https:\/\/www.welovecycling.com\/pl\/#website"},"primaryImageOfPage":{"@id":"https:\/\/www.welovecycling.com\/pl\/2019\/04\/25\/belg-pokazal-jak-przetrwac-w-kolarskim-piekle\/#primaryimage"},"image":{"@id":"https:\/\/www.welovecycling.com\/pl\/2019\/04\/25\/belg-pokazal-jak-przetrwac-w-kolarskim-piekle\/#primaryimage"},"thumbnailUrl":"https:\/\/d2p6e6u75xmxt8.cloudfront.net\/5\/2019\/04\/D4IjTzNW0AAGBR4.jpg","datePublished":"2019-04-25T15:19:07+00:00","dateModified":"2019-04-25T15:20:09+00:00","author":{"@id":"https:\/\/www.welovecycling.com\/pl\/#\/schema\/person\/0dba2d39da943db9df3fd8f4687e7f23"},"breadcrumb":{"@id":"https:\/\/www.welovecycling.com\/pl\/2019\/04\/25\/belg-pokazal-jak-przetrwac-w-kolarskim-piekle\/#breadcrumb"},"inLanguage":"pl-PL","potentialAction":[{"@type":"ReadAction","target":["https:\/\/www.welovecycling.com\/pl\/2019\/04\/25\/belg-pokazal-jak-przetrwac-w-kolarskim-piekle\/"]}]},{"@type":"ImageObject","inLanguage":"pl-PL","@id":"https:\/\/www.welovecycling.com\/pl\/2019\/04\/25\/belg-pokazal-jak-przetrwac-w-kolarskim-piekle\/#primaryimage","url":"https:\/\/d2p6e6u75xmxt8.cloudfront.net\/5\/2019\/04\/D4IjTzNW0AAGBR4.jpg","contentUrl":"https:\/\/d2p6e6u75xmxt8.cloudfront.net\/5\/2019\/04\/D4IjTzNW0AAGBR4.jpg","width":1600,"height":1124},{"@type":"BreadcrumbList","@id":"https:\/\/www.welovecycling.com\/pl\/2019\/04\/25\/belg-pokazal-jak-przetrwac-w-kolarskim-piekle\/#breadcrumb","itemListElement":[{"@type":"ListItem","position":1,"name":"Home","item":"https:\/\/www.welovecycling.com\/pl\/"},{"@type":"ListItem","position":2,"name":"Belg pokaza\u0142, jak przetrwa\u0107 w kolarskim piekle"}]},{"@type":"WebSite","@id":"https:\/\/www.welovecycling.com\/pl\/#website","url":"https:\/\/www.welovecycling.com\/pl\/","name":"\u0160koda We Love Cycling - Poland","description":"","potentialAction":[{"@type":"SearchAction","target":{"@type":"EntryPoint","urlTemplate":"https:\/\/www.welovecycling.com\/pl\/?s={search_term_string}"},"query-input":{"@type":"PropertyValueSpecification","valueRequired":true,"valueName":"search_term_string"}}],"inLanguage":"pl-PL"},{"@type":"Person","@id":"https:\/\/www.welovecycling.com\/pl\/#\/schema\/person\/0dba2d39da943db9df3fd8f4687e7f23","name":"piotrboczkowski","image":{"@type":"ImageObject","inLanguage":"pl-PL","@id":"https:\/\/www.welovecycling.com\/pl\/#\/schema\/person\/image\/","url":"https:\/\/secure.gravatar.com\/avatar\/533caccae14752e03a2ce2d3fd62d1b98b93e1393c3195c27819e53344ca1ace?s=96&d=mm&r=g","contentUrl":"https:\/\/secure.gravatar.com\/avatar\/533caccae14752e03a2ce2d3fd62d1b98b93e1393c3195c27819e53344ca1ace?s=96&d=mm&r=g","caption":"piotrboczkowski"},"url":"https:\/\/www.welovecycling.com\/pl\/author\/piotrboczkowski\/"}]}},"_links":{"self":[{"href":"https:\/\/www.welovecycling.com\/pl\/wp-json\/wp\/v2\/posts\/8860","targetHints":{"allow":["GET"]}}],"collection":[{"href":"https:\/\/www.welovecycling.com\/pl\/wp-json\/wp\/v2\/posts"}],"about":[{"href":"https:\/\/www.welovecycling.com\/pl\/wp-json\/wp\/v2\/types\/post"}],"author":[{"embeddable":true,"href":"https:\/\/www.welovecycling.com\/pl\/wp-json\/wp\/v2\/users\/76"}],"replies":[{"embeddable":true,"href":"https:\/\/www.welovecycling.com\/pl\/wp-json\/wp\/v2\/comments?post=8860"}],"version-history":[{"count":2,"href":"https:\/\/www.welovecycling.com\/pl\/wp-json\/wp\/v2\/posts\/8860\/revisions"}],"predecessor-version":[{"id":8864,"href":"https:\/\/www.welovecycling.com\/pl\/wp-json\/wp\/v2\/posts\/8860\/revisions\/8864"}],"wp:featuredmedia":[{"embeddable":true,"href":"https:\/\/www.welovecycling.com\/pl\/wp-json\/wp\/v2\/media\/8861"}],"wp:attachment":[{"href":"https:\/\/www.welovecycling.com\/pl\/wp-json\/wp\/v2\/media?parent=8860"}],"wp:term":[{"taxonomy":"category","embeddable":true,"href":"https:\/\/www.welovecycling.com\/pl\/wp-json\/wp\/v2\/categories?post=8860"},{"taxonomy":"post_tag","embeddable":true,"href":"https:\/\/www.welovecycling.com\/pl\/wp-json\/wp\/v2\/tags?post=8860"},{"taxonomy":"global-categories","embeddable":true,"href":"https:\/\/www.welovecycling.com\/pl\/wp-json\/wp\/v2\/global-categories?post=8860"}],"curies":[{"name":"wp","href":"https:\/\/api.w.org\/{rel}","templated":true}]}}