{"id":8846,"date":"2019-04-23T11:27:14","date_gmt":"2019-04-23T11:27:14","guid":{"rendered":"https:\/\/www.welovecycling.com\/pl\/?p=8846"},"modified":"2019-04-23T00:35:02","modified_gmt":"2019-04-23T00:35:02","slug":"bartosz-huzarski-kolarski-peleton-rozpoczal-sezon-w-polsce","status":"publish","type":"post","link":"https:\/\/www.welovecycling.com\/pl\/2019\/04\/23\/bartosz-huzarski-kolarski-peleton-rozpoczal-sezon-w-polsce\/","title":{"rendered":"Bartosz Huzarski: Kolarski peleton rozpocz\u0105\u0142 sezon w Polsce"},"content":{"rendered":"<p><strong>Setki amator\u00f3w podzielonych na dwa dystanse i kategorie wiekowe. Peleton pa\u0144. Zawodnicy licencjonowani. Setki rower\u00f3w, koszulek i tysi\u0105ce k\u00f3\u0142. Tylko jedno pozosta\u0142o niezmienne od lat, \u015al\u0119\u017ca\u0144ski Mnich rozgrywany w dolno\u015bl\u0105skiej Sob\u00f3tce oficjalnie otworzy\u0142 sezon kolarski w Polsce. \u00a0Pierwszy weekend kwietnia to znak, \u017ce flaga z szachownic\u0105 idzie w g\u00f3r\u0119.<\/strong><\/p>\n<p>To wielkie przedsi\u0119wzi\u0119cie logistyczno-organizacyjne przy kt\u00f3rym w dzie\u0144 startu zaanga\u017cowanych jest prawie 300 os\u00f3b. Od zaprzyja\u017anionego Autoryzowanego Salonu Dealerskiego Marki \u0160koda \u00a0GALL-ICM\u00a0 Wroc\u0142aw tylko na ten jeden dzie\u0144 wzi\u0119li\u015bmy dziesi\u0119\u0107 samochod\u00f3w do obs\u0142ugi imprezy. Zabezpieczenie \u00a0pilot\u00f3w poszczeg\u00f3lnych kategorii wiekowych i s\u0119dzi\u00f3w ale r\u00f3wnie\u017c karetki, samochody zabezpieczaj\u0105ce tras\u0119, stra\u017cacy, policja i dwa biura zawod\u00f3w, jedno dla amator\u00f3w i drugie dla zawodowc\u00f3w. Tygodnie przygotowa\u0144, dokumentacja techniczna, objazdy, plany pracy, dok\u0142adny grafik godzinowy i \u00a0wiele ustale\u0144 gdy\u017c wy\u015bcigi trwaj\u0105 tego dnia od 9:30 do 16:30.<\/p>\n<p><a href=\"https:\/\/d2p6e6u75xmxt8.cloudfront.net\/5\/2019\/04\/DSC_8022.jpg\"><img loading=\"lazy\" decoding=\"async\" class=\"aligncenter size-full wp-image-8823\" src=\"https:\/\/d2p6e6u75xmxt8.cloudfront.net\/5\/2019\/04\/DSC_8022.jpg\" alt=\"\" width=\"1536\" height=\"1024\" srcset=\"https:\/\/d2p6e6u75xmxt8.cloudfront.net\/5\/2019\/04\/DSC_8022.jpg 1536w, https:\/\/d2p6e6u75xmxt8.cloudfront.net\/5\/2019\/04\/DSC_8022-300x200.jpg 300w, https:\/\/d2p6e6u75xmxt8.cloudfront.net\/5\/2019\/04\/DSC_8022-768x512.jpg 768w, https:\/\/d2p6e6u75xmxt8.cloudfront.net\/5\/2019\/04\/DSC_8022-1024x683.jpg 1024w, https:\/\/d2p6e6u75xmxt8.cloudfront.net\/5\/2019\/04\/DSC_8022-272x182.jpg 272w\" sizes=\"auto, (max-width: 1536px) 100vw, 1536px\" \/><\/a><\/p>\n<p>Ale Mnich to impreza wyj\u0105tkowa, jedyna w swoim rodzaju, traktowana jako wiosenne mistrzostwa polski. Tutaj po d\u0142ugiej przerwie spotyka si\u0119 ca\u0142a kolarska bra\u0107. Pierwszy rzut oka na sprz\u0119t \u2013 co nowego ? drugi rzut oka na opalenizn\u0119 lub jej brak co szybko wyja\u015bnia kierunek przygotowa\u0144 do sezonu najwi\u0119kszych rywali. P\u00f3\u017aniej pierwsza bojowa weryfikacja si\u0142 i wszystko jest ju\u017c jasne. Mnich jest to najwi\u0119ksza tego typu, jednodniowa, \u00a0impreza dla amator\u00f3w i zawodowc\u00f3w w pierwszej cz\u0119\u015bci sezonu. M\u00f3wi si\u0119 kto nie by\u0142 na Mnichu sezonu nie rozpocz\u0105\u0142. My oczywi\u015bcie patrzymy na ten tekst przez palce, ale cieszy nas wspania\u0142a coroczna frekwencja i feedback do zawodnik\u00f3w. Nie ma nic lepszego dla organizatora kt\u00f3ry dwoi si\u0119 i troi by wszystko zagra\u0142o jak nale\u017cy &#8211; szczere pochwa\u0142y, to jest to co nakr\u0119ca nas do dzia\u0142ania.<\/p>\n<p><a href=\"https:\/\/d2p6e6u75xmxt8.cloudfront.net\/5\/2019\/04\/DSC_7691.jpg\"><img loading=\"lazy\" decoding=\"async\" class=\"aligncenter size-full wp-image-8821\" src=\"https:\/\/d2p6e6u75xmxt8.cloudfront.net\/5\/2019\/04\/DSC_7691.jpg\" alt=\"\" width=\"1536\" height=\"1024\" srcset=\"https:\/\/d2p6e6u75xmxt8.cloudfront.net\/5\/2019\/04\/DSC_7691.jpg 1536w, https:\/\/d2p6e6u75xmxt8.cloudfront.net\/5\/2019\/04\/DSC_7691-300x200.jpg 300w, https:\/\/d2p6e6u75xmxt8.cloudfront.net\/5\/2019\/04\/DSC_7691-768x512.jpg 768w, https:\/\/d2p6e6u75xmxt8.cloudfront.net\/5\/2019\/04\/DSC_7691-1024x683.jpg 1024w, https:\/\/d2p6e6u75xmxt8.cloudfront.net\/5\/2019\/04\/DSC_7691-272x182.jpg 272w\" sizes=\"auto, (max-width: 1536px) 100vw, 1536px\" \/><\/a><\/p>\n<p>W tym roku Mnich przejecha\u0142 po lekko zmienionej, wyd\u0142u\u017conej trasie. Bardzo chcieli\u015bmy pochwali\u0107 si\u0119 wyremontowanym zalewem Sulistrowickim, now\u0105 zapor\u0105 wodn\u0105 i pla\u017c\u0105 gminn\u0105. Dzi\u0119ki temu runda delikatnie si\u0119 wyd\u0142u\u017cy\u0142a i zyska\u0142a kilka dodatkowych element\u00f3w kt\u00f3re j\u0105 urozmaici\u0142y. Nie ukrywam, \u017ce ja osobi\u015bcie jako jeden z organizator\u00f3w tej imprezy widzia\u0142bym \u00a0w\u0142a\u015bnie taki przebieg Mistrzostw Polski w 2020roku. 7 kwietnia podczas rozpocz\u0119cia sezonu test zosta\u0142 zaliczony na pi\u0105tk\u0119. Ale podczas MP ocena musi by\u0107 celuj\u0105ca \u2013 w tym celu uk\u0142ony lec\u0105 w stron\u0119 Starostwa Powiatowego we Wroc\u0142awiu oraz Gminy Sob\u00f3tka \u2013 Panowie, kilka dr\u00f3g o kt\u00f3rych wiecie trzeba wyremontowa\u0107.<\/p>\n<p>Szcz\u0119\u015bcie sprzyja lepszym \u2013 ta \u017cartobliwa fraza kr\u0105\u017cy\u0142a tego dnia w kuluarach gdy\u017c pogoda jak na zam\u00f3wienie, s\u0142onecznie, ciep\u0142o i lekki wiaterek. Idealnie by przynajmniej pogod\u0105 si\u0119 nie przejmowa\u0107 i przy wzgl\u0119dnym spokoju rozpocz\u0105\u0107 sezon. Ale motylki w brzuchu na pewno fruwa\u0142y nie jednemu. Po d\u0142ugiej zimie pozostaje zbyt du\u017co pyta\u0144 bez odpowiedzi, o form\u0119 i dyspozycj\u0119 nasz\u0105 ale i rywali, bo przecie\u017c jeste\u015bmy na zawodach i ka\u017cdy chce wypa\u015b\u0107 jak najlepiej, nawet gdy m\u00f3wi inaczej. Nie mniej jednak po raz kolejny potwierdzi\u0142o si\u0119, \u017ce Mnich jest imprez\u0105 dla wszystkich, ja osobi\u015bcie w czasie trwania \u00a0wy\u015bcigu nie mam czasu przyjrze\u0107 si\u0119 kto i z jakim nastawieniem staje na starcie, ale ju\u017c podczas weryfikacji zdj\u0119\u0107 przes\u0142anych przez zaprzyja\u017anionych fotograf\u00f3w wida\u0107 ile rado\u015bci daje ludziom je\u017cd\u017cenie, rywalizacja \u00a0czy te\u017c samo osi\u0105gni\u0119cie celu jakim jest meta. To jest w tym sporcie i takich spotkaniach po d\u0142ugiej przerwie najpi\u0119kniejsze, gdy po wy\u015bcigu mo\u017cna usi\u0105\u015b\u0107 w bufecie i godzinami opowiada\u0107 o zgrupowaniach, wypadach na narty, pierwszych temp\u00f3wkach czy wahni\u0119ciach wagi. Bo przecie\u017c zim\u0105 dzia\u0142o si\u0119 tak wiele, kolarz nawet amator nie le\u017cy tylko trenuje, a poziom i profesjonalizm przygotowania wi\u0119kszo\u015bci zawodnik\u00f3w budzi m\u00f3j wielki podziw.<\/p>\n<p><a href=\"https:\/\/d2p6e6u75xmxt8.cloudfront.net\/5\/2019\/04\/DSC_7809.jpg\"><img loading=\"lazy\" decoding=\"async\" class=\"aligncenter size-full wp-image-8822\" src=\"https:\/\/d2p6e6u75xmxt8.cloudfront.net\/5\/2019\/04\/DSC_7809.jpg\" alt=\"\" width=\"1536\" height=\"1024\" srcset=\"https:\/\/d2p6e6u75xmxt8.cloudfront.net\/5\/2019\/04\/DSC_7809.jpg 1536w, https:\/\/d2p6e6u75xmxt8.cloudfront.net\/5\/2019\/04\/DSC_7809-300x200.jpg 300w, https:\/\/d2p6e6u75xmxt8.cloudfront.net\/5\/2019\/04\/DSC_7809-768x512.jpg 768w, https:\/\/d2p6e6u75xmxt8.cloudfront.net\/5\/2019\/04\/DSC_7809-1024x683.jpg 1024w, https:\/\/d2p6e6u75xmxt8.cloudfront.net\/5\/2019\/04\/DSC_7809-272x182.jpg 272w\" sizes=\"auto, (max-width: 1536px) 100vw, 1536px\" \/><\/a><\/p>\n<p>Tak wi\u0119c 7 kwietnia kolarska polska rozpocz\u0119\u0142a oficjalnie sezon wy\u015bcigiem \u015al\u0119\u017ca\u0144skiego Mnicha a wraz z tym wydarzeniem posz\u0142a w ruch machina zwana VIA Dolny \u015al\u0105sk czyli najliczniej obsadzana cykliczna impreza dla amator\u00f3w skupiaj\u0105ca w tym roku a\u017c 11 wy\u015bcig\u00f3w zaliczanych do klasyfikacji generalnej. Pisa\u0142em ju\u017c o VIA w zesz\u0142ym roku ale pewnie w tym jaki\u015b materia\u0142 si\u0119 pojawi. Dzieje si\u0119 tutaj na tyle du\u017co, w samym wy\u015bcigu jak i poza nim, \u017ce bez problemu znajdziemy ciekawy temat. Mnich by\u0142 te\u017c ostatnim wy\u015bcigiem w kt\u00f3rym \u201epracowa\u0142a\u201d \u00a0\u0160koda KODIAQ \u2013 samoch\u00f3d b\u0119d\u0105cy cz\u0119\u015bci\u0105 \u00a0mojej wsp\u00f3\u0142pracy z WLC i \u0160koda Polska, jak taki kolos spisuje w warunkach bojowych \u2013 o tym przeczytacie ju\u017c nied\u0142ugo.<\/p>\n<p><a href=\"https:\/\/d2p6e6u75xmxt8.cloudfront.net\/5\/2019\/04\/DSC0363.jpg\"><img loading=\"lazy\" decoding=\"async\" class=\"aligncenter size-full wp-image-8813\" src=\"https:\/\/d2p6e6u75xmxt8.cloudfront.net\/5\/2019\/04\/DSC0363.jpg\" alt=\"\" width=\"1534\" height=\"1024\" srcset=\"https:\/\/d2p6e6u75xmxt8.cloudfront.net\/5\/2019\/04\/DSC0363.jpg 1534w, https:\/\/d2p6e6u75xmxt8.cloudfront.net\/5\/2019\/04\/DSC0363-300x200.jpg 300w, https:\/\/d2p6e6u75xmxt8.cloudfront.net\/5\/2019\/04\/DSC0363-768x513.jpg 768w, https:\/\/d2p6e6u75xmxt8.cloudfront.net\/5\/2019\/04\/DSC0363-1024x684.jpg 1024w, https:\/\/d2p6e6u75xmxt8.cloudfront.net\/5\/2019\/04\/DSC0363-272x182.jpg 272w\" sizes=\"auto, (max-width: 1534px) 100vw, 1534px\" \/><\/a><\/p>\n<p>Tymczasem zapraszam Was do aktywnego sp\u0119dzania czasu \u2013 rower jest lekiem na ca\u0142e z\u0142o. A kto ma odwag\u0119 mo\u017ce \u015bmia\u0142o startowa\u0107 czy to na szosie czy MTB. Ja jako jeden z\u00a0 organizator\u00f3w\u00a0 cyklu \u00a0VIA Dolny \u015al\u0105sk zapraszam na nasze wy\u015bcigi, wpadajcie zbi\u0107 pi\u0105tk\u0119, u nas zawsze jest fajna atmosfera i serdeczni ludzie, wybieramy tylko wyj\u0105tkowe lokalizacje na nasze wy\u015bcigi kt\u00f3re dzi\u0119ki temu s\u0105 ciekawe i bezpieczne. Kolarska polska pojecha\u0142a ruszy\u0142a ju\u017c na ca\u0142ego a Ty ?<\/p>\n<div id='gallery-1' class='gallery galleryid-8846 gallery-columns-3 gallery-size-medium'><figure class='gallery-item'>\n\t\t\t<div class='gallery-icon landscape'>\n\t\t\t\t<a href='https:\/\/d2p6e6u75xmxt8.cloudfront.net\/5\/2019\/04\/IMGP1895.JPG.jpg'><img loading=\"lazy\" decoding=\"async\" width=\"300\" height=\"200\" src=\"https:\/\/d2p6e6u75xmxt8.cloudfront.net\/5\/2019\/04\/IMGP1895.JPG-300x200.jpg\" class=\"attachment-medium size-medium\" alt=\"\" srcset=\"https:\/\/d2p6e6u75xmxt8.cloudfront.net\/5\/2019\/04\/IMGP1895.JPG-300x200.jpg 300w, https:\/\/d2p6e6u75xmxt8.cloudfront.net\/5\/2019\/04\/IMGP1895.JPG-768x512.jpg 768w, https:\/\/d2p6e6u75xmxt8.cloudfront.net\/5\/2019\/04\/IMGP1895.JPG-1024x683.jpg 1024w, https:\/\/d2p6e6u75xmxt8.cloudfront.net\/5\/2019\/04\/IMGP1895.JPG-1920x1280.jpg 1920w, https:\/\/d2p6e6u75xmxt8.cloudfront.net\/5\/2019\/04\/IMGP1895.JPG-272x182.jpg 272w, https:\/\/d2p6e6u75xmxt8.cloudfront.net\/5\/2019\/04\/IMGP1895.JPG-1920x1280.jpg 1920w\" sizes=\"auto, (max-width: 300px) 100vw, 300px\" \/><\/a>\n\t\t\t<\/div><\/figure><figure class='gallery-item'>\n\t\t\t<div class='gallery-icon landscape'>\n\t\t\t\t<a href='https:\/\/d2p6e6u75xmxt8.cloudfront.net\/5\/2019\/04\/IMGP1333.JPG.jpg'><img loading=\"lazy\" decoding=\"async\" width=\"300\" height=\"200\" src=\"https:\/\/d2p6e6u75xmxt8.cloudfront.net\/5\/2019\/04\/IMGP1333.JPG-300x200.jpg\" class=\"attachment-medium size-medium\" alt=\"\" srcset=\"https:\/\/d2p6e6u75xmxt8.cloudfront.net\/5\/2019\/04\/IMGP1333.JPG-300x200.jpg 300w, https:\/\/d2p6e6u75xmxt8.cloudfront.net\/5\/2019\/04\/IMGP1333.JPG-768x512.jpg 768w, https:\/\/d2p6e6u75xmxt8.cloudfront.net\/5\/2019\/04\/IMGP1333.JPG-1024x683.jpg 1024w, https:\/\/d2p6e6u75xmxt8.cloudfront.net\/5\/2019\/04\/IMGP1333.JPG-1920x1280.jpg 1920w, https:\/\/d2p6e6u75xmxt8.cloudfront.net\/5\/2019\/04\/IMGP1333.JPG-272x182.jpg 272w, https:\/\/d2p6e6u75xmxt8.cloudfront.net\/5\/2019\/04\/IMGP1333.JPG-1920x1280.jpg 1920w\" sizes=\"auto, (max-width: 300px) 100vw, 300px\" \/><\/a>\n\t\t\t<\/div><\/figure><figure class='gallery-item'>\n\t\t\t<div class='gallery-icon landscape'>\n\t\t\t\t<a href='https:\/\/d2p6e6u75xmxt8.cloudfront.net\/5\/2019\/04\/DSC_8022.jpg'><img loading=\"lazy\" decoding=\"async\" width=\"300\" height=\"200\" src=\"https:\/\/d2p6e6u75xmxt8.cloudfront.net\/5\/2019\/04\/DSC_8022-300x200.jpg\" class=\"attachment-medium size-medium\" alt=\"\" srcset=\"https:\/\/d2p6e6u75xmxt8.cloudfront.net\/5\/2019\/04\/DSC_8022-300x200.jpg 300w, https:\/\/d2p6e6u75xmxt8.cloudfront.net\/5\/2019\/04\/DSC_8022-768x512.jpg 768w, https:\/\/d2p6e6u75xmxt8.cloudfront.net\/5\/2019\/04\/DSC_8022-1024x683.jpg 1024w, https:\/\/d2p6e6u75xmxt8.cloudfront.net\/5\/2019\/04\/DSC_8022-272x182.jpg 272w, https:\/\/d2p6e6u75xmxt8.cloudfront.net\/5\/2019\/04\/DSC_8022.jpg 1536w\" sizes=\"auto, (max-width: 300px) 100vw, 300px\" \/><\/a>\n\t\t\t<\/div><\/figure><figure class='gallery-item'>\n\t\t\t<div class='gallery-icon landscape'>\n\t\t\t\t<a href='https:\/\/d2p6e6u75xmxt8.cloudfront.net\/5\/2019\/04\/DSC_7809.jpg'><img loading=\"lazy\" decoding=\"async\" width=\"300\" height=\"200\" src=\"https:\/\/d2p6e6u75xmxt8.cloudfront.net\/5\/2019\/04\/DSC_7809-300x200.jpg\" class=\"attachment-medium size-medium\" alt=\"\" srcset=\"https:\/\/d2p6e6u75xmxt8.cloudfront.net\/5\/2019\/04\/DSC_7809-300x200.jpg 300w, https:\/\/d2p6e6u75xmxt8.cloudfront.net\/5\/2019\/04\/DSC_7809-768x512.jpg 768w, https:\/\/d2p6e6u75xmxt8.cloudfront.net\/5\/2019\/04\/DSC_7809-1024x683.jpg 1024w, https:\/\/d2p6e6u75xmxt8.cloudfront.net\/5\/2019\/04\/DSC_7809-272x182.jpg 272w, https:\/\/d2p6e6u75xmxt8.cloudfront.net\/5\/2019\/04\/DSC_7809.jpg 1536w\" sizes=\"auto, (max-width: 300px) 100vw, 300px\" \/><\/a>\n\t\t\t<\/div><\/figure><figure class='gallery-item'>\n\t\t\t<div class='gallery-icon landscape'>\n\t\t\t\t<a href='https:\/\/d2p6e6u75xmxt8.cloudfront.net\/5\/2019\/04\/DSC_7691.jpg'><img loading=\"lazy\" decoding=\"async\" width=\"300\" height=\"200\" src=\"https:\/\/d2p6e6u75xmxt8.cloudfront.net\/5\/2019\/04\/DSC_7691-300x200.jpg\" class=\"attachment-medium size-medium\" alt=\"\" srcset=\"https:\/\/d2p6e6u75xmxt8.cloudfront.net\/5\/2019\/04\/DSC_7691-300x200.jpg 300w, https:\/\/d2p6e6u75xmxt8.cloudfront.net\/5\/2019\/04\/DSC_7691-768x512.jpg 768w, https:\/\/d2p6e6u75xmxt8.cloudfront.net\/5\/2019\/04\/DSC_7691-1024x683.jpg 1024w, https:\/\/d2p6e6u75xmxt8.cloudfront.net\/5\/2019\/04\/DSC_7691-272x182.jpg 272w, https:\/\/d2p6e6u75xmxt8.cloudfront.net\/5\/2019\/04\/DSC_7691.jpg 1536w\" sizes=\"auto, (max-width: 300px) 100vw, 300px\" \/><\/a>\n\t\t\t<\/div><\/figure><figure class='gallery-item'>\n\t\t\t<div class='gallery-icon landscape'>\n\t\t\t\t<a href='https:\/\/d2p6e6u75xmxt8.cloudfront.net\/5\/2019\/04\/DSC_7667.jpg'><img loading=\"lazy\" decoding=\"async\" width=\"300\" height=\"200\" src=\"https:\/\/d2p6e6u75xmxt8.cloudfront.net\/5\/2019\/04\/DSC_7667-300x200.jpg\" class=\"attachment-medium size-medium\" alt=\"\" srcset=\"https:\/\/d2p6e6u75xmxt8.cloudfront.net\/5\/2019\/04\/DSC_7667-300x200.jpg 300w, https:\/\/d2p6e6u75xmxt8.cloudfront.net\/5\/2019\/04\/DSC_7667-768x512.jpg 768w, https:\/\/d2p6e6u75xmxt8.cloudfront.net\/5\/2019\/04\/DSC_7667-1024x683.jpg 1024w, https:\/\/d2p6e6u75xmxt8.cloudfront.net\/5\/2019\/04\/DSC_7667-272x182.jpg 272w, https:\/\/d2p6e6u75xmxt8.cloudfront.net\/5\/2019\/04\/DSC_7667.jpg 1536w\" sizes=\"auto, (max-width: 300px) 100vw, 300px\" \/><\/a>\n\t\t\t<\/div><\/figure><figure class='gallery-item'>\n\t\t\t<div class='gallery-icon landscape'>\n\t\t\t\t<a href='https:\/\/d2p6e6u75xmxt8.cloudfront.net\/5\/2019\/04\/DSC9708.jpg'><img loading=\"lazy\" decoding=\"async\" width=\"300\" height=\"200\" src=\"https:\/\/d2p6e6u75xmxt8.cloudfront.net\/5\/2019\/04\/DSC9708-300x200.jpg\" class=\"attachment-medium size-medium\" alt=\"\" srcset=\"https:\/\/d2p6e6u75xmxt8.cloudfront.net\/5\/2019\/04\/DSC9708-300x200.jpg 300w, https:\/\/d2p6e6u75xmxt8.cloudfront.net\/5\/2019\/04\/DSC9708-768x513.jpg 768w, https:\/\/d2p6e6u75xmxt8.cloudfront.net\/5\/2019\/04\/DSC9708-1024x684.jpg 1024w, https:\/\/d2p6e6u75xmxt8.cloudfront.net\/5\/2019\/04\/DSC9708-272x182.jpg 272w, https:\/\/d2p6e6u75xmxt8.cloudfront.net\/5\/2019\/04\/DSC9708.jpg 1534w\" sizes=\"auto, (max-width: 300px) 100vw, 300px\" \/><\/a>\n\t\t\t<\/div><\/figure><figure class='gallery-item'>\n\t\t\t<div class='gallery-icon landscape'>\n\t\t\t\t<a href='https:\/\/d2p6e6u75xmxt8.cloudfront.net\/5\/2019\/04\/DSC9613.jpg'><img loading=\"lazy\" decoding=\"async\" width=\"300\" height=\"200\" src=\"https:\/\/d2p6e6u75xmxt8.cloudfront.net\/5\/2019\/04\/DSC9613-300x200.jpg\" class=\"attachment-medium size-medium\" alt=\"\" srcset=\"https:\/\/d2p6e6u75xmxt8.cloudfront.net\/5\/2019\/04\/DSC9613-300x200.jpg 300w, https:\/\/d2p6e6u75xmxt8.cloudfront.net\/5\/2019\/04\/DSC9613-768x513.jpg 768w, https:\/\/d2p6e6u75xmxt8.cloudfront.net\/5\/2019\/04\/DSC9613-1024x684.jpg 1024w, https:\/\/d2p6e6u75xmxt8.cloudfront.net\/5\/2019\/04\/DSC9613-272x182.jpg 272w, https:\/\/d2p6e6u75xmxt8.cloudfront.net\/5\/2019\/04\/DSC9613.jpg 1534w\" sizes=\"auto, (max-width: 300px) 100vw, 300px\" \/><\/a>\n\t\t\t<\/div><\/figure><figure class='gallery-item'>\n\t\t\t<div class='gallery-icon landscape'>\n\t\t\t\t<a href='https:\/\/d2p6e6u75xmxt8.cloudfront.net\/5\/2019\/04\/DSC9538.jpg'><img loading=\"lazy\" decoding=\"async\" width=\"300\" height=\"200\" src=\"https:\/\/d2p6e6u75xmxt8.cloudfront.net\/5\/2019\/04\/DSC9538-300x200.jpg\" class=\"attachment-medium size-medium\" alt=\"\" srcset=\"https:\/\/d2p6e6u75xmxt8.cloudfront.net\/5\/2019\/04\/DSC9538-300x200.jpg 300w, https:\/\/d2p6e6u75xmxt8.cloudfront.net\/5\/2019\/04\/DSC9538-768x513.jpg 768w, https:\/\/d2p6e6u75xmxt8.cloudfront.net\/5\/2019\/04\/DSC9538-1024x684.jpg 1024w, https:\/\/d2p6e6u75xmxt8.cloudfront.net\/5\/2019\/04\/DSC9538-272x182.jpg 272w, https:\/\/d2p6e6u75xmxt8.cloudfront.net\/5\/2019\/04\/DSC9538.jpg 1534w\" sizes=\"auto, (max-width: 300px) 100vw, 300px\" \/><\/a>\n\t\t\t<\/div><\/figure><figure class='gallery-item'>\n\t\t\t<div class='gallery-icon landscape'>\n\t\t\t\t<a href='https:\/\/d2p6e6u75xmxt8.cloudfront.net\/5\/2019\/04\/DSC9500.jpg'><img loading=\"lazy\" decoding=\"async\" width=\"300\" height=\"200\" src=\"https:\/\/d2p6e6u75xmxt8.cloudfront.net\/5\/2019\/04\/DSC9500-300x200.jpg\" class=\"attachment-medium size-medium\" alt=\"\" srcset=\"https:\/\/d2p6e6u75xmxt8.cloudfront.net\/5\/2019\/04\/DSC9500-300x200.jpg 300w, https:\/\/d2p6e6u75xmxt8.cloudfront.net\/5\/2019\/04\/DSC9500-768x513.jpg 768w, https:\/\/d2p6e6u75xmxt8.cloudfront.net\/5\/2019\/04\/DSC9500-1024x684.jpg 1024w, https:\/\/d2p6e6u75xmxt8.cloudfront.net\/5\/2019\/04\/DSC9500-272x182.jpg 272w, https:\/\/d2p6e6u75xmxt8.cloudfront.net\/5\/2019\/04\/DSC9500.jpg 1534w\" sizes=\"auto, (max-width: 300px) 100vw, 300px\" \/><\/a>\n\t\t\t<\/div><\/figure><figure class='gallery-item'>\n\t\t\t<div class='gallery-icon landscape'>\n\t\t\t\t<a href='https:\/\/d2p6e6u75xmxt8.cloudfront.net\/5\/2019\/04\/DSC9429.jpg'><img loading=\"lazy\" decoding=\"async\" width=\"300\" height=\"200\" src=\"https:\/\/d2p6e6u75xmxt8.cloudfront.net\/5\/2019\/04\/DSC9429-300x200.jpg\" class=\"attachment-medium size-medium\" alt=\"\" srcset=\"https:\/\/d2p6e6u75xmxt8.cloudfront.net\/5\/2019\/04\/DSC9429-300x200.jpg 300w, https:\/\/d2p6e6u75xmxt8.cloudfront.net\/5\/2019\/04\/DSC9429-768x513.jpg 768w, https:\/\/d2p6e6u75xmxt8.cloudfront.net\/5\/2019\/04\/DSC9429-1024x684.jpg 1024w, https:\/\/d2p6e6u75xmxt8.cloudfront.net\/5\/2019\/04\/DSC9429-272x182.jpg 272w, https:\/\/d2p6e6u75xmxt8.cloudfront.net\/5\/2019\/04\/DSC9429.jpg 1534w\" sizes=\"auto, (max-width: 300px) 100vw, 300px\" \/><\/a>\n\t\t\t<\/div><\/figure><figure class='gallery-item'>\n\t\t\t<div class='gallery-icon landscape'>\n\t\t\t\t<a href='https:\/\/d2p6e6u75xmxt8.cloudfront.net\/5\/2019\/04\/DSC0452.jpg'><img loading=\"lazy\" decoding=\"async\" width=\"300\" height=\"200\" src=\"https:\/\/d2p6e6u75xmxt8.cloudfront.net\/5\/2019\/04\/DSC0452-300x200.jpg\" class=\"attachment-medium size-medium\" alt=\"\" srcset=\"https:\/\/d2p6e6u75xmxt8.cloudfront.net\/5\/2019\/04\/DSC0452-300x200.jpg 300w, https:\/\/d2p6e6u75xmxt8.cloudfront.net\/5\/2019\/04\/DSC0452-768x513.jpg 768w, https:\/\/d2p6e6u75xmxt8.cloudfront.net\/5\/2019\/04\/DSC0452-1024x684.jpg 1024w, https:\/\/d2p6e6u75xmxt8.cloudfront.net\/5\/2019\/04\/DSC0452-272x182.jpg 272w, https:\/\/d2p6e6u75xmxt8.cloudfront.net\/5\/2019\/04\/DSC0452.jpg 1534w\" sizes=\"auto, (max-width: 300px) 100vw, 300px\" \/><\/a>\n\t\t\t<\/div><\/figure><figure class='gallery-item'>\n\t\t\t<div class='gallery-icon landscape'>\n\t\t\t\t<a href='https:\/\/d2p6e6u75xmxt8.cloudfront.net\/5\/2019\/04\/DSC0363.jpg'><img loading=\"lazy\" decoding=\"async\" width=\"300\" height=\"200\" src=\"https:\/\/d2p6e6u75xmxt8.cloudfront.net\/5\/2019\/04\/DSC0363-300x200.jpg\" class=\"attachment-medium size-medium\" alt=\"\" srcset=\"https:\/\/d2p6e6u75xmxt8.cloudfront.net\/5\/2019\/04\/DSC0363-300x200.jpg 300w, https:\/\/d2p6e6u75xmxt8.cloudfront.net\/5\/2019\/04\/DSC0363-768x513.jpg 768w, https:\/\/d2p6e6u75xmxt8.cloudfront.net\/5\/2019\/04\/DSC0363-1024x684.jpg 1024w, https:\/\/d2p6e6u75xmxt8.cloudfront.net\/5\/2019\/04\/DSC0363-272x182.jpg 272w, https:\/\/d2p6e6u75xmxt8.cloudfront.net\/5\/2019\/04\/DSC0363.jpg 1534w\" sizes=\"auto, (max-width: 300px) 100vw, 300px\" \/><\/a>\n\t\t\t<\/div><\/figure>\n\t\t<\/div>\n\n<style type=\"text\/css\"><!--td {border: 1px solid #ccc;}br {mso-data-placement:same-cell;}--><\/style>\n<p><span data-sheets-value=\"{&quot;1&quot;:2,&quot;2&quot;:&quot;Artyku\u0142 powsta\u0142 we wsp\u00f3\u0142pracy ze skoda-auto.pl&quot;}\" data-sheets-userformat=\"{&quot;2&quot;:1,&quot;3&quot;:{&quot;1&quot;:0}}\"><a class=\"in-cell-link\" href=\"http:\/\/www.skoda-auto.pl\/\" target=\"_blank\" rel=\"noopener\">Artyku\u0142 powsta\u0142 we wsp\u00f3\u0142pracy ze skoda-auto.pl<\/a><\/span><\/p>\n","protected":false},"excerpt":{"rendered":"<p>Setki amator\u00f3w podzielonych na dwa dystanse i kategorie wiekowe. Peleton pa\u0144. Zawodnicy licencjonowani. Setki rower\u00f3w, koszulek i tysi\u0105ce k\u00f3\u0142. Tylko [&hellip;]<\/p>\n","protected":false},"author":76,"featured_media":8817,"comment_status":"open","ping_status":"open","sticky":false,"template":"","format":"standard","meta":{"footnotes":""},"categories":[203],"tags":[],"global-categories":[],"class_list":["post-8846","post","type-post","status-publish","format-standard","has-post-thumbnail","hentry","category-bartosz-huzarski"],"yoast_head":"<!-- This site is optimized with the Yoast SEO Premium plugin v25.3 (Yoast SEO v25.9) - https:\/\/yoast.com\/wordpress\/plugins\/seo\/ -->\n<title>Bartosz Huzarski: Kolarski peleton rozpocz\u0105\u0142 sezon w Polsce - \u0160koda We Love Cycling - Poland<\/title>\n<meta name=\"robots\" content=\"index, follow, max-snippet:-1, max-image-preview:large, max-video-preview:-1\" \/>\n<link rel=\"canonical\" href=\"https:\/\/www.welovecycling.com\/pl\/2019\/04\/23\/bartosz-huzarski-kolarski-peleton-rozpoczal-sezon-w-polsce\/\" \/>\n<meta property=\"og:locale\" content=\"pl_PL\" \/>\n<meta property=\"og:type\" content=\"article\" \/>\n<meta property=\"og:title\" content=\"Bartosz Huzarski: Kolarski peleton rozpocz\u0105\u0142 sezon w Polsce\" \/>\n<meta property=\"og:description\" content=\"Setki amator\u00f3w podzielonych na dwa dystanse i kategorie wiekowe. Peleton pa\u0144. Zawodnicy licencjonowani. Setki rower\u00f3w, koszulek i tysi\u0105ce k\u00f3\u0142. Tylko [&hellip;]\" \/>\n<meta property=\"og:url\" content=\"https:\/\/www.welovecycling.com\/pl\/2019\/04\/23\/bartosz-huzarski-kolarski-peleton-rozpoczal-sezon-w-polsce\/\" \/>\n<meta property=\"og:site_name\" content=\"\u0160koda We Love Cycling - Poland\" \/>\n<meta property=\"article:published_time\" content=\"2019-04-23T11:27:14+00:00\" \/>\n<meta property=\"og:image\" content=\"https:\/\/d2p6e6u75xmxt8.cloudfront.net\/5\/2019\/04\/DSC9538.jpg\" \/>\n\t<meta property=\"og:image:width\" content=\"1534\" \/>\n\t<meta property=\"og:image:height\" content=\"1024\" \/>\n\t<meta property=\"og:image:type\" content=\"image\/jpeg\" \/>\n<meta name=\"author\" content=\"piotrboczkowski\" \/>\n<meta name=\"twitter:card\" content=\"summary_large_image\" \/>\n<meta name=\"twitter:label1\" content=\"Written by\" \/>\n\t<meta name=\"twitter:data1\" content=\"Bartosz Huzarski\" \/>\n\t<meta name=\"twitter:label2\" content=\"Est. reading time\" \/>\n\t<meta name=\"twitter:data2\" content=\"4\" \/>\n<script type=\"application\/ld+json\" class=\"yoast-schema-graph\">{\"@context\":\"https:\/\/schema.org\",\"@graph\":[{\"@type\":\"WebPage\",\"@id\":\"https:\/\/www.welovecycling.com\/pl\/2019\/04\/23\/bartosz-huzarski-kolarski-peleton-rozpoczal-sezon-w-polsce\/\",\"url\":\"https:\/\/www.welovecycling.com\/pl\/2019\/04\/23\/bartosz-huzarski-kolarski-peleton-rozpoczal-sezon-w-polsce\/\",\"name\":\"Bartosz Huzarski: Kolarski peleton rozpocz\u0105\u0142 sezon w Polsce - \u0160koda We Love Cycling - Poland\",\"isPartOf\":{\"@id\":\"https:\/\/www.welovecycling.com\/pl\/#website\"},\"primaryImageOfPage\":{\"@id\":\"https:\/\/www.welovecycling.com\/pl\/2019\/04\/23\/bartosz-huzarski-kolarski-peleton-rozpoczal-sezon-w-polsce\/#primaryimage\"},\"image\":{\"@id\":\"https:\/\/www.welovecycling.com\/pl\/2019\/04\/23\/bartosz-huzarski-kolarski-peleton-rozpoczal-sezon-w-polsce\/#primaryimage\"},\"thumbnailUrl\":\"https:\/\/d2p6e6u75xmxt8.cloudfront.net\/5\/2019\/04\/DSC9538.jpg\",\"datePublished\":\"2019-04-23T11:27:14+00:00\",\"author\":{\"@id\":\"https:\/\/www.welovecycling.com\/pl\/#\/schema\/person\/0dba2d39da943db9df3fd8f4687e7f23\"},\"breadcrumb\":{\"@id\":\"https:\/\/www.welovecycling.com\/pl\/2019\/04\/23\/bartosz-huzarski-kolarski-peleton-rozpoczal-sezon-w-polsce\/#breadcrumb\"},\"inLanguage\":\"pl-PL\",\"potentialAction\":[{\"@type\":\"ReadAction\",\"target\":[\"https:\/\/www.welovecycling.com\/pl\/2019\/04\/23\/bartosz-huzarski-kolarski-peleton-rozpoczal-sezon-w-polsce\/\"]}]},{\"@type\":\"ImageObject\",\"inLanguage\":\"pl-PL\",\"@id\":\"https:\/\/www.welovecycling.com\/pl\/2019\/04\/23\/bartosz-huzarski-kolarski-peleton-rozpoczal-sezon-w-polsce\/#primaryimage\",\"url\":\"https:\/\/d2p6e6u75xmxt8.cloudfront.net\/5\/2019\/04\/DSC9538.jpg\",\"contentUrl\":\"https:\/\/d2p6e6u75xmxt8.cloudfront.net\/5\/2019\/04\/DSC9538.jpg\",\"width\":1534,\"height\":1024},{\"@type\":\"BreadcrumbList\",\"@id\":\"https:\/\/www.welovecycling.com\/pl\/2019\/04\/23\/bartosz-huzarski-kolarski-peleton-rozpoczal-sezon-w-polsce\/#breadcrumb\",\"itemListElement\":[{\"@type\":\"ListItem\",\"position\":1,\"name\":\"Home\",\"item\":\"https:\/\/www.welovecycling.com\/pl\/\"},{\"@type\":\"ListItem\",\"position\":2,\"name\":\"Bartosz Huzarski: Kolarski peleton rozpocz\u0105\u0142 sezon w Polsce\"}]},{\"@type\":\"WebSite\",\"@id\":\"https:\/\/www.welovecycling.com\/pl\/#website\",\"url\":\"https:\/\/www.welovecycling.com\/pl\/\",\"name\":\"\u0160koda We Love Cycling - Poland\",\"description\":\"\",\"potentialAction\":[{\"@type\":\"SearchAction\",\"target\":{\"@type\":\"EntryPoint\",\"urlTemplate\":\"https:\/\/www.welovecycling.com\/pl\/?s={search_term_string}\"},\"query-input\":{\"@type\":\"PropertyValueSpecification\",\"valueRequired\":true,\"valueName\":\"search_term_string\"}}],\"inLanguage\":\"pl-PL\"},{\"@type\":\"Person\",\"@id\":\"https:\/\/www.welovecycling.com\/pl\/#\/schema\/person\/0dba2d39da943db9df3fd8f4687e7f23\",\"name\":\"piotrboczkowski\",\"image\":{\"@type\":\"ImageObject\",\"inLanguage\":\"pl-PL\",\"@id\":\"https:\/\/www.welovecycling.com\/pl\/#\/schema\/person\/image\/\",\"url\":\"https:\/\/secure.gravatar.com\/avatar\/533caccae14752e03a2ce2d3fd62d1b98b93e1393c3195c27819e53344ca1ace?s=96&d=mm&r=g\",\"contentUrl\":\"https:\/\/secure.gravatar.com\/avatar\/533caccae14752e03a2ce2d3fd62d1b98b93e1393c3195c27819e53344ca1ace?s=96&d=mm&r=g\",\"caption\":\"piotrboczkowski\"},\"url\":\"https:\/\/www.welovecycling.com\/pl\/author\/piotrboczkowski\/\"}]}<\/script>\n<!-- \/ Yoast SEO Premium plugin. -->","yoast_head_json":{"title":"Bartosz Huzarski: Kolarski peleton rozpocz\u0105\u0142 sezon w Polsce - \u0160koda We Love Cycling - Poland","robots":{"index":"index","follow":"follow","max-snippet":"max-snippet:-1","max-image-preview":"max-image-preview:large","max-video-preview":"max-video-preview:-1"},"canonical":"https:\/\/www.welovecycling.com\/pl\/2019\/04\/23\/bartosz-huzarski-kolarski-peleton-rozpoczal-sezon-w-polsce\/","og_locale":"pl_PL","og_type":"article","og_title":"Bartosz Huzarski: Kolarski peleton rozpocz\u0105\u0142 sezon w Polsce","og_description":"Setki amator\u00f3w podzielonych na dwa dystanse i kategorie wiekowe. Peleton pa\u0144. Zawodnicy licencjonowani. Setki rower\u00f3w, koszulek i tysi\u0105ce k\u00f3\u0142. Tylko [&hellip;]","og_url":"https:\/\/www.welovecycling.com\/pl\/2019\/04\/23\/bartosz-huzarski-kolarski-peleton-rozpoczal-sezon-w-polsce\/","og_site_name":"\u0160koda We Love Cycling - Poland","article_published_time":"2019-04-23T11:27:14+00:00","og_image":[{"width":1534,"height":1024,"url":"https:\/\/d2p6e6u75xmxt8.cloudfront.net\/5\/2019\/04\/DSC9538.jpg","type":"image\/jpeg"}],"author":"piotrboczkowski","twitter_card":"summary_large_image","twitter_misc":{"Written by":"Bartosz Huzarski","Est. reading time":"4"},"schema":{"@context":"https:\/\/schema.org","@graph":[{"@type":"WebPage","@id":"https:\/\/www.welovecycling.com\/pl\/2019\/04\/23\/bartosz-huzarski-kolarski-peleton-rozpoczal-sezon-w-polsce\/","url":"https:\/\/www.welovecycling.com\/pl\/2019\/04\/23\/bartosz-huzarski-kolarski-peleton-rozpoczal-sezon-w-polsce\/","name":"Bartosz Huzarski: Kolarski peleton rozpocz\u0105\u0142 sezon w Polsce - \u0160koda We Love Cycling - Poland","isPartOf":{"@id":"https:\/\/www.welovecycling.com\/pl\/#website"},"primaryImageOfPage":{"@id":"https:\/\/www.welovecycling.com\/pl\/2019\/04\/23\/bartosz-huzarski-kolarski-peleton-rozpoczal-sezon-w-polsce\/#primaryimage"},"image":{"@id":"https:\/\/www.welovecycling.com\/pl\/2019\/04\/23\/bartosz-huzarski-kolarski-peleton-rozpoczal-sezon-w-polsce\/#primaryimage"},"thumbnailUrl":"https:\/\/d2p6e6u75xmxt8.cloudfront.net\/5\/2019\/04\/DSC9538.jpg","datePublished":"2019-04-23T11:27:14+00:00","author":{"@id":"https:\/\/www.welovecycling.com\/pl\/#\/schema\/person\/0dba2d39da943db9df3fd8f4687e7f23"},"breadcrumb":{"@id":"https:\/\/www.welovecycling.com\/pl\/2019\/04\/23\/bartosz-huzarski-kolarski-peleton-rozpoczal-sezon-w-polsce\/#breadcrumb"},"inLanguage":"pl-PL","potentialAction":[{"@type":"ReadAction","target":["https:\/\/www.welovecycling.com\/pl\/2019\/04\/23\/bartosz-huzarski-kolarski-peleton-rozpoczal-sezon-w-polsce\/"]}]},{"@type":"ImageObject","inLanguage":"pl-PL","@id":"https:\/\/www.welovecycling.com\/pl\/2019\/04\/23\/bartosz-huzarski-kolarski-peleton-rozpoczal-sezon-w-polsce\/#primaryimage","url":"https:\/\/d2p6e6u75xmxt8.cloudfront.net\/5\/2019\/04\/DSC9538.jpg","contentUrl":"https:\/\/d2p6e6u75xmxt8.cloudfront.net\/5\/2019\/04\/DSC9538.jpg","width":1534,"height":1024},{"@type":"BreadcrumbList","@id":"https:\/\/www.welovecycling.com\/pl\/2019\/04\/23\/bartosz-huzarski-kolarski-peleton-rozpoczal-sezon-w-polsce\/#breadcrumb","itemListElement":[{"@type":"ListItem","position":1,"name":"Home","item":"https:\/\/www.welovecycling.com\/pl\/"},{"@type":"ListItem","position":2,"name":"Bartosz Huzarski: Kolarski peleton rozpocz\u0105\u0142 sezon w Polsce"}]},{"@type":"WebSite","@id":"https:\/\/www.welovecycling.com\/pl\/#website","url":"https:\/\/www.welovecycling.com\/pl\/","name":"\u0160koda We Love Cycling - Poland","description":"","potentialAction":[{"@type":"SearchAction","target":{"@type":"EntryPoint","urlTemplate":"https:\/\/www.welovecycling.com\/pl\/?s={search_term_string}"},"query-input":{"@type":"PropertyValueSpecification","valueRequired":true,"valueName":"search_term_string"}}],"inLanguage":"pl-PL"},{"@type":"Person","@id":"https:\/\/www.welovecycling.com\/pl\/#\/schema\/person\/0dba2d39da943db9df3fd8f4687e7f23","name":"piotrboczkowski","image":{"@type":"ImageObject","inLanguage":"pl-PL","@id":"https:\/\/www.welovecycling.com\/pl\/#\/schema\/person\/image\/","url":"https:\/\/secure.gravatar.com\/avatar\/533caccae14752e03a2ce2d3fd62d1b98b93e1393c3195c27819e53344ca1ace?s=96&d=mm&r=g","contentUrl":"https:\/\/secure.gravatar.com\/avatar\/533caccae14752e03a2ce2d3fd62d1b98b93e1393c3195c27819e53344ca1ace?s=96&d=mm&r=g","caption":"piotrboczkowski"},"url":"https:\/\/www.welovecycling.com\/pl\/author\/piotrboczkowski\/"}]}},"_links":{"self":[{"href":"https:\/\/www.welovecycling.com\/pl\/wp-json\/wp\/v2\/posts\/8846","targetHints":{"allow":["GET"]}}],"collection":[{"href":"https:\/\/www.welovecycling.com\/pl\/wp-json\/wp\/v2\/posts"}],"about":[{"href":"https:\/\/www.welovecycling.com\/pl\/wp-json\/wp\/v2\/types\/post"}],"author":[{"embeddable":true,"href":"https:\/\/www.welovecycling.com\/pl\/wp-json\/wp\/v2\/users\/76"}],"replies":[{"embeddable":true,"href":"https:\/\/www.welovecycling.com\/pl\/wp-json\/wp\/v2\/comments?post=8846"}],"version-history":[{"count":1,"href":"https:\/\/www.welovecycling.com\/pl\/wp-json\/wp\/v2\/posts\/8846\/revisions"}],"predecessor-version":[{"id":8847,"href":"https:\/\/www.welovecycling.com\/pl\/wp-json\/wp\/v2\/posts\/8846\/revisions\/8847"}],"wp:featuredmedia":[{"embeddable":true,"href":"https:\/\/www.welovecycling.com\/pl\/wp-json\/wp\/v2\/media\/8817"}],"wp:attachment":[{"href":"https:\/\/www.welovecycling.com\/pl\/wp-json\/wp\/v2\/media?parent=8846"}],"wp:term":[{"taxonomy":"category","embeddable":true,"href":"https:\/\/www.welovecycling.com\/pl\/wp-json\/wp\/v2\/categories?post=8846"},{"taxonomy":"post_tag","embeddable":true,"href":"https:\/\/www.welovecycling.com\/pl\/wp-json\/wp\/v2\/tags?post=8846"},{"taxonomy":"global-categories","embeddable":true,"href":"https:\/\/www.welovecycling.com\/pl\/wp-json\/wp\/v2\/global-categories?post=8846"}],"curies":[{"name":"wp","href":"https:\/\/api.w.org\/{rel}","templated":true}]}}