{"id":8811,"date":"2019-04-18T15:45:16","date_gmt":"2019-04-18T15:45:16","guid":{"rendered":"https:\/\/www.welovecycling.com\/pl\/?p=8811"},"modified":"2019-04-22T23:55:58","modified_gmt":"2019-04-22T23:55:58","slug":"kolarska-mlodziez-forme-do-sezonu-szykuje-w-chorwacji","status":"publish","type":"post","link":"https:\/\/www.welovecycling.com\/pl\/2019\/04\/18\/kolarska-mlodziez-forme-do-sezonu-szykuje-w-chorwacji\/","title":{"rendered":"Kolarska m\u0142odzie\u017c form\u0119 do sezonu szykuje w Chorwacji"},"content":{"rendered":"<p>M\u0142odzi kolarze z klubu kolarskiego KS Deichmann ABUS MAT Sob\u00f3tka, z kt\u00f3rym bezpo\u015brednio wsp\u00f3\u0142pracuj\u0119, swoj\u0105 form\u0119 szlifuj\u0105 na drogach Chorwacji. Zima w naszym wykonaniu by\u0142a bardzo og\u00f3lnorozwojowa. To wa\u017cne, by m\u0142ody organizm rozwija\u0142 si\u0119 wielotorowo. Nasi zawodnicy trenowali sze\u015b\u0107 razy w tygodniu, ale przez wi\u0119kszo\u015b\u0107 zimy tylko dwa dni w tygodniu sp\u0119dzali na rowerach. Jako uczniowie szko\u0142y podstawowej nie mieli mo\u017cliwo\u015bci, by w kr\u00f3tki zimowy dzie\u0144 cz\u0119\u015bciej wychodzi\u0107 na rower. Dlatego nasze przygotowania bazowa\u0142y na grach sportowych, si\u0142owni i zaj\u0119ciach og\u00f3lnorozwojowych na hali sportowej. Podczas ferii zimowych byli\u015bmy na zgrupowaniu w Dziwn\u00f3wku, dobrze znanym miejscu wakacyjnych wypad\u00f3w. Zim\u0105 jest tam jednak spokojnie, co sprzyja treningowi, w tym przypadku g\u0142\u00f3wnie na rowerach g\u00f3rskich.<\/p>\n<figure id=\"attachment_8843\" aria-describedby=\"caption-attachment-8843\" style=\"width: 2089px\" class=\"wp-caption aligncenter\"><a href=\"https:\/\/d2p6e6u75xmxt8.cloudfront.net\/5\/2019\/04\/PSX_20190328_233034.jpg\"><img loading=\"lazy\" decoding=\"async\" class=\"wp-image-8843 size-full\" src=\"https:\/\/d2p6e6u75xmxt8.cloudfront.net\/5\/2019\/04\/PSX_20190328_233034.jpg\" alt=\" klub kolarski KS Deichmann ABUS MAT Sob\u00f3tka. Chorwacja 2019\" width=\"2089\" height=\"1574\" srcset=\"https:\/\/d2p6e6u75xmxt8.cloudfront.net\/5\/2019\/04\/PSX_20190328_233034.jpg 2089w, https:\/\/d2p6e6u75xmxt8.cloudfront.net\/5\/2019\/04\/PSX_20190328_233034-300x226.jpg 300w, https:\/\/d2p6e6u75xmxt8.cloudfront.net\/5\/2019\/04\/PSX_20190328_233034-768x579.jpg 768w, https:\/\/d2p6e6u75xmxt8.cloudfront.net\/5\/2019\/04\/PSX_20190328_233034-1024x772.jpg 1024w, https:\/\/d2p6e6u75xmxt8.cloudfront.net\/5\/2019\/04\/PSX_20190328_233034-1920x1447.jpg 1920w, https:\/\/d2p6e6u75xmxt8.cloudfront.net\/5\/2019\/04\/PSX_20190328_233034-1920x1447.jpg 1920w\" sizes=\"auto, (max-width: 2089px) 100vw, 2089px\" \/><\/a><figcaption id=\"caption-attachment-8843\" class=\"wp-caption-text\">\u00a0<\/figcaption><\/figure>\n<p>Prawdziwego s\u0142o\u0144ca pojechali\u015bmy szuka\u0107 nieco na po\u0142udnie. Spragnieni lepszej pogody po d\u0142ugiej zimie, sp\u0119dzili\u015bmy pod koniec marca 12 dni w chorwackich Vodicach, trenuj\u0105c przy stabilnej pogodzie, du\u017co \u0142adniejszej ni\u017c w zesz\u0142ym roku. Miejsce to by\u0142o po raz kolejny nasz\u0105 baz\u0105 treningow\u0105 o tej porze roku, poniewa\u017c daje mo\u017cliwo\u015bci przeprowadzenia r\u00f3\u017cnorodnych trening\u00f3w i zorganizowania m\u0142odzie\u017cy czasu wolnego. Narodowy Park Krka, pi\u0119kne nadmorskie porty, setki wysp i wysepek to element dodany ka\u017cdego treningu. Dla naszych zawodnik\u00f3w taki wyjazd to nagroda za regularno\u015b\u0107 uczestniczenia w treningach zimowych i wyniki osi\u0105gni\u0119te w poprzednim sezonie.<\/p>\n<p>Pod okiem trenera Piotra Paw\u0142owskiego m\u0142odzi kolarze i kolarki ca\u0142y wyjazd przepracowali bardzo dobrze. Ka\u017cdy dzie\u0144 rozpoczyna\u0142 si\u0119 rozruchem sk\u0142adaj\u0105cym si\u0119 z kr\u00f3tkiego spaceru, gimnastyki, \u0107wicze\u0144 mi\u0119\u015bni g\u0142\u0119bokich i rozci\u0105gania. Nast\u0119pnie \u015bniadanie i trening g\u0142\u00f3wny, na kt\u00f3ry zwykle ruszali\u015bmy o godzinie 11. Po treningu czas wolny, przygotowania do kolejnego treningu oraz oczywi\u015bcie kolacja. Ka\u017cda jednostka treningowa by\u0142a urozmaicona o przer\u00f3\u017cne \u0107wiczenia maj\u0105ce na celu rozwijanie poszczeg\u00f3lnych funkcji motorycznych zawodnik\u00f3w. Ka\u017cdy wykonywa\u0142 te same \u0107wiczenia, gdy\u017c staramy si\u0119 zbyt wcze\u015bnie nie ukierunkowywa\u0107 zawodnik\u00f3w na dan\u0105 specjalizacj\u0119 kolarsk\u0105.<\/p>\n<div id='gallery-1' class='gallery galleryid-8811 gallery-columns-2 gallery-size-large'><figure class='gallery-item'>\n\t\t\t<div class='gallery-icon portrait'>\n\t\t\t\t<a href='https:\/\/d2p6e6u75xmxt8.cloudfront.net\/5\/2019\/04\/309A4200.jpg'><img loading=\"lazy\" decoding=\"async\" width=\"683\" height=\"1024\" src=\"https:\/\/d2p6e6u75xmxt8.cloudfront.net\/5\/2019\/04\/309A4200-683x1024.jpg\" class=\"attachment-large size-large\" alt=\"\" srcset=\"https:\/\/d2p6e6u75xmxt8.cloudfront.net\/5\/2019\/04\/309A4200-683x1024.jpg 683w, https:\/\/d2p6e6u75xmxt8.cloudfront.net\/5\/2019\/04\/309A4200-200x300.jpg 200w, https:\/\/d2p6e6u75xmxt8.cloudfront.net\/5\/2019\/04\/309A4200-768x1152.jpg 768w, https:\/\/d2p6e6u75xmxt8.cloudfront.net\/5\/2019\/04\/309A4200-1280x1920.jpg 1280w, https:\/\/d2p6e6u75xmxt8.cloudfront.net\/5\/2019\/04\/309A4200-1280x1920.jpg 1280w\" sizes=\"auto, (max-width: 683px) 100vw, 683px\" \/><\/a>\n\t\t\t<\/div><\/figure><figure class='gallery-item'>\n\t\t\t<div class='gallery-icon portrait'>\n\t\t\t\t<a href='https:\/\/d2p6e6u75xmxt8.cloudfront.net\/5\/2019\/04\/309A4187.jpg'><img loading=\"lazy\" decoding=\"async\" width=\"683\" height=\"1024\" src=\"https:\/\/d2p6e6u75xmxt8.cloudfront.net\/5\/2019\/04\/309A4187-683x1024.jpg\" class=\"attachment-large size-large\" alt=\"\" srcset=\"https:\/\/d2p6e6u75xmxt8.cloudfront.net\/5\/2019\/04\/309A4187-683x1024.jpg 683w, https:\/\/d2p6e6u75xmxt8.cloudfront.net\/5\/2019\/04\/309A4187-200x300.jpg 200w, https:\/\/d2p6e6u75xmxt8.cloudfront.net\/5\/2019\/04\/309A4187-768x1152.jpg 768w, https:\/\/d2p6e6u75xmxt8.cloudfront.net\/5\/2019\/04\/309A4187-1280x1920.jpg 1280w, https:\/\/d2p6e6u75xmxt8.cloudfront.net\/5\/2019\/04\/309A4187-1280x1920.jpg 1280w\" sizes=\"auto, (max-width: 683px) 100vw, 683px\" \/><\/a>\n\t\t\t<\/div><\/figure>\n\t\t<\/div>\n\n<p>Taki wyjazd ma du\u017co wi\u0119cej wa\u017cnych cech ni\u017c tylko trenowanie w s\u0142o\u0144cu. Dla m\u0142odego cz\u0142owieka przebywanie oko\u0142o 12 dni poza domem i rodzicielskim nadzorem jest wa\u017cnym krokiem ku samodzielno\u015bci \u2013 samemu trzeba zrobi\u0107 pranie, pozmywa\u0107 po \u015bniadaniu, po\u015bcieli\u0107 \u0142\u00f3\u017cko czy umy\u0107 rower. W naszej d\u0142ugiej klubowej historii ju\u017c wielu ch\u0142opc\u00f3w sta\u0142o si\u0119 m\u0119\u017cczyznami w\u0142a\u015bnie dzi\u0119ki szybkiemu usamodzielnieniu. Ja sam jako m\u0142ody zawodnik przechodzi\u0142em przez t\u0119 szko\u0142\u0119 i by\u0142a ona podstaw\u0105 do prawdziwych zagranicznych woja\u017cy. Dzi\u0119ki temu teraz na zgrupowanie czy wy\u015bcig pakuj\u0119 si\u0119 dos\u0142ownie w 15 minut :). Sport sam w sobie to wiele wyjazd\u00f3w na zawody i zgrupowania, w sezonie mamy mn\u00f3stwo wy\u015bcig\u00f3w po\u0142\u0105czonych z noclegiem, a to wszystko uczy m\u0142odzie\u017c zaradno\u015bci. Nie bez znaczenia \u2013 ze sportowego punktu widzenia \u2013 jest r\u00f3wnie\u017c integracja grupy. Tak popularny team spirit wprowadzany jest ju\u017c w m\u0142odzie\u017cowych kategoriach wiekowych. Team to team \u2013 jeden za wszystkich, wszyscy za jednego, a podczas wy\u015bcigu wzajemne zrozumienie poszczeg\u00f3lnych zawodnik\u00f3w, szybkie podejmowanie decyzji oraz wsparcie s\u0105 bardzo wa\u017cne. Kolarstwo jest sportem zespo\u0142owym, cho\u0107 czasem na taki nie wygl\u0105da, ale to w\u0142a\u015bnie w dru\u017cynie jest si\u0142a.<\/p>\n<p>Teraz powoli wchodzimy w sezon, kt\u00f3ry rozpoczynamy w weekend 6\u20137 kwietnia. Szczeg\u00f3lnie wa\u017cny i bliski naszemu sercu jest wy\u015bcig \u015al\u0119\u017ca\u0144ski Mnich, kt\u00f3ry od lat jest uznawany za oficjalne rozpocz\u0119cie sezonu kolarskiego w Polsce. Jest dla nas istotny, gdy\u017c rozgrywany jest w miejscu, z kt\u00f3rego wywodzi si\u0119 klub, tj. w Sob\u00f3tce. Ta ma\u0142a turystyczna podwroc\u0142awska miejscowo\u015b\u0107 w czasie wy\u015bcigu staje si\u0119 kolarsk\u0105 stolic\u0105 Polski. Zak\u0142adamy, \u017ce we wszystkich rozegranych tego dnia wy\u015bcigach wystartuje oko\u0142o 2000 zawodnik\u00f3w licencjonowanych oraz amator\u00f3w, w tym spora grupa w jaskrawo\u017c\u00f3\u0142tych strojach z KS Deichmann Abus MAT Sob\u00f3tka.<\/p>\n<div id='gallery-2' class='gallery galleryid-8811 gallery-columns-2 gallery-size-medium'><figure class='gallery-item'>\n\t\t\t<div class='gallery-icon landscape'>\n\t\t\t\t<a href='https:\/\/d2p6e6u75xmxt8.cloudfront.net\/5\/2019\/04\/PSX_20190328_233034.jpg'><img loading=\"lazy\" decoding=\"async\" width=\"300\" height=\"226\" src=\"https:\/\/d2p6e6u75xmxt8.cloudfront.net\/5\/2019\/04\/PSX_20190328_233034-300x226.jpg\" class=\"attachment-medium size-medium\" alt=\"\" aria-describedby=\"gallery-2-8843\" srcset=\"https:\/\/d2p6e6u75xmxt8.cloudfront.net\/5\/2019\/04\/PSX_20190328_233034-300x226.jpg 300w, https:\/\/d2p6e6u75xmxt8.cloudfront.net\/5\/2019\/04\/PSX_20190328_233034-768x579.jpg 768w, https:\/\/d2p6e6u75xmxt8.cloudfront.net\/5\/2019\/04\/PSX_20190328_233034-1024x772.jpg 1024w, https:\/\/d2p6e6u75xmxt8.cloudfront.net\/5\/2019\/04\/PSX_20190328_233034-1920x1447.jpg 1920w, https:\/\/d2p6e6u75xmxt8.cloudfront.net\/5\/2019\/04\/PSX_20190328_233034-1920x1447.jpg 1920w\" sizes=\"auto, (max-width: 300px) 100vw, 300px\" \/><\/a>\n\t\t\t<\/div>\n\t\t\t\t<figcaption class='wp-caption-text gallery-caption' id='gallery-2-8843'>\n\t\t\t\tDCIM105GOPROGOPR8998.JPG\n\t\t\t\t<\/figcaption><\/figure><figure class='gallery-item'>\n\t\t\t<div class='gallery-icon landscape'>\n\t\t\t\t<a href='https:\/\/d2p6e6u75xmxt8.cloudfront.net\/5\/2019\/04\/PSX_20190328_232819.jpg'><img loading=\"lazy\" decoding=\"async\" width=\"300\" height=\"211\" src=\"https:\/\/d2p6e6u75xmxt8.cloudfront.net\/5\/2019\/04\/PSX_20190328_232819-300x211.jpg\" class=\"attachment-medium size-medium\" alt=\"\" aria-describedby=\"gallery-2-8842\" srcset=\"https:\/\/d2p6e6u75xmxt8.cloudfront.net\/5\/2019\/04\/PSX_20190328_232819-300x211.jpg 300w, https:\/\/d2p6e6u75xmxt8.cloudfront.net\/5\/2019\/04\/PSX_20190328_232819-768x539.jpg 768w, https:\/\/d2p6e6u75xmxt8.cloudfront.net\/5\/2019\/04\/PSX_20190328_232819-1024x719.jpg 1024w, https:\/\/d2p6e6u75xmxt8.cloudfront.net\/5\/2019\/04\/PSX_20190328_232819-1920x1347.jpg 1920w, https:\/\/d2p6e6u75xmxt8.cloudfront.net\/5\/2019\/04\/PSX_20190328_232819-1920x1347.jpg 1920w\" sizes=\"auto, (max-width: 300px) 100vw, 300px\" \/><\/a>\n\t\t\t<\/div>\n\t\t\t\t<figcaption class='wp-caption-text gallery-caption' id='gallery-2-8842'>\n\t\t\t\tDCIM105GOPROG0449044.JPG\n\t\t\t\t<\/figcaption><\/figure><figure class='gallery-item'>\n\t\t\t<div class='gallery-icon landscape'>\n\t\t\t\t<a href='https:\/\/d2p6e6u75xmxt8.cloudfront.net\/5\/2019\/04\/PSX_20190328_232605.jpg'><img loading=\"lazy\" decoding=\"async\" width=\"300\" height=\"222\" src=\"https:\/\/d2p6e6u75xmxt8.cloudfront.net\/5\/2019\/04\/PSX_20190328_232605-300x222.jpg\" class=\"attachment-medium size-medium\" alt=\"\" aria-describedby=\"gallery-2-8841\" srcset=\"https:\/\/d2p6e6u75xmxt8.cloudfront.net\/5\/2019\/04\/PSX_20190328_232605-300x222.jpg 300w, https:\/\/d2p6e6u75xmxt8.cloudfront.net\/5\/2019\/04\/PSX_20190328_232605-768x568.jpg 768w, https:\/\/d2p6e6u75xmxt8.cloudfront.net\/5\/2019\/04\/PSX_20190328_232605-1024x757.jpg 1024w, https:\/\/d2p6e6u75xmxt8.cloudfront.net\/5\/2019\/04\/PSX_20190328_232605-1920x1419.jpg 1920w, https:\/\/d2p6e6u75xmxt8.cloudfront.net\/5\/2019\/04\/PSX_20190328_232605.jpg 1931w, https:\/\/d2p6e6u75xmxt8.cloudfront.net\/5\/2019\/04\/PSX_20190328_232605-1920x1419.jpg 1920w\" sizes=\"auto, (max-width: 300px) 100vw, 300px\" \/><\/a>\n\t\t\t<\/div>\n\t\t\t\t<figcaption class='wp-caption-text gallery-caption' id='gallery-2-8841'>\n\t\t\t\tDCIM105GOPROG0469090.JPG\n\t\t\t\t<\/figcaption><\/figure><figure class='gallery-item'>\n\t\t\t<div class='gallery-icon landscape'>\n\t\t\t\t<a href='https:\/\/d2p6e6u75xmxt8.cloudfront.net\/5\/2019\/04\/PSX_20190325_163053.jpg'><img loading=\"lazy\" decoding=\"async\" width=\"300\" height=\"225\" src=\"https:\/\/d2p6e6u75xmxt8.cloudfront.net\/5\/2019\/04\/PSX_20190325_163053-300x225.jpg\" class=\"attachment-medium size-medium\" alt=\"\" aria-describedby=\"gallery-2-8840\" srcset=\"https:\/\/d2p6e6u75xmxt8.cloudfront.net\/5\/2019\/04\/PSX_20190325_163053-300x225.jpg 300w, https:\/\/d2p6e6u75xmxt8.cloudfront.net\/5\/2019\/04\/PSX_20190325_163053-768x576.jpg 768w, https:\/\/d2p6e6u75xmxt8.cloudfront.net\/5\/2019\/04\/PSX_20190325_163053-1024x768.jpg 1024w, https:\/\/d2p6e6u75xmxt8.cloudfront.net\/5\/2019\/04\/PSX_20190325_163053-1920x1440.jpg 1920w, https:\/\/d2p6e6u75xmxt8.cloudfront.net\/5\/2019\/04\/PSX_20190325_163053-1920x1440.jpg 1920w\" sizes=\"auto, (max-width: 300px) 100vw, 300px\" \/><\/a>\n\t\t\t<\/div>\n\t\t\t\t<figcaption class='wp-caption-text gallery-caption' id='gallery-2-8840'>\n\t\t\t\tDCIM105GOPROGOPR8905.JPG\n\t\t\t\t<\/figcaption><\/figure><figure class='gallery-item'>\n\t\t\t<div class='gallery-icon landscape'>\n\t\t\t\t<a href='https:\/\/d2p6e6u75xmxt8.cloudfront.net\/5\/2019\/04\/PSX_20190325_162826.jpg'><img loading=\"lazy\" decoding=\"async\" width=\"300\" height=\"225\" src=\"https:\/\/d2p6e6u75xmxt8.cloudfront.net\/5\/2019\/04\/PSX_20190325_162826-300x225.jpg\" class=\"attachment-medium size-medium\" alt=\"\" aria-describedby=\"gallery-2-8839\" srcset=\"https:\/\/d2p6e6u75xmxt8.cloudfront.net\/5\/2019\/04\/PSX_20190325_162826-300x225.jpg 300w, https:\/\/d2p6e6u75xmxt8.cloudfront.net\/5\/2019\/04\/PSX_20190325_162826-768x576.jpg 768w, https:\/\/d2p6e6u75xmxt8.cloudfront.net\/5\/2019\/04\/PSX_20190325_162826-1024x768.jpg 1024w, https:\/\/d2p6e6u75xmxt8.cloudfront.net\/5\/2019\/04\/PSX_20190325_162826-1920x1440.jpg 1920w, https:\/\/d2p6e6u75xmxt8.cloudfront.net\/5\/2019\/04\/PSX_20190325_162826-1920x1440.jpg 1920w\" sizes=\"auto, (max-width: 300px) 100vw, 300px\" \/><\/a>\n\t\t\t<\/div>\n\t\t\t\t<figcaption class='wp-caption-text gallery-caption' id='gallery-2-8839'>\n\t\t\t\tDCIM105GOPROGOPR8909.JPG\n\t\t\t\t<\/figcaption><\/figure><figure class='gallery-item'>\n\t\t\t<div class='gallery-icon landscape'>\n\t\t\t\t<a href='https:\/\/d2p6e6u75xmxt8.cloudfront.net\/5\/2019\/04\/PSX_20190325_162550-1.jpg'><img loading=\"lazy\" decoding=\"async\" width=\"300\" height=\"225\" src=\"https:\/\/d2p6e6u75xmxt8.cloudfront.net\/5\/2019\/04\/PSX_20190325_162550-1-300x225.jpg\" class=\"attachment-medium size-medium\" alt=\"\" aria-describedby=\"gallery-2-8838\" srcset=\"https:\/\/d2p6e6u75xmxt8.cloudfront.net\/5\/2019\/04\/PSX_20190325_162550-1-300x225.jpg 300w, https:\/\/d2p6e6u75xmxt8.cloudfront.net\/5\/2019\/04\/PSX_20190325_162550-1-768x576.jpg 768w, https:\/\/d2p6e6u75xmxt8.cloudfront.net\/5\/2019\/04\/PSX_20190325_162550-1-1024x768.jpg 1024w, https:\/\/d2p6e6u75xmxt8.cloudfront.net\/5\/2019\/04\/PSX_20190325_162550-1-1920x1440.jpg 1920w, https:\/\/d2p6e6u75xmxt8.cloudfront.net\/5\/2019\/04\/PSX_20190325_162550-1-1920x1440.jpg 1920w\" sizes=\"auto, (max-width: 300px) 100vw, 300px\" \/><\/a>\n\t\t\t<\/div>\n\t\t\t\t<figcaption class='wp-caption-text gallery-caption' id='gallery-2-8838'>\n\t\t\t\tDCIM105GOPROGOPR8902.JPG\n\t\t\t\t<\/figcaption><\/figure><figure class='gallery-item'>\n\t\t\t<div class='gallery-icon landscape'>\n\t\t\t\t<a href='https:\/\/d2p6e6u75xmxt8.cloudfront.net\/5\/2019\/04\/PSX_20190325_161218.jpg'><img loading=\"lazy\" decoding=\"async\" width=\"300\" height=\"199\" src=\"https:\/\/d2p6e6u75xmxt8.cloudfront.net\/5\/2019\/04\/PSX_20190325_161218-300x199.jpg\" class=\"attachment-medium size-medium\" alt=\"\" aria-describedby=\"gallery-2-8837\" srcset=\"https:\/\/d2p6e6u75xmxt8.cloudfront.net\/5\/2019\/04\/PSX_20190325_161218-300x199.jpg 300w, https:\/\/d2p6e6u75xmxt8.cloudfront.net\/5\/2019\/04\/PSX_20190325_161218-768x510.jpg 768w, https:\/\/d2p6e6u75xmxt8.cloudfront.net\/5\/2019\/04\/PSX_20190325_161218-1024x679.jpg 1024w, https:\/\/d2p6e6u75xmxt8.cloudfront.net\/5\/2019\/04\/PSX_20190325_161218-1920x1274.jpg 1920w, https:\/\/d2p6e6u75xmxt8.cloudfront.net\/5\/2019\/04\/PSX_20190325_161218-1920x1274.jpg 1920w\" sizes=\"auto, (max-width: 300px) 100vw, 300px\" \/><\/a>\n\t\t\t<\/div>\n\t\t\t\t<figcaption class='wp-caption-text gallery-caption' id='gallery-2-8837'>\n\t\t\t\tDCIM105GOPROGOPR8778.JPG\n\t\t\t\t<\/figcaption><\/figure>\n\t\t<\/div>\n\n","protected":false},"excerpt":{"rendered":"<p>M\u0142odzi kolarze z klubu kolarskiego KS Deichmann ABUS MAT Sob\u00f3tka, z kt\u00f3rym bezpo\u015brednio wsp\u00f3\u0142pracuj\u0119, swoj\u0105 form\u0119 szlifuj\u0105 na drogach Chorwacji. [&hellip;]<\/p>\n","protected":false},"author":76,"featured_media":8841,"comment_status":"open","ping_status":"open","sticky":false,"template":"","format":"standard","meta":{"footnotes":""},"categories":[203],"tags":[],"global-categories":[],"class_list":["post-8811","post","type-post","status-publish","format-standard","has-post-thumbnail","hentry","category-bartosz-huzarski"],"yoast_head":"<!-- This site is optimized with the Yoast SEO Premium plugin v25.3 (Yoast SEO v25.9) - https:\/\/yoast.com\/wordpress\/plugins\/seo\/ -->\n<title>Kolarska m\u0142odzie\u017c form\u0119 do sezonu szykuje w Chorwacji - \u0160koda We Love Cycling - Poland<\/title>\n<meta name=\"robots\" content=\"index, follow, max-snippet:-1, max-image-preview:large, max-video-preview:-1\" \/>\n<link rel=\"canonical\" href=\"https:\/\/www.welovecycling.com\/pl\/2019\/04\/18\/kolarska-mlodziez-forme-do-sezonu-szykuje-w-chorwacji\/\" \/>\n<meta property=\"og:locale\" content=\"pl_PL\" \/>\n<meta property=\"og:type\" content=\"article\" \/>\n<meta property=\"og:title\" content=\"Kolarska m\u0142odzie\u017c form\u0119 do sezonu szykuje w Chorwacji\" \/>\n<meta property=\"og:description\" content=\"M\u0142odzi kolarze z klubu kolarskiego KS Deichmann ABUS MAT Sob\u00f3tka, z kt\u00f3rym bezpo\u015brednio wsp\u00f3\u0142pracuj\u0119, swoj\u0105 form\u0119 szlifuj\u0105 na drogach Chorwacji. [&hellip;]\" \/>\n<meta property=\"og:url\" content=\"https:\/\/www.welovecycling.com\/pl\/2019\/04\/18\/kolarska-mlodziez-forme-do-sezonu-szykuje-w-chorwacji\/\" \/>\n<meta property=\"og:site_name\" content=\"\u0160koda We Love Cycling - Poland\" \/>\n<meta property=\"article:published_time\" content=\"2019-04-18T15:45:16+00:00\" \/>\n<meta property=\"article:modified_time\" content=\"2019-04-22T23:55:58+00:00\" \/>\n<meta property=\"og:image\" content=\"https:\/\/d2p6e6u75xmxt8.cloudfront.net\/5\/2019\/04\/PSX_20190328_232605.jpg\" \/>\n\t<meta property=\"og:image:width\" content=\"1931\" \/>\n\t<meta property=\"og:image:height\" content=\"1427\" \/>\n\t<meta property=\"og:image:type\" content=\"image\/jpeg\" \/>\n<meta name=\"author\" content=\"piotrboczkowski\" \/>\n<meta name=\"twitter:card\" content=\"summary_large_image\" \/>\n<meta name=\"twitter:label1\" content=\"Written by\" \/>\n\t<meta name=\"twitter:data1\" content=\"Bartosz Huzarski\" \/>\n\t<meta name=\"twitter:label2\" content=\"Est. reading time\" \/>\n\t<meta name=\"twitter:data2\" content=\"3\" \/>\n<script type=\"application\/ld+json\" class=\"yoast-schema-graph\">{\"@context\":\"https:\/\/schema.org\",\"@graph\":[{\"@type\":\"WebPage\",\"@id\":\"https:\/\/www.welovecycling.com\/pl\/2019\/04\/18\/kolarska-mlodziez-forme-do-sezonu-szykuje-w-chorwacji\/\",\"url\":\"https:\/\/www.welovecycling.com\/pl\/2019\/04\/18\/kolarska-mlodziez-forme-do-sezonu-szykuje-w-chorwacji\/\",\"name\":\"Kolarska m\u0142odzie\u017c form\u0119 do sezonu szykuje w Chorwacji - \u0160koda We Love Cycling - Poland\",\"isPartOf\":{\"@id\":\"https:\/\/www.welovecycling.com\/pl\/#website\"},\"primaryImageOfPage\":{\"@id\":\"https:\/\/www.welovecycling.com\/pl\/2019\/04\/18\/kolarska-mlodziez-forme-do-sezonu-szykuje-w-chorwacji\/#primaryimage\"},\"image\":{\"@id\":\"https:\/\/www.welovecycling.com\/pl\/2019\/04\/18\/kolarska-mlodziez-forme-do-sezonu-szykuje-w-chorwacji\/#primaryimage\"},\"thumbnailUrl\":\"https:\/\/d2p6e6u75xmxt8.cloudfront.net\/5\/2019\/04\/PSX_20190328_232605.jpg\",\"datePublished\":\"2019-04-18T15:45:16+00:00\",\"dateModified\":\"2019-04-22T23:55:58+00:00\",\"author\":{\"@id\":\"https:\/\/www.welovecycling.com\/pl\/#\/schema\/person\/0dba2d39da943db9df3fd8f4687e7f23\"},\"breadcrumb\":{\"@id\":\"https:\/\/www.welovecycling.com\/pl\/2019\/04\/18\/kolarska-mlodziez-forme-do-sezonu-szykuje-w-chorwacji\/#breadcrumb\"},\"inLanguage\":\"pl-PL\",\"potentialAction\":[{\"@type\":\"ReadAction\",\"target\":[\"https:\/\/www.welovecycling.com\/pl\/2019\/04\/18\/kolarska-mlodziez-forme-do-sezonu-szykuje-w-chorwacji\/\"]}]},{\"@type\":\"ImageObject\",\"inLanguage\":\"pl-PL\",\"@id\":\"https:\/\/www.welovecycling.com\/pl\/2019\/04\/18\/kolarska-mlodziez-forme-do-sezonu-szykuje-w-chorwacji\/#primaryimage\",\"url\":\"https:\/\/d2p6e6u75xmxt8.cloudfront.net\/5\/2019\/04\/PSX_20190328_232605.jpg\",\"contentUrl\":\"https:\/\/d2p6e6u75xmxt8.cloudfront.net\/5\/2019\/04\/PSX_20190328_232605.jpg\",\"width\":1931,\"height\":1427,\"caption\":\"DCIM105GOPROG0469090.JPG\"},{\"@type\":\"BreadcrumbList\",\"@id\":\"https:\/\/www.welovecycling.com\/pl\/2019\/04\/18\/kolarska-mlodziez-forme-do-sezonu-szykuje-w-chorwacji\/#breadcrumb\",\"itemListElement\":[{\"@type\":\"ListItem\",\"position\":1,\"name\":\"Home\",\"item\":\"https:\/\/www.welovecycling.com\/pl\/\"},{\"@type\":\"ListItem\",\"position\":2,\"name\":\"Kolarska m\u0142odzie\u017c form\u0119 do sezonu szykuje w Chorwacji\"}]},{\"@type\":\"WebSite\",\"@id\":\"https:\/\/www.welovecycling.com\/pl\/#website\",\"url\":\"https:\/\/www.welovecycling.com\/pl\/\",\"name\":\"\u0160koda We Love Cycling - Poland\",\"description\":\"\",\"potentialAction\":[{\"@type\":\"SearchAction\",\"target\":{\"@type\":\"EntryPoint\",\"urlTemplate\":\"https:\/\/www.welovecycling.com\/pl\/?s={search_term_string}\"},\"query-input\":{\"@type\":\"PropertyValueSpecification\",\"valueRequired\":true,\"valueName\":\"search_term_string\"}}],\"inLanguage\":\"pl-PL\"},{\"@type\":\"Person\",\"@id\":\"https:\/\/www.welovecycling.com\/pl\/#\/schema\/person\/0dba2d39da943db9df3fd8f4687e7f23\",\"name\":\"piotrboczkowski\",\"image\":{\"@type\":\"ImageObject\",\"inLanguage\":\"pl-PL\",\"@id\":\"https:\/\/www.welovecycling.com\/pl\/#\/schema\/person\/image\/\",\"url\":\"https:\/\/secure.gravatar.com\/avatar\/533caccae14752e03a2ce2d3fd62d1b98b93e1393c3195c27819e53344ca1ace?s=96&d=mm&r=g\",\"contentUrl\":\"https:\/\/secure.gravatar.com\/avatar\/533caccae14752e03a2ce2d3fd62d1b98b93e1393c3195c27819e53344ca1ace?s=96&d=mm&r=g\",\"caption\":\"piotrboczkowski\"},\"url\":\"https:\/\/www.welovecycling.com\/pl\/author\/piotrboczkowski\/\"}]}<\/script>\n<!-- \/ Yoast SEO Premium plugin. -->","yoast_head_json":{"title":"Kolarska m\u0142odzie\u017c form\u0119 do sezonu szykuje w Chorwacji - \u0160koda We Love Cycling - Poland","robots":{"index":"index","follow":"follow","max-snippet":"max-snippet:-1","max-image-preview":"max-image-preview:large","max-video-preview":"max-video-preview:-1"},"canonical":"https:\/\/www.welovecycling.com\/pl\/2019\/04\/18\/kolarska-mlodziez-forme-do-sezonu-szykuje-w-chorwacji\/","og_locale":"pl_PL","og_type":"article","og_title":"Kolarska m\u0142odzie\u017c form\u0119 do sezonu szykuje w Chorwacji","og_description":"M\u0142odzi kolarze z klubu kolarskiego KS Deichmann ABUS MAT Sob\u00f3tka, z kt\u00f3rym bezpo\u015brednio wsp\u00f3\u0142pracuj\u0119, swoj\u0105 form\u0119 szlifuj\u0105 na drogach Chorwacji. [&hellip;]","og_url":"https:\/\/www.welovecycling.com\/pl\/2019\/04\/18\/kolarska-mlodziez-forme-do-sezonu-szykuje-w-chorwacji\/","og_site_name":"\u0160koda We Love Cycling - Poland","article_published_time":"2019-04-18T15:45:16+00:00","article_modified_time":"2019-04-22T23:55:58+00:00","og_image":[{"width":1931,"height":1427,"url":"https:\/\/d2p6e6u75xmxt8.cloudfront.net\/5\/2019\/04\/PSX_20190328_232605.jpg","type":"image\/jpeg"}],"author":"piotrboczkowski","twitter_card":"summary_large_image","twitter_misc":{"Written by":"Bartosz Huzarski","Est. reading time":"3"},"schema":{"@context":"https:\/\/schema.org","@graph":[{"@type":"WebPage","@id":"https:\/\/www.welovecycling.com\/pl\/2019\/04\/18\/kolarska-mlodziez-forme-do-sezonu-szykuje-w-chorwacji\/","url":"https:\/\/www.welovecycling.com\/pl\/2019\/04\/18\/kolarska-mlodziez-forme-do-sezonu-szykuje-w-chorwacji\/","name":"Kolarska m\u0142odzie\u017c form\u0119 do sezonu szykuje w Chorwacji - \u0160koda We Love Cycling - Poland","isPartOf":{"@id":"https:\/\/www.welovecycling.com\/pl\/#website"},"primaryImageOfPage":{"@id":"https:\/\/www.welovecycling.com\/pl\/2019\/04\/18\/kolarska-mlodziez-forme-do-sezonu-szykuje-w-chorwacji\/#primaryimage"},"image":{"@id":"https:\/\/www.welovecycling.com\/pl\/2019\/04\/18\/kolarska-mlodziez-forme-do-sezonu-szykuje-w-chorwacji\/#primaryimage"},"thumbnailUrl":"https:\/\/d2p6e6u75xmxt8.cloudfront.net\/5\/2019\/04\/PSX_20190328_232605.jpg","datePublished":"2019-04-18T15:45:16+00:00","dateModified":"2019-04-22T23:55:58+00:00","author":{"@id":"https:\/\/www.welovecycling.com\/pl\/#\/schema\/person\/0dba2d39da943db9df3fd8f4687e7f23"},"breadcrumb":{"@id":"https:\/\/www.welovecycling.com\/pl\/2019\/04\/18\/kolarska-mlodziez-forme-do-sezonu-szykuje-w-chorwacji\/#breadcrumb"},"inLanguage":"pl-PL","potentialAction":[{"@type":"ReadAction","target":["https:\/\/www.welovecycling.com\/pl\/2019\/04\/18\/kolarska-mlodziez-forme-do-sezonu-szykuje-w-chorwacji\/"]}]},{"@type":"ImageObject","inLanguage":"pl-PL","@id":"https:\/\/www.welovecycling.com\/pl\/2019\/04\/18\/kolarska-mlodziez-forme-do-sezonu-szykuje-w-chorwacji\/#primaryimage","url":"https:\/\/d2p6e6u75xmxt8.cloudfront.net\/5\/2019\/04\/PSX_20190328_232605.jpg","contentUrl":"https:\/\/d2p6e6u75xmxt8.cloudfront.net\/5\/2019\/04\/PSX_20190328_232605.jpg","width":1931,"height":1427,"caption":"DCIM105GOPROG0469090.JPG"},{"@type":"BreadcrumbList","@id":"https:\/\/www.welovecycling.com\/pl\/2019\/04\/18\/kolarska-mlodziez-forme-do-sezonu-szykuje-w-chorwacji\/#breadcrumb","itemListElement":[{"@type":"ListItem","position":1,"name":"Home","item":"https:\/\/www.welovecycling.com\/pl\/"},{"@type":"ListItem","position":2,"name":"Kolarska m\u0142odzie\u017c form\u0119 do sezonu szykuje w Chorwacji"}]},{"@type":"WebSite","@id":"https:\/\/www.welovecycling.com\/pl\/#website","url":"https:\/\/www.welovecycling.com\/pl\/","name":"\u0160koda We Love Cycling - Poland","description":"","potentialAction":[{"@type":"SearchAction","target":{"@type":"EntryPoint","urlTemplate":"https:\/\/www.welovecycling.com\/pl\/?s={search_term_string}"},"query-input":{"@type":"PropertyValueSpecification","valueRequired":true,"valueName":"search_term_string"}}],"inLanguage":"pl-PL"},{"@type":"Person","@id":"https:\/\/www.welovecycling.com\/pl\/#\/schema\/person\/0dba2d39da943db9df3fd8f4687e7f23","name":"piotrboczkowski","image":{"@type":"ImageObject","inLanguage":"pl-PL","@id":"https:\/\/www.welovecycling.com\/pl\/#\/schema\/person\/image\/","url":"https:\/\/secure.gravatar.com\/avatar\/533caccae14752e03a2ce2d3fd62d1b98b93e1393c3195c27819e53344ca1ace?s=96&d=mm&r=g","contentUrl":"https:\/\/secure.gravatar.com\/avatar\/533caccae14752e03a2ce2d3fd62d1b98b93e1393c3195c27819e53344ca1ace?s=96&d=mm&r=g","caption":"piotrboczkowski"},"url":"https:\/\/www.welovecycling.com\/pl\/author\/piotrboczkowski\/"}]}},"_links":{"self":[{"href":"https:\/\/www.welovecycling.com\/pl\/wp-json\/wp\/v2\/posts\/8811","targetHints":{"allow":["GET"]}}],"collection":[{"href":"https:\/\/www.welovecycling.com\/pl\/wp-json\/wp\/v2\/posts"}],"about":[{"href":"https:\/\/www.welovecycling.com\/pl\/wp-json\/wp\/v2\/types\/post"}],"author":[{"embeddable":true,"href":"https:\/\/www.welovecycling.com\/pl\/wp-json\/wp\/v2\/users\/76"}],"replies":[{"embeddable":true,"href":"https:\/\/www.welovecycling.com\/pl\/wp-json\/wp\/v2\/comments?post=8811"}],"version-history":[{"count":2,"href":"https:\/\/www.welovecycling.com\/pl\/wp-json\/wp\/v2\/posts\/8811\/revisions"}],"predecessor-version":[{"id":8845,"href":"https:\/\/www.welovecycling.com\/pl\/wp-json\/wp\/v2\/posts\/8811\/revisions\/8845"}],"wp:featuredmedia":[{"embeddable":true,"href":"https:\/\/www.welovecycling.com\/pl\/wp-json\/wp\/v2\/media\/8841"}],"wp:attachment":[{"href":"https:\/\/www.welovecycling.com\/pl\/wp-json\/wp\/v2\/media?parent=8811"}],"wp:term":[{"taxonomy":"category","embeddable":true,"href":"https:\/\/www.welovecycling.com\/pl\/wp-json\/wp\/v2\/categories?post=8811"},{"taxonomy":"post_tag","embeddable":true,"href":"https:\/\/www.welovecycling.com\/pl\/wp-json\/wp\/v2\/tags?post=8811"},{"taxonomy":"global-categories","embeddable":true,"href":"https:\/\/www.welovecycling.com\/pl\/wp-json\/wp\/v2\/global-categories?post=8811"}],"curies":[{"name":"wp","href":"https:\/\/api.w.org\/{rel}","templated":true}]}}