{"id":8798,"date":"2019-04-15T17:11:15","date_gmt":"2019-04-15T17:11:15","guid":{"rendered":"https:\/\/www.welovecycling.com\/pl\/?p=8798"},"modified":"2019-04-16T01:19:46","modified_gmt":"2019-04-16T01:19:46","slug":"eurovelo-4-swietny-pomysl-na-rowerowy-weekend-lub-kilkumiesieczny-wypad","status":"publish","type":"post","link":"https:\/\/www.welovecycling.com\/pl\/2019\/04\/15\/eurovelo-4-swietny-pomysl-na-rowerowy-weekend-lub-kilkumiesieczny-wypad\/","title":{"rendered":"Eurovelo 4: \u015awietny pomys\u0142 na rowerowy weekend lub\u2026 kilkumiesi\u0119czny wypad"},"content":{"rendered":"<p><strong>\u201eTa trasa jest tak zr\u00f3\u017cnicowana, \u017ce nie b\u0119dziesz m\u00f3g\u0142 si\u0119 zdecydowa\u0107, gdzie j\u0105 zacz\u0105\u0107\u201d \u2013 pisz\u0105 tw\u00f3rcy Eurovelo 4. My rozwiewamy te dylematy &#8211; sercem wyprawy mianujemy Krak\u00f3w, wytyczamy dwa kierunki podr\u00f3\u017cowania i w ten spos\u00f3b otrzymujecie gotowy przepis na udany d\u0142ugi majowy weekend rowerowy. Jedziemy?!<\/strong><\/p>\n<p>Jeszcze kilka lat temu rowerzysta w Krakowie by\u0142 wrogiem. \u015acie\u017cek rowerowych by\u0142o jak na lekarstwo, wi\u0119c musia\u0142 przepycha\u0107 si\u0119 mi\u0119dzy samochodami, nara\u017caj\u0105c si\u0119 na szczucie klaksonami i wygra\u017canie pi\u0119\u015bciami.<\/p>\n<p>Dzi\u015b dalej istniej\u0105 miejsca, w kt\u00f3rych \u015bcie\u017cka dla rowerzyst\u00f3w jest marzeniem, ale wiele pod wzgl\u0119dem infrastruktury jednak si\u0119 zmieni\u0142o. W mie\u015bcie jest blisko 250 km \u015bcie\u017cek rowerowych. Znajduj\u0119 si\u0119 w \u015bcis\u0142ym centrum, w okolicach Wawelu, wzd\u0142u\u017c Wis\u0142y. Mo\u017cna nimi je\u017adzi\u0107 po Nowej Hucie, Kazimierzu, ale tak\u017ce wyjecha\u0107 poza miasto.<\/p>\n<lite-youtube videoid=_LTBORuv7IU params=\"enablejsapi=1\" style=\"background-image: url('https:\/\/i.ytimg.com\/vi_webp\/_LTBORuv7IU\/maxresdefault.webp');\"><\/lite-youtube>\n<p><strong>Piwo u duchownych<\/strong><\/p>\n<p>Jedna z najciekawszych i najcz\u0119\u015bciej ucz\u0119szczanych przez krakowian tras wiedzie z samego centrum do Opactwa w Ty\u0144cu. Biegnie wzd\u0142u\u017c Wis\u0142y i ko\u0144czy si\u0119 w siedzibie Ojc\u00f3w Benedyktyn\u00f3w, gdzie trudy przejazdu mo\u017cna wynagrodzi\u0107 sobie s\u0142odko\u015bci\u0105, a nawet\u2026 piwem warzonym przez duchownych.<\/p>\n<p>Pod Krakowem znajduje si\u0119 r\u00f3wnie\u017c Puszcza Niepo\u0142omicka. Dociera si\u0119 do niej jedno\u015bladem, ale mo\u017cna te\u017c wsi\u0105\u015b\u0107 z rowerem do poci\u0105gu, kt\u00f3ry zatrzymuje si\u0119 w samym sercu zielonego rezerwatu. Tam przy odrobinie szcz\u0119\u015bcia zobaczymy \u017cubry, zbierzemy kosz grzyb\u00f3w lub po prostu urz\u0105dzimy piknik w jednym ze specjalnie przygotowanych do tego miejsc.<\/p>\n<p>W poszukiwaniu atrakcji rowerzy\u015bci jednak wcale nie musz\u0105 rusza\u0107 si\u0119 z miasta. \u201eKrak\u00f3w, jako by\u0142a stolica Polski, ma bardzo bogate dziedzictwo kulturowe i historyczne. To dom dla sze\u015bciu tysi\u0119cy zabytk\u00f3w i ponad dw\u00f3ch milion\u00f3w dzie\u0142 sztuki\u201d \u2013 pisz\u0105 tw\u00f3rcy Eurovelo 4.<\/p>\n<p>Od pewnego czasu miasto \u0142atwiej zwiedza si\u0119 rowerem, poniewa\u017c zainwestowano w miejsk\u0105 wypo\u017cyczalni\u0119, kt\u00f3ra liczy ju\u017c 170 stacji. Nale\u017cy jednak pami\u0119ta\u0107, \u017ce Krak\u00f3w nie jest jeszcze rajem dla rowerzyst\u00f3w, wi\u0119c w niekt\u00f3rych miejscach b\u0119dziemy zmuszeni jecha\u0107 chodnikiem lub mi\u0119dzy samochodami.<\/p>\n<p><strong>Tajemniczce sanktuarium na wyspie<\/strong><\/p>\n<p>Polski odcinek trasy Eurovelo 4 to oczywi\u015bcie nie tylko Krak\u00f3w, ale te\u017c trasy na wsch\u00f3d i zach\u00f3d od Wawelu, ko\u0144cz\u0105ce si\u0119 a\u017c na skraju Europy. Jad\u0105c na zach\u00f3d mo\u017cna za jednym zamachem rozwi\u0105za\u0107 odwieczny dylemat: \u201eco pi\u0119kniejsze \u2013 Krak\u00f3w czy Praga?\u201d. Trasa wiedzie w\u0142a\u015bnie do stolicy Czech, przeje\u017cd\u017caj\u0105c przez \u015al\u0105sk, a tak\u017ce zahaczaj\u0105c o Brno.<\/p>\n<p><a href=\"https:\/\/d2p6e6u75xmxt8.cloudfront.net\/5\/2019\/04\/2521076_1200x260.jpg\"><img loading=\"lazy\" decoding=\"async\" class=\"aligncenter size-full wp-image-8801\" src=\"https:\/\/d2p6e6u75xmxt8.cloudfront.net\/5\/2019\/04\/2521076_1200x260.jpg\" alt=\"\" width=\"1024\" height=\"260\" srcset=\"https:\/\/d2p6e6u75xmxt8.cloudfront.net\/5\/2019\/04\/2521076_1200x260.jpg 1024w, https:\/\/d2p6e6u75xmxt8.cloudfront.net\/5\/2019\/04\/2521076_1200x260-300x76.jpg 300w, https:\/\/d2p6e6u75xmxt8.cloudfront.net\/5\/2019\/04\/2521076_1200x260-768x195.jpg 768w\" sizes=\"auto, (max-width: 1024px) 100vw, 1024px\" \/><\/a><\/p>\n<p>Nast\u0119pnie Eurovelo 4 prowadzi przez Niemcy, gdzie szczeg\u00f3lnie polecanym miejscem na wytchnienia od jazdy jest zamek Johannisburg w Aschaffenburgu oraz Park Archeologiczny w Xanten, kt\u00f3ry w niesamowity spos\u00f3b oddaje architektur\u0119 i kultur\u0119 roma\u0144sk\u0105. Nast\u0119pnie kierujemy si\u0119 do Holandii, gdzie warto zatrzyma\u0107 si\u0119 w Bredzie, oraz do Belgii, gdzie urzec ma nas Brugia.<\/p>\n<p>Na zachodzie trasa ko\u0144czy si\u0119 we Francji. Baz\u0119 wypadow\u0105 warto za\u0142o\u017cy\u0107 w okolicach Mont Saint-Michel, skalistej wyspy p\u0142ywowej na kanale La Manche. Znajduje si\u0119 tam sanktuarium Micha\u0142a Archanio\u0142a, zwane r\u00f3wnie\u017c \u201eCudem Zachodu\u201d, kt\u00f3re dost\u0119pne jest tylko w czasie odp\u0142yw\u00f3w.<\/p>\n<p><strong>Najpi\u0119kniejsza polska trasa<\/strong><\/p>\n<p>Z kolei jad\u0105c Eurovelo 4 na wsch\u00f3d od Krakowa mo\u017cna dotrze\u0107 a\u017c do Kijowa, z przystankiem we Lwowie. I powinien by\u0107 to przystanek kilkudniowy, je\u015bli chcemy dobrze poczu\u0107 klimat tego miasta. Zanim jednak dojedziemy do granicy polsko-ukrai\u0144skiej, warto troch\u0119 czasu sp\u0119dzi\u0107 na Roztoczu. To tak\u017ce kapitalne miejsce na weekend majowy, bo w okolicach Zwierzy\u0144ca jest wiele pi\u0119knych tras, a dla urozmaicenia wyprawy mo\u017cna skusi\u0107 si\u0119 r\u00f3wnie\u017c na sp\u0142yw kajakiem.<\/p>\n<p>W\u0142a\u015bnie Roztocze, jako najciekawsze w ca\u0142ej Polsce miejsce na wypraw\u0119 rowerow\u0105, wskaza\u0142a w rozmowie z WeLoveCycling Jolanta \u015aledzi\u0144ska, sekretarz zarz\u0105du g\u0142\u00f3wnego PTTK ds. promocji i przede wszystkim zapalona rowerzystka.<\/p>\n<p>\u2013 Kilka lat temu pojecha\u0142am sprawdzi\u0107, jak wygl\u0105da Szlak Green Velo, i pozna\u0142am gmin\u0119 J\u00f3zef\u00f3w. Mieszkaj\u0105 tam ludzie pozytywnie zakr\u0119ceni pod k\u0105tem rower\u00f3w i w\u0142a\u015bnie z nimi wybra\u0142abym si\u0119, by pokazali mi najciekawsze miejsca w okolicy. Mo\u017cna pojecha\u0107 przez Roztocza\u0144ski Park Narodowy, odwiedzi\u0107 koniki polskie, zobaczy\u0107, jak wygl\u0105da dawna le\u015bnicz\u00f3wka, napi\u0107 si\u0119 wody z prawdziwej studni \u2013 m\u00f3wi\u0142a w wywiadzie, kt\u00f3ry mo\u017cecie przeczyta\u0107 tutaj<\/p>\n<p><a href=\"https:\/\/www.welovecycling.com\/pl\/2018\/05\/25\/wielka-rowerowa-rewolucja-w-polsce-to-fenomen\/\"><div class=\"shortcode-ys-post-pinup\"><article class=\"loop-simple post-7095 post type-post status-publish format-standard has-post-thumbnail hentry category-ciekawostki tag-cycling tag-pttk tag-welovecycling\" data-postid=\"7095\" role=\"article\" data-post-id=\"7095\" data-word-count=\"917\" data-headline-length=\"52\" data-category=\"Ciekawostki\" data-author=\"Piotr Jawor\" data-published=\"2018-05-25T14:01:54+00:00\" data-published-day=\"Friday\">\n    <div class=\"entry-thumbnail article-thumbnail\" content=\"https:\/\/d2p6e6u75xmxt8.cloudfront.net\/5\/2018\/05\/shutterstock_210836533-150x150.jpg\"><a href=\"https:\/\/www.welovecycling.com\/pl\/2018\/05\/25\/wielka-rowerowa-rewolucja-w-polsce-to-fenomen\/\" class=\"image-holder\" target=\"_self\"><img decoding=\"async\" loading=\"lazy\" class=\"\" src=\"https:\/\/d2p6e6u75xmxt8.cloudfront.net\/5\/2018\/05\/shutterstock_210836533-1024x683.jpg\" srcset=\"https:\/\/d2p6e6u75xmxt8.cloudfront.net\/5\/2018\/05\/shutterstock_210836533.jpg 5100w, https:\/\/d2p6e6u75xmxt8.cloudfront.net\/5\/2018\/05\/shutterstock_210836533-300x200.jpg 300w, https:\/\/d2p6e6u75xmxt8.cloudfront.net\/5\/2018\/05\/shutterstock_210836533-768x512.jpg 768w, https:\/\/d2p6e6u75xmxt8.cloudfront.net\/5\/2018\/05\/shutterstock_210836533-1024x683.jpg 1024w, https:\/\/d2p6e6u75xmxt8.cloudfront.net\/5\/2018\/05\/shutterstock_210836533-1920x1280.jpg 1920w, https:\/\/d2p6e6u75xmxt8.cloudfront.net\/5\/2018\/05\/shutterstock_210836533-272x182.jpg 272w, https:\/\/d2p6e6u75xmxt8.cloudfront.net\/5\/2018\/05\/shutterstock_210836533-1920x1280.jpg 1920w\" width=\"1024\" height=\"683\" sizes=\"auto, (min-width: 1200px) 300px, (min-width: 768px) 25vw, 100vw\" alt=\"wielka-rowerowa-rewolucja-w-polsce-to-fenomen\"\/><\/a><\/div>    <div class=\"entry-meta\">\n        <a class=\"label label-secondary post-category\" href=\"https:\/\/www.welovecycling.com\/pl\/category\/ciekawostki\/\" title=\"Ciekawostki\">Ciekawostki<\/a>\n    <\/div>\n    <div class=\"entry-details\">\n        <a href=\"https:\/\/www.welovecycling.com\/pl\/2018\/05\/25\/wielka-rowerowa-rewolucja-w-polsce-to-fenomen\/\" class='entry-title-wrapper'>\n            <h3 class=\"entry-title\"><span>Wielka rowerowa rewolucja w Polsce. \u201eTo fenomen\u201d<\/span><\/h3>\n        <\/a>\n    <\/div>\n    <\/article>\n<\/div><\/a><\/p>\n<p>To co, plan na weekend majowy gotowy? No chyba, \u017ce macie si\u0142y i czas na przejechanie ca\u0142ej trasy Eurovelo 4, kt\u00f3ra liczy 4 tys. km\u2026<\/p>\n<p>******************************************<\/p>\n<p>Eurovelo to og\u00f3lnoeuropejska sie\u0107 tras rowerowych. Wiod\u0105 one przez 43 pa\u0144stwa i \u0142\u0105cznie maj\u0105 ponad 70 tys. km d\u0142ugo\u015bci. To projekt Europejskiej Federacji Cyklist\u00f3w, wsp\u00f3\u0142finansowany przez Uni\u0119 Europejsk\u0105. Ca\u0142o\u015b\u0107 ma by\u0107 uko\u0144czona w 2020 r.<\/p>\n","protected":false},"excerpt":{"rendered":"<p>\u201eTa trasa jest tak zr\u00f3\u017cnicowana, \u017ce nie b\u0119dziesz m\u00f3g\u0142 si\u0119 zdecydowa\u0107, gdzie j\u0105 zacz\u0105\u0107\u201d \u2013 pisz\u0105 tw\u00f3rcy Eurovelo 4. My [&hellip;]<\/p>\n","protected":false},"author":76,"featured_media":8801,"comment_status":"open","ping_status":"open","sticky":false,"template":"","format":"standard","meta":{"footnotes":""},"categories":[226,6],"tags":[],"global-categories":[],"class_list":["post-8798","post","type-post","status-publish","format-standard","has-post-thumbnail","hentry","category-ciekawostki","category-kolarstwo-szosowe"],"yoast_head":"<!-- This site is optimized with the Yoast SEO Premium plugin v25.3 (Yoast SEO v25.9) - https:\/\/yoast.com\/wordpress\/plugins\/seo\/ -->\n<title>Eurovelo 4: \u015awietny pomys\u0142 na rowerowy weekend lub\u2026 kilkumiesi\u0119czny wypad - \u0160koda We Love Cycling - Poland<\/title>\n<meta name=\"robots\" content=\"index, follow, max-snippet:-1, max-image-preview:large, max-video-preview:-1\" \/>\n<link rel=\"canonical\" href=\"https:\/\/www.welovecycling.com\/pl\/2019\/04\/15\/eurovelo-4-swietny-pomysl-na-rowerowy-weekend-lub-kilkumiesieczny-wypad\/\" \/>\n<meta property=\"og:locale\" content=\"pl_PL\" \/>\n<meta property=\"og:type\" content=\"article\" \/>\n<meta property=\"og:title\" content=\"Eurovelo 4: \u015awietny pomys\u0142 na rowerowy weekend lub\u2026 kilkumiesi\u0119czny wypad\" \/>\n<meta property=\"og:description\" content=\"\u201eTa trasa jest tak zr\u00f3\u017cnicowana, \u017ce nie b\u0119dziesz m\u00f3g\u0142 si\u0119 zdecydowa\u0107, gdzie j\u0105 zacz\u0105\u0107\u201d \u2013 pisz\u0105 tw\u00f3rcy Eurovelo 4. My [&hellip;]\" \/>\n<meta property=\"og:url\" content=\"https:\/\/www.welovecycling.com\/pl\/2019\/04\/15\/eurovelo-4-swietny-pomysl-na-rowerowy-weekend-lub-kilkumiesieczny-wypad\/\" \/>\n<meta property=\"og:site_name\" content=\"\u0160koda We Love Cycling - Poland\" \/>\n<meta property=\"article:published_time\" content=\"2019-04-15T17:11:15+00:00\" \/>\n<meta property=\"article:modified_time\" content=\"2019-04-16T01:19:46+00:00\" \/>\n<meta property=\"og:image\" content=\"https:\/\/d2p6e6u75xmxt8.cloudfront.net\/5\/2019\/04\/2521076_1200x260.jpg\" \/>\n\t<meta property=\"og:image:width\" content=\"1024\" \/>\n\t<meta property=\"og:image:height\" content=\"260\" \/>\n\t<meta property=\"og:image:type\" content=\"image\/jpeg\" \/>\n<meta name=\"author\" content=\"piotrboczkowski\" \/>\n<meta name=\"twitter:card\" content=\"summary_large_image\" \/>\n<meta name=\"twitter:label1\" content=\"Written by\" \/>\n\t<meta name=\"twitter:data1\" content=\"Piotr Jawor\" \/>\n\t<meta name=\"twitter:label2\" content=\"Est. reading time\" \/>\n\t<meta name=\"twitter:data2\" content=\"4 minutes\" \/>\n<script type=\"application\/ld+json\" class=\"yoast-schema-graph\">{\"@context\":\"https:\/\/schema.org\",\"@graph\":[{\"@type\":\"WebPage\",\"@id\":\"https:\/\/www.welovecycling.com\/pl\/2019\/04\/15\/eurovelo-4-swietny-pomysl-na-rowerowy-weekend-lub-kilkumiesieczny-wypad\/\",\"url\":\"https:\/\/www.welovecycling.com\/pl\/2019\/04\/15\/eurovelo-4-swietny-pomysl-na-rowerowy-weekend-lub-kilkumiesieczny-wypad\/\",\"name\":\"Eurovelo 4: \u015awietny pomys\u0142 na rowerowy weekend lub\u2026 kilkumiesi\u0119czny wypad - \u0160koda We Love Cycling - Poland\",\"isPartOf\":{\"@id\":\"https:\/\/www.welovecycling.com\/pl\/#website\"},\"primaryImageOfPage\":{\"@id\":\"https:\/\/www.welovecycling.com\/pl\/2019\/04\/15\/eurovelo-4-swietny-pomysl-na-rowerowy-weekend-lub-kilkumiesieczny-wypad\/#primaryimage\"},\"image\":{\"@id\":\"https:\/\/www.welovecycling.com\/pl\/2019\/04\/15\/eurovelo-4-swietny-pomysl-na-rowerowy-weekend-lub-kilkumiesieczny-wypad\/#primaryimage\"},\"thumbnailUrl\":\"https:\/\/d2p6e6u75xmxt8.cloudfront.net\/5\/2019\/04\/2521076_1200x260.jpg\",\"datePublished\":\"2019-04-15T17:11:15+00:00\",\"dateModified\":\"2019-04-16T01:19:46+00:00\",\"author\":{\"@id\":\"https:\/\/www.welovecycling.com\/pl\/#\/schema\/person\/0dba2d39da943db9df3fd8f4687e7f23\"},\"breadcrumb\":{\"@id\":\"https:\/\/www.welovecycling.com\/pl\/2019\/04\/15\/eurovelo-4-swietny-pomysl-na-rowerowy-weekend-lub-kilkumiesieczny-wypad\/#breadcrumb\"},\"inLanguage\":\"pl-PL\",\"potentialAction\":[{\"@type\":\"ReadAction\",\"target\":[\"https:\/\/www.welovecycling.com\/pl\/2019\/04\/15\/eurovelo-4-swietny-pomysl-na-rowerowy-weekend-lub-kilkumiesieczny-wypad\/\"]}]},{\"@type\":\"ImageObject\",\"inLanguage\":\"pl-PL\",\"@id\":\"https:\/\/www.welovecycling.com\/pl\/2019\/04\/15\/eurovelo-4-swietny-pomysl-na-rowerowy-weekend-lub-kilkumiesieczny-wypad\/#primaryimage\",\"url\":\"https:\/\/d2p6e6u75xmxt8.cloudfront.net\/5\/2019\/04\/2521076_1200x260.jpg\",\"contentUrl\":\"https:\/\/d2p6e6u75xmxt8.cloudfront.net\/5\/2019\/04\/2521076_1200x260.jpg\",\"width\":1024,\"height\":260},{\"@type\":\"BreadcrumbList\",\"@id\":\"https:\/\/www.welovecycling.com\/pl\/2019\/04\/15\/eurovelo-4-swietny-pomysl-na-rowerowy-weekend-lub-kilkumiesieczny-wypad\/#breadcrumb\",\"itemListElement\":[{\"@type\":\"ListItem\",\"position\":1,\"name\":\"Home\",\"item\":\"https:\/\/www.welovecycling.com\/pl\/\"},{\"@type\":\"ListItem\",\"position\":2,\"name\":\"Eurovelo 4: \u015awietny pomys\u0142 na rowerowy weekend lub\u2026 kilkumiesi\u0119czny wypad\"}]},{\"@type\":\"WebSite\",\"@id\":\"https:\/\/www.welovecycling.com\/pl\/#website\",\"url\":\"https:\/\/www.welovecycling.com\/pl\/\",\"name\":\"\u0160koda We Love Cycling - Poland\",\"description\":\"\",\"potentialAction\":[{\"@type\":\"SearchAction\",\"target\":{\"@type\":\"EntryPoint\",\"urlTemplate\":\"https:\/\/www.welovecycling.com\/pl\/?s={search_term_string}\"},\"query-input\":{\"@type\":\"PropertyValueSpecification\",\"valueRequired\":true,\"valueName\":\"search_term_string\"}}],\"inLanguage\":\"pl-PL\"},{\"@type\":\"Person\",\"@id\":\"https:\/\/www.welovecycling.com\/pl\/#\/schema\/person\/0dba2d39da943db9df3fd8f4687e7f23\",\"name\":\"piotrboczkowski\",\"image\":{\"@type\":\"ImageObject\",\"inLanguage\":\"pl-PL\",\"@id\":\"https:\/\/www.welovecycling.com\/pl\/#\/schema\/person\/image\/\",\"url\":\"https:\/\/secure.gravatar.com\/avatar\/533caccae14752e03a2ce2d3fd62d1b98b93e1393c3195c27819e53344ca1ace?s=96&d=mm&r=g\",\"contentUrl\":\"https:\/\/secure.gravatar.com\/avatar\/533caccae14752e03a2ce2d3fd62d1b98b93e1393c3195c27819e53344ca1ace?s=96&d=mm&r=g\",\"caption\":\"piotrboczkowski\"},\"url\":\"https:\/\/www.welovecycling.com\/pl\/author\/piotrboczkowski\/\"}]}<\/script>\n<!-- \/ Yoast SEO Premium plugin. -->","yoast_head_json":{"title":"Eurovelo 4: \u015awietny pomys\u0142 na rowerowy weekend lub\u2026 kilkumiesi\u0119czny wypad - \u0160koda We Love Cycling - Poland","robots":{"index":"index","follow":"follow","max-snippet":"max-snippet:-1","max-image-preview":"max-image-preview:large","max-video-preview":"max-video-preview:-1"},"canonical":"https:\/\/www.welovecycling.com\/pl\/2019\/04\/15\/eurovelo-4-swietny-pomysl-na-rowerowy-weekend-lub-kilkumiesieczny-wypad\/","og_locale":"pl_PL","og_type":"article","og_title":"Eurovelo 4: \u015awietny pomys\u0142 na rowerowy weekend lub\u2026 kilkumiesi\u0119czny wypad","og_description":"\u201eTa trasa jest tak zr\u00f3\u017cnicowana, \u017ce nie b\u0119dziesz m\u00f3g\u0142 si\u0119 zdecydowa\u0107, gdzie j\u0105 zacz\u0105\u0107\u201d \u2013 pisz\u0105 tw\u00f3rcy Eurovelo 4. My [&hellip;]","og_url":"https:\/\/www.welovecycling.com\/pl\/2019\/04\/15\/eurovelo-4-swietny-pomysl-na-rowerowy-weekend-lub-kilkumiesieczny-wypad\/","og_site_name":"\u0160koda We Love Cycling - Poland","article_published_time":"2019-04-15T17:11:15+00:00","article_modified_time":"2019-04-16T01:19:46+00:00","og_image":[{"width":1024,"height":260,"url":"https:\/\/d2p6e6u75xmxt8.cloudfront.net\/5\/2019\/04\/2521076_1200x260.jpg","type":"image\/jpeg"}],"author":"piotrboczkowski","twitter_card":"summary_large_image","twitter_misc":{"Written by":"Piotr Jawor","Est. reading time":"4 minutes"},"schema":{"@context":"https:\/\/schema.org","@graph":[{"@type":"WebPage","@id":"https:\/\/www.welovecycling.com\/pl\/2019\/04\/15\/eurovelo-4-swietny-pomysl-na-rowerowy-weekend-lub-kilkumiesieczny-wypad\/","url":"https:\/\/www.welovecycling.com\/pl\/2019\/04\/15\/eurovelo-4-swietny-pomysl-na-rowerowy-weekend-lub-kilkumiesieczny-wypad\/","name":"Eurovelo 4: \u015awietny pomys\u0142 na rowerowy weekend lub\u2026 kilkumiesi\u0119czny wypad - \u0160koda We Love Cycling - Poland","isPartOf":{"@id":"https:\/\/www.welovecycling.com\/pl\/#website"},"primaryImageOfPage":{"@id":"https:\/\/www.welovecycling.com\/pl\/2019\/04\/15\/eurovelo-4-swietny-pomysl-na-rowerowy-weekend-lub-kilkumiesieczny-wypad\/#primaryimage"},"image":{"@id":"https:\/\/www.welovecycling.com\/pl\/2019\/04\/15\/eurovelo-4-swietny-pomysl-na-rowerowy-weekend-lub-kilkumiesieczny-wypad\/#primaryimage"},"thumbnailUrl":"https:\/\/d2p6e6u75xmxt8.cloudfront.net\/5\/2019\/04\/2521076_1200x260.jpg","datePublished":"2019-04-15T17:11:15+00:00","dateModified":"2019-04-16T01:19:46+00:00","author":{"@id":"https:\/\/www.welovecycling.com\/pl\/#\/schema\/person\/0dba2d39da943db9df3fd8f4687e7f23"},"breadcrumb":{"@id":"https:\/\/www.welovecycling.com\/pl\/2019\/04\/15\/eurovelo-4-swietny-pomysl-na-rowerowy-weekend-lub-kilkumiesieczny-wypad\/#breadcrumb"},"inLanguage":"pl-PL","potentialAction":[{"@type":"ReadAction","target":["https:\/\/www.welovecycling.com\/pl\/2019\/04\/15\/eurovelo-4-swietny-pomysl-na-rowerowy-weekend-lub-kilkumiesieczny-wypad\/"]}]},{"@type":"ImageObject","inLanguage":"pl-PL","@id":"https:\/\/www.welovecycling.com\/pl\/2019\/04\/15\/eurovelo-4-swietny-pomysl-na-rowerowy-weekend-lub-kilkumiesieczny-wypad\/#primaryimage","url":"https:\/\/d2p6e6u75xmxt8.cloudfront.net\/5\/2019\/04\/2521076_1200x260.jpg","contentUrl":"https:\/\/d2p6e6u75xmxt8.cloudfront.net\/5\/2019\/04\/2521076_1200x260.jpg","width":1024,"height":260},{"@type":"BreadcrumbList","@id":"https:\/\/www.welovecycling.com\/pl\/2019\/04\/15\/eurovelo-4-swietny-pomysl-na-rowerowy-weekend-lub-kilkumiesieczny-wypad\/#breadcrumb","itemListElement":[{"@type":"ListItem","position":1,"name":"Home","item":"https:\/\/www.welovecycling.com\/pl\/"},{"@type":"ListItem","position":2,"name":"Eurovelo 4: \u015awietny pomys\u0142 na rowerowy weekend lub\u2026 kilkumiesi\u0119czny wypad"}]},{"@type":"WebSite","@id":"https:\/\/www.welovecycling.com\/pl\/#website","url":"https:\/\/www.welovecycling.com\/pl\/","name":"\u0160koda We Love Cycling - Poland","description":"","potentialAction":[{"@type":"SearchAction","target":{"@type":"EntryPoint","urlTemplate":"https:\/\/www.welovecycling.com\/pl\/?s={search_term_string}"},"query-input":{"@type":"PropertyValueSpecification","valueRequired":true,"valueName":"search_term_string"}}],"inLanguage":"pl-PL"},{"@type":"Person","@id":"https:\/\/www.welovecycling.com\/pl\/#\/schema\/person\/0dba2d39da943db9df3fd8f4687e7f23","name":"piotrboczkowski","image":{"@type":"ImageObject","inLanguage":"pl-PL","@id":"https:\/\/www.welovecycling.com\/pl\/#\/schema\/person\/image\/","url":"https:\/\/secure.gravatar.com\/avatar\/533caccae14752e03a2ce2d3fd62d1b98b93e1393c3195c27819e53344ca1ace?s=96&d=mm&r=g","contentUrl":"https:\/\/secure.gravatar.com\/avatar\/533caccae14752e03a2ce2d3fd62d1b98b93e1393c3195c27819e53344ca1ace?s=96&d=mm&r=g","caption":"piotrboczkowski"},"url":"https:\/\/www.welovecycling.com\/pl\/author\/piotrboczkowski\/"}]}},"_links":{"self":[{"href":"https:\/\/www.welovecycling.com\/pl\/wp-json\/wp\/v2\/posts\/8798","targetHints":{"allow":["GET"]}}],"collection":[{"href":"https:\/\/www.welovecycling.com\/pl\/wp-json\/wp\/v2\/posts"}],"about":[{"href":"https:\/\/www.welovecycling.com\/pl\/wp-json\/wp\/v2\/types\/post"}],"author":[{"embeddable":true,"href":"https:\/\/www.welovecycling.com\/pl\/wp-json\/wp\/v2\/users\/76"}],"replies":[{"embeddable":true,"href":"https:\/\/www.welovecycling.com\/pl\/wp-json\/wp\/v2\/comments?post=8798"}],"version-history":[{"count":2,"href":"https:\/\/www.welovecycling.com\/pl\/wp-json\/wp\/v2\/posts\/8798\/revisions"}],"predecessor-version":[{"id":8803,"href":"https:\/\/www.welovecycling.com\/pl\/wp-json\/wp\/v2\/posts\/8798\/revisions\/8803"}],"wp:featuredmedia":[{"embeddable":true,"href":"https:\/\/www.welovecycling.com\/pl\/wp-json\/wp\/v2\/media\/8801"}],"wp:attachment":[{"href":"https:\/\/www.welovecycling.com\/pl\/wp-json\/wp\/v2\/media?parent=8798"}],"wp:term":[{"taxonomy":"category","embeddable":true,"href":"https:\/\/www.welovecycling.com\/pl\/wp-json\/wp\/v2\/categories?post=8798"},{"taxonomy":"post_tag","embeddable":true,"href":"https:\/\/www.welovecycling.com\/pl\/wp-json\/wp\/v2\/tags?post=8798"},{"taxonomy":"global-categories","embeddable":true,"href":"https:\/\/www.welovecycling.com\/pl\/wp-json\/wp\/v2\/global-categories?post=8798"}],"curies":[{"name":"wp","href":"https:\/\/api.w.org\/{rel}","templated":true}]}}