{"id":8773,"date":"2019-04-08T06:49:50","date_gmt":"2019-04-08T06:49:50","guid":{"rendered":"https:\/\/www.welovecycling.com\/pl\/?p=8773"},"modified":"2019-04-09T06:57:04","modified_gmt":"2019-04-09T06:57:04","slug":"przygotowanie-swojego-roweru-na-wiosne","status":"publish","type":"post","link":"https:\/\/www.welovecycling.com\/pl\/2019\/04\/08\/przygotowanie-swojego-roweru-na-wiosne\/","title":{"rendered":"Przygotowanie swojego roweru na wiosn\u0119"},"content":{"rendered":"<p><strong>Robi si\u0119 coraz cieplej, a s\u00f3l na drogach dawno posz\u0142a w niepami\u0119\u0107. Czas przygotowa\u0107 rower na sezon. Jak to zrobi\u0107?<\/strong><\/p>\n<p>&nbsp;<\/p>\n<p><span style=\"font-size: 18pt;\"><strong>Zacznij od k\u00f3\u0142<\/strong><\/span><\/p>\n<p>Je\u015bli Tw\u00f3j rower sta\u0142 na pod\u0142odze przez ca\u0142\u0105 zim\u0119, sprawd\u017a, czy ma wystarczaj\u0105co napompowane opony, czy nie przesun\u0105\u0142 si\u0119 wentyl w d\u0119tce i czy sama d\u0119tka oraz obr\u0119cze s\u0105 w porz\u0105dku. Nawet najl\u017cejsza rama wa\u017cy jednak par\u0119 kilogram\u00f3w i obci\u0105\u017ca ko\u0142a, a przede wszystkim obr\u0119cze.<\/p>\n<div class=\"shortcode-ys-post-pinup\"><article class=\"loop-simple post-3922 post type-post status-publish format-standard has-post-thumbnail hentry category-bezpieczenstwo tag-bezpieczenstwo tag-cisnienie-w-oponach\" data-postid=\"3922\" role=\"article\" data-post-id=\"3922\" data-word-count=\"285\" data-headline-length=\"45\" data-category=\"Bezpiecze\u0144stwo\" data-author=\"Christopher Ashley\" data-published=\"2017-06-01T21:29:01+00:00\" data-published-day=\"Thursday\">\n    <div class=\"entry-thumbnail article-thumbnail\" content=\"https:\/\/d2p6e6u75xmxt8.cloudfront.net\/5\/2017\/06\/5445454584-150x150.jpg\"><a href=\"https:\/\/www.welovecycling.com\/pl\/2017\/06\/01\/dobrac-odpowiednie-cisnienie-oponach\/\" class=\"image-holder\" target=\"_self\"><img decoding=\"async\" loading=\"lazy\" class=\"\" src=\"https:\/\/d2p6e6u75xmxt8.cloudfront.net\/5\/2017\/06\/5445454584-1024x447.jpg\" srcset=\"https:\/\/d2p6e6u75xmxt8.cloudfront.net\/5\/2017\/06\/5445454584.jpg 1375w, https:\/\/d2p6e6u75xmxt8.cloudfront.net\/5\/2017\/06\/5445454584-300x131.jpg 300w, https:\/\/d2p6e6u75xmxt8.cloudfront.net\/5\/2017\/06\/5445454584-768x335.jpg 768w, https:\/\/d2p6e6u75xmxt8.cloudfront.net\/5\/2017\/06\/5445454584-1024x447.jpg 1024w\" width=\"1024\" height=\"447\" sizes=\"auto, (min-width: 1200px) 458px, (min-width: 768px) 38vw, 100vw\" alt=\"dobrac-odpowiednie-cisnienie-oponach\"\/><\/a><\/div>    <div class=\"entry-meta\">\n        <a class=\"label label-secondary post-category\" href=\"https:\/\/www.welovecycling.com\/pl\/category\/bezpieczenstwo\/\" title=\"Bezpiecze\u0144stwo\">Bezpiecze\u0144stwo<\/a>\n    <\/div>\n    <div class=\"entry-details\">\n        <a href=\"https:\/\/www.welovecycling.com\/pl\/2017\/06\/01\/dobrac-odpowiednie-cisnienie-oponach\/\" class='entry-title-wrapper'>\n            <h3 class=\"entry-title\"><span>Jak dobra\u0107 odpowiednie ci\u015bnienie w oponach?<\/span><\/h3>\n        <\/a>\n    <\/div>\n    <\/article>\n<\/div>\n<p>Je\u015bli nie oczy\u015bci\u0142e\u015b roweru z piachu, m\u00f3g\u0142 si\u0119 on osadzi\u0107 na ko\u0142ach. Mo\u017cesz si\u0119 go pozby\u0107 na dwa sposoby. Zdejmij opony, wyci\u0105gnij z nich d\u0119tki i oczy\u015b\u0107 wszystko dok\u0142adnie albo\u2026 za\u0142\u00f3\u017c nowe opony i d\u0119tki i napompuj do odpowiedniej twardo\u015bci.<\/p>\n<p>&nbsp;<\/p>\n<p><span style=\"font-size: 18pt;\"><strong>Na stojaku czy bez?<\/strong><\/span><\/p>\n<p>Profesjonalny stojak serwisowy nie jest mo\u017ce najta\u0144szy, ale za to wygodny, wi\u0119c warto w niego zainwestowa\u0107. Sam z takiego korzystam, ale nasz przyjaciel Tony 10 Speed pokazuje, jak sprawdzi\u0107 ko\u0142a bez jego u\u017cycia.<\/p>\n<div class=\"embed-controller-wrapper\">\n<div class=\"embed-wrapper\"><iframe title=\"How to true a wheel without a truing stand\" width=\"500\" height=\"281\" data-src=\"https:\/\/www.youtube.com\/embed\/UMUjznaTn7M?feature=oembed\" frameborder=\"0\" allow=\"accelerometer; autoplay; clipboard-write; encrypted-media; gyroscope; picture-in-picture; web-share\" referrerpolicy=\"strict-origin-when-cross-origin\" allowfullscreen><\/iframe><\/div>\n<\/div>\n<p>Sam oce\u0144, czy z Twoimi ko\u0142ami wszystko w porz\u0105dku. Oczywi\u015bcie lokalny sklep czy serwis rowerowy zrobi to za drobn\u0105 op\u0142at\u0105, ale pomy\u015bl, czy nie warto korzysta\u0107 z ich pomocy tylko w sytuacjach awaryjnych. Poleganie na serwisie pozbawi Ci\u0119 przyjemno\u015bci samodzielnego przygotowania roweru do jazdy. To bezcenne do\u015bwiadczenie.<\/p>\n<p>&nbsp;<\/p>\n<p><span style=\"font-size: 18pt;\"><strong>Przetrzyj ram\u0119, nasmaruj \u0142a\u0144cuch<\/strong><\/span><\/p>\n<p>Zak\u0142adam, cho\u0107 mo\u017ce mylnie, \u017ce zrobi\u0142e\u015b przegl\u0105d i wszelkie niezb\u0119dne naprawy swojego roweru przed zim\u0105, wi\u0119c teraz jedyne, co musisz zrobi\u0107, to usun\u0105\u0107 z ramy kurz. Co innego z przygotowaniem \u0142a\u0144cucha, to wymaga troch\u0119 wi\u0119cej uwagi.<\/p>\n<div class=\"embed-controller-wrapper\">\n<div class=\"embed-wrapper\"><iframe title=\"How To Get A Perfectly Clean Chain + Drivetrain | Mountain Bike Maintenance\" width=\"500\" height=\"281\" data-src=\"https:\/\/www.youtube.com\/embed\/OvKcsMg8TJc?feature=oembed\" frameborder=\"0\" allow=\"accelerometer; autoplay; clipboard-write; encrypted-media; gyroscope; picture-in-picture; web-share\" referrerpolicy=\"strict-origin-when-cross-origin\" allowfullscreen><\/iframe><\/div>\n<\/div>\n<p>Powy\u017cszy filmik pokazuje tradycyjn\u0105 metod\u0119 odt\u0142uszczania i smarowania \u0142a\u0144cucha, ale je\u015bli masz na zbyciu troch\u0119 grosza, to mo\u017cesz kupi\u0107 do tego celu ultrasoniczny sprz\u0119t. Dzi\u0119ki niemu proces czyszczenia jest du\u017co \u0142atwiejszy oraz poprawia \u017cywotno\u015b\u0107 wszystkich komponent\u00f3w.<\/p>\n<p>&nbsp;<\/p>\n<p><strong><span style=\"font-size: 18pt;\">Dbaj o czysto\u015b\u0107 i hamulce<\/span><\/strong><\/p>\n<p>Rowery trzymamy cz\u0119sto w gara\u017cach czy piwnicach i s\u0105 to miejsca, w kt\u00f3rych niejednokrotnie mamy do czynienia z nie do ko\u0144ca czystymi maszynami i narz\u0119dziami, przechowujemy tam r\u00f3wnie\u017c oleje i smary. Ty sam mo\u017cesz by\u0107 uwa\u017cny i dba\u0107 o porz\u0105dek, ale czy to samo mo\u017cesz powiedzie\u0107 o swoich dzieciach, wsp\u00f3\u0142lokatorach lub s\u0105siadach?<\/p>\n<div class=\"embed-controller-wrapper\">\n<div class=\"embed-wrapper\"><iframe title=\"How To Clean Your Braking Pads. Extend The Lifetime Of Your Bicycle Wheels!\" width=\"500\" height=\"281\" data-src=\"https:\/\/www.youtube.com\/embed\/0SQ0WYJxBEI?feature=oembed\" frameborder=\"0\" allow=\"accelerometer; autoplay; clipboard-write; encrypted-media; gyroscope; picture-in-picture; web-share\" referrerpolicy=\"strict-origin-when-cross-origin\" allowfullscreen><\/iframe><\/div>\n<\/div>\n<p>To, czy podczas jazdy rowerem zahamujesz odpowiednio wcze\u015bnie, mo\u017ce by\u0107 spraw\u0105 \u017cycia i \u015bmierci, wi\u0119c nie powierzaj swojego bezpiecze\u0144stwa lub bezpiecze\u0144stwa innych ludzi przypadkowi. Dok\u0142adnie umyj obr\u0119cze obu k\u00f3\u0142, \u017ceby upewni\u0107 si\u0119, \u017ce nie ma tam \u017cadnego smaru, kt\u00f3ry m\u00f3g\u0142by wp\u0142yn\u0105\u0107 na hamowanie. Sprawd\u017a, czy klocki hamulcowe nie s\u0105 zbyt zu\u017cyte i czy nie ma na nich piachu.<\/p>\n<p>Po tym wszystkim mo\u017cesz ju\u017c rusza\u0107 w drog\u0119. Baw si\u0119 dobrze!<\/p>\n","protected":false},"excerpt":{"rendered":"<p>Robi si\u0119 coraz cieplej, a s\u00f3l na drogach dawno posz\u0142a w niepami\u0119\u0107. Czas przygotowa\u0107 rower na sezon. Jak to zrobi\u0107? [&hellip;]<\/p>\n","protected":false},"author":76,"featured_media":8777,"comment_status":"open","ping_status":"open","sticky":false,"template":"","format":"standard","meta":{"footnotes":""},"categories":[7,226],"tags":[],"global-categories":[],"class_list":["post-8773","post","type-post","status-publish","format-standard","has-post-thumbnail","hentry","category-bezpieczenstwo","category-ciekawostki"],"yoast_head":"<!-- This site is optimized with the Yoast SEO Premium plugin v25.3 (Yoast SEO v25.9) - https:\/\/yoast.com\/wordpress\/plugins\/seo\/ -->\n<title>Przygotowanie swojego roweru na wiosn\u0119 - \u0160koda We Love Cycling - Poland<\/title>\n<meta name=\"robots\" content=\"index, follow, max-snippet:-1, max-image-preview:large, max-video-preview:-1\" \/>\n<link rel=\"canonical\" href=\"https:\/\/www.welovecycling.com\/pl\/2019\/04\/08\/przygotowanie-swojego-roweru-na-wiosne\/\" \/>\n<meta property=\"og:locale\" content=\"pl_PL\" \/>\n<meta property=\"og:type\" content=\"article\" \/>\n<meta property=\"og:title\" content=\"Przygotowanie swojego roweru na wiosn\u0119\" \/>\n<meta property=\"og:description\" content=\"Robi si\u0119 coraz cieplej, a s\u00f3l na drogach dawno posz\u0142a w niepami\u0119\u0107. Czas przygotowa\u0107 rower na sezon. Jak to zrobi\u0107? [&hellip;]\" \/>\n<meta property=\"og:url\" content=\"https:\/\/www.welovecycling.com\/pl\/2019\/04\/08\/przygotowanie-swojego-roweru-na-wiosne\/\" \/>\n<meta property=\"og:site_name\" content=\"\u0160koda We Love Cycling - Poland\" \/>\n<meta property=\"article:published_time\" content=\"2019-04-08T06:49:50+00:00\" \/>\n<meta property=\"article:modified_time\" content=\"2019-04-09T06:57:04+00:00\" \/>\n<meta property=\"og:image\" content=\"https:\/\/d2p6e6u75xmxt8.cloudfront.net\/5\/2019\/04\/profimedia-0340079590-1-1024x450.jpg\" \/>\n\t<meta property=\"og:image:width\" content=\"1024\" \/>\n\t<meta property=\"og:image:height\" content=\"450\" \/>\n\t<meta property=\"og:image:type\" content=\"image\/jpeg\" \/>\n<meta name=\"author\" content=\"piotrboczkowski\" \/>\n<meta name=\"twitter:card\" content=\"summary_large_image\" \/>\n<meta name=\"twitter:label1\" content=\"Written by\" \/>\n\t<meta name=\"twitter:data1\" content=\"Christopher Ashley\" \/>\n\t<meta name=\"twitter:label2\" content=\"Est. reading time\" \/>\n\t<meta name=\"twitter:data2\" content=\"2 minutes\" \/>\n<script type=\"application\/ld+json\" class=\"yoast-schema-graph\">{\"@context\":\"https:\/\/schema.org\",\"@graph\":[{\"@type\":\"WebPage\",\"@id\":\"https:\/\/www.welovecycling.com\/pl\/2019\/04\/08\/przygotowanie-swojego-roweru-na-wiosne\/\",\"url\":\"https:\/\/www.welovecycling.com\/pl\/2019\/04\/08\/przygotowanie-swojego-roweru-na-wiosne\/\",\"name\":\"Przygotowanie swojego roweru na wiosn\u0119 - \u0160koda We Love Cycling - Poland\",\"isPartOf\":{\"@id\":\"https:\/\/www.welovecycling.com\/pl\/#website\"},\"primaryImageOfPage\":{\"@id\":\"https:\/\/www.welovecycling.com\/pl\/2019\/04\/08\/przygotowanie-swojego-roweru-na-wiosne\/#primaryimage\"},\"image\":{\"@id\":\"https:\/\/www.welovecycling.com\/pl\/2019\/04\/08\/przygotowanie-swojego-roweru-na-wiosne\/#primaryimage\"},\"thumbnailUrl\":\"https:\/\/d2p6e6u75xmxt8.cloudfront.net\/5\/2019\/04\/profimedia-0340079590-1-1024x450.jpg\",\"datePublished\":\"2019-04-08T06:49:50+00:00\",\"dateModified\":\"2019-04-09T06:57:04+00:00\",\"author\":{\"@id\":\"https:\/\/www.welovecycling.com\/pl\/#\/schema\/person\/0dba2d39da943db9df3fd8f4687e7f23\"},\"breadcrumb\":{\"@id\":\"https:\/\/www.welovecycling.com\/pl\/2019\/04\/08\/przygotowanie-swojego-roweru-na-wiosne\/#breadcrumb\"},\"inLanguage\":\"pl-PL\",\"potentialAction\":[{\"@type\":\"ReadAction\",\"target\":[\"https:\/\/www.welovecycling.com\/pl\/2019\/04\/08\/przygotowanie-swojego-roweru-na-wiosne\/\"]}]},{\"@type\":\"ImageObject\",\"inLanguage\":\"pl-PL\",\"@id\":\"https:\/\/www.welovecycling.com\/pl\/2019\/04\/08\/przygotowanie-swojego-roweru-na-wiosne\/#primaryimage\",\"url\":\"https:\/\/d2p6e6u75xmxt8.cloudfront.net\/5\/2019\/04\/profimedia-0340079590-1-1024x450.jpg\",\"contentUrl\":\"https:\/\/d2p6e6u75xmxt8.cloudfront.net\/5\/2019\/04\/profimedia-0340079590-1-1024x450.jpg\",\"width\":1024,\"height\":450},{\"@type\":\"BreadcrumbList\",\"@id\":\"https:\/\/www.welovecycling.com\/pl\/2019\/04\/08\/przygotowanie-swojego-roweru-na-wiosne\/#breadcrumb\",\"itemListElement\":[{\"@type\":\"ListItem\",\"position\":1,\"name\":\"Home\",\"item\":\"https:\/\/www.welovecycling.com\/pl\/\"},{\"@type\":\"ListItem\",\"position\":2,\"name\":\"Przygotowanie swojego roweru na wiosn\u0119\"}]},{\"@type\":\"WebSite\",\"@id\":\"https:\/\/www.welovecycling.com\/pl\/#website\",\"url\":\"https:\/\/www.welovecycling.com\/pl\/\",\"name\":\"\u0160koda We Love Cycling - Poland\",\"description\":\"\",\"potentialAction\":[{\"@type\":\"SearchAction\",\"target\":{\"@type\":\"EntryPoint\",\"urlTemplate\":\"https:\/\/www.welovecycling.com\/pl\/?s={search_term_string}\"},\"query-input\":{\"@type\":\"PropertyValueSpecification\",\"valueRequired\":true,\"valueName\":\"search_term_string\"}}],\"inLanguage\":\"pl-PL\"},{\"@type\":\"Person\",\"@id\":\"https:\/\/www.welovecycling.com\/pl\/#\/schema\/person\/0dba2d39da943db9df3fd8f4687e7f23\",\"name\":\"piotrboczkowski\",\"image\":{\"@type\":\"ImageObject\",\"inLanguage\":\"pl-PL\",\"@id\":\"https:\/\/www.welovecycling.com\/pl\/#\/schema\/person\/image\/\",\"url\":\"https:\/\/secure.gravatar.com\/avatar\/533caccae14752e03a2ce2d3fd62d1b98b93e1393c3195c27819e53344ca1ace?s=96&d=mm&r=g\",\"contentUrl\":\"https:\/\/secure.gravatar.com\/avatar\/533caccae14752e03a2ce2d3fd62d1b98b93e1393c3195c27819e53344ca1ace?s=96&d=mm&r=g\",\"caption\":\"piotrboczkowski\"},\"url\":\"https:\/\/www.welovecycling.com\/pl\/author\/piotrboczkowski\/\"}]}<\/script>\n<!-- \/ Yoast SEO Premium plugin. -->","yoast_head_json":{"title":"Przygotowanie swojego roweru na wiosn\u0119 - \u0160koda We Love Cycling - Poland","robots":{"index":"index","follow":"follow","max-snippet":"max-snippet:-1","max-image-preview":"max-image-preview:large","max-video-preview":"max-video-preview:-1"},"canonical":"https:\/\/www.welovecycling.com\/pl\/2019\/04\/08\/przygotowanie-swojego-roweru-na-wiosne\/","og_locale":"pl_PL","og_type":"article","og_title":"Przygotowanie swojego roweru na wiosn\u0119","og_description":"Robi si\u0119 coraz cieplej, a s\u00f3l na drogach dawno posz\u0142a w niepami\u0119\u0107. Czas przygotowa\u0107 rower na sezon. Jak to zrobi\u0107? [&hellip;]","og_url":"https:\/\/www.welovecycling.com\/pl\/2019\/04\/08\/przygotowanie-swojego-roweru-na-wiosne\/","og_site_name":"\u0160koda We Love Cycling - Poland","article_published_time":"2019-04-08T06:49:50+00:00","article_modified_time":"2019-04-09T06:57:04+00:00","og_image":[{"width":1024,"height":450,"url":"https:\/\/d2p6e6u75xmxt8.cloudfront.net\/5\/2019\/04\/profimedia-0340079590-1-1024x450.jpg","type":"image\/jpeg"}],"author":"piotrboczkowski","twitter_card":"summary_large_image","twitter_misc":{"Written by":"Christopher Ashley","Est. reading time":"2 minutes"},"schema":{"@context":"https:\/\/schema.org","@graph":[{"@type":"WebPage","@id":"https:\/\/www.welovecycling.com\/pl\/2019\/04\/08\/przygotowanie-swojego-roweru-na-wiosne\/","url":"https:\/\/www.welovecycling.com\/pl\/2019\/04\/08\/przygotowanie-swojego-roweru-na-wiosne\/","name":"Przygotowanie swojego roweru na wiosn\u0119 - \u0160koda We Love Cycling - Poland","isPartOf":{"@id":"https:\/\/www.welovecycling.com\/pl\/#website"},"primaryImageOfPage":{"@id":"https:\/\/www.welovecycling.com\/pl\/2019\/04\/08\/przygotowanie-swojego-roweru-na-wiosne\/#primaryimage"},"image":{"@id":"https:\/\/www.welovecycling.com\/pl\/2019\/04\/08\/przygotowanie-swojego-roweru-na-wiosne\/#primaryimage"},"thumbnailUrl":"https:\/\/d2p6e6u75xmxt8.cloudfront.net\/5\/2019\/04\/profimedia-0340079590-1-1024x450.jpg","datePublished":"2019-04-08T06:49:50+00:00","dateModified":"2019-04-09T06:57:04+00:00","author":{"@id":"https:\/\/www.welovecycling.com\/pl\/#\/schema\/person\/0dba2d39da943db9df3fd8f4687e7f23"},"breadcrumb":{"@id":"https:\/\/www.welovecycling.com\/pl\/2019\/04\/08\/przygotowanie-swojego-roweru-na-wiosne\/#breadcrumb"},"inLanguage":"pl-PL","potentialAction":[{"@type":"ReadAction","target":["https:\/\/www.welovecycling.com\/pl\/2019\/04\/08\/przygotowanie-swojego-roweru-na-wiosne\/"]}]},{"@type":"ImageObject","inLanguage":"pl-PL","@id":"https:\/\/www.welovecycling.com\/pl\/2019\/04\/08\/przygotowanie-swojego-roweru-na-wiosne\/#primaryimage","url":"https:\/\/d2p6e6u75xmxt8.cloudfront.net\/5\/2019\/04\/profimedia-0340079590-1-1024x450.jpg","contentUrl":"https:\/\/d2p6e6u75xmxt8.cloudfront.net\/5\/2019\/04\/profimedia-0340079590-1-1024x450.jpg","width":1024,"height":450},{"@type":"BreadcrumbList","@id":"https:\/\/www.welovecycling.com\/pl\/2019\/04\/08\/przygotowanie-swojego-roweru-na-wiosne\/#breadcrumb","itemListElement":[{"@type":"ListItem","position":1,"name":"Home","item":"https:\/\/www.welovecycling.com\/pl\/"},{"@type":"ListItem","position":2,"name":"Przygotowanie swojego roweru na wiosn\u0119"}]},{"@type":"WebSite","@id":"https:\/\/www.welovecycling.com\/pl\/#website","url":"https:\/\/www.welovecycling.com\/pl\/","name":"\u0160koda We Love Cycling - Poland","description":"","potentialAction":[{"@type":"SearchAction","target":{"@type":"EntryPoint","urlTemplate":"https:\/\/www.welovecycling.com\/pl\/?s={search_term_string}"},"query-input":{"@type":"PropertyValueSpecification","valueRequired":true,"valueName":"search_term_string"}}],"inLanguage":"pl-PL"},{"@type":"Person","@id":"https:\/\/www.welovecycling.com\/pl\/#\/schema\/person\/0dba2d39da943db9df3fd8f4687e7f23","name":"piotrboczkowski","image":{"@type":"ImageObject","inLanguage":"pl-PL","@id":"https:\/\/www.welovecycling.com\/pl\/#\/schema\/person\/image\/","url":"https:\/\/secure.gravatar.com\/avatar\/533caccae14752e03a2ce2d3fd62d1b98b93e1393c3195c27819e53344ca1ace?s=96&d=mm&r=g","contentUrl":"https:\/\/secure.gravatar.com\/avatar\/533caccae14752e03a2ce2d3fd62d1b98b93e1393c3195c27819e53344ca1ace?s=96&d=mm&r=g","caption":"piotrboczkowski"},"url":"https:\/\/www.welovecycling.com\/pl\/author\/piotrboczkowski\/"}]}},"_links":{"self":[{"href":"https:\/\/www.welovecycling.com\/pl\/wp-json\/wp\/v2\/posts\/8773","targetHints":{"allow":["GET"]}}],"collection":[{"href":"https:\/\/www.welovecycling.com\/pl\/wp-json\/wp\/v2\/posts"}],"about":[{"href":"https:\/\/www.welovecycling.com\/pl\/wp-json\/wp\/v2\/types\/post"}],"author":[{"embeddable":true,"href":"https:\/\/www.welovecycling.com\/pl\/wp-json\/wp\/v2\/users\/76"}],"replies":[{"embeddable":true,"href":"https:\/\/www.welovecycling.com\/pl\/wp-json\/wp\/v2\/comments?post=8773"}],"version-history":[{"count":1,"href":"https:\/\/www.welovecycling.com\/pl\/wp-json\/wp\/v2\/posts\/8773\/revisions"}],"predecessor-version":[{"id":8778,"href":"https:\/\/www.welovecycling.com\/pl\/wp-json\/wp\/v2\/posts\/8773\/revisions\/8778"}],"wp:featuredmedia":[{"embeddable":true,"href":"https:\/\/www.welovecycling.com\/pl\/wp-json\/wp\/v2\/media\/8777"}],"wp:attachment":[{"href":"https:\/\/www.welovecycling.com\/pl\/wp-json\/wp\/v2\/media?parent=8773"}],"wp:term":[{"taxonomy":"category","embeddable":true,"href":"https:\/\/www.welovecycling.com\/pl\/wp-json\/wp\/v2\/categories?post=8773"},{"taxonomy":"post_tag","embeddable":true,"href":"https:\/\/www.welovecycling.com\/pl\/wp-json\/wp\/v2\/tags?post=8773"},{"taxonomy":"global-categories","embeddable":true,"href":"https:\/\/www.welovecycling.com\/pl\/wp-json\/wp\/v2\/global-categories?post=8773"}],"curies":[{"name":"wp","href":"https:\/\/api.w.org\/{rel}","templated":true}]}}