{"id":8761,"date":"2019-04-03T18:13:25","date_gmt":"2019-04-03T18:13:25","guid":{"rendered":"https:\/\/www.welovecycling.com\/pl\/?p=8761"},"modified":"2019-04-08T13:40:22","modified_gmt":"2019-04-08T13:40:22","slug":"cztery-malo-znane-historie-wyjatkowych-kobiet-kolarek","status":"publish","type":"post","link":"https:\/\/www.welovecycling.com\/pl\/2019\/04\/03\/cztery-malo-znane-historie-wyjatkowych-kobiet-kolarek\/","title":{"rendered":"Cztery ma\u0142o znane historie wyj\u0105tkowych kobiet kolarek"},"content":{"rendered":"<p><strong>Odk\u0105d odkryto zalety dw\u00f3ch k\u00f3\u0142ek, jazda na rowerze zacz\u0119\u0142a przyci\u0105ga\u0107 kobiety o r\u00f3\u017cnych zainteresowaniach i pochodzeniu. Rower odegra\u0142 wa\u017cn\u0105 rol\u0119 w zach\u0119caniu kobiet do wychodzenia poza tradycyjne role p\u0142ciowe i kwestionowaniu granic ich wolno\u015bci. I nadal dzia\u0142a jako katalizator zmian \u2013 w tym artykule chcemy z\u0142o\u017cy\u0107 ho\u0142d tym kobietom, kt\u00f3re s\u0105 cz\u0119\u015bci\u0105 historii kolarstwa, poniewa\u017c w kt\u00f3rym\u015b momencie zakwestionowa\u0142y normy i utorowa\u0142y drog\u0119 do tego, gdzie jeste\u015bmy dzisiaj.<\/strong><\/p>\n<p>&nbsp;<\/p>\n<p><strong><span style=\"font-size: 18pt;\">Kto nosi spodnie?<\/span><\/strong><\/p>\n<p>W 1851 roku, kiedy Amelia Bloomer zacz\u0119\u0142a nosi\u0107 spodnie, liczy\u0142a si\u0119 zapewne z tym, \u017ce wielu ludzi b\u0119dzie unosi\u0107 ze zdumienia \u200b\u200bbrew, ale prawdopodobnie nie mia\u0142a poj\u0119cia o tym, \u017ce \u200b\u200bu\u017cyczy swojego imienia tej rewolucyjnej dla kobiet odzie\u017cy, w kt\u00f3rej uprawia\u0142a swoje hobby. Liderka praw kobiet, Bloomer, nie wymy\u015bli\u0142a sama spodni, ale uczyni\u0142a je popularnymi w\u015br\u00f3d kobiet.<\/p>\n<p><img decoding=\"async\" src=\"https:\/\/d2p6e6u75xmxt8.cloudfront.net\/2\/2019\/03\/Amelia-Bloomer.jpg\" \/><\/p>\n<p>Bloomer opowiada\u0142a si\u0119 za reformami w damskiej modzie i podkre\u015bla\u0142a, \u017ce w przysz\u0142o\u015bci projektowanie powinno koncentrowa\u0107 si\u0119 na wi\u0119kszej mobilno\u015bci, funkcjonalno\u015bci i wygodzie. Podczas boomu kolarskiego w po\u0142owie XIX wieku wielu ludzi by\u0142o oburzonych na widok kobiet na rowerach w spodniach, mimo \u017ce sukienki i d\u0142ugie sp\u00f3dnice znacznie utrudnia\u0142y wsiadanie na siode\u0142ko. Na szcz\u0119\u015bcie Bloomer nie uleg\u0142a temu powszechnemu oburzeniu i to g\u0142\u00f3wnie dzi\u0119ki jej poparciu negatywne nastawienie do kobiet w spodniach powoli zacz\u0119\u0142o si\u0119 zmienia\u0107.<\/p>\n<p>&nbsp;<\/p>\n<p><span style=\"font-size: 18pt;\"><strong>Wyprzedzaj\u0105c m\u0119\u017cczyzn i to jakby od niechcenia<\/strong><\/span><\/p>\n<p>Status Beryl Burton jako legendy rowerowej jest w pe\u0142ni uzasadniony. Z dziesi\u0105tkami tytu\u0142\u00f3w mistrzowskich i rekord\u00f3w narodowych na koncie z pewno\u015bci\u0105 zas\u0142u\u017cy\u0142a na swoje miejsce w historii kolarstwa. Znamy kilka wspania\u0142ych opowie\u015bci, kt\u00f3re lepiej ukazuj\u0105 jej osobowo\u015b\u0107, ale nie s\u0105 szeroko rozpowszechnione. Wspomnimy tutaj o jednej. Przy okazji sytuacji podczas Omloop Het Nieuwsblad w Belgii, gdy liderka wy\u015bcigu kobiet dogoni\u0142a na trasie m\u0119\u017cczyzn (mia\u0142a 10-minutow\u0105 przewag\u0119 na starcie), warto wspomnie\u0107 o niecodziennym manewrze Burton.<\/p>\n<p><img decoding=\"async\" src=\"https:\/\/d2p6e6u75xmxt8.cloudfront.net\/2\/2019\/03\/Beryl-Burton.jpg\" \/><\/p>\n<p>Burton, s\u0142yn\u0105ca w\u015br\u00f3d kole\u017canek z poczucia humoru i robienia dowcip\u00f3w, gdy pokonywa\u0142a ze swoim koleg\u0105, Mikiem McNamar\u0105, 12-godzinn\u0105 tras\u0119, w kt\u00f3rym\u015b momencie pocz\u0119stowa\u0142a go r\u00f3\u017cnymi rodzajami lukrecji. Prawda, \u017ce to bardzo rycerski gest?<\/p>\n<p>&nbsp;<\/p>\n<p><span style=\"font-size: 18pt;\"><strong>Po je\u017adzie w\u015br\u00f3d gruz\u00f3w i dziur po bombach wy\u015bcigi to dla niej pestka<\/strong><\/span><\/p>\n<p>Nie wszystkie drogi do jazdy na rowerze s\u0105 r\u00f3wne. Chocia\u017c Eileen Gray zosta\u0142a jedn\u0105 z pionierek i mistrzy\u0144 w wy\u015bcigach kobiet, to pocz\u0105tkowo rower by\u0142 dla niej \u015brodkiem transportu w trakcie II wojny \u015bwiatowej. Jako in\u017cynier je\u017adzi\u0142a po ca\u0142ej Kopenhadze w\u015br\u00f3d gruz\u00f3w, dziur po bombach i w og\u00f3lnym chaosie. Pomimo niebezpiecznych warunk\u00f3w, w jakich zaczyna\u0142a swoj\u0105 przygod\u0119 z rowerem, zda\u0142a sobie spraw\u0119 z tego, \u017ce kocha kolarstwo, i po wojnie by\u0142a jedn\u0105 z trzech kobiet, kt\u00f3re stanowi\u0142y pierwsz\u0105 w historii Mi\u0119dzynarodow\u0105 Dru\u017cyn\u0119 Kolarsk\u0105 Kobiet.<\/p>\n<p><img decoding=\"async\" src=\"https:\/\/d2p6e6u75xmxt8.cloudfront.net\/2\/2019\/03\/eileen-gray.jpg\" \/><\/p>\n<p>Kobiety szybko zacz\u0119\u0142y naciska\u0107 na UCI, aby uznawano rekordy kolarek i pozwolono im \u015bciga\u0107 si\u0119 zawodowo. Gray zosta\u0142a prezesk\u0105 Brytyjskiej Federacji Kolarskiej, a w p\u00f3\u017aniejszych latach zast\u0119pc\u0105 komendanta r\u00f3\u017cnych dru\u017cyn British Olympic. Jej unikalne podej\u015bcie do budowania kolarstwa kobiecego jest realizowane do dzi\u015b, a wra\u017cliwo\u015b\u0107 w kwestiach organizacyjnych ca\u0142y czas znajduje odbicie w tej dyscyplinie sportu.<\/p>\n<p>&nbsp;<\/p>\n<p><span style=\"font-size: 18pt;\"><strong>Kto\u015b poda\u0142 tej kobiecie klucz<\/strong><\/span><\/p>\n<p>Nawet w dzisiejszych czasach wizerunek kobiety z zestawem narz\u0119dzi mo\u017ce wywo\u0142a\u0107 lekkie poruszenie. I cho\u0107 na \u015bwiecie jest mn\u00f3stwo kobiet, kt\u00f3re je\u017cd\u017c\u0105c na rowerze lub robi\u0105c inne rzeczy, pr\u00f3buj\u0105 to zmieni\u0107, mo\u017cna \u015bmia\u0142o powiedzie\u0107, \u017ce to Maria Ward wyprzedzi\u0142a sw\u00f3j czas. Jej opublikowana w 1896 r. ksi\u0105\u017cka \u201eJazda na rowerze dla pa\u0144\u201d by\u0142a kompleksowym przewodnikiem obejmuj\u0105cym r\u00f3\u017cnorodne zagadnienia zwi\u0105zane z tym tematem: od wyboru roweru po korzy\u015bci zdrowotne wynikaj\u0105ce z uprawiania sportu. Jej podr\u0119cznik, cho\u0107 powsta\u0142 w czasie, kiedy kobiety ju\u017c je\u017adzi\u0142y masowo na rowerach, by\u0142 nietypowy, poniewa\u017c zawiera\u0142 obszern\u0105 wiedz\u0119 o szczeg\u00f3\u0142ach technicznych pojazdu.<\/p>\n<p><img decoding=\"async\" src=\"https:\/\/d2p6e6u75xmxt8.cloudfront.net\/2\/2019\/03\/Bicycling_for_Ladies.jpg\" \/><\/p>\n<p>Do bardziej progresywnych rozdzia\u0142\u00f3w ksi\u0105\u017cki nale\u017ca\u0142y \u201eKobiety i narz\u0119dzia\u201d oraz \u201eMechanika jazdy na rowerze\u201d. Ward powiedzia\u0142a, \u017ce \u200b\u200bjej celem jest usamodzielnienie si\u0119 rowerzystek, dlatego chcia\u0142a nauczy\u0107 je praw mechaniki. W rozdziale \u201eKobiety i narz\u0119dzia\u201d napisa\u0142a: \u201eUwa\u017cam, \u017ce ka\u017cda kobieta, kt\u00f3ra jest w stanie u\u017cy\u0107 ig\u0142y lub no\u017cyczek, mo\u017ce r\u00f3wnie dobrze u\u017cywa\u0107 innych narz\u0119dzi. Bardzo wa\u017cne jest, aby zapozna\u0107 si\u0119 ze wszystkimi cz\u0119\u015bciami roweru, ich zastosowaniem i regulacj\u0105\u201d. Po\u015bwi\u0119caj\u0105c troch\u0119 uwagi swojemu pojazdowi, mo\u017cna zaoszcz\u0119dzi\u0107 wiele czasu i spo\u017cytkowa\u0107 go na sam\u0105 jazd\u0119. Szerokiej drogi!<\/p>\n<style type=\"text\/css\"><!--td {border: 1px solid #ccc;}br {mso-data-placement:same-cell;}--><\/style>\n<p><span data-sheets-value=\"{&quot;1&quot;:2,&quot;2&quot;:&quot;Artyku\u0142 powsta\u0142 we wsp\u00f3\u0142pracy ze skoda-auto.pl&quot;}\" data-sheets-userformat=\"{&quot;2&quot;:1,&quot;3&quot;:{&quot;1&quot;:0}}\"><a class=\"in-cell-link\" href=\"http:\/\/www.skoda-auto.pl\/\" target=\"_blank\" rel=\"noopener\">Artyku\u0142 powsta\u0142 we wsp\u00f3\u0142pracy ze skoda-auto.pl<\/a><\/span><\/p>\n","protected":false},"excerpt":{"rendered":"<p>Odk\u0105d odkryto zalety dw\u00f3ch k\u00f3\u0142ek, jazda na rowerze zacz\u0119\u0142a przyci\u0105ga\u0107 kobiety o r\u00f3\u017cnych zainteresowaniach i pochodzeniu. Rower odegra\u0142 wa\u017cn\u0105 rol\u0119 [&hellip;]<\/p>\n","protected":false},"author":76,"featured_media":8762,"comment_status":"open","ping_status":"open","sticky":false,"template":"","format":"standard","meta":{"footnotes":""},"categories":[226],"tags":[],"global-categories":[],"class_list":["post-8761","post","type-post","status-publish","format-standard","has-post-thumbnail","hentry","category-ciekawostki"],"yoast_head":"<!-- This site is optimized with the Yoast SEO Premium plugin v25.3 (Yoast SEO v25.9) - https:\/\/yoast.com\/wordpress\/plugins\/seo\/ -->\n<title>Cztery ma\u0142o znane historie wyj\u0105tkowych kobiet kolarek - \u0160koda We Love Cycling - Poland<\/title>\n<meta name=\"robots\" content=\"index, follow, max-snippet:-1, max-image-preview:large, max-video-preview:-1\" \/>\n<link rel=\"canonical\" href=\"https:\/\/www.welovecycling.com\/pl\/2019\/04\/03\/cztery-malo-znane-historie-wyjatkowych-kobiet-kolarek\/\" \/>\n<meta property=\"og:locale\" content=\"pl_PL\" \/>\n<meta property=\"og:type\" content=\"article\" \/>\n<meta property=\"og:title\" content=\"Cztery ma\u0142o znane historie wyj\u0105tkowych kobiet kolarek\" \/>\n<meta property=\"og:description\" content=\"Odk\u0105d odkryto zalety dw\u00f3ch k\u00f3\u0142ek, jazda na rowerze zacz\u0119\u0142a przyci\u0105ga\u0107 kobiety o r\u00f3\u017cnych zainteresowaniach i pochodzeniu. Rower odegra\u0142 wa\u017cn\u0105 rol\u0119 [&hellip;]\" \/>\n<meta property=\"og:url\" content=\"https:\/\/www.welovecycling.com\/pl\/2019\/04\/03\/cztery-malo-znane-historie-wyjatkowych-kobiet-kolarek\/\" \/>\n<meta property=\"og:site_name\" content=\"\u0160koda We Love Cycling - Poland\" \/>\n<meta property=\"article:published_time\" content=\"2019-04-03T18:13:25+00:00\" \/>\n<meta property=\"article:modified_time\" content=\"2019-04-08T13:40:22+00:00\" \/>\n<meta property=\"og:image\" content=\"https:\/\/d2p6e6u75xmxt8.cloudfront.net\/5\/2019\/04\/Suffrage_Cycling_CVR-1024x450.jpg\" \/>\n\t<meta property=\"og:image:width\" content=\"1024\" \/>\n\t<meta property=\"og:image:height\" content=\"450\" \/>\n\t<meta property=\"og:image:type\" content=\"image\/jpeg\" \/>\n<meta name=\"author\" content=\"piotrboczkowski\" \/>\n<meta name=\"twitter:card\" content=\"summary_large_image\" \/>\n<meta name=\"twitter:label1\" content=\"Written by\" \/>\n\t<meta name=\"twitter:data1\" content=\"Megan Flottorp\" \/>\n\t<meta name=\"twitter:label2\" content=\"Est. reading time\" \/>\n\t<meta name=\"twitter:data2\" content=\"5\" \/>\n<script type=\"application\/ld+json\" class=\"yoast-schema-graph\">{\"@context\":\"https:\/\/schema.org\",\"@graph\":[{\"@type\":\"WebPage\",\"@id\":\"https:\/\/www.welovecycling.com\/pl\/2019\/04\/03\/cztery-malo-znane-historie-wyjatkowych-kobiet-kolarek\/\",\"url\":\"https:\/\/www.welovecycling.com\/pl\/2019\/04\/03\/cztery-malo-znane-historie-wyjatkowych-kobiet-kolarek\/\",\"name\":\"Cztery ma\u0142o znane historie wyj\u0105tkowych kobiet kolarek - \u0160koda We Love Cycling - Poland\",\"isPartOf\":{\"@id\":\"https:\/\/www.welovecycling.com\/pl\/#website\"},\"primaryImageOfPage\":{\"@id\":\"https:\/\/www.welovecycling.com\/pl\/2019\/04\/03\/cztery-malo-znane-historie-wyjatkowych-kobiet-kolarek\/#primaryimage\"},\"image\":{\"@id\":\"https:\/\/www.welovecycling.com\/pl\/2019\/04\/03\/cztery-malo-znane-historie-wyjatkowych-kobiet-kolarek\/#primaryimage\"},\"thumbnailUrl\":\"https:\/\/d2p6e6u75xmxt8.cloudfront.net\/5\/2019\/04\/Suffrage_Cycling_CVR-1024x450.jpg\",\"datePublished\":\"2019-04-03T18:13:25+00:00\",\"dateModified\":\"2019-04-08T13:40:22+00:00\",\"author\":{\"@id\":\"https:\/\/www.welovecycling.com\/pl\/#\/schema\/person\/0dba2d39da943db9df3fd8f4687e7f23\"},\"breadcrumb\":{\"@id\":\"https:\/\/www.welovecycling.com\/pl\/2019\/04\/03\/cztery-malo-znane-historie-wyjatkowych-kobiet-kolarek\/#breadcrumb\"},\"inLanguage\":\"pl-PL\",\"potentialAction\":[{\"@type\":\"ReadAction\",\"target\":[\"https:\/\/www.welovecycling.com\/pl\/2019\/04\/03\/cztery-malo-znane-historie-wyjatkowych-kobiet-kolarek\/\"]}]},{\"@type\":\"ImageObject\",\"inLanguage\":\"pl-PL\",\"@id\":\"https:\/\/www.welovecycling.com\/pl\/2019\/04\/03\/cztery-malo-znane-historie-wyjatkowych-kobiet-kolarek\/#primaryimage\",\"url\":\"https:\/\/d2p6e6u75xmxt8.cloudfront.net\/5\/2019\/04\/Suffrage_Cycling_CVR-1024x450.jpg\",\"contentUrl\":\"https:\/\/d2p6e6u75xmxt8.cloudfront.net\/5\/2019\/04\/Suffrage_Cycling_CVR-1024x450.jpg\",\"width\":1024,\"height\":450},{\"@type\":\"BreadcrumbList\",\"@id\":\"https:\/\/www.welovecycling.com\/pl\/2019\/04\/03\/cztery-malo-znane-historie-wyjatkowych-kobiet-kolarek\/#breadcrumb\",\"itemListElement\":[{\"@type\":\"ListItem\",\"position\":1,\"name\":\"Home\",\"item\":\"https:\/\/www.welovecycling.com\/pl\/\"},{\"@type\":\"ListItem\",\"position\":2,\"name\":\"Cztery ma\u0142o znane historie wyj\u0105tkowych kobiet kolarek\"}]},{\"@type\":\"WebSite\",\"@id\":\"https:\/\/www.welovecycling.com\/pl\/#website\",\"url\":\"https:\/\/www.welovecycling.com\/pl\/\",\"name\":\"\u0160koda We Love Cycling - Poland\",\"description\":\"\",\"potentialAction\":[{\"@type\":\"SearchAction\",\"target\":{\"@type\":\"EntryPoint\",\"urlTemplate\":\"https:\/\/www.welovecycling.com\/pl\/?s={search_term_string}\"},\"query-input\":{\"@type\":\"PropertyValueSpecification\",\"valueRequired\":true,\"valueName\":\"search_term_string\"}}],\"inLanguage\":\"pl-PL\"},{\"@type\":\"Person\",\"@id\":\"https:\/\/www.welovecycling.com\/pl\/#\/schema\/person\/0dba2d39da943db9df3fd8f4687e7f23\",\"name\":\"piotrboczkowski\",\"image\":{\"@type\":\"ImageObject\",\"inLanguage\":\"pl-PL\",\"@id\":\"https:\/\/www.welovecycling.com\/pl\/#\/schema\/person\/image\/\",\"url\":\"https:\/\/secure.gravatar.com\/avatar\/533caccae14752e03a2ce2d3fd62d1b98b93e1393c3195c27819e53344ca1ace?s=96&d=mm&r=g\",\"contentUrl\":\"https:\/\/secure.gravatar.com\/avatar\/533caccae14752e03a2ce2d3fd62d1b98b93e1393c3195c27819e53344ca1ace?s=96&d=mm&r=g\",\"caption\":\"piotrboczkowski\"},\"url\":\"https:\/\/www.welovecycling.com\/pl\/author\/piotrboczkowski\/\"}]}<\/script>\n<!-- \/ Yoast SEO Premium plugin. -->","yoast_head_json":{"title":"Cztery ma\u0142o znane historie wyj\u0105tkowych kobiet kolarek - \u0160koda We Love Cycling - Poland","robots":{"index":"index","follow":"follow","max-snippet":"max-snippet:-1","max-image-preview":"max-image-preview:large","max-video-preview":"max-video-preview:-1"},"canonical":"https:\/\/www.welovecycling.com\/pl\/2019\/04\/03\/cztery-malo-znane-historie-wyjatkowych-kobiet-kolarek\/","og_locale":"pl_PL","og_type":"article","og_title":"Cztery ma\u0142o znane historie wyj\u0105tkowych kobiet kolarek","og_description":"Odk\u0105d odkryto zalety dw\u00f3ch k\u00f3\u0142ek, jazda na rowerze zacz\u0119\u0142a przyci\u0105ga\u0107 kobiety o r\u00f3\u017cnych zainteresowaniach i pochodzeniu. Rower odegra\u0142 wa\u017cn\u0105 rol\u0119 [&hellip;]","og_url":"https:\/\/www.welovecycling.com\/pl\/2019\/04\/03\/cztery-malo-znane-historie-wyjatkowych-kobiet-kolarek\/","og_site_name":"\u0160koda We Love Cycling - Poland","article_published_time":"2019-04-03T18:13:25+00:00","article_modified_time":"2019-04-08T13:40:22+00:00","og_image":[{"width":1024,"height":450,"url":"https:\/\/d2p6e6u75xmxt8.cloudfront.net\/5\/2019\/04\/Suffrage_Cycling_CVR-1024x450.jpg","type":"image\/jpeg"}],"author":"piotrboczkowski","twitter_card":"summary_large_image","twitter_misc":{"Written by":"Megan Flottorp","Est. reading time":"5"},"schema":{"@context":"https:\/\/schema.org","@graph":[{"@type":"WebPage","@id":"https:\/\/www.welovecycling.com\/pl\/2019\/04\/03\/cztery-malo-znane-historie-wyjatkowych-kobiet-kolarek\/","url":"https:\/\/www.welovecycling.com\/pl\/2019\/04\/03\/cztery-malo-znane-historie-wyjatkowych-kobiet-kolarek\/","name":"Cztery ma\u0142o znane historie wyj\u0105tkowych kobiet kolarek - \u0160koda We Love Cycling - Poland","isPartOf":{"@id":"https:\/\/www.welovecycling.com\/pl\/#website"},"primaryImageOfPage":{"@id":"https:\/\/www.welovecycling.com\/pl\/2019\/04\/03\/cztery-malo-znane-historie-wyjatkowych-kobiet-kolarek\/#primaryimage"},"image":{"@id":"https:\/\/www.welovecycling.com\/pl\/2019\/04\/03\/cztery-malo-znane-historie-wyjatkowych-kobiet-kolarek\/#primaryimage"},"thumbnailUrl":"https:\/\/d2p6e6u75xmxt8.cloudfront.net\/5\/2019\/04\/Suffrage_Cycling_CVR-1024x450.jpg","datePublished":"2019-04-03T18:13:25+00:00","dateModified":"2019-04-08T13:40:22+00:00","author":{"@id":"https:\/\/www.welovecycling.com\/pl\/#\/schema\/person\/0dba2d39da943db9df3fd8f4687e7f23"},"breadcrumb":{"@id":"https:\/\/www.welovecycling.com\/pl\/2019\/04\/03\/cztery-malo-znane-historie-wyjatkowych-kobiet-kolarek\/#breadcrumb"},"inLanguage":"pl-PL","potentialAction":[{"@type":"ReadAction","target":["https:\/\/www.welovecycling.com\/pl\/2019\/04\/03\/cztery-malo-znane-historie-wyjatkowych-kobiet-kolarek\/"]}]},{"@type":"ImageObject","inLanguage":"pl-PL","@id":"https:\/\/www.welovecycling.com\/pl\/2019\/04\/03\/cztery-malo-znane-historie-wyjatkowych-kobiet-kolarek\/#primaryimage","url":"https:\/\/d2p6e6u75xmxt8.cloudfront.net\/5\/2019\/04\/Suffrage_Cycling_CVR-1024x450.jpg","contentUrl":"https:\/\/d2p6e6u75xmxt8.cloudfront.net\/5\/2019\/04\/Suffrage_Cycling_CVR-1024x450.jpg","width":1024,"height":450},{"@type":"BreadcrumbList","@id":"https:\/\/www.welovecycling.com\/pl\/2019\/04\/03\/cztery-malo-znane-historie-wyjatkowych-kobiet-kolarek\/#breadcrumb","itemListElement":[{"@type":"ListItem","position":1,"name":"Home","item":"https:\/\/www.welovecycling.com\/pl\/"},{"@type":"ListItem","position":2,"name":"Cztery ma\u0142o znane historie wyj\u0105tkowych kobiet kolarek"}]},{"@type":"WebSite","@id":"https:\/\/www.welovecycling.com\/pl\/#website","url":"https:\/\/www.welovecycling.com\/pl\/","name":"\u0160koda We Love Cycling - Poland","description":"","potentialAction":[{"@type":"SearchAction","target":{"@type":"EntryPoint","urlTemplate":"https:\/\/www.welovecycling.com\/pl\/?s={search_term_string}"},"query-input":{"@type":"PropertyValueSpecification","valueRequired":true,"valueName":"search_term_string"}}],"inLanguage":"pl-PL"},{"@type":"Person","@id":"https:\/\/www.welovecycling.com\/pl\/#\/schema\/person\/0dba2d39da943db9df3fd8f4687e7f23","name":"piotrboczkowski","image":{"@type":"ImageObject","inLanguage":"pl-PL","@id":"https:\/\/www.welovecycling.com\/pl\/#\/schema\/person\/image\/","url":"https:\/\/secure.gravatar.com\/avatar\/533caccae14752e03a2ce2d3fd62d1b98b93e1393c3195c27819e53344ca1ace?s=96&d=mm&r=g","contentUrl":"https:\/\/secure.gravatar.com\/avatar\/533caccae14752e03a2ce2d3fd62d1b98b93e1393c3195c27819e53344ca1ace?s=96&d=mm&r=g","caption":"piotrboczkowski"},"url":"https:\/\/www.welovecycling.com\/pl\/author\/piotrboczkowski\/"}]}},"_links":{"self":[{"href":"https:\/\/www.welovecycling.com\/pl\/wp-json\/wp\/v2\/posts\/8761","targetHints":{"allow":["GET"]}}],"collection":[{"href":"https:\/\/www.welovecycling.com\/pl\/wp-json\/wp\/v2\/posts"}],"about":[{"href":"https:\/\/www.welovecycling.com\/pl\/wp-json\/wp\/v2\/types\/post"}],"author":[{"embeddable":true,"href":"https:\/\/www.welovecycling.com\/pl\/wp-json\/wp\/v2\/users\/76"}],"replies":[{"embeddable":true,"href":"https:\/\/www.welovecycling.com\/pl\/wp-json\/wp\/v2\/comments?post=8761"}],"version-history":[{"count":1,"href":"https:\/\/www.welovecycling.com\/pl\/wp-json\/wp\/v2\/posts\/8761\/revisions"}],"predecessor-version":[{"id":8763,"href":"https:\/\/www.welovecycling.com\/pl\/wp-json\/wp\/v2\/posts\/8761\/revisions\/8763"}],"wp:featuredmedia":[{"embeddable":true,"href":"https:\/\/www.welovecycling.com\/pl\/wp-json\/wp\/v2\/media\/8762"}],"wp:attachment":[{"href":"https:\/\/www.welovecycling.com\/pl\/wp-json\/wp\/v2\/media?parent=8761"}],"wp:term":[{"taxonomy":"category","embeddable":true,"href":"https:\/\/www.welovecycling.com\/pl\/wp-json\/wp\/v2\/categories?post=8761"},{"taxonomy":"post_tag","embeddable":true,"href":"https:\/\/www.welovecycling.com\/pl\/wp-json\/wp\/v2\/tags?post=8761"},{"taxonomy":"global-categories","embeddable":true,"href":"https:\/\/www.welovecycling.com\/pl\/wp-json\/wp\/v2\/global-categories?post=8761"}],"curies":[{"name":"wp","href":"https:\/\/api.w.org\/{rel}","templated":true}]}}