{"id":8753,"date":"2019-04-01T17:02:08","date_gmt":"2019-04-01T17:02:08","guid":{"rendered":"https:\/\/www.welovecycling.com\/pl\/?p=8753"},"modified":"2019-04-02T06:09:34","modified_gmt":"2019-04-02T06:09:34","slug":"oto-kopalnia-rowerowych-przezyc-podejmujesz-wyzwanie","status":"publish","type":"post","link":"https:\/\/www.welovecycling.com\/pl\/2019\/04\/01\/oto-kopalnia-rowerowych-przezyc-podejmujesz-wyzwanie\/","title":{"rendered":"Oto kopalnia rowerowych prze\u017cy\u0107. Podejmujesz wyzwanie?"},"content":{"rendered":"<p><strong>To jedna z tras, gdzie ka\u017cdy znajdzie co\u015b dla siebie. Zr\u00f3\u017cnicowanie jest tak wielkie, \u017ce ucz\u0119szczaj\u0105 j\u0105 pielgrzymi, ale uwielbiaj\u0105 r\u00f3wnie\u017c imprezowicze. Zobaczcie, co rowerzystom oferuje Eurovelo 3.<\/strong><\/p>\n<p>Ta trasa to kopalnia kontrast\u00f3w. Przyk\u0142ad? Zaczyna si\u0119 w Trondheim, gdzie w momencie pisania tego tekstu temperatura wynosi\u0142a 2 stopnie, a ko\u0144czy w Santiago de Compostela, gdzie termometry wskazywa\u0142y blisko 20. Do tego jedzie si\u0119 fragmentami p\u0142askimi, by p\u00f3\u017aniej rozpocz\u0105\u0107 g\u00f3rsk\u0105 wspinaczk\u0119.<\/p>\n<p>Podobne zr\u00f3\u017cnicowanie jest w mijanych po drodze miastach. \u201eChcesz wsi\u0105\u015b\u0107 na rower i poobcowa\u0107 z kultur\u0105, ale r\u00f3wnocze\u015bnie troch\u0119 poimprezowa\u0107? Eurovelo 3 jest optymalnym rozwi\u0105zaniem\u201d \u2013 pisz\u0105 autorzy jednej z europejskich tras.<\/p>\n<p><strong>Kawior w nagrod\u0119<\/strong><\/p>\n<p>Zaczyna si\u0119 w Norwegii, a nast\u0119pnie wiedzie przez Szwecj\u0119 i Dani\u0119. W tym pierwszym pa\u0144stwie pojawia si\u0119 \u015bwietna propozycja na d\u0142u\u017cszy pobyt. Mi\u0119dzy Oslo a Goeteborgiem znajduje si\u0119 miasteczko Lysekil. Tam mo\u017cna pospacerowa\u0107 pla\u017c\u0105 \u00a0lub odpocz\u0105\u0107 w okolicach pi\u0119knego portu (w ko\u0144cu w nogach b\u0119dziemy mieli przejechane ju\u017c 700 km).<\/p>\n<p>\u201eUrocze wille i s\u0142ynny, przepyszny kawior z Lysekil sprawiaj\u0105, \u017ce jest to bardzo popularny cel podr\u00f3\u017cy i \u015bwietne miejsce odpoczynku dla pielgrzym\u00f3w\u201d \u2013 pisz\u0105 tw\u00f3rcy Eurovelo 3.<\/p>\n<p>Kolejne miejsca na tej trasie wi\u0105\u017c\u0105 si\u0119 w\u0142a\u015bnie z turystyk\u0105 sakraln\u0105, kt\u00f3ra z jednej strony ma wzmocni\u0107 ducha, a z drugiej nacieszy\u0107 cia\u0142o, a szczeg\u00f3lnie oczy. A jest czym, bo zabytki naprawd\u0119 robi\u0105 ogromne wra\u017cenie.<\/p>\n<p><strong>Poczu\u0107 si\u0119 jak na Tour de France<\/strong><\/p>\n<p>Przenie\u015bmy si\u0119 do Niemiec. Tam znajduje si\u0119 katedra w Akwizgranie, za kt\u00f3rej murami kryje si\u0119 kaplica zbudowana w VIII w. Wielkie wra\u017cenie robi te\u017c pot\u0119\u017cn\u0105 katedra w Kolonii, kt\u00f3ra jednak schodzi w cie\u0144 przy pi\u0119knej francuskiej Notre-Dame, kt\u00f3ra r\u00f3wnie\u017c znajduje si\u0119 na trasie przejazdu i bez problemu mo\u017cna dotrze\u0107 do niej rowerem.<\/p>\n<p>Zreszt\u0105 Pary\u017c to miasto, w kt\u00f3rym mo\u017cna wytyczy\u0107 nie 2-3 atrakcje turystyczne dla rowerzyst\u00f3w, ale ca\u0142\u0105 osobn\u0105 tras\u0119, kt\u00f3rej pokonanie zaj\u0119\u0142oby tydzie\u0144, a nawet d\u0142u\u017cej.<\/p>\n<p>Mo\u017cna poczu\u0107 si\u0119 jak zwyci\u0119zca Tour de France w okolicach Wie\u017cy Eiffla, P\u00f3l Elizejskich i \u0141uku Triumfalnego, przejecha\u0107 w okolicach budynk\u00f3w Sorbony, zwiedzie\u0107 opery i muzea, a wieczorem spr\u00f3bowa\u0107 dosta\u0107 si\u0119 na spektakl do s\u0142ynnego Moulin Rouge.<\/p>\n<p>Rowerem przyjemnie zwiedza si\u0119 r\u00f3wnie\u017c przedmie\u015bcia Pary\u017ca, a nawet dzielnice biznesowe. S\u0142owem \u2013 trzeba uwa\u017ca\u0107, by nasz pobyt w stolicy Francji nie przed\u0142u\u017cy\u0142 si\u0119 o dobrych kilka dni.<\/p>\n<p><strong>Ulga po hiszpa\u0144sku<\/strong><\/p>\n<p>Szczeg\u00f3lnie, \u017ce do mety Eurovelo 3 jeszcze blisko p\u00f3\u0142tora tysi\u0105ca kilometr\u00f3w i kolejne kapitalne miejsca do zobaczenia. Nast\u0119pnym kontrastem jest przeniesienie si\u0119 z wielomilionowego Pary\u017ca do opactwa Saint-Savin-sur-Gartempe. Wed\u0142ug historycznych poda\u0144 za\u0142o\u017cycielami wsp\u00f3lnoty byli bracia Savin i Cyprian, kt\u00f3rzy osiedlili si\u0119 tutaj uciekaj\u0105c przed prze\u015bladowaniami w Macedonii. W ko\u0144cu jednak zostali schwytani i straceni przez \u015bci\u0119cie g\u0142\u00f3w, a 300 lat p\u00f3\u017aniej w miejscu ich mordu wybudowano opactwo, kt\u00f3re czasami nazywane jest \u201eroma\u0144sk\u0105 kaplic\u0105 syksty\u0144sk\u0105\u201d. \u201eTam te\u017c znajduje si\u0119 najwi\u0119ksza w Europie kolekcja obraz\u00f3w roma\u0144skich\u201d &#8211; reklamuj\u0105 autorzy Eurovelo3.<\/p>\n<p>Na koniec Hiszpania, o kt\u00f3rej rowerowych zaletach pisali\u015bmy m.in. tutaj:<br \/>\n<div class=\"shortcode-ys-post-pinup\"><article class=\"loop-simple post-8363 post type-post status-publish format-standard has-post-thumbnail hentry category-ciekawostki\" data-postid=\"8363\" role=\"article\" data-post-id=\"8363\" data-word-count=\"607\" data-headline-length=\"70\" data-category=\"Ciekawostki\" data-author=\"Piotr Jawor\" data-published=\"2019-01-17T23:37:11+00:00\" data-published-day=\"Thursday\">\n    <div class=\"entry-thumbnail article-thumbnail\" content=\"https:\/\/d2p6e6u75xmxt8.cloudfront.net\/5\/2018\/08\/profimedia-0306469011-1-150x150.jpg\"><a href=\"https:\/\/www.welovecycling.com\/pl\/2019\/01\/17\/8363\/\" class=\"image-holder\" target=\"_self\"><img decoding=\"async\" loading=\"lazy\" class=\"\" src=\"https:\/\/d2p6e6u75xmxt8.cloudfront.net\/5\/2018\/08\/profimedia-0306469011-1-1024x450.jpg\" srcset=\"https:\/\/d2p6e6u75xmxt8.cloudfront.net\/5\/2018\/08\/profimedia-0306469011-1.jpg 1366w, https:\/\/d2p6e6u75xmxt8.cloudfront.net\/5\/2018\/08\/profimedia-0306469011-1-300x132.jpg 300w, https:\/\/d2p6e6u75xmxt8.cloudfront.net\/5\/2018\/08\/profimedia-0306469011-1-768x337.jpg 768w, https:\/\/d2p6e6u75xmxt8.cloudfront.net\/5\/2018\/08\/profimedia-0306469011-1-1024x450.jpg 1024w\" width=\"1024\" height=\"450\" sizes=\"auto, (min-width: 1200px) 456px, (min-width: 768px) 38vw, 100vw\" alt=\"8363\"\/><\/a><\/div>    <div class=\"entry-meta\">\n        <a class=\"label label-secondary post-category\" href=\"https:\/\/www.welovecycling.com\/pl\/category\/ciekawostki\/\" title=\"Ciekawostki\">Ciekawostki<\/a>\n    <\/div>\n    <div class=\"entry-details\">\n        <a href=\"https:\/\/www.welovecycling.com\/pl\/2019\/01\/17\/8363\/\" class='entry-title-wrapper'>\n            <h3 class=\"entry-title\"><span>G\u00f3ry, winnice i niesamowite widoki. Witajcie w raju dla rowerzyst\u00f3w!<\/span><\/h3>\n        <\/a>\n    <\/div>\n    <\/article>\n<\/div><br \/>\nOpr\u00f3cz niezaprzeczalnych urok\u00f3w \u017cycia nocnego (tapasy zajadane od zmierzchu do \u015bwitu oraz kolacje zaczynaj\u0105ce si\u0119 o godz. 22 i ko\u0144cz\u0105ce nad ranem), warto te\u017c przeznaczy\u0107 czas na zwiedzanie klasztoru San Mill\u00e1n.<\/p>\n<p>To, a tak\u017ce kilka innych miejsc s\u0105 jednak tylko przystawk\u0105 przed gwo\u017adziem programu, czyli wizyt\u0105 w Santiago de Compostela. \u201eWidok katedry wielu turystom i pielgrzymom przynosi poczucie ulgi\u201d \u2013 pisz\u0105 tw\u00f3rcy Eurovelo 3 i maj\u0105 racj\u0119, bo je\u015bli kto\u015b przejecha\u0142 ca\u0142\u0105 proponowan\u0105 przez nich tras\u0119, to znaczy, \u017ce w ma w nogach ponad\u2026 5 tys. kilometr\u00f3w.<\/p>\n<p>\u201ePami\u0119taj jednak, \u017ce to tylko propozycja. R\u00f3wnie przyjemne jest przejechanie nawet bardzo kr\u00f3tkiego fragmentu tej trasy\u201d \u2013 dodaj\u0105.<\/p>\n<p><img decoding=\"async\" src=\"http:\/\/www.eurovelo.com\/en\/eurovelos\/eurovelo-3\/imageMap\" alt=\"\" \/><\/p>\n<p>*********************<\/p>\n<p>Eurovelo to og\u00f3lnoeuropejska sie\u0107 tras rowerowych. Wiod\u0105 one przez 43 pa\u0144stwa i \u0142\u0105cznie maj\u0105 ponad 70 tys. km d\u0142ugo\u015bci. To projekt Europejskiej Federacji Cyklist\u00f3w, wsp\u00f3\u0142finansowany przez Uni\u0119 Europejsk\u0105. Ca\u0142o\u015b\u0107 ma by\u0107 uko\u0144czona w 2020 r.<\/p>\n<div class=\"shortcode-ys-post-pinup\"><article class=\"loop-simple post-8626 post type-post status-publish format-standard has-post-thumbnail hentry category-ciekawostki category-kolarstwo-szosowe\" data-postid=\"8626\" role=\"article\" data-post-id=\"8626\" data-word-count=\"487\" data-headline-length=\"40\" data-category=\"Ciekawostki\" data-author=\"Piotr Jawor\" data-published=\"2019-03-04T07:17:31+00:00\" data-published-day=\"Monday\">\n    <div class=\"entry-thumbnail article-thumbnail\" content=\"https:\/\/d2p6e6u75xmxt8.cloudfront.net\/5\/2019\/03\/image3-150x150.jpg\"><a href=\"https:\/\/www.welovecycling.com\/pl\/2019\/03\/04\/oto-pomysl-na-rowerowa-wyprawe-zycia\/\" class=\"image-holder\" target=\"_self\"><img decoding=\"async\" loading=\"lazy\" class=\"\" src=\"https:\/\/d2p6e6u75xmxt8.cloudfront.net\/5\/2019\/03\/image3.jpg\" srcset=\"https:\/\/d2p6e6u75xmxt8.cloudfront.net\/5\/2019\/03\/image3.jpg 990w, https:\/\/d2p6e6u75xmxt8.cloudfront.net\/5\/2019\/03\/image3-300x106.jpg 300w, https:\/\/d2p6e6u75xmxt8.cloudfront.net\/5\/2019\/03\/image3-768x272.jpg 768w\" width=\"990\" height=\"350\" sizes=\"auto, (min-width: 1200px) 566px, (min-width: 768px) 47vw, 100vw\" alt=\"oto-pomysl-na-rowerowa-wyprawe-zycia\"\/><\/a><\/div>    <div class=\"entry-meta\">\n        <a class=\"label label-secondary post-category\" href=\"https:\/\/www.welovecycling.com\/pl\/category\/ciekawostki\/\" title=\"Ciekawostki\">Ciekawostki<\/a>\n    <\/div>\n    <div class=\"entry-details\">\n        <a href=\"https:\/\/www.welovecycling.com\/pl\/2019\/03\/04\/oto-pomysl-na-rowerowa-wyprawe-zycia\/\" class='entry-title-wrapper'>\n            <h3 class=\"entry-title\"><span>Oto pomys\u0142 na rowerow\u0105 wypraw\u0119 \u017cycia<\/span><\/h3>\n        <\/a>\n    <\/div>\n    <\/article>\n<\/div>\n<div class=\"shortcode-ys-post-pinup\"><article class=\"loop-simple post-8643 post type-post status-publish format-standard has-post-thumbnail hentry category-ciekawostki category-kolarstwo-szosowe\" data-postid=\"8643\" role=\"article\" data-post-id=\"8643\" data-word-count=\"427\" data-headline-length=\"56\" data-category=\"Ciekawostki\" data-author=\"Piotr Jawor\" data-published=\"2019-03-08T06:50:08+00:00\" data-published-day=\"Friday\">\n    <div class=\"entry-thumbnail article-thumbnail\" content=\"https:\/\/d2p6e6u75xmxt8.cloudfront.net\/5\/2019\/03\/ev2-150x150.png\"><a href=\"https:\/\/www.welovecycling.com\/pl\/2019\/03\/08\/polska-na-rowerowej-mapie-europy-gdzie-warto-pojechac\/\" class=\"image-holder\" target=\"_self\"><img decoding=\"async\" loading=\"lazy\" class=\"\" src=\"https:\/\/d2p6e6u75xmxt8.cloudfront.net\/5\/2019\/03\/ev2-903x1024.png\" srcset=\"https:\/\/d2p6e6u75xmxt8.cloudfront.net\/5\/2019\/03\/ev2.png 1184w, https:\/\/d2p6e6u75xmxt8.cloudfront.net\/5\/2019\/03\/ev2-264x300.png 264w, https:\/\/d2p6e6u75xmxt8.cloudfront.net\/5\/2019\/03\/ev2-768x871.png 768w, https:\/\/d2p6e6u75xmxt8.cloudfront.net\/5\/2019\/03\/ev2-903x1024.png 903w\" width=\"903\" height=\"1024\" sizes=\"auto, (min-width: 1200px) 300px, (min-width: 768px) 25vw, 100vw\" alt=\"polska-na-rowerowej-mapie-europy-gdzie-warto-pojechac\"\/><\/a><\/div>    <div class=\"entry-meta\">\n        <a class=\"label label-secondary post-category\" href=\"https:\/\/www.welovecycling.com\/pl\/category\/ciekawostki\/\" title=\"Ciekawostki\">Ciekawostki<\/a>\n    <\/div>\n    <div class=\"entry-details\">\n        <a href=\"https:\/\/www.welovecycling.com\/pl\/2019\/03\/08\/polska-na-rowerowej-mapie-europy-gdzie-warto-pojechac\/\" class='entry-title-wrapper'>\n            <h3 class=\"entry-title\"><span>Polska na rowerowej mapie Europy. Gdzie warto pojecha\u0107?<\/span><\/h3>\n        <\/a>\n    <\/div>\n    <\/article>\n<\/div>\n","protected":false},"excerpt":{"rendered":"<p>To jedna z tras, gdzie ka\u017cdy znajdzie co\u015b dla siebie. Zr\u00f3\u017cnicowanie jest tak wielkie, \u017ce ucz\u0119szczaj\u0105 j\u0105 pielgrzymi, ale uwielbiaj\u0105 [&hellip;]<\/p>\n","protected":false},"author":76,"featured_media":8754,"comment_status":"open","ping_status":"open","sticky":false,"template":"","format":"standard","meta":{"footnotes":""},"categories":[226,6],"tags":[],"global-categories":[],"class_list":["post-8753","post","type-post","status-publish","format-standard","has-post-thumbnail","hentry","category-ciekawostki","category-kolarstwo-szosowe"],"yoast_head":"<!-- This site is optimized with the Yoast SEO Premium plugin v25.3 (Yoast SEO v25.9) - https:\/\/yoast.com\/wordpress\/plugins\/seo\/ -->\n<title>Oto kopalnia rowerowych prze\u017cy\u0107. Podejmujesz wyzwanie? - \u0160koda We Love Cycling - Poland<\/title>\n<meta name=\"robots\" content=\"index, follow, max-snippet:-1, max-image-preview:large, max-video-preview:-1\" \/>\n<link rel=\"canonical\" href=\"https:\/\/www.welovecycling.com\/pl\/2019\/04\/01\/oto-kopalnia-rowerowych-przezyc-podejmujesz-wyzwanie\/\" \/>\n<meta property=\"og:locale\" content=\"pl_PL\" \/>\n<meta property=\"og:type\" content=\"article\" \/>\n<meta property=\"og:title\" content=\"Oto kopalnia rowerowych prze\u017cy\u0107. Podejmujesz wyzwanie?\" \/>\n<meta property=\"og:description\" content=\"To jedna z tras, gdzie ka\u017cdy znajdzie co\u015b dla siebie. Zr\u00f3\u017cnicowanie jest tak wielkie, \u017ce ucz\u0119szczaj\u0105 j\u0105 pielgrzymi, ale uwielbiaj\u0105 [&hellip;]\" \/>\n<meta property=\"og:url\" content=\"https:\/\/www.welovecycling.com\/pl\/2019\/04\/01\/oto-kopalnia-rowerowych-przezyc-podejmujesz-wyzwanie\/\" \/>\n<meta property=\"og:site_name\" content=\"\u0160koda We Love Cycling - Poland\" \/>\n<meta property=\"article:published_time\" content=\"2019-04-01T17:02:08+00:00\" \/>\n<meta property=\"article:modified_time\" content=\"2019-04-02T06:09:34+00:00\" \/>\n<meta property=\"og:image\" content=\"https:\/\/d2p6e6u75xmxt8.cloudfront.net\/5\/2019\/04\/image1.jpg\" \/>\n\t<meta property=\"og:image:width\" content=\"990\" \/>\n\t<meta property=\"og:image:height\" content=\"349\" \/>\n\t<meta property=\"og:image:type\" content=\"image\/jpeg\" \/>\n<meta name=\"author\" content=\"piotrboczkowski\" \/>\n<meta name=\"twitter:card\" content=\"summary_large_image\" \/>\n<meta name=\"twitter:label1\" content=\"Written by\" \/>\n\t<meta name=\"twitter:data1\" content=\"Piotr Jawor\" \/>\n\t<meta name=\"twitter:label2\" content=\"Est. reading time\" \/>\n\t<meta name=\"twitter:data2\" content=\"4\" \/>\n<script type=\"application\/ld+json\" class=\"yoast-schema-graph\">{\"@context\":\"https:\/\/schema.org\",\"@graph\":[{\"@type\":\"WebPage\",\"@id\":\"https:\/\/www.welovecycling.com\/pl\/2019\/04\/01\/oto-kopalnia-rowerowych-przezyc-podejmujesz-wyzwanie\/\",\"url\":\"https:\/\/www.welovecycling.com\/pl\/2019\/04\/01\/oto-kopalnia-rowerowych-przezyc-podejmujesz-wyzwanie\/\",\"name\":\"Oto kopalnia rowerowych prze\u017cy\u0107. Podejmujesz wyzwanie? - \u0160koda We Love Cycling - Poland\",\"isPartOf\":{\"@id\":\"https:\/\/www.welovecycling.com\/pl\/#website\"},\"primaryImageOfPage\":{\"@id\":\"https:\/\/www.welovecycling.com\/pl\/2019\/04\/01\/oto-kopalnia-rowerowych-przezyc-podejmujesz-wyzwanie\/#primaryimage\"},\"image\":{\"@id\":\"https:\/\/www.welovecycling.com\/pl\/2019\/04\/01\/oto-kopalnia-rowerowych-przezyc-podejmujesz-wyzwanie\/#primaryimage\"},\"thumbnailUrl\":\"https:\/\/d2p6e6u75xmxt8.cloudfront.net\/5\/2019\/04\/image1.jpg\",\"datePublished\":\"2019-04-01T17:02:08+00:00\",\"dateModified\":\"2019-04-02T06:09:34+00:00\",\"author\":{\"@id\":\"https:\/\/www.welovecycling.com\/pl\/#\/schema\/person\/0dba2d39da943db9df3fd8f4687e7f23\"},\"breadcrumb\":{\"@id\":\"https:\/\/www.welovecycling.com\/pl\/2019\/04\/01\/oto-kopalnia-rowerowych-przezyc-podejmujesz-wyzwanie\/#breadcrumb\"},\"inLanguage\":\"pl-PL\",\"potentialAction\":[{\"@type\":\"ReadAction\",\"target\":[\"https:\/\/www.welovecycling.com\/pl\/2019\/04\/01\/oto-kopalnia-rowerowych-przezyc-podejmujesz-wyzwanie\/\"]}]},{\"@type\":\"ImageObject\",\"inLanguage\":\"pl-PL\",\"@id\":\"https:\/\/www.welovecycling.com\/pl\/2019\/04\/01\/oto-kopalnia-rowerowych-przezyc-podejmujesz-wyzwanie\/#primaryimage\",\"url\":\"https:\/\/d2p6e6u75xmxt8.cloudfront.net\/5\/2019\/04\/image1.jpg\",\"contentUrl\":\"https:\/\/d2p6e6u75xmxt8.cloudfront.net\/5\/2019\/04\/image1.jpg\",\"width\":990,\"height\":349,\"caption\":\"http:\/\/www.eurovelo.com\/en\/eurovelos\/eurovelo-3\"},{\"@type\":\"BreadcrumbList\",\"@id\":\"https:\/\/www.welovecycling.com\/pl\/2019\/04\/01\/oto-kopalnia-rowerowych-przezyc-podejmujesz-wyzwanie\/#breadcrumb\",\"itemListElement\":[{\"@type\":\"ListItem\",\"position\":1,\"name\":\"Home\",\"item\":\"https:\/\/www.welovecycling.com\/pl\/\"},{\"@type\":\"ListItem\",\"position\":2,\"name\":\"Oto kopalnia rowerowych prze\u017cy\u0107. Podejmujesz wyzwanie?\"}]},{\"@type\":\"WebSite\",\"@id\":\"https:\/\/www.welovecycling.com\/pl\/#website\",\"url\":\"https:\/\/www.welovecycling.com\/pl\/\",\"name\":\"\u0160koda We Love Cycling - Poland\",\"description\":\"\",\"potentialAction\":[{\"@type\":\"SearchAction\",\"target\":{\"@type\":\"EntryPoint\",\"urlTemplate\":\"https:\/\/www.welovecycling.com\/pl\/?s={search_term_string}\"},\"query-input\":{\"@type\":\"PropertyValueSpecification\",\"valueRequired\":true,\"valueName\":\"search_term_string\"}}],\"inLanguage\":\"pl-PL\"},{\"@type\":\"Person\",\"@id\":\"https:\/\/www.welovecycling.com\/pl\/#\/schema\/person\/0dba2d39da943db9df3fd8f4687e7f23\",\"name\":\"piotrboczkowski\",\"image\":{\"@type\":\"ImageObject\",\"inLanguage\":\"pl-PL\",\"@id\":\"https:\/\/www.welovecycling.com\/pl\/#\/schema\/person\/image\/\",\"url\":\"https:\/\/secure.gravatar.com\/avatar\/533caccae14752e03a2ce2d3fd62d1b98b93e1393c3195c27819e53344ca1ace?s=96&d=mm&r=g\",\"contentUrl\":\"https:\/\/secure.gravatar.com\/avatar\/533caccae14752e03a2ce2d3fd62d1b98b93e1393c3195c27819e53344ca1ace?s=96&d=mm&r=g\",\"caption\":\"piotrboczkowski\"},\"url\":\"https:\/\/www.welovecycling.com\/pl\/author\/piotrboczkowski\/\"}]}<\/script>\n<!-- \/ Yoast SEO Premium plugin. -->","yoast_head_json":{"title":"Oto kopalnia rowerowych prze\u017cy\u0107. Podejmujesz wyzwanie? - \u0160koda We Love Cycling - Poland","robots":{"index":"index","follow":"follow","max-snippet":"max-snippet:-1","max-image-preview":"max-image-preview:large","max-video-preview":"max-video-preview:-1"},"canonical":"https:\/\/www.welovecycling.com\/pl\/2019\/04\/01\/oto-kopalnia-rowerowych-przezyc-podejmujesz-wyzwanie\/","og_locale":"pl_PL","og_type":"article","og_title":"Oto kopalnia rowerowych prze\u017cy\u0107. Podejmujesz wyzwanie?","og_description":"To jedna z tras, gdzie ka\u017cdy znajdzie co\u015b dla siebie. Zr\u00f3\u017cnicowanie jest tak wielkie, \u017ce ucz\u0119szczaj\u0105 j\u0105 pielgrzymi, ale uwielbiaj\u0105 [&hellip;]","og_url":"https:\/\/www.welovecycling.com\/pl\/2019\/04\/01\/oto-kopalnia-rowerowych-przezyc-podejmujesz-wyzwanie\/","og_site_name":"\u0160koda We Love Cycling - Poland","article_published_time":"2019-04-01T17:02:08+00:00","article_modified_time":"2019-04-02T06:09:34+00:00","og_image":[{"width":990,"height":349,"url":"https:\/\/d2p6e6u75xmxt8.cloudfront.net\/5\/2019\/04\/image1.jpg","type":"image\/jpeg"}],"author":"piotrboczkowski","twitter_card":"summary_large_image","twitter_misc":{"Written by":"Piotr Jawor","Est. reading time":"4"},"schema":{"@context":"https:\/\/schema.org","@graph":[{"@type":"WebPage","@id":"https:\/\/www.welovecycling.com\/pl\/2019\/04\/01\/oto-kopalnia-rowerowych-przezyc-podejmujesz-wyzwanie\/","url":"https:\/\/www.welovecycling.com\/pl\/2019\/04\/01\/oto-kopalnia-rowerowych-przezyc-podejmujesz-wyzwanie\/","name":"Oto kopalnia rowerowych prze\u017cy\u0107. Podejmujesz wyzwanie? - \u0160koda We Love Cycling - Poland","isPartOf":{"@id":"https:\/\/www.welovecycling.com\/pl\/#website"},"primaryImageOfPage":{"@id":"https:\/\/www.welovecycling.com\/pl\/2019\/04\/01\/oto-kopalnia-rowerowych-przezyc-podejmujesz-wyzwanie\/#primaryimage"},"image":{"@id":"https:\/\/www.welovecycling.com\/pl\/2019\/04\/01\/oto-kopalnia-rowerowych-przezyc-podejmujesz-wyzwanie\/#primaryimage"},"thumbnailUrl":"https:\/\/d2p6e6u75xmxt8.cloudfront.net\/5\/2019\/04\/image1.jpg","datePublished":"2019-04-01T17:02:08+00:00","dateModified":"2019-04-02T06:09:34+00:00","author":{"@id":"https:\/\/www.welovecycling.com\/pl\/#\/schema\/person\/0dba2d39da943db9df3fd8f4687e7f23"},"breadcrumb":{"@id":"https:\/\/www.welovecycling.com\/pl\/2019\/04\/01\/oto-kopalnia-rowerowych-przezyc-podejmujesz-wyzwanie\/#breadcrumb"},"inLanguage":"pl-PL","potentialAction":[{"@type":"ReadAction","target":["https:\/\/www.welovecycling.com\/pl\/2019\/04\/01\/oto-kopalnia-rowerowych-przezyc-podejmujesz-wyzwanie\/"]}]},{"@type":"ImageObject","inLanguage":"pl-PL","@id":"https:\/\/www.welovecycling.com\/pl\/2019\/04\/01\/oto-kopalnia-rowerowych-przezyc-podejmujesz-wyzwanie\/#primaryimage","url":"https:\/\/d2p6e6u75xmxt8.cloudfront.net\/5\/2019\/04\/image1.jpg","contentUrl":"https:\/\/d2p6e6u75xmxt8.cloudfront.net\/5\/2019\/04\/image1.jpg","width":990,"height":349,"caption":"http:\/\/www.eurovelo.com\/en\/eurovelos\/eurovelo-3"},{"@type":"BreadcrumbList","@id":"https:\/\/www.welovecycling.com\/pl\/2019\/04\/01\/oto-kopalnia-rowerowych-przezyc-podejmujesz-wyzwanie\/#breadcrumb","itemListElement":[{"@type":"ListItem","position":1,"name":"Home","item":"https:\/\/www.welovecycling.com\/pl\/"},{"@type":"ListItem","position":2,"name":"Oto kopalnia rowerowych prze\u017cy\u0107. Podejmujesz wyzwanie?"}]},{"@type":"WebSite","@id":"https:\/\/www.welovecycling.com\/pl\/#website","url":"https:\/\/www.welovecycling.com\/pl\/","name":"\u0160koda We Love Cycling - Poland","description":"","potentialAction":[{"@type":"SearchAction","target":{"@type":"EntryPoint","urlTemplate":"https:\/\/www.welovecycling.com\/pl\/?s={search_term_string}"},"query-input":{"@type":"PropertyValueSpecification","valueRequired":true,"valueName":"search_term_string"}}],"inLanguage":"pl-PL"},{"@type":"Person","@id":"https:\/\/www.welovecycling.com\/pl\/#\/schema\/person\/0dba2d39da943db9df3fd8f4687e7f23","name":"piotrboczkowski","image":{"@type":"ImageObject","inLanguage":"pl-PL","@id":"https:\/\/www.welovecycling.com\/pl\/#\/schema\/person\/image\/","url":"https:\/\/secure.gravatar.com\/avatar\/533caccae14752e03a2ce2d3fd62d1b98b93e1393c3195c27819e53344ca1ace?s=96&d=mm&r=g","contentUrl":"https:\/\/secure.gravatar.com\/avatar\/533caccae14752e03a2ce2d3fd62d1b98b93e1393c3195c27819e53344ca1ace?s=96&d=mm&r=g","caption":"piotrboczkowski"},"url":"https:\/\/www.welovecycling.com\/pl\/author\/piotrboczkowski\/"}]}},"_links":{"self":[{"href":"https:\/\/www.welovecycling.com\/pl\/wp-json\/wp\/v2\/posts\/8753","targetHints":{"allow":["GET"]}}],"collection":[{"href":"https:\/\/www.welovecycling.com\/pl\/wp-json\/wp\/v2\/posts"}],"about":[{"href":"https:\/\/www.welovecycling.com\/pl\/wp-json\/wp\/v2\/types\/post"}],"author":[{"embeddable":true,"href":"https:\/\/www.welovecycling.com\/pl\/wp-json\/wp\/v2\/users\/76"}],"replies":[{"embeddable":true,"href":"https:\/\/www.welovecycling.com\/pl\/wp-json\/wp\/v2\/comments?post=8753"}],"version-history":[{"count":1,"href":"https:\/\/www.welovecycling.com\/pl\/wp-json\/wp\/v2\/posts\/8753\/revisions"}],"predecessor-version":[{"id":8755,"href":"https:\/\/www.welovecycling.com\/pl\/wp-json\/wp\/v2\/posts\/8753\/revisions\/8755"}],"wp:featuredmedia":[{"embeddable":true,"href":"https:\/\/www.welovecycling.com\/pl\/wp-json\/wp\/v2\/media\/8754"}],"wp:attachment":[{"href":"https:\/\/www.welovecycling.com\/pl\/wp-json\/wp\/v2\/media?parent=8753"}],"wp:term":[{"taxonomy":"category","embeddable":true,"href":"https:\/\/www.welovecycling.com\/pl\/wp-json\/wp\/v2\/categories?post=8753"},{"taxonomy":"post_tag","embeddable":true,"href":"https:\/\/www.welovecycling.com\/pl\/wp-json\/wp\/v2\/tags?post=8753"},{"taxonomy":"global-categories","embeddable":true,"href":"https:\/\/www.welovecycling.com\/pl\/wp-json\/wp\/v2\/global-categories?post=8753"}],"curies":[{"name":"wp","href":"https:\/\/api.w.org\/{rel}","templated":true}]}}