{"id":8746,"date":"2019-03-29T07:42:01","date_gmt":"2019-03-29T07:42:01","guid":{"rendered":"https:\/\/www.welovecycling.com\/pl\/?p=8746"},"modified":"2019-04-01T07:50:29","modified_gmt":"2019-04-01T07:50:29","slug":"z-tour-de-france-zjechal-do-palacu-buckingham-oto-jedyny-rycerz-wsrod-kolarzy","status":"publish","type":"post","link":"https:\/\/www.welovecycling.com\/pl\/2019\/03\/29\/z-tour-de-france-zjechal-do-palacu-buckingham-oto-jedyny-rycerz-wsrod-kolarzy\/","title":{"rendered":"Z Tour de France zjecha\u0142 do Pa\u0142acu Buckingham\u2026 Oto jedyny rycerz w\u015br\u00f3d kolarzy!"},"content":{"rendered":"<p><strong>Kr\u00f3lewny w bajkach miesi\u0105cami wygl\u0105da\u0142y upragnionego ksi\u0119cia, ale na takiego rycerza Brytyjczykom przysz\u0142o czeka\u0107 a\u017c 109 lat. Nadjecha\u0142 nie na bia\u0142ym koniu, a na \u017c\u00f3\u0142tym rowerze i od razu wpad\u0142 w oko kr\u00f3lowej. Poznajcie Bradley\u2019a Wigginsa, kt\u00f3ry kilka miesi\u0119cy po wygraniu Tour de France by\u0142 ju\u017c Sir Bradley\u2019em Wigginsem.<\/strong><\/p>\n<div class=\"embed-controller-wrapper\">\n<blockquote class=\"twitter-tweet\" data-width=\"500\" data-dnt=\"true\">\n<p lang=\"en\" dir=\"ltr\">Le Col by Wiggins Autumn Winter \u201818 \u2744 <a href=\"https:\/\/t.co\/SeGdFNH4Zr\">https:\/\/t.co\/SeGdFNH4Zr<\/a> <a href=\"https:\/\/t.co\/isPnQs0prh\">pic.twitter.com\/isPnQs0prh<\/a><\/p>\n<p>&mdash; Brad Wiggins (@SirWiggo) <a href=\"https:\/\/twitter.com\/SirWiggo\/status\/1065687092095840256?ref_src=twsrc%5Etfw\">November 22, 2018<\/a><\/p><\/blockquote>\n<p><script async data-src=\"https:\/\/platform.twitter.com\/widgets.js\" charset=\"utf-8\"><\/script><\/div>\n<p><strong>Rozczarowanie ojcem<\/strong><\/p>\n<p>Brytyjczycy na rywali patrzyli z zazdro\u015bci\u0105. W ko\u0144cu te\u017c kochali kolarstwo, tymczasem sukcesy w Wielkiej P\u0119tli omija\u0142y ich szerokim \u0142ukiem. Tour de France seryjnie wygrywali Francuzi, Belgowie, W\u0142osi, czy Hiszpanie. Udawa\u0142o si\u0119 to nawet Szwajcarom, Du\u0144czykom, Australijczykom, Luksemburczykom i Irlandczykom. A Brytyjczycy czekali i czekali\u2026 A\u017c w ko\u0144cu pojawi\u0142 si\u0119 Bradley Wiggins \u2013 cz\u0142owiek, kt\u00f3ry na trofea powinien mie\u0107 nie oddzielny pok\u00f3j, ale ca\u0142e mieszkanie.<\/p>\n<p>Urodzi\u0142 si\u0119 w 1980 r. w Belgii. Jego matka by\u0142a Brytyjk\u0105, ojciec Australijczykiem. By\u0107 mo\u017ce to po nim odziedziczy\u0142 talent (Gary Wiggins by\u0142 zawodowym kolarzem), ale ojciec nie zd\u0105\u017cy\u0142 go nawet nauczy\u0107 jazdy na rowerze. Opu\u015bci\u0142 rodzin\u0119, gdy Bradley mia\u0142 dwa lata, wi\u0119c matka zabra\u0142a syna i przeprowadzi\u0142a si\u0119 do Londynu.<\/p>\n<p>M\u0142ody Wiggins na pocz\u0105tku kolarstwem si\u0119 nie interesowa\u0142, bo jak wi\u0119kszo\u015b\u0107 ch\u0142opc\u00f3w wola\u0142 pi\u0142k\u0119 no\u017cn\u0105. Pewnego dnia matka przekona\u0142a go jednak do prze\u0142\u0105czenia telewizora na wy\u015bcig, m\u00f3wi\u0105c: \u201eTo by\u0142a jedyna rzecz, kt\u00f3r\u0105 potrafi\u0142 robi\u0107 tw\u00f3j ojciec\u201d. Bradley akurat trafi\u0142 na rywalizacj\u0119 podczas igrzysk olimpijskich w Barcelonie, gdzie z\u0142oto w wy\u015bcigu na dochodzenie zdoby\u0142 Brytyjczyk Chris Boardman. To w\u0142a\u015bnie on, a nie ojciec sprawi\u0142, \u017ce Wiggins spr\u00f3bowa\u0142 si\u0142 w \u015bciganiu si\u0119 na rowerze.<\/p>\n<p><strong>Prze\u0142om podczas Tour de France<\/strong><\/p>\n<p>Na pierwszy profesjonalny sprz\u0119t zarobi\u0142\u2026 kontuzj\u0105. Podczas jazdy na rowerze z\u0142ama\u0142 obojczyk i z ubezpieczenia otrzyma\u0142 1700 funt\u00f3w. 700 odda\u0142 matce, za reszt\u0119 kupi\u0142 rower. Jego talent rozwija\u0142 si\u0119 jednak tak szybko, \u017ce wkr\u00f3tce by\u0142o ju\u017c wiadomo, i\u017c kolejny sprz\u0119t b\u0119dzie otrzymywa\u0142 ju\u017c od zawodowego zespo\u0142u i sponsor\u00f3w.<\/p>\n<p>Zacz\u0105\u0142 od kolarstwa torowego i b\u0142yskawicznie zdoby\u0142 w nim wszystko, co by\u0142o\u00a0 do zdobycia. Po pierwsze mistrzostwo \u015bwiata si\u0119gn\u0105\u0142 w 2003 roku, po pierwszy z\u0142oty medal olimpijski rok p\u00f3\u017aniej. \u0141\u0105cznie na torze zdoby\u0142 sze\u015b\u0107 medali IO i dwana\u015bcie M\u015a.<\/p>\n<p>W 2009 roku wys\u0142a\u0142 w \u015bwiat sygna\u0142, \u017ce teraz b\u0119d\u0105 musieli si\u0119 z nim liczy\u0107 tak\u017ce kolarze szosowi, a sta\u0142o si\u0119 to podczas Tour de France. W klasyfikacji generalnej zaj\u0105\u0142 czwarte miejsce, ale po latach wykre\u015blono wynik trzeciego Lance\u2019a Armstronga i tym samym Wiggins znalaz\u0142 si\u0119 na podium.<\/p>\n<p>Najpi\u0119kniejszy sezon w jego karierze przyszed\u0142 jednak trzy lata p\u00f3\u017aniej. Nie by\u0142 ju\u017c zawodnikiem balansuj\u0105cym mi\u0119dzy torem a szos\u0105, ale jednym z faworyt\u00f3w ka\u017cdego z wy\u015bcig\u00f3w. I wszystko postawi\u0142 na ten najwa\u017cniejszy, czyli Tour de France. Wspomagany przez Christophera Froome\u2019a zostawi\u0142 rywali z ty\u0142u i wje\u017cd\u017caj\u0105c w \u017c\u00f3\u0142tej koszulce na Pola Elizejskie sta\u0142 si\u0119 dum\u0105 ca\u0142ej Wielkiej Brytanii, kt\u00f3ra na taki widok czeka\u0142a od 1903 r.!<\/p>\n<p>Jakby tego by\u0142o ma\u0142o, Wiggins niespe\u0142na dwa tygodnie (!) p\u00f3\u017aniej zosta\u0142 mistrzem olimpijskim w je\u017adzie na czas, co otworzy\u0142o mu wrota do Pa\u0142acu Buckingham.<\/p>\n<p><strong>Stanowcza babcia<\/strong><\/p>\n<p>W grudniu 2012 r. ukl\u0119kn\u0105\u0142 przed Kr\u00f3low\u0105 El\u017cbiet\u0105 II, kt\u00f3ra mieczem pasowa\u0142a go na rycerza i nadawa\u0142a prawo pos\u0142ugiwania si\u0119 tytu\u0142em \u201esir\u201d. &#8211; To by\u0142o bardzo dziwne uczucie, nigdy nie wyobra\u017ca\u0142em sobie siebie w tej roli. M\u00f3wi\u0142em nawet mojej babci, \u017ce chyba nie przyjm\u0119 tego tytu\u0142u. Odpowiedzia\u0142a: \u201eJe\u015bli tak zrobisz, oka\u017cesz si\u0119 g\u0142upcem, a tw\u00f3j dziadek b\u0119dzie przewraca\u0142 si\u0119 w grobie\u201d \u2013 m\u00f3wi\u0142 Wiggins portalowi Cyclingnews.<\/p>\n<p>Karier\u0119 zako\u0144czy\u0142 w 2016 r., \u017cegnaj\u0105c si\u0119 \u2013 a jak\u017ce \u2013 z\u0142otym medalem olimpijskim w Rio de Janeiro. \u0141\u0105cznie zdoby\u0142 ich osiem, do tego do\u0142o\u017cy\u0142 15 medali mistrzostwa \u015bwiata oraz rekord \u015bwiata w je\u017adzie godzinnej (przejecha\u0142 54,526 km).<\/p>\n<div class=\"embed-controller-wrapper\">\n<blockquote class=\"twitter-tweet\" data-width=\"500\" data-dnt=\"true\">\n<p lang=\"en\" dir=\"ltr\">20 years on and we\u2019re still at it! <a href=\"https:\/\/twitter.com\/LeColUK?ref_src=twsrc%5Etfw\">@LeColUK<\/a> \ud83c\uddea\ud83c\uddf8 <a href=\"https:\/\/t.co\/MrGxHz3uSq\">pic.twitter.com\/MrGxHz3uSq<\/a><\/p>\n<p>&mdash; Brad Wiggins (@SirWiggo) <a href=\"https:\/\/twitter.com\/SirWiggo\/status\/1105827407083261953?ref_src=twsrc%5Etfw\">March 13, 2019<\/a><\/p><\/blockquote>\n<p><script async data-src=\"https:\/\/platform.twitter.com\/widgets.js\" charset=\"utf-8\"><\/script><\/div>\n<p>Na sportowej emeryturze poch\u0142ania go gra na gitarze oraz pasja motorowa. Napisano o nim kilka ksi\u0105\u017cek, a sam Wiggins by\u0142 cz\u0119stym go\u015bciem w telewizji. Mia\u0142 r\u00f3wnie\u017c pomys\u0142, by wystartowa\u0107 w Igrzyskach Olimpijskich w 2020 r. w\u2026 wio\u015blarstwie. Rozpocz\u0105\u0142 nawet powa\u017cne przygotowania, ale kilka miesi\u0119cy temu zrezygnowa\u0142. \u2013 Mam du\u017co innych rzeczy do zrobienia \u2013 stwierdzi\u0142.<\/p>\n<p>https:\/\/twitter.com\/tinyelf14\/status\/1063428427645140992<\/p>\n<style type=\"text\/css\"><!--td {border: 1px solid #ccc;}br {mso-data-placement:same-cell;}--><\/style>\n<p><span data-sheets-value=\"{&quot;1&quot;:2,&quot;2&quot;:&quot;Artyku\u0142 powsta\u0142 we wsp\u00f3\u0142pracy ze skoda-auto.pl&quot;}\" data-sheets-userformat=\"{&quot;2&quot;:1,&quot;3&quot;:{&quot;1&quot;:0}}\"><a class=\"in-cell-link\" href=\"http:\/\/www.skoda-auto.pl\/\" target=\"_blank\" rel=\"noopener\">Artyku\u0142 powsta\u0142 we wsp\u00f3\u0142pracy ze skoda-auto.pl<\/a><\/span><\/p>\n","protected":false},"excerpt":{"rendered":"<p>Kr\u00f3lewny w bajkach miesi\u0105cami wygl\u0105da\u0142y upragnionego ksi\u0119cia, ale na takiego rycerza Brytyjczykom przysz\u0142o czeka\u0107 a\u017c 109 lat. Nadjecha\u0142 nie na [&hellip;]<\/p>\n","protected":false},"author":76,"featured_media":8747,"comment_status":"open","ping_status":"open","sticky":false,"template":"","format":"standard","meta":{"footnotes":""},"categories":[226],"tags":[],"global-categories":[],"class_list":["post-8746","post","type-post","status-publish","format-standard","has-post-thumbnail","hentry","category-ciekawostki"],"yoast_head":"<!-- This site is optimized with the Yoast SEO Premium plugin v25.3 (Yoast SEO v25.9) - https:\/\/yoast.com\/wordpress\/plugins\/seo\/ -->\n<title>Z Tour de France zjecha\u0142 do Pa\u0142acu Buckingham\u2026 Oto jedyny rycerz w\u015br\u00f3d kolarzy! - \u0160koda We Love Cycling - Poland<\/title>\n<meta name=\"robots\" content=\"index, follow, max-snippet:-1, max-image-preview:large, max-video-preview:-1\" \/>\n<link rel=\"canonical\" href=\"https:\/\/www.welovecycling.com\/pl\/2019\/03\/29\/z-tour-de-france-zjechal-do-palacu-buckingham-oto-jedyny-rycerz-wsrod-kolarzy\/\" \/>\n<meta property=\"og:locale\" content=\"pl_PL\" \/>\n<meta property=\"og:type\" content=\"article\" \/>\n<meta property=\"og:title\" content=\"Z Tour de France zjecha\u0142 do Pa\u0142acu Buckingham\u2026 Oto jedyny rycerz w\u015br\u00f3d kolarzy!\" \/>\n<meta property=\"og:description\" content=\"Kr\u00f3lewny w bajkach miesi\u0105cami wygl\u0105da\u0142y upragnionego ksi\u0119cia, ale na takiego rycerza Brytyjczykom przysz\u0142o czeka\u0107 a\u017c 109 lat. Nadjecha\u0142 nie na [&hellip;]\" \/>\n<meta property=\"og:url\" content=\"https:\/\/www.welovecycling.com\/pl\/2019\/03\/29\/z-tour-de-france-zjechal-do-palacu-buckingham-oto-jedyny-rycerz-wsrod-kolarzy\/\" \/>\n<meta property=\"og:site_name\" content=\"\u0160koda We Love Cycling - Poland\" \/>\n<meta property=\"article:published_time\" content=\"2019-03-29T07:42:01+00:00\" \/>\n<meta property=\"article:modified_time\" content=\"2019-04-01T07:50:29+00:00\" \/>\n<meta property=\"og:image\" content=\"https:\/\/d2p6e6u75xmxt8.cloudfront.net\/5\/2019\/04\/DsoUwEpW0AAoDjp-e1554104690838.jpg\" \/>\n\t<meta property=\"og:image:width\" content=\"1024\" \/>\n\t<meta property=\"og:image:height\" content=\"532\" \/>\n\t<meta property=\"og:image:type\" content=\"image\/jpeg\" \/>\n<meta name=\"author\" content=\"piotrboczkowski\" \/>\n<meta name=\"twitter:card\" content=\"summary_large_image\" \/>\n<meta name=\"twitter:label1\" content=\"Written by\" \/>\n\t<meta name=\"twitter:data1\" content=\"Piotr Jawor\" \/>\n\t<meta name=\"twitter:label2\" content=\"Est. reading time\" \/>\n\t<meta name=\"twitter:data2\" content=\"5\" \/>\n<script type=\"application\/ld+json\" class=\"yoast-schema-graph\">{\"@context\":\"https:\/\/schema.org\",\"@graph\":[{\"@type\":\"WebPage\",\"@id\":\"https:\/\/www.welovecycling.com\/pl\/2019\/03\/29\/z-tour-de-france-zjechal-do-palacu-buckingham-oto-jedyny-rycerz-wsrod-kolarzy\/\",\"url\":\"https:\/\/www.welovecycling.com\/pl\/2019\/03\/29\/z-tour-de-france-zjechal-do-palacu-buckingham-oto-jedyny-rycerz-wsrod-kolarzy\/\",\"name\":\"Z Tour de France zjecha\u0142 do Pa\u0142acu Buckingham\u2026 Oto jedyny rycerz w\u015br\u00f3d kolarzy! - \u0160koda We Love Cycling - Poland\",\"isPartOf\":{\"@id\":\"https:\/\/www.welovecycling.com\/pl\/#website\"},\"primaryImageOfPage\":{\"@id\":\"https:\/\/www.welovecycling.com\/pl\/2019\/03\/29\/z-tour-de-france-zjechal-do-palacu-buckingham-oto-jedyny-rycerz-wsrod-kolarzy\/#primaryimage\"},\"image\":{\"@id\":\"https:\/\/www.welovecycling.com\/pl\/2019\/03\/29\/z-tour-de-france-zjechal-do-palacu-buckingham-oto-jedyny-rycerz-wsrod-kolarzy\/#primaryimage\"},\"thumbnailUrl\":\"https:\/\/d2p6e6u75xmxt8.cloudfront.net\/5\/2019\/04\/DsoUwEpW0AAoDjp-e1554104690838.jpg\",\"datePublished\":\"2019-03-29T07:42:01+00:00\",\"dateModified\":\"2019-04-01T07:50:29+00:00\",\"author\":{\"@id\":\"https:\/\/www.welovecycling.com\/pl\/#\/schema\/person\/0dba2d39da943db9df3fd8f4687e7f23\"},\"breadcrumb\":{\"@id\":\"https:\/\/www.welovecycling.com\/pl\/2019\/03\/29\/z-tour-de-france-zjechal-do-palacu-buckingham-oto-jedyny-rycerz-wsrod-kolarzy\/#breadcrumb\"},\"inLanguage\":\"pl-PL\",\"potentialAction\":[{\"@type\":\"ReadAction\",\"target\":[\"https:\/\/www.welovecycling.com\/pl\/2019\/03\/29\/z-tour-de-france-zjechal-do-palacu-buckingham-oto-jedyny-rycerz-wsrod-kolarzy\/\"]}]},{\"@type\":\"ImageObject\",\"inLanguage\":\"pl-PL\",\"@id\":\"https:\/\/www.welovecycling.com\/pl\/2019\/03\/29\/z-tour-de-france-zjechal-do-palacu-buckingham-oto-jedyny-rycerz-wsrod-kolarzy\/#primaryimage\",\"url\":\"https:\/\/d2p6e6u75xmxt8.cloudfront.net\/5\/2019\/04\/DsoUwEpW0AAoDjp-e1554104690838.jpg\",\"contentUrl\":\"https:\/\/d2p6e6u75xmxt8.cloudfront.net\/5\/2019\/04\/DsoUwEpW0AAoDjp-e1554104690838.jpg\",\"width\":1024,\"height\":532},{\"@type\":\"BreadcrumbList\",\"@id\":\"https:\/\/www.welovecycling.com\/pl\/2019\/03\/29\/z-tour-de-france-zjechal-do-palacu-buckingham-oto-jedyny-rycerz-wsrod-kolarzy\/#breadcrumb\",\"itemListElement\":[{\"@type\":\"ListItem\",\"position\":1,\"name\":\"Home\",\"item\":\"https:\/\/www.welovecycling.com\/pl\/\"},{\"@type\":\"ListItem\",\"position\":2,\"name\":\"Z Tour de France zjecha\u0142 do Pa\u0142acu Buckingham\u2026 Oto jedyny rycerz w\u015br\u00f3d kolarzy!\"}]},{\"@type\":\"WebSite\",\"@id\":\"https:\/\/www.welovecycling.com\/pl\/#website\",\"url\":\"https:\/\/www.welovecycling.com\/pl\/\",\"name\":\"\u0160koda We Love Cycling - Poland\",\"description\":\"\",\"potentialAction\":[{\"@type\":\"SearchAction\",\"target\":{\"@type\":\"EntryPoint\",\"urlTemplate\":\"https:\/\/www.welovecycling.com\/pl\/?s={search_term_string}\"},\"query-input\":{\"@type\":\"PropertyValueSpecification\",\"valueRequired\":true,\"valueName\":\"search_term_string\"}}],\"inLanguage\":\"pl-PL\"},{\"@type\":\"Person\",\"@id\":\"https:\/\/www.welovecycling.com\/pl\/#\/schema\/person\/0dba2d39da943db9df3fd8f4687e7f23\",\"name\":\"piotrboczkowski\",\"image\":{\"@type\":\"ImageObject\",\"inLanguage\":\"pl-PL\",\"@id\":\"https:\/\/www.welovecycling.com\/pl\/#\/schema\/person\/image\/\",\"url\":\"https:\/\/secure.gravatar.com\/avatar\/533caccae14752e03a2ce2d3fd62d1b98b93e1393c3195c27819e53344ca1ace?s=96&d=mm&r=g\",\"contentUrl\":\"https:\/\/secure.gravatar.com\/avatar\/533caccae14752e03a2ce2d3fd62d1b98b93e1393c3195c27819e53344ca1ace?s=96&d=mm&r=g\",\"caption\":\"piotrboczkowski\"},\"url\":\"https:\/\/www.welovecycling.com\/pl\/author\/piotrboczkowski\/\"}]}<\/script>\n<!-- \/ Yoast SEO Premium plugin. -->","yoast_head_json":{"title":"Z Tour de France zjecha\u0142 do Pa\u0142acu Buckingham\u2026 Oto jedyny rycerz w\u015br\u00f3d kolarzy! - \u0160koda We Love Cycling - Poland","robots":{"index":"index","follow":"follow","max-snippet":"max-snippet:-1","max-image-preview":"max-image-preview:large","max-video-preview":"max-video-preview:-1"},"canonical":"https:\/\/www.welovecycling.com\/pl\/2019\/03\/29\/z-tour-de-france-zjechal-do-palacu-buckingham-oto-jedyny-rycerz-wsrod-kolarzy\/","og_locale":"pl_PL","og_type":"article","og_title":"Z Tour de France zjecha\u0142 do Pa\u0142acu Buckingham\u2026 Oto jedyny rycerz w\u015br\u00f3d kolarzy!","og_description":"Kr\u00f3lewny w bajkach miesi\u0105cami wygl\u0105da\u0142y upragnionego ksi\u0119cia, ale na takiego rycerza Brytyjczykom przysz\u0142o czeka\u0107 a\u017c 109 lat. Nadjecha\u0142 nie na [&hellip;]","og_url":"https:\/\/www.welovecycling.com\/pl\/2019\/03\/29\/z-tour-de-france-zjechal-do-palacu-buckingham-oto-jedyny-rycerz-wsrod-kolarzy\/","og_site_name":"\u0160koda We Love Cycling - Poland","article_published_time":"2019-03-29T07:42:01+00:00","article_modified_time":"2019-04-01T07:50:29+00:00","og_image":[{"width":1024,"height":532,"url":"https:\/\/d2p6e6u75xmxt8.cloudfront.net\/5\/2019\/04\/DsoUwEpW0AAoDjp-e1554104690838.jpg","type":"image\/jpeg"}],"author":"piotrboczkowski","twitter_card":"summary_large_image","twitter_misc":{"Written by":"Piotr Jawor","Est. reading time":"5"},"schema":{"@context":"https:\/\/schema.org","@graph":[{"@type":"WebPage","@id":"https:\/\/www.welovecycling.com\/pl\/2019\/03\/29\/z-tour-de-france-zjechal-do-palacu-buckingham-oto-jedyny-rycerz-wsrod-kolarzy\/","url":"https:\/\/www.welovecycling.com\/pl\/2019\/03\/29\/z-tour-de-france-zjechal-do-palacu-buckingham-oto-jedyny-rycerz-wsrod-kolarzy\/","name":"Z Tour de France zjecha\u0142 do Pa\u0142acu Buckingham\u2026 Oto jedyny rycerz w\u015br\u00f3d kolarzy! - \u0160koda We Love Cycling - Poland","isPartOf":{"@id":"https:\/\/www.welovecycling.com\/pl\/#website"},"primaryImageOfPage":{"@id":"https:\/\/www.welovecycling.com\/pl\/2019\/03\/29\/z-tour-de-france-zjechal-do-palacu-buckingham-oto-jedyny-rycerz-wsrod-kolarzy\/#primaryimage"},"image":{"@id":"https:\/\/www.welovecycling.com\/pl\/2019\/03\/29\/z-tour-de-france-zjechal-do-palacu-buckingham-oto-jedyny-rycerz-wsrod-kolarzy\/#primaryimage"},"thumbnailUrl":"https:\/\/d2p6e6u75xmxt8.cloudfront.net\/5\/2019\/04\/DsoUwEpW0AAoDjp-e1554104690838.jpg","datePublished":"2019-03-29T07:42:01+00:00","dateModified":"2019-04-01T07:50:29+00:00","author":{"@id":"https:\/\/www.welovecycling.com\/pl\/#\/schema\/person\/0dba2d39da943db9df3fd8f4687e7f23"},"breadcrumb":{"@id":"https:\/\/www.welovecycling.com\/pl\/2019\/03\/29\/z-tour-de-france-zjechal-do-palacu-buckingham-oto-jedyny-rycerz-wsrod-kolarzy\/#breadcrumb"},"inLanguage":"pl-PL","potentialAction":[{"@type":"ReadAction","target":["https:\/\/www.welovecycling.com\/pl\/2019\/03\/29\/z-tour-de-france-zjechal-do-palacu-buckingham-oto-jedyny-rycerz-wsrod-kolarzy\/"]}]},{"@type":"ImageObject","inLanguage":"pl-PL","@id":"https:\/\/www.welovecycling.com\/pl\/2019\/03\/29\/z-tour-de-france-zjechal-do-palacu-buckingham-oto-jedyny-rycerz-wsrod-kolarzy\/#primaryimage","url":"https:\/\/d2p6e6u75xmxt8.cloudfront.net\/5\/2019\/04\/DsoUwEpW0AAoDjp-e1554104690838.jpg","contentUrl":"https:\/\/d2p6e6u75xmxt8.cloudfront.net\/5\/2019\/04\/DsoUwEpW0AAoDjp-e1554104690838.jpg","width":1024,"height":532},{"@type":"BreadcrumbList","@id":"https:\/\/www.welovecycling.com\/pl\/2019\/03\/29\/z-tour-de-france-zjechal-do-palacu-buckingham-oto-jedyny-rycerz-wsrod-kolarzy\/#breadcrumb","itemListElement":[{"@type":"ListItem","position":1,"name":"Home","item":"https:\/\/www.welovecycling.com\/pl\/"},{"@type":"ListItem","position":2,"name":"Z Tour de France zjecha\u0142 do Pa\u0142acu Buckingham\u2026 Oto jedyny rycerz w\u015br\u00f3d kolarzy!"}]},{"@type":"WebSite","@id":"https:\/\/www.welovecycling.com\/pl\/#website","url":"https:\/\/www.welovecycling.com\/pl\/","name":"\u0160koda We Love Cycling - Poland","description":"","potentialAction":[{"@type":"SearchAction","target":{"@type":"EntryPoint","urlTemplate":"https:\/\/www.welovecycling.com\/pl\/?s={search_term_string}"},"query-input":{"@type":"PropertyValueSpecification","valueRequired":true,"valueName":"search_term_string"}}],"inLanguage":"pl-PL"},{"@type":"Person","@id":"https:\/\/www.welovecycling.com\/pl\/#\/schema\/person\/0dba2d39da943db9df3fd8f4687e7f23","name":"piotrboczkowski","image":{"@type":"ImageObject","inLanguage":"pl-PL","@id":"https:\/\/www.welovecycling.com\/pl\/#\/schema\/person\/image\/","url":"https:\/\/secure.gravatar.com\/avatar\/533caccae14752e03a2ce2d3fd62d1b98b93e1393c3195c27819e53344ca1ace?s=96&d=mm&r=g","contentUrl":"https:\/\/secure.gravatar.com\/avatar\/533caccae14752e03a2ce2d3fd62d1b98b93e1393c3195c27819e53344ca1ace?s=96&d=mm&r=g","caption":"piotrboczkowski"},"url":"https:\/\/www.welovecycling.com\/pl\/author\/piotrboczkowski\/"}]}},"_links":{"self":[{"href":"https:\/\/www.welovecycling.com\/pl\/wp-json\/wp\/v2\/posts\/8746","targetHints":{"allow":["GET"]}}],"collection":[{"href":"https:\/\/www.welovecycling.com\/pl\/wp-json\/wp\/v2\/posts"}],"about":[{"href":"https:\/\/www.welovecycling.com\/pl\/wp-json\/wp\/v2\/types\/post"}],"author":[{"embeddable":true,"href":"https:\/\/www.welovecycling.com\/pl\/wp-json\/wp\/v2\/users\/76"}],"replies":[{"embeddable":true,"href":"https:\/\/www.welovecycling.com\/pl\/wp-json\/wp\/v2\/comments?post=8746"}],"version-history":[{"count":1,"href":"https:\/\/www.welovecycling.com\/pl\/wp-json\/wp\/v2\/posts\/8746\/revisions"}],"predecessor-version":[{"id":8751,"href":"https:\/\/www.welovecycling.com\/pl\/wp-json\/wp\/v2\/posts\/8746\/revisions\/8751"}],"wp:featuredmedia":[{"embeddable":true,"href":"https:\/\/www.welovecycling.com\/pl\/wp-json\/wp\/v2\/media\/8747"}],"wp:attachment":[{"href":"https:\/\/www.welovecycling.com\/pl\/wp-json\/wp\/v2\/media?parent=8746"}],"wp:term":[{"taxonomy":"category","embeddable":true,"href":"https:\/\/www.welovecycling.com\/pl\/wp-json\/wp\/v2\/categories?post=8746"},{"taxonomy":"post_tag","embeddable":true,"href":"https:\/\/www.welovecycling.com\/pl\/wp-json\/wp\/v2\/tags?post=8746"},{"taxonomy":"global-categories","embeddable":true,"href":"https:\/\/www.welovecycling.com\/pl\/wp-json\/wp\/v2\/global-categories?post=8746"}],"curies":[{"name":"wp","href":"https:\/\/api.w.org\/{rel}","templated":true}]}}