{"id":8735,"date":"2019-03-27T16:52:52","date_gmt":"2019-03-27T16:52:52","guid":{"rendered":"https:\/\/www.welovecycling.com\/pl\/?p=8735"},"modified":"2019-03-27T16:52:52","modified_gmt":"2019-03-27T16:52:52","slug":"przewodnik-po-uci-womens-world-tour-2019","status":"publish","type":"post","link":"https:\/\/www.welovecycling.com\/pl\/2019\/03\/27\/przewodnik-po-uci-womens-world-tour-2019\/","title":{"rendered":"Przewodnik po UCI Women\u2019s World Tour 2019"},"content":{"rendered":"<p><strong>Wielu wstrzyma\u0142o oddech, gdy Annemiek van Vleuten jecha\u0142a po zwyci\u0119stwo podczas nerwowego fina\u0142u zesz\u0142orocznego La Course. Po tym chyba najbardziej ekscytuj\u0105cym wy\u015bcigu w 2018 roku kolarstwo kobiet zacz\u0119\u0142o by\u0107 postrzegane jako emocjonuj\u0105cy i widowiskowy sport, a jego atrakcyjno\u015b\u0107 ro\u015bnie z ka\u017cdym sezonem. Dzi\u0119ki budowaniu nowych zespo\u0142\u00f3w, pojawianiu si\u0119 m\u0142odych gwiazd i coraz bardziej ambitnym trasom mo\u017cemy by\u0107 pewni, \u017ce kolarstwo kobiece b\u0119dzie obfitowa\u0107 w wiele niesamowitych wy\u015bcig\u00f3w. Oto kilka wa\u017cnych wydarze\u0144, kt\u00f3rych nie mo\u017cna przegapi\u0107 w tym roku.<\/strong><\/p>\n<p>&nbsp;<\/p>\n<p><strong><span style=\"font-size: 18pt;\">Strade Bianche<\/span><\/strong><\/p>\n<div class=\"embed-controller-wrapper\">\n<div class=\"embed-wrapper\"><iframe title=\"Strade Bianche 2018 | Women&#039;s Highlights | inCycle\" width=\"500\" height=\"281\" data-src=\"https:\/\/www.youtube.com\/embed\/nqrcieK4rdo?feature=oembed\" frameborder=\"0\" allow=\"accelerometer; autoplay; clipboard-write; encrypted-media; gyroscope; picture-in-picture; web-share\" referrerpolicy=\"strict-origin-when-cross-origin\" allowfullscreen><\/iframe><\/div>\n<\/div>\n<p>Zgodnie z harmonogramem UCI 2019 sezon kolarstwa kobiecego oficjalnie rozpocz\u0105\u0142 si\u0119 9 marca wy\u015bcigiem Strade Bianche Donne. Od samego pocz\u0105tku ta impreza przyci\u0105ga uwag\u0119 tras\u0105, na kt\u00f3r\u0105 sk\u0142adaj\u0105 si\u0119 polne drogi oraz nieutwardzane odcinki charakteryzuj\u0105ce si\u0119 nier\u00f3wno\u015bciami i \u017cwirem. Trudne do przewidzenia warunki sprawiaj\u0105, \u017ce Strade Bianche jest wyj\u0105tkowym i pe\u0142nym przyg\u00f3d wy\u015bcigiem.<\/p>\n<p>&nbsp;<\/p>\n<p>W tym roku kobieca Strade Bianche obejmuje 136 km z 8 sektorami i 31,4 km \u017cwirowych dr\u00f3g. Trasa przebiega tymi samymi drogami co wy\u015bcig m\u0119\u017cczyzn, a fina\u0142 r\u00f3wnie\u017c odbywa si\u0119 na Piazza del Campo w Sienie. Dociera si\u0119 tam kr\u00f3tkim, stromym wzniesieniem. W ubieg\u0142ym roku Anna van der Breggen w ch\u0142odnych i niesprzyjaj\u0105cych warunkach zdoby\u0142a tytu\u0142, pokonuj\u0105c Kasi\u0105 Niewiadom\u0105 i Elis\u0119 Longo Borghini. Tym razem wygra\u0142a Annemiek van Vleuten.<\/p>\n<p>&nbsp;<\/p>\n<p><strong><span style=\"font-size: 18pt;\">Niesamowita wspinaczka podczas Tour of California<\/span><\/strong><\/p>\n<p>Amgen Tour of California, jeden z najbardziej promowanych wy\u015bcig\u00f3w kobiet, w 2019 roku potrwa trzy dni: od 16 do 18 maja. Tegoroczna edycja b\u0119dzie najd\u0142u\u017cszym jak dotychczas wydarzeniem i obejmie okryty z\u0142\u0105 s\u0142aw\u0105 podjazd na Mount Baldy.<\/p>\n<div class=\"embed-controller-wrapper\">\n<div class=\"embed-wrapper\"><iframe title=\"The 2018 Amgen Tour of California Women&#039;s Race\" width=\"500\" height=\"281\" data-src=\"https:\/\/www.youtube.com\/embed\/sg0GZ4tDIpc?feature=oembed\" frameborder=\"0\" allow=\"accelerometer; autoplay; clipboard-write; encrypted-media; gyroscope; picture-in-picture; web-share\" referrerpolicy=\"strict-origin-when-cross-origin\" allowfullscreen><\/iframe><\/div>\n<\/div>\n<p>Rok 2019 jest pierwszym, w kt\u00f3rym ten podjazd pojawi si\u0119 na kobiecych zawodach, a zatem drugi \u200betap wy\u015bcigu musz\u0105 obowi\u0105zkowo obejrze\u0107 ci, kt\u00f3rzy lubi\u0105 finiszowanie na g\u00f3rskich szczytach. Wspomniany etap jest cz\u0119\u015bci\u0105 trzyetapowej wspinaczki na 6000 metr\u00f3w, przy czym pierwszy i ostatni maj\u0105 zako\u0144czy\u0107 si\u0119 sprintami. Dzi\u0119ki Mount Baldy w \u015brodku wy\u015bcigu nie ma w\u0105tpliwo\u015bci, \u017ce Amgen Tour of California b\u0119dzie od pocz\u0105tku do ko\u0144ca pe\u0142en atrakcji.<\/p>\n<p><strong><span style=\"font-size: 18pt;\">Jedyny i niepowtarzalny, czyli Giro<\/span><\/strong><\/p>\n<p>\u017badna dyskusja na temat wy\u015bcig\u00f3w kolarskich kobiet nie mo\u017ce si\u0119 oby\u0107 bez wzmianki o Giro Rosa.<\/p>\n<ol start=\"30\">\n<li>edycja rozpocznie si\u0119 w pi\u0105tek 5 lipca jazd\u0105 dru\u017cynow\u0105 na czas (TTT) i zako\u0144czy w niedziel\u0119 14 lipca podjazdem brukowan\u0105 drog\u0105 do Zamku Udine. I chocia\u017c oficjalnie trasa ma zosta\u0107 podana w ca\u0142o\u015bci w marcu, to podobno Queen Stage zako\u0144czy si\u0119 na szczycie pot\u0119\u017cnego Passo Gavia znajduj\u0105cego si\u0119 na wysoko\u015bci 2621 metr\u00f3w. M\u00f3wi si\u0119 r\u00f3wnie\u017c, \u017ce fina\u0142 mo\u017ce si\u0119 odby\u0107 na szczycie Malga Montasio, co czyni go po\u017c\u0105danym celem kolarzy g\u00f3rskich.<\/li>\n<\/ol>\n<div class=\"embed-controller-wrapper\">\n<div class=\"embed-wrapper\"><iframe title=\"2018 Giro Rosa - Highlights\" width=\"500\" height=\"281\" data-src=\"https:\/\/www.youtube.com\/embed\/-nO11Pe1KdM?feature=oembed\" frameborder=\"0\" allow=\"accelerometer; autoplay; clipboard-write; encrypted-media; gyroscope; picture-in-picture; web-share\" referrerpolicy=\"strict-origin-when-cross-origin\" allowfullscreen><\/iframe><\/div>\n<\/div>\n<p>A skoro ju\u017c mowa o kolarstwie g\u00f3rskim, to Annemiek van Vleuten by\u0142a nie do pobicia w 2018 roku. Pokona\u0142a trzy etapy, w tym finisz na szczycie s\u0142ynnego Monte Zoncolan. Warto sprawdzi\u0107, czy po przebytej kontuzji obroni pierwsze miejsce w tegorocznym wy\u015bcigu.<\/p>\n<p>&nbsp;<\/p>\n<p><strong><span style=\"font-size: 18pt;\">Women\u2019s Tour Britain dodaje sz\u00f3sty etap<\/span><\/strong><\/p>\n<p>Wy\u015bcig Tour Britain, kt\u00f3ry zainaugurowano w 2014 roku, a kt\u00f3ry w 2018 wygra\u0142 Amerykanin Coryn Rivera (jako pierwszy nieeuropejski zwyci\u0119zca), wcze\u015bniej trwa\u0142 pi\u0119\u0107 dni. Women\u2019s Tour Britain w tym roku b\u0119dzie mia\u0142 sze\u015b\u0107 etap\u00f3w. W ubieg\u0142ym roku podano informacj\u0119 o tym, \u017ce kwoty nagr\u00f3d w tym wy\u015bcigu b\u0119d\u0105 r\u00f3wne dla startuj\u0105cych w nim kobiet i m\u0119\u017cczyzn. Suma ta znacznie wzros\u0142a: z 35 tys. euro do 90 tys. euro.<\/p>\n<div class=\"embed-controller-wrapper\">\n<blockquote class=\"twitter-tweet\" data-width=\"500\" data-dnt=\"true\">\n<p lang=\"en\" dir=\"ltr\">Nobody wants to watch women&#39;s sport, they said&#8230; \ud83d\ude48<a href=\"https:\/\/twitter.com\/hashtag\/ThrowbackThursday?src=hash&amp;ref_src=twsrc%5Etfw\">#ThrowbackThursday<\/a> to when thousands of people came out for last year&#39;s start in Atherstone!<a href=\"https:\/\/twitter.com\/hashtag\/OVOWT?src=hash&amp;ref_src=twsrc%5Etfw\">#OVOWT<\/a> <a href=\"https:\/\/twitter.com\/hashtag\/UCIWWT?src=hash&amp;ref_src=twsrc%5Etfw\">#UCIWWT<\/a> <a href=\"https:\/\/t.co\/zELVwi9gww\">pic.twitter.com\/zELVwi9gww<\/a><\/p>\n<p>&mdash; The Women&#39;s Tour (@thewomenstour) <a href=\"https:\/\/twitter.com\/thewomenstour\/status\/1098496301023412225?ref_src=twsrc%5Etfw\">February 21, 2019<\/a><\/p><\/blockquote>\n<p><script async data-src=\"https:\/\/platform.twitter.com\/widgets.js\" charset=\"utf-8\"><\/script><\/div>\n<p>W tym roku Women\u2019s Tour Britain zacznie si\u0119 w poniedzia\u0142ek 10 czerwca i potrwa do soboty 15 czerwca. I chocia\u017c pe\u0142na trasa wy\u015bcigu nie zosta\u0142a jeszcze og\u0142oszona, mo\u017cna \u015bmia\u0142o powiedzie\u0107, \u017ce przyci\u0105gnie on t\u0142umy. Zawodnicy s\u0105 ju\u017c przyzwyczajeni do imponuj\u0105cej liczby widz\u00f3w, kt\u00f3rzy stoj\u0105 na trasie i dopinguj\u0105 sportowc\u00f3w, co podkr\u0119ca emocje i dodaje kolarzom skrzyde\u0142 podczas tego jednego z najtrudniejszych wy\u015bcig\u00f3w.<\/p>\n<p>Przedstawione powy\u017cej wy\u015bcigi to tylko przedsmak tego, co nas czeka. Pe\u0142ny harmonogram podajemy poni\u017cej. Na bie\u017c\u0105co b\u0119dziemy aktualizowa\u0107 informacje o nowych trasach i terminach.<\/p>\n<p>Gotowi do kibicowania? Oto lista pi\u0119ciu zawodniczek, kt\u00f3re warto obserwowa\u0107 w 2019 roku.<\/p>\n<div class=\"shortcode-ys-post-pinup\"><article class=\"loop-simple post-8649 post type-post status-publish format-standard has-post-thumbnail hentry category-ciekawostki\" data-postid=\"8649\" role=\"article\" data-post-id=\"8649\" data-word-count=\"735\" data-headline-length=\"80\" data-category=\"Ciekawostki\" data-author=\"Megan Flottorp\" data-published=\"2019-03-11T12:19:04+00:00\" data-published-day=\"Monday\">\n    <div class=\"entry-thumbnail article-thumbnail\" content=\"https:\/\/d2p6e6u75xmxt8.cloudfront.net\/5\/2019\/03\/Cecilie-Uttrup-Ludwig-profimedia-0300166460-1024x450-150x150.jpg\"><a href=\"https:\/\/www.welovecycling.com\/pl\/2019\/03\/11\/5-wschodzacych-gwiazd-kobiecego-kolarstwa-do-ktorych-moze-nalezec-2019-rok\/\" class=\"image-holder\" target=\"_self\"><img decoding=\"async\" loading=\"lazy\" class=\"\" src=\"https:\/\/d2p6e6u75xmxt8.cloudfront.net\/5\/2019\/03\/Cecilie-Uttrup-Ludwig-profimedia-0300166460-1024x450-1024x450.jpg\" srcset=\"https:\/\/d2p6e6u75xmxt8.cloudfront.net\/5\/2019\/03\/Cecilie-Uttrup-Ludwig-profimedia-0300166460-1024x450.jpg 1024w, https:\/\/d2p6e6u75xmxt8.cloudfront.net\/5\/2019\/03\/Cecilie-Uttrup-Ludwig-profimedia-0300166460-1024x450-300x132.jpg 300w, https:\/\/d2p6e6u75xmxt8.cloudfront.net\/5\/2019\/03\/Cecilie-Uttrup-Ludwig-profimedia-0300166460-1024x450-768x338.jpg 768w\" width=\"1024\" height=\"450\" sizes=\"auto, (min-width: 1200px) 456px, (min-width: 768px) 38vw, 100vw\" alt=\"5-wschodzacych-gwiazd-kobiecego-kolarstwa-do-ktorych-moze-nalezec-2019-rok\"\/><\/a><\/div>    <div class=\"entry-meta\">\n        <a class=\"label label-secondary post-category\" href=\"https:\/\/www.welovecycling.com\/pl\/category\/ciekawostki\/\" title=\"Ciekawostki\">Ciekawostki<\/a>\n    <\/div>\n    <div class=\"entry-details\">\n        <a href=\"https:\/\/www.welovecycling.com\/pl\/2019\/03\/11\/5-wschodzacych-gwiazd-kobiecego-kolarstwa-do-ktorych-moze-nalezec-2019-rok\/\" class='entry-title-wrapper'>\n            <h3 class=\"entry-title\"><span>5 wschodz\u0105cych gwiazd kobiecego kolarstwa, do kt\u00f3rych mo\u017ce nale\u017ce\u0107 2019 rok<\/span><\/h3>\n        <\/a>\n    <\/div>\n    <\/article>\n<\/div>\n<p>&nbsp;<\/p>\n<p><span style=\"font-size: 18pt;\"><strong>Marzec:<\/strong><\/span><\/p>\n<p>24.03 Trofeo Alfredo Binda (W\u0142ochy)<\/p>\n<p>28.03\u00a0Three Days of De Panne<\/p>\n<p>31.03 Ghent-Wevelgem (Belgia)<\/p>\n<p>Kwiecie\u0144:<\/p>\n<p>7.04 Tour of Flanders (Belgia)<\/p>\n<p>21.04 Amstel Gold Race (Holandia)<\/p>\n<p>24.04 Fl\u00e8che Wallonne (Belgia)<\/p>\n<p>28.04 Li\u00e8ge-Bastogne-Li\u00e8ge (Belgia)<\/p>\n<p>&nbsp;<\/p>\n<p><span style=\"font-size: 18pt;\"><strong>Maj:<\/strong><\/span><\/p>\n<p>3\u20134.05 Tour de Yorkshire (nie nale\u017cy do World Tour)<\/p>\n<p>9\u201311.05 Tour of Chongming Island (Chiny)<\/p>\n<p>16\u201318.05 Tour of California (USA)<\/p>\n<p>22\u201325.05 Emakumeen Bira (Hiszpania)<\/p>\n<p>&nbsp;<\/p>\n<p><span style=\"font-size: 18pt;\"><strong>Czerwiec:<\/strong><\/span><\/p>\n<p>10\u201315.06 British Women&#8217;s Tour<\/p>\n<p>27 i 30.06 British National Road Championships (Norfolk)<\/p>\n<p>&nbsp;<\/p>\n<p><strong><span style=\"font-size: 18pt;\">Lipiec:<\/span><\/strong><\/p>\n<p>5\u201314.07 Giro Rosa (W\u0142ochy)<\/p>\n<p>23.07 La Course by Le Tour de France (Francja)<\/p>\n<p>&nbsp;<\/p>\n<p><span style=\"font-size: 18pt;\"><strong>Sierpie\u0144:<\/strong><\/span><\/p>\n<p>3.08 Prudential Ride London Classique (wy\u015bcig kobiet)<\/p>\n<p>16.08 Crescent Vargarda TTT (Szwecja)<\/p>\n<p>18.08 Crescent Vargarda road race (Szwecja)<\/p>\n<p>22\u201325.08 Tour of Norway<\/p>\n<p>31.08 GP Plouay (Francja)<\/p>\n<p>&nbsp;<\/p>\n<p><span style=\"font-size: 18pt;\"><strong>Wrzesie\u0144:<\/strong><\/span><\/p>\n<p>3\u20138.09 Boels Ladies Tour (Holandia)<\/p>\n<p>14\u201315.09 Madryt Challenge la Vuelta (Hiszpania)<\/p>\n<p>21\u201329.09 Road World Championships (Yorkshire)<\/p>\n<p>&nbsp;<\/p>\n<p><span style=\"font-size: 18pt;\"><strong>Pa\u017adziernik:<\/strong><\/span><\/p>\n<p>20.10 Tour of Guangxi (Chiny)<\/p>\n<p>&nbsp;<\/p>\n<style type=\"text\/css\"><!--td {border: 1px solid #ccc;}br {mso-data-placement:same-cell;}--><\/style>\n<p><span data-sheets-value=\"{&quot;1&quot;:2,&quot;2&quot;:&quot;Artyku\u0142 powsta\u0142 we wsp\u00f3\u0142pracy ze skoda-auto.pl&quot;}\" data-sheets-userformat=\"{&quot;2&quot;:1,&quot;3&quot;:{&quot;1&quot;:0}}\"><a class=\"in-cell-link\" href=\"http:\/\/www.skoda-auto.pl\/\" target=\"_blank\" rel=\"noopener\">Artyku\u0142 powsta\u0142 we wsp\u00f3\u0142pracy ze skoda-auto.pl<\/a><\/span><\/p>\n","protected":false},"excerpt":{"rendered":"<p>Wielu wstrzyma\u0142o oddech, gdy Annemiek van Vleuten jecha\u0142a po zwyci\u0119stwo podczas nerwowego fina\u0142u zesz\u0142orocznego La Course. Po tym chyba najbardziej [&hellip;]<\/p>\n","protected":false},"author":76,"featured_media":8741,"comment_status":"open","ping_status":"open","sticky":false,"template":"","format":"standard","meta":{"footnotes":""},"categories":[6],"tags":[],"global-categories":[],"class_list":["post-8735","post","type-post","status-publish","format-standard","has-post-thumbnail","hentry","category-kolarstwo-szosowe"],"yoast_head":"<!-- This site is optimized with the Yoast SEO Premium plugin v25.3 (Yoast SEO v25.9) - https:\/\/yoast.com\/wordpress\/plugins\/seo\/ -->\n<title>Przewodnik po UCI Women\u2019s World Tour 2019 - \u0160koda We Love Cycling - Poland<\/title>\n<meta name=\"robots\" content=\"index, follow, max-snippet:-1, max-image-preview:large, max-video-preview:-1\" \/>\n<link rel=\"canonical\" href=\"https:\/\/www.welovecycling.com\/pl\/2019\/03\/27\/przewodnik-po-uci-womens-world-tour-2019\/\" \/>\n<meta property=\"og:locale\" content=\"pl_PL\" \/>\n<meta property=\"og:type\" content=\"article\" \/>\n<meta property=\"og:title\" content=\"Przewodnik po UCI Women\u2019s World Tour 2019\" \/>\n<meta property=\"og:description\" content=\"Wielu wstrzyma\u0142o oddech, gdy Annemiek van Vleuten jecha\u0142a po zwyci\u0119stwo podczas nerwowego fina\u0142u zesz\u0142orocznego La Course. Po tym chyba najbardziej [&hellip;]\" \/>\n<meta property=\"og:url\" content=\"https:\/\/www.welovecycling.com\/pl\/2019\/03\/27\/przewodnik-po-uci-womens-world-tour-2019\/\" \/>\n<meta property=\"og:site_name\" content=\"\u0160koda We Love Cycling - Poland\" \/>\n<meta property=\"article:published_time\" content=\"2019-03-27T16:52:52+00:00\" \/>\n<meta property=\"og:image\" content=\"https:\/\/d2p6e6u75xmxt8.cloudfront.net\/5\/2019\/03\/Annemiek-van-Vleuten-profimedia-0378089166-1024x450.jpg\" \/>\n\t<meta property=\"og:image:width\" content=\"1024\" \/>\n\t<meta property=\"og:image:height\" content=\"450\" \/>\n\t<meta property=\"og:image:type\" content=\"image\/jpeg\" \/>\n<meta name=\"author\" content=\"piotrboczkowski\" \/>\n<meta name=\"twitter:card\" content=\"summary_large_image\" \/>\n<meta name=\"twitter:label1\" content=\"Written by\" \/>\n\t<meta name=\"twitter:data1\" content=\"Megan Flottorp\" \/>\n\t<meta name=\"twitter:label2\" content=\"Est. reading time\" \/>\n\t<meta name=\"twitter:data2\" content=\"4\" \/>\n<script type=\"application\/ld+json\" class=\"yoast-schema-graph\">{\"@context\":\"https:\/\/schema.org\",\"@graph\":[{\"@type\":\"WebPage\",\"@id\":\"https:\/\/www.welovecycling.com\/pl\/2019\/03\/27\/przewodnik-po-uci-womens-world-tour-2019\/\",\"url\":\"https:\/\/www.welovecycling.com\/pl\/2019\/03\/27\/przewodnik-po-uci-womens-world-tour-2019\/\",\"name\":\"Przewodnik po UCI Women\u2019s World Tour 2019 - \u0160koda We Love Cycling - Poland\",\"isPartOf\":{\"@id\":\"https:\/\/www.welovecycling.com\/pl\/#website\"},\"primaryImageOfPage\":{\"@id\":\"https:\/\/www.welovecycling.com\/pl\/2019\/03\/27\/przewodnik-po-uci-womens-world-tour-2019\/#primaryimage\"},\"image\":{\"@id\":\"https:\/\/www.welovecycling.com\/pl\/2019\/03\/27\/przewodnik-po-uci-womens-world-tour-2019\/#primaryimage\"},\"thumbnailUrl\":\"https:\/\/d2p6e6u75xmxt8.cloudfront.net\/5\/2019\/03\/Annemiek-van-Vleuten-profimedia-0378089166-1024x450.jpg\",\"datePublished\":\"2019-03-27T16:52:52+00:00\",\"author\":{\"@id\":\"https:\/\/www.welovecycling.com\/pl\/#\/schema\/person\/0dba2d39da943db9df3fd8f4687e7f23\"},\"breadcrumb\":{\"@id\":\"https:\/\/www.welovecycling.com\/pl\/2019\/03\/27\/przewodnik-po-uci-womens-world-tour-2019\/#breadcrumb\"},\"inLanguage\":\"pl-PL\",\"potentialAction\":[{\"@type\":\"ReadAction\",\"target\":[\"https:\/\/www.welovecycling.com\/pl\/2019\/03\/27\/przewodnik-po-uci-womens-world-tour-2019\/\"]}]},{\"@type\":\"ImageObject\",\"inLanguage\":\"pl-PL\",\"@id\":\"https:\/\/www.welovecycling.com\/pl\/2019\/03\/27\/przewodnik-po-uci-womens-world-tour-2019\/#primaryimage\",\"url\":\"https:\/\/d2p6e6u75xmxt8.cloudfront.net\/5\/2019\/03\/Annemiek-van-Vleuten-profimedia-0378089166-1024x450.jpg\",\"contentUrl\":\"https:\/\/d2p6e6u75xmxt8.cloudfront.net\/5\/2019\/03\/Annemiek-van-Vleuten-profimedia-0378089166-1024x450.jpg\",\"width\":1024,\"height\":450},{\"@type\":\"BreadcrumbList\",\"@id\":\"https:\/\/www.welovecycling.com\/pl\/2019\/03\/27\/przewodnik-po-uci-womens-world-tour-2019\/#breadcrumb\",\"itemListElement\":[{\"@type\":\"ListItem\",\"position\":1,\"name\":\"Home\",\"item\":\"https:\/\/www.welovecycling.com\/pl\/\"},{\"@type\":\"ListItem\",\"position\":2,\"name\":\"Przewodnik po UCI Women\u2019s World Tour 2019\"}]},{\"@type\":\"WebSite\",\"@id\":\"https:\/\/www.welovecycling.com\/pl\/#website\",\"url\":\"https:\/\/www.welovecycling.com\/pl\/\",\"name\":\"\u0160koda We Love Cycling - Poland\",\"description\":\"\",\"potentialAction\":[{\"@type\":\"SearchAction\",\"target\":{\"@type\":\"EntryPoint\",\"urlTemplate\":\"https:\/\/www.welovecycling.com\/pl\/?s={search_term_string}\"},\"query-input\":{\"@type\":\"PropertyValueSpecification\",\"valueRequired\":true,\"valueName\":\"search_term_string\"}}],\"inLanguage\":\"pl-PL\"},{\"@type\":\"Person\",\"@id\":\"https:\/\/www.welovecycling.com\/pl\/#\/schema\/person\/0dba2d39da943db9df3fd8f4687e7f23\",\"name\":\"piotrboczkowski\",\"image\":{\"@type\":\"ImageObject\",\"inLanguage\":\"pl-PL\",\"@id\":\"https:\/\/www.welovecycling.com\/pl\/#\/schema\/person\/image\/\",\"url\":\"https:\/\/secure.gravatar.com\/avatar\/533caccae14752e03a2ce2d3fd62d1b98b93e1393c3195c27819e53344ca1ace?s=96&d=mm&r=g\",\"contentUrl\":\"https:\/\/secure.gravatar.com\/avatar\/533caccae14752e03a2ce2d3fd62d1b98b93e1393c3195c27819e53344ca1ace?s=96&d=mm&r=g\",\"caption\":\"piotrboczkowski\"},\"url\":\"https:\/\/www.welovecycling.com\/pl\/author\/piotrboczkowski\/\"}]}<\/script>\n<!-- \/ Yoast SEO Premium plugin. -->","yoast_head_json":{"title":"Przewodnik po UCI Women\u2019s World Tour 2019 - \u0160koda We Love Cycling - Poland","robots":{"index":"index","follow":"follow","max-snippet":"max-snippet:-1","max-image-preview":"max-image-preview:large","max-video-preview":"max-video-preview:-1"},"canonical":"https:\/\/www.welovecycling.com\/pl\/2019\/03\/27\/przewodnik-po-uci-womens-world-tour-2019\/","og_locale":"pl_PL","og_type":"article","og_title":"Przewodnik po UCI Women\u2019s World Tour 2019","og_description":"Wielu wstrzyma\u0142o oddech, gdy Annemiek van Vleuten jecha\u0142a po zwyci\u0119stwo podczas nerwowego fina\u0142u zesz\u0142orocznego La Course. Po tym chyba najbardziej [&hellip;]","og_url":"https:\/\/www.welovecycling.com\/pl\/2019\/03\/27\/przewodnik-po-uci-womens-world-tour-2019\/","og_site_name":"\u0160koda We Love Cycling - Poland","article_published_time":"2019-03-27T16:52:52+00:00","og_image":[{"width":1024,"height":450,"url":"https:\/\/d2p6e6u75xmxt8.cloudfront.net\/5\/2019\/03\/Annemiek-van-Vleuten-profimedia-0378089166-1024x450.jpg","type":"image\/jpeg"}],"author":"piotrboczkowski","twitter_card":"summary_large_image","twitter_misc":{"Written by":"Megan Flottorp","Est. reading time":"4"},"schema":{"@context":"https:\/\/schema.org","@graph":[{"@type":"WebPage","@id":"https:\/\/www.welovecycling.com\/pl\/2019\/03\/27\/przewodnik-po-uci-womens-world-tour-2019\/","url":"https:\/\/www.welovecycling.com\/pl\/2019\/03\/27\/przewodnik-po-uci-womens-world-tour-2019\/","name":"Przewodnik po UCI Women\u2019s World Tour 2019 - \u0160koda We Love Cycling - Poland","isPartOf":{"@id":"https:\/\/www.welovecycling.com\/pl\/#website"},"primaryImageOfPage":{"@id":"https:\/\/www.welovecycling.com\/pl\/2019\/03\/27\/przewodnik-po-uci-womens-world-tour-2019\/#primaryimage"},"image":{"@id":"https:\/\/www.welovecycling.com\/pl\/2019\/03\/27\/przewodnik-po-uci-womens-world-tour-2019\/#primaryimage"},"thumbnailUrl":"https:\/\/d2p6e6u75xmxt8.cloudfront.net\/5\/2019\/03\/Annemiek-van-Vleuten-profimedia-0378089166-1024x450.jpg","datePublished":"2019-03-27T16:52:52+00:00","author":{"@id":"https:\/\/www.welovecycling.com\/pl\/#\/schema\/person\/0dba2d39da943db9df3fd8f4687e7f23"},"breadcrumb":{"@id":"https:\/\/www.welovecycling.com\/pl\/2019\/03\/27\/przewodnik-po-uci-womens-world-tour-2019\/#breadcrumb"},"inLanguage":"pl-PL","potentialAction":[{"@type":"ReadAction","target":["https:\/\/www.welovecycling.com\/pl\/2019\/03\/27\/przewodnik-po-uci-womens-world-tour-2019\/"]}]},{"@type":"ImageObject","inLanguage":"pl-PL","@id":"https:\/\/www.welovecycling.com\/pl\/2019\/03\/27\/przewodnik-po-uci-womens-world-tour-2019\/#primaryimage","url":"https:\/\/d2p6e6u75xmxt8.cloudfront.net\/5\/2019\/03\/Annemiek-van-Vleuten-profimedia-0378089166-1024x450.jpg","contentUrl":"https:\/\/d2p6e6u75xmxt8.cloudfront.net\/5\/2019\/03\/Annemiek-van-Vleuten-profimedia-0378089166-1024x450.jpg","width":1024,"height":450},{"@type":"BreadcrumbList","@id":"https:\/\/www.welovecycling.com\/pl\/2019\/03\/27\/przewodnik-po-uci-womens-world-tour-2019\/#breadcrumb","itemListElement":[{"@type":"ListItem","position":1,"name":"Home","item":"https:\/\/www.welovecycling.com\/pl\/"},{"@type":"ListItem","position":2,"name":"Przewodnik po UCI Women\u2019s World Tour 2019"}]},{"@type":"WebSite","@id":"https:\/\/www.welovecycling.com\/pl\/#website","url":"https:\/\/www.welovecycling.com\/pl\/","name":"\u0160koda We Love Cycling - Poland","description":"","potentialAction":[{"@type":"SearchAction","target":{"@type":"EntryPoint","urlTemplate":"https:\/\/www.welovecycling.com\/pl\/?s={search_term_string}"},"query-input":{"@type":"PropertyValueSpecification","valueRequired":true,"valueName":"search_term_string"}}],"inLanguage":"pl-PL"},{"@type":"Person","@id":"https:\/\/www.welovecycling.com\/pl\/#\/schema\/person\/0dba2d39da943db9df3fd8f4687e7f23","name":"piotrboczkowski","image":{"@type":"ImageObject","inLanguage":"pl-PL","@id":"https:\/\/www.welovecycling.com\/pl\/#\/schema\/person\/image\/","url":"https:\/\/secure.gravatar.com\/avatar\/533caccae14752e03a2ce2d3fd62d1b98b93e1393c3195c27819e53344ca1ace?s=96&d=mm&r=g","contentUrl":"https:\/\/secure.gravatar.com\/avatar\/533caccae14752e03a2ce2d3fd62d1b98b93e1393c3195c27819e53344ca1ace?s=96&d=mm&r=g","caption":"piotrboczkowski"},"url":"https:\/\/www.welovecycling.com\/pl\/author\/piotrboczkowski\/"}]}},"_links":{"self":[{"href":"https:\/\/www.welovecycling.com\/pl\/wp-json\/wp\/v2\/posts\/8735","targetHints":{"allow":["GET"]}}],"collection":[{"href":"https:\/\/www.welovecycling.com\/pl\/wp-json\/wp\/v2\/posts"}],"about":[{"href":"https:\/\/www.welovecycling.com\/pl\/wp-json\/wp\/v2\/types\/post"}],"author":[{"embeddable":true,"href":"https:\/\/www.welovecycling.com\/pl\/wp-json\/wp\/v2\/users\/76"}],"replies":[{"embeddable":true,"href":"https:\/\/www.welovecycling.com\/pl\/wp-json\/wp\/v2\/comments?post=8735"}],"version-history":[{"count":2,"href":"https:\/\/www.welovecycling.com\/pl\/wp-json\/wp\/v2\/posts\/8735\/revisions"}],"predecessor-version":[{"id":8742,"href":"https:\/\/www.welovecycling.com\/pl\/wp-json\/wp\/v2\/posts\/8735\/revisions\/8742"}],"wp:featuredmedia":[{"embeddable":true,"href":"https:\/\/www.welovecycling.com\/pl\/wp-json\/wp\/v2\/media\/8741"}],"wp:attachment":[{"href":"https:\/\/www.welovecycling.com\/pl\/wp-json\/wp\/v2\/media?parent=8735"}],"wp:term":[{"taxonomy":"category","embeddable":true,"href":"https:\/\/www.welovecycling.com\/pl\/wp-json\/wp\/v2\/categories?post=8735"},{"taxonomy":"post_tag","embeddable":true,"href":"https:\/\/www.welovecycling.com\/pl\/wp-json\/wp\/v2\/tags?post=8735"},{"taxonomy":"global-categories","embeddable":true,"href":"https:\/\/www.welovecycling.com\/pl\/wp-json\/wp\/v2\/global-categories?post=8735"}],"curies":[{"name":"wp","href":"https:\/\/api.w.org\/{rel}","templated":true}]}}