{"id":8719,"date":"2019-03-25T08:21:44","date_gmt":"2019-03-25T08:21:44","guid":{"rendered":"https:\/\/www.welovecycling.com\/pl\/?p=8719"},"modified":"2019-03-26T08:30:47","modified_gmt":"2019-03-26T08:30:47","slug":"twardziele-zwyciezcy-zdobywcy-podium-mocne-otwarcie-sezonu-polskich-kolarzy","status":"publish","type":"post","link":"https:\/\/www.welovecycling.com\/pl\/2019\/03\/25\/twardziele-zwyciezcy-zdobywcy-podium-mocne-otwarcie-sezonu-polskich-kolarzy\/","title":{"rendered":"Twardziele, zwyci\u0119zcy, zdobywcy podium. Mocne otwarcie sezonu polskich kolarzy!"},"content":{"rendered":"<p><strong>Przed wy\u015bcigiem taki wynik pewnie bra\u0142by w ciemno, ale po jego zako\u0144czeniu czu\u0142 niedosyt. Micha\u0142 Kwiatkowski zaj\u0105\u0142 trzecie miejsce w wy\u015bcigu Pary\u017c \u2013 Nicea. Z kolei Rafa\u0142 Majka otrzyma\u0142 przydomek \u201etwardziela\u201d, cho\u0107 sta\u0142o si\u0119 to w okoliczno\u015bciach, kt\u00f3rych pewnie wola\u0142by unikn\u0105\u0107.<\/strong><\/p>\n<p>Kolarze nazywaj\u0105 go nieoficjalnym rozpocz\u0119ciem sezonu, inni \u017cartobliwie m\u00f3wi\u0105, \u017ce to czas na zbijanie pourlopowych brzuch\u00f3w. Pary\u017c \u2013 Nicea ma jednak swoj\u0105 renom\u0119 i niewiele brakowa\u0142o, a pad\u0142y \u0142upem Micha\u0142a Kwiatkowskiego.<\/p>\n<figure id=\"attachment_8724\" aria-describedby=\"caption-attachment-8724\" style=\"width: 1024px\" class=\"wp-caption aligncenter\"><a href=\"https:\/\/d2p6e6u75xmxt8.cloudfront.net\/5\/2019\/03\/WhatsApp_Image_2019-03-17_at_15.30.15_ijvel0.jpg\"><img loading=\"lazy\" decoding=\"async\" class=\"wp-image-8724 size-large\" src=\"https:\/\/d2p6e6u75xmxt8.cloudfront.net\/5\/2019\/03\/WhatsApp_Image_2019-03-17_at_15.30.15_ijvel0-1024x683.jpg\" alt=\"\" width=\"1024\" height=\"683\" srcset=\"https:\/\/d2p6e6u75xmxt8.cloudfront.net\/5\/2019\/03\/WhatsApp_Image_2019-03-17_at_15.30.15_ijvel0-1024x683.jpg 1024w, https:\/\/d2p6e6u75xmxt8.cloudfront.net\/5\/2019\/03\/WhatsApp_Image_2019-03-17_at_15.30.15_ijvel0-300x200.jpg 300w, https:\/\/d2p6e6u75xmxt8.cloudfront.net\/5\/2019\/03\/WhatsApp_Image_2019-03-17_at_15.30.15_ijvel0-768x512.jpg 768w, https:\/\/d2p6e6u75xmxt8.cloudfront.net\/5\/2019\/03\/WhatsApp_Image_2019-03-17_at_15.30.15_ijvel0-272x182.jpg 272w, https:\/\/d2p6e6u75xmxt8.cloudfront.net\/5\/2019\/03\/WhatsApp_Image_2019-03-17_at_15.30.15_ijvel0.jpg 1600w\" sizes=\"auto, (max-width: 1024px) 100vw, 1024px\" \/><\/a><figcaption id=\"caption-attachment-8724\" class=\"wp-caption-text\">https:\/\/www.teamsky.com\/article\/bernal-seals-overall-victory-at-paris-nice<\/figcaption><\/figure>\n<p><strong>Kapitalny tydzie\u0144<\/strong><\/p>\n<p>\u201eWy\u015bcig w stron\u0119 s\u0142o\u0144ca\u201d przygotowywany jest przez Amaury Sport Organisation, kt\u00f3ry organizuje tak\u017ce Tour de France, wi\u0119c niekt\u00f3rzy dopatruj\u0105 si\u0119 w nim przedsmak\u00f3w Wielkiej P\u0119tli. Je\u015bli co\u015b w tym jest, to Kwiatkowski w przysz\u0142o\u015b\u0107 mo\u017ce patrze\u0107 z optymizmem.<\/p>\n<p>Polak d\u0142ugo prowadzi\u0142 w Pary\u017c \u2013 Nicea. Co prawda nie wygra\u0142 \u017cadnego etapu, ale by\u0142 pierwszy po czwartym, pi\u0105tym i sz\u00f3stym dniu \u015bcigania. P\u00f3\u017aniej jednak na prowadzenie wskoczy\u0142 jego kolega z Team Sky Egan Bernal i do ko\u0144ca ju\u017c nie da\u0142 si\u0119 dogoni\u0107.<\/p>\n<p>&#8211; To by\u0142 kapitalny tydzie\u0144, bo uda\u0142o nam si\u0119 osi\u0105gn\u0105\u0107 g\u0142\u00f3wny cel, czyli wygra\u0107 klasyfikacj\u0119 generaln\u0105 [Team Sky triumfowa\u0142 przed Mitchelton-Scott i Astana Pro Team]. Wy\u015bcig by\u0142 niezwykle intensywny, Bardzo chcia\u0142em zwyci\u0119\u017cy\u0107, ale na Col de Turini nie by\u0142em w stanie zrobi\u0107 nic wi\u0119cej \u2013 podkre\u015bla Kwiatkowski.<\/p>\n<p>Polak przyzna\u0142 jednak, \u017ce Pary\u017c \u2013 Nicea by\u0142 dla niego tylko jednym z przystank\u00f3w przed wy\u015bcigiem Liege \u2013 Bastogne \u2013 Liege.<\/p>\n<p><a href=\"https:\/\/www.facebook.com\/kwiato\/photos\/a.582218888487241\/2578883158820794\/?type=3&#038;theater\">https:\/\/www.facebook.com\/kwiato\/photos\/a.582218888487241\/2578883158820794\/?type=3&amp;theater<\/a><\/p>\n<p><strong>Poobijany Rafa\u0142 Majka<\/strong><\/p>\n<p>Mniej szcz\u0119\u015bcia w wy\u015bcigu Tirreno- Adriatico ma inny polski kolarz eksportowy \u2013 Rafa\u0142 Majka. Zawodnik grupy Bora Hansgrohe podczas jazdy dru\u017cynowej na czas wjecha\u0142 w\u2026przechodnia.<\/p>\n<p><a href=\"https:\/\/twitter.com\/ronnyjowe\/status\/1105821555085492225?ref_src=twsrc%5Etfw%7Ctwcamp%5Etweetembed%7Ctwterm%5E1105821555085492225&#038;ref_url=https%3A%2F%2Frowery.org%2F2019%2F03%2F13%2Ftirreno-adriatico-2019-wypadek-rafala-majki%2F\">https:\/\/twitter.com\/ronnyjowe\/status\/1105821555085492225?ref_src=twsrc%5Etfw%7Ctwcamp%5Etweetembed%7Ctwterm%5E1105821555085492225&amp;ref_url=https%3A%2F%2Frowery.org%2F2019%2F03%2F13%2Ftirreno-adriatico-2019-wypadek-rafala-majki%2F<\/a><\/p>\n<p>Ta sytuacja rozpali\u0142a rowerowe \u015brodowisko. Jedni twierdzili, \u017ce to najlepszy przyk\u0142ad na to, jak nieuwa\u017cnie na co dzie\u0144 poruszaj\u0105 si\u0119 piesi. Inni twierdzili jednak, \u017ce wy\u015bcig zosta\u0142 nieodpowiednio przygotowany, poniewa\u017c w takim miejscu powinny sta\u0107 s\u0142u\u017cby organizatora.<\/p>\n<p>W Internecie trwa\u0142a k\u0142\u00f3tnia, tymczasem Majka walczy\u0142 z czasem. W ko\u0144cu okrzykni\u0119to go twardzielem, bo mimo pokiereszowanej twarzy i rozbitego \u0142uku brwiowego zdecydowa\u0142 si\u0119 kontynuowa\u0107 wy\u015bcig.<\/p>\n<p><a href=\"https:\/\/www.facebook.com\/rafalmajkaofficial\/photos\/a.651850258237310\/2102980436457611\/?type=3&#038;theater\">https:\/\/www.facebook.com\/rafalmajkaofficial\/photos\/a.651850258237310\/2102980436457611\/?type=3&amp;theater<\/a><\/p>\n<p>&#8211; Podczas dzisiejszego etapu odczuwa\u0142em b\u00f3l po wczorajszej kraksie, na szcz\u0119\u015bcie uda\u0142o mi si\u0119 uko\u0144czy\u0107 etap. Jedziemy dalej, chocia\u017c kolejne dni nie b\u0119d\u0105 dla mnie \u0142atwe. Walczymy do ko\u0144ca \u2013 napisa\u0142 nazajutrz 14 marca Majka na Facebooku.<\/p>\n<p>Tirreno-Adriatco pokona\u0142o za to Gerainta Thomasa, triumfatora ostatniego Tour de France. Walijczyk wycofa\u0142 si\u0119 na czwartym etapie z powodu problem\u00f3w \u017co\u0142\u0105dkowych. Tego samego dnia niezwyk\u0142ej sztuki dokona\u0142 Alexey Lutsenko, kt\u00f3ry dwukrotnie przewr\u00f3ci\u0142 si\u0119, a mimo to wygra\u0142 etap. Za pierwszym razem Kazach wjecha\u0142 na mokry piasek, za drugim\u2026 sam nie wie, co si\u0119 sta\u0142o. \u2013 To by\u0142 wariacki wy\u015bcig \u2013 przyzna\u0142 zawodnik Astany.<\/p>\n<p><strong>Zaskakuj\u0105ca decyzja UCI<\/strong><\/p>\n<p>Tymczasem wiadomo ju\u017c, gdzie odb\u0119d\u0105 si\u0119 mistrzostwa \u015bwiata w 2024 roku. UCI zdecydowa\u0142o si\u0119 powierzy\u0107 organizacj\u0119 Zurychowi. To o tyle zaskakuj\u0105ca decyzja, \u017ce w przysz\u0142ym roku Mistrzostwa \u015awiata tak\u017ce odb\u0119d\u0105 si\u0119 w Szwajcarii, poniewa\u017c zawod\u00f3w nie zdo\u0142a\u0142a zorganizowa\u0107 w\u0142oska Vicenza.<\/p>\n<p>&nbsp;<\/p>\n<style type=\"text\/css\"><!--td {border: 1px solid #ccc;}br {mso-data-placement:same-cell;}--><\/style>\n<p><span data-sheets-value=\"{&quot;1&quot;:2,&quot;2&quot;:&quot;Artyku\u0142 powsta\u0142 we wsp\u00f3\u0142pracy ze skoda-auto.pl&quot;}\" data-sheets-userformat=\"{&quot;2&quot;:1,&quot;3&quot;:{&quot;1&quot;:0}}\"><a class=\"in-cell-link\" href=\"http:\/\/www.skoda-auto.pl\/\" target=\"_blank\" rel=\"noopener\">Artyku\u0142 powsta\u0142 we wsp\u00f3\u0142pracy ze skoda-auto.pl<\/a><\/span><\/p>\n","protected":false},"excerpt":{"rendered":"<p>Przed wy\u015bcigiem taki wynik pewnie bra\u0142by w ciemno, ale po jego zako\u0144czeniu czu\u0142 niedosyt. Micha\u0142 Kwiatkowski zaj\u0105\u0142 trzecie miejsce w [&hellip;]<\/p>\n","protected":false},"author":76,"featured_media":8724,"comment_status":"open","ping_status":"open","sticky":false,"template":"","format":"standard","meta":{"footnotes":""},"categories":[6],"tags":[],"global-categories":[],"class_list":["post-8719","post","type-post","status-publish","format-standard","has-post-thumbnail","hentry","category-kolarstwo-szosowe"],"yoast_head":"<!-- This site is optimized with the Yoast SEO Premium plugin v25.3 (Yoast SEO v25.9) - https:\/\/yoast.com\/wordpress\/plugins\/seo\/ -->\n<title>Twardziele, zwyci\u0119zcy, zdobywcy podium. Mocne otwarcie sezonu polskich kolarzy! - \u0160koda We Love Cycling - Poland<\/title>\n<meta name=\"robots\" content=\"index, follow, max-snippet:-1, max-image-preview:large, max-video-preview:-1\" \/>\n<link rel=\"canonical\" href=\"https:\/\/www.welovecycling.com\/pl\/2019\/03\/25\/twardziele-zwyciezcy-zdobywcy-podium-mocne-otwarcie-sezonu-polskich-kolarzy\/\" \/>\n<meta property=\"og:locale\" content=\"pl_PL\" \/>\n<meta property=\"og:type\" content=\"article\" \/>\n<meta property=\"og:title\" content=\"Twardziele, zwyci\u0119zcy, zdobywcy podium. Mocne otwarcie sezonu polskich kolarzy!\" \/>\n<meta property=\"og:description\" content=\"Przed wy\u015bcigiem taki wynik pewnie bra\u0142by w ciemno, ale po jego zako\u0144czeniu czu\u0142 niedosyt. Micha\u0142 Kwiatkowski zaj\u0105\u0142 trzecie miejsce w [&hellip;]\" \/>\n<meta property=\"og:url\" content=\"https:\/\/www.welovecycling.com\/pl\/2019\/03\/25\/twardziele-zwyciezcy-zdobywcy-podium-mocne-otwarcie-sezonu-polskich-kolarzy\/\" \/>\n<meta property=\"og:site_name\" content=\"\u0160koda We Love Cycling - Poland\" \/>\n<meta property=\"article:published_time\" content=\"2019-03-25T08:21:44+00:00\" \/>\n<meta property=\"article:modified_time\" content=\"2019-03-26T08:30:47+00:00\" \/>\n<meta property=\"og:image\" content=\"https:\/\/d2p6e6u75xmxt8.cloudfront.net\/5\/2019\/03\/WhatsApp_Image_2019-03-17_at_15.30.15_ijvel0.jpg\" \/>\n\t<meta property=\"og:image:width\" content=\"1600\" \/>\n\t<meta property=\"og:image:height\" content=\"1067\" \/>\n\t<meta property=\"og:image:type\" content=\"image\/jpeg\" \/>\n<meta name=\"author\" content=\"piotrboczkowski\" \/>\n<meta name=\"twitter:card\" content=\"summary_large_image\" \/>\n<meta name=\"twitter:label1\" content=\"Written by\" \/>\n\t<meta name=\"twitter:data1\" content=\"Piotr Jawor\" \/>\n\t<meta name=\"twitter:label2\" content=\"Est. reading time\" \/>\n\t<meta name=\"twitter:data2\" content=\"5\" \/>\n<script type=\"application\/ld+json\" class=\"yoast-schema-graph\">{\"@context\":\"https:\/\/schema.org\",\"@graph\":[{\"@type\":\"WebPage\",\"@id\":\"https:\/\/www.welovecycling.com\/pl\/2019\/03\/25\/twardziele-zwyciezcy-zdobywcy-podium-mocne-otwarcie-sezonu-polskich-kolarzy\/\",\"url\":\"https:\/\/www.welovecycling.com\/pl\/2019\/03\/25\/twardziele-zwyciezcy-zdobywcy-podium-mocne-otwarcie-sezonu-polskich-kolarzy\/\",\"name\":\"Twardziele, zwyci\u0119zcy, zdobywcy podium. Mocne otwarcie sezonu polskich kolarzy! - \u0160koda We Love Cycling - Poland\",\"isPartOf\":{\"@id\":\"https:\/\/www.welovecycling.com\/pl\/#website\"},\"primaryImageOfPage\":{\"@id\":\"https:\/\/www.welovecycling.com\/pl\/2019\/03\/25\/twardziele-zwyciezcy-zdobywcy-podium-mocne-otwarcie-sezonu-polskich-kolarzy\/#primaryimage\"},\"image\":{\"@id\":\"https:\/\/www.welovecycling.com\/pl\/2019\/03\/25\/twardziele-zwyciezcy-zdobywcy-podium-mocne-otwarcie-sezonu-polskich-kolarzy\/#primaryimage\"},\"thumbnailUrl\":\"https:\/\/d2p6e6u75xmxt8.cloudfront.net\/5\/2019\/03\/WhatsApp_Image_2019-03-17_at_15.30.15_ijvel0.jpg\",\"datePublished\":\"2019-03-25T08:21:44+00:00\",\"dateModified\":\"2019-03-26T08:30:47+00:00\",\"author\":{\"@id\":\"https:\/\/www.welovecycling.com\/pl\/#\/schema\/person\/0dba2d39da943db9df3fd8f4687e7f23\"},\"breadcrumb\":{\"@id\":\"https:\/\/www.welovecycling.com\/pl\/2019\/03\/25\/twardziele-zwyciezcy-zdobywcy-podium-mocne-otwarcie-sezonu-polskich-kolarzy\/#breadcrumb\"},\"inLanguage\":\"pl-PL\",\"potentialAction\":[{\"@type\":\"ReadAction\",\"target\":[\"https:\/\/www.welovecycling.com\/pl\/2019\/03\/25\/twardziele-zwyciezcy-zdobywcy-podium-mocne-otwarcie-sezonu-polskich-kolarzy\/\"]}]},{\"@type\":\"ImageObject\",\"inLanguage\":\"pl-PL\",\"@id\":\"https:\/\/www.welovecycling.com\/pl\/2019\/03\/25\/twardziele-zwyciezcy-zdobywcy-podium-mocne-otwarcie-sezonu-polskich-kolarzy\/#primaryimage\",\"url\":\"https:\/\/d2p6e6u75xmxt8.cloudfront.net\/5\/2019\/03\/WhatsApp_Image_2019-03-17_at_15.30.15_ijvel0.jpg\",\"contentUrl\":\"https:\/\/d2p6e6u75xmxt8.cloudfront.net\/5\/2019\/03\/WhatsApp_Image_2019-03-17_at_15.30.15_ijvel0.jpg\",\"width\":1600,\"height\":1067},{\"@type\":\"BreadcrumbList\",\"@id\":\"https:\/\/www.welovecycling.com\/pl\/2019\/03\/25\/twardziele-zwyciezcy-zdobywcy-podium-mocne-otwarcie-sezonu-polskich-kolarzy\/#breadcrumb\",\"itemListElement\":[{\"@type\":\"ListItem\",\"position\":1,\"name\":\"Home\",\"item\":\"https:\/\/www.welovecycling.com\/pl\/\"},{\"@type\":\"ListItem\",\"position\":2,\"name\":\"Twardziele, zwyci\u0119zcy, zdobywcy podium. Mocne otwarcie sezonu polskich kolarzy!\"}]},{\"@type\":\"WebSite\",\"@id\":\"https:\/\/www.welovecycling.com\/pl\/#website\",\"url\":\"https:\/\/www.welovecycling.com\/pl\/\",\"name\":\"\u0160koda We Love Cycling - Poland\",\"description\":\"\",\"potentialAction\":[{\"@type\":\"SearchAction\",\"target\":{\"@type\":\"EntryPoint\",\"urlTemplate\":\"https:\/\/www.welovecycling.com\/pl\/?s={search_term_string}\"},\"query-input\":{\"@type\":\"PropertyValueSpecification\",\"valueRequired\":true,\"valueName\":\"search_term_string\"}}],\"inLanguage\":\"pl-PL\"},{\"@type\":\"Person\",\"@id\":\"https:\/\/www.welovecycling.com\/pl\/#\/schema\/person\/0dba2d39da943db9df3fd8f4687e7f23\",\"name\":\"piotrboczkowski\",\"image\":{\"@type\":\"ImageObject\",\"inLanguage\":\"pl-PL\",\"@id\":\"https:\/\/www.welovecycling.com\/pl\/#\/schema\/person\/image\/\",\"url\":\"https:\/\/secure.gravatar.com\/avatar\/533caccae14752e03a2ce2d3fd62d1b98b93e1393c3195c27819e53344ca1ace?s=96&d=mm&r=g\",\"contentUrl\":\"https:\/\/secure.gravatar.com\/avatar\/533caccae14752e03a2ce2d3fd62d1b98b93e1393c3195c27819e53344ca1ace?s=96&d=mm&r=g\",\"caption\":\"piotrboczkowski\"},\"url\":\"https:\/\/www.welovecycling.com\/pl\/author\/piotrboczkowski\/\"}]}<\/script>\n<!-- \/ Yoast SEO Premium plugin. -->","yoast_head_json":{"title":"Twardziele, zwyci\u0119zcy, zdobywcy podium. Mocne otwarcie sezonu polskich kolarzy! - \u0160koda We Love Cycling - Poland","robots":{"index":"index","follow":"follow","max-snippet":"max-snippet:-1","max-image-preview":"max-image-preview:large","max-video-preview":"max-video-preview:-1"},"canonical":"https:\/\/www.welovecycling.com\/pl\/2019\/03\/25\/twardziele-zwyciezcy-zdobywcy-podium-mocne-otwarcie-sezonu-polskich-kolarzy\/","og_locale":"pl_PL","og_type":"article","og_title":"Twardziele, zwyci\u0119zcy, zdobywcy podium. Mocne otwarcie sezonu polskich kolarzy!","og_description":"Przed wy\u015bcigiem taki wynik pewnie bra\u0142by w ciemno, ale po jego zako\u0144czeniu czu\u0142 niedosyt. Micha\u0142 Kwiatkowski zaj\u0105\u0142 trzecie miejsce w [&hellip;]","og_url":"https:\/\/www.welovecycling.com\/pl\/2019\/03\/25\/twardziele-zwyciezcy-zdobywcy-podium-mocne-otwarcie-sezonu-polskich-kolarzy\/","og_site_name":"\u0160koda We Love Cycling - Poland","article_published_time":"2019-03-25T08:21:44+00:00","article_modified_time":"2019-03-26T08:30:47+00:00","og_image":[{"width":1600,"height":1067,"url":"https:\/\/d2p6e6u75xmxt8.cloudfront.net\/5\/2019\/03\/WhatsApp_Image_2019-03-17_at_15.30.15_ijvel0.jpg","type":"image\/jpeg"}],"author":"piotrboczkowski","twitter_card":"summary_large_image","twitter_misc":{"Written by":"Piotr Jawor","Est. reading time":"5"},"schema":{"@context":"https:\/\/schema.org","@graph":[{"@type":"WebPage","@id":"https:\/\/www.welovecycling.com\/pl\/2019\/03\/25\/twardziele-zwyciezcy-zdobywcy-podium-mocne-otwarcie-sezonu-polskich-kolarzy\/","url":"https:\/\/www.welovecycling.com\/pl\/2019\/03\/25\/twardziele-zwyciezcy-zdobywcy-podium-mocne-otwarcie-sezonu-polskich-kolarzy\/","name":"Twardziele, zwyci\u0119zcy, zdobywcy podium. Mocne otwarcie sezonu polskich kolarzy! - \u0160koda We Love Cycling - Poland","isPartOf":{"@id":"https:\/\/www.welovecycling.com\/pl\/#website"},"primaryImageOfPage":{"@id":"https:\/\/www.welovecycling.com\/pl\/2019\/03\/25\/twardziele-zwyciezcy-zdobywcy-podium-mocne-otwarcie-sezonu-polskich-kolarzy\/#primaryimage"},"image":{"@id":"https:\/\/www.welovecycling.com\/pl\/2019\/03\/25\/twardziele-zwyciezcy-zdobywcy-podium-mocne-otwarcie-sezonu-polskich-kolarzy\/#primaryimage"},"thumbnailUrl":"https:\/\/d2p6e6u75xmxt8.cloudfront.net\/5\/2019\/03\/WhatsApp_Image_2019-03-17_at_15.30.15_ijvel0.jpg","datePublished":"2019-03-25T08:21:44+00:00","dateModified":"2019-03-26T08:30:47+00:00","author":{"@id":"https:\/\/www.welovecycling.com\/pl\/#\/schema\/person\/0dba2d39da943db9df3fd8f4687e7f23"},"breadcrumb":{"@id":"https:\/\/www.welovecycling.com\/pl\/2019\/03\/25\/twardziele-zwyciezcy-zdobywcy-podium-mocne-otwarcie-sezonu-polskich-kolarzy\/#breadcrumb"},"inLanguage":"pl-PL","potentialAction":[{"@type":"ReadAction","target":["https:\/\/www.welovecycling.com\/pl\/2019\/03\/25\/twardziele-zwyciezcy-zdobywcy-podium-mocne-otwarcie-sezonu-polskich-kolarzy\/"]}]},{"@type":"ImageObject","inLanguage":"pl-PL","@id":"https:\/\/www.welovecycling.com\/pl\/2019\/03\/25\/twardziele-zwyciezcy-zdobywcy-podium-mocne-otwarcie-sezonu-polskich-kolarzy\/#primaryimage","url":"https:\/\/d2p6e6u75xmxt8.cloudfront.net\/5\/2019\/03\/WhatsApp_Image_2019-03-17_at_15.30.15_ijvel0.jpg","contentUrl":"https:\/\/d2p6e6u75xmxt8.cloudfront.net\/5\/2019\/03\/WhatsApp_Image_2019-03-17_at_15.30.15_ijvel0.jpg","width":1600,"height":1067},{"@type":"BreadcrumbList","@id":"https:\/\/www.welovecycling.com\/pl\/2019\/03\/25\/twardziele-zwyciezcy-zdobywcy-podium-mocne-otwarcie-sezonu-polskich-kolarzy\/#breadcrumb","itemListElement":[{"@type":"ListItem","position":1,"name":"Home","item":"https:\/\/www.welovecycling.com\/pl\/"},{"@type":"ListItem","position":2,"name":"Twardziele, zwyci\u0119zcy, zdobywcy podium. Mocne otwarcie sezonu polskich kolarzy!"}]},{"@type":"WebSite","@id":"https:\/\/www.welovecycling.com\/pl\/#website","url":"https:\/\/www.welovecycling.com\/pl\/","name":"\u0160koda We Love Cycling - Poland","description":"","potentialAction":[{"@type":"SearchAction","target":{"@type":"EntryPoint","urlTemplate":"https:\/\/www.welovecycling.com\/pl\/?s={search_term_string}"},"query-input":{"@type":"PropertyValueSpecification","valueRequired":true,"valueName":"search_term_string"}}],"inLanguage":"pl-PL"},{"@type":"Person","@id":"https:\/\/www.welovecycling.com\/pl\/#\/schema\/person\/0dba2d39da943db9df3fd8f4687e7f23","name":"piotrboczkowski","image":{"@type":"ImageObject","inLanguage":"pl-PL","@id":"https:\/\/www.welovecycling.com\/pl\/#\/schema\/person\/image\/","url":"https:\/\/secure.gravatar.com\/avatar\/533caccae14752e03a2ce2d3fd62d1b98b93e1393c3195c27819e53344ca1ace?s=96&d=mm&r=g","contentUrl":"https:\/\/secure.gravatar.com\/avatar\/533caccae14752e03a2ce2d3fd62d1b98b93e1393c3195c27819e53344ca1ace?s=96&d=mm&r=g","caption":"piotrboczkowski"},"url":"https:\/\/www.welovecycling.com\/pl\/author\/piotrboczkowski\/"}]}},"_links":{"self":[{"href":"https:\/\/www.welovecycling.com\/pl\/wp-json\/wp\/v2\/posts\/8719","targetHints":{"allow":["GET"]}}],"collection":[{"href":"https:\/\/www.welovecycling.com\/pl\/wp-json\/wp\/v2\/posts"}],"about":[{"href":"https:\/\/www.welovecycling.com\/pl\/wp-json\/wp\/v2\/types\/post"}],"author":[{"embeddable":true,"href":"https:\/\/www.welovecycling.com\/pl\/wp-json\/wp\/v2\/users\/76"}],"replies":[{"embeddable":true,"href":"https:\/\/www.welovecycling.com\/pl\/wp-json\/wp\/v2\/comments?post=8719"}],"version-history":[{"count":2,"href":"https:\/\/www.welovecycling.com\/pl\/wp-json\/wp\/v2\/posts\/8719\/revisions"}],"predecessor-version":[{"id":8727,"href":"https:\/\/www.welovecycling.com\/pl\/wp-json\/wp\/v2\/posts\/8719\/revisions\/8727"}],"wp:featuredmedia":[{"embeddable":true,"href":"https:\/\/www.welovecycling.com\/pl\/wp-json\/wp\/v2\/media\/8724"}],"wp:attachment":[{"href":"https:\/\/www.welovecycling.com\/pl\/wp-json\/wp\/v2\/media?parent=8719"}],"wp:term":[{"taxonomy":"category","embeddable":true,"href":"https:\/\/www.welovecycling.com\/pl\/wp-json\/wp\/v2\/categories?post=8719"},{"taxonomy":"post_tag","embeddable":true,"href":"https:\/\/www.welovecycling.com\/pl\/wp-json\/wp\/v2\/tags?post=8719"},{"taxonomy":"global-categories","embeddable":true,"href":"https:\/\/www.welovecycling.com\/pl\/wp-json\/wp\/v2\/global-categories?post=8719"}],"curies":[{"name":"wp","href":"https:\/\/api.w.org\/{rel}","templated":true}]}}