{"id":8685,"date":"2019-03-15T12:02:43","date_gmt":"2019-03-15T12:02:43","guid":{"rendered":"https:\/\/www.welovecycling.com\/pl\/?p=8685"},"modified":"2019-03-15T12:02:43","modified_gmt":"2019-03-15T12:02:43","slug":"skoda-przedstawia-elektryczny-koncept-pojazdu-dwukolowego-klement","status":"publish","type":"post","link":"https:\/\/www.welovecycling.com\/pl\/2019\/03\/15\/skoda-przedstawia-elektryczny-koncept-pojazdu-dwukolowego-klement\/","title":{"rendered":"\u0160koda przedstawia elektryczny koncept pojazdu dwuko\u0142owego \u2013 KLEMENT"},"content":{"rendered":"<h3 class=\"item-news-name\"><strong>Podczas tegorocznego Salonu Samochodowego w\u00a0Genewie, \u0160koda zaprezentowa\u0142a now\u0105 koncepcje z\u00a0zakresu mikromobilno\u015bci. Symbolem tego wydarzenia by\u0142 KLEMENT, dwuko\u0142owy miejski pojazd nap\u0119dzany elektrycznie. Silnik o\u00a0mocy 4\u00a0kW umo\u017cliwia poruszanie si\u0119 z\u00a0pr\u0119dko\u015bci\u0105 do 45km\/h, a\u00a0funkcja przyspieszenia i\u00a0hamowania jest niezwykle intuicyjna i\u00a0dziecinnie prosta. Bezpieczn\u0105 jazd\u0119 gwarantuje hydrauliczny hamulec z\u00a0przodu wyposa\u017cony w\u00a0ABS oraz o\u015bwietlenie LED. Pojazd wyposa\u017cony jest w\u00a0system odzyskiwania energii z\u00a0hamowania.<\/strong><\/h3>\n<div class=\"item-news-content\">\n<div><\/div>\n<div>Zwinne pojazdy u\u0142atwiaj\u0105 codzienne dojazdy do pracy w\u00a0g\u0119sto zaludnionych obszarach miejskich i\u00a0dlatego staj\u0105 si\u0119 coraz popularniejsze. KLEMENT, koncepcyjny pojazd dwuko\u0142owy zosta\u0142 zaprojektowany z\u00a0my\u015bl\u0105 o\u00a0m\u0142odych ludziach, kt\u00f3rzy szukaj\u0105 alternatywy dla samochodu i\u00a0oczekuj\u0105, \u017ce b\u0119dzie ona \u0142atwa w\u00a0obs\u0142udze, przyjemna, a\u00a0tak\u017ce szybsza i\u00a0wygodniejsza ni\u017c konwencjonalny rower. KLEMENT ma nowoczesn\u0105 aluminiow\u0105 ram\u0119, nie ma \u017cadnych widocznych d\u017awigni ani kabli, a\u00a0stopy kierowcy spoczywaj\u0105 na sta\u0142ych peda\u0142ach. Urz\u0105dzenie wa\u017cy ok. 25 kg.<\/div>\n<div><\/div>\n<div>&#8211; Prezentuj\u0105c model KLEMENT na Motor Show w\u00a0Genewie, przedstawiamy nasz\u0105 wizj\u0119 mikromobilno\u015bci: zr\u00f3wnowa\u017con\u0105, innowacyjn\u0105, elektryczn\u0105 i\u00a0o nowoczesnym designie. KLEMENT to najnowocze\u015bniejszy, dynamiczny i\u00a0\u0142atwy w\u00a0obs\u0142udze pojazd. Koncepcja jest idealnie dopasowana do naszych klient\u00f3w i\u00a0naszej strategii eMobility. Chcemy oceni\u0107 w\u00a0jaki spos\u00f3b KLEMENT mo\u017ce wzbogadzi\u0107 portfolio produktowe naszej marki w\u00a0przysz\u0142o\u015bci \u2013 opowiada Guido Haak, kierownik ds. Zarz\u0105dzania produktami w\u00a0firmie \u0160koda AUTO.<\/div>\n<div><\/div>\n<div><strong>Intuicyjna obs\u0142uga<\/strong><\/div>\n<div><\/div>\n<div>Funkcja przyspieszania i\u00a0hamowania w\u00a0poje\u017adzie KLEMENT dzia\u0142a jak w\u00a0popularnych hoverboardach \u2013 poprzez nacisk i\u00a0przechylenie peda\u0142\u00f3w. Je\u015bli u\u017cytkownik przeniesie sw\u00f3j ci\u0119\u017car cia\u0142a na pedale do przodu, KLEMENT przyspieszy. Natomiast je\u015bli kierowca pochyli si\u0119 do ty\u0142u &#8211; w\u0142\u0105czany jest hydrauliczny tarczowy hamulec wyposa\u017cony w\u00a0ABS, umieszczony\u00a0 z\u00a0przodu pojazdu. Hamulec w\u00a0tylnym kole ma dodatkow\u0105 funkcj\u0119 odzyskiwania energii. Silnik umieszczony w\u00a0tylnej pia\u015bcie ma moc 4\u00a0kW i\u00a0przyspiesza rower do maksymalnej pr\u0119dko\u015bci 45 km\/h. Dwie baterie litowo-jonowe, o\u00a0\u0142\u0105cznej pojemno\u015bci 1250 Wh zapewniaj\u0105 zasi\u0119g do 62 km. Akumulatory te mo\u017cna \u0142atwo wyjmowa\u0107 i\u00a0\u0142adowa\u0107 za pomoc\u0105 domowego gniazdka. Baterie mog\u0105 by\u0107 r\u00f3wnie\u017c \u0142adowane podczas jazdy dzi\u0119ki odzyskiwaniu energii z\u00a0hamowania.<\/div>\n<div><\/div>\n<div><strong>Najnowsze technologie<\/strong><\/div>\n<div><\/div>\n<div>KLEMENT wyposa\u017cony jest w\u00a0o\u015bwietlenie LED najnowszej generacji. Zintegrowany system \u015bwiate\u0142 obejmuje reflektor i\u00a0\u015bwiat\u0142o hamowania, wska\u017aniki zintegrowane z\u00a0peda\u0142ami oraz o\u015bwietlenie do jazdy w\u00a0ci\u0105gu dnia. Pojazd posiada umieszczony na ramie, tu\u017c za kierownic\u0105, uchwyt na smartfona z\u00a0mo\u017cliwo\u015bci\u0105 \u0142adowania indukcyjnego. KLEMENT jest w\u00a0pe\u0142ni integrowalny z\u00a0aplikacj\u0105 mobiln\u0105 i\u00a0posiada innowacyjne rozwi\u0105zania komunikacyjne oferowane przez \u0160KOD\u0118, np.: funkcj\u0119 Coming Home czy automatyczne uruchamianie po\u0142\u0105czenia alarmowego.<\/div>\n<div>\n<div id='gallery-1' class='gallery galleryid-8685 gallery-columns-3 gallery-size-medium'><figure class='gallery-item'>\n\t\t\t<div class='gallery-icon landscape'>\n\t\t\t\t<img loading=\"lazy\" decoding=\"async\" width=\"300\" height=\"200\" src=\"https:\/\/d2p6e6u75xmxt8.cloudfront.net\/5\/2019\/03\/12769-klement_20190228_02_left-300x200.jpg\" class=\"attachment-medium size-medium\" alt=\"\" srcset=\"https:\/\/d2p6e6u75xmxt8.cloudfront.net\/5\/2019\/03\/12769-klement_20190228_02_left-300x200.jpg 300w, https:\/\/d2p6e6u75xmxt8.cloudfront.net\/5\/2019\/03\/12769-klement_20190228_02_left-768x512.jpg 768w, https:\/\/d2p6e6u75xmxt8.cloudfront.net\/5\/2019\/03\/12769-klement_20190228_02_left-1024x683.jpg 1024w, https:\/\/d2p6e6u75xmxt8.cloudfront.net\/5\/2019\/03\/12769-klement_20190228_02_left-1920x1280.jpg 1920w, https:\/\/d2p6e6u75xmxt8.cloudfront.net\/5\/2019\/03\/12769-klement_20190228_02_left-272x182.jpg 272w, https:\/\/d2p6e6u75xmxt8.cloudfront.net\/5\/2019\/03\/12769-klement_20190228_02_left-1920x1280.jpg 1920w\" sizes=\"auto, (max-width: 300px) 100vw, 300px\" \/>\n\t\t\t<\/div><\/figure><figure class='gallery-item'>\n\t\t\t<div class='gallery-icon landscape'>\n\t\t\t\t<img loading=\"lazy\" decoding=\"async\" width=\"300\" height=\"200\" src=\"https:\/\/d2p6e6u75xmxt8.cloudfront.net\/5\/2019\/03\/12770-klement_20190228_03_right_on-300x200.jpg\" class=\"attachment-medium size-medium\" alt=\"\" srcset=\"https:\/\/d2p6e6u75xmxt8.cloudfront.net\/5\/2019\/03\/12770-klement_20190228_03_right_on-300x200.jpg 300w, https:\/\/d2p6e6u75xmxt8.cloudfront.net\/5\/2019\/03\/12770-klement_20190228_03_right_on-768x512.jpg 768w, https:\/\/d2p6e6u75xmxt8.cloudfront.net\/5\/2019\/03\/12770-klement_20190228_03_right_on-1024x683.jpg 1024w, https:\/\/d2p6e6u75xmxt8.cloudfront.net\/5\/2019\/03\/12770-klement_20190228_03_right_on-1920x1280.jpg 1920w, https:\/\/d2p6e6u75xmxt8.cloudfront.net\/5\/2019\/03\/12770-klement_20190228_03_right_on-272x182.jpg 272w, https:\/\/d2p6e6u75xmxt8.cloudfront.net\/5\/2019\/03\/12770-klement_20190228_03_right_on-1920x1280.jpg 1920w\" sizes=\"auto, (max-width: 300px) 100vw, 300px\" \/>\n\t\t\t<\/div><\/figure><figure class='gallery-item'>\n\t\t\t<div class='gallery-icon landscape'>\n\t\t\t\t<img loading=\"lazy\" decoding=\"async\" width=\"300\" height=\"200\" src=\"https:\/\/d2p6e6u75xmxt8.cloudfront.net\/5\/2019\/03\/12771-klement_20190228_04_right-300x200.jpg\" class=\"attachment-medium size-medium\" alt=\"\" srcset=\"https:\/\/d2p6e6u75xmxt8.cloudfront.net\/5\/2019\/03\/12771-klement_20190228_04_right-300x200.jpg 300w, https:\/\/d2p6e6u75xmxt8.cloudfront.net\/5\/2019\/03\/12771-klement_20190228_04_right-768x512.jpg 768w, https:\/\/d2p6e6u75xmxt8.cloudfront.net\/5\/2019\/03\/12771-klement_20190228_04_right-1024x683.jpg 1024w, https:\/\/d2p6e6u75xmxt8.cloudfront.net\/5\/2019\/03\/12771-klement_20190228_04_right-1920x1280.jpg 1920w, https:\/\/d2p6e6u75xmxt8.cloudfront.net\/5\/2019\/03\/12771-klement_20190228_04_right-272x182.jpg 272w, https:\/\/d2p6e6u75xmxt8.cloudfront.net\/5\/2019\/03\/12771-klement_20190228_04_right-1920x1280.jpg 1920w\" sizes=\"auto, (max-width: 300px) 100vw, 300px\" \/>\n\t\t\t<\/div><\/figure><figure class='gallery-item'>\n\t\t\t<div class='gallery-icon landscape'>\n\t\t\t\t<img loading=\"lazy\" decoding=\"async\" width=\"300\" height=\"200\" src=\"https:\/\/d2p6e6u75xmxt8.cloudfront.net\/5\/2019\/03\/12772-klement_20190228_05_motor-300x200.jpg\" class=\"attachment-medium size-medium\" alt=\"\" srcset=\"https:\/\/d2p6e6u75xmxt8.cloudfront.net\/5\/2019\/03\/12772-klement_20190228_05_motor-300x200.jpg 300w, https:\/\/d2p6e6u75xmxt8.cloudfront.net\/5\/2019\/03\/12772-klement_20190228_05_motor-768x512.jpg 768w, https:\/\/d2p6e6u75xmxt8.cloudfront.net\/5\/2019\/03\/12772-klement_20190228_05_motor-1024x683.jpg 1024w, https:\/\/d2p6e6u75xmxt8.cloudfront.net\/5\/2019\/03\/12772-klement_20190228_05_motor-1920x1280.jpg 1920w, https:\/\/d2p6e6u75xmxt8.cloudfront.net\/5\/2019\/03\/12772-klement_20190228_05_motor-272x182.jpg 272w, https:\/\/d2p6e6u75xmxt8.cloudfront.net\/5\/2019\/03\/12772-klement_20190228_05_motor-1920x1280.jpg 1920w\" sizes=\"auto, (max-width: 300px) 100vw, 300px\" \/>\n\t\t\t<\/div><\/figure><figure class='gallery-item'>\n\t\t\t<div class='gallery-icon landscape'>\n\t\t\t\t<img loading=\"lazy\" decoding=\"async\" width=\"300\" height=\"200\" src=\"https:\/\/d2p6e6u75xmxt8.cloudfront.net\/5\/2019\/03\/12773-klement_20190228_06_rear-300x200.jpg\" class=\"attachment-medium size-medium\" alt=\"\" srcset=\"https:\/\/d2p6e6u75xmxt8.cloudfront.net\/5\/2019\/03\/12773-klement_20190228_06_rear-300x200.jpg 300w, https:\/\/d2p6e6u75xmxt8.cloudfront.net\/5\/2019\/03\/12773-klement_20190228_06_rear-768x512.jpg 768w, https:\/\/d2p6e6u75xmxt8.cloudfront.net\/5\/2019\/03\/12773-klement_20190228_06_rear-1024x683.jpg 1024w, https:\/\/d2p6e6u75xmxt8.cloudfront.net\/5\/2019\/03\/12773-klement_20190228_06_rear-1920x1280.jpg 1920w, https:\/\/d2p6e6u75xmxt8.cloudfront.net\/5\/2019\/03\/12773-klement_20190228_06_rear-272x182.jpg 272w, https:\/\/d2p6e6u75xmxt8.cloudfront.net\/5\/2019\/03\/12773-klement_20190228_06_rear-1920x1280.jpg 1920w\" sizes=\"auto, (max-width: 300px) 100vw, 300px\" \/>\n\t\t\t<\/div><\/figure><figure class='gallery-item'>\n\t\t\t<div class='gallery-icon landscape'>\n\t\t\t\t<img loading=\"lazy\" decoding=\"async\" width=\"300\" height=\"200\" src=\"https:\/\/d2p6e6u75xmxt8.cloudfront.net\/5\/2019\/03\/12774-klement_20190228_07_frontbrake-300x200.jpg\" class=\"attachment-medium size-medium\" alt=\"\" srcset=\"https:\/\/d2p6e6u75xmxt8.cloudfront.net\/5\/2019\/03\/12774-klement_20190228_07_frontbrake-300x200.jpg 300w, https:\/\/d2p6e6u75xmxt8.cloudfront.net\/5\/2019\/03\/12774-klement_20190228_07_frontbrake-768x512.jpg 768w, https:\/\/d2p6e6u75xmxt8.cloudfront.net\/5\/2019\/03\/12774-klement_20190228_07_frontbrake-1024x683.jpg 1024w, https:\/\/d2p6e6u75xmxt8.cloudfront.net\/5\/2019\/03\/12774-klement_20190228_07_frontbrake-1920x1280.jpg 1920w, https:\/\/d2p6e6u75xmxt8.cloudfront.net\/5\/2019\/03\/12774-klement_20190228_07_frontbrake-272x182.jpg 272w, https:\/\/d2p6e6u75xmxt8.cloudfront.net\/5\/2019\/03\/12774-klement_20190228_07_frontbrake-1920x1280.jpg 1920w\" sizes=\"auto, (max-width: 300px) 100vw, 300px\" \/>\n\t\t\t<\/div><\/figure><figure class='gallery-item'>\n\t\t\t<div class='gallery-icon landscape'>\n\t\t\t\t<img loading=\"lazy\" decoding=\"async\" width=\"300\" height=\"200\" src=\"https:\/\/d2p6e6u75xmxt8.cloudfront.net\/5\/2019\/03\/12775-klement_20190228_08_handlebars_on-300x200.jpg\" class=\"attachment-medium size-medium\" alt=\"\" srcset=\"https:\/\/d2p6e6u75xmxt8.cloudfront.net\/5\/2019\/03\/12775-klement_20190228_08_handlebars_on-300x200.jpg 300w, https:\/\/d2p6e6u75xmxt8.cloudfront.net\/5\/2019\/03\/12775-klement_20190228_08_handlebars_on-768x512.jpg 768w, https:\/\/d2p6e6u75xmxt8.cloudfront.net\/5\/2019\/03\/12775-klement_20190228_08_handlebars_on-1024x683.jpg 1024w, https:\/\/d2p6e6u75xmxt8.cloudfront.net\/5\/2019\/03\/12775-klement_20190228_08_handlebars_on-1920x1280.jpg 1920w, https:\/\/d2p6e6u75xmxt8.cloudfront.net\/5\/2019\/03\/12775-klement_20190228_08_handlebars_on-272x182.jpg 272w, https:\/\/d2p6e6u75xmxt8.cloudfront.net\/5\/2019\/03\/12775-klement_20190228_08_handlebars_on-1920x1280.jpg 1920w\" sizes=\"auto, (max-width: 300px) 100vw, 300px\" \/>\n\t\t\t<\/div><\/figure><figure class='gallery-item'>\n\t\t\t<div class='gallery-icon landscape'>\n\t\t\t\t<img loading=\"lazy\" decoding=\"async\" width=\"300\" height=\"114\" src=\"https:\/\/d2p6e6u75xmxt8.cloudfront.net\/5\/2019\/03\/12766-Geneva-Klement-skoda-header-1920x730-300x114.jpg\" class=\"attachment-medium size-medium\" alt=\"\" srcset=\"https:\/\/d2p6e6u75xmxt8.cloudfront.net\/5\/2019\/03\/12766-Geneva-Klement-skoda-header-1920x730-300x114.jpg 300w, https:\/\/d2p6e6u75xmxt8.cloudfront.net\/5\/2019\/03\/12766-Geneva-Klement-skoda-header-1920x730-768x292.jpg 768w, https:\/\/d2p6e6u75xmxt8.cloudfront.net\/5\/2019\/03\/12766-Geneva-Klement-skoda-header-1920x730-1024x389.jpg 1024w, https:\/\/d2p6e6u75xmxt8.cloudfront.net\/5\/2019\/03\/12766-Geneva-Klement-skoda-header-1920x730.jpg 1920w, https:\/\/d2p6e6u75xmxt8.cloudfront.net\/5\/2019\/03\/12766-Geneva-Klement-skoda-header-1920x730-1920x730.jpg 1920w\" sizes=\"auto, (max-width: 300px) 100vw, 300px\" \/>\n\t\t\t<\/div><\/figure><figure class='gallery-item'>\n\t\t\t<div class='gallery-icon landscape'>\n\t\t\t\t<img loading=\"lazy\" decoding=\"async\" width=\"300\" height=\"200\" src=\"https:\/\/d2p6e6u75xmxt8.cloudfront.net\/5\/2019\/03\/12767-klement_2-300x200.jpg\" class=\"attachment-medium size-medium\" alt=\"\" srcset=\"https:\/\/d2p6e6u75xmxt8.cloudfront.net\/5\/2019\/03\/12767-klement_2-300x200.jpg 300w, https:\/\/d2p6e6u75xmxt8.cloudfront.net\/5\/2019\/03\/12767-klement_2-768x512.jpg 768w, https:\/\/d2p6e6u75xmxt8.cloudfront.net\/5\/2019\/03\/12767-klement_2-1024x683.jpg 1024w, https:\/\/d2p6e6u75xmxt8.cloudfront.net\/5\/2019\/03\/12767-klement_2-1920x1280.jpg 1920w, https:\/\/d2p6e6u75xmxt8.cloudfront.net\/5\/2019\/03\/12767-klement_2-272x182.jpg 272w, https:\/\/d2p6e6u75xmxt8.cloudfront.net\/5\/2019\/03\/12767-klement_2-1920x1280.jpg 1920w\" sizes=\"auto, (max-width: 300px) 100vw, 300px\" \/>\n\t\t\t<\/div><\/figure><figure class='gallery-item'>\n\t\t\t<div class='gallery-icon landscape'>\n\t\t\t\t<img loading=\"lazy\" decoding=\"async\" width=\"300\" height=\"200\" src=\"https:\/\/d2p6e6u75xmxt8.cloudfront.net\/5\/2019\/03\/12768-klement_20190228_01_left_on-300x200.jpg\" class=\"attachment-medium size-medium\" alt=\"\" srcset=\"https:\/\/d2p6e6u75xmxt8.cloudfront.net\/5\/2019\/03\/12768-klement_20190228_01_left_on-300x200.jpg 300w, https:\/\/d2p6e6u75xmxt8.cloudfront.net\/5\/2019\/03\/12768-klement_20190228_01_left_on-768x512.jpg 768w, https:\/\/d2p6e6u75xmxt8.cloudfront.net\/5\/2019\/03\/12768-klement_20190228_01_left_on-1024x683.jpg 1024w, https:\/\/d2p6e6u75xmxt8.cloudfront.net\/5\/2019\/03\/12768-klement_20190228_01_left_on-1920x1280.jpg 1920w, https:\/\/d2p6e6u75xmxt8.cloudfront.net\/5\/2019\/03\/12768-klement_20190228_01_left_on-272x182.jpg 272w, https:\/\/d2p6e6u75xmxt8.cloudfront.net\/5\/2019\/03\/12768-klement_20190228_01_left_on-1920x1280.jpg 1920w\" sizes=\"auto, (max-width: 300px) 100vw, 300px\" \/>\n\t\t\t<\/div><\/figure>\n\t\t<\/div>\n\n<\/div>\n<\/div>\n","protected":false},"excerpt":{"rendered":"<p>Podczas tegorocznego Salonu Samochodowego w\u00a0Genewie, \u0160koda zaprezentowa\u0142a now\u0105 koncepcje z\u00a0zakresu mikromobilno\u015bci. Symbolem tego wydarzenia by\u0142 KLEMENT, dwuko\u0142owy miejski pojazd nap\u0119dzany [&hellip;]<\/p>\n","protected":false},"author":76,"featured_media":8696,"comment_status":"open","ping_status":"open","sticky":false,"template":"","format":"standard","meta":{"footnotes":""},"categories":[226],"tags":[],"global-categories":[],"class_list":["post-8685","post","type-post","status-publish","format-standard","has-post-thumbnail","hentry","category-ciekawostki"],"yoast_head":"<!-- This site is optimized with the Yoast SEO Premium plugin v25.3 (Yoast SEO v25.9) - https:\/\/yoast.com\/wordpress\/plugins\/seo\/ -->\n<title>\u0160koda przedstawia elektryczny koncept pojazdu dwuko\u0142owego \u2013 KLEMENT - \u0160koda We Love Cycling - Poland<\/title>\n<meta name=\"robots\" content=\"index, follow, max-snippet:-1, max-image-preview:large, max-video-preview:-1\" \/>\n<link rel=\"canonical\" href=\"https:\/\/www.welovecycling.com\/pl\/2019\/03\/15\/skoda-przedstawia-elektryczny-koncept-pojazdu-dwukolowego-klement\/\" \/>\n<meta property=\"og:locale\" content=\"pl_PL\" \/>\n<meta property=\"og:type\" content=\"article\" \/>\n<meta property=\"og:title\" content=\"\u0160koda przedstawia elektryczny koncept pojazdu dwuko\u0142owego \u2013 KLEMENT\" \/>\n<meta property=\"og:description\" content=\"Podczas tegorocznego Salonu Samochodowego w\u00a0Genewie, \u0160koda zaprezentowa\u0142a now\u0105 koncepcje z\u00a0zakresu mikromobilno\u015bci. Symbolem tego wydarzenia by\u0142 KLEMENT, dwuko\u0142owy miejski pojazd nap\u0119dzany [&hellip;]\" \/>\n<meta property=\"og:url\" content=\"https:\/\/www.welovecycling.com\/pl\/2019\/03\/15\/skoda-przedstawia-elektryczny-koncept-pojazdu-dwukolowego-klement\/\" \/>\n<meta property=\"og:site_name\" content=\"\u0160koda We Love Cycling - Poland\" \/>\n<meta property=\"article:published_time\" content=\"2019-03-15T12:02:43+00:00\" \/>\n<meta property=\"og:image\" content=\"https:\/\/d2p6e6u75xmxt8.cloudfront.net\/5\/2019\/03\/2019_03_05_klement_hb.jpg\" \/>\n\t<meta property=\"og:image:width\" content=\"1920\" \/>\n\t<meta property=\"og:image:height\" content=\"530\" \/>\n\t<meta property=\"og:image:type\" content=\"image\/jpeg\" \/>\n<meta name=\"author\" content=\"piotrboczkowski\" \/>\n<meta name=\"twitter:card\" content=\"summary_large_image\" \/>\n<meta name=\"twitter:label1\" content=\"Written by\" \/>\n\t<meta name=\"twitter:data1\" content=\"Informacja prasowa\" \/>\n\t<meta name=\"twitter:label2\" content=\"Est. reading time\" \/>\n\t<meta name=\"twitter:data2\" content=\"4\" \/>\n<script type=\"application\/ld+json\" class=\"yoast-schema-graph\">{\"@context\":\"https:\/\/schema.org\",\"@graph\":[{\"@type\":\"WebPage\",\"@id\":\"https:\/\/www.welovecycling.com\/pl\/2019\/03\/15\/skoda-przedstawia-elektryczny-koncept-pojazdu-dwukolowego-klement\/\",\"url\":\"https:\/\/www.welovecycling.com\/pl\/2019\/03\/15\/skoda-przedstawia-elektryczny-koncept-pojazdu-dwukolowego-klement\/\",\"name\":\"\u0160koda przedstawia elektryczny koncept pojazdu dwuko\u0142owego \u2013 KLEMENT - \u0160koda We Love Cycling - Poland\",\"isPartOf\":{\"@id\":\"https:\/\/www.welovecycling.com\/pl\/#website\"},\"primaryImageOfPage\":{\"@id\":\"https:\/\/www.welovecycling.com\/pl\/2019\/03\/15\/skoda-przedstawia-elektryczny-koncept-pojazdu-dwukolowego-klement\/#primaryimage\"},\"image\":{\"@id\":\"https:\/\/www.welovecycling.com\/pl\/2019\/03\/15\/skoda-przedstawia-elektryczny-koncept-pojazdu-dwukolowego-klement\/#primaryimage\"},\"thumbnailUrl\":\"https:\/\/d2p6e6u75xmxt8.cloudfront.net\/5\/2019\/03\/2019_03_05_klement_hb.jpg\",\"datePublished\":\"2019-03-15T12:02:43+00:00\",\"author\":{\"@id\":\"https:\/\/www.welovecycling.com\/pl\/#\/schema\/person\/0dba2d39da943db9df3fd8f4687e7f23\"},\"breadcrumb\":{\"@id\":\"https:\/\/www.welovecycling.com\/pl\/2019\/03\/15\/skoda-przedstawia-elektryczny-koncept-pojazdu-dwukolowego-klement\/#breadcrumb\"},\"inLanguage\":\"pl-PL\",\"potentialAction\":[{\"@type\":\"ReadAction\",\"target\":[\"https:\/\/www.welovecycling.com\/pl\/2019\/03\/15\/skoda-przedstawia-elektryczny-koncept-pojazdu-dwukolowego-klement\/\"]}]},{\"@type\":\"ImageObject\",\"inLanguage\":\"pl-PL\",\"@id\":\"https:\/\/www.welovecycling.com\/pl\/2019\/03\/15\/skoda-przedstawia-elektryczny-koncept-pojazdu-dwukolowego-klement\/#primaryimage\",\"url\":\"https:\/\/d2p6e6u75xmxt8.cloudfront.net\/5\/2019\/03\/2019_03_05_klement_hb.jpg\",\"contentUrl\":\"https:\/\/d2p6e6u75xmxt8.cloudfront.net\/5\/2019\/03\/2019_03_05_klement_hb.jpg\",\"width\":1920,\"height\":530},{\"@type\":\"BreadcrumbList\",\"@id\":\"https:\/\/www.welovecycling.com\/pl\/2019\/03\/15\/skoda-przedstawia-elektryczny-koncept-pojazdu-dwukolowego-klement\/#breadcrumb\",\"itemListElement\":[{\"@type\":\"ListItem\",\"position\":1,\"name\":\"Home\",\"item\":\"https:\/\/www.welovecycling.com\/pl\/\"},{\"@type\":\"ListItem\",\"position\":2,\"name\":\"\u0160koda przedstawia elektryczny koncept pojazdu dwuko\u0142owego \u2013 KLEMENT\"}]},{\"@type\":\"WebSite\",\"@id\":\"https:\/\/www.welovecycling.com\/pl\/#website\",\"url\":\"https:\/\/www.welovecycling.com\/pl\/\",\"name\":\"\u0160koda We Love Cycling - Poland\",\"description\":\"\",\"potentialAction\":[{\"@type\":\"SearchAction\",\"target\":{\"@type\":\"EntryPoint\",\"urlTemplate\":\"https:\/\/www.welovecycling.com\/pl\/?s={search_term_string}\"},\"query-input\":{\"@type\":\"PropertyValueSpecification\",\"valueRequired\":true,\"valueName\":\"search_term_string\"}}],\"inLanguage\":\"pl-PL\"},{\"@type\":\"Person\",\"@id\":\"https:\/\/www.welovecycling.com\/pl\/#\/schema\/person\/0dba2d39da943db9df3fd8f4687e7f23\",\"name\":\"piotrboczkowski\",\"image\":{\"@type\":\"ImageObject\",\"inLanguage\":\"pl-PL\",\"@id\":\"https:\/\/www.welovecycling.com\/pl\/#\/schema\/person\/image\/\",\"url\":\"https:\/\/secure.gravatar.com\/avatar\/533caccae14752e03a2ce2d3fd62d1b98b93e1393c3195c27819e53344ca1ace?s=96&d=mm&r=g\",\"contentUrl\":\"https:\/\/secure.gravatar.com\/avatar\/533caccae14752e03a2ce2d3fd62d1b98b93e1393c3195c27819e53344ca1ace?s=96&d=mm&r=g\",\"caption\":\"piotrboczkowski\"},\"url\":\"https:\/\/www.welovecycling.com\/pl\/author\/piotrboczkowski\/\"}]}<\/script>\n<!-- \/ Yoast SEO Premium plugin. -->","yoast_head_json":{"title":"\u0160koda przedstawia elektryczny koncept pojazdu dwuko\u0142owego \u2013 KLEMENT - \u0160koda We Love Cycling - Poland","robots":{"index":"index","follow":"follow","max-snippet":"max-snippet:-1","max-image-preview":"max-image-preview:large","max-video-preview":"max-video-preview:-1"},"canonical":"https:\/\/www.welovecycling.com\/pl\/2019\/03\/15\/skoda-przedstawia-elektryczny-koncept-pojazdu-dwukolowego-klement\/","og_locale":"pl_PL","og_type":"article","og_title":"\u0160koda przedstawia elektryczny koncept pojazdu dwuko\u0142owego \u2013 KLEMENT","og_description":"Podczas tegorocznego Salonu Samochodowego w\u00a0Genewie, \u0160koda zaprezentowa\u0142a now\u0105 koncepcje z\u00a0zakresu mikromobilno\u015bci. Symbolem tego wydarzenia by\u0142 KLEMENT, dwuko\u0142owy miejski pojazd nap\u0119dzany [&hellip;]","og_url":"https:\/\/www.welovecycling.com\/pl\/2019\/03\/15\/skoda-przedstawia-elektryczny-koncept-pojazdu-dwukolowego-klement\/","og_site_name":"\u0160koda We Love Cycling - Poland","article_published_time":"2019-03-15T12:02:43+00:00","og_image":[{"width":1920,"height":530,"url":"https:\/\/d2p6e6u75xmxt8.cloudfront.net\/5\/2019\/03\/2019_03_05_klement_hb.jpg","type":"image\/jpeg"}],"author":"piotrboczkowski","twitter_card":"summary_large_image","twitter_misc":{"Written by":"Informacja prasowa","Est. reading time":"4"},"schema":{"@context":"https:\/\/schema.org","@graph":[{"@type":"WebPage","@id":"https:\/\/www.welovecycling.com\/pl\/2019\/03\/15\/skoda-przedstawia-elektryczny-koncept-pojazdu-dwukolowego-klement\/","url":"https:\/\/www.welovecycling.com\/pl\/2019\/03\/15\/skoda-przedstawia-elektryczny-koncept-pojazdu-dwukolowego-klement\/","name":"\u0160koda przedstawia elektryczny koncept pojazdu dwuko\u0142owego \u2013 KLEMENT - \u0160koda We Love Cycling - Poland","isPartOf":{"@id":"https:\/\/www.welovecycling.com\/pl\/#website"},"primaryImageOfPage":{"@id":"https:\/\/www.welovecycling.com\/pl\/2019\/03\/15\/skoda-przedstawia-elektryczny-koncept-pojazdu-dwukolowego-klement\/#primaryimage"},"image":{"@id":"https:\/\/www.welovecycling.com\/pl\/2019\/03\/15\/skoda-przedstawia-elektryczny-koncept-pojazdu-dwukolowego-klement\/#primaryimage"},"thumbnailUrl":"https:\/\/d2p6e6u75xmxt8.cloudfront.net\/5\/2019\/03\/2019_03_05_klement_hb.jpg","datePublished":"2019-03-15T12:02:43+00:00","author":{"@id":"https:\/\/www.welovecycling.com\/pl\/#\/schema\/person\/0dba2d39da943db9df3fd8f4687e7f23"},"breadcrumb":{"@id":"https:\/\/www.welovecycling.com\/pl\/2019\/03\/15\/skoda-przedstawia-elektryczny-koncept-pojazdu-dwukolowego-klement\/#breadcrumb"},"inLanguage":"pl-PL","potentialAction":[{"@type":"ReadAction","target":["https:\/\/www.welovecycling.com\/pl\/2019\/03\/15\/skoda-przedstawia-elektryczny-koncept-pojazdu-dwukolowego-klement\/"]}]},{"@type":"ImageObject","inLanguage":"pl-PL","@id":"https:\/\/www.welovecycling.com\/pl\/2019\/03\/15\/skoda-przedstawia-elektryczny-koncept-pojazdu-dwukolowego-klement\/#primaryimage","url":"https:\/\/d2p6e6u75xmxt8.cloudfront.net\/5\/2019\/03\/2019_03_05_klement_hb.jpg","contentUrl":"https:\/\/d2p6e6u75xmxt8.cloudfront.net\/5\/2019\/03\/2019_03_05_klement_hb.jpg","width":1920,"height":530},{"@type":"BreadcrumbList","@id":"https:\/\/www.welovecycling.com\/pl\/2019\/03\/15\/skoda-przedstawia-elektryczny-koncept-pojazdu-dwukolowego-klement\/#breadcrumb","itemListElement":[{"@type":"ListItem","position":1,"name":"Home","item":"https:\/\/www.welovecycling.com\/pl\/"},{"@type":"ListItem","position":2,"name":"\u0160koda przedstawia elektryczny koncept pojazdu dwuko\u0142owego \u2013 KLEMENT"}]},{"@type":"WebSite","@id":"https:\/\/www.welovecycling.com\/pl\/#website","url":"https:\/\/www.welovecycling.com\/pl\/","name":"\u0160koda We Love Cycling - Poland","description":"","potentialAction":[{"@type":"SearchAction","target":{"@type":"EntryPoint","urlTemplate":"https:\/\/www.welovecycling.com\/pl\/?s={search_term_string}"},"query-input":{"@type":"PropertyValueSpecification","valueRequired":true,"valueName":"search_term_string"}}],"inLanguage":"pl-PL"},{"@type":"Person","@id":"https:\/\/www.welovecycling.com\/pl\/#\/schema\/person\/0dba2d39da943db9df3fd8f4687e7f23","name":"piotrboczkowski","image":{"@type":"ImageObject","inLanguage":"pl-PL","@id":"https:\/\/www.welovecycling.com\/pl\/#\/schema\/person\/image\/","url":"https:\/\/secure.gravatar.com\/avatar\/533caccae14752e03a2ce2d3fd62d1b98b93e1393c3195c27819e53344ca1ace?s=96&d=mm&r=g","contentUrl":"https:\/\/secure.gravatar.com\/avatar\/533caccae14752e03a2ce2d3fd62d1b98b93e1393c3195c27819e53344ca1ace?s=96&d=mm&r=g","caption":"piotrboczkowski"},"url":"https:\/\/www.welovecycling.com\/pl\/author\/piotrboczkowski\/"}]}},"_links":{"self":[{"href":"https:\/\/www.welovecycling.com\/pl\/wp-json\/wp\/v2\/posts\/8685","targetHints":{"allow":["GET"]}}],"collection":[{"href":"https:\/\/www.welovecycling.com\/pl\/wp-json\/wp\/v2\/posts"}],"about":[{"href":"https:\/\/www.welovecycling.com\/pl\/wp-json\/wp\/v2\/types\/post"}],"author":[{"embeddable":true,"href":"https:\/\/www.welovecycling.com\/pl\/wp-json\/wp\/v2\/users\/76"}],"replies":[{"embeddable":true,"href":"https:\/\/www.welovecycling.com\/pl\/wp-json\/wp\/v2\/comments?post=8685"}],"version-history":[{"count":1,"href":"https:\/\/www.welovecycling.com\/pl\/wp-json\/wp\/v2\/posts\/8685\/revisions"}],"predecessor-version":[{"id":8697,"href":"https:\/\/www.welovecycling.com\/pl\/wp-json\/wp\/v2\/posts\/8685\/revisions\/8697"}],"wp:featuredmedia":[{"embeddable":true,"href":"https:\/\/www.welovecycling.com\/pl\/wp-json\/wp\/v2\/media\/8696"}],"wp:attachment":[{"href":"https:\/\/www.welovecycling.com\/pl\/wp-json\/wp\/v2\/media?parent=8685"}],"wp:term":[{"taxonomy":"category","embeddable":true,"href":"https:\/\/www.welovecycling.com\/pl\/wp-json\/wp\/v2\/categories?post=8685"},{"taxonomy":"post_tag","embeddable":true,"href":"https:\/\/www.welovecycling.com\/pl\/wp-json\/wp\/v2\/tags?post=8685"},{"taxonomy":"global-categories","embeddable":true,"href":"https:\/\/www.welovecycling.com\/pl\/wp-json\/wp\/v2\/global-categories?post=8685"}],"curies":[{"name":"wp","href":"https:\/\/api.w.org\/{rel}","templated":true}]}}